{"id":1472,"date":"2017-07-07T19:07:05","date_gmt":"2017-07-07T22:07:05","guid":{"rendered":"http:\/\/caririemdestaque.com\/cd\/?p=1472"},"modified":"2017-07-07T19:07:05","modified_gmt":"2017-07-07T22:07:05","slug":"cras-de-serra-branca-muda-de-localidade","status":"publish","type":"post","link":"https:\/\/noticiasemdestaque.com\/cd\/?p=1472","title":{"rendered":"CRAS de Serra Branca muda de localidade"},"content":{"rendered":"<p><a href=\"http:\/\/caririemdestaque.com\/cd\/wp-content\/uploads\/2017\/07\/cras.jpg\"><img fetchpriority=\"high\" decoding=\"async\" class=\"size-medium wp-image-1473 alignleft\" src=\"http:\/\/caririemdestaque.com\/cd\/wp-content\/uploads\/2017\/07\/cras-300x169.jpg\" alt=\"\" width=\"300\" height=\"169\" srcset=\"https:\/\/noticiasemdestaque.com\/cd\/wp-content\/uploads\/2017\/07\/cras-300x169.jpg 300w, https:\/\/noticiasemdestaque.com\/cd\/wp-content\/uploads\/2017\/07\/cras.jpg 580w\" sizes=\"(max-width: 300px) 100vw, 300px\" \/><\/a>O Centro de Refer\u00eancia de Assist\u00eancia Social CRAS que antes era localizado no Bairro dos Pereiros, ir\u00e1 ser mudado de sede, passando para ao centro do Munic\u00edpio de Serra Branca.<\/p>\n<p>A localiza\u00e7\u00e3o do CRAS \u00e9 fator determinante para que ele viabilize, de forma descentralizada, o acesso aos direitos socioassistenciais. O CRAS deve ser instalado prioritariamente em locais de maior concentra\u00e7\u00e3o de fam\u00edlias em situa\u00e7\u00e3o de vulnerabilidade, com concentra\u00e7\u00e3o de fam\u00edlias com renda per capita mensal de at\u00e9 \u00bd sal\u00e1rio m\u00ednimo, com presen\u00e7a significativa de fam\u00edlias e indiv\u00edduos benefici\u00e1rios dos programas de transfer\u00eancias de renda, como o BPC &#8211; Benef\u00edcio de Presta\u00e7\u00e3o Continuada, Bolsa Fam\u00edlia e outros, conforme indicadores definidos na Norma Operacional B\u00e1sica &#8211; NOBSUAS\/2005.<\/p>\n<p>Cada munic\u00edpio deve identificar o(s) territ\u00f3rio(s) de vulnerabilidade social e nele(s) implantar um CRAS, a fim de aproximar os servi\u00e7os oferecidos aos usu\u00e1rios.<\/p>\n<ul>\n<li>Nos casos de munic\u00edpios de Pequeno Porte I e II, o CRAS poder\u00e1 ser instalado em \u00e1reas centrais, ou seja, \u00e1reas de maior converg\u00eancia da popula\u00e7\u00e3o.<\/li>\n<li><\/li>\n<li>Nos casos de territ\u00f3rios de baixa densidade demogr\u00e1fica, com espalhamento ou dispers\u00e3o populacional (\u00e1reas rurais, comunidades ind\u00edgenas, quilombolas, calhas de rios, assentamentos etc&#8230;) o CRAS dever\u00e1 instalar-se em local de melhor acesso para a popula\u00e7\u00e3o ou poder\u00e1 realizar a cobertura dessas \u00e1reas por meio de equipes volantes.<\/li>\n<\/ul>\n<p>Portanto, n\u00e3o tem nenhum problema \u00e0 mudan\u00e7a do local, pelo fato do munic\u00edpio ter um CRAS apenas.<\/p>\n<p><em><strong>Cariri em Destaque<\/strong><\/em><\/p>\n","protected":false},"excerpt":{"rendered":"<p>O Centro de Refer\u00eancia de Assist\u00eancia Social CRAS que antes era localizado no Bairro dos Pereiros, ir\u00e1 ser mudado de sede, passando para ao centro do Munic\u00edpio de Serra Branca. A localiza\u00e7\u00e3o do CRAS \u00e9 fator determinante para que ele viabilize, de forma descentralizada, o acesso aos direitos socioassistenciais. O CRAS deve ser instalado prioritariamente em locais de maior concentra\u00e7\u00e3o de fam\u00edlias em situa\u00e7\u00e3o de vulnerabilidade, com concentra\u00e7\u00e3o de fam\u00edlias com renda per capita mensal de at\u00e9 \u00bd sal\u00e1rio m\u00ednimo, com presen\u00e7a significativa de fam\u00edlias e indiv\u00edduos benefici\u00e1rios dos programas de transfer\u00eancias de renda, como o BPC &#8211; Benef\u00edcio de Presta\u00e7\u00e3o Continuada, Bolsa Fam\u00edlia e outros, conforme indicadores definidos na Norma Operacional B\u00e1sica &#8211; NOBSUAS\/2005. Cada munic\u00edpio deve identificar o(s) territ\u00f3rio(s) de vulnerabilidade social e nele(s) implantar um CRAS, a fim de aproximar os servi\u00e7os oferecidos aos usu\u00e1rios. Nos casos de munic\u00edpios de Pequeno Porte I e II, o CRAS poder\u00e1 ser instalado em \u00e1reas centrais, ou seja, \u00e1reas de maior converg\u00eancia da popula\u00e7\u00e3o. Nos casos de territ\u00f3rios de baixa densidade demogr\u00e1fica, com espalhamento ou dispers\u00e3o populacional (\u00e1reas rurais, comunidades ind\u00edgenas, quilombolas, calhas de rios, assentamentos etc&#8230;) o CRAS dever\u00e1 instalar-se em local de melhor acesso para a popula\u00e7\u00e3o ou poder\u00e1 realizar a cobertura dessas \u00e1reas por meio de equipes volantes. Portanto, n\u00e3o tem nenhum problema \u00e0 mudan\u00e7a do local, pelo fato do munic\u00edpio ter um CRAS apenas. Cariri em Destaque<\/p>\n","protected":false},"author":2,"featured_media":1473,"comment_status":"closed","ping_status":"open","sticky":false,"template":"","format":"standard","meta":{"_eb_attr":"","_jetpack_memberships_contains_paid_content":false,"footnotes":""},"categories":[8],"tags":[],"class_list":["post-1472","post","type-post","status-publish","format-standard","has-post-thumbnail","hentry","category-saude"],"yoast_head":"<!-- This site is optimized with the Yoast SEO plugin v26.5 - https:\/\/yoast.com\/wordpress\/plugins\/seo\/ -->\n<title>CRAS de Serra Branca muda de localidade - Not&iacute;cias em Destaque<\/title>\n<meta name=\"robots\" content=\"index, follow, max-snippet:-1, max-image-preview:large, max-video-preview:-1\" \/>\n<link rel=\"canonical\" href=\"https:\/\/noticiasemdestaque.com\/cd\/?p=1472\" \/>\n<meta property=\"og:locale\" content=\"pt_BR\" \/>\n<meta property=\"og:type\" content=\"article\" \/>\n<meta property=\"og:title\" content=\"CRAS de Serra Branca muda de localidade - Not&iacute;cias em Destaque\" \/>\n<meta property=\"og:description\" content=\"O Centro de Refer\u00eancia de Assist\u00eancia Social CRAS que antes era localizado no Bairro dos Pereiros, ir\u00e1 ser mudado de sede, passando para ao centro do Munic\u00edpio de Serra Branca. A localiza\u00e7\u00e3o do CRAS \u00e9 fator determinante para que ele viabilize, de forma descentralizada, o acesso aos direitos socioassistenciais. O CRAS deve ser instalado prioritariamente em locais de maior concentra\u00e7\u00e3o de fam\u00edlias em situa\u00e7\u00e3o de vulnerabilidade, com concentra\u00e7\u00e3o de fam\u00edlias com renda per capita mensal de at\u00e9 \u00bd sal\u00e1rio m\u00ednimo, com presen\u00e7a significativa de fam\u00edlias e indiv\u00edduos benefici\u00e1rios dos programas de transfer\u00eancias de renda, como o BPC &#8211; Benef\u00edcio de Presta\u00e7\u00e3o Continuada, Bolsa Fam\u00edlia e outros, conforme indicadores definidos na Norma Operacional B\u00e1sica &#8211; NOBSUAS\/2005. Cada munic\u00edpio deve identificar o(s) territ\u00f3rio(s) de vulnerabilidade social e nele(s) implantar um CRAS, a fim de aproximar os servi\u00e7os oferecidos aos usu\u00e1rios. Nos casos de munic\u00edpios de Pequeno Porte I e II, o CRAS poder\u00e1 ser instalado em \u00e1reas centrais, ou seja, \u00e1reas de maior converg\u00eancia da popula\u00e7\u00e3o. Nos casos de territ\u00f3rios de baixa densidade demogr\u00e1fica, com espalhamento ou dispers\u00e3o populacional (\u00e1reas rurais, comunidades ind\u00edgenas, quilombolas, calhas de rios, assentamentos etc&#8230;) o CRAS dever\u00e1 instalar-se em local de melhor acesso para a popula\u00e7\u00e3o ou poder\u00e1 realizar a cobertura dessas \u00e1reas por meio de equipes volantes. Portanto, n\u00e3o tem nenhum problema \u00e0 mudan\u00e7a do local, pelo fato do munic\u00edpio ter um CRAS apenas. Cariri em Destaque\" \/>\n<meta property=\"og:url\" content=\"https:\/\/noticiasemdestaque.com\/cd\/?p=1472\" \/>\n<meta property=\"og:site_name\" content=\"Not&iacute;cias em Destaque\" \/>\n<meta property=\"article:published_time\" content=\"2017-07-07T22:07:05+00:00\" \/>\n<meta property=\"og:image\" content=\"https:\/\/noticiasemdestaque.com\/cd\/wp-content\/uploads\/2017\/07\/cras.jpg\" \/>\n\t<meta property=\"og:image:width\" content=\"580\" \/>\n\t<meta property=\"og:image:height\" content=\"327\" \/>\n\t<meta property=\"og:image:type\" content=\"image\/jpeg\" \/>\n<meta name=\"author\" content=\"Not\u00edcias em Destaque\" \/>\n<meta name=\"twitter:card\" content=\"summary_large_image\" \/>\n<meta name=\"twitter:label1\" content=\"Escrito por\" \/>\n\t<meta name=\"twitter:data1\" content=\"Not\u00edcias em Destaque\" \/>\n\t<meta name=\"twitter:label2\" content=\"Est. tempo de leitura\" \/>\n\t<meta name=\"twitter:data2\" content=\"1 minuto\" \/>\n<script type=\"application\/ld+json\" class=\"yoast-schema-graph\">{\"@context\":\"https:\/\/schema.org\",\"@graph\":[{\"@type\":\"Article\",\"@id\":\"https:\/\/noticiasemdestaque.com\/cd\/?p=1472#article\",\"isPartOf\":{\"@id\":\"https:\/\/noticiasemdestaque.com\/cd\/?p=1472\"},\"author\":{\"name\":\"Not\u00edcias em Destaque\",\"@id\":\"https:\/\/noticiasemdestaque.com\/cd\/#\/schema\/person\/4a81fb71f77579d059c3045891fa1786\"},\"headline\":\"CRAS de Serra Branca muda de localidade\",\"datePublished\":\"2017-07-07T22:07:05+00:00\",\"mainEntityOfPage\":{\"@id\":\"https:\/\/noticiasemdestaque.com\/cd\/?p=1472\"},\"wordCount\":273,\"publisher\":{\"@id\":\"https:\/\/noticiasemdestaque.com\/cd\/#organization\"},\"image\":{\"@id\":\"https:\/\/noticiasemdestaque.com\/cd\/?p=1472#primaryimage\"},\"thumbnailUrl\":\"https:\/\/noticiasemdestaque.com\/cd\/wp-content\/uploads\/2017\/07\/cras.jpg\",\"articleSection\":[\"Sa\u00fade\"],\"inLanguage\":\"pt-BR\"},{\"@type\":\"WebPage\",\"@id\":\"https:\/\/noticiasemdestaque.com\/cd\/?p=1472\",\"url\":\"https:\/\/noticiasemdestaque.com\/cd\/?p=1472\",\"name\":\"CRAS de Serra Branca muda de localidade - Not&iacute;cias em Destaque\",\"isPartOf\":{\"@id\":\"https:\/\/noticiasemdestaque.com\/cd\/#website\"},\"primaryImageOfPage\":{\"@id\":\"https:\/\/noticiasemdestaque.com\/cd\/?p=1472#primaryimage\"},\"image\":{\"@id\":\"https:\/\/noticiasemdestaque.com\/cd\/?p=1472#primaryimage\"},\"thumbnailUrl\":\"https:\/\/noticiasemdestaque.com\/cd\/wp-content\/uploads\/2017\/07\/cras.jpg\",\"datePublished\":\"2017-07-07T22:07:05+00:00\",\"breadcrumb\":{\"@id\":\"https:\/\/noticiasemdestaque.com\/cd\/?p=1472#breadcrumb\"},\"inLanguage\":\"pt-BR\",\"potentialAction\":[{\"@type\":\"ReadAction\",\"target\":[\"https:\/\/noticiasemdestaque.com\/cd\/?p=1472\"]}]},{\"@type\":\"ImageObject\",\"inLanguage\":\"pt-BR\",\"@id\":\"https:\/\/noticiasemdestaque.com\/cd\/?p=1472#primaryimage\",\"url\":\"https:\/\/noticiasemdestaque.com\/cd\/wp-content\/uploads\/2017\/07\/cras.jpg\",\"contentUrl\":\"https:\/\/noticiasemdestaque.com\/cd\/wp-content\/uploads\/2017\/07\/cras.jpg\",\"width\":580,\"height\":327},{\"@type\":\"BreadcrumbList\",\"@id\":\"https:\/\/noticiasemdestaque.com\/cd\/?p=1472#breadcrumb\",\"itemListElement\":[{\"@type\":\"ListItem\",\"position\":1,\"name\":\"In\u00edcio\",\"item\":\"https:\/\/noticiasemdestaque.com\/cd\/\"},{\"@type\":\"ListItem\",\"position\":2,\"name\":\"CRAS de Serra Branca muda de localidade\"}]},{\"@type\":\"WebSite\",\"@id\":\"https:\/\/noticiasemdestaque.com\/cd\/#website\",\"url\":\"https:\/\/noticiasemdestaque.com\/cd\/\",\"name\":\"Not&iacute;cias em Destaque\",\"description\":\"\",\"publisher\":{\"@id\":\"https:\/\/noticiasemdestaque.com\/cd\/#organization\"},\"potentialAction\":[{\"@type\":\"SearchAction\",\"target\":{\"@type\":\"EntryPoint\",\"urlTemplate\":\"https:\/\/noticiasemdestaque.com\/cd\/?s={search_term_string}\"},\"query-input\":{\"@type\":\"PropertyValueSpecification\",\"valueRequired\":true,\"valueName\":\"search_term_string\"}}],\"inLanguage\":\"pt-BR\"},{\"@type\":\"Organization\",\"@id\":\"https:\/\/noticiasemdestaque.com\/cd\/#organization\",\"name\":\"Not\u00edcias em Destaque\",\"url\":\"https:\/\/noticiasemdestaque.com\/cd\/\",\"logo\":{\"@type\":\"ImageObject\",\"inLanguage\":\"pt-BR\",\"@id\":\"https:\/\/noticiasemdestaque.com\/cd\/#\/schema\/logo\/image\/\",\"url\":\"https:\/\/noticiasemdestaque.com\/cd\/wp-content\/uploads\/2022\/05\/imagem-base-noticiasemdestaque.png\",\"contentUrl\":\"https:\/\/noticiasemdestaque.com\/cd\/wp-content\/uploads\/2022\/05\/imagem-base-noticiasemdestaque.png\",\"width\":1200,\"height\":630,\"caption\":\"Not\u00edcias em Destaque\"},\"image\":{\"@id\":\"https:\/\/noticiasemdestaque.com\/cd\/#\/schema\/logo\/image\/\"}},{\"@type\":\"Person\",\"@id\":\"https:\/\/noticiasemdestaque.com\/cd\/#\/schema\/person\/4a81fb71f77579d059c3045891fa1786\",\"name\":\"Not\u00edcias em Destaque\",\"url\":\"https:\/\/noticiasemdestaque.com\/cd\/?author=2\"}]}<\/script>\n<!-- \/ Yoast SEO plugin. -->","yoast_head_json":{"title":"CRAS de Serra Branca muda de localidade - Not&iacute;cias em Destaque","robots":{"index":"index","follow":"follow","max-snippet":"max-snippet:-1","max-image-preview":"max-image-preview:large","max-video-preview":"max-video-preview:-1"},"canonical":"https:\/\/noticiasemdestaque.com\/cd\/?p=1472","og_locale":"pt_BR","og_type":"article","og_title":"CRAS de Serra Branca muda de localidade - Not&iacute;cias em Destaque","og_description":"O Centro de Refer\u00eancia de Assist\u00eancia Social CRAS que antes era localizado no Bairro dos Pereiros, ir\u00e1 ser mudado de sede, passando para ao centro do Munic\u00edpio de Serra Branca. A localiza\u00e7\u00e3o do CRAS \u00e9 fator determinante para que ele viabilize, de forma descentralizada, o acesso aos direitos socioassistenciais. O CRAS deve ser instalado prioritariamente em locais de maior concentra\u00e7\u00e3o de fam\u00edlias em situa\u00e7\u00e3o de vulnerabilidade, com concentra\u00e7\u00e3o de fam\u00edlias com renda per capita mensal de at\u00e9 \u00bd sal\u00e1rio m\u00ednimo, com presen\u00e7a significativa de fam\u00edlias e indiv\u00edduos benefici\u00e1rios dos programas de transfer\u00eancias de renda, como o BPC &#8211; Benef\u00edcio de Presta\u00e7\u00e3o Continuada, Bolsa Fam\u00edlia e outros, conforme indicadores definidos na Norma Operacional B\u00e1sica &#8211; NOBSUAS\/2005. Cada munic\u00edpio deve identificar o(s) territ\u00f3rio(s) de vulnerabilidade social e nele(s) implantar um CRAS, a fim de aproximar os servi\u00e7os oferecidos aos usu\u00e1rios. Nos casos de munic\u00edpios de Pequeno Porte I e II, o CRAS poder\u00e1 ser instalado em \u00e1reas centrais, ou seja, \u00e1reas de maior converg\u00eancia da popula\u00e7\u00e3o. Nos casos de territ\u00f3rios de baixa densidade demogr\u00e1fica, com espalhamento ou dispers\u00e3o populacional (\u00e1reas rurais, comunidades ind\u00edgenas, quilombolas, calhas de rios, assentamentos etc&#8230;) o CRAS dever\u00e1 instalar-se em local de melhor acesso para a popula\u00e7\u00e3o ou poder\u00e1 realizar a cobertura dessas \u00e1reas por meio de equipes volantes. Portanto, n\u00e3o tem nenhum problema \u00e0 mudan\u00e7a do local, pelo fato do munic\u00edpio ter um CRAS apenas. Cariri em Destaque","og_url":"https:\/\/noticiasemdestaque.com\/cd\/?p=1472","og_site_name":"Not&iacute;cias em Destaque","article_published_time":"2017-07-07T22:07:05+00:00","og_image":[{"width":580,"height":327,"url":"https:\/\/noticiasemdestaque.com\/cd\/wp-content\/uploads\/2017\/07\/cras.jpg","type":"image\/jpeg"}],"author":"Not\u00edcias em Destaque","twitter_card":"summary_large_image","twitter_misc":{"Escrito por":"Not\u00edcias em Destaque","Est. tempo de leitura":"1 minuto"},"schema":{"@context":"https:\/\/schema.org","@graph":[{"@type":"Article","@id":"https:\/\/noticiasemdestaque.com\/cd\/?p=1472#article","isPartOf":{"@id":"https:\/\/noticiasemdestaque.com\/cd\/?p=1472"},"author":{"name":"Not\u00edcias em Destaque","@id":"https:\/\/noticiasemdestaque.com\/cd\/#\/schema\/person\/4a81fb71f77579d059c3045891fa1786"},"headline":"CRAS de Serra Branca muda de localidade","datePublished":"2017-07-07T22:07:05+00:00","mainEntityOfPage":{"@id":"https:\/\/noticiasemdestaque.com\/cd\/?p=1472"},"wordCount":273,"publisher":{"@id":"https:\/\/noticiasemdestaque.com\/cd\/#organization"},"image":{"@id":"https:\/\/noticiasemdestaque.com\/cd\/?p=1472#primaryimage"},"thumbnailUrl":"https:\/\/noticiasemdestaque.com\/cd\/wp-content\/uploads\/2017\/07\/cras.jpg","articleSection":["Sa\u00fade"],"inLanguage":"pt-BR"},{"@type":"WebPage","@id":"https:\/\/noticiasemdestaque.com\/cd\/?p=1472","url":"https:\/\/noticiasemdestaque.com\/cd\/?p=1472","name":"CRAS de Serra Branca muda de localidade - Not&iacute;cias em Destaque","isPartOf":{"@id":"https:\/\/noticiasemdestaque.com\/cd\/#website"},"primaryImageOfPage":{"@id":"https:\/\/noticiasemdestaque.com\/cd\/?p=1472#primaryimage"},"image":{"@id":"https:\/\/noticiasemdestaque.com\/cd\/?p=1472#primaryimage"},"thumbnailUrl":"https:\/\/noticiasemdestaque.com\/cd\/wp-content\/uploads\/2017\/07\/cras.jpg","datePublished":"2017-07-07T22:07:05+00:00","breadcrumb":{"@id":"https:\/\/noticiasemdestaque.com\/cd\/?p=1472#breadcrumb"},"inLanguage":"pt-BR","potentialAction":[{"@type":"ReadAction","target":["https:\/\/noticiasemdestaque.com\/cd\/?p=1472"]}]},{"@type":"ImageObject","inLanguage":"pt-BR","@id":"https:\/\/noticiasemdestaque.com\/cd\/?p=1472#primaryimage","url":"https:\/\/noticiasemdestaque.com\/cd\/wp-content\/uploads\/2017\/07\/cras.jpg","contentUrl":"https:\/\/noticiasemdestaque.com\/cd\/wp-content\/uploads\/2017\/07\/cras.jpg","width":580,"height":327},{"@type":"BreadcrumbList","@id":"https:\/\/noticiasemdestaque.com\/cd\/?p=1472#breadcrumb","itemListElement":[{"@type":"ListItem","position":1,"name":"In\u00edcio","item":"https:\/\/noticiasemdestaque.com\/cd\/"},{"@type":"ListItem","position":2,"name":"CRAS de Serra Branca muda de localidade"}]},{"@type":"WebSite","@id":"https:\/\/noticiasemdestaque.com\/cd\/#website","url":"https:\/\/noticiasemdestaque.com\/cd\/","name":"Not&iacute;cias em Destaque","description":"","publisher":{"@id":"https:\/\/noticiasemdestaque.com\/cd\/#organization"},"potentialAction":[{"@type":"SearchAction","target":{"@type":"EntryPoint","urlTemplate":"https:\/\/noticiasemdestaque.com\/cd\/?s={search_term_string}"},"query-input":{"@type":"PropertyValueSpecification","valueRequired":true,"valueName":"search_term_string"}}],"inLanguage":"pt-BR"},{"@type":"Organization","@id":"https:\/\/noticiasemdestaque.com\/cd\/#organization","name":"Not\u00edcias em Destaque","url":"https:\/\/noticiasemdestaque.com\/cd\/","logo":{"@type":"ImageObject","inLanguage":"pt-BR","@id":"https:\/\/noticiasemdestaque.com\/cd\/#\/schema\/logo\/image\/","url":"https:\/\/noticiasemdestaque.com\/cd\/wp-content\/uploads\/2022\/05\/imagem-base-noticiasemdestaque.png","contentUrl":"https:\/\/noticiasemdestaque.com\/cd\/wp-content\/uploads\/2022\/05\/imagem-base-noticiasemdestaque.png","width":1200,"height":630,"caption":"Not\u00edcias em Destaque"},"image":{"@id":"https:\/\/noticiasemdestaque.com\/cd\/#\/schema\/logo\/image\/"}},{"@type":"Person","@id":"https:\/\/noticiasemdestaque.com\/cd\/#\/schema\/person\/4a81fb71f77579d059c3045891fa1786","name":"Not\u00edcias em Destaque","url":"https:\/\/noticiasemdestaque.com\/cd\/?author=2"}]}},"jetpack_featured_media_url":"https:\/\/noticiasemdestaque.com\/cd\/wp-content\/uploads\/2017\/07\/cras.jpg","jetpack_sharing_enabled":true,"_links":{"self":[{"href":"https:\/\/noticiasemdestaque.com\/cd\/index.php?rest_route=\/wp\/v2\/posts\/1472","targetHints":{"allow":["GET"]}}],"collection":[{"href":"https:\/\/noticiasemdestaque.com\/cd\/index.php?rest_route=\/wp\/v2\/posts"}],"about":[{"href":"https:\/\/noticiasemdestaque.com\/cd\/index.php?rest_route=\/wp\/v2\/types\/post"}],"author":[{"embeddable":true,"href":"https:\/\/noticiasemdestaque.com\/cd\/index.php?rest_route=\/wp\/v2\/users\/2"}],"replies":[{"embeddable":true,"href":"https:\/\/noticiasemdestaque.com\/cd\/index.php?rest_route=%2Fwp%2Fv2%2Fcomments&post=1472"}],"version-history":[{"count":1,"href":"https:\/\/noticiasemdestaque.com\/cd\/index.php?rest_route=\/wp\/v2\/posts\/1472\/revisions"}],"predecessor-version":[{"id":1474,"href":"https:\/\/noticiasemdestaque.com\/cd\/index.php?rest_route=\/wp\/v2\/posts\/1472\/revisions\/1474"}],"wp:featuredmedia":[{"embeddable":true,"href":"https:\/\/noticiasemdestaque.com\/cd\/index.php?rest_route=\/wp\/v2\/media\/1473"}],"wp:attachment":[{"href":"https:\/\/noticiasemdestaque.com\/cd\/index.php?rest_route=%2Fwp%2Fv2%2Fmedia&parent=1472"}],"wp:term":[{"taxonomy":"category","embeddable":true,"href":"https:\/\/noticiasemdestaque.com\/cd\/index.php?rest_route=%2Fwp%2Fv2%2Fcategories&post=1472"},{"taxonomy":"post_tag","embeddable":true,"href":"https:\/\/noticiasemdestaque.com\/cd\/index.php?rest_route=%2Fwp%2Fv2%2Ftags&post=1472"}],"curies":[{"name":"wp","href":"https:\/\/api.w.org\/{rel}","templated":true}]}}