{"id":1469,"date":"2017-07-07T18:58:47","date_gmt":"2017-07-07T21:58:47","guid":{"rendered":"http:\/\/caririemdestaque.com\/cd\/?p=1469"},"modified":"2017-07-07T18:58:47","modified_gmt":"2017-07-07T21:58:47","slug":"tjpb-divulga-segunda-nova-lista-de-acusados-de-improbidade-na-paraiba","status":"publish","type":"post","link":"https:\/\/noticiasemdestaque.com\/cd\/?p=1469","title":{"rendered":"TJPB divulga segunda nova lista de acusados de improbidade na Para\u00edba"},"content":{"rendered":"<p><a href=\"http:\/\/caririemdestaque.com\/cd\/wp-content\/uploads\/2017\/07\/16609536280003622710000.jpg\"><img fetchpriority=\"high\" decoding=\"async\" class=\"size-medium wp-image-1470 alignleft\" src=\"http:\/\/caririemdestaque.com\/cd\/wp-content\/uploads\/2017\/07\/16609536280003622710000-300x225.jpg\" alt=\"\" width=\"300\" height=\"225\" srcset=\"https:\/\/noticiasemdestaque.com\/cd\/wp-content\/uploads\/2017\/07\/16609536280003622710000-300x225.jpg 300w, https:\/\/noticiasemdestaque.com\/cd\/wp-content\/uploads\/2017\/07\/16609536280003622710000-200x150.jpg 200w, https:\/\/noticiasemdestaque.com\/cd\/wp-content\/uploads\/2017\/07\/16609536280003622710000.jpg 362w\" sizes=\"(max-width: 300px) 100vw, 300px\" \/><\/a>O Tribunal de Justi\u00e7a da Para\u00edba divulga nesta segunda-feira (10), o 3\u00ba lote da Meta 4 do Conselho Nacional de Justi\u00e7a (CNJ), que diz respeito a julgamento de a\u00e7\u00f5es de improbidade administrativa e crimes contra a Administra\u00e7\u00e3o P\u00fablica. O an\u00fancio ser\u00e1 feito, \u00e0s 9h, no F\u00f3rum Affonso Campos, em Campina Grande, pelo juiz Ant\u00f4nio Carneiro, coordenador da referida Meta no \u00e2mbito do Poder Judici\u00e1rio estadual.<\/p>\n<p>A \u00faltima divulga\u00e7\u00e3o (2\u00ba lote) ocorreu no dia 5 de junho, no F\u00f3rum C\u00edvel da Capital. De acordo com o juiz Ant\u00f4nio Carneiro, os trabalhos inerentes ao julgamento das a\u00e7\u00f5es da Meta 4 est\u00e3o fluindo de forma \u201ctranquila\u201d no Judici\u00e1rio estadual.<\/p>\n<p>O trabalho do grupo de ju\u00edzes da Meta 4 consiste em julgar processos relativos \u00e0 Meta em quest\u00e3o, que tramitam em todas as comarcas do estado. \u201cTodas as comarcas s\u00e3o visitadas pelo grupo de ju\u00edzes e a inten\u00e7\u00e3o \u00e9 fazer com que finalizemos 2017 com a meta plenamente atingida\u201d, acrescentou Ant\u00f4nio Carneiro.<\/p>\n<p>A equipe de trabalho da Meta 4 \u00e9 composta pelos seguintes magistrados: Ant\u00f4nio Eug\u00eanio, Hugo Zaher, Ja\u00edlson Shizue, K\u00e9ops de Vasconcelos, Renata C\u00e2mara e R\u00fasio Lima.<\/p>\n","protected":false},"excerpt":{"rendered":"<p>O Tribunal de Justi\u00e7a da Para\u00edba divulga nesta segunda-feira (10), o 3\u00ba lote da Meta 4 do Conselho Nacional de Justi\u00e7a (CNJ), que diz respeito a julgamento de a\u00e7\u00f5es de improbidade administrativa e crimes contra a Administra\u00e7\u00e3o P\u00fablica. O an\u00fancio ser\u00e1 feito, \u00e0s 9h, no F\u00f3rum Affonso Campos, em Campina Grande, pelo juiz Ant\u00f4nio Carneiro, coordenador da referida Meta no \u00e2mbito do Poder Judici\u00e1rio estadual. A \u00faltima divulga\u00e7\u00e3o (2\u00ba lote) ocorreu no dia 5 de junho, no F\u00f3rum C\u00edvel da Capital. De acordo com o juiz Ant\u00f4nio Carneiro, os trabalhos inerentes ao julgamento das a\u00e7\u00f5es da Meta 4 est\u00e3o fluindo de forma \u201ctranquila\u201d no Judici\u00e1rio estadual. O trabalho do grupo de ju\u00edzes da Meta 4 consiste em julgar processos relativos \u00e0 Meta em quest\u00e3o, que tramitam em todas as comarcas do estado. \u201cTodas as comarcas s\u00e3o visitadas pelo grupo de ju\u00edzes e a inten\u00e7\u00e3o \u00e9 fazer com que finalizemos 2017 com a meta plenamente atingida\u201d, acrescentou Ant\u00f4nio Carneiro. A equipe de trabalho da Meta 4 \u00e9 composta pelos seguintes magistrados: Ant\u00f4nio Eug\u00eanio, Hugo Zaher, Ja\u00edlson Shizue, K\u00e9ops de Vasconcelos, Renata C\u00e2mara e R\u00fasio Lima.<\/p>\n","protected":false},"author":2,"featured_media":1470,"comment_status":"closed","ping_status":"open","sticky":false,"template":"","format":"standard","meta":{"_eb_attr":"","_jetpack_memberships_contains_paid_content":false,"footnotes":""},"categories":[4],"tags":[],"class_list":["post-1469","post","type-post","status-publish","format-standard","has-post-thumbnail","hentry","category-politica"],"yoast_head":"<!-- This site is optimized with the Yoast SEO plugin v26.5 - https:\/\/yoast.com\/wordpress\/plugins\/seo\/ -->\n<title>TJPB divulga segunda nova lista de acusados de improbidade na Para\u00edba - Not&iacute;cias em Destaque<\/title>\n<meta name=\"robots\" content=\"index, follow, max-snippet:-1, max-image-preview:large, max-video-preview:-1\" \/>\n<link rel=\"canonical\" href=\"https:\/\/noticiasemdestaque.com\/cd\/?p=1469\" \/>\n<meta property=\"og:locale\" content=\"pt_BR\" \/>\n<meta property=\"og:type\" content=\"article\" \/>\n<meta property=\"og:title\" content=\"TJPB divulga segunda nova lista de acusados de improbidade na Para\u00edba - Not&iacute;cias em Destaque\" \/>\n<meta property=\"og:description\" content=\"O Tribunal de Justi\u00e7a da Para\u00edba divulga nesta segunda-feira (10), o 3\u00ba lote da Meta 4 do Conselho Nacional de Justi\u00e7a (CNJ), que diz respeito a julgamento de a\u00e7\u00f5es de improbidade administrativa e crimes contra a Administra\u00e7\u00e3o P\u00fablica. O an\u00fancio ser\u00e1 feito, \u00e0s 9h, no F\u00f3rum Affonso Campos, em Campina Grande, pelo juiz Ant\u00f4nio Carneiro, coordenador da referida Meta no \u00e2mbito do Poder Judici\u00e1rio estadual. A \u00faltima divulga\u00e7\u00e3o (2\u00ba lote) ocorreu no dia 5 de junho, no F\u00f3rum C\u00edvel da Capital. De acordo com o juiz Ant\u00f4nio Carneiro, os trabalhos inerentes ao julgamento das a\u00e7\u00f5es da Meta 4 est\u00e3o fluindo de forma \u201ctranquila\u201d no Judici\u00e1rio estadual. O trabalho do grupo de ju\u00edzes da Meta 4 consiste em julgar processos relativos \u00e0 Meta em quest\u00e3o, que tramitam em todas as comarcas do estado. \u201cTodas as comarcas s\u00e3o visitadas pelo grupo de ju\u00edzes e a inten\u00e7\u00e3o \u00e9 fazer com que finalizemos 2017 com a meta plenamente atingida\u201d, acrescentou Ant\u00f4nio Carneiro. A equipe de trabalho da Meta 4 \u00e9 composta pelos seguintes magistrados: Ant\u00f4nio Eug\u00eanio, Hugo Zaher, Ja\u00edlson Shizue, K\u00e9ops de Vasconcelos, Renata C\u00e2mara e R\u00fasio Lima.\" \/>\n<meta property=\"og:url\" content=\"https:\/\/noticiasemdestaque.com\/cd\/?p=1469\" \/>\n<meta property=\"og:site_name\" content=\"Not&iacute;cias em Destaque\" \/>\n<meta property=\"article:published_time\" content=\"2017-07-07T21:58:47+00:00\" \/>\n<meta property=\"og:image\" content=\"https:\/\/noticiasemdestaque.com\/cd\/wp-content\/uploads\/2017\/07\/16609536280003622710000.jpg\" \/>\n\t<meta property=\"og:image:width\" content=\"362\" \/>\n\t<meta property=\"og:image:height\" content=\"271\" \/>\n\t<meta property=\"og:image:type\" content=\"image\/jpeg\" \/>\n<meta name=\"author\" content=\"Not\u00edcias em Destaque\" \/>\n<meta name=\"twitter:card\" content=\"summary_large_image\" \/>\n<meta name=\"twitter:label1\" content=\"Escrito por\" \/>\n\t<meta name=\"twitter:data1\" content=\"Not\u00edcias em Destaque\" \/>\n\t<meta name=\"twitter:label2\" content=\"Est. tempo de leitura\" \/>\n\t<meta name=\"twitter:data2\" content=\"1 minuto\" \/>\n<script type=\"application\/ld+json\" class=\"yoast-schema-graph\">{\"@context\":\"https:\/\/schema.org\",\"@graph\":[{\"@type\":\"Article\",\"@id\":\"https:\/\/noticiasemdestaque.com\/cd\/?p=1469#article\",\"isPartOf\":{\"@id\":\"https:\/\/noticiasemdestaque.com\/cd\/?p=1469\"},\"author\":{\"name\":\"Not\u00edcias em Destaque\",\"@id\":\"https:\/\/noticiasemdestaque.com\/cd\/#\/schema\/person\/4a81fb71f77579d059c3045891fa1786\"},\"headline\":\"TJPB divulga segunda nova lista de acusados de improbidade na Para\u00edba\",\"datePublished\":\"2017-07-07T21:58:47+00:00\",\"mainEntityOfPage\":{\"@id\":\"https:\/\/noticiasemdestaque.com\/cd\/?p=1469\"},\"wordCount\":213,\"publisher\":{\"@id\":\"https:\/\/noticiasemdestaque.com\/cd\/#organization\"},\"image\":{\"@id\":\"https:\/\/noticiasemdestaque.com\/cd\/?p=1469#primaryimage\"},\"thumbnailUrl\":\"https:\/\/noticiasemdestaque.com\/cd\/wp-content\/uploads\/2017\/07\/16609536280003622710000.jpg\",\"articleSection\":[\"Pol\u00edtica\"],\"inLanguage\":\"pt-BR\"},{\"@type\":\"WebPage\",\"@id\":\"https:\/\/noticiasemdestaque.com\/cd\/?p=1469\",\"url\":\"https:\/\/noticiasemdestaque.com\/cd\/?p=1469\",\"name\":\"TJPB divulga segunda nova lista de acusados de improbidade na Para\u00edba - Not&iacute;cias em Destaque\",\"isPartOf\":{\"@id\":\"https:\/\/noticiasemdestaque.com\/cd\/#website\"},\"primaryImageOfPage\":{\"@id\":\"https:\/\/noticiasemdestaque.com\/cd\/?p=1469#primaryimage\"},\"image\":{\"@id\":\"https:\/\/noticiasemdestaque.com\/cd\/?p=1469#primaryimage\"},\"thumbnailUrl\":\"https:\/\/noticiasemdestaque.com\/cd\/wp-content\/uploads\/2017\/07\/16609536280003622710000.jpg\",\"datePublished\":\"2017-07-07T21:58:47+00:00\",\"breadcrumb\":{\"@id\":\"https:\/\/noticiasemdestaque.com\/cd\/?p=1469#breadcrumb\"},\"inLanguage\":\"pt-BR\",\"potentialAction\":[{\"@type\":\"ReadAction\",\"target\":[\"https:\/\/noticiasemdestaque.com\/cd\/?p=1469\"]}]},{\"@type\":\"ImageObject\",\"inLanguage\":\"pt-BR\",\"@id\":\"https:\/\/noticiasemdestaque.com\/cd\/?p=1469#primaryimage\",\"url\":\"https:\/\/noticiasemdestaque.com\/cd\/wp-content\/uploads\/2017\/07\/16609536280003622710000.jpg\",\"contentUrl\":\"https:\/\/noticiasemdestaque.com\/cd\/wp-content\/uploads\/2017\/07\/16609536280003622710000.jpg\",\"width\":362,\"height\":271},{\"@type\":\"BreadcrumbList\",\"@id\":\"https:\/\/noticiasemdestaque.com\/cd\/?p=1469#breadcrumb\",\"itemListElement\":[{\"@type\":\"ListItem\",\"position\":1,\"name\":\"In\u00edcio\",\"item\":\"https:\/\/noticiasemdestaque.com\/cd\/\"},{\"@type\":\"ListItem\",\"position\":2,\"name\":\"TJPB divulga segunda nova lista de acusados de improbidade na Para\u00edba\"}]},{\"@type\":\"WebSite\",\"@id\":\"https:\/\/noticiasemdestaque.com\/cd\/#website\",\"url\":\"https:\/\/noticiasemdestaque.com\/cd\/\",\"name\":\"Not&iacute;cias em Destaque\",\"description\":\"\",\"publisher\":{\"@id\":\"https:\/\/noticiasemdestaque.com\/cd\/#organization\"},\"potentialAction\":[{\"@type\":\"SearchAction\",\"target\":{\"@type\":\"EntryPoint\",\"urlTemplate\":\"https:\/\/noticiasemdestaque.com\/cd\/?s={search_term_string}\"},\"query-input\":{\"@type\":\"PropertyValueSpecification\",\"valueRequired\":true,\"valueName\":\"search_term_string\"}}],\"inLanguage\":\"pt-BR\"},{\"@type\":\"Organization\",\"@id\":\"https:\/\/noticiasemdestaque.com\/cd\/#organization\",\"name\":\"Not\u00edcias em Destaque\",\"url\":\"https:\/\/noticiasemdestaque.com\/cd\/\",\"logo\":{\"@type\":\"ImageObject\",\"inLanguage\":\"pt-BR\",\"@id\":\"https:\/\/noticiasemdestaque.com\/cd\/#\/schema\/logo\/image\/\",\"url\":\"https:\/\/noticiasemdestaque.com\/cd\/wp-content\/uploads\/2022\/05\/imagem-base-noticiasemdestaque.png\",\"contentUrl\":\"https:\/\/noticiasemdestaque.com\/cd\/wp-content\/uploads\/2022\/05\/imagem-base-noticiasemdestaque.png\",\"width\":1200,\"height\":630,\"caption\":\"Not\u00edcias em Destaque\"},\"image\":{\"@id\":\"https:\/\/noticiasemdestaque.com\/cd\/#\/schema\/logo\/image\/\"}},{\"@type\":\"Person\",\"@id\":\"https:\/\/noticiasemdestaque.com\/cd\/#\/schema\/person\/4a81fb71f77579d059c3045891fa1786\",\"name\":\"Not\u00edcias em Destaque\",\"url\":\"https:\/\/noticiasemdestaque.com\/cd\/?author=2\"}]}<\/script>\n<!-- \/ Yoast SEO plugin. -->","yoast_head_json":{"title":"TJPB divulga segunda nova lista de acusados de improbidade na Para\u00edba - Not&iacute;cias em Destaque","robots":{"index":"index","follow":"follow","max-snippet":"max-snippet:-1","max-image-preview":"max-image-preview:large","max-video-preview":"max-video-preview:-1"},"canonical":"https:\/\/noticiasemdestaque.com\/cd\/?p=1469","og_locale":"pt_BR","og_type":"article","og_title":"TJPB divulga segunda nova lista de acusados de improbidade na Para\u00edba - Not&iacute;cias em Destaque","og_description":"O Tribunal de Justi\u00e7a da Para\u00edba divulga nesta segunda-feira (10), o 3\u00ba lote da Meta 4 do Conselho Nacional de Justi\u00e7a (CNJ), que diz respeito a julgamento de a\u00e7\u00f5es de improbidade administrativa e crimes contra a Administra\u00e7\u00e3o P\u00fablica. O an\u00fancio ser\u00e1 feito, \u00e0s 9h, no F\u00f3rum Affonso Campos, em Campina Grande, pelo juiz Ant\u00f4nio Carneiro, coordenador da referida Meta no \u00e2mbito do Poder Judici\u00e1rio estadual. A \u00faltima divulga\u00e7\u00e3o (2\u00ba lote) ocorreu no dia 5 de junho, no F\u00f3rum C\u00edvel da Capital. De acordo com o juiz Ant\u00f4nio Carneiro, os trabalhos inerentes ao julgamento das a\u00e7\u00f5es da Meta 4 est\u00e3o fluindo de forma \u201ctranquila\u201d no Judici\u00e1rio estadual. O trabalho do grupo de ju\u00edzes da Meta 4 consiste em julgar processos relativos \u00e0 Meta em quest\u00e3o, que tramitam em todas as comarcas do estado. \u201cTodas as comarcas s\u00e3o visitadas pelo grupo de ju\u00edzes e a inten\u00e7\u00e3o \u00e9 fazer com que finalizemos 2017 com a meta plenamente atingida\u201d, acrescentou Ant\u00f4nio Carneiro. A equipe de trabalho da Meta 4 \u00e9 composta pelos seguintes magistrados: Ant\u00f4nio Eug\u00eanio, Hugo Zaher, Ja\u00edlson Shizue, K\u00e9ops de Vasconcelos, Renata C\u00e2mara e R\u00fasio Lima.","og_url":"https:\/\/noticiasemdestaque.com\/cd\/?p=1469","og_site_name":"Not&iacute;cias em Destaque","article_published_time":"2017-07-07T21:58:47+00:00","og_image":[{"width":362,"height":271,"url":"https:\/\/noticiasemdestaque.com\/cd\/wp-content\/uploads\/2017\/07\/16609536280003622710000.jpg","type":"image\/jpeg"}],"author":"Not\u00edcias em Destaque","twitter_card":"summary_large_image","twitter_misc":{"Escrito por":"Not\u00edcias em Destaque","Est. tempo de leitura":"1 minuto"},"schema":{"@context":"https:\/\/schema.org","@graph":[{"@type":"Article","@id":"https:\/\/noticiasemdestaque.com\/cd\/?p=1469#article","isPartOf":{"@id":"https:\/\/noticiasemdestaque.com\/cd\/?p=1469"},"author":{"name":"Not\u00edcias em Destaque","@id":"https:\/\/noticiasemdestaque.com\/cd\/#\/schema\/person\/4a81fb71f77579d059c3045891fa1786"},"headline":"TJPB divulga segunda nova lista de acusados de improbidade na Para\u00edba","datePublished":"2017-07-07T21:58:47+00:00","mainEntityOfPage":{"@id":"https:\/\/noticiasemdestaque.com\/cd\/?p=1469"},"wordCount":213,"publisher":{"@id":"https:\/\/noticiasemdestaque.com\/cd\/#organization"},"image":{"@id":"https:\/\/noticiasemdestaque.com\/cd\/?p=1469#primaryimage"},"thumbnailUrl":"https:\/\/noticiasemdestaque.com\/cd\/wp-content\/uploads\/2017\/07\/16609536280003622710000.jpg","articleSection":["Pol\u00edtica"],"inLanguage":"pt-BR"},{"@type":"WebPage","@id":"https:\/\/noticiasemdestaque.com\/cd\/?p=1469","url":"https:\/\/noticiasemdestaque.com\/cd\/?p=1469","name":"TJPB divulga segunda nova lista de acusados de improbidade na Para\u00edba - Not&iacute;cias em Destaque","isPartOf":{"@id":"https:\/\/noticiasemdestaque.com\/cd\/#website"},"primaryImageOfPage":{"@id":"https:\/\/noticiasemdestaque.com\/cd\/?p=1469#primaryimage"},"image":{"@id":"https:\/\/noticiasemdestaque.com\/cd\/?p=1469#primaryimage"},"thumbnailUrl":"https:\/\/noticiasemdestaque.com\/cd\/wp-content\/uploads\/2017\/07\/16609536280003622710000.jpg","datePublished":"2017-07-07T21:58:47+00:00","breadcrumb":{"@id":"https:\/\/noticiasemdestaque.com\/cd\/?p=1469#breadcrumb"},"inLanguage":"pt-BR","potentialAction":[{"@type":"ReadAction","target":["https:\/\/noticiasemdestaque.com\/cd\/?p=1469"]}]},{"@type":"ImageObject","inLanguage":"pt-BR","@id":"https:\/\/noticiasemdestaque.com\/cd\/?p=1469#primaryimage","url":"https:\/\/noticiasemdestaque.com\/cd\/wp-content\/uploads\/2017\/07\/16609536280003622710000.jpg","contentUrl":"https:\/\/noticiasemdestaque.com\/cd\/wp-content\/uploads\/2017\/07\/16609536280003622710000.jpg","width":362,"height":271},{"@type":"BreadcrumbList","@id":"https:\/\/noticiasemdestaque.com\/cd\/?p=1469#breadcrumb","itemListElement":[{"@type":"ListItem","position":1,"name":"In\u00edcio","item":"https:\/\/noticiasemdestaque.com\/cd\/"},{"@type":"ListItem","position":2,"name":"TJPB divulga segunda nova lista de acusados de improbidade na Para\u00edba"}]},{"@type":"WebSite","@id":"https:\/\/noticiasemdestaque.com\/cd\/#website","url":"https:\/\/noticiasemdestaque.com\/cd\/","name":"Not&iacute;cias em Destaque","description":"","publisher":{"@id":"https:\/\/noticiasemdestaque.com\/cd\/#organization"},"potentialAction":[{"@type":"SearchAction","target":{"@type":"EntryPoint","urlTemplate":"https:\/\/noticiasemdestaque.com\/cd\/?s={search_term_string}"},"query-input":{"@type":"PropertyValueSpecification","valueRequired":true,"valueName":"search_term_string"}}],"inLanguage":"pt-BR"},{"@type":"Organization","@id":"https:\/\/noticiasemdestaque.com\/cd\/#organization","name":"Not\u00edcias em Destaque","url":"https:\/\/noticiasemdestaque.com\/cd\/","logo":{"@type":"ImageObject","inLanguage":"pt-BR","@id":"https:\/\/noticiasemdestaque.com\/cd\/#\/schema\/logo\/image\/","url":"https:\/\/noticiasemdestaque.com\/cd\/wp-content\/uploads\/2022\/05\/imagem-base-noticiasemdestaque.png","contentUrl":"https:\/\/noticiasemdestaque.com\/cd\/wp-content\/uploads\/2022\/05\/imagem-base-noticiasemdestaque.png","width":1200,"height":630,"caption":"Not\u00edcias em Destaque"},"image":{"@id":"https:\/\/noticiasemdestaque.com\/cd\/#\/schema\/logo\/image\/"}},{"@type":"Person","@id":"https:\/\/noticiasemdestaque.com\/cd\/#\/schema\/person\/4a81fb71f77579d059c3045891fa1786","name":"Not\u00edcias em Destaque","url":"https:\/\/noticiasemdestaque.com\/cd\/?author=2"}]}},"jetpack_featured_media_url":"https:\/\/noticiasemdestaque.com\/cd\/wp-content\/uploads\/2017\/07\/16609536280003622710000.jpg","jetpack_sharing_enabled":true,"_links":{"self":[{"href":"https:\/\/noticiasemdestaque.com\/cd\/index.php?rest_route=\/wp\/v2\/posts\/1469","targetHints":{"allow":["GET"]}}],"collection":[{"href":"https:\/\/noticiasemdestaque.com\/cd\/index.php?rest_route=\/wp\/v2\/posts"}],"about":[{"href":"https:\/\/noticiasemdestaque.com\/cd\/index.php?rest_route=\/wp\/v2\/types\/post"}],"author":[{"embeddable":true,"href":"https:\/\/noticiasemdestaque.com\/cd\/index.php?rest_route=\/wp\/v2\/users\/2"}],"replies":[{"embeddable":true,"href":"https:\/\/noticiasemdestaque.com\/cd\/index.php?rest_route=%2Fwp%2Fv2%2Fcomments&post=1469"}],"version-history":[{"count":1,"href":"https:\/\/noticiasemdestaque.com\/cd\/index.php?rest_route=\/wp\/v2\/posts\/1469\/revisions"}],"predecessor-version":[{"id":1471,"href":"https:\/\/noticiasemdestaque.com\/cd\/index.php?rest_route=\/wp\/v2\/posts\/1469\/revisions\/1471"}],"wp:featuredmedia":[{"embeddable":true,"href":"https:\/\/noticiasemdestaque.com\/cd\/index.php?rest_route=\/wp\/v2\/media\/1470"}],"wp:attachment":[{"href":"https:\/\/noticiasemdestaque.com\/cd\/index.php?rest_route=%2Fwp%2Fv2%2Fmedia&parent=1469"}],"wp:term":[{"taxonomy":"category","embeddable":true,"href":"https:\/\/noticiasemdestaque.com\/cd\/index.php?rest_route=%2Fwp%2Fv2%2Fcategories&post=1469"},{"taxonomy":"post_tag","embeddable":true,"href":"https:\/\/noticiasemdestaque.com\/cd\/index.php?rest_route=%2Fwp%2Fv2%2Ftags&post=1469"}],"curies":[{"name":"wp","href":"https:\/\/api.w.org\/{rel}","templated":true}]}}