{"id":14674,"date":"2019-01-01T20:05:02","date_gmt":"2019-01-01T23:05:02","guid":{"rendered":"http:\/\/noticiasemdestaque.com\/cd\/?p=14674"},"modified":"2019-01-01T20:05:02","modified_gmt":"2019-01-01T23:05:02","slug":"bolsonaro-vai-assinar-salario-minimo-de-r-998","status":"publish","type":"post","link":"https:\/\/noticiasemdestaque.com\/cd\/?p=14674","title":{"rendered":"Bolsonaro vai assinar sal\u00e1rio m\u00ednimo de R$ 998"},"content":{"rendered":"<p><a href=\"https:\/\/noticiasemdestaque.com\/cd\/wp-content\/uploads\/2019\/01\/dinheiro-salario-salario-minimo-pis-abono-remuneracao-imposto-de-renda-03092018170026591.jpeg\"><img fetchpriority=\"high\" decoding=\"async\" class=\"size-full wp-image-14675 aligncenter\" src=\"https:\/\/noticiasemdestaque.com\/cd\/wp-content\/uploads\/2019\/01\/dinheiro-salario-salario-minimo-pis-abono-remuneracao-imposto-de-renda-03092018170026591.jpeg\" alt=\"\" width=\"460\" height=\"305\" srcset=\"https:\/\/noticiasemdestaque.com\/cd\/wp-content\/uploads\/2019\/01\/dinheiro-salario-salario-minimo-pis-abono-remuneracao-imposto-de-renda-03092018170026591.jpeg 460w, https:\/\/noticiasemdestaque.com\/cd\/wp-content\/uploads\/2019\/01\/dinheiro-salario-salario-minimo-pis-abono-remuneracao-imposto-de-renda-03092018170026591-300x199.jpeg 300w\" sizes=\"(max-width: 460px) 100vw, 460px\" \/><\/a><\/p>\n<p>O presidente Jair Bolsonaro ir\u00e1 assinar nas pr\u00f3ximas horas o decreto com o valor do sal\u00e1rio m\u00ednimo de R$ 998. O valor \u00e9 o que consta na LDO (Lei de Diretrizes Or\u00e7ament\u00e1rias) aprovada em julho pelo Congresso e representa um aumento de 4,6% do valor atual, de R$ 954.<\/p>\n<p>A decis\u00e3o coube a Bolsonaro no primeiro dia como presidente empossado porque\u00a0Temer n\u00e3o assinou o decreto\u00a0antes de deixar o mandato presidencial.<\/p>\n<p>O Ploa (Projeto de Lei Or\u00e7ament\u00e1ria Anual) de 2019 aprovado pelo Congresso Nacional estabelecia que o sal\u00e1rio m\u00ednimo deveria subir para R$ 1.006.<\/p>\n<p>O m\u00ednimo \u00e9 tamb\u00e9m usado como refer\u00eancia para os benef\u00edcios assistenciais e previdenci\u00e1rios de aposentados e pensionistas do INSS (Instituto Nacional do Seguro Social).<\/p>\n<p>Bolsonaro tamb\u00e9m ter\u00e1 que decidir, at\u00e9 o dia 15 de abril, se a regra atual do reajuste ser\u00e1 mantida para os pr\u00f3ximos anos.<\/p>\n<p><em><strong>Not\u00edcias em Destaque<\/strong><\/em><\/p>\n<p>Com R7<\/p>\n","protected":false},"excerpt":{"rendered":"<p>O presidente Jair Bolsonaro ir\u00e1 assinar nas pr\u00f3ximas horas o decreto com o valor do sal\u00e1rio m\u00ednimo de R$ 998. O valor \u00e9 o que consta na LDO (Lei de Diretrizes Or\u00e7ament\u00e1rias) aprovada em julho pelo Congresso e representa um aumento de 4,6% do valor atual, de R$ 954. A decis\u00e3o coube a Bolsonaro no primeiro dia como presidente empossado porque\u00a0Temer n\u00e3o assinou o decreto\u00a0antes de deixar o mandato presidencial. O Ploa (Projeto de Lei Or\u00e7ament\u00e1ria Anual) de 2019 aprovado pelo Congresso Nacional estabelecia que o sal\u00e1rio m\u00ednimo deveria subir para R$ 1.006. O m\u00ednimo \u00e9 tamb\u00e9m usado como refer\u00eancia para os benef\u00edcios assistenciais e previdenci\u00e1rios de aposentados e pensionistas do INSS (Instituto Nacional do Seguro Social). Bolsonaro tamb\u00e9m ter\u00e1 que decidir, at\u00e9 o dia 15 de abril, se a regra atual do reajuste ser\u00e1 mantida para os pr\u00f3ximos anos. Not\u00edcias em Destaque Com R7<\/p>\n","protected":false},"author":2,"featured_media":14675,"comment_status":"closed","ping_status":"open","sticky":false,"template":"","format":"standard","meta":{"_eb_attr":"","_jetpack_memberships_contains_paid_content":false,"footnotes":""},"categories":[12],"tags":[],"class_list":["post-14674","post","type-post","status-publish","format-standard","has-post-thumbnail","hentry","category-geral"],"yoast_head":"<!-- This site is optimized with the Yoast SEO plugin v26.5 - https:\/\/yoast.com\/wordpress\/plugins\/seo\/ -->\n<title>Bolsonaro vai assinar sal\u00e1rio m\u00ednimo de R$ 998 - Not&iacute;cias em Destaque<\/title>\n<meta name=\"robots\" content=\"index, follow, max-snippet:-1, max-image-preview:large, max-video-preview:-1\" \/>\n<link rel=\"canonical\" href=\"https:\/\/noticiasemdestaque.com\/cd\/?p=14674\" \/>\n<meta property=\"og:locale\" content=\"pt_BR\" \/>\n<meta property=\"og:type\" content=\"article\" \/>\n<meta property=\"og:title\" content=\"Bolsonaro vai assinar sal\u00e1rio m\u00ednimo de R$ 998 - Not&iacute;cias em Destaque\" \/>\n<meta property=\"og:description\" content=\"O presidente Jair Bolsonaro ir\u00e1 assinar nas pr\u00f3ximas horas o decreto com o valor do sal\u00e1rio m\u00ednimo de R$ 998. O valor \u00e9 o que consta na LDO (Lei de Diretrizes Or\u00e7ament\u00e1rias) aprovada em julho pelo Congresso e representa um aumento de 4,6% do valor atual, de R$ 954. A decis\u00e3o coube a Bolsonaro no primeiro dia como presidente empossado porque\u00a0Temer n\u00e3o assinou o decreto\u00a0antes de deixar o mandato presidencial. O Ploa (Projeto de Lei Or\u00e7ament\u00e1ria Anual) de 2019 aprovado pelo Congresso Nacional estabelecia que o sal\u00e1rio m\u00ednimo deveria subir para R$ 1.006. O m\u00ednimo \u00e9 tamb\u00e9m usado como refer\u00eancia para os benef\u00edcios assistenciais e previdenci\u00e1rios de aposentados e pensionistas do INSS (Instituto Nacional do Seguro Social). Bolsonaro tamb\u00e9m ter\u00e1 que decidir, at\u00e9 o dia 15 de abril, se a regra atual do reajuste ser\u00e1 mantida para os pr\u00f3ximos anos. Not\u00edcias em Destaque Com R7\" \/>\n<meta property=\"og:url\" content=\"https:\/\/noticiasemdestaque.com\/cd\/?p=14674\" \/>\n<meta property=\"og:site_name\" content=\"Not&iacute;cias em Destaque\" \/>\n<meta property=\"article:published_time\" content=\"2019-01-01T23:05:02+00:00\" \/>\n<meta property=\"og:image\" content=\"https:\/\/noticiasemdestaque.com\/cd\/wp-content\/uploads\/2019\/01\/dinheiro-salario-salario-minimo-pis-abono-remuneracao-imposto-de-renda-03092018170026591.jpeg\" \/>\n\t<meta property=\"og:image:width\" content=\"460\" \/>\n\t<meta property=\"og:image:height\" content=\"305\" \/>\n\t<meta property=\"og:image:type\" content=\"image\/jpeg\" \/>\n<meta name=\"author\" content=\"Not\u00edcias em Destaque\" \/>\n<meta name=\"twitter:card\" content=\"summary_large_image\" \/>\n<meta name=\"twitter:label1\" content=\"Escrito por\" \/>\n\t<meta name=\"twitter:data1\" content=\"Not\u00edcias em Destaque\" \/>\n\t<meta name=\"twitter:label2\" content=\"Est. tempo de leitura\" \/>\n\t<meta name=\"twitter:data2\" content=\"1 minuto\" \/>\n<script type=\"application\/ld+json\" class=\"yoast-schema-graph\">{\"@context\":\"https:\/\/schema.org\",\"@graph\":[{\"@type\":\"Article\",\"@id\":\"https:\/\/noticiasemdestaque.com\/cd\/?p=14674#article\",\"isPartOf\":{\"@id\":\"https:\/\/noticiasemdestaque.com\/cd\/?p=14674\"},\"author\":{\"name\":\"Not\u00edcias em Destaque\",\"@id\":\"https:\/\/noticiasemdestaque.com\/cd\/#\/schema\/person\/21320b03a7e8bb90128938dafc9b908a\"},\"headline\":\"Bolsonaro vai assinar sal\u00e1rio m\u00ednimo de R$ 998\",\"datePublished\":\"2019-01-01T23:05:02+00:00\",\"mainEntityOfPage\":{\"@id\":\"https:\/\/noticiasemdestaque.com\/cd\/?p=14674\"},\"wordCount\":167,\"publisher\":{\"@id\":\"https:\/\/noticiasemdestaque.com\/cd\/#organization\"},\"image\":{\"@id\":\"https:\/\/noticiasemdestaque.com\/cd\/?p=14674#primaryimage\"},\"thumbnailUrl\":\"https:\/\/noticiasemdestaque.com\/cd\/wp-content\/uploads\/2019\/01\/dinheiro-salario-salario-minimo-pis-abono-remuneracao-imposto-de-renda-03092018170026591.jpeg\",\"articleSection\":[\"Geral\"],\"inLanguage\":\"pt-BR\"},{\"@type\":\"WebPage\",\"@id\":\"https:\/\/noticiasemdestaque.com\/cd\/?p=14674\",\"url\":\"https:\/\/noticiasemdestaque.com\/cd\/?p=14674\",\"name\":\"Bolsonaro vai assinar sal\u00e1rio m\u00ednimo de R$ 998 - Not&iacute;cias em Destaque\",\"isPartOf\":{\"@id\":\"https:\/\/noticiasemdestaque.com\/cd\/#website\"},\"primaryImageOfPage\":{\"@id\":\"https:\/\/noticiasemdestaque.com\/cd\/?p=14674#primaryimage\"},\"image\":{\"@id\":\"https:\/\/noticiasemdestaque.com\/cd\/?p=14674#primaryimage\"},\"thumbnailUrl\":\"https:\/\/noticiasemdestaque.com\/cd\/wp-content\/uploads\/2019\/01\/dinheiro-salario-salario-minimo-pis-abono-remuneracao-imposto-de-renda-03092018170026591.jpeg\",\"datePublished\":\"2019-01-01T23:05:02+00:00\",\"breadcrumb\":{\"@id\":\"https:\/\/noticiasemdestaque.com\/cd\/?p=14674#breadcrumb\"},\"inLanguage\":\"pt-BR\",\"potentialAction\":[{\"@type\":\"ReadAction\",\"target\":[\"https:\/\/noticiasemdestaque.com\/cd\/?p=14674\"]}]},{\"@type\":\"ImageObject\",\"inLanguage\":\"pt-BR\",\"@id\":\"https:\/\/noticiasemdestaque.com\/cd\/?p=14674#primaryimage\",\"url\":\"https:\/\/noticiasemdestaque.com\/cd\/wp-content\/uploads\/2019\/01\/dinheiro-salario-salario-minimo-pis-abono-remuneracao-imposto-de-renda-03092018170026591.jpeg\",\"contentUrl\":\"https:\/\/noticiasemdestaque.com\/cd\/wp-content\/uploads\/2019\/01\/dinheiro-salario-salario-minimo-pis-abono-remuneracao-imposto-de-renda-03092018170026591.jpeg\",\"width\":460,\"height\":305},{\"@type\":\"BreadcrumbList\",\"@id\":\"https:\/\/noticiasemdestaque.com\/cd\/?p=14674#breadcrumb\",\"itemListElement\":[{\"@type\":\"ListItem\",\"position\":1,\"name\":\"In\u00edcio\",\"item\":\"https:\/\/noticiasemdestaque.com\/cd\/\"},{\"@type\":\"ListItem\",\"position\":2,\"name\":\"Bolsonaro vai assinar sal\u00e1rio m\u00ednimo de R$ 998\"}]},{\"@type\":\"WebSite\",\"@id\":\"https:\/\/noticiasemdestaque.com\/cd\/#website\",\"url\":\"https:\/\/noticiasemdestaque.com\/cd\/\",\"name\":\"Not&iacute;cias em Destaque\",\"description\":\"\",\"publisher\":{\"@id\":\"https:\/\/noticiasemdestaque.com\/cd\/#organization\"},\"potentialAction\":[{\"@type\":\"SearchAction\",\"target\":{\"@type\":\"EntryPoint\",\"urlTemplate\":\"https:\/\/noticiasemdestaque.com\/cd\/?s={search_term_string}\"},\"query-input\":{\"@type\":\"PropertyValueSpecification\",\"valueRequired\":true,\"valueName\":\"search_term_string\"}}],\"inLanguage\":\"pt-BR\"},{\"@type\":\"Organization\",\"@id\":\"https:\/\/noticiasemdestaque.com\/cd\/#organization\",\"name\":\"Not\u00edcias em Destaque\",\"url\":\"https:\/\/noticiasemdestaque.com\/cd\/\",\"logo\":{\"@type\":\"ImageObject\",\"inLanguage\":\"pt-BR\",\"@id\":\"https:\/\/noticiasemdestaque.com\/cd\/#\/schema\/logo\/image\/\",\"url\":\"https:\/\/noticiasemdestaque.com\/cd\/wp-content\/uploads\/2022\/05\/imagem-base-noticiasemdestaque.png\",\"contentUrl\":\"https:\/\/noticiasemdestaque.com\/cd\/wp-content\/uploads\/2022\/05\/imagem-base-noticiasemdestaque.png\",\"width\":1200,\"height\":630,\"caption\":\"Not\u00edcias em Destaque\"},\"image\":{\"@id\":\"https:\/\/noticiasemdestaque.com\/cd\/#\/schema\/logo\/image\/\"}},{\"@type\":\"Person\",\"@id\":\"https:\/\/noticiasemdestaque.com\/cd\/#\/schema\/person\/21320b03a7e8bb90128938dafc9b908a\",\"name\":\"Not\u00edcias em Destaque\",\"url\":\"https:\/\/noticiasemdestaque.com\/cd\/?author=2\"}]}<\/script>\n<!-- \/ Yoast SEO plugin. -->","yoast_head_json":{"title":"Bolsonaro vai assinar sal\u00e1rio m\u00ednimo de R$ 998 - Not&iacute;cias em Destaque","robots":{"index":"index","follow":"follow","max-snippet":"max-snippet:-1","max-image-preview":"max-image-preview:large","max-video-preview":"max-video-preview:-1"},"canonical":"https:\/\/noticiasemdestaque.com\/cd\/?p=14674","og_locale":"pt_BR","og_type":"article","og_title":"Bolsonaro vai assinar sal\u00e1rio m\u00ednimo de R$ 998 - Not&iacute;cias em Destaque","og_description":"O presidente Jair Bolsonaro ir\u00e1 assinar nas pr\u00f3ximas horas o decreto com o valor do sal\u00e1rio m\u00ednimo de R$ 998. O valor \u00e9 o que consta na LDO (Lei de Diretrizes Or\u00e7ament\u00e1rias) aprovada em julho pelo Congresso e representa um aumento de 4,6% do valor atual, de R$ 954. A decis\u00e3o coube a Bolsonaro no primeiro dia como presidente empossado porque\u00a0Temer n\u00e3o assinou o decreto\u00a0antes de deixar o mandato presidencial. O Ploa (Projeto de Lei Or\u00e7ament\u00e1ria Anual) de 2019 aprovado pelo Congresso Nacional estabelecia que o sal\u00e1rio m\u00ednimo deveria subir para R$ 1.006. O m\u00ednimo \u00e9 tamb\u00e9m usado como refer\u00eancia para os benef\u00edcios assistenciais e previdenci\u00e1rios de aposentados e pensionistas do INSS (Instituto Nacional do Seguro Social). Bolsonaro tamb\u00e9m ter\u00e1 que decidir, at\u00e9 o dia 15 de abril, se a regra atual do reajuste ser\u00e1 mantida para os pr\u00f3ximos anos. Not\u00edcias em Destaque Com R7","og_url":"https:\/\/noticiasemdestaque.com\/cd\/?p=14674","og_site_name":"Not&iacute;cias em Destaque","article_published_time":"2019-01-01T23:05:02+00:00","og_image":[{"width":460,"height":305,"url":"https:\/\/noticiasemdestaque.com\/cd\/wp-content\/uploads\/2019\/01\/dinheiro-salario-salario-minimo-pis-abono-remuneracao-imposto-de-renda-03092018170026591.jpeg","type":"image\/jpeg"}],"author":"Not\u00edcias em Destaque","twitter_card":"summary_large_image","twitter_misc":{"Escrito por":"Not\u00edcias em Destaque","Est. tempo de leitura":"1 minuto"},"schema":{"@context":"https:\/\/schema.org","@graph":[{"@type":"Article","@id":"https:\/\/noticiasemdestaque.com\/cd\/?p=14674#article","isPartOf":{"@id":"https:\/\/noticiasemdestaque.com\/cd\/?p=14674"},"author":{"name":"Not\u00edcias em Destaque","@id":"https:\/\/noticiasemdestaque.com\/cd\/#\/schema\/person\/21320b03a7e8bb90128938dafc9b908a"},"headline":"Bolsonaro vai assinar sal\u00e1rio m\u00ednimo de R$ 998","datePublished":"2019-01-01T23:05:02+00:00","mainEntityOfPage":{"@id":"https:\/\/noticiasemdestaque.com\/cd\/?p=14674"},"wordCount":167,"publisher":{"@id":"https:\/\/noticiasemdestaque.com\/cd\/#organization"},"image":{"@id":"https:\/\/noticiasemdestaque.com\/cd\/?p=14674#primaryimage"},"thumbnailUrl":"https:\/\/noticiasemdestaque.com\/cd\/wp-content\/uploads\/2019\/01\/dinheiro-salario-salario-minimo-pis-abono-remuneracao-imposto-de-renda-03092018170026591.jpeg","articleSection":["Geral"],"inLanguage":"pt-BR"},{"@type":"WebPage","@id":"https:\/\/noticiasemdestaque.com\/cd\/?p=14674","url":"https:\/\/noticiasemdestaque.com\/cd\/?p=14674","name":"Bolsonaro vai assinar sal\u00e1rio m\u00ednimo de R$ 998 - Not&iacute;cias em Destaque","isPartOf":{"@id":"https:\/\/noticiasemdestaque.com\/cd\/#website"},"primaryImageOfPage":{"@id":"https:\/\/noticiasemdestaque.com\/cd\/?p=14674#primaryimage"},"image":{"@id":"https:\/\/noticiasemdestaque.com\/cd\/?p=14674#primaryimage"},"thumbnailUrl":"https:\/\/noticiasemdestaque.com\/cd\/wp-content\/uploads\/2019\/01\/dinheiro-salario-salario-minimo-pis-abono-remuneracao-imposto-de-renda-03092018170026591.jpeg","datePublished":"2019-01-01T23:05:02+00:00","breadcrumb":{"@id":"https:\/\/noticiasemdestaque.com\/cd\/?p=14674#breadcrumb"},"inLanguage":"pt-BR","potentialAction":[{"@type":"ReadAction","target":["https:\/\/noticiasemdestaque.com\/cd\/?p=14674"]}]},{"@type":"ImageObject","inLanguage":"pt-BR","@id":"https:\/\/noticiasemdestaque.com\/cd\/?p=14674#primaryimage","url":"https:\/\/noticiasemdestaque.com\/cd\/wp-content\/uploads\/2019\/01\/dinheiro-salario-salario-minimo-pis-abono-remuneracao-imposto-de-renda-03092018170026591.jpeg","contentUrl":"https:\/\/noticiasemdestaque.com\/cd\/wp-content\/uploads\/2019\/01\/dinheiro-salario-salario-minimo-pis-abono-remuneracao-imposto-de-renda-03092018170026591.jpeg","width":460,"height":305},{"@type":"BreadcrumbList","@id":"https:\/\/noticiasemdestaque.com\/cd\/?p=14674#breadcrumb","itemListElement":[{"@type":"ListItem","position":1,"name":"In\u00edcio","item":"https:\/\/noticiasemdestaque.com\/cd\/"},{"@type":"ListItem","position":2,"name":"Bolsonaro vai assinar sal\u00e1rio m\u00ednimo de R$ 998"}]},{"@type":"WebSite","@id":"https:\/\/noticiasemdestaque.com\/cd\/#website","url":"https:\/\/noticiasemdestaque.com\/cd\/","name":"Not&iacute;cias em Destaque","description":"","publisher":{"@id":"https:\/\/noticiasemdestaque.com\/cd\/#organization"},"potentialAction":[{"@type":"SearchAction","target":{"@type":"EntryPoint","urlTemplate":"https:\/\/noticiasemdestaque.com\/cd\/?s={search_term_string}"},"query-input":{"@type":"PropertyValueSpecification","valueRequired":true,"valueName":"search_term_string"}}],"inLanguage":"pt-BR"},{"@type":"Organization","@id":"https:\/\/noticiasemdestaque.com\/cd\/#organization","name":"Not\u00edcias em Destaque","url":"https:\/\/noticiasemdestaque.com\/cd\/","logo":{"@type":"ImageObject","inLanguage":"pt-BR","@id":"https:\/\/noticiasemdestaque.com\/cd\/#\/schema\/logo\/image\/","url":"https:\/\/noticiasemdestaque.com\/cd\/wp-content\/uploads\/2022\/05\/imagem-base-noticiasemdestaque.png","contentUrl":"https:\/\/noticiasemdestaque.com\/cd\/wp-content\/uploads\/2022\/05\/imagem-base-noticiasemdestaque.png","width":1200,"height":630,"caption":"Not\u00edcias em Destaque"},"image":{"@id":"https:\/\/noticiasemdestaque.com\/cd\/#\/schema\/logo\/image\/"}},{"@type":"Person","@id":"https:\/\/noticiasemdestaque.com\/cd\/#\/schema\/person\/21320b03a7e8bb90128938dafc9b908a","name":"Not\u00edcias em Destaque","url":"https:\/\/noticiasemdestaque.com\/cd\/?author=2"}]}},"jetpack_featured_media_url":"https:\/\/noticiasemdestaque.com\/cd\/wp-content\/uploads\/2019\/01\/dinheiro-salario-salario-minimo-pis-abono-remuneracao-imposto-de-renda-03092018170026591.jpeg","jetpack_sharing_enabled":true,"_links":{"self":[{"href":"https:\/\/noticiasemdestaque.com\/cd\/index.php?rest_route=\/wp\/v2\/posts\/14674","targetHints":{"allow":["GET"]}}],"collection":[{"href":"https:\/\/noticiasemdestaque.com\/cd\/index.php?rest_route=\/wp\/v2\/posts"}],"about":[{"href":"https:\/\/noticiasemdestaque.com\/cd\/index.php?rest_route=\/wp\/v2\/types\/post"}],"author":[{"embeddable":true,"href":"https:\/\/noticiasemdestaque.com\/cd\/index.php?rest_route=\/wp\/v2\/users\/2"}],"replies":[{"embeddable":true,"href":"https:\/\/noticiasemdestaque.com\/cd\/index.php?rest_route=%2Fwp%2Fv2%2Fcomments&post=14674"}],"version-history":[{"count":1,"href":"https:\/\/noticiasemdestaque.com\/cd\/index.php?rest_route=\/wp\/v2\/posts\/14674\/revisions"}],"predecessor-version":[{"id":14676,"href":"https:\/\/noticiasemdestaque.com\/cd\/index.php?rest_route=\/wp\/v2\/posts\/14674\/revisions\/14676"}],"wp:featuredmedia":[{"embeddable":true,"href":"https:\/\/noticiasemdestaque.com\/cd\/index.php?rest_route=\/wp\/v2\/media\/14675"}],"wp:attachment":[{"href":"https:\/\/noticiasemdestaque.com\/cd\/index.php?rest_route=%2Fwp%2Fv2%2Fmedia&parent=14674"}],"wp:term":[{"taxonomy":"category","embeddable":true,"href":"https:\/\/noticiasemdestaque.com\/cd\/index.php?rest_route=%2Fwp%2Fv2%2Fcategories&post=14674"},{"taxonomy":"post_tag","embeddable":true,"href":"https:\/\/noticiasemdestaque.com\/cd\/index.php?rest_route=%2Fwp%2Fv2%2Ftags&post=14674"}],"curies":[{"name":"wp","href":"https:\/\/api.w.org\/{rel}","templated":true}]}}