{"id":14662,"date":"2019-01-02T06:42:51","date_gmt":"2019-01-02T09:42:51","guid":{"rendered":"http:\/\/noticiasemdestaque.com\/cd\/?p=14662"},"modified":"2019-01-02T08:01:51","modified_gmt":"2019-01-02T11:01:51","slug":"exclusvo-leonidas-albino-bomba-assume-presidencia-da-camara-de-sume","status":"publish","type":"post","link":"https:\/\/noticiasemdestaque.com\/cd\/?p=14662","title":{"rendered":"EXCLUSIVO: Le\u00f4nidas Albino (Bomba) assume presid\u00eancia da C\u00e2mara de Sum\u00e9"},"content":{"rendered":"<p>&nbsp;<\/p>\n<p><a href=\"https:\/\/noticiasemdestaque.com\/cd\/wp-content\/uploads\/2019\/01\/bomba.jpg\"><img fetchpriority=\"high\" decoding=\"async\" class=\"alignnone size-large wp-image-14663\" src=\"https:\/\/noticiasemdestaque.com\/cd\/wp-content\/uploads\/2019\/01\/bomba-1024x576.jpg\" alt=\"\" width=\"1024\" height=\"576\" srcset=\"https:\/\/noticiasemdestaque.com\/cd\/wp-content\/uploads\/2019\/01\/bomba-1024x576.jpg 1024w, https:\/\/noticiasemdestaque.com\/cd\/wp-content\/uploads\/2019\/01\/bomba-300x169.jpg 300w, https:\/\/noticiasemdestaque.com\/cd\/wp-content\/uploads\/2019\/01\/bomba-768x432.jpg 768w, https:\/\/noticiasemdestaque.com\/cd\/wp-content\/uploads\/2019\/01\/bomba.jpg 1032w\" sizes=\"(max-width: 1024px) 100vw, 1024px\" \/><\/a>Em reuni\u00e3o solene realizada na manh\u00e3 desta ter\u00e7a-feira (01\/01), O vereador Le\u00f4nidas Albino (Bomba), do Partido da Rep\u00fablica (PR), assumiu de forma oficial a presid\u00eancia da C\u00e2mara Municipal de Sum\u00e9.<\/p>\n<p>Na oportunidade o vereador Z\u00e9 Ant\u00f4nio, presidente no bi\u00eanio 2017\/2018, realizou a transfer\u00eancia do cargo no plen\u00e1rio da Casa C\u00edcero Soares.<\/p>\n<p><a href=\"https:\/\/noticiasemdestaque.com\/cd\/wp-content\/uploads\/2019\/01\/49838168_364824190747959_9167764919179804672_n.jpg\"><img decoding=\"async\" class=\"wp-image-14667 aligncenter\" src=\"https:\/\/noticiasemdestaque.com\/cd\/wp-content\/uploads\/2019\/01\/49838168_364824190747959_9167764919179804672_n.jpg\" alt=\"\" width=\"501\" height=\"376\" srcset=\"https:\/\/noticiasemdestaque.com\/cd\/wp-content\/uploads\/2019\/01\/49838168_364824190747959_9167764919179804672_n.jpg 960w, https:\/\/noticiasemdestaque.com\/cd\/wp-content\/uploads\/2019\/01\/49838168_364824190747959_9167764919179804672_n-300x225.jpg 300w, https:\/\/noticiasemdestaque.com\/cd\/wp-content\/uploads\/2019\/01\/49838168_364824190747959_9167764919179804672_n-768x576.jpg 768w, https:\/\/noticiasemdestaque.com\/cd\/wp-content\/uploads\/2019\/01\/49838168_364824190747959_9167764919179804672_n-640x480.jpg 640w\" sizes=\"(max-width: 501px) 100vw, 501px\" \/><\/a><\/p>\n<p>Al\u00e9m de Bomba, a nova mesa diretora para o bi\u00eanio 2019\/2020, tem como vice-presidente, Daniel L\u00eala (PT), 1\u00b0 Bonilson Tim\u00f3teo (PR), e 2\u00b0 Secret\u00e1rio, Branco Xiliu (PR).<\/p>\n<p>O vereador Jos\u00e9 Ant\u00f4nio\u00a0disse que entrega o comando do Legislativo sumeense com a sensa\u00e7\u00e3o de dever cumprido. O ex-presidente agradeceu a Mesa Diretora dos trabalhos que o acompanhou, aos funcion\u00e1rios e demais parlamentares pelo apoio.<\/p>\n<p><a href=\"https:\/\/noticiasemdestaque.com\/cd\/wp-content\/uploads\/2019\/01\/49371730_783916231954189_6112825338041991168_n.jpg\"><img decoding=\"async\" class=\"wp-image-14668 aligncenter\" src=\"https:\/\/noticiasemdestaque.com\/cd\/wp-content\/uploads\/2019\/01\/49371730_783916231954189_6112825338041991168_n.jpg\" alt=\"\" width=\"508\" height=\"381\" srcset=\"https:\/\/noticiasemdestaque.com\/cd\/wp-content\/uploads\/2019\/01\/49371730_783916231954189_6112825338041991168_n.jpg 960w, https:\/\/noticiasemdestaque.com\/cd\/wp-content\/uploads\/2019\/01\/49371730_783916231954189_6112825338041991168_n-300x225.jpg 300w, https:\/\/noticiasemdestaque.com\/cd\/wp-content\/uploads\/2019\/01\/49371730_783916231954189_6112825338041991168_n-768x576.jpg 768w, https:\/\/noticiasemdestaque.com\/cd\/wp-content\/uploads\/2019\/01\/49371730_783916231954189_6112825338041991168_n-640x480.jpg 640w\" sizes=\"(max-width: 508px) 100vw, 508px\" \/><\/a><\/p>\n<p>O novo presidente Bomba afirmou que o principal objetivo da sua gest\u00e3o ser\u00e1 contribuir com o progresso do munic\u00edpio. \u201cComo presidente da C\u00e2mara de Sum\u00e9 iremos manter um di\u00e1logo aberto entre os vereadores, com o Poder Executivo e com a popula\u00e7\u00e3o, propondo discuss\u00f5es e debates que ajudem no crescimento do nosso munic\u00edpio\u201d, ressaltou Bomba.<\/p>\n<p><a href=\"https:\/\/noticiasemdestaque.com\/cd\/wp-content\/uploads\/2019\/01\/49582348_1001254906738090_1331240016931717120_n.jpg\"><img loading=\"lazy\" decoding=\"async\" class=\"wp-image-14669 aligncenter\" src=\"https:\/\/noticiasemdestaque.com\/cd\/wp-content\/uploads\/2019\/01\/49582348_1001254906738090_1331240016931717120_n.jpg\" alt=\"\" width=\"505\" height=\"379\" srcset=\"https:\/\/noticiasemdestaque.com\/cd\/wp-content\/uploads\/2019\/01\/49582348_1001254906738090_1331240016931717120_n.jpg 960w, https:\/\/noticiasemdestaque.com\/cd\/wp-content\/uploads\/2019\/01\/49582348_1001254906738090_1331240016931717120_n-300x225.jpg 300w, https:\/\/noticiasemdestaque.com\/cd\/wp-content\/uploads\/2019\/01\/49582348_1001254906738090_1331240016931717120_n-768x576.jpg 768w, https:\/\/noticiasemdestaque.com\/cd\/wp-content\/uploads\/2019\/01\/49582348_1001254906738090_1331240016931717120_n-640x480.jpg 640w\" sizes=\"(max-width: 505px) 100vw, 505px\" \/><\/a><\/p>\n<p>O prefeito\u00a0Eden Duarte\u00a0n\u00e3o compareceu a sess\u00e3o, em virtude de outros compromissos, mas foi representado pelos secret\u00e1rios Isca Viana (Obras e Agricultura) e Rob\u00e9rio Cipriano (Finan\u00e7as). O gestor enviou mensagem ao Legislativo parabenizando o ex-presidente Jos\u00e9 Ant\u00f4nio pelo sucesso da gest\u00e3o e desejando boa sorte ao novo comandante do Legislativo, Bomba.<\/p>\n<p><em><strong>Not\u00edcias em Destaque<\/strong><\/em><\/p>\n","protected":false},"excerpt":{"rendered":"<p>&nbsp; Em reuni\u00e3o solene realizada na manh\u00e3 desta ter\u00e7a-feira (01\/01), O vereador Le\u00f4nidas Albino (Bomba), do Partido da Rep\u00fablica (PR), assumiu de forma oficial a presid\u00eancia da C\u00e2mara Municipal de Sum\u00e9. Na oportunidade o vereador Z\u00e9 Ant\u00f4nio, presidente no bi\u00eanio 2017\/2018, realizou a transfer\u00eancia do cargo no plen\u00e1rio da Casa C\u00edcero Soares. Al\u00e9m de Bomba, a nova mesa diretora para o bi\u00eanio 2019\/2020, tem como vice-presidente, Daniel L\u00eala (PT), 1\u00b0 Bonilson Tim\u00f3teo (PR), e 2\u00b0 Secret\u00e1rio, Branco Xiliu (PR). O vereador Jos\u00e9 Ant\u00f4nio\u00a0disse que entrega o comando do Legislativo sumeense com a sensa\u00e7\u00e3o de dever cumprido. O ex-presidente agradeceu a Mesa Diretora dos trabalhos que o acompanhou, aos funcion\u00e1rios e demais parlamentares pelo apoio. O novo presidente Bomba afirmou que o principal objetivo da sua gest\u00e3o ser\u00e1 contribuir com o progresso do munic\u00edpio. \u201cComo presidente da C\u00e2mara de Sum\u00e9 iremos manter um di\u00e1logo aberto entre os vereadores, com o Poder Executivo e com a popula\u00e7\u00e3o, propondo discuss\u00f5es e debates que ajudem no crescimento do nosso munic\u00edpio\u201d, ressaltou Bomba. O prefeito\u00a0Eden Duarte\u00a0n\u00e3o compareceu a sess\u00e3o, em virtude de outros compromissos, mas foi representado pelos secret\u00e1rios Isca Viana (Obras e Agricultura) e Rob\u00e9rio Cipriano (Finan\u00e7as). O gestor enviou mensagem ao Legislativo parabenizando o ex-presidente Jos\u00e9 Ant\u00f4nio pelo sucesso da gest\u00e3o e desejando boa sorte ao novo comandante do Legislativo, Bomba. Not\u00edcias em Destaque<\/p>\n","protected":false},"author":2,"featured_media":14663,"comment_status":"closed","ping_status":"open","sticky":false,"template":"","format":"standard","meta":{"_eb_attr":"","_jetpack_memberships_contains_paid_content":false,"footnotes":""},"categories":[4],"tags":[],"class_list":["post-14662","post","type-post","status-publish","format-standard","has-post-thumbnail","hentry","category-politica"],"yoast_head":"<!-- This site is optimized with the Yoast SEO plugin v26.5 - https:\/\/yoast.com\/wordpress\/plugins\/seo\/ -->\n<title>EXCLUSIVO: Le\u00f4nidas Albino (Bomba) assume presid\u00eancia da C\u00e2mara de Sum\u00e9 - Not&iacute;cias em Destaque<\/title>\n<meta name=\"robots\" content=\"index, follow, max-snippet:-1, max-image-preview:large, max-video-preview:-1\" \/>\n<link rel=\"canonical\" href=\"https:\/\/noticiasemdestaque.com\/cd\/?p=14662\" \/>\n<meta property=\"og:locale\" content=\"pt_BR\" \/>\n<meta property=\"og:type\" content=\"article\" \/>\n<meta property=\"og:title\" content=\"EXCLUSIVO: Le\u00f4nidas Albino (Bomba) assume presid\u00eancia da C\u00e2mara de Sum\u00e9 - Not&iacute;cias em Destaque\" \/>\n<meta property=\"og:description\" content=\"&nbsp; Em reuni\u00e3o solene realizada na manh\u00e3 desta ter\u00e7a-feira (01\/01), O vereador Le\u00f4nidas Albino (Bomba), do Partido da Rep\u00fablica (PR), assumiu de forma oficial a presid\u00eancia da C\u00e2mara Municipal de Sum\u00e9. Na oportunidade o vereador Z\u00e9 Ant\u00f4nio, presidente no bi\u00eanio 2017\/2018, realizou a transfer\u00eancia do cargo no plen\u00e1rio da Casa C\u00edcero Soares. Al\u00e9m de Bomba, a nova mesa diretora para o bi\u00eanio 2019\/2020, tem como vice-presidente, Daniel L\u00eala (PT), 1\u00b0 Bonilson Tim\u00f3teo (PR), e 2\u00b0 Secret\u00e1rio, Branco Xiliu (PR). O vereador Jos\u00e9 Ant\u00f4nio\u00a0disse que entrega o comando do Legislativo sumeense com a sensa\u00e7\u00e3o de dever cumprido. O ex-presidente agradeceu a Mesa Diretora dos trabalhos que o acompanhou, aos funcion\u00e1rios e demais parlamentares pelo apoio. O novo presidente Bomba afirmou que o principal objetivo da sua gest\u00e3o ser\u00e1 contribuir com o progresso do munic\u00edpio. \u201cComo presidente da C\u00e2mara de Sum\u00e9 iremos manter um di\u00e1logo aberto entre os vereadores, com o Poder Executivo e com a popula\u00e7\u00e3o, propondo discuss\u00f5es e debates que ajudem no crescimento do nosso munic\u00edpio\u201d, ressaltou Bomba. O prefeito\u00a0Eden Duarte\u00a0n\u00e3o compareceu a sess\u00e3o, em virtude de outros compromissos, mas foi representado pelos secret\u00e1rios Isca Viana (Obras e Agricultura) e Rob\u00e9rio Cipriano (Finan\u00e7as). O gestor enviou mensagem ao Legislativo parabenizando o ex-presidente Jos\u00e9 Ant\u00f4nio pelo sucesso da gest\u00e3o e desejando boa sorte ao novo comandante do Legislativo, Bomba. Not\u00edcias em Destaque\" \/>\n<meta property=\"og:url\" content=\"https:\/\/noticiasemdestaque.com\/cd\/?p=14662\" \/>\n<meta property=\"og:site_name\" content=\"Not&iacute;cias em Destaque\" \/>\n<meta property=\"article:published_time\" content=\"2019-01-02T09:42:51+00:00\" \/>\n<meta property=\"article:modified_time\" content=\"2019-01-02T11:01:51+00:00\" \/>\n<meta property=\"og:image\" content=\"https:\/\/noticiasemdestaque.com\/cd\/wp-content\/uploads\/2019\/01\/bomba.jpg\" \/>\n\t<meta property=\"og:image:width\" content=\"1032\" \/>\n\t<meta property=\"og:image:height\" content=\"581\" \/>\n\t<meta property=\"og:image:type\" content=\"image\/jpeg\" \/>\n<meta name=\"author\" content=\"Not\u00edcias em Destaque\" \/>\n<meta name=\"twitter:card\" content=\"summary_large_image\" \/>\n<meta name=\"twitter:label1\" content=\"Escrito por\" \/>\n\t<meta name=\"twitter:data1\" content=\"Not\u00edcias em Destaque\" \/>\n\t<meta name=\"twitter:label2\" content=\"Est. tempo de leitura\" \/>\n\t<meta name=\"twitter:data2\" content=\"1 minuto\" \/>\n<script type=\"application\/ld+json\" class=\"yoast-schema-graph\">{\"@context\":\"https:\/\/schema.org\",\"@graph\":[{\"@type\":\"Article\",\"@id\":\"https:\/\/noticiasemdestaque.com\/cd\/?p=14662#article\",\"isPartOf\":{\"@id\":\"https:\/\/noticiasemdestaque.com\/cd\/?p=14662\"},\"author\":{\"name\":\"Not\u00edcias em Destaque\",\"@id\":\"https:\/\/noticiasemdestaque.com\/cd\/#\/schema\/person\/21320b03a7e8bb90128938dafc9b908a\"},\"headline\":\"EXCLUSIVO: Le\u00f4nidas Albino (Bomba) assume presid\u00eancia da C\u00e2mara de Sum\u00e9\",\"datePublished\":\"2019-01-02T09:42:51+00:00\",\"dateModified\":\"2019-01-02T11:01:51+00:00\",\"mainEntityOfPage\":{\"@id\":\"https:\/\/noticiasemdestaque.com\/cd\/?p=14662\"},\"wordCount\":266,\"publisher\":{\"@id\":\"https:\/\/noticiasemdestaque.com\/cd\/#organization\"},\"image\":{\"@id\":\"https:\/\/noticiasemdestaque.com\/cd\/?p=14662#primaryimage\"},\"thumbnailUrl\":\"https:\/\/noticiasemdestaque.com\/cd\/wp-content\/uploads\/2019\/01\/bomba.jpg\",\"articleSection\":[\"Pol\u00edtica\"],\"inLanguage\":\"pt-BR\"},{\"@type\":\"WebPage\",\"@id\":\"https:\/\/noticiasemdestaque.com\/cd\/?p=14662\",\"url\":\"https:\/\/noticiasemdestaque.com\/cd\/?p=14662\",\"name\":\"EXCLUSIVO: Le\u00f4nidas Albino (Bomba) assume presid\u00eancia da C\u00e2mara de Sum\u00e9 - Not&iacute;cias em Destaque\",\"isPartOf\":{\"@id\":\"https:\/\/noticiasemdestaque.com\/cd\/#website\"},\"primaryImageOfPage\":{\"@id\":\"https:\/\/noticiasemdestaque.com\/cd\/?p=14662#primaryimage\"},\"image\":{\"@id\":\"https:\/\/noticiasemdestaque.com\/cd\/?p=14662#primaryimage\"},\"thumbnailUrl\":\"https:\/\/noticiasemdestaque.com\/cd\/wp-content\/uploads\/2019\/01\/bomba.jpg\",\"datePublished\":\"2019-01-02T09:42:51+00:00\",\"dateModified\":\"2019-01-02T11:01:51+00:00\",\"breadcrumb\":{\"@id\":\"https:\/\/noticiasemdestaque.com\/cd\/?p=14662#breadcrumb\"},\"inLanguage\":\"pt-BR\",\"potentialAction\":[{\"@type\":\"ReadAction\",\"target\":[\"https:\/\/noticiasemdestaque.com\/cd\/?p=14662\"]}]},{\"@type\":\"ImageObject\",\"inLanguage\":\"pt-BR\",\"@id\":\"https:\/\/noticiasemdestaque.com\/cd\/?p=14662#primaryimage\",\"url\":\"https:\/\/noticiasemdestaque.com\/cd\/wp-content\/uploads\/2019\/01\/bomba.jpg\",\"contentUrl\":\"https:\/\/noticiasemdestaque.com\/cd\/wp-content\/uploads\/2019\/01\/bomba.jpg\",\"width\":1032,\"height\":581},{\"@type\":\"BreadcrumbList\",\"@id\":\"https:\/\/noticiasemdestaque.com\/cd\/?p=14662#breadcrumb\",\"itemListElement\":[{\"@type\":\"ListItem\",\"position\":1,\"name\":\"In\u00edcio\",\"item\":\"https:\/\/noticiasemdestaque.com\/cd\/\"},{\"@type\":\"ListItem\",\"position\":2,\"name\":\"EXCLUSIVO: Le\u00f4nidas Albino (Bomba) assume presid\u00eancia da C\u00e2mara de Sum\u00e9\"}]},{\"@type\":\"WebSite\",\"@id\":\"https:\/\/noticiasemdestaque.com\/cd\/#website\",\"url\":\"https:\/\/noticiasemdestaque.com\/cd\/\",\"name\":\"Not&iacute;cias em Destaque\",\"description\":\"\",\"publisher\":{\"@id\":\"https:\/\/noticiasemdestaque.com\/cd\/#organization\"},\"potentialAction\":[{\"@type\":\"SearchAction\",\"target\":{\"@type\":\"EntryPoint\",\"urlTemplate\":\"https:\/\/noticiasemdestaque.com\/cd\/?s={search_term_string}\"},\"query-input\":{\"@type\":\"PropertyValueSpecification\",\"valueRequired\":true,\"valueName\":\"search_term_string\"}}],\"inLanguage\":\"pt-BR\"},{\"@type\":\"Organization\",\"@id\":\"https:\/\/noticiasemdestaque.com\/cd\/#organization\",\"name\":\"Not\u00edcias em Destaque\",\"url\":\"https:\/\/noticiasemdestaque.com\/cd\/\",\"logo\":{\"@type\":\"ImageObject\",\"inLanguage\":\"pt-BR\",\"@id\":\"https:\/\/noticiasemdestaque.com\/cd\/#\/schema\/logo\/image\/\",\"url\":\"https:\/\/noticiasemdestaque.com\/cd\/wp-content\/uploads\/2022\/05\/imagem-base-noticiasemdestaque.png\",\"contentUrl\":\"https:\/\/noticiasemdestaque.com\/cd\/wp-content\/uploads\/2022\/05\/imagem-base-noticiasemdestaque.png\",\"width\":1200,\"height\":630,\"caption\":\"Not\u00edcias em Destaque\"},\"image\":{\"@id\":\"https:\/\/noticiasemdestaque.com\/cd\/#\/schema\/logo\/image\/\"}},{\"@type\":\"Person\",\"@id\":\"https:\/\/noticiasemdestaque.com\/cd\/#\/schema\/person\/21320b03a7e8bb90128938dafc9b908a\",\"name\":\"Not\u00edcias em Destaque\",\"url\":\"https:\/\/noticiasemdestaque.com\/cd\/?author=2\"}]}<\/script>\n<!-- \/ Yoast SEO plugin. -->","yoast_head_json":{"title":"EXCLUSIVO: Le\u00f4nidas Albino (Bomba) assume presid\u00eancia da C\u00e2mara de Sum\u00e9 - Not&iacute;cias em Destaque","robots":{"index":"index","follow":"follow","max-snippet":"max-snippet:-1","max-image-preview":"max-image-preview:large","max-video-preview":"max-video-preview:-1"},"canonical":"https:\/\/noticiasemdestaque.com\/cd\/?p=14662","og_locale":"pt_BR","og_type":"article","og_title":"EXCLUSIVO: Le\u00f4nidas Albino (Bomba) assume presid\u00eancia da C\u00e2mara de Sum\u00e9 - Not&iacute;cias em Destaque","og_description":"&nbsp; Em reuni\u00e3o solene realizada na manh\u00e3 desta ter\u00e7a-feira (01\/01), O vereador Le\u00f4nidas Albino (Bomba), do Partido da Rep\u00fablica (PR), assumiu de forma oficial a presid\u00eancia da C\u00e2mara Municipal de Sum\u00e9. Na oportunidade o vereador Z\u00e9 Ant\u00f4nio, presidente no bi\u00eanio 2017\/2018, realizou a transfer\u00eancia do cargo no plen\u00e1rio da Casa C\u00edcero Soares. Al\u00e9m de Bomba, a nova mesa diretora para o bi\u00eanio 2019\/2020, tem como vice-presidente, Daniel L\u00eala (PT), 1\u00b0 Bonilson Tim\u00f3teo (PR), e 2\u00b0 Secret\u00e1rio, Branco Xiliu (PR). O vereador Jos\u00e9 Ant\u00f4nio\u00a0disse que entrega o comando do Legislativo sumeense com a sensa\u00e7\u00e3o de dever cumprido. O ex-presidente agradeceu a Mesa Diretora dos trabalhos que o acompanhou, aos funcion\u00e1rios e demais parlamentares pelo apoio. O novo presidente Bomba afirmou que o principal objetivo da sua gest\u00e3o ser\u00e1 contribuir com o progresso do munic\u00edpio. \u201cComo presidente da C\u00e2mara de Sum\u00e9 iremos manter um di\u00e1logo aberto entre os vereadores, com o Poder Executivo e com a popula\u00e7\u00e3o, propondo discuss\u00f5es e debates que ajudem no crescimento do nosso munic\u00edpio\u201d, ressaltou Bomba. O prefeito\u00a0Eden Duarte\u00a0n\u00e3o compareceu a sess\u00e3o, em virtude de outros compromissos, mas foi representado pelos secret\u00e1rios Isca Viana (Obras e Agricultura) e Rob\u00e9rio Cipriano (Finan\u00e7as). O gestor enviou mensagem ao Legislativo parabenizando o ex-presidente Jos\u00e9 Ant\u00f4nio pelo sucesso da gest\u00e3o e desejando boa sorte ao novo comandante do Legislativo, Bomba. Not\u00edcias em Destaque","og_url":"https:\/\/noticiasemdestaque.com\/cd\/?p=14662","og_site_name":"Not&iacute;cias em Destaque","article_published_time":"2019-01-02T09:42:51+00:00","article_modified_time":"2019-01-02T11:01:51+00:00","og_image":[{"width":1032,"height":581,"url":"https:\/\/noticiasemdestaque.com\/cd\/wp-content\/uploads\/2019\/01\/bomba.jpg","type":"image\/jpeg"}],"author":"Not\u00edcias em Destaque","twitter_card":"summary_large_image","twitter_misc":{"Escrito por":"Not\u00edcias em Destaque","Est. tempo de leitura":"1 minuto"},"schema":{"@context":"https:\/\/schema.org","@graph":[{"@type":"Article","@id":"https:\/\/noticiasemdestaque.com\/cd\/?p=14662#article","isPartOf":{"@id":"https:\/\/noticiasemdestaque.com\/cd\/?p=14662"},"author":{"name":"Not\u00edcias em Destaque","@id":"https:\/\/noticiasemdestaque.com\/cd\/#\/schema\/person\/21320b03a7e8bb90128938dafc9b908a"},"headline":"EXCLUSIVO: Le\u00f4nidas Albino (Bomba) assume presid\u00eancia da C\u00e2mara de Sum\u00e9","datePublished":"2019-01-02T09:42:51+00:00","dateModified":"2019-01-02T11:01:51+00:00","mainEntityOfPage":{"@id":"https:\/\/noticiasemdestaque.com\/cd\/?p=14662"},"wordCount":266,"publisher":{"@id":"https:\/\/noticiasemdestaque.com\/cd\/#organization"},"image":{"@id":"https:\/\/noticiasemdestaque.com\/cd\/?p=14662#primaryimage"},"thumbnailUrl":"https:\/\/noticiasemdestaque.com\/cd\/wp-content\/uploads\/2019\/01\/bomba.jpg","articleSection":["Pol\u00edtica"],"inLanguage":"pt-BR"},{"@type":"WebPage","@id":"https:\/\/noticiasemdestaque.com\/cd\/?p=14662","url":"https:\/\/noticiasemdestaque.com\/cd\/?p=14662","name":"EXCLUSIVO: Le\u00f4nidas Albino (Bomba) assume presid\u00eancia da C\u00e2mara de Sum\u00e9 - Not&iacute;cias em Destaque","isPartOf":{"@id":"https:\/\/noticiasemdestaque.com\/cd\/#website"},"primaryImageOfPage":{"@id":"https:\/\/noticiasemdestaque.com\/cd\/?p=14662#primaryimage"},"image":{"@id":"https:\/\/noticiasemdestaque.com\/cd\/?p=14662#primaryimage"},"thumbnailUrl":"https:\/\/noticiasemdestaque.com\/cd\/wp-content\/uploads\/2019\/01\/bomba.jpg","datePublished":"2019-01-02T09:42:51+00:00","dateModified":"2019-01-02T11:01:51+00:00","breadcrumb":{"@id":"https:\/\/noticiasemdestaque.com\/cd\/?p=14662#breadcrumb"},"inLanguage":"pt-BR","potentialAction":[{"@type":"ReadAction","target":["https:\/\/noticiasemdestaque.com\/cd\/?p=14662"]}]},{"@type":"ImageObject","inLanguage":"pt-BR","@id":"https:\/\/noticiasemdestaque.com\/cd\/?p=14662#primaryimage","url":"https:\/\/noticiasemdestaque.com\/cd\/wp-content\/uploads\/2019\/01\/bomba.jpg","contentUrl":"https:\/\/noticiasemdestaque.com\/cd\/wp-content\/uploads\/2019\/01\/bomba.jpg","width":1032,"height":581},{"@type":"BreadcrumbList","@id":"https:\/\/noticiasemdestaque.com\/cd\/?p=14662#breadcrumb","itemListElement":[{"@type":"ListItem","position":1,"name":"In\u00edcio","item":"https:\/\/noticiasemdestaque.com\/cd\/"},{"@type":"ListItem","position":2,"name":"EXCLUSIVO: Le\u00f4nidas Albino (Bomba) assume presid\u00eancia da C\u00e2mara de Sum\u00e9"}]},{"@type":"WebSite","@id":"https:\/\/noticiasemdestaque.com\/cd\/#website","url":"https:\/\/noticiasemdestaque.com\/cd\/","name":"Not&iacute;cias em Destaque","description":"","publisher":{"@id":"https:\/\/noticiasemdestaque.com\/cd\/#organization"},"potentialAction":[{"@type":"SearchAction","target":{"@type":"EntryPoint","urlTemplate":"https:\/\/noticiasemdestaque.com\/cd\/?s={search_term_string}"},"query-input":{"@type":"PropertyValueSpecification","valueRequired":true,"valueName":"search_term_string"}}],"inLanguage":"pt-BR"},{"@type":"Organization","@id":"https:\/\/noticiasemdestaque.com\/cd\/#organization","name":"Not\u00edcias em Destaque","url":"https:\/\/noticiasemdestaque.com\/cd\/","logo":{"@type":"ImageObject","inLanguage":"pt-BR","@id":"https:\/\/noticiasemdestaque.com\/cd\/#\/schema\/logo\/image\/","url":"https:\/\/noticiasemdestaque.com\/cd\/wp-content\/uploads\/2022\/05\/imagem-base-noticiasemdestaque.png","contentUrl":"https:\/\/noticiasemdestaque.com\/cd\/wp-content\/uploads\/2022\/05\/imagem-base-noticiasemdestaque.png","width":1200,"height":630,"caption":"Not\u00edcias em Destaque"},"image":{"@id":"https:\/\/noticiasemdestaque.com\/cd\/#\/schema\/logo\/image\/"}},{"@type":"Person","@id":"https:\/\/noticiasemdestaque.com\/cd\/#\/schema\/person\/21320b03a7e8bb90128938dafc9b908a","name":"Not\u00edcias em Destaque","url":"https:\/\/noticiasemdestaque.com\/cd\/?author=2"}]}},"jetpack_featured_media_url":"https:\/\/noticiasemdestaque.com\/cd\/wp-content\/uploads\/2019\/01\/bomba.jpg","jetpack_sharing_enabled":true,"_links":{"self":[{"href":"https:\/\/noticiasemdestaque.com\/cd\/index.php?rest_route=\/wp\/v2\/posts\/14662","targetHints":{"allow":["GET"]}}],"collection":[{"href":"https:\/\/noticiasemdestaque.com\/cd\/index.php?rest_route=\/wp\/v2\/posts"}],"about":[{"href":"https:\/\/noticiasemdestaque.com\/cd\/index.php?rest_route=\/wp\/v2\/types\/post"}],"author":[{"embeddable":true,"href":"https:\/\/noticiasemdestaque.com\/cd\/index.php?rest_route=\/wp\/v2\/users\/2"}],"replies":[{"embeddable":true,"href":"https:\/\/noticiasemdestaque.com\/cd\/index.php?rest_route=%2Fwp%2Fv2%2Fcomments&post=14662"}],"version-history":[{"count":4,"href":"https:\/\/noticiasemdestaque.com\/cd\/index.php?rest_route=\/wp\/v2\/posts\/14662\/revisions"}],"predecessor-version":[{"id":14694,"href":"https:\/\/noticiasemdestaque.com\/cd\/index.php?rest_route=\/wp\/v2\/posts\/14662\/revisions\/14694"}],"wp:featuredmedia":[{"embeddable":true,"href":"https:\/\/noticiasemdestaque.com\/cd\/index.php?rest_route=\/wp\/v2\/media\/14663"}],"wp:attachment":[{"href":"https:\/\/noticiasemdestaque.com\/cd\/index.php?rest_route=%2Fwp%2Fv2%2Fmedia&parent=14662"}],"wp:term":[{"taxonomy":"category","embeddable":true,"href":"https:\/\/noticiasemdestaque.com\/cd\/index.php?rest_route=%2Fwp%2Fv2%2Fcategories&post=14662"},{"taxonomy":"post_tag","embeddable":true,"href":"https:\/\/noticiasemdestaque.com\/cd\/index.php?rest_route=%2Fwp%2Fv2%2Ftags&post=14662"}],"curies":[{"name":"wp","href":"https:\/\/api.w.org\/{rel}","templated":true}]}}