{"id":14657,"date":"2018-12-31T19:43:04","date_gmt":"2018-12-31T22:43:04","guid":{"rendered":"http:\/\/noticiasemdestaque.com\/cd\/?p=14657"},"modified":"2018-12-31T19:43:04","modified_gmt":"2018-12-31T22:43:04","slug":"prefeita-anna-lorena-emite-nota-de-felicitacoes-para-o-novo-ano","status":"publish","type":"post","link":"https:\/\/noticiasemdestaque.com\/cd\/?p=14657","title":{"rendered":"Prefeita Anna Lorena emite nota de felicita\u00e7\u00f5es para o novo ano"},"content":{"rendered":"<p><a href=\"https:\/\/noticiasemdestaque.com\/cd\/wp-content\/uploads\/2018\/07\/lorena-de-dr-chico.jpg\"><img fetchpriority=\"high\" decoding=\"async\" class=\"wp-image-11193 aligncenter\" src=\"https:\/\/noticiasemdestaque.com\/cd\/wp-content\/uploads\/2018\/07\/lorena-de-dr-chico.jpg\" alt=\"\" width=\"504\" height=\"320\" srcset=\"https:\/\/noticiasemdestaque.com\/cd\/wp-content\/uploads\/2018\/07\/lorena-de-dr-chico.jpg 719w, https:\/\/noticiasemdestaque.com\/cd\/wp-content\/uploads\/2018\/07\/lorena-de-dr-chico-300x191.jpg 300w\" sizes=\"(max-width: 504px) 100vw, 504px\" \/><\/a><\/p>\n<p>A prefeita do munic\u00edpio de Monteiro, Anna Lorena, emitiu na manh\u00e3 desta segunda-feira, 31, uma mensagem destinada a todos os moneteirenses, agradecendo por mais um ano de trabalho e felicitando por mais um ano que se inicia.<\/p>\n<p><strong>Confira a nota na \u00edntegra:<\/strong><\/p>\n<p><em>Caros amigos, colegas de trabalho e todas as fam\u00edlias monteirenses, que nesta virada de ano possamos voltar o nosso olhar para todas as b\u00ean\u00e7\u00e3os recebidas neste ano de 2018 e louvar a Deus por tudo. Assim como agradecer cada vit\u00f3ria conquistada e cada obst\u00e1culo vencido. <\/em><\/p>\n<p><em>A cidade de Monteiro tem sido aben\u00e7oada por cada investimento feito, cada pedra colocada no ch\u00e3o, cada obra entregue, cada atendimento realizado foi pensando no bem primordial da cidade, voc\u00ea!<\/em><\/p>\n<p><em>Levamos conosco, assim como cada cidad\u00e3o da princesa do Cariri, um olhar de esperan\u00e7a, sonhos e de novas conquistas. A cada dia aprendemos com nossos erros assim como com nossas vit\u00f3rias, sabendo que o importante \u00e9 que todos os dias vivemos algo novo.<\/em><\/p>\n<p><em>Que o novo ano que se inicia, possamos viver intensamente cada momento com muita paz, esperan\u00e7a e sa\u00fade, pois a vida \u00e9 uma d\u00e1diva e cada instante \u00e9 uma ben\u00e7\u00e3o de Deus. Vamos juntos refletir a cada dia sobre este novo tempo que se aproxima, cultivando sempre os sentimentos de amor, paz, solidariedade e f\u00e9.<\/em><\/p>\n<p><em>Em 2019 continuaremos contribuindo para conquistar novas realiza\u00e7\u00f5es que melhorem a qualidade de vida de cada um que ama esta terra e fez dela sua morada, seu porto seguro, seja no campo ou na cidade. Que tenhamos muita paz, e a f\u00e9 seja renovada e fortificada no cora\u00e7\u00e3o de cada um pois todo Ano Novo \u00e9 hora de renascer, de florescer, de viver de novo. <\/em><\/p>\n<p><em>Enfim, desejo a todos um 2019 com uma cidade cada vez melhor!<\/em><\/p>\n<p><em>Anna Lorena de Farias Leite N\u00f3brega<\/em><\/p>\n<p><em>Prefeita de Monteiro<\/em><\/p>\n","protected":false},"excerpt":{"rendered":"<p>A prefeita do munic\u00edpio de Monteiro, Anna Lorena, emitiu na manh\u00e3 desta segunda-feira, 31, uma mensagem destinada a todos os moneteirenses, agradecendo por mais um ano de trabalho e felicitando por mais um ano que se inicia. Confira a nota na \u00edntegra: Caros amigos, colegas de trabalho e todas as fam\u00edlias monteirenses, que nesta virada de ano possamos voltar o nosso olhar para todas as b\u00ean\u00e7\u00e3os recebidas neste ano de 2018 e louvar a Deus por tudo. Assim como agradecer cada vit\u00f3ria conquistada e cada obst\u00e1culo vencido. A cidade de Monteiro tem sido aben\u00e7oada por cada investimento feito, cada pedra colocada no ch\u00e3o, cada obra entregue, cada atendimento realizado foi pensando no bem primordial da cidade, voc\u00ea! Levamos conosco, assim como cada cidad\u00e3o da princesa do Cariri, um olhar de esperan\u00e7a, sonhos e de novas conquistas. A cada dia aprendemos com nossos erros assim como com nossas vit\u00f3rias, sabendo que o importante \u00e9 que todos os dias vivemos algo novo. Que o novo ano que se inicia, possamos viver intensamente cada momento com muita paz, esperan\u00e7a e sa\u00fade, pois a vida \u00e9 uma d\u00e1diva e cada instante \u00e9 uma ben\u00e7\u00e3o de Deus. Vamos juntos refletir a cada dia sobre este novo tempo que se aproxima, cultivando sempre os sentimentos de amor, paz, solidariedade e f\u00e9. Em 2019 continuaremos contribuindo para conquistar novas realiza\u00e7\u00f5es que melhorem a qualidade de vida de cada um que ama esta terra e fez dela sua morada, seu porto seguro, seja no campo ou na cidade. Que tenhamos muita paz, e a f\u00e9 seja renovada e fortificada no cora\u00e7\u00e3o de cada um pois todo Ano Novo \u00e9 hora de renascer, de florescer, de viver de novo. Enfim, desejo a todos um 2019 com uma cidade cada vez melhor! Anna Lorena de Farias Leite N\u00f3brega Prefeita de Monteiro<\/p>\n","protected":false},"author":2,"featured_media":11193,"comment_status":"closed","ping_status":"open","sticky":false,"template":"","format":"standard","meta":{"_eb_attr":"","_jetpack_memberships_contains_paid_content":false,"footnotes":""},"categories":[3],"tags":[],"class_list":["post-14657","post","type-post","status-publish","format-standard","has-post-thumbnail","hentry","category-cidades"],"yoast_head":"<!-- This site is optimized with the Yoast SEO plugin v26.5 - https:\/\/yoast.com\/wordpress\/plugins\/seo\/ -->\n<title>Prefeita Anna Lorena emite nota de felicita\u00e7\u00f5es para o novo ano - Not&iacute;cias em Destaque<\/title>\n<meta name=\"robots\" content=\"index, follow, max-snippet:-1, max-image-preview:large, max-video-preview:-1\" \/>\n<link rel=\"canonical\" href=\"https:\/\/noticiasemdestaque.com\/cd\/?p=14657\" \/>\n<meta property=\"og:locale\" content=\"pt_BR\" \/>\n<meta property=\"og:type\" content=\"article\" \/>\n<meta property=\"og:title\" content=\"Prefeita Anna Lorena emite nota de felicita\u00e7\u00f5es para o novo ano - Not&iacute;cias em Destaque\" \/>\n<meta property=\"og:description\" content=\"A prefeita do munic\u00edpio de Monteiro, Anna Lorena, emitiu na manh\u00e3 desta segunda-feira, 31, uma mensagem destinada a todos os moneteirenses, agradecendo por mais um ano de trabalho e felicitando por mais um ano que se inicia. Confira a nota na \u00edntegra: Caros amigos, colegas de trabalho e todas as fam\u00edlias monteirenses, que nesta virada de ano possamos voltar o nosso olhar para todas as b\u00ean\u00e7\u00e3os recebidas neste ano de 2018 e louvar a Deus por tudo. Assim como agradecer cada vit\u00f3ria conquistada e cada obst\u00e1culo vencido. A cidade de Monteiro tem sido aben\u00e7oada por cada investimento feito, cada pedra colocada no ch\u00e3o, cada obra entregue, cada atendimento realizado foi pensando no bem primordial da cidade, voc\u00ea! Levamos conosco, assim como cada cidad\u00e3o da princesa do Cariri, um olhar de esperan\u00e7a, sonhos e de novas conquistas. A cada dia aprendemos com nossos erros assim como com nossas vit\u00f3rias, sabendo que o importante \u00e9 que todos os dias vivemos algo novo. Que o novo ano que se inicia, possamos viver intensamente cada momento com muita paz, esperan\u00e7a e sa\u00fade, pois a vida \u00e9 uma d\u00e1diva e cada instante \u00e9 uma ben\u00e7\u00e3o de Deus. Vamos juntos refletir a cada dia sobre este novo tempo que se aproxima, cultivando sempre os sentimentos de amor, paz, solidariedade e f\u00e9. Em 2019 continuaremos contribuindo para conquistar novas realiza\u00e7\u00f5es que melhorem a qualidade de vida de cada um que ama esta terra e fez dela sua morada, seu porto seguro, seja no campo ou na cidade. Que tenhamos muita paz, e a f\u00e9 seja renovada e fortificada no cora\u00e7\u00e3o de cada um pois todo Ano Novo \u00e9 hora de renascer, de florescer, de viver de novo. Enfim, desejo a todos um 2019 com uma cidade cada vez melhor! Anna Lorena de Farias Leite N\u00f3brega Prefeita de Monteiro\" \/>\n<meta property=\"og:url\" content=\"https:\/\/noticiasemdestaque.com\/cd\/?p=14657\" \/>\n<meta property=\"og:site_name\" content=\"Not&iacute;cias em Destaque\" \/>\n<meta property=\"article:published_time\" content=\"2018-12-31T22:43:04+00:00\" \/>\n<meta property=\"og:image\" content=\"https:\/\/noticiasemdestaque.com\/cd\/wp-content\/uploads\/2018\/07\/lorena-de-dr-chico.jpg\" \/>\n\t<meta property=\"og:image:width\" content=\"719\" \/>\n\t<meta property=\"og:image:height\" content=\"457\" \/>\n\t<meta property=\"og:image:type\" content=\"image\/jpeg\" \/>\n<meta name=\"author\" content=\"Not\u00edcias em Destaque\" \/>\n<meta name=\"twitter:card\" content=\"summary_large_image\" \/>\n<meta name=\"twitter:label1\" content=\"Escrito por\" \/>\n\t<meta name=\"twitter:data1\" content=\"Not\u00edcias em Destaque\" \/>\n\t<meta name=\"twitter:label2\" content=\"Est. tempo de leitura\" \/>\n\t<meta name=\"twitter:data2\" content=\"2 minutos\" \/>\n<script type=\"application\/ld+json\" class=\"yoast-schema-graph\">{\"@context\":\"https:\/\/schema.org\",\"@graph\":[{\"@type\":\"Article\",\"@id\":\"https:\/\/noticiasemdestaque.com\/cd\/?p=14657#article\",\"isPartOf\":{\"@id\":\"https:\/\/noticiasemdestaque.com\/cd\/?p=14657\"},\"author\":{\"name\":\"Not\u00edcias em Destaque\",\"@id\":\"https:\/\/noticiasemdestaque.com\/cd\/#\/schema\/person\/21320b03a7e8bb90128938dafc9b908a\"},\"headline\":\"Prefeita Anna Lorena emite nota de felicita\u00e7\u00f5es para o novo ano\",\"datePublished\":\"2018-12-31T22:43:04+00:00\",\"mainEntityOfPage\":{\"@id\":\"https:\/\/noticiasemdestaque.com\/cd\/?p=14657\"},\"wordCount\":323,\"publisher\":{\"@id\":\"https:\/\/noticiasemdestaque.com\/cd\/#organization\"},\"image\":{\"@id\":\"https:\/\/noticiasemdestaque.com\/cd\/?p=14657#primaryimage\"},\"thumbnailUrl\":\"https:\/\/noticiasemdestaque.com\/cd\/wp-content\/uploads\/2018\/07\/lorena-de-dr-chico.jpg\",\"articleSection\":[\"Cidades\"],\"inLanguage\":\"pt-BR\"},{\"@type\":\"WebPage\",\"@id\":\"https:\/\/noticiasemdestaque.com\/cd\/?p=14657\",\"url\":\"https:\/\/noticiasemdestaque.com\/cd\/?p=14657\",\"name\":\"Prefeita Anna Lorena emite nota de felicita\u00e7\u00f5es para o novo ano - Not&iacute;cias em Destaque\",\"isPartOf\":{\"@id\":\"https:\/\/noticiasemdestaque.com\/cd\/#website\"},\"primaryImageOfPage\":{\"@id\":\"https:\/\/noticiasemdestaque.com\/cd\/?p=14657#primaryimage\"},\"image\":{\"@id\":\"https:\/\/noticiasemdestaque.com\/cd\/?p=14657#primaryimage\"},\"thumbnailUrl\":\"https:\/\/noticiasemdestaque.com\/cd\/wp-content\/uploads\/2018\/07\/lorena-de-dr-chico.jpg\",\"datePublished\":\"2018-12-31T22:43:04+00:00\",\"breadcrumb\":{\"@id\":\"https:\/\/noticiasemdestaque.com\/cd\/?p=14657#breadcrumb\"},\"inLanguage\":\"pt-BR\",\"potentialAction\":[{\"@type\":\"ReadAction\",\"target\":[\"https:\/\/noticiasemdestaque.com\/cd\/?p=14657\"]}]},{\"@type\":\"ImageObject\",\"inLanguage\":\"pt-BR\",\"@id\":\"https:\/\/noticiasemdestaque.com\/cd\/?p=14657#primaryimage\",\"url\":\"https:\/\/noticiasemdestaque.com\/cd\/wp-content\/uploads\/2018\/07\/lorena-de-dr-chico.jpg\",\"contentUrl\":\"https:\/\/noticiasemdestaque.com\/cd\/wp-content\/uploads\/2018\/07\/lorena-de-dr-chico.jpg\",\"width\":719,\"height\":457},{\"@type\":\"BreadcrumbList\",\"@id\":\"https:\/\/noticiasemdestaque.com\/cd\/?p=14657#breadcrumb\",\"itemListElement\":[{\"@type\":\"ListItem\",\"position\":1,\"name\":\"In\u00edcio\",\"item\":\"https:\/\/noticiasemdestaque.com\/cd\/\"},{\"@type\":\"ListItem\",\"position\":2,\"name\":\"Prefeita Anna Lorena emite nota de felicita\u00e7\u00f5es para o novo ano\"}]},{\"@type\":\"WebSite\",\"@id\":\"https:\/\/noticiasemdestaque.com\/cd\/#website\",\"url\":\"https:\/\/noticiasemdestaque.com\/cd\/\",\"name\":\"Not&iacute;cias em Destaque\",\"description\":\"\",\"publisher\":{\"@id\":\"https:\/\/noticiasemdestaque.com\/cd\/#organization\"},\"potentialAction\":[{\"@type\":\"SearchAction\",\"target\":{\"@type\":\"EntryPoint\",\"urlTemplate\":\"https:\/\/noticiasemdestaque.com\/cd\/?s={search_term_string}\"},\"query-input\":{\"@type\":\"PropertyValueSpecification\",\"valueRequired\":true,\"valueName\":\"search_term_string\"}}],\"inLanguage\":\"pt-BR\"},{\"@type\":\"Organization\",\"@id\":\"https:\/\/noticiasemdestaque.com\/cd\/#organization\",\"name\":\"Not\u00edcias em Destaque\",\"url\":\"https:\/\/noticiasemdestaque.com\/cd\/\",\"logo\":{\"@type\":\"ImageObject\",\"inLanguage\":\"pt-BR\",\"@id\":\"https:\/\/noticiasemdestaque.com\/cd\/#\/schema\/logo\/image\/\",\"url\":\"https:\/\/noticiasemdestaque.com\/cd\/wp-content\/uploads\/2022\/05\/imagem-base-noticiasemdestaque.png\",\"contentUrl\":\"https:\/\/noticiasemdestaque.com\/cd\/wp-content\/uploads\/2022\/05\/imagem-base-noticiasemdestaque.png\",\"width\":1200,\"height\":630,\"caption\":\"Not\u00edcias em Destaque\"},\"image\":{\"@id\":\"https:\/\/noticiasemdestaque.com\/cd\/#\/schema\/logo\/image\/\"}},{\"@type\":\"Person\",\"@id\":\"https:\/\/noticiasemdestaque.com\/cd\/#\/schema\/person\/21320b03a7e8bb90128938dafc9b908a\",\"name\":\"Not\u00edcias em Destaque\",\"url\":\"https:\/\/noticiasemdestaque.com\/cd\/?author=2\"}]}<\/script>\n<!-- \/ Yoast SEO plugin. -->","yoast_head_json":{"title":"Prefeita Anna Lorena emite nota de felicita\u00e7\u00f5es para o novo ano - Not&iacute;cias em Destaque","robots":{"index":"index","follow":"follow","max-snippet":"max-snippet:-1","max-image-preview":"max-image-preview:large","max-video-preview":"max-video-preview:-1"},"canonical":"https:\/\/noticiasemdestaque.com\/cd\/?p=14657","og_locale":"pt_BR","og_type":"article","og_title":"Prefeita Anna Lorena emite nota de felicita\u00e7\u00f5es para o novo ano - Not&iacute;cias em Destaque","og_description":"A prefeita do munic\u00edpio de Monteiro, Anna Lorena, emitiu na manh\u00e3 desta segunda-feira, 31, uma mensagem destinada a todos os moneteirenses, agradecendo por mais um ano de trabalho e felicitando por mais um ano que se inicia. Confira a nota na \u00edntegra: Caros amigos, colegas de trabalho e todas as fam\u00edlias monteirenses, que nesta virada de ano possamos voltar o nosso olhar para todas as b\u00ean\u00e7\u00e3os recebidas neste ano de 2018 e louvar a Deus por tudo. Assim como agradecer cada vit\u00f3ria conquistada e cada obst\u00e1culo vencido. A cidade de Monteiro tem sido aben\u00e7oada por cada investimento feito, cada pedra colocada no ch\u00e3o, cada obra entregue, cada atendimento realizado foi pensando no bem primordial da cidade, voc\u00ea! Levamos conosco, assim como cada cidad\u00e3o da princesa do Cariri, um olhar de esperan\u00e7a, sonhos e de novas conquistas. A cada dia aprendemos com nossos erros assim como com nossas vit\u00f3rias, sabendo que o importante \u00e9 que todos os dias vivemos algo novo. Que o novo ano que se inicia, possamos viver intensamente cada momento com muita paz, esperan\u00e7a e sa\u00fade, pois a vida \u00e9 uma d\u00e1diva e cada instante \u00e9 uma ben\u00e7\u00e3o de Deus. Vamos juntos refletir a cada dia sobre este novo tempo que se aproxima, cultivando sempre os sentimentos de amor, paz, solidariedade e f\u00e9. Em 2019 continuaremos contribuindo para conquistar novas realiza\u00e7\u00f5es que melhorem a qualidade de vida de cada um que ama esta terra e fez dela sua morada, seu porto seguro, seja no campo ou na cidade. Que tenhamos muita paz, e a f\u00e9 seja renovada e fortificada no cora\u00e7\u00e3o de cada um pois todo Ano Novo \u00e9 hora de renascer, de florescer, de viver de novo. Enfim, desejo a todos um 2019 com uma cidade cada vez melhor! Anna Lorena de Farias Leite N\u00f3brega Prefeita de Monteiro","og_url":"https:\/\/noticiasemdestaque.com\/cd\/?p=14657","og_site_name":"Not&iacute;cias em Destaque","article_published_time":"2018-12-31T22:43:04+00:00","og_image":[{"width":719,"height":457,"url":"https:\/\/noticiasemdestaque.com\/cd\/wp-content\/uploads\/2018\/07\/lorena-de-dr-chico.jpg","type":"image\/jpeg"}],"author":"Not\u00edcias em Destaque","twitter_card":"summary_large_image","twitter_misc":{"Escrito por":"Not\u00edcias em Destaque","Est. tempo de leitura":"2 minutos"},"schema":{"@context":"https:\/\/schema.org","@graph":[{"@type":"Article","@id":"https:\/\/noticiasemdestaque.com\/cd\/?p=14657#article","isPartOf":{"@id":"https:\/\/noticiasemdestaque.com\/cd\/?p=14657"},"author":{"name":"Not\u00edcias em Destaque","@id":"https:\/\/noticiasemdestaque.com\/cd\/#\/schema\/person\/21320b03a7e8bb90128938dafc9b908a"},"headline":"Prefeita Anna Lorena emite nota de felicita\u00e7\u00f5es para o novo ano","datePublished":"2018-12-31T22:43:04+00:00","mainEntityOfPage":{"@id":"https:\/\/noticiasemdestaque.com\/cd\/?p=14657"},"wordCount":323,"publisher":{"@id":"https:\/\/noticiasemdestaque.com\/cd\/#organization"},"image":{"@id":"https:\/\/noticiasemdestaque.com\/cd\/?p=14657#primaryimage"},"thumbnailUrl":"https:\/\/noticiasemdestaque.com\/cd\/wp-content\/uploads\/2018\/07\/lorena-de-dr-chico.jpg","articleSection":["Cidades"],"inLanguage":"pt-BR"},{"@type":"WebPage","@id":"https:\/\/noticiasemdestaque.com\/cd\/?p=14657","url":"https:\/\/noticiasemdestaque.com\/cd\/?p=14657","name":"Prefeita Anna Lorena emite nota de felicita\u00e7\u00f5es para o novo ano - Not&iacute;cias em Destaque","isPartOf":{"@id":"https:\/\/noticiasemdestaque.com\/cd\/#website"},"primaryImageOfPage":{"@id":"https:\/\/noticiasemdestaque.com\/cd\/?p=14657#primaryimage"},"image":{"@id":"https:\/\/noticiasemdestaque.com\/cd\/?p=14657#primaryimage"},"thumbnailUrl":"https:\/\/noticiasemdestaque.com\/cd\/wp-content\/uploads\/2018\/07\/lorena-de-dr-chico.jpg","datePublished":"2018-12-31T22:43:04+00:00","breadcrumb":{"@id":"https:\/\/noticiasemdestaque.com\/cd\/?p=14657#breadcrumb"},"inLanguage":"pt-BR","potentialAction":[{"@type":"ReadAction","target":["https:\/\/noticiasemdestaque.com\/cd\/?p=14657"]}]},{"@type":"ImageObject","inLanguage":"pt-BR","@id":"https:\/\/noticiasemdestaque.com\/cd\/?p=14657#primaryimage","url":"https:\/\/noticiasemdestaque.com\/cd\/wp-content\/uploads\/2018\/07\/lorena-de-dr-chico.jpg","contentUrl":"https:\/\/noticiasemdestaque.com\/cd\/wp-content\/uploads\/2018\/07\/lorena-de-dr-chico.jpg","width":719,"height":457},{"@type":"BreadcrumbList","@id":"https:\/\/noticiasemdestaque.com\/cd\/?p=14657#breadcrumb","itemListElement":[{"@type":"ListItem","position":1,"name":"In\u00edcio","item":"https:\/\/noticiasemdestaque.com\/cd\/"},{"@type":"ListItem","position":2,"name":"Prefeita Anna Lorena emite nota de felicita\u00e7\u00f5es para o novo ano"}]},{"@type":"WebSite","@id":"https:\/\/noticiasemdestaque.com\/cd\/#website","url":"https:\/\/noticiasemdestaque.com\/cd\/","name":"Not&iacute;cias em Destaque","description":"","publisher":{"@id":"https:\/\/noticiasemdestaque.com\/cd\/#organization"},"potentialAction":[{"@type":"SearchAction","target":{"@type":"EntryPoint","urlTemplate":"https:\/\/noticiasemdestaque.com\/cd\/?s={search_term_string}"},"query-input":{"@type":"PropertyValueSpecification","valueRequired":true,"valueName":"search_term_string"}}],"inLanguage":"pt-BR"},{"@type":"Organization","@id":"https:\/\/noticiasemdestaque.com\/cd\/#organization","name":"Not\u00edcias em Destaque","url":"https:\/\/noticiasemdestaque.com\/cd\/","logo":{"@type":"ImageObject","inLanguage":"pt-BR","@id":"https:\/\/noticiasemdestaque.com\/cd\/#\/schema\/logo\/image\/","url":"https:\/\/noticiasemdestaque.com\/cd\/wp-content\/uploads\/2022\/05\/imagem-base-noticiasemdestaque.png","contentUrl":"https:\/\/noticiasemdestaque.com\/cd\/wp-content\/uploads\/2022\/05\/imagem-base-noticiasemdestaque.png","width":1200,"height":630,"caption":"Not\u00edcias em Destaque"},"image":{"@id":"https:\/\/noticiasemdestaque.com\/cd\/#\/schema\/logo\/image\/"}},{"@type":"Person","@id":"https:\/\/noticiasemdestaque.com\/cd\/#\/schema\/person\/21320b03a7e8bb90128938dafc9b908a","name":"Not\u00edcias em Destaque","url":"https:\/\/noticiasemdestaque.com\/cd\/?author=2"}]}},"jetpack_featured_media_url":"https:\/\/noticiasemdestaque.com\/cd\/wp-content\/uploads\/2018\/07\/lorena-de-dr-chico.jpg","jetpack_sharing_enabled":true,"_links":{"self":[{"href":"https:\/\/noticiasemdestaque.com\/cd\/index.php?rest_route=\/wp\/v2\/posts\/14657","targetHints":{"allow":["GET"]}}],"collection":[{"href":"https:\/\/noticiasemdestaque.com\/cd\/index.php?rest_route=\/wp\/v2\/posts"}],"about":[{"href":"https:\/\/noticiasemdestaque.com\/cd\/index.php?rest_route=\/wp\/v2\/types\/post"}],"author":[{"embeddable":true,"href":"https:\/\/noticiasemdestaque.com\/cd\/index.php?rest_route=\/wp\/v2\/users\/2"}],"replies":[{"embeddable":true,"href":"https:\/\/noticiasemdestaque.com\/cd\/index.php?rest_route=%2Fwp%2Fv2%2Fcomments&post=14657"}],"version-history":[{"count":1,"href":"https:\/\/noticiasemdestaque.com\/cd\/index.php?rest_route=\/wp\/v2\/posts\/14657\/revisions"}],"predecessor-version":[{"id":14658,"href":"https:\/\/noticiasemdestaque.com\/cd\/index.php?rest_route=\/wp\/v2\/posts\/14657\/revisions\/14658"}],"wp:featuredmedia":[{"embeddable":true,"href":"https:\/\/noticiasemdestaque.com\/cd\/index.php?rest_route=\/wp\/v2\/media\/11193"}],"wp:attachment":[{"href":"https:\/\/noticiasemdestaque.com\/cd\/index.php?rest_route=%2Fwp%2Fv2%2Fmedia&parent=14657"}],"wp:term":[{"taxonomy":"category","embeddable":true,"href":"https:\/\/noticiasemdestaque.com\/cd\/index.php?rest_route=%2Fwp%2Fv2%2Fcategories&post=14657"},{"taxonomy":"post_tag","embeddable":true,"href":"https:\/\/noticiasemdestaque.com\/cd\/index.php?rest_route=%2Fwp%2Fv2%2Ftags&post=14657"}],"curies":[{"name":"wp","href":"https:\/\/api.w.org\/{rel}","templated":true}]}}