{"id":14652,"date":"2018-12-31T19:34:49","date_gmt":"2018-12-31T22:34:49","guid":{"rendered":"http:\/\/noticiasemdestaque.com\/cd\/?p=14652"},"modified":"2018-12-31T19:34:49","modified_gmt":"2018-12-31T22:34:49","slug":"temer-nao-faz-decreto-e-minimo-fica-em-r-954-em-vez-de-r-1-006","status":"publish","type":"post","link":"https:\/\/noticiasemdestaque.com\/cd\/?p=14652","title":{"rendered":"Temer n\u00e3o faz decreto e m\u00ednimo fica em R$ 954, em vez de R$ 1.006"},"content":{"rendered":"<div class=\"d-1of4 t-all column_social\"><\/div>\n<div id=\"content_post\" class=\"d-3of4 t-all\">\n<p><a href=\"https:\/\/noticiasemdestaque.com\/cd\/wp-content\/uploads\/2017\/09\/dinheiro3.jpg\"><img fetchpriority=\"high\" decoding=\"async\" class=\"wp-image-4607 aligncenter\" src=\"https:\/\/noticiasemdestaque.com\/cd\/wp-content\/uploads\/2017\/09\/dinheiro3.jpg\" alt=\"\" width=\"500\" height=\"294\" srcset=\"https:\/\/noticiasemdestaque.com\/cd\/wp-content\/uploads\/2017\/09\/dinheiro3.jpg 800w, https:\/\/noticiasemdestaque.com\/cd\/wp-content\/uploads\/2017\/09\/dinheiro3-300x176.jpg 300w, https:\/\/noticiasemdestaque.com\/cd\/wp-content\/uploads\/2017\/09\/dinheiro3-768x451.jpg 768w\" sizes=\"(max-width: 500px) 100vw, 500px\" \/><\/a>O presidente Michel Temer deixou para o sucessor, Jair Bolsonaro (PSL), definir a nova pol\u00edtica para o sal\u00e1rio m\u00ednimo. A regra atual para c\u00e1lculo perde validade nesta ter\u00e7a-feira (1\u00ba\/1). O valor atual do sal\u00e1rio m\u00ednimo \u00e9 de R$ 954.<\/p>\n<p>No Projeto de Lei Or\u00e7ament\u00e1ria Anual (Ploa) de 2019, o valor fixado para o m\u00ednimo a partir de 2019 \u00e9 de R$ 1.006. Por\u00e9m, \u00e9 necess\u00e1rio confirmar a quantia e definir tamb\u00e9m as regras que v\u00e3o vigorar para os pr\u00f3ximos reajustes.<\/p>\n<p>O sal\u00e1rio m\u00ednimo \u00e9 usado como refer\u00eancia para os benef\u00edcios assistenciais e previdenci\u00e1rios. Bolsonaro tem at\u00e9 o dia 15 de abril para decidir se mant\u00e9m a regra ou se muda.<\/p>\n<p>Pela regra atual, o m\u00ednimo deve ser corrigido pela infla\u00e7\u00e3o do ano anterior, medida pelo \u00cdndice Nacional de Pre\u00e7os ao Consumidor (INPC) mais a varia\u00e7\u00e3o do Produto Interno Bruto (PIB, soma dos bens e dos servi\u00e7os produzidos no pa\u00eds) dos dois anos anteriores.<\/p>\n<p>Os minist\u00e9rios da Fazenda e do Planejamento informaram que o valor do m\u00ednimo foi revisado para cima porque a estimativa de infla\u00e7\u00e3o pelo INPC em 2018 passou de 3,3% para 4,2%. O INPC mede a varia\u00e7\u00e3o de pre\u00e7os das fam\u00edlias mais pobres, com renda mensal de um a cinco sal\u00e1rios m\u00ednimos. Alguns Estados, como Rio de Janeiro e S\u00e3o Paulo, t\u00eam valores diferenciados para o sal\u00e1rio m\u00ednimo, acima do piso nacional.<\/p>\n<p><em><strong>Not\u00edcias em Destaque\u00a0<\/strong><\/em><\/p>\n<p>Com Metr\u00f3poles<\/p>\n<\/div>\n","protected":false},"excerpt":{"rendered":"<p>O presidente Michel Temer deixou para o sucessor, Jair Bolsonaro (PSL), definir a nova pol\u00edtica para o sal\u00e1rio m\u00ednimo. A regra atual para c\u00e1lculo perde validade nesta ter\u00e7a-feira (1\u00ba\/1). O valor atual do sal\u00e1rio m\u00ednimo \u00e9 de R$ 954. No Projeto de Lei Or\u00e7ament\u00e1ria Anual (Ploa) de 2019, o valor fixado para o m\u00ednimo a partir de 2019 \u00e9 de R$ 1.006. Por\u00e9m, \u00e9 necess\u00e1rio confirmar a quantia e definir tamb\u00e9m as regras que v\u00e3o vigorar para os pr\u00f3ximos reajustes. O sal\u00e1rio m\u00ednimo \u00e9 usado como refer\u00eancia para os benef\u00edcios assistenciais e previdenci\u00e1rios. Bolsonaro tem at\u00e9 o dia 15 de abril para decidir se mant\u00e9m a regra ou se muda. Pela regra atual, o m\u00ednimo deve ser corrigido pela infla\u00e7\u00e3o do ano anterior, medida pelo \u00cdndice Nacional de Pre\u00e7os ao Consumidor (INPC) mais a varia\u00e7\u00e3o do Produto Interno Bruto (PIB, soma dos bens e dos servi\u00e7os produzidos no pa\u00eds) dos dois anos anteriores. Os minist\u00e9rios da Fazenda e do Planejamento informaram que o valor do m\u00ednimo foi revisado para cima porque a estimativa de infla\u00e7\u00e3o pelo INPC em 2018 passou de 3,3% para 4,2%. O INPC mede a varia\u00e7\u00e3o de pre\u00e7os das fam\u00edlias mais pobres, com renda mensal de um a cinco sal\u00e1rios m\u00ednimos. Alguns Estados, como Rio de Janeiro e S\u00e3o Paulo, t\u00eam valores diferenciados para o sal\u00e1rio m\u00ednimo, acima do piso nacional. Not\u00edcias em Destaque\u00a0 Com Metr\u00f3poles<\/p>\n","protected":false},"author":2,"featured_media":4607,"comment_status":"closed","ping_status":"open","sticky":false,"template":"","format":"standard","meta":{"_eb_attr":"","_jetpack_memberships_contains_paid_content":false,"footnotes":""},"categories":[12],"tags":[],"class_list":["post-14652","post","type-post","status-publish","format-standard","has-post-thumbnail","hentry","category-geral"],"yoast_head":"<!-- This site is optimized with the Yoast SEO plugin v26.5 - https:\/\/yoast.com\/wordpress\/plugins\/seo\/ -->\n<title>Temer n\u00e3o faz decreto e m\u00ednimo fica em R$ 954, em vez de R$ 1.006 - Not&iacute;cias em Destaque<\/title>\n<meta name=\"robots\" content=\"index, follow, max-snippet:-1, max-image-preview:large, max-video-preview:-1\" \/>\n<link rel=\"canonical\" href=\"https:\/\/noticiasemdestaque.com\/cd\/?p=14652\" \/>\n<meta property=\"og:locale\" content=\"pt_BR\" \/>\n<meta property=\"og:type\" content=\"article\" \/>\n<meta property=\"og:title\" content=\"Temer n\u00e3o faz decreto e m\u00ednimo fica em R$ 954, em vez de R$ 1.006 - Not&iacute;cias em Destaque\" \/>\n<meta property=\"og:description\" content=\"O presidente Michel Temer deixou para o sucessor, Jair Bolsonaro (PSL), definir a nova pol\u00edtica para o sal\u00e1rio m\u00ednimo. A regra atual para c\u00e1lculo perde validade nesta ter\u00e7a-feira (1\u00ba\/1). O valor atual do sal\u00e1rio m\u00ednimo \u00e9 de R$ 954. No Projeto de Lei Or\u00e7ament\u00e1ria Anual (Ploa) de 2019, o valor fixado para o m\u00ednimo a partir de 2019 \u00e9 de R$ 1.006. Por\u00e9m, \u00e9 necess\u00e1rio confirmar a quantia e definir tamb\u00e9m as regras que v\u00e3o vigorar para os pr\u00f3ximos reajustes. O sal\u00e1rio m\u00ednimo \u00e9 usado como refer\u00eancia para os benef\u00edcios assistenciais e previdenci\u00e1rios. Bolsonaro tem at\u00e9 o dia 15 de abril para decidir se mant\u00e9m a regra ou se muda. Pela regra atual, o m\u00ednimo deve ser corrigido pela infla\u00e7\u00e3o do ano anterior, medida pelo \u00cdndice Nacional de Pre\u00e7os ao Consumidor (INPC) mais a varia\u00e7\u00e3o do Produto Interno Bruto (PIB, soma dos bens e dos servi\u00e7os produzidos no pa\u00eds) dos dois anos anteriores. Os minist\u00e9rios da Fazenda e do Planejamento informaram que o valor do m\u00ednimo foi revisado para cima porque a estimativa de infla\u00e7\u00e3o pelo INPC em 2018 passou de 3,3% para 4,2%. O INPC mede a varia\u00e7\u00e3o de pre\u00e7os das fam\u00edlias mais pobres, com renda mensal de um a cinco sal\u00e1rios m\u00ednimos. Alguns Estados, como Rio de Janeiro e S\u00e3o Paulo, t\u00eam valores diferenciados para o sal\u00e1rio m\u00ednimo, acima do piso nacional. Not\u00edcias em Destaque\u00a0 Com Metr\u00f3poles\" \/>\n<meta property=\"og:url\" content=\"https:\/\/noticiasemdestaque.com\/cd\/?p=14652\" \/>\n<meta property=\"og:site_name\" content=\"Not&iacute;cias em Destaque\" \/>\n<meta property=\"article:published_time\" content=\"2018-12-31T22:34:49+00:00\" \/>\n<meta property=\"og:image\" content=\"https:\/\/noticiasemdestaque.com\/cd\/wp-content\/uploads\/2017\/09\/dinheiro3.jpg\" \/>\n\t<meta property=\"og:image:width\" content=\"800\" \/>\n\t<meta property=\"og:image:height\" content=\"470\" \/>\n\t<meta property=\"og:image:type\" content=\"image\/jpeg\" \/>\n<meta name=\"author\" content=\"Not\u00edcias em Destaque\" \/>\n<meta name=\"twitter:card\" content=\"summary_large_image\" \/>\n<meta name=\"twitter:label1\" content=\"Escrito por\" \/>\n\t<meta name=\"twitter:data1\" content=\"Not\u00edcias em Destaque\" \/>\n\t<meta name=\"twitter:label2\" content=\"Est. tempo de leitura\" \/>\n\t<meta name=\"twitter:data2\" content=\"1 minuto\" \/>\n<script type=\"application\/ld+json\" class=\"yoast-schema-graph\">{\"@context\":\"https:\/\/schema.org\",\"@graph\":[{\"@type\":\"Article\",\"@id\":\"https:\/\/noticiasemdestaque.com\/cd\/?p=14652#article\",\"isPartOf\":{\"@id\":\"https:\/\/noticiasemdestaque.com\/cd\/?p=14652\"},\"author\":{\"name\":\"Not\u00edcias em Destaque\",\"@id\":\"https:\/\/noticiasemdestaque.com\/cd\/#\/schema\/person\/21320b03a7e8bb90128938dafc9b908a\"},\"headline\":\"Temer n\u00e3o faz decreto e m\u00ednimo fica em R$ 954, em vez de R$ 1.006\",\"datePublished\":\"2018-12-31T22:34:49+00:00\",\"mainEntityOfPage\":{\"@id\":\"https:\/\/noticiasemdestaque.com\/cd\/?p=14652\"},\"wordCount\":272,\"publisher\":{\"@id\":\"https:\/\/noticiasemdestaque.com\/cd\/#organization\"},\"image\":{\"@id\":\"https:\/\/noticiasemdestaque.com\/cd\/?p=14652#primaryimage\"},\"thumbnailUrl\":\"https:\/\/noticiasemdestaque.com\/cd\/wp-content\/uploads\/2017\/09\/dinheiro3.jpg\",\"articleSection\":[\"Geral\"],\"inLanguage\":\"pt-BR\"},{\"@type\":\"WebPage\",\"@id\":\"https:\/\/noticiasemdestaque.com\/cd\/?p=14652\",\"url\":\"https:\/\/noticiasemdestaque.com\/cd\/?p=14652\",\"name\":\"Temer n\u00e3o faz decreto e m\u00ednimo fica em R$ 954, em vez de R$ 1.006 - Not&iacute;cias em Destaque\",\"isPartOf\":{\"@id\":\"https:\/\/noticiasemdestaque.com\/cd\/#website\"},\"primaryImageOfPage\":{\"@id\":\"https:\/\/noticiasemdestaque.com\/cd\/?p=14652#primaryimage\"},\"image\":{\"@id\":\"https:\/\/noticiasemdestaque.com\/cd\/?p=14652#primaryimage\"},\"thumbnailUrl\":\"https:\/\/noticiasemdestaque.com\/cd\/wp-content\/uploads\/2017\/09\/dinheiro3.jpg\",\"datePublished\":\"2018-12-31T22:34:49+00:00\",\"breadcrumb\":{\"@id\":\"https:\/\/noticiasemdestaque.com\/cd\/?p=14652#breadcrumb\"},\"inLanguage\":\"pt-BR\",\"potentialAction\":[{\"@type\":\"ReadAction\",\"target\":[\"https:\/\/noticiasemdestaque.com\/cd\/?p=14652\"]}]},{\"@type\":\"ImageObject\",\"inLanguage\":\"pt-BR\",\"@id\":\"https:\/\/noticiasemdestaque.com\/cd\/?p=14652#primaryimage\",\"url\":\"https:\/\/noticiasemdestaque.com\/cd\/wp-content\/uploads\/2017\/09\/dinheiro3.jpg\",\"contentUrl\":\"https:\/\/noticiasemdestaque.com\/cd\/wp-content\/uploads\/2017\/09\/dinheiro3.jpg\",\"width\":800,\"height\":470},{\"@type\":\"BreadcrumbList\",\"@id\":\"https:\/\/noticiasemdestaque.com\/cd\/?p=14652#breadcrumb\",\"itemListElement\":[{\"@type\":\"ListItem\",\"position\":1,\"name\":\"In\u00edcio\",\"item\":\"https:\/\/noticiasemdestaque.com\/cd\/\"},{\"@type\":\"ListItem\",\"position\":2,\"name\":\"Temer n\u00e3o faz decreto e m\u00ednimo fica em R$ 954, em vez de R$ 1.006\"}]},{\"@type\":\"WebSite\",\"@id\":\"https:\/\/noticiasemdestaque.com\/cd\/#website\",\"url\":\"https:\/\/noticiasemdestaque.com\/cd\/\",\"name\":\"Not&iacute;cias em Destaque\",\"description\":\"\",\"publisher\":{\"@id\":\"https:\/\/noticiasemdestaque.com\/cd\/#organization\"},\"potentialAction\":[{\"@type\":\"SearchAction\",\"target\":{\"@type\":\"EntryPoint\",\"urlTemplate\":\"https:\/\/noticiasemdestaque.com\/cd\/?s={search_term_string}\"},\"query-input\":{\"@type\":\"PropertyValueSpecification\",\"valueRequired\":true,\"valueName\":\"search_term_string\"}}],\"inLanguage\":\"pt-BR\"},{\"@type\":\"Organization\",\"@id\":\"https:\/\/noticiasemdestaque.com\/cd\/#organization\",\"name\":\"Not\u00edcias em Destaque\",\"url\":\"https:\/\/noticiasemdestaque.com\/cd\/\",\"logo\":{\"@type\":\"ImageObject\",\"inLanguage\":\"pt-BR\",\"@id\":\"https:\/\/noticiasemdestaque.com\/cd\/#\/schema\/logo\/image\/\",\"url\":\"https:\/\/noticiasemdestaque.com\/cd\/wp-content\/uploads\/2022\/05\/imagem-base-noticiasemdestaque.png\",\"contentUrl\":\"https:\/\/noticiasemdestaque.com\/cd\/wp-content\/uploads\/2022\/05\/imagem-base-noticiasemdestaque.png\",\"width\":1200,\"height\":630,\"caption\":\"Not\u00edcias em Destaque\"},\"image\":{\"@id\":\"https:\/\/noticiasemdestaque.com\/cd\/#\/schema\/logo\/image\/\"}},{\"@type\":\"Person\",\"@id\":\"https:\/\/noticiasemdestaque.com\/cd\/#\/schema\/person\/21320b03a7e8bb90128938dafc9b908a\",\"name\":\"Not\u00edcias em Destaque\",\"url\":\"https:\/\/noticiasemdestaque.com\/cd\/?author=2\"}]}<\/script>\n<!-- \/ Yoast SEO plugin. -->","yoast_head_json":{"title":"Temer n\u00e3o faz decreto e m\u00ednimo fica em R$ 954, em vez de R$ 1.006 - Not&iacute;cias em Destaque","robots":{"index":"index","follow":"follow","max-snippet":"max-snippet:-1","max-image-preview":"max-image-preview:large","max-video-preview":"max-video-preview:-1"},"canonical":"https:\/\/noticiasemdestaque.com\/cd\/?p=14652","og_locale":"pt_BR","og_type":"article","og_title":"Temer n\u00e3o faz decreto e m\u00ednimo fica em R$ 954, em vez de R$ 1.006 - Not&iacute;cias em Destaque","og_description":"O presidente Michel Temer deixou para o sucessor, Jair Bolsonaro (PSL), definir a nova pol\u00edtica para o sal\u00e1rio m\u00ednimo. A regra atual para c\u00e1lculo perde validade nesta ter\u00e7a-feira (1\u00ba\/1). O valor atual do sal\u00e1rio m\u00ednimo \u00e9 de R$ 954. No Projeto de Lei Or\u00e7ament\u00e1ria Anual (Ploa) de 2019, o valor fixado para o m\u00ednimo a partir de 2019 \u00e9 de R$ 1.006. Por\u00e9m, \u00e9 necess\u00e1rio confirmar a quantia e definir tamb\u00e9m as regras que v\u00e3o vigorar para os pr\u00f3ximos reajustes. O sal\u00e1rio m\u00ednimo \u00e9 usado como refer\u00eancia para os benef\u00edcios assistenciais e previdenci\u00e1rios. Bolsonaro tem at\u00e9 o dia 15 de abril para decidir se mant\u00e9m a regra ou se muda. Pela regra atual, o m\u00ednimo deve ser corrigido pela infla\u00e7\u00e3o do ano anterior, medida pelo \u00cdndice Nacional de Pre\u00e7os ao Consumidor (INPC) mais a varia\u00e7\u00e3o do Produto Interno Bruto (PIB, soma dos bens e dos servi\u00e7os produzidos no pa\u00eds) dos dois anos anteriores. Os minist\u00e9rios da Fazenda e do Planejamento informaram que o valor do m\u00ednimo foi revisado para cima porque a estimativa de infla\u00e7\u00e3o pelo INPC em 2018 passou de 3,3% para 4,2%. O INPC mede a varia\u00e7\u00e3o de pre\u00e7os das fam\u00edlias mais pobres, com renda mensal de um a cinco sal\u00e1rios m\u00ednimos. Alguns Estados, como Rio de Janeiro e S\u00e3o Paulo, t\u00eam valores diferenciados para o sal\u00e1rio m\u00ednimo, acima do piso nacional. Not\u00edcias em Destaque\u00a0 Com Metr\u00f3poles","og_url":"https:\/\/noticiasemdestaque.com\/cd\/?p=14652","og_site_name":"Not&iacute;cias em Destaque","article_published_time":"2018-12-31T22:34:49+00:00","og_image":[{"width":800,"height":470,"url":"https:\/\/noticiasemdestaque.com\/cd\/wp-content\/uploads\/2017\/09\/dinheiro3.jpg","type":"image\/jpeg"}],"author":"Not\u00edcias em Destaque","twitter_card":"summary_large_image","twitter_misc":{"Escrito por":"Not\u00edcias em Destaque","Est. tempo de leitura":"1 minuto"},"schema":{"@context":"https:\/\/schema.org","@graph":[{"@type":"Article","@id":"https:\/\/noticiasemdestaque.com\/cd\/?p=14652#article","isPartOf":{"@id":"https:\/\/noticiasemdestaque.com\/cd\/?p=14652"},"author":{"name":"Not\u00edcias em Destaque","@id":"https:\/\/noticiasemdestaque.com\/cd\/#\/schema\/person\/21320b03a7e8bb90128938dafc9b908a"},"headline":"Temer n\u00e3o faz decreto e m\u00ednimo fica em R$ 954, em vez de R$ 1.006","datePublished":"2018-12-31T22:34:49+00:00","mainEntityOfPage":{"@id":"https:\/\/noticiasemdestaque.com\/cd\/?p=14652"},"wordCount":272,"publisher":{"@id":"https:\/\/noticiasemdestaque.com\/cd\/#organization"},"image":{"@id":"https:\/\/noticiasemdestaque.com\/cd\/?p=14652#primaryimage"},"thumbnailUrl":"https:\/\/noticiasemdestaque.com\/cd\/wp-content\/uploads\/2017\/09\/dinheiro3.jpg","articleSection":["Geral"],"inLanguage":"pt-BR"},{"@type":"WebPage","@id":"https:\/\/noticiasemdestaque.com\/cd\/?p=14652","url":"https:\/\/noticiasemdestaque.com\/cd\/?p=14652","name":"Temer n\u00e3o faz decreto e m\u00ednimo fica em R$ 954, em vez de R$ 1.006 - Not&iacute;cias em Destaque","isPartOf":{"@id":"https:\/\/noticiasemdestaque.com\/cd\/#website"},"primaryImageOfPage":{"@id":"https:\/\/noticiasemdestaque.com\/cd\/?p=14652#primaryimage"},"image":{"@id":"https:\/\/noticiasemdestaque.com\/cd\/?p=14652#primaryimage"},"thumbnailUrl":"https:\/\/noticiasemdestaque.com\/cd\/wp-content\/uploads\/2017\/09\/dinheiro3.jpg","datePublished":"2018-12-31T22:34:49+00:00","breadcrumb":{"@id":"https:\/\/noticiasemdestaque.com\/cd\/?p=14652#breadcrumb"},"inLanguage":"pt-BR","potentialAction":[{"@type":"ReadAction","target":["https:\/\/noticiasemdestaque.com\/cd\/?p=14652"]}]},{"@type":"ImageObject","inLanguage":"pt-BR","@id":"https:\/\/noticiasemdestaque.com\/cd\/?p=14652#primaryimage","url":"https:\/\/noticiasemdestaque.com\/cd\/wp-content\/uploads\/2017\/09\/dinheiro3.jpg","contentUrl":"https:\/\/noticiasemdestaque.com\/cd\/wp-content\/uploads\/2017\/09\/dinheiro3.jpg","width":800,"height":470},{"@type":"BreadcrumbList","@id":"https:\/\/noticiasemdestaque.com\/cd\/?p=14652#breadcrumb","itemListElement":[{"@type":"ListItem","position":1,"name":"In\u00edcio","item":"https:\/\/noticiasemdestaque.com\/cd\/"},{"@type":"ListItem","position":2,"name":"Temer n\u00e3o faz decreto e m\u00ednimo fica em R$ 954, em vez de R$ 1.006"}]},{"@type":"WebSite","@id":"https:\/\/noticiasemdestaque.com\/cd\/#website","url":"https:\/\/noticiasemdestaque.com\/cd\/","name":"Not&iacute;cias em Destaque","description":"","publisher":{"@id":"https:\/\/noticiasemdestaque.com\/cd\/#organization"},"potentialAction":[{"@type":"SearchAction","target":{"@type":"EntryPoint","urlTemplate":"https:\/\/noticiasemdestaque.com\/cd\/?s={search_term_string}"},"query-input":{"@type":"PropertyValueSpecification","valueRequired":true,"valueName":"search_term_string"}}],"inLanguage":"pt-BR"},{"@type":"Organization","@id":"https:\/\/noticiasemdestaque.com\/cd\/#organization","name":"Not\u00edcias em Destaque","url":"https:\/\/noticiasemdestaque.com\/cd\/","logo":{"@type":"ImageObject","inLanguage":"pt-BR","@id":"https:\/\/noticiasemdestaque.com\/cd\/#\/schema\/logo\/image\/","url":"https:\/\/noticiasemdestaque.com\/cd\/wp-content\/uploads\/2022\/05\/imagem-base-noticiasemdestaque.png","contentUrl":"https:\/\/noticiasemdestaque.com\/cd\/wp-content\/uploads\/2022\/05\/imagem-base-noticiasemdestaque.png","width":1200,"height":630,"caption":"Not\u00edcias em Destaque"},"image":{"@id":"https:\/\/noticiasemdestaque.com\/cd\/#\/schema\/logo\/image\/"}},{"@type":"Person","@id":"https:\/\/noticiasemdestaque.com\/cd\/#\/schema\/person\/21320b03a7e8bb90128938dafc9b908a","name":"Not\u00edcias em Destaque","url":"https:\/\/noticiasemdestaque.com\/cd\/?author=2"}]}},"jetpack_featured_media_url":"https:\/\/noticiasemdestaque.com\/cd\/wp-content\/uploads\/2017\/09\/dinheiro3.jpg","jetpack_sharing_enabled":true,"_links":{"self":[{"href":"https:\/\/noticiasemdestaque.com\/cd\/index.php?rest_route=\/wp\/v2\/posts\/14652","targetHints":{"allow":["GET"]}}],"collection":[{"href":"https:\/\/noticiasemdestaque.com\/cd\/index.php?rest_route=\/wp\/v2\/posts"}],"about":[{"href":"https:\/\/noticiasemdestaque.com\/cd\/index.php?rest_route=\/wp\/v2\/types\/post"}],"author":[{"embeddable":true,"href":"https:\/\/noticiasemdestaque.com\/cd\/index.php?rest_route=\/wp\/v2\/users\/2"}],"replies":[{"embeddable":true,"href":"https:\/\/noticiasemdestaque.com\/cd\/index.php?rest_route=%2Fwp%2Fv2%2Fcomments&post=14652"}],"version-history":[{"count":1,"href":"https:\/\/noticiasemdestaque.com\/cd\/index.php?rest_route=\/wp\/v2\/posts\/14652\/revisions"}],"predecessor-version":[{"id":14653,"href":"https:\/\/noticiasemdestaque.com\/cd\/index.php?rest_route=\/wp\/v2\/posts\/14652\/revisions\/14653"}],"wp:featuredmedia":[{"embeddable":true,"href":"https:\/\/noticiasemdestaque.com\/cd\/index.php?rest_route=\/wp\/v2\/media\/4607"}],"wp:attachment":[{"href":"https:\/\/noticiasemdestaque.com\/cd\/index.php?rest_route=%2Fwp%2Fv2%2Fmedia&parent=14652"}],"wp:term":[{"taxonomy":"category","embeddable":true,"href":"https:\/\/noticiasemdestaque.com\/cd\/index.php?rest_route=%2Fwp%2Fv2%2Fcategories&post=14652"},{"taxonomy":"post_tag","embeddable":true,"href":"https:\/\/noticiasemdestaque.com\/cd\/index.php?rest_route=%2Fwp%2Fv2%2Ftags&post=14652"}],"curies":[{"name":"wp","href":"https:\/\/api.w.org\/{rel}","templated":true}]}}