{"id":1463,"date":"2017-07-07T18:47:26","date_gmt":"2017-07-07T21:47:26","guid":{"rendered":"http:\/\/caririemdestaque.com\/cd\/?p=1463"},"modified":"2017-07-07T18:47:26","modified_gmt":"2017-07-07T21:47:26","slug":"sebrae-pb-e-o-apoio-a-implantacao-do-novo-roteiro-turistico-na-prata","status":"publish","type":"post","link":"https:\/\/noticiasemdestaque.com\/cd\/?p=1463","title":{"rendered":"Sebrae-Pb e o apoio a implanta\u00e7\u00e3o do novo Roteiro Tur\u00edstico na Prata"},"content":{"rendered":"<p><a href=\"http:\/\/caririemdestaque.com\/cd\/wp-content\/uploads\/2017\/07\/07072017163510.jpg\"><img decoding=\"async\" class=\"size-medium wp-image-1464 alignleft\" src=\"http:\/\/caririemdestaque.com\/cd\/wp-content\/uploads\/2017\/07\/07072017163510-300x158.jpg\" alt=\"\" width=\"300\" height=\"158\" srcset=\"https:\/\/noticiasemdestaque.com\/cd\/wp-content\/uploads\/2017\/07\/07072017163510-300x158.jpg 300w, https:\/\/noticiasemdestaque.com\/cd\/wp-content\/uploads\/2017\/07\/07072017163510.jpg 720w\" sizes=\"(max-width: 300px) 100vw, 300px\" \/><\/a>O Sebrae-Pb vem de apoiar a implanta\u00e7\u00e3o na Cidade da Prata, no Cariri da Para\u00edba, de um novo Roteiro Tur\u00edstico, abrangendo\u00a0 a Gastronomia e seu Potencial Cultural, estimulando, assim, o desenvolvimento dessas atividades econ\u00f4micas, em toda essa Regi\u00e3o.<\/p>\n<p>Ent\u00e3o, fa\u00e7o quest\u00e3o de divulgar tal avan\u00e7o, que representa uma conquista, das mais valiosas, para aquela sofrida gente do Cariri paraibano. Obtivemos, h\u00e1 pouco tempo, \u00e0s aben\u00e7oadas \u00e1guas do S\u00e3o Francisco, que, segundo o atual Governo do Estado, ser\u00e3o redistribu\u00eddas pelos munic\u00edpios do Cariri.Ao lado das estradas asfaltadas, constru\u00eddas ali, tais conquistas dar\u00e3osustentabilidade ao seu desenvolvimento.<\/p>\n<p>N\u00e3o posso esquecer minhas vincula\u00e7\u00f5es com o Cariri da Para\u00edba: primeiro, pela minha identidade geogr\u00e1fica, e, depois, pelo processo de intera\u00e7\u00e3o que desenvolvemos, em favor dele, quando estive no exerc\u00edcio do m\u00fanus p\u00fablico, na Assembleia Legislativa e no Congresso Nacional.<\/p>\n<p>Tais circunst\u00e2ncias, que agrade\u00e7o a Deus, sempre, dada a minha total disponibilidade de a\u00e7\u00e3o em seu favor, n\u00e3o me isenta de aplaudir os que me sucederam nessa miss\u00e3o, todos trabalhando, dentro de suas condi\u00e7\u00f5es, para exercerem seus encargos c\u00edvicos na valoriza\u00e7\u00e3o da Terra Comum.<\/p>\n<p>Sou agradecido por ainda dispor dessa Tribuna, Vitrine do Cariri, na qual acompanho as realiza\u00e7\u00f5es dos atuais respons\u00e1veis pelos destinos da Regi\u00e3o, com a consci\u00eancia tranquila de que, quando convocado, ajudei na constru\u00e7\u00e3o do seu progresso.<\/p>\n<p>Humildemente, reconhe\u00e7o o apoio de for\u00e7as superiores nessa tarefa de Bem Servir. Agrade\u00e7o, ent\u00e3o pela Vida, pela Fam\u00edlia e pela Sa\u00fade, o fazendo, tamb\u00e9m, pelas oportunidades de ter podido ajudar, indistintamente, a todos quantos, nos mais de trinta munic\u00edpios onde fui votado, puderam dispor de uma vida melhor.<\/p>\n<p>Agora, aplaudo os que est\u00e3o na Regi\u00e3o e no Estado, aumentando os horizontes da sua boa gente, dando-lhe Trabalho, Sa\u00fade e Educa\u00e7\u00e3o, sem desanimarem na nobre miss\u00e3o de perseguirem o seu desenvolvimento social e econ\u00f4mico. Aplausos!<\/p>\n<p>Evaldo Gon\u00e7alves \u00e9 da APL e do IHGP<\/p>\n<p>&nbsp;<\/p>\n","protected":false},"excerpt":{"rendered":"<p>O Sebrae-Pb vem de apoiar a implanta\u00e7\u00e3o na Cidade da Prata, no Cariri da Para\u00edba, de um novo Roteiro Tur\u00edstico, abrangendo\u00a0 a Gastronomia e seu Potencial Cultural, estimulando, assim, o desenvolvimento dessas atividades econ\u00f4micas, em toda essa Regi\u00e3o. Ent\u00e3o, fa\u00e7o quest\u00e3o de divulgar tal avan\u00e7o, que representa uma conquista, das mais valiosas, para aquela sofrida gente do Cariri paraibano. Obtivemos, h\u00e1 pouco tempo, \u00e0s aben\u00e7oadas \u00e1guas do S\u00e3o Francisco, que, segundo o atual Governo do Estado, ser\u00e3o redistribu\u00eddas pelos munic\u00edpios do Cariri.Ao lado das estradas asfaltadas, constru\u00eddas ali, tais conquistas dar\u00e3osustentabilidade ao seu desenvolvimento. N\u00e3o posso esquecer minhas vincula\u00e7\u00f5es com o Cariri da Para\u00edba: primeiro, pela minha identidade geogr\u00e1fica, e, depois, pelo processo de intera\u00e7\u00e3o que desenvolvemos, em favor dele, quando estive no exerc\u00edcio do m\u00fanus p\u00fablico, na Assembleia Legislativa e no Congresso Nacional. Tais circunst\u00e2ncias, que agrade\u00e7o a Deus, sempre, dada a minha total disponibilidade de a\u00e7\u00e3o em seu favor, n\u00e3o me isenta de aplaudir os que me sucederam nessa miss\u00e3o, todos trabalhando, dentro de suas condi\u00e7\u00f5es, para exercerem seus encargos c\u00edvicos na valoriza\u00e7\u00e3o da Terra Comum. Sou agradecido por ainda dispor dessa Tribuna, Vitrine do Cariri, na qual acompanho as realiza\u00e7\u00f5es dos atuais respons\u00e1veis pelos destinos da Regi\u00e3o, com a consci\u00eancia tranquila de que, quando convocado, ajudei na constru\u00e7\u00e3o do seu progresso. Humildemente, reconhe\u00e7o o apoio de for\u00e7as superiores nessa tarefa de Bem Servir. Agrade\u00e7o, ent\u00e3o pela Vida, pela Fam\u00edlia e pela Sa\u00fade, o fazendo, tamb\u00e9m, pelas oportunidades de ter podido ajudar, indistintamente, a todos quantos, nos mais de trinta munic\u00edpios onde fui votado, puderam dispor de uma vida melhor. Agora, aplaudo os que est\u00e3o na Regi\u00e3o e no Estado, aumentando os horizontes da sua boa gente, dando-lhe Trabalho, Sa\u00fade e Educa\u00e7\u00e3o, sem desanimarem na nobre miss\u00e3o de perseguirem o seu desenvolvimento social e econ\u00f4mico. Aplausos! Evaldo Gon\u00e7alves \u00e9 da APL e do IHGP &nbsp;<\/p>\n","protected":false},"author":2,"featured_media":1464,"comment_status":"closed","ping_status":"open","sticky":false,"template":"","format":"standard","meta":{"_eb_attr":"","_jetpack_memberships_contains_paid_content":false,"footnotes":""},"categories":[11],"tags":[],"class_list":["post-1463","post","type-post","status-publish","format-standard","has-post-thumbnail","hentry","category-economia"],"yoast_head":"<!-- This site is optimized with the Yoast SEO plugin v26.5 - https:\/\/yoast.com\/wordpress\/plugins\/seo\/ -->\n<title>Sebrae-Pb e o apoio a implanta\u00e7\u00e3o do novo Roteiro Tur\u00edstico na Prata - Not&iacute;cias em Destaque<\/title>\n<meta name=\"robots\" content=\"index, follow, max-snippet:-1, max-image-preview:large, max-video-preview:-1\" \/>\n<link rel=\"canonical\" href=\"https:\/\/noticiasemdestaque.com\/cd\/?p=1463\" \/>\n<meta property=\"og:locale\" content=\"pt_BR\" \/>\n<meta property=\"og:type\" content=\"article\" \/>\n<meta property=\"og:title\" content=\"Sebrae-Pb e o apoio a implanta\u00e7\u00e3o do novo Roteiro Tur\u00edstico na Prata - Not&iacute;cias em Destaque\" \/>\n<meta property=\"og:description\" content=\"O Sebrae-Pb vem de apoiar a implanta\u00e7\u00e3o na Cidade da Prata, no Cariri da Para\u00edba, de um novo Roteiro Tur\u00edstico, abrangendo\u00a0 a Gastronomia e seu Potencial Cultural, estimulando, assim, o desenvolvimento dessas atividades econ\u00f4micas, em toda essa Regi\u00e3o. Ent\u00e3o, fa\u00e7o quest\u00e3o de divulgar tal avan\u00e7o, que representa uma conquista, das mais valiosas, para aquela sofrida gente do Cariri paraibano. Obtivemos, h\u00e1 pouco tempo, \u00e0s aben\u00e7oadas \u00e1guas do S\u00e3o Francisco, que, segundo o atual Governo do Estado, ser\u00e3o redistribu\u00eddas pelos munic\u00edpios do Cariri.Ao lado das estradas asfaltadas, constru\u00eddas ali, tais conquistas dar\u00e3osustentabilidade ao seu desenvolvimento. N\u00e3o posso esquecer minhas vincula\u00e7\u00f5es com o Cariri da Para\u00edba: primeiro, pela minha identidade geogr\u00e1fica, e, depois, pelo processo de intera\u00e7\u00e3o que desenvolvemos, em favor dele, quando estive no exerc\u00edcio do m\u00fanus p\u00fablico, na Assembleia Legislativa e no Congresso Nacional. Tais circunst\u00e2ncias, que agrade\u00e7o a Deus, sempre, dada a minha total disponibilidade de a\u00e7\u00e3o em seu favor, n\u00e3o me isenta de aplaudir os que me sucederam nessa miss\u00e3o, todos trabalhando, dentro de suas condi\u00e7\u00f5es, para exercerem seus encargos c\u00edvicos na valoriza\u00e7\u00e3o da Terra Comum. Sou agradecido por ainda dispor dessa Tribuna, Vitrine do Cariri, na qual acompanho as realiza\u00e7\u00f5es dos atuais respons\u00e1veis pelos destinos da Regi\u00e3o, com a consci\u00eancia tranquila de que, quando convocado, ajudei na constru\u00e7\u00e3o do seu progresso. Humildemente, reconhe\u00e7o o apoio de for\u00e7as superiores nessa tarefa de Bem Servir. Agrade\u00e7o, ent\u00e3o pela Vida, pela Fam\u00edlia e pela Sa\u00fade, o fazendo, tamb\u00e9m, pelas oportunidades de ter podido ajudar, indistintamente, a todos quantos, nos mais de trinta munic\u00edpios onde fui votado, puderam dispor de uma vida melhor. Agora, aplaudo os que est\u00e3o na Regi\u00e3o e no Estado, aumentando os horizontes da sua boa gente, dando-lhe Trabalho, Sa\u00fade e Educa\u00e7\u00e3o, sem desanimarem na nobre miss\u00e3o de perseguirem o seu desenvolvimento social e econ\u00f4mico. Aplausos! Evaldo Gon\u00e7alves \u00e9 da APL e do IHGP &nbsp;\" \/>\n<meta property=\"og:url\" content=\"https:\/\/noticiasemdestaque.com\/cd\/?p=1463\" \/>\n<meta property=\"og:site_name\" content=\"Not&iacute;cias em Destaque\" \/>\n<meta property=\"article:published_time\" content=\"2017-07-07T21:47:26+00:00\" \/>\n<meta property=\"og:image\" content=\"https:\/\/noticiasemdestaque.com\/cd\/wp-content\/uploads\/2017\/07\/07072017163510.jpg\" \/>\n\t<meta property=\"og:image:width\" content=\"720\" \/>\n\t<meta property=\"og:image:height\" content=\"378\" \/>\n\t<meta property=\"og:image:type\" content=\"image\/jpeg\" \/>\n<meta name=\"author\" content=\"Not\u00edcias em Destaque\" \/>\n<meta name=\"twitter:card\" content=\"summary_large_image\" \/>\n<meta name=\"twitter:label1\" content=\"Escrito por\" \/>\n\t<meta name=\"twitter:data1\" content=\"Not\u00edcias em Destaque\" \/>\n\t<meta name=\"twitter:label2\" content=\"Est. tempo de leitura\" \/>\n\t<meta name=\"twitter:data2\" content=\"2 minutos\" \/>\n<script type=\"application\/ld+json\" class=\"yoast-schema-graph\">{\"@context\":\"https:\/\/schema.org\",\"@graph\":[{\"@type\":\"Article\",\"@id\":\"https:\/\/noticiasemdestaque.com\/cd\/?p=1463#article\",\"isPartOf\":{\"@id\":\"https:\/\/noticiasemdestaque.com\/cd\/?p=1463\"},\"author\":{\"name\":\"Not\u00edcias em Destaque\",\"@id\":\"https:\/\/noticiasemdestaque.com\/cd\/#\/schema\/person\/4a81fb71f77579d059c3045891fa1786\"},\"headline\":\"Sebrae-Pb e o apoio a implanta\u00e7\u00e3o do novo Roteiro Tur\u00edstico na Prata\",\"datePublished\":\"2017-07-07T21:47:26+00:00\",\"mainEntityOfPage\":{\"@id\":\"https:\/\/noticiasemdestaque.com\/cd\/?p=1463\"},\"wordCount\":373,\"publisher\":{\"@id\":\"https:\/\/noticiasemdestaque.com\/cd\/#organization\"},\"image\":{\"@id\":\"https:\/\/noticiasemdestaque.com\/cd\/?p=1463#primaryimage\"},\"thumbnailUrl\":\"https:\/\/noticiasemdestaque.com\/cd\/wp-content\/uploads\/2017\/07\/07072017163510.jpg\",\"articleSection\":[\"Economia\"],\"inLanguage\":\"pt-BR\"},{\"@type\":\"WebPage\",\"@id\":\"https:\/\/noticiasemdestaque.com\/cd\/?p=1463\",\"url\":\"https:\/\/noticiasemdestaque.com\/cd\/?p=1463\",\"name\":\"Sebrae-Pb e o apoio a implanta\u00e7\u00e3o do novo Roteiro Tur\u00edstico na Prata - Not&iacute;cias em Destaque\",\"isPartOf\":{\"@id\":\"https:\/\/noticiasemdestaque.com\/cd\/#website\"},\"primaryImageOfPage\":{\"@id\":\"https:\/\/noticiasemdestaque.com\/cd\/?p=1463#primaryimage\"},\"image\":{\"@id\":\"https:\/\/noticiasemdestaque.com\/cd\/?p=1463#primaryimage\"},\"thumbnailUrl\":\"https:\/\/noticiasemdestaque.com\/cd\/wp-content\/uploads\/2017\/07\/07072017163510.jpg\",\"datePublished\":\"2017-07-07T21:47:26+00:00\",\"breadcrumb\":{\"@id\":\"https:\/\/noticiasemdestaque.com\/cd\/?p=1463#breadcrumb\"},\"inLanguage\":\"pt-BR\",\"potentialAction\":[{\"@type\":\"ReadAction\",\"target\":[\"https:\/\/noticiasemdestaque.com\/cd\/?p=1463\"]}]},{\"@type\":\"ImageObject\",\"inLanguage\":\"pt-BR\",\"@id\":\"https:\/\/noticiasemdestaque.com\/cd\/?p=1463#primaryimage\",\"url\":\"https:\/\/noticiasemdestaque.com\/cd\/wp-content\/uploads\/2017\/07\/07072017163510.jpg\",\"contentUrl\":\"https:\/\/noticiasemdestaque.com\/cd\/wp-content\/uploads\/2017\/07\/07072017163510.jpg\",\"width\":720,\"height\":378},{\"@type\":\"BreadcrumbList\",\"@id\":\"https:\/\/noticiasemdestaque.com\/cd\/?p=1463#breadcrumb\",\"itemListElement\":[{\"@type\":\"ListItem\",\"position\":1,\"name\":\"In\u00edcio\",\"item\":\"https:\/\/noticiasemdestaque.com\/cd\/\"},{\"@type\":\"ListItem\",\"position\":2,\"name\":\"Sebrae-Pb e o apoio a implanta\u00e7\u00e3o do novo Roteiro Tur\u00edstico na Prata\"}]},{\"@type\":\"WebSite\",\"@id\":\"https:\/\/noticiasemdestaque.com\/cd\/#website\",\"url\":\"https:\/\/noticiasemdestaque.com\/cd\/\",\"name\":\"Not&iacute;cias em Destaque\",\"description\":\"\",\"publisher\":{\"@id\":\"https:\/\/noticiasemdestaque.com\/cd\/#organization\"},\"potentialAction\":[{\"@type\":\"SearchAction\",\"target\":{\"@type\":\"EntryPoint\",\"urlTemplate\":\"https:\/\/noticiasemdestaque.com\/cd\/?s={search_term_string}\"},\"query-input\":{\"@type\":\"PropertyValueSpecification\",\"valueRequired\":true,\"valueName\":\"search_term_string\"}}],\"inLanguage\":\"pt-BR\"},{\"@type\":\"Organization\",\"@id\":\"https:\/\/noticiasemdestaque.com\/cd\/#organization\",\"name\":\"Not\u00edcias em Destaque\",\"url\":\"https:\/\/noticiasemdestaque.com\/cd\/\",\"logo\":{\"@type\":\"ImageObject\",\"inLanguage\":\"pt-BR\",\"@id\":\"https:\/\/noticiasemdestaque.com\/cd\/#\/schema\/logo\/image\/\",\"url\":\"https:\/\/noticiasemdestaque.com\/cd\/wp-content\/uploads\/2022\/05\/imagem-base-noticiasemdestaque.png\",\"contentUrl\":\"https:\/\/noticiasemdestaque.com\/cd\/wp-content\/uploads\/2022\/05\/imagem-base-noticiasemdestaque.png\",\"width\":1200,\"height\":630,\"caption\":\"Not\u00edcias em Destaque\"},\"image\":{\"@id\":\"https:\/\/noticiasemdestaque.com\/cd\/#\/schema\/logo\/image\/\"}},{\"@type\":\"Person\",\"@id\":\"https:\/\/noticiasemdestaque.com\/cd\/#\/schema\/person\/4a81fb71f77579d059c3045891fa1786\",\"name\":\"Not\u00edcias em Destaque\",\"url\":\"https:\/\/noticiasemdestaque.com\/cd\/?author=2\"}]}<\/script>\n<!-- \/ Yoast SEO plugin. -->","yoast_head_json":{"title":"Sebrae-Pb e o apoio a implanta\u00e7\u00e3o do novo Roteiro Tur\u00edstico na Prata - Not&iacute;cias em Destaque","robots":{"index":"index","follow":"follow","max-snippet":"max-snippet:-1","max-image-preview":"max-image-preview:large","max-video-preview":"max-video-preview:-1"},"canonical":"https:\/\/noticiasemdestaque.com\/cd\/?p=1463","og_locale":"pt_BR","og_type":"article","og_title":"Sebrae-Pb e o apoio a implanta\u00e7\u00e3o do novo Roteiro Tur\u00edstico na Prata - Not&iacute;cias em Destaque","og_description":"O Sebrae-Pb vem de apoiar a implanta\u00e7\u00e3o na Cidade da Prata, no Cariri da Para\u00edba, de um novo Roteiro Tur\u00edstico, abrangendo\u00a0 a Gastronomia e seu Potencial Cultural, estimulando, assim, o desenvolvimento dessas atividades econ\u00f4micas, em toda essa Regi\u00e3o. Ent\u00e3o, fa\u00e7o quest\u00e3o de divulgar tal avan\u00e7o, que representa uma conquista, das mais valiosas, para aquela sofrida gente do Cariri paraibano. Obtivemos, h\u00e1 pouco tempo, \u00e0s aben\u00e7oadas \u00e1guas do S\u00e3o Francisco, que, segundo o atual Governo do Estado, ser\u00e3o redistribu\u00eddas pelos munic\u00edpios do Cariri.Ao lado das estradas asfaltadas, constru\u00eddas ali, tais conquistas dar\u00e3osustentabilidade ao seu desenvolvimento. N\u00e3o posso esquecer minhas vincula\u00e7\u00f5es com o Cariri da Para\u00edba: primeiro, pela minha identidade geogr\u00e1fica, e, depois, pelo processo de intera\u00e7\u00e3o que desenvolvemos, em favor dele, quando estive no exerc\u00edcio do m\u00fanus p\u00fablico, na Assembleia Legislativa e no Congresso Nacional. Tais circunst\u00e2ncias, que agrade\u00e7o a Deus, sempre, dada a minha total disponibilidade de a\u00e7\u00e3o em seu favor, n\u00e3o me isenta de aplaudir os que me sucederam nessa miss\u00e3o, todos trabalhando, dentro de suas condi\u00e7\u00f5es, para exercerem seus encargos c\u00edvicos na valoriza\u00e7\u00e3o da Terra Comum. Sou agradecido por ainda dispor dessa Tribuna, Vitrine do Cariri, na qual acompanho as realiza\u00e7\u00f5es dos atuais respons\u00e1veis pelos destinos da Regi\u00e3o, com a consci\u00eancia tranquila de que, quando convocado, ajudei na constru\u00e7\u00e3o do seu progresso. Humildemente, reconhe\u00e7o o apoio de for\u00e7as superiores nessa tarefa de Bem Servir. Agrade\u00e7o, ent\u00e3o pela Vida, pela Fam\u00edlia e pela Sa\u00fade, o fazendo, tamb\u00e9m, pelas oportunidades de ter podido ajudar, indistintamente, a todos quantos, nos mais de trinta munic\u00edpios onde fui votado, puderam dispor de uma vida melhor. Agora, aplaudo os que est\u00e3o na Regi\u00e3o e no Estado, aumentando os horizontes da sua boa gente, dando-lhe Trabalho, Sa\u00fade e Educa\u00e7\u00e3o, sem desanimarem na nobre miss\u00e3o de perseguirem o seu desenvolvimento social e econ\u00f4mico. Aplausos! Evaldo Gon\u00e7alves \u00e9 da APL e do IHGP &nbsp;","og_url":"https:\/\/noticiasemdestaque.com\/cd\/?p=1463","og_site_name":"Not&iacute;cias em Destaque","article_published_time":"2017-07-07T21:47:26+00:00","og_image":[{"width":720,"height":378,"url":"https:\/\/noticiasemdestaque.com\/cd\/wp-content\/uploads\/2017\/07\/07072017163510.jpg","type":"image\/jpeg"}],"author":"Not\u00edcias em Destaque","twitter_card":"summary_large_image","twitter_misc":{"Escrito por":"Not\u00edcias em Destaque","Est. tempo de leitura":"2 minutos"},"schema":{"@context":"https:\/\/schema.org","@graph":[{"@type":"Article","@id":"https:\/\/noticiasemdestaque.com\/cd\/?p=1463#article","isPartOf":{"@id":"https:\/\/noticiasemdestaque.com\/cd\/?p=1463"},"author":{"name":"Not\u00edcias em Destaque","@id":"https:\/\/noticiasemdestaque.com\/cd\/#\/schema\/person\/4a81fb71f77579d059c3045891fa1786"},"headline":"Sebrae-Pb e o apoio a implanta\u00e7\u00e3o do novo Roteiro Tur\u00edstico na Prata","datePublished":"2017-07-07T21:47:26+00:00","mainEntityOfPage":{"@id":"https:\/\/noticiasemdestaque.com\/cd\/?p=1463"},"wordCount":373,"publisher":{"@id":"https:\/\/noticiasemdestaque.com\/cd\/#organization"},"image":{"@id":"https:\/\/noticiasemdestaque.com\/cd\/?p=1463#primaryimage"},"thumbnailUrl":"https:\/\/noticiasemdestaque.com\/cd\/wp-content\/uploads\/2017\/07\/07072017163510.jpg","articleSection":["Economia"],"inLanguage":"pt-BR"},{"@type":"WebPage","@id":"https:\/\/noticiasemdestaque.com\/cd\/?p=1463","url":"https:\/\/noticiasemdestaque.com\/cd\/?p=1463","name":"Sebrae-Pb e o apoio a implanta\u00e7\u00e3o do novo Roteiro Tur\u00edstico na Prata - Not&iacute;cias em Destaque","isPartOf":{"@id":"https:\/\/noticiasemdestaque.com\/cd\/#website"},"primaryImageOfPage":{"@id":"https:\/\/noticiasemdestaque.com\/cd\/?p=1463#primaryimage"},"image":{"@id":"https:\/\/noticiasemdestaque.com\/cd\/?p=1463#primaryimage"},"thumbnailUrl":"https:\/\/noticiasemdestaque.com\/cd\/wp-content\/uploads\/2017\/07\/07072017163510.jpg","datePublished":"2017-07-07T21:47:26+00:00","breadcrumb":{"@id":"https:\/\/noticiasemdestaque.com\/cd\/?p=1463#breadcrumb"},"inLanguage":"pt-BR","potentialAction":[{"@type":"ReadAction","target":["https:\/\/noticiasemdestaque.com\/cd\/?p=1463"]}]},{"@type":"ImageObject","inLanguage":"pt-BR","@id":"https:\/\/noticiasemdestaque.com\/cd\/?p=1463#primaryimage","url":"https:\/\/noticiasemdestaque.com\/cd\/wp-content\/uploads\/2017\/07\/07072017163510.jpg","contentUrl":"https:\/\/noticiasemdestaque.com\/cd\/wp-content\/uploads\/2017\/07\/07072017163510.jpg","width":720,"height":378},{"@type":"BreadcrumbList","@id":"https:\/\/noticiasemdestaque.com\/cd\/?p=1463#breadcrumb","itemListElement":[{"@type":"ListItem","position":1,"name":"In\u00edcio","item":"https:\/\/noticiasemdestaque.com\/cd\/"},{"@type":"ListItem","position":2,"name":"Sebrae-Pb e o apoio a implanta\u00e7\u00e3o do novo Roteiro Tur\u00edstico na Prata"}]},{"@type":"WebSite","@id":"https:\/\/noticiasemdestaque.com\/cd\/#website","url":"https:\/\/noticiasemdestaque.com\/cd\/","name":"Not&iacute;cias em Destaque","description":"","publisher":{"@id":"https:\/\/noticiasemdestaque.com\/cd\/#organization"},"potentialAction":[{"@type":"SearchAction","target":{"@type":"EntryPoint","urlTemplate":"https:\/\/noticiasemdestaque.com\/cd\/?s={search_term_string}"},"query-input":{"@type":"PropertyValueSpecification","valueRequired":true,"valueName":"search_term_string"}}],"inLanguage":"pt-BR"},{"@type":"Organization","@id":"https:\/\/noticiasemdestaque.com\/cd\/#organization","name":"Not\u00edcias em Destaque","url":"https:\/\/noticiasemdestaque.com\/cd\/","logo":{"@type":"ImageObject","inLanguage":"pt-BR","@id":"https:\/\/noticiasemdestaque.com\/cd\/#\/schema\/logo\/image\/","url":"https:\/\/noticiasemdestaque.com\/cd\/wp-content\/uploads\/2022\/05\/imagem-base-noticiasemdestaque.png","contentUrl":"https:\/\/noticiasemdestaque.com\/cd\/wp-content\/uploads\/2022\/05\/imagem-base-noticiasemdestaque.png","width":1200,"height":630,"caption":"Not\u00edcias em Destaque"},"image":{"@id":"https:\/\/noticiasemdestaque.com\/cd\/#\/schema\/logo\/image\/"}},{"@type":"Person","@id":"https:\/\/noticiasemdestaque.com\/cd\/#\/schema\/person\/4a81fb71f77579d059c3045891fa1786","name":"Not\u00edcias em Destaque","url":"https:\/\/noticiasemdestaque.com\/cd\/?author=2"}]}},"jetpack_featured_media_url":"https:\/\/noticiasemdestaque.com\/cd\/wp-content\/uploads\/2017\/07\/07072017163510.jpg","jetpack_sharing_enabled":true,"_links":{"self":[{"href":"https:\/\/noticiasemdestaque.com\/cd\/index.php?rest_route=\/wp\/v2\/posts\/1463","targetHints":{"allow":["GET"]}}],"collection":[{"href":"https:\/\/noticiasemdestaque.com\/cd\/index.php?rest_route=\/wp\/v2\/posts"}],"about":[{"href":"https:\/\/noticiasemdestaque.com\/cd\/index.php?rest_route=\/wp\/v2\/types\/post"}],"author":[{"embeddable":true,"href":"https:\/\/noticiasemdestaque.com\/cd\/index.php?rest_route=\/wp\/v2\/users\/2"}],"replies":[{"embeddable":true,"href":"https:\/\/noticiasemdestaque.com\/cd\/index.php?rest_route=%2Fwp%2Fv2%2Fcomments&post=1463"}],"version-history":[{"count":1,"href":"https:\/\/noticiasemdestaque.com\/cd\/index.php?rest_route=\/wp\/v2\/posts\/1463\/revisions"}],"predecessor-version":[{"id":1465,"href":"https:\/\/noticiasemdestaque.com\/cd\/index.php?rest_route=\/wp\/v2\/posts\/1463\/revisions\/1465"}],"wp:featuredmedia":[{"embeddable":true,"href":"https:\/\/noticiasemdestaque.com\/cd\/index.php?rest_route=\/wp\/v2\/media\/1464"}],"wp:attachment":[{"href":"https:\/\/noticiasemdestaque.com\/cd\/index.php?rest_route=%2Fwp%2Fv2%2Fmedia&parent=1463"}],"wp:term":[{"taxonomy":"category","embeddable":true,"href":"https:\/\/noticiasemdestaque.com\/cd\/index.php?rest_route=%2Fwp%2Fv2%2Fcategories&post=1463"},{"taxonomy":"post_tag","embeddable":true,"href":"https:\/\/noticiasemdestaque.com\/cd\/index.php?rest_route=%2Fwp%2Fv2%2Ftags&post=1463"}],"curies":[{"name":"wp","href":"https:\/\/api.w.org\/{rel}","templated":true}]}}