{"id":1459,"date":"2017-07-07T18:40:21","date_gmt":"2017-07-07T21:40:21","guid":{"rendered":"http:\/\/caririemdestaque.com\/cd\/?p=1459"},"modified":"2017-07-07T18:40:21","modified_gmt":"2017-07-07T21:40:21","slug":"aesa-vai-reduzir-restricoes-sobre-o-uso-das-aguas-de-boqueirao-e-rio-paraiba","status":"publish","type":"post","link":"https:\/\/noticiasemdestaque.com\/cd\/?p=1459","title":{"rendered":"Aesa vai reduzir restri\u00e7\u00f5es sobre o uso das \u00e1guas de Boqueir\u00e3o e rio Para\u00edba"},"content":{"rendered":"<p><a href=\"http:\/\/caririemdestaque.com\/cd\/wp-content\/uploads\/2017\/07\/rio_paraiba_aesa.jpg\"><img fetchpriority=\"high\" decoding=\"async\" class=\"size-medium wp-image-1460 alignleft\" src=\"http:\/\/caririemdestaque.com\/cd\/wp-content\/uploads\/2017\/07\/rio_paraiba_aesa-300x200.jpg\" alt=\"\" width=\"300\" height=\"200\" srcset=\"https:\/\/noticiasemdestaque.com\/cd\/wp-content\/uploads\/2017\/07\/rio_paraiba_aesa-300x200.jpg 300w, https:\/\/noticiasemdestaque.com\/cd\/wp-content\/uploads\/2017\/07\/rio_paraiba_aesa-768x513.jpg 768w, https:\/\/noticiasemdestaque.com\/cd\/wp-content\/uploads\/2017\/07\/rio_paraiba_aesa-480x320.jpg 480w, https:\/\/noticiasemdestaque.com\/cd\/wp-content\/uploads\/2017\/07\/rio_paraiba_aesa.jpg 876w\" sizes=\"(max-width: 300px) 100vw, 300px\" \/><\/a>A Ag\u00eancia Executiva de Gest\u00e3o das \u00c1guas do Estado da Para\u00edba (Aesa-PB) deve publicar na pr\u00f3xima semana resolu\u00e7\u00e3o reduzindo as restri\u00e7\u00f5es sobre o uso das \u00e1guas do Rio Para\u00edba e do a\u00e7ude Boqueir\u00e3o.<\/p>\n<p>De acordo com o presidente da autarquia, a medida vai permitir que agricultores possam usar a \u00e1gua para irrigar at\u00e9 1\/2 hectare de ro\u00e7ados e usar na agricultura de subsist\u00eancia.<\/p>\n<p>Anteriormente, \u00e1gua dos dois mananciais era utilizada para o consumo humano e animal.<\/p>\n<p>Nesta sexta-feira (7), os representantes da Aesa participam, em Boqueir\u00e3o, de reuni\u00e3o com a popula\u00e7\u00e3o ribeirinha e agricultores para discutir as restri\u00e7\u00f5es de uso da \u00e1gua.<\/p>\n<p>Segundo Jo\u00e3o Fernandes,\u00a0 as demais restri\u00e7\u00f5es publicadas anteriormente, a exemplo na agricultura irrigada, aquicultura e piscicultura, .continuam proibidas.<\/p>\n","protected":false},"excerpt":{"rendered":"<p>A Ag\u00eancia Executiva de Gest\u00e3o das \u00c1guas do Estado da Para\u00edba (Aesa-PB) deve publicar na pr\u00f3xima semana resolu\u00e7\u00e3o reduzindo as restri\u00e7\u00f5es sobre o uso das \u00e1guas do Rio Para\u00edba e do a\u00e7ude Boqueir\u00e3o. De acordo com o presidente da autarquia, a medida vai permitir que agricultores possam usar a \u00e1gua para irrigar at\u00e9 1\/2 hectare de ro\u00e7ados e usar na agricultura de subsist\u00eancia. Anteriormente, \u00e1gua dos dois mananciais era utilizada para o consumo humano e animal. Nesta sexta-feira (7), os representantes da Aesa participam, em Boqueir\u00e3o, de reuni\u00e3o com a popula\u00e7\u00e3o ribeirinha e agricultores para discutir as restri\u00e7\u00f5es de uso da \u00e1gua. Segundo Jo\u00e3o Fernandes,\u00a0 as demais restri\u00e7\u00f5es publicadas anteriormente, a exemplo na agricultura irrigada, aquicultura e piscicultura, .continuam proibidas.<\/p>\n","protected":false},"author":2,"featured_media":1460,"comment_status":"closed","ping_status":"open","sticky":false,"template":"","format":"standard","meta":{"_eb_attr":"","_jetpack_memberships_contains_paid_content":false,"footnotes":""},"categories":[11],"tags":[],"class_list":["post-1459","post","type-post","status-publish","format-standard","has-post-thumbnail","hentry","category-economia"],"yoast_head":"<!-- This site is optimized with the Yoast SEO plugin v26.5 - https:\/\/yoast.com\/wordpress\/plugins\/seo\/ -->\n<title>Aesa vai reduzir restri\u00e7\u00f5es sobre o uso das \u00e1guas de Boqueir\u00e3o e rio Para\u00edba - Not&iacute;cias em Destaque<\/title>\n<meta name=\"robots\" content=\"index, follow, max-snippet:-1, max-image-preview:large, max-video-preview:-1\" \/>\n<link rel=\"canonical\" href=\"https:\/\/noticiasemdestaque.com\/cd\/?p=1459\" \/>\n<meta property=\"og:locale\" content=\"pt_BR\" \/>\n<meta property=\"og:type\" content=\"article\" \/>\n<meta property=\"og:title\" content=\"Aesa vai reduzir restri\u00e7\u00f5es sobre o uso das \u00e1guas de Boqueir\u00e3o e rio Para\u00edba - Not&iacute;cias em Destaque\" \/>\n<meta property=\"og:description\" content=\"A Ag\u00eancia Executiva de Gest\u00e3o das \u00c1guas do Estado da Para\u00edba (Aesa-PB) deve publicar na pr\u00f3xima semana resolu\u00e7\u00e3o reduzindo as restri\u00e7\u00f5es sobre o uso das \u00e1guas do Rio Para\u00edba e do a\u00e7ude Boqueir\u00e3o. De acordo com o presidente da autarquia, a medida vai permitir que agricultores possam usar a \u00e1gua para irrigar at\u00e9 1\/2 hectare de ro\u00e7ados e usar na agricultura de subsist\u00eancia. Anteriormente, \u00e1gua dos dois mananciais era utilizada para o consumo humano e animal. Nesta sexta-feira (7), os representantes da Aesa participam, em Boqueir\u00e3o, de reuni\u00e3o com a popula\u00e7\u00e3o ribeirinha e agricultores para discutir as restri\u00e7\u00f5es de uso da \u00e1gua. Segundo Jo\u00e3o Fernandes,\u00a0 as demais restri\u00e7\u00f5es publicadas anteriormente, a exemplo na agricultura irrigada, aquicultura e piscicultura, .continuam proibidas.\" \/>\n<meta property=\"og:url\" content=\"https:\/\/noticiasemdestaque.com\/cd\/?p=1459\" \/>\n<meta property=\"og:site_name\" content=\"Not&iacute;cias em Destaque\" \/>\n<meta property=\"article:published_time\" content=\"2017-07-07T21:40:21+00:00\" \/>\n<meta property=\"og:image\" content=\"https:\/\/noticiasemdestaque.com\/cd\/wp-content\/uploads\/2017\/07\/rio_paraiba_aesa.jpg\" \/>\n\t<meta property=\"og:image:width\" content=\"876\" \/>\n\t<meta property=\"og:image:height\" content=\"585\" \/>\n\t<meta property=\"og:image:type\" content=\"image\/jpeg\" \/>\n<meta name=\"author\" content=\"Not\u00edcias em Destaque\" \/>\n<meta name=\"twitter:card\" content=\"summary_large_image\" \/>\n<meta name=\"twitter:label1\" content=\"Escrito por\" \/>\n\t<meta name=\"twitter:data1\" content=\"Not\u00edcias em Destaque\" \/>\n\t<meta name=\"twitter:label2\" content=\"Est. tempo de leitura\" \/>\n\t<meta name=\"twitter:data2\" content=\"1 minuto\" \/>\n<script type=\"application\/ld+json\" class=\"yoast-schema-graph\">{\"@context\":\"https:\/\/schema.org\",\"@graph\":[{\"@type\":\"Article\",\"@id\":\"https:\/\/noticiasemdestaque.com\/cd\/?p=1459#article\",\"isPartOf\":{\"@id\":\"https:\/\/noticiasemdestaque.com\/cd\/?p=1459\"},\"author\":{\"name\":\"Not\u00edcias em Destaque\",\"@id\":\"https:\/\/noticiasemdestaque.com\/cd\/#\/schema\/person\/4a81fb71f77579d059c3045891fa1786\"},\"headline\":\"Aesa vai reduzir restri\u00e7\u00f5es sobre o uso das \u00e1guas de Boqueir\u00e3o e rio Para\u00edba\",\"datePublished\":\"2017-07-07T21:40:21+00:00\",\"mainEntityOfPage\":{\"@id\":\"https:\/\/noticiasemdestaque.com\/cd\/?p=1459\"},\"wordCount\":152,\"publisher\":{\"@id\":\"https:\/\/noticiasemdestaque.com\/cd\/#organization\"},\"image\":{\"@id\":\"https:\/\/noticiasemdestaque.com\/cd\/?p=1459#primaryimage\"},\"thumbnailUrl\":\"https:\/\/noticiasemdestaque.com\/cd\/wp-content\/uploads\/2017\/07\/rio_paraiba_aesa.jpg\",\"articleSection\":[\"Economia\"],\"inLanguage\":\"pt-BR\"},{\"@type\":\"WebPage\",\"@id\":\"https:\/\/noticiasemdestaque.com\/cd\/?p=1459\",\"url\":\"https:\/\/noticiasemdestaque.com\/cd\/?p=1459\",\"name\":\"Aesa vai reduzir restri\u00e7\u00f5es sobre o uso das \u00e1guas de Boqueir\u00e3o e rio Para\u00edba - Not&iacute;cias em Destaque\",\"isPartOf\":{\"@id\":\"https:\/\/noticiasemdestaque.com\/cd\/#website\"},\"primaryImageOfPage\":{\"@id\":\"https:\/\/noticiasemdestaque.com\/cd\/?p=1459#primaryimage\"},\"image\":{\"@id\":\"https:\/\/noticiasemdestaque.com\/cd\/?p=1459#primaryimage\"},\"thumbnailUrl\":\"https:\/\/noticiasemdestaque.com\/cd\/wp-content\/uploads\/2017\/07\/rio_paraiba_aesa.jpg\",\"datePublished\":\"2017-07-07T21:40:21+00:00\",\"breadcrumb\":{\"@id\":\"https:\/\/noticiasemdestaque.com\/cd\/?p=1459#breadcrumb\"},\"inLanguage\":\"pt-BR\",\"potentialAction\":[{\"@type\":\"ReadAction\",\"target\":[\"https:\/\/noticiasemdestaque.com\/cd\/?p=1459\"]}]},{\"@type\":\"ImageObject\",\"inLanguage\":\"pt-BR\",\"@id\":\"https:\/\/noticiasemdestaque.com\/cd\/?p=1459#primaryimage\",\"url\":\"https:\/\/noticiasemdestaque.com\/cd\/wp-content\/uploads\/2017\/07\/rio_paraiba_aesa.jpg\",\"contentUrl\":\"https:\/\/noticiasemdestaque.com\/cd\/wp-content\/uploads\/2017\/07\/rio_paraiba_aesa.jpg\",\"width\":876,\"height\":585},{\"@type\":\"BreadcrumbList\",\"@id\":\"https:\/\/noticiasemdestaque.com\/cd\/?p=1459#breadcrumb\",\"itemListElement\":[{\"@type\":\"ListItem\",\"position\":1,\"name\":\"In\u00edcio\",\"item\":\"https:\/\/noticiasemdestaque.com\/cd\/\"},{\"@type\":\"ListItem\",\"position\":2,\"name\":\"Aesa vai reduzir restri\u00e7\u00f5es sobre o uso das \u00e1guas de Boqueir\u00e3o e rio Para\u00edba\"}]},{\"@type\":\"WebSite\",\"@id\":\"https:\/\/noticiasemdestaque.com\/cd\/#website\",\"url\":\"https:\/\/noticiasemdestaque.com\/cd\/\",\"name\":\"Not&iacute;cias em Destaque\",\"description\":\"\",\"publisher\":{\"@id\":\"https:\/\/noticiasemdestaque.com\/cd\/#organization\"},\"potentialAction\":[{\"@type\":\"SearchAction\",\"target\":{\"@type\":\"EntryPoint\",\"urlTemplate\":\"https:\/\/noticiasemdestaque.com\/cd\/?s={search_term_string}\"},\"query-input\":{\"@type\":\"PropertyValueSpecification\",\"valueRequired\":true,\"valueName\":\"search_term_string\"}}],\"inLanguage\":\"pt-BR\"},{\"@type\":\"Organization\",\"@id\":\"https:\/\/noticiasemdestaque.com\/cd\/#organization\",\"name\":\"Not\u00edcias em Destaque\",\"url\":\"https:\/\/noticiasemdestaque.com\/cd\/\",\"logo\":{\"@type\":\"ImageObject\",\"inLanguage\":\"pt-BR\",\"@id\":\"https:\/\/noticiasemdestaque.com\/cd\/#\/schema\/logo\/image\/\",\"url\":\"https:\/\/noticiasemdestaque.com\/cd\/wp-content\/uploads\/2022\/05\/imagem-base-noticiasemdestaque.png\",\"contentUrl\":\"https:\/\/noticiasemdestaque.com\/cd\/wp-content\/uploads\/2022\/05\/imagem-base-noticiasemdestaque.png\",\"width\":1200,\"height\":630,\"caption\":\"Not\u00edcias em Destaque\"},\"image\":{\"@id\":\"https:\/\/noticiasemdestaque.com\/cd\/#\/schema\/logo\/image\/\"}},{\"@type\":\"Person\",\"@id\":\"https:\/\/noticiasemdestaque.com\/cd\/#\/schema\/person\/4a81fb71f77579d059c3045891fa1786\",\"name\":\"Not\u00edcias em Destaque\",\"url\":\"https:\/\/noticiasemdestaque.com\/cd\/?author=2\"}]}<\/script>\n<!-- \/ Yoast SEO plugin. -->","yoast_head_json":{"title":"Aesa vai reduzir restri\u00e7\u00f5es sobre o uso das \u00e1guas de Boqueir\u00e3o e rio Para\u00edba - Not&iacute;cias em Destaque","robots":{"index":"index","follow":"follow","max-snippet":"max-snippet:-1","max-image-preview":"max-image-preview:large","max-video-preview":"max-video-preview:-1"},"canonical":"https:\/\/noticiasemdestaque.com\/cd\/?p=1459","og_locale":"pt_BR","og_type":"article","og_title":"Aesa vai reduzir restri\u00e7\u00f5es sobre o uso das \u00e1guas de Boqueir\u00e3o e rio Para\u00edba - Not&iacute;cias em Destaque","og_description":"A Ag\u00eancia Executiva de Gest\u00e3o das \u00c1guas do Estado da Para\u00edba (Aesa-PB) deve publicar na pr\u00f3xima semana resolu\u00e7\u00e3o reduzindo as restri\u00e7\u00f5es sobre o uso das \u00e1guas do Rio Para\u00edba e do a\u00e7ude Boqueir\u00e3o. De acordo com o presidente da autarquia, a medida vai permitir que agricultores possam usar a \u00e1gua para irrigar at\u00e9 1\/2 hectare de ro\u00e7ados e usar na agricultura de subsist\u00eancia. Anteriormente, \u00e1gua dos dois mananciais era utilizada para o consumo humano e animal. Nesta sexta-feira (7), os representantes da Aesa participam, em Boqueir\u00e3o, de reuni\u00e3o com a popula\u00e7\u00e3o ribeirinha e agricultores para discutir as restri\u00e7\u00f5es de uso da \u00e1gua. Segundo Jo\u00e3o Fernandes,\u00a0 as demais restri\u00e7\u00f5es publicadas anteriormente, a exemplo na agricultura irrigada, aquicultura e piscicultura, .continuam proibidas.","og_url":"https:\/\/noticiasemdestaque.com\/cd\/?p=1459","og_site_name":"Not&iacute;cias em Destaque","article_published_time":"2017-07-07T21:40:21+00:00","og_image":[{"width":876,"height":585,"url":"https:\/\/noticiasemdestaque.com\/cd\/wp-content\/uploads\/2017\/07\/rio_paraiba_aesa.jpg","type":"image\/jpeg"}],"author":"Not\u00edcias em Destaque","twitter_card":"summary_large_image","twitter_misc":{"Escrito por":"Not\u00edcias em Destaque","Est. tempo de leitura":"1 minuto"},"schema":{"@context":"https:\/\/schema.org","@graph":[{"@type":"Article","@id":"https:\/\/noticiasemdestaque.com\/cd\/?p=1459#article","isPartOf":{"@id":"https:\/\/noticiasemdestaque.com\/cd\/?p=1459"},"author":{"name":"Not\u00edcias em Destaque","@id":"https:\/\/noticiasemdestaque.com\/cd\/#\/schema\/person\/4a81fb71f77579d059c3045891fa1786"},"headline":"Aesa vai reduzir restri\u00e7\u00f5es sobre o uso das \u00e1guas de Boqueir\u00e3o e rio Para\u00edba","datePublished":"2017-07-07T21:40:21+00:00","mainEntityOfPage":{"@id":"https:\/\/noticiasemdestaque.com\/cd\/?p=1459"},"wordCount":152,"publisher":{"@id":"https:\/\/noticiasemdestaque.com\/cd\/#organization"},"image":{"@id":"https:\/\/noticiasemdestaque.com\/cd\/?p=1459#primaryimage"},"thumbnailUrl":"https:\/\/noticiasemdestaque.com\/cd\/wp-content\/uploads\/2017\/07\/rio_paraiba_aesa.jpg","articleSection":["Economia"],"inLanguage":"pt-BR"},{"@type":"WebPage","@id":"https:\/\/noticiasemdestaque.com\/cd\/?p=1459","url":"https:\/\/noticiasemdestaque.com\/cd\/?p=1459","name":"Aesa vai reduzir restri\u00e7\u00f5es sobre o uso das \u00e1guas de Boqueir\u00e3o e rio Para\u00edba - Not&iacute;cias em Destaque","isPartOf":{"@id":"https:\/\/noticiasemdestaque.com\/cd\/#website"},"primaryImageOfPage":{"@id":"https:\/\/noticiasemdestaque.com\/cd\/?p=1459#primaryimage"},"image":{"@id":"https:\/\/noticiasemdestaque.com\/cd\/?p=1459#primaryimage"},"thumbnailUrl":"https:\/\/noticiasemdestaque.com\/cd\/wp-content\/uploads\/2017\/07\/rio_paraiba_aesa.jpg","datePublished":"2017-07-07T21:40:21+00:00","breadcrumb":{"@id":"https:\/\/noticiasemdestaque.com\/cd\/?p=1459#breadcrumb"},"inLanguage":"pt-BR","potentialAction":[{"@type":"ReadAction","target":["https:\/\/noticiasemdestaque.com\/cd\/?p=1459"]}]},{"@type":"ImageObject","inLanguage":"pt-BR","@id":"https:\/\/noticiasemdestaque.com\/cd\/?p=1459#primaryimage","url":"https:\/\/noticiasemdestaque.com\/cd\/wp-content\/uploads\/2017\/07\/rio_paraiba_aesa.jpg","contentUrl":"https:\/\/noticiasemdestaque.com\/cd\/wp-content\/uploads\/2017\/07\/rio_paraiba_aesa.jpg","width":876,"height":585},{"@type":"BreadcrumbList","@id":"https:\/\/noticiasemdestaque.com\/cd\/?p=1459#breadcrumb","itemListElement":[{"@type":"ListItem","position":1,"name":"In\u00edcio","item":"https:\/\/noticiasemdestaque.com\/cd\/"},{"@type":"ListItem","position":2,"name":"Aesa vai reduzir restri\u00e7\u00f5es sobre o uso das \u00e1guas de Boqueir\u00e3o e rio Para\u00edba"}]},{"@type":"WebSite","@id":"https:\/\/noticiasemdestaque.com\/cd\/#website","url":"https:\/\/noticiasemdestaque.com\/cd\/","name":"Not&iacute;cias em Destaque","description":"","publisher":{"@id":"https:\/\/noticiasemdestaque.com\/cd\/#organization"},"potentialAction":[{"@type":"SearchAction","target":{"@type":"EntryPoint","urlTemplate":"https:\/\/noticiasemdestaque.com\/cd\/?s={search_term_string}"},"query-input":{"@type":"PropertyValueSpecification","valueRequired":true,"valueName":"search_term_string"}}],"inLanguage":"pt-BR"},{"@type":"Organization","@id":"https:\/\/noticiasemdestaque.com\/cd\/#organization","name":"Not\u00edcias em Destaque","url":"https:\/\/noticiasemdestaque.com\/cd\/","logo":{"@type":"ImageObject","inLanguage":"pt-BR","@id":"https:\/\/noticiasemdestaque.com\/cd\/#\/schema\/logo\/image\/","url":"https:\/\/noticiasemdestaque.com\/cd\/wp-content\/uploads\/2022\/05\/imagem-base-noticiasemdestaque.png","contentUrl":"https:\/\/noticiasemdestaque.com\/cd\/wp-content\/uploads\/2022\/05\/imagem-base-noticiasemdestaque.png","width":1200,"height":630,"caption":"Not\u00edcias em Destaque"},"image":{"@id":"https:\/\/noticiasemdestaque.com\/cd\/#\/schema\/logo\/image\/"}},{"@type":"Person","@id":"https:\/\/noticiasemdestaque.com\/cd\/#\/schema\/person\/4a81fb71f77579d059c3045891fa1786","name":"Not\u00edcias em Destaque","url":"https:\/\/noticiasemdestaque.com\/cd\/?author=2"}]}},"jetpack_featured_media_url":"https:\/\/noticiasemdestaque.com\/cd\/wp-content\/uploads\/2017\/07\/rio_paraiba_aesa.jpg","jetpack_sharing_enabled":true,"_links":{"self":[{"href":"https:\/\/noticiasemdestaque.com\/cd\/index.php?rest_route=\/wp\/v2\/posts\/1459","targetHints":{"allow":["GET"]}}],"collection":[{"href":"https:\/\/noticiasemdestaque.com\/cd\/index.php?rest_route=\/wp\/v2\/posts"}],"about":[{"href":"https:\/\/noticiasemdestaque.com\/cd\/index.php?rest_route=\/wp\/v2\/types\/post"}],"author":[{"embeddable":true,"href":"https:\/\/noticiasemdestaque.com\/cd\/index.php?rest_route=\/wp\/v2\/users\/2"}],"replies":[{"embeddable":true,"href":"https:\/\/noticiasemdestaque.com\/cd\/index.php?rest_route=%2Fwp%2Fv2%2Fcomments&post=1459"}],"version-history":[{"count":2,"href":"https:\/\/noticiasemdestaque.com\/cd\/index.php?rest_route=\/wp\/v2\/posts\/1459\/revisions"}],"predecessor-version":[{"id":1462,"href":"https:\/\/noticiasemdestaque.com\/cd\/index.php?rest_route=\/wp\/v2\/posts\/1459\/revisions\/1462"}],"wp:featuredmedia":[{"embeddable":true,"href":"https:\/\/noticiasemdestaque.com\/cd\/index.php?rest_route=\/wp\/v2\/media\/1460"}],"wp:attachment":[{"href":"https:\/\/noticiasemdestaque.com\/cd\/index.php?rest_route=%2Fwp%2Fv2%2Fmedia&parent=1459"}],"wp:term":[{"taxonomy":"category","embeddable":true,"href":"https:\/\/noticiasemdestaque.com\/cd\/index.php?rest_route=%2Fwp%2Fv2%2Fcategories&post=1459"},{"taxonomy":"post_tag","embeddable":true,"href":"https:\/\/noticiasemdestaque.com\/cd\/index.php?rest_route=%2Fwp%2Fv2%2Ftags&post=1459"}],"curies":[{"name":"wp","href":"https:\/\/api.w.org\/{rel}","templated":true}]}}