{"id":14575,"date":"2018-12-26T20:34:34","date_gmt":"2018-12-26T23:34:34","guid":{"rendered":"http:\/\/noticiasemdestaque.com\/cd\/?p=14575"},"modified":"2018-12-26T20:34:34","modified_gmt":"2018-12-26T23:34:34","slug":"apesar-da-crise-financeira-prefeitura-de-sume-garantiu-13-dos-servidores-municipais","status":"publish","type":"post","link":"https:\/\/noticiasemdestaque.com\/cd\/?p=14575","title":{"rendered":"Apesar da crise financeira, Prefeitura de Sum\u00e9 garantiu 13\u00b0 dos servidores municipais"},"content":{"rendered":"<figure id=\"attachment_14576\" aria-describedby=\"caption-attachment-14576\" style=\"width: 500px\" class=\"wp-caption aligncenter\"><a href=\"https:\/\/noticiasemdestaque.com\/cd\/wp-content\/uploads\/2018\/12\/IMG_9358.jpg\"><img fetchpriority=\"high\" decoding=\"async\" class=\"wp-image-14576\" src=\"https:\/\/noticiasemdestaque.com\/cd\/wp-content\/uploads\/2018\/12\/IMG_9358-1024x683.jpg\" alt=\"\" width=\"500\" height=\"333\" srcset=\"https:\/\/noticiasemdestaque.com\/cd\/wp-content\/uploads\/2018\/12\/IMG_9358-1024x683.jpg 1024w, https:\/\/noticiasemdestaque.com\/cd\/wp-content\/uploads\/2018\/12\/IMG_9358-300x200.jpg 300w, https:\/\/noticiasemdestaque.com\/cd\/wp-content\/uploads\/2018\/12\/IMG_9358-768x512.jpg 768w, https:\/\/noticiasemdestaque.com\/cd\/wp-content\/uploads\/2018\/12\/IMG_9358-480x320.jpg 480w\" sizes=\"(max-width: 500px) 100vw, 500px\" \/><\/a><figcaption id=\"caption-attachment-14576\" class=\"wp-caption-text\">Prefeito de Sum\u00e9, \u00c9den Duarte<\/figcaption><\/figure>\n<p>A cidade de Sum\u00e9, no cariri paraibano, figura entre os munic\u00edpios brasileiros que conseguiram honrar com o pagamento do 13\u00ba sal\u00e1rio dentro do prazo estabelecido por lei que \u00e9 at\u00e9 dia 20 de dezembro.<\/p>\n<p>De acordo com pesquisa da Confedera\u00e7\u00e3o Nacional dos Munic\u00edpios (CNM), realizada entre 11 de novembro a 19 de dezembro de 2018, muitas das prefeituras brasileiras n\u00e3o cumprir\u00e3o essa determina\u00e7\u00e3o e ainda por cima terminar\u00e3o esse ano, literalmente no vermelho.<\/p>\n<p>Dos 4.559 munic\u00edpios pesquisados,31,7%, o que equivale a 1.444 cidades, reconheceram dificuldades no equil\u00edbrio das contas p\u00fablicas, 8,9% alegaram falta de condi\u00e7\u00f5es financeiras para efetuar o pagamento.O mesmo levantamento da CNM sinalizou tamb\u00e9m que metade dos munic\u00edpios de todo o pa\u00eds tinham d\u00edvidas com fornecedores, 15,5% dos prefeitos n\u00e3o poder\u00e3o pagar em dia os sal\u00e1rios de dezembro.<\/p>\n<p>Na Para\u00edba, a situa\u00e7\u00e3o n\u00e3o \u00e9 diferente. Segundo levantamento da Federa\u00e7\u00e3o que congrega a associa\u00e7\u00e3o dos munic\u00edpios no estado,Famup,216 de 223 munic\u00edpios informaram que n\u00e3o v\u00e3o pagar o 13\u00ba sal\u00e1rio aos seus servidores.<\/p>\n<p>O caso bem sucedido de Sum\u00e9, cuja primeira parcela do 13\u00b0 sal\u00e1rio j\u00e1 havia sido paga no m\u00eas de junho de 2018, conforme informa\u00e7\u00f5es do secret\u00e1rio de Administra\u00e7\u00e3o e Finan\u00e7as do Munic\u00edpio,Rob\u00e9rio Cipriano,se deve em grande parte, a uma administra\u00e7\u00e3o pautada no planejamento, estrat\u00e9gia na execu\u00e7\u00e3o or\u00e7ament\u00e1ria e principalmente responsabilidade social. \u201cN\u00e3o compramos a mais do que podemos pagar\u201d, afirmou.<\/p>\n<p>Rob\u00e9rio ainda ressaltou que a determina\u00e7\u00e3o do Prefeito Eden Duarte \u00e9 no sentido de que os pagamentos dos servidores municipais sejam prioridade n\u00famero um.<\/p>\n<p><em><strong>Not\u00edcias em Destaque\u00a0<\/strong><\/em><\/p>\n<p>Josenildo Paulino de Sousa<\/p>\n<p>&nbsp;<\/p>\n","protected":false},"excerpt":{"rendered":"<p>A cidade de Sum\u00e9, no cariri paraibano, figura entre os munic\u00edpios brasileiros que conseguiram honrar com o pagamento do 13\u00ba sal\u00e1rio dentro do prazo estabelecido por lei que \u00e9 at\u00e9 dia 20 de dezembro. De acordo com pesquisa da Confedera\u00e7\u00e3o Nacional dos Munic\u00edpios (CNM), realizada entre 11 de novembro a 19 de dezembro de 2018, muitas das prefeituras brasileiras n\u00e3o cumprir\u00e3o essa determina\u00e7\u00e3o e ainda por cima terminar\u00e3o esse ano, literalmente no vermelho. Dos 4.559 munic\u00edpios pesquisados,31,7%, o que equivale a 1.444 cidades, reconheceram dificuldades no equil\u00edbrio das contas p\u00fablicas, 8,9% alegaram falta de condi\u00e7\u00f5es financeiras para efetuar o pagamento.O mesmo levantamento da CNM sinalizou tamb\u00e9m que metade dos munic\u00edpios de todo o pa\u00eds tinham d\u00edvidas com fornecedores, 15,5% dos prefeitos n\u00e3o poder\u00e3o pagar em dia os sal\u00e1rios de dezembro. Na Para\u00edba, a situa\u00e7\u00e3o n\u00e3o \u00e9 diferente. Segundo levantamento da Federa\u00e7\u00e3o que congrega a associa\u00e7\u00e3o dos munic\u00edpios no estado,Famup,216 de 223 munic\u00edpios informaram que n\u00e3o v\u00e3o pagar o 13\u00ba sal\u00e1rio aos seus servidores. O caso bem sucedido de Sum\u00e9, cuja primeira parcela do 13\u00b0 sal\u00e1rio j\u00e1 havia sido paga no m\u00eas de junho de 2018, conforme informa\u00e7\u00f5es do secret\u00e1rio de Administra\u00e7\u00e3o e Finan\u00e7as do Munic\u00edpio,Rob\u00e9rio Cipriano,se deve em grande parte, a uma administra\u00e7\u00e3o pautada no planejamento, estrat\u00e9gia na execu\u00e7\u00e3o or\u00e7ament\u00e1ria e principalmente responsabilidade social. \u201cN\u00e3o compramos a mais do que podemos pagar\u201d, afirmou. Rob\u00e9rio ainda ressaltou que a determina\u00e7\u00e3o do Prefeito Eden Duarte \u00e9 no sentido de que os pagamentos dos servidores municipais sejam prioridade n\u00famero um. Not\u00edcias em Destaque\u00a0 Josenildo Paulino de Sousa &nbsp;<\/p>\n","protected":false},"author":2,"featured_media":14576,"comment_status":"closed","ping_status":"open","sticky":false,"template":"","format":"standard","meta":{"_eb_attr":"","_jetpack_memberships_contains_paid_content":false,"footnotes":""},"categories":[3],"tags":[],"class_list":["post-14575","post","type-post","status-publish","format-standard","has-post-thumbnail","hentry","category-cidades"],"yoast_head":"<!-- This site is optimized with the Yoast SEO plugin v26.5 - https:\/\/yoast.com\/wordpress\/plugins\/seo\/ -->\n<title>Apesar da crise financeira, Prefeitura de Sum\u00e9 garantiu 13\u00b0 dos servidores municipais - Not&iacute;cias em Destaque<\/title>\n<meta name=\"robots\" content=\"index, follow, max-snippet:-1, max-image-preview:large, max-video-preview:-1\" \/>\n<link rel=\"canonical\" href=\"https:\/\/noticiasemdestaque.com\/cd\/?p=14575\" \/>\n<meta property=\"og:locale\" content=\"pt_BR\" \/>\n<meta property=\"og:type\" content=\"article\" \/>\n<meta property=\"og:title\" content=\"Apesar da crise financeira, Prefeitura de Sum\u00e9 garantiu 13\u00b0 dos servidores municipais - Not&iacute;cias em Destaque\" \/>\n<meta property=\"og:description\" content=\"A cidade de Sum\u00e9, no cariri paraibano, figura entre os munic\u00edpios brasileiros que conseguiram honrar com o pagamento do 13\u00ba sal\u00e1rio dentro do prazo estabelecido por lei que \u00e9 at\u00e9 dia 20 de dezembro. De acordo com pesquisa da Confedera\u00e7\u00e3o Nacional dos Munic\u00edpios (CNM), realizada entre 11 de novembro a 19 de dezembro de 2018, muitas das prefeituras brasileiras n\u00e3o cumprir\u00e3o essa determina\u00e7\u00e3o e ainda por cima terminar\u00e3o esse ano, literalmente no vermelho. Dos 4.559 munic\u00edpios pesquisados,31,7%, o que equivale a 1.444 cidades, reconheceram dificuldades no equil\u00edbrio das contas p\u00fablicas, 8,9% alegaram falta de condi\u00e7\u00f5es financeiras para efetuar o pagamento.O mesmo levantamento da CNM sinalizou tamb\u00e9m que metade dos munic\u00edpios de todo o pa\u00eds tinham d\u00edvidas com fornecedores, 15,5% dos prefeitos n\u00e3o poder\u00e3o pagar em dia os sal\u00e1rios de dezembro. Na Para\u00edba, a situa\u00e7\u00e3o n\u00e3o \u00e9 diferente. Segundo levantamento da Federa\u00e7\u00e3o que congrega a associa\u00e7\u00e3o dos munic\u00edpios no estado,Famup,216 de 223 munic\u00edpios informaram que n\u00e3o v\u00e3o pagar o 13\u00ba sal\u00e1rio aos seus servidores. O caso bem sucedido de Sum\u00e9, cuja primeira parcela do 13\u00b0 sal\u00e1rio j\u00e1 havia sido paga no m\u00eas de junho de 2018, conforme informa\u00e7\u00f5es do secret\u00e1rio de Administra\u00e7\u00e3o e Finan\u00e7as do Munic\u00edpio,Rob\u00e9rio Cipriano,se deve em grande parte, a uma administra\u00e7\u00e3o pautada no planejamento, estrat\u00e9gia na execu\u00e7\u00e3o or\u00e7ament\u00e1ria e principalmente responsabilidade social. \u201cN\u00e3o compramos a mais do que podemos pagar\u201d, afirmou. Rob\u00e9rio ainda ressaltou que a determina\u00e7\u00e3o do Prefeito Eden Duarte \u00e9 no sentido de que os pagamentos dos servidores municipais sejam prioridade n\u00famero um. Not\u00edcias em Destaque\u00a0 Josenildo Paulino de Sousa &nbsp;\" \/>\n<meta property=\"og:url\" content=\"https:\/\/noticiasemdestaque.com\/cd\/?p=14575\" \/>\n<meta property=\"og:site_name\" content=\"Not&iacute;cias em Destaque\" \/>\n<meta property=\"article:published_time\" content=\"2018-12-26T23:34:34+00:00\" \/>\n<meta property=\"og:image\" content=\"https:\/\/noticiasemdestaque.com\/cd\/wp-content\/uploads\/2018\/12\/IMG_9358-1024x683.jpg\" \/>\n\t<meta property=\"og:image:width\" content=\"1024\" \/>\n\t<meta property=\"og:image:height\" content=\"683\" \/>\n\t<meta property=\"og:image:type\" content=\"image\/jpeg\" \/>\n<meta name=\"author\" content=\"Not\u00edcias em Destaque\" \/>\n<meta name=\"twitter:card\" content=\"summary_large_image\" \/>\n<meta name=\"twitter:label1\" content=\"Escrito por\" \/>\n\t<meta name=\"twitter:data1\" content=\"Not\u00edcias em Destaque\" \/>\n\t<meta name=\"twitter:label2\" content=\"Est. tempo de leitura\" \/>\n\t<meta name=\"twitter:data2\" content=\"2 minutos\" \/>\n<script type=\"application\/ld+json\" class=\"yoast-schema-graph\">{\"@context\":\"https:\/\/schema.org\",\"@graph\":[{\"@type\":\"Article\",\"@id\":\"https:\/\/noticiasemdestaque.com\/cd\/?p=14575#article\",\"isPartOf\":{\"@id\":\"https:\/\/noticiasemdestaque.com\/cd\/?p=14575\"},\"author\":{\"name\":\"Not\u00edcias em Destaque\",\"@id\":\"https:\/\/noticiasemdestaque.com\/cd\/#\/schema\/person\/21320b03a7e8bb90128938dafc9b908a\"},\"headline\":\"Apesar da crise financeira, Prefeitura de Sum\u00e9 garantiu 13\u00b0 dos servidores municipais\",\"datePublished\":\"2018-12-26T23:34:34+00:00\",\"mainEntityOfPage\":{\"@id\":\"https:\/\/noticiasemdestaque.com\/cd\/?p=14575\"},\"wordCount\":313,\"publisher\":{\"@id\":\"https:\/\/noticiasemdestaque.com\/cd\/#organization\"},\"image\":{\"@id\":\"https:\/\/noticiasemdestaque.com\/cd\/?p=14575#primaryimage\"},\"thumbnailUrl\":\"https:\/\/noticiasemdestaque.com\/cd\/wp-content\/uploads\/2018\/12\/IMG_9358.jpg\",\"articleSection\":[\"Cidades\"],\"inLanguage\":\"pt-BR\"},{\"@type\":\"WebPage\",\"@id\":\"https:\/\/noticiasemdestaque.com\/cd\/?p=14575\",\"url\":\"https:\/\/noticiasemdestaque.com\/cd\/?p=14575\",\"name\":\"Apesar da crise financeira, Prefeitura de Sum\u00e9 garantiu 13\u00b0 dos servidores municipais - Not&iacute;cias em Destaque\",\"isPartOf\":{\"@id\":\"https:\/\/noticiasemdestaque.com\/cd\/#website\"},\"primaryImageOfPage\":{\"@id\":\"https:\/\/noticiasemdestaque.com\/cd\/?p=14575#primaryimage\"},\"image\":{\"@id\":\"https:\/\/noticiasemdestaque.com\/cd\/?p=14575#primaryimage\"},\"thumbnailUrl\":\"https:\/\/noticiasemdestaque.com\/cd\/wp-content\/uploads\/2018\/12\/IMG_9358.jpg\",\"datePublished\":\"2018-12-26T23:34:34+00:00\",\"breadcrumb\":{\"@id\":\"https:\/\/noticiasemdestaque.com\/cd\/?p=14575#breadcrumb\"},\"inLanguage\":\"pt-BR\",\"potentialAction\":[{\"@type\":\"ReadAction\",\"target\":[\"https:\/\/noticiasemdestaque.com\/cd\/?p=14575\"]}]},{\"@type\":\"ImageObject\",\"inLanguage\":\"pt-BR\",\"@id\":\"https:\/\/noticiasemdestaque.com\/cd\/?p=14575#primaryimage\",\"url\":\"https:\/\/noticiasemdestaque.com\/cd\/wp-content\/uploads\/2018\/12\/IMG_9358.jpg\",\"contentUrl\":\"https:\/\/noticiasemdestaque.com\/cd\/wp-content\/uploads\/2018\/12\/IMG_9358.jpg\",\"width\":5184,\"height\":3456},{\"@type\":\"BreadcrumbList\",\"@id\":\"https:\/\/noticiasemdestaque.com\/cd\/?p=14575#breadcrumb\",\"itemListElement\":[{\"@type\":\"ListItem\",\"position\":1,\"name\":\"In\u00edcio\",\"item\":\"https:\/\/noticiasemdestaque.com\/cd\/\"},{\"@type\":\"ListItem\",\"position\":2,\"name\":\"Apesar da crise financeira, Prefeitura de Sum\u00e9 garantiu 13\u00b0 dos servidores municipais\"}]},{\"@type\":\"WebSite\",\"@id\":\"https:\/\/noticiasemdestaque.com\/cd\/#website\",\"url\":\"https:\/\/noticiasemdestaque.com\/cd\/\",\"name\":\"Not&iacute;cias em Destaque\",\"description\":\"\",\"publisher\":{\"@id\":\"https:\/\/noticiasemdestaque.com\/cd\/#organization\"},\"potentialAction\":[{\"@type\":\"SearchAction\",\"target\":{\"@type\":\"EntryPoint\",\"urlTemplate\":\"https:\/\/noticiasemdestaque.com\/cd\/?s={search_term_string}\"},\"query-input\":{\"@type\":\"PropertyValueSpecification\",\"valueRequired\":true,\"valueName\":\"search_term_string\"}}],\"inLanguage\":\"pt-BR\"},{\"@type\":\"Organization\",\"@id\":\"https:\/\/noticiasemdestaque.com\/cd\/#organization\",\"name\":\"Not\u00edcias em Destaque\",\"url\":\"https:\/\/noticiasemdestaque.com\/cd\/\",\"logo\":{\"@type\":\"ImageObject\",\"inLanguage\":\"pt-BR\",\"@id\":\"https:\/\/noticiasemdestaque.com\/cd\/#\/schema\/logo\/image\/\",\"url\":\"https:\/\/noticiasemdestaque.com\/cd\/wp-content\/uploads\/2022\/05\/imagem-base-noticiasemdestaque.png\",\"contentUrl\":\"https:\/\/noticiasemdestaque.com\/cd\/wp-content\/uploads\/2022\/05\/imagem-base-noticiasemdestaque.png\",\"width\":1200,\"height\":630,\"caption\":\"Not\u00edcias em Destaque\"},\"image\":{\"@id\":\"https:\/\/noticiasemdestaque.com\/cd\/#\/schema\/logo\/image\/\"}},{\"@type\":\"Person\",\"@id\":\"https:\/\/noticiasemdestaque.com\/cd\/#\/schema\/person\/21320b03a7e8bb90128938dafc9b908a\",\"name\":\"Not\u00edcias em Destaque\",\"url\":\"https:\/\/noticiasemdestaque.com\/cd\/?author=2\"}]}<\/script>\n<!-- \/ Yoast SEO plugin. -->","yoast_head_json":{"title":"Apesar da crise financeira, Prefeitura de Sum\u00e9 garantiu 13\u00b0 dos servidores municipais - Not&iacute;cias em Destaque","robots":{"index":"index","follow":"follow","max-snippet":"max-snippet:-1","max-image-preview":"max-image-preview:large","max-video-preview":"max-video-preview:-1"},"canonical":"https:\/\/noticiasemdestaque.com\/cd\/?p=14575","og_locale":"pt_BR","og_type":"article","og_title":"Apesar da crise financeira, Prefeitura de Sum\u00e9 garantiu 13\u00b0 dos servidores municipais - Not&iacute;cias em Destaque","og_description":"A cidade de Sum\u00e9, no cariri paraibano, figura entre os munic\u00edpios brasileiros que conseguiram honrar com o pagamento do 13\u00ba sal\u00e1rio dentro do prazo estabelecido por lei que \u00e9 at\u00e9 dia 20 de dezembro. De acordo com pesquisa da Confedera\u00e7\u00e3o Nacional dos Munic\u00edpios (CNM), realizada entre 11 de novembro a 19 de dezembro de 2018, muitas das prefeituras brasileiras n\u00e3o cumprir\u00e3o essa determina\u00e7\u00e3o e ainda por cima terminar\u00e3o esse ano, literalmente no vermelho. Dos 4.559 munic\u00edpios pesquisados,31,7%, o que equivale a 1.444 cidades, reconheceram dificuldades no equil\u00edbrio das contas p\u00fablicas, 8,9% alegaram falta de condi\u00e7\u00f5es financeiras para efetuar o pagamento.O mesmo levantamento da CNM sinalizou tamb\u00e9m que metade dos munic\u00edpios de todo o pa\u00eds tinham d\u00edvidas com fornecedores, 15,5% dos prefeitos n\u00e3o poder\u00e3o pagar em dia os sal\u00e1rios de dezembro. Na Para\u00edba, a situa\u00e7\u00e3o n\u00e3o \u00e9 diferente. Segundo levantamento da Federa\u00e7\u00e3o que congrega a associa\u00e7\u00e3o dos munic\u00edpios no estado,Famup,216 de 223 munic\u00edpios informaram que n\u00e3o v\u00e3o pagar o 13\u00ba sal\u00e1rio aos seus servidores. O caso bem sucedido de Sum\u00e9, cuja primeira parcela do 13\u00b0 sal\u00e1rio j\u00e1 havia sido paga no m\u00eas de junho de 2018, conforme informa\u00e7\u00f5es do secret\u00e1rio de Administra\u00e7\u00e3o e Finan\u00e7as do Munic\u00edpio,Rob\u00e9rio Cipriano,se deve em grande parte, a uma administra\u00e7\u00e3o pautada no planejamento, estrat\u00e9gia na execu\u00e7\u00e3o or\u00e7ament\u00e1ria e principalmente responsabilidade social. \u201cN\u00e3o compramos a mais do que podemos pagar\u201d, afirmou. Rob\u00e9rio ainda ressaltou que a determina\u00e7\u00e3o do Prefeito Eden Duarte \u00e9 no sentido de que os pagamentos dos servidores municipais sejam prioridade n\u00famero um. Not\u00edcias em Destaque\u00a0 Josenildo Paulino de Sousa &nbsp;","og_url":"https:\/\/noticiasemdestaque.com\/cd\/?p=14575","og_site_name":"Not&iacute;cias em Destaque","article_published_time":"2018-12-26T23:34:34+00:00","og_image":[{"width":1024,"height":683,"url":"https:\/\/noticiasemdestaque.com\/cd\/wp-content\/uploads\/2018\/12\/IMG_9358-1024x683.jpg","type":"image\/jpeg"}],"author":"Not\u00edcias em Destaque","twitter_card":"summary_large_image","twitter_misc":{"Escrito por":"Not\u00edcias em Destaque","Est. tempo de leitura":"2 minutos"},"schema":{"@context":"https:\/\/schema.org","@graph":[{"@type":"Article","@id":"https:\/\/noticiasemdestaque.com\/cd\/?p=14575#article","isPartOf":{"@id":"https:\/\/noticiasemdestaque.com\/cd\/?p=14575"},"author":{"name":"Not\u00edcias em Destaque","@id":"https:\/\/noticiasemdestaque.com\/cd\/#\/schema\/person\/21320b03a7e8bb90128938dafc9b908a"},"headline":"Apesar da crise financeira, Prefeitura de Sum\u00e9 garantiu 13\u00b0 dos servidores municipais","datePublished":"2018-12-26T23:34:34+00:00","mainEntityOfPage":{"@id":"https:\/\/noticiasemdestaque.com\/cd\/?p=14575"},"wordCount":313,"publisher":{"@id":"https:\/\/noticiasemdestaque.com\/cd\/#organization"},"image":{"@id":"https:\/\/noticiasemdestaque.com\/cd\/?p=14575#primaryimage"},"thumbnailUrl":"https:\/\/noticiasemdestaque.com\/cd\/wp-content\/uploads\/2018\/12\/IMG_9358.jpg","articleSection":["Cidades"],"inLanguage":"pt-BR"},{"@type":"WebPage","@id":"https:\/\/noticiasemdestaque.com\/cd\/?p=14575","url":"https:\/\/noticiasemdestaque.com\/cd\/?p=14575","name":"Apesar da crise financeira, Prefeitura de Sum\u00e9 garantiu 13\u00b0 dos servidores municipais - Not&iacute;cias em Destaque","isPartOf":{"@id":"https:\/\/noticiasemdestaque.com\/cd\/#website"},"primaryImageOfPage":{"@id":"https:\/\/noticiasemdestaque.com\/cd\/?p=14575#primaryimage"},"image":{"@id":"https:\/\/noticiasemdestaque.com\/cd\/?p=14575#primaryimage"},"thumbnailUrl":"https:\/\/noticiasemdestaque.com\/cd\/wp-content\/uploads\/2018\/12\/IMG_9358.jpg","datePublished":"2018-12-26T23:34:34+00:00","breadcrumb":{"@id":"https:\/\/noticiasemdestaque.com\/cd\/?p=14575#breadcrumb"},"inLanguage":"pt-BR","potentialAction":[{"@type":"ReadAction","target":["https:\/\/noticiasemdestaque.com\/cd\/?p=14575"]}]},{"@type":"ImageObject","inLanguage":"pt-BR","@id":"https:\/\/noticiasemdestaque.com\/cd\/?p=14575#primaryimage","url":"https:\/\/noticiasemdestaque.com\/cd\/wp-content\/uploads\/2018\/12\/IMG_9358.jpg","contentUrl":"https:\/\/noticiasemdestaque.com\/cd\/wp-content\/uploads\/2018\/12\/IMG_9358.jpg","width":5184,"height":3456},{"@type":"BreadcrumbList","@id":"https:\/\/noticiasemdestaque.com\/cd\/?p=14575#breadcrumb","itemListElement":[{"@type":"ListItem","position":1,"name":"In\u00edcio","item":"https:\/\/noticiasemdestaque.com\/cd\/"},{"@type":"ListItem","position":2,"name":"Apesar da crise financeira, Prefeitura de Sum\u00e9 garantiu 13\u00b0 dos servidores municipais"}]},{"@type":"WebSite","@id":"https:\/\/noticiasemdestaque.com\/cd\/#website","url":"https:\/\/noticiasemdestaque.com\/cd\/","name":"Not&iacute;cias em Destaque","description":"","publisher":{"@id":"https:\/\/noticiasemdestaque.com\/cd\/#organization"},"potentialAction":[{"@type":"SearchAction","target":{"@type":"EntryPoint","urlTemplate":"https:\/\/noticiasemdestaque.com\/cd\/?s={search_term_string}"},"query-input":{"@type":"PropertyValueSpecification","valueRequired":true,"valueName":"search_term_string"}}],"inLanguage":"pt-BR"},{"@type":"Organization","@id":"https:\/\/noticiasemdestaque.com\/cd\/#organization","name":"Not\u00edcias em Destaque","url":"https:\/\/noticiasemdestaque.com\/cd\/","logo":{"@type":"ImageObject","inLanguage":"pt-BR","@id":"https:\/\/noticiasemdestaque.com\/cd\/#\/schema\/logo\/image\/","url":"https:\/\/noticiasemdestaque.com\/cd\/wp-content\/uploads\/2022\/05\/imagem-base-noticiasemdestaque.png","contentUrl":"https:\/\/noticiasemdestaque.com\/cd\/wp-content\/uploads\/2022\/05\/imagem-base-noticiasemdestaque.png","width":1200,"height":630,"caption":"Not\u00edcias em Destaque"},"image":{"@id":"https:\/\/noticiasemdestaque.com\/cd\/#\/schema\/logo\/image\/"}},{"@type":"Person","@id":"https:\/\/noticiasemdestaque.com\/cd\/#\/schema\/person\/21320b03a7e8bb90128938dafc9b908a","name":"Not\u00edcias em Destaque","url":"https:\/\/noticiasemdestaque.com\/cd\/?author=2"}]}},"jetpack_featured_media_url":"https:\/\/noticiasemdestaque.com\/cd\/wp-content\/uploads\/2018\/12\/IMG_9358.jpg","jetpack_sharing_enabled":true,"_links":{"self":[{"href":"https:\/\/noticiasemdestaque.com\/cd\/index.php?rest_route=\/wp\/v2\/posts\/14575","targetHints":{"allow":["GET"]}}],"collection":[{"href":"https:\/\/noticiasemdestaque.com\/cd\/index.php?rest_route=\/wp\/v2\/posts"}],"about":[{"href":"https:\/\/noticiasemdestaque.com\/cd\/index.php?rest_route=\/wp\/v2\/types\/post"}],"author":[{"embeddable":true,"href":"https:\/\/noticiasemdestaque.com\/cd\/index.php?rest_route=\/wp\/v2\/users\/2"}],"replies":[{"embeddable":true,"href":"https:\/\/noticiasemdestaque.com\/cd\/index.php?rest_route=%2Fwp%2Fv2%2Fcomments&post=14575"}],"version-history":[{"count":1,"href":"https:\/\/noticiasemdestaque.com\/cd\/index.php?rest_route=\/wp\/v2\/posts\/14575\/revisions"}],"predecessor-version":[{"id":14577,"href":"https:\/\/noticiasemdestaque.com\/cd\/index.php?rest_route=\/wp\/v2\/posts\/14575\/revisions\/14577"}],"wp:featuredmedia":[{"embeddable":true,"href":"https:\/\/noticiasemdestaque.com\/cd\/index.php?rest_route=\/wp\/v2\/media\/14576"}],"wp:attachment":[{"href":"https:\/\/noticiasemdestaque.com\/cd\/index.php?rest_route=%2Fwp%2Fv2%2Fmedia&parent=14575"}],"wp:term":[{"taxonomy":"category","embeddable":true,"href":"https:\/\/noticiasemdestaque.com\/cd\/index.php?rest_route=%2Fwp%2Fv2%2Fcategories&post=14575"},{"taxonomy":"post_tag","embeddable":true,"href":"https:\/\/noticiasemdestaque.com\/cd\/index.php?rest_route=%2Fwp%2Fv2%2Ftags&post=14575"}],"curies":[{"name":"wp","href":"https:\/\/api.w.org\/{rel}","templated":true}]}}