{"id":14561,"date":"2018-12-22T14:21:46","date_gmt":"2018-12-22T17:21:46","guid":{"rendered":"http:\/\/noticiasemdestaque.com\/cd\/?p=14561"},"modified":"2018-12-22T14:21:46","modified_gmt":"2018-12-22T17:21:46","slug":"trio-e-preso-suspeito-de-roubar-loja-de-eletros-em-joao-pessoa","status":"publish","type":"post","link":"https:\/\/noticiasemdestaque.com\/cd\/?p=14561","title":{"rendered":"Trio \u00e9 preso suspeito de roubar loja de eletros em Jo\u00e3o Pessoa"},"content":{"rendered":"<p><a href=\"https:\/\/noticiasemdestaque.com\/cd\/wp-content\/uploads\/2018\/07\/sirene-policia-viatura-786x523-786x523.jpg\"><img fetchpriority=\"high\" decoding=\"async\" class=\"wp-image-11133 aligncenter\" src=\"https:\/\/noticiasemdestaque.com\/cd\/wp-content\/uploads\/2018\/07\/sirene-policia-viatura-786x523-786x523.jpg\" alt=\"\" width=\"526\" height=\"350\" srcset=\"https:\/\/noticiasemdestaque.com\/cd\/wp-content\/uploads\/2018\/07\/sirene-policia-viatura-786x523-786x523.jpg 786w, https:\/\/noticiasemdestaque.com\/cd\/wp-content\/uploads\/2018\/07\/sirene-policia-viatura-786x523-786x523-300x200.jpg 300w, https:\/\/noticiasemdestaque.com\/cd\/wp-content\/uploads\/2018\/07\/sirene-policia-viatura-786x523-786x523-768x511.jpg 768w, https:\/\/noticiasemdestaque.com\/cd\/wp-content\/uploads\/2018\/07\/sirene-policia-viatura-786x523-786x523-480x320.jpg 480w\" sizes=\"(max-width: 526px) 100vw, 526px\" \/><\/a><\/p>\n<p>Tr\u00eas suspeitos de assaltar uma loja de eletroeletr\u00f4nicos foram detidos na manh\u00e3 deste s\u00e1bado (22), no Valentina, Zona Sul de Jo\u00e3o Pessoa. Dois s\u00e3o adultos e um \u00e9 adolescente.<\/p>\n<p>Segundo a Pol\u00edcia Militar, o trio teria cometido o crime em uma loja que fica na avenida principal dos Banc\u00e1rios. Eles foram localizados em uma casa no Valentina, usada como ponto de apoio ao crime.<\/p>\n<p>Com o trio, foram apreendidas duas armas de fogo que foram utilizadas para amea\u00e7ar funcion\u00e1rios durante o roubo, v\u00e1rios celulares e dois carros usados na a\u00e7\u00e3o.<\/p>\n<p>Todo o material recuperado e os suspeitos do assalto foram levados agora para a Central de Flagrantes.<\/p>\n<p><em><strong>Not\u00edcias em Destaque<\/strong><\/em><\/p>\n<p>Com Portal Correio<\/p>\n","protected":false},"excerpt":{"rendered":"<p>Tr\u00eas suspeitos de assaltar uma loja de eletroeletr\u00f4nicos foram detidos na manh\u00e3 deste s\u00e1bado (22), no Valentina, Zona Sul de Jo\u00e3o Pessoa. Dois s\u00e3o adultos e um \u00e9 adolescente. Segundo a Pol\u00edcia Militar, o trio teria cometido o crime em uma loja que fica na avenida principal dos Banc\u00e1rios. Eles foram localizados em uma casa no Valentina, usada como ponto de apoio ao crime. Com o trio, foram apreendidas duas armas de fogo que foram utilizadas para amea\u00e7ar funcion\u00e1rios durante o roubo, v\u00e1rios celulares e dois carros usados na a\u00e7\u00e3o. Todo o material recuperado e os suspeitos do assalto foram levados agora para a Central de Flagrantes. Not\u00edcias em Destaque Com Portal Correio<\/p>\n","protected":false},"author":2,"featured_media":3005,"comment_status":"closed","ping_status":"open","sticky":false,"template":"","format":"standard","meta":{"_eb_attr":"","_jetpack_memberships_contains_paid_content":false,"footnotes":""},"categories":[1],"tags":[],"class_list":["post-14561","post","type-post","status-publish","format-standard","has-post-thumbnail","hentry","category-uncategorized"],"yoast_head":"<!-- This site is optimized with the Yoast SEO plugin v26.5 - https:\/\/yoast.com\/wordpress\/plugins\/seo\/ -->\n<title>Trio \u00e9 preso suspeito de roubar loja de eletros em Jo\u00e3o Pessoa - Not&iacute;cias em Destaque<\/title>\n<meta name=\"robots\" content=\"index, follow, max-snippet:-1, max-image-preview:large, max-video-preview:-1\" \/>\n<link rel=\"canonical\" href=\"https:\/\/noticiasemdestaque.com\/cd\/?p=14561\" \/>\n<meta property=\"og:locale\" content=\"pt_BR\" \/>\n<meta property=\"og:type\" content=\"article\" \/>\n<meta property=\"og:title\" content=\"Trio \u00e9 preso suspeito de roubar loja de eletros em Jo\u00e3o Pessoa - Not&iacute;cias em Destaque\" \/>\n<meta property=\"og:description\" content=\"Tr\u00eas suspeitos de assaltar uma loja de eletroeletr\u00f4nicos foram detidos na manh\u00e3 deste s\u00e1bado (22), no Valentina, Zona Sul de Jo\u00e3o Pessoa. Dois s\u00e3o adultos e um \u00e9 adolescente. Segundo a Pol\u00edcia Militar, o trio teria cometido o crime em uma loja que fica na avenida principal dos Banc\u00e1rios. Eles foram localizados em uma casa no Valentina, usada como ponto de apoio ao crime. Com o trio, foram apreendidas duas armas de fogo que foram utilizadas para amea\u00e7ar funcion\u00e1rios durante o roubo, v\u00e1rios celulares e dois carros usados na a\u00e7\u00e3o. Todo o material recuperado e os suspeitos do assalto foram levados agora para a Central de Flagrantes. Not\u00edcias em Destaque Com Portal Correio\" \/>\n<meta property=\"og:url\" content=\"https:\/\/noticiasemdestaque.com\/cd\/?p=14561\" \/>\n<meta property=\"og:site_name\" content=\"Not&iacute;cias em Destaque\" \/>\n<meta property=\"article:published_time\" content=\"2018-12-22T17:21:46+00:00\" \/>\n<meta property=\"og:image\" content=\"https:\/\/noticiasemdestaque.com\/cd\/wp-content\/uploads\/2017\/08\/policia-sirene.jpg\" \/>\n\t<meta property=\"og:image:width\" content=\"2592\" \/>\n\t<meta property=\"og:image:height\" content=\"1936\" \/>\n\t<meta property=\"og:image:type\" content=\"image\/jpeg\" \/>\n<meta name=\"author\" content=\"Not\u00edcias em Destaque\" \/>\n<meta name=\"twitter:card\" content=\"summary_large_image\" \/>\n<meta name=\"twitter:label1\" content=\"Escrito por\" \/>\n\t<meta name=\"twitter:data1\" content=\"Not\u00edcias em Destaque\" \/>\n\t<meta name=\"twitter:label2\" content=\"Est. tempo de leitura\" \/>\n\t<meta name=\"twitter:data2\" content=\"1 minuto\" \/>\n<script type=\"application\/ld+json\" class=\"yoast-schema-graph\">{\"@context\":\"https:\/\/schema.org\",\"@graph\":[{\"@type\":\"Article\",\"@id\":\"https:\/\/noticiasemdestaque.com\/cd\/?p=14561#article\",\"isPartOf\":{\"@id\":\"https:\/\/noticiasemdestaque.com\/cd\/?p=14561\"},\"author\":{\"name\":\"Not\u00edcias em Destaque\",\"@id\":\"https:\/\/noticiasemdestaque.com\/cd\/#\/schema\/person\/47f7d4f55eec17c6b2ca036c5500f6ce\"},\"headline\":\"Trio \u00e9 preso suspeito de roubar loja de eletros em Jo\u00e3o Pessoa\",\"datePublished\":\"2018-12-22T17:21:46+00:00\",\"mainEntityOfPage\":{\"@id\":\"https:\/\/noticiasemdestaque.com\/cd\/?p=14561\"},\"wordCount\":135,\"publisher\":{\"@id\":\"https:\/\/noticiasemdestaque.com\/cd\/#organization\"},\"image\":{\"@id\":\"https:\/\/noticiasemdestaque.com\/cd\/?p=14561#primaryimage\"},\"thumbnailUrl\":\"https:\/\/noticiasemdestaque.com\/cd\/wp-content\/uploads\/2017\/08\/policia-sirene.jpg\",\"articleSection\":[\"Uncategorized\"],\"inLanguage\":\"pt-BR\"},{\"@type\":\"WebPage\",\"@id\":\"https:\/\/noticiasemdestaque.com\/cd\/?p=14561\",\"url\":\"https:\/\/noticiasemdestaque.com\/cd\/?p=14561\",\"name\":\"Trio \u00e9 preso suspeito de roubar loja de eletros em Jo\u00e3o Pessoa - Not&iacute;cias em Destaque\",\"isPartOf\":{\"@id\":\"https:\/\/noticiasemdestaque.com\/cd\/#website\"},\"primaryImageOfPage\":{\"@id\":\"https:\/\/noticiasemdestaque.com\/cd\/?p=14561#primaryimage\"},\"image\":{\"@id\":\"https:\/\/noticiasemdestaque.com\/cd\/?p=14561#primaryimage\"},\"thumbnailUrl\":\"https:\/\/noticiasemdestaque.com\/cd\/wp-content\/uploads\/2017\/08\/policia-sirene.jpg\",\"datePublished\":\"2018-12-22T17:21:46+00:00\",\"breadcrumb\":{\"@id\":\"https:\/\/noticiasemdestaque.com\/cd\/?p=14561#breadcrumb\"},\"inLanguage\":\"pt-BR\",\"potentialAction\":[{\"@type\":\"ReadAction\",\"target\":[\"https:\/\/noticiasemdestaque.com\/cd\/?p=14561\"]}]},{\"@type\":\"ImageObject\",\"inLanguage\":\"pt-BR\",\"@id\":\"https:\/\/noticiasemdestaque.com\/cd\/?p=14561#primaryimage\",\"url\":\"https:\/\/noticiasemdestaque.com\/cd\/wp-content\/uploads\/2017\/08\/policia-sirene.jpg\",\"contentUrl\":\"https:\/\/noticiasemdestaque.com\/cd\/wp-content\/uploads\/2017\/08\/policia-sirene.jpg\",\"width\":2592,\"height\":1936},{\"@type\":\"BreadcrumbList\",\"@id\":\"https:\/\/noticiasemdestaque.com\/cd\/?p=14561#breadcrumb\",\"itemListElement\":[{\"@type\":\"ListItem\",\"position\":1,\"name\":\"In\u00edcio\",\"item\":\"https:\/\/noticiasemdestaque.com\/cd\/\"},{\"@type\":\"ListItem\",\"position\":2,\"name\":\"Trio \u00e9 preso suspeito de roubar loja de eletros em Jo\u00e3o Pessoa\"}]},{\"@type\":\"WebSite\",\"@id\":\"https:\/\/noticiasemdestaque.com\/cd\/#website\",\"url\":\"https:\/\/noticiasemdestaque.com\/cd\/\",\"name\":\"Not&iacute;cias em Destaque\",\"description\":\"\",\"publisher\":{\"@id\":\"https:\/\/noticiasemdestaque.com\/cd\/#organization\"},\"potentialAction\":[{\"@type\":\"SearchAction\",\"target\":{\"@type\":\"EntryPoint\",\"urlTemplate\":\"https:\/\/noticiasemdestaque.com\/cd\/?s={search_term_string}\"},\"query-input\":{\"@type\":\"PropertyValueSpecification\",\"valueRequired\":true,\"valueName\":\"search_term_string\"}}],\"inLanguage\":\"pt-BR\"},{\"@type\":\"Organization\",\"@id\":\"https:\/\/noticiasemdestaque.com\/cd\/#organization\",\"name\":\"Not\u00edcias em Destaque\",\"url\":\"https:\/\/noticiasemdestaque.com\/cd\/\",\"logo\":{\"@type\":\"ImageObject\",\"inLanguage\":\"pt-BR\",\"@id\":\"https:\/\/noticiasemdestaque.com\/cd\/#\/schema\/logo\/image\/\",\"url\":\"https:\/\/noticiasemdestaque.com\/cd\/wp-content\/uploads\/2022\/05\/imagem-base-noticiasemdestaque.png\",\"contentUrl\":\"https:\/\/noticiasemdestaque.com\/cd\/wp-content\/uploads\/2022\/05\/imagem-base-noticiasemdestaque.png\",\"width\":1200,\"height\":630,\"caption\":\"Not\u00edcias em Destaque\"},\"image\":{\"@id\":\"https:\/\/noticiasemdestaque.com\/cd\/#\/schema\/logo\/image\/\"}},{\"@type\":\"Person\",\"@id\":\"https:\/\/noticiasemdestaque.com\/cd\/#\/schema\/person\/47f7d4f55eec17c6b2ca036c5500f6ce\",\"name\":\"Not\u00edcias em Destaque\",\"url\":\"https:\/\/noticiasemdestaque.com\/cd\/?author=2\"}]}<\/script>\n<!-- \/ Yoast SEO plugin. -->","yoast_head_json":{"title":"Trio \u00e9 preso suspeito de roubar loja de eletros em Jo\u00e3o Pessoa - Not&iacute;cias em Destaque","robots":{"index":"index","follow":"follow","max-snippet":"max-snippet:-1","max-image-preview":"max-image-preview:large","max-video-preview":"max-video-preview:-1"},"canonical":"https:\/\/noticiasemdestaque.com\/cd\/?p=14561","og_locale":"pt_BR","og_type":"article","og_title":"Trio \u00e9 preso suspeito de roubar loja de eletros em Jo\u00e3o Pessoa - Not&iacute;cias em Destaque","og_description":"Tr\u00eas suspeitos de assaltar uma loja de eletroeletr\u00f4nicos foram detidos na manh\u00e3 deste s\u00e1bado (22), no Valentina, Zona Sul de Jo\u00e3o Pessoa. Dois s\u00e3o adultos e um \u00e9 adolescente. Segundo a Pol\u00edcia Militar, o trio teria cometido o crime em uma loja que fica na avenida principal dos Banc\u00e1rios. Eles foram localizados em uma casa no Valentina, usada como ponto de apoio ao crime. Com o trio, foram apreendidas duas armas de fogo que foram utilizadas para amea\u00e7ar funcion\u00e1rios durante o roubo, v\u00e1rios celulares e dois carros usados na a\u00e7\u00e3o. Todo o material recuperado e os suspeitos do assalto foram levados agora para a Central de Flagrantes. Not\u00edcias em Destaque Com Portal Correio","og_url":"https:\/\/noticiasemdestaque.com\/cd\/?p=14561","og_site_name":"Not&iacute;cias em Destaque","article_published_time":"2018-12-22T17:21:46+00:00","og_image":[{"width":2592,"height":1936,"url":"https:\/\/noticiasemdestaque.com\/cd\/wp-content\/uploads\/2017\/08\/policia-sirene.jpg","type":"image\/jpeg"}],"author":"Not\u00edcias em Destaque","twitter_card":"summary_large_image","twitter_misc":{"Escrito por":"Not\u00edcias em Destaque","Est. tempo de leitura":"1 minuto"},"schema":{"@context":"https:\/\/schema.org","@graph":[{"@type":"Article","@id":"https:\/\/noticiasemdestaque.com\/cd\/?p=14561#article","isPartOf":{"@id":"https:\/\/noticiasemdestaque.com\/cd\/?p=14561"},"author":{"name":"Not\u00edcias em Destaque","@id":"https:\/\/noticiasemdestaque.com\/cd\/#\/schema\/person\/47f7d4f55eec17c6b2ca036c5500f6ce"},"headline":"Trio \u00e9 preso suspeito de roubar loja de eletros em Jo\u00e3o Pessoa","datePublished":"2018-12-22T17:21:46+00:00","mainEntityOfPage":{"@id":"https:\/\/noticiasemdestaque.com\/cd\/?p=14561"},"wordCount":135,"publisher":{"@id":"https:\/\/noticiasemdestaque.com\/cd\/#organization"},"image":{"@id":"https:\/\/noticiasemdestaque.com\/cd\/?p=14561#primaryimage"},"thumbnailUrl":"https:\/\/noticiasemdestaque.com\/cd\/wp-content\/uploads\/2017\/08\/policia-sirene.jpg","articleSection":["Uncategorized"],"inLanguage":"pt-BR"},{"@type":"WebPage","@id":"https:\/\/noticiasemdestaque.com\/cd\/?p=14561","url":"https:\/\/noticiasemdestaque.com\/cd\/?p=14561","name":"Trio \u00e9 preso suspeito de roubar loja de eletros em Jo\u00e3o Pessoa - Not&iacute;cias em Destaque","isPartOf":{"@id":"https:\/\/noticiasemdestaque.com\/cd\/#website"},"primaryImageOfPage":{"@id":"https:\/\/noticiasemdestaque.com\/cd\/?p=14561#primaryimage"},"image":{"@id":"https:\/\/noticiasemdestaque.com\/cd\/?p=14561#primaryimage"},"thumbnailUrl":"https:\/\/noticiasemdestaque.com\/cd\/wp-content\/uploads\/2017\/08\/policia-sirene.jpg","datePublished":"2018-12-22T17:21:46+00:00","breadcrumb":{"@id":"https:\/\/noticiasemdestaque.com\/cd\/?p=14561#breadcrumb"},"inLanguage":"pt-BR","potentialAction":[{"@type":"ReadAction","target":["https:\/\/noticiasemdestaque.com\/cd\/?p=14561"]}]},{"@type":"ImageObject","inLanguage":"pt-BR","@id":"https:\/\/noticiasemdestaque.com\/cd\/?p=14561#primaryimage","url":"https:\/\/noticiasemdestaque.com\/cd\/wp-content\/uploads\/2017\/08\/policia-sirene.jpg","contentUrl":"https:\/\/noticiasemdestaque.com\/cd\/wp-content\/uploads\/2017\/08\/policia-sirene.jpg","width":2592,"height":1936},{"@type":"BreadcrumbList","@id":"https:\/\/noticiasemdestaque.com\/cd\/?p=14561#breadcrumb","itemListElement":[{"@type":"ListItem","position":1,"name":"In\u00edcio","item":"https:\/\/noticiasemdestaque.com\/cd\/"},{"@type":"ListItem","position":2,"name":"Trio \u00e9 preso suspeito de roubar loja de eletros em Jo\u00e3o Pessoa"}]},{"@type":"WebSite","@id":"https:\/\/noticiasemdestaque.com\/cd\/#website","url":"https:\/\/noticiasemdestaque.com\/cd\/","name":"Not&iacute;cias em Destaque","description":"","publisher":{"@id":"https:\/\/noticiasemdestaque.com\/cd\/#organization"},"potentialAction":[{"@type":"SearchAction","target":{"@type":"EntryPoint","urlTemplate":"https:\/\/noticiasemdestaque.com\/cd\/?s={search_term_string}"},"query-input":{"@type":"PropertyValueSpecification","valueRequired":true,"valueName":"search_term_string"}}],"inLanguage":"pt-BR"},{"@type":"Organization","@id":"https:\/\/noticiasemdestaque.com\/cd\/#organization","name":"Not\u00edcias em Destaque","url":"https:\/\/noticiasemdestaque.com\/cd\/","logo":{"@type":"ImageObject","inLanguage":"pt-BR","@id":"https:\/\/noticiasemdestaque.com\/cd\/#\/schema\/logo\/image\/","url":"https:\/\/noticiasemdestaque.com\/cd\/wp-content\/uploads\/2022\/05\/imagem-base-noticiasemdestaque.png","contentUrl":"https:\/\/noticiasemdestaque.com\/cd\/wp-content\/uploads\/2022\/05\/imagem-base-noticiasemdestaque.png","width":1200,"height":630,"caption":"Not\u00edcias em Destaque"},"image":{"@id":"https:\/\/noticiasemdestaque.com\/cd\/#\/schema\/logo\/image\/"}},{"@type":"Person","@id":"https:\/\/noticiasemdestaque.com\/cd\/#\/schema\/person\/47f7d4f55eec17c6b2ca036c5500f6ce","name":"Not\u00edcias em Destaque","url":"https:\/\/noticiasemdestaque.com\/cd\/?author=2"}]}},"jetpack_featured_media_url":"https:\/\/noticiasemdestaque.com\/cd\/wp-content\/uploads\/2017\/08\/policia-sirene.jpg","jetpack_sharing_enabled":true,"_links":{"self":[{"href":"https:\/\/noticiasemdestaque.com\/cd\/index.php?rest_route=\/wp\/v2\/posts\/14561","targetHints":{"allow":["GET"]}}],"collection":[{"href":"https:\/\/noticiasemdestaque.com\/cd\/index.php?rest_route=\/wp\/v2\/posts"}],"about":[{"href":"https:\/\/noticiasemdestaque.com\/cd\/index.php?rest_route=\/wp\/v2\/types\/post"}],"author":[{"embeddable":true,"href":"https:\/\/noticiasemdestaque.com\/cd\/index.php?rest_route=\/wp\/v2\/users\/2"}],"replies":[{"embeddable":true,"href":"https:\/\/noticiasemdestaque.com\/cd\/index.php?rest_route=%2Fwp%2Fv2%2Fcomments&post=14561"}],"version-history":[{"count":1,"href":"https:\/\/noticiasemdestaque.com\/cd\/index.php?rest_route=\/wp\/v2\/posts\/14561\/revisions"}],"predecessor-version":[{"id":14562,"href":"https:\/\/noticiasemdestaque.com\/cd\/index.php?rest_route=\/wp\/v2\/posts\/14561\/revisions\/14562"}],"wp:featuredmedia":[{"embeddable":true,"href":"https:\/\/noticiasemdestaque.com\/cd\/index.php?rest_route=\/wp\/v2\/media\/3005"}],"wp:attachment":[{"href":"https:\/\/noticiasemdestaque.com\/cd\/index.php?rest_route=%2Fwp%2Fv2%2Fmedia&parent=14561"}],"wp:term":[{"taxonomy":"category","embeddable":true,"href":"https:\/\/noticiasemdestaque.com\/cd\/index.php?rest_route=%2Fwp%2Fv2%2Fcategories&post=14561"},{"taxonomy":"post_tag","embeddable":true,"href":"https:\/\/noticiasemdestaque.com\/cd\/index.php?rest_route=%2Fwp%2Fv2%2Ftags&post=14561"}],"curies":[{"name":"wp","href":"https:\/\/api.w.org\/{rel}","templated":true}]}}