{"id":1456,"date":"2017-07-07T18:38:13","date_gmt":"2017-07-07T21:38:13","guid":{"rendered":"http:\/\/caririemdestaque.com\/cd\/?p=1456"},"modified":"2017-07-07T18:38:13","modified_gmt":"2017-07-07T21:38:13","slug":"tjpe-divulga-no-dia-14-edital-do-concurso-para-servidores-e-provas-estao-previstas-para-outubro","status":"publish","type":"post","link":"https:\/\/noticiasemdestaque.com\/cd\/?p=1456","title":{"rendered":"TJPE divulga no dia 14 edital do concurso para servidores e provas est\u00e3o previstas para outubro"},"content":{"rendered":"<p><a href=\"http:\/\/caririemdestaque.com\/cd\/wp-content\/uploads\/2017\/07\/tj-pe.jpg\"><img fetchpriority=\"high\" decoding=\"async\" class=\"size-medium wp-image-1457 alignleft\" src=\"http:\/\/caririemdestaque.com\/cd\/wp-content\/uploads\/2017\/07\/tj-pe-300x200.jpg\" alt=\"\" width=\"300\" height=\"200\" srcset=\"https:\/\/noticiasemdestaque.com\/cd\/wp-content\/uploads\/2017\/07\/tj-pe-300x200.jpg 300w, https:\/\/noticiasemdestaque.com\/cd\/wp-content\/uploads\/2017\/07\/tj-pe-768x513.jpg 768w, https:\/\/noticiasemdestaque.com\/cd\/wp-content\/uploads\/2017\/07\/tj-pe-480x320.jpg 480w, https:\/\/noticiasemdestaque.com\/cd\/wp-content\/uploads\/2017\/07\/tj-pe.jpg 876w\" sizes=\"(max-width: 300px) 100vw, 300px\" \/><\/a>O Tribunal de Justi\u00e7a de Pernambuco divulgou na tarde desta sexta-feira (07) que est\u00e1 previsto para 14 de julho deste m\u00eas o lan\u00e7amento do edital do concurso p\u00fablico para provimento do cargo de servidor do Poder Judici\u00e1rio pernambucano. Os detalhes do certame ser\u00e3o apresentados no dia 13, como quantidade de vagas, per\u00edodo de inscri\u00e7\u00f5es, entre outros. A previs\u00e3o \u00e9 de que as provas sejam realizadas em outubro.<\/p>\n<p>Em reuni\u00e3o realizada no Pal\u00e1cio da Justi\u00e7a, no Recife, na quinta-feira (6\/7), os presidentes do TJPE, desembargador Leopoldo Raposo, e do Instituto Brasileiro de Forma\u00e7\u00e3o e Capacita\u00e7\u00e3o (IBFC), Alexandre Faraco, alinharam especifica\u00e7\u00f5es sobre distribui\u00e7\u00e3o de vagas nos cargos de t\u00e9cnico, analista e oficial; conte\u00fado program\u00e1tico; estrutura dos exames; entre outros aspectos.<\/p>\n<p>A realiza\u00e7\u00e3o do concurso \u00e9 mais uma fase na busca por uma plena presta\u00e7\u00e3o de servi\u00e7o \u00e0 sociedade. \u201cJusti\u00e7a c\u00e9lere, direito do cidad\u00e3o. Esse \u00e9 o lema da atual gest\u00e3o do Tribunal de Justi\u00e7a de Pernambuco. Estamos investindo em equipe e infraestrutura, para atender o cidad\u00e3o de forma digna\u201d, declara o presidente Leopoldo Raposo. \u201cO concurso p\u00fablico \u00e9 de suma import\u00e2ncia para o TJPE, pois nos d\u00e1 condi\u00e7\u00f5es de criar uma melhor estrutura de pessoal para prestar a jurisdi\u00e7\u00e3o e atender aos anseios da sociedade, principal objetivo de todos os colaborados do Tribunal\u201d, afirma o secret\u00e1rio Marcel Lima.<\/p>\n<p>Para o presidente do IBFC, Alexandre Faraco, o lan\u00e7amento do certame est\u00e1 sendo pensado com estudo e cuidado. \u201c\u00c9 um concurso de grande proje\u00e7\u00e3o pela import\u00e2ncia para a sociedade e pela quantidade de candidatos.\u201d A empresa venceu o processo licitat\u00f3rio, homologado em janeiro deste ano, para contrata\u00e7\u00e3o de institui\u00e7\u00e3o prestadora de servi\u00e7os t\u00e9cnicos especializados de organiza\u00e7\u00e3o e aplica\u00e7\u00e3o de provas. O \u00faltimo concurso para servidor do TJPE foi realizado em 2011.<\/p>\n<p>O encontro contou com a presen\u00e7a do primeiro vice-presidente do Tribunal, desembargador Adalberto de Oliveira Melo; do assessor da Presid\u00eancia, juiz Jo\u00e3o Targino; do diretor-geral Ricardo Lins; do secret\u00e1rio de Gest\u00e3o de Pessoas, Marcel Lima, e equipe respons\u00e1vel pelos estudos para elabora\u00e7\u00e3o do edital; do secret\u00e1rio Judici\u00e1rio, Carlos Gon\u00e7alves; do consultor jur\u00eddico Oscar Barros; e de integrantes da Coordenadoria de Planejamento, Gest\u00e3o Estrat\u00e9gica e Or\u00e7amento (Coplan) do TJPE. Representantes da empresa organizadora do concurso tamb\u00e9m estiveram presentes.<\/p>\n<p>A defini\u00e7\u00e3o do dia 13 para divulga\u00e7\u00e3o dos detalhes sobre o edital se deve \u00e0s comemora\u00e7\u00f5es do tribunal, por marcar exato um m\u00eas\u00a0 para o anivers\u00e1rio do Tribunal de Justi\u00e7a de Pernambuco (TJPE), que completa 195 anos em agosto. Haver\u00e1 a divulga\u00e7\u00e3o da programa\u00e7\u00e3o do evento comemorativo.<\/p>\n","protected":false},"excerpt":{"rendered":"<p>O Tribunal de Justi\u00e7a de Pernambuco divulgou na tarde desta sexta-feira (07) que est\u00e1 previsto para 14 de julho deste m\u00eas o lan\u00e7amento do edital do concurso p\u00fablico para provimento do cargo de servidor do Poder Judici\u00e1rio pernambucano. Os detalhes do certame ser\u00e3o apresentados no dia 13, como quantidade de vagas, per\u00edodo de inscri\u00e7\u00f5es, entre outros. A previs\u00e3o \u00e9 de que as provas sejam realizadas em outubro. Em reuni\u00e3o realizada no Pal\u00e1cio da Justi\u00e7a, no Recife, na quinta-feira (6\/7), os presidentes do TJPE, desembargador Leopoldo Raposo, e do Instituto Brasileiro de Forma\u00e7\u00e3o e Capacita\u00e7\u00e3o (IBFC), Alexandre Faraco, alinharam especifica\u00e7\u00f5es sobre distribui\u00e7\u00e3o de vagas nos cargos de t\u00e9cnico, analista e oficial; conte\u00fado program\u00e1tico; estrutura dos exames; entre outros aspectos. A realiza\u00e7\u00e3o do concurso \u00e9 mais uma fase na busca por uma plena presta\u00e7\u00e3o de servi\u00e7o \u00e0 sociedade. \u201cJusti\u00e7a c\u00e9lere, direito do cidad\u00e3o. Esse \u00e9 o lema da atual gest\u00e3o do Tribunal de Justi\u00e7a de Pernambuco. Estamos investindo em equipe e infraestrutura, para atender o cidad\u00e3o de forma digna\u201d, declara o presidente Leopoldo Raposo. \u201cO concurso p\u00fablico \u00e9 de suma import\u00e2ncia para o TJPE, pois nos d\u00e1 condi\u00e7\u00f5es de criar uma melhor estrutura de pessoal para prestar a jurisdi\u00e7\u00e3o e atender aos anseios da sociedade, principal objetivo de todos os colaborados do Tribunal\u201d, afirma o secret\u00e1rio Marcel Lima. Para o presidente do IBFC, Alexandre Faraco, o lan\u00e7amento do certame est\u00e1 sendo pensado com estudo e cuidado. \u201c\u00c9 um concurso de grande proje\u00e7\u00e3o pela import\u00e2ncia para a sociedade e pela quantidade de candidatos.\u201d A empresa venceu o processo licitat\u00f3rio, homologado em janeiro deste ano, para contrata\u00e7\u00e3o de institui\u00e7\u00e3o prestadora de servi\u00e7os t\u00e9cnicos especializados de organiza\u00e7\u00e3o e aplica\u00e7\u00e3o de provas. O \u00faltimo concurso para servidor do TJPE foi realizado em 2011. O encontro contou com a presen\u00e7a do primeiro vice-presidente do Tribunal, desembargador Adalberto de Oliveira Melo; do assessor da Presid\u00eancia, juiz Jo\u00e3o Targino; do diretor-geral Ricardo Lins; do secret\u00e1rio de Gest\u00e3o de Pessoas, Marcel Lima, e equipe respons\u00e1vel pelos estudos para elabora\u00e7\u00e3o do edital; do secret\u00e1rio Judici\u00e1rio, Carlos Gon\u00e7alves; do consultor jur\u00eddico Oscar Barros; e de integrantes da Coordenadoria de Planejamento, Gest\u00e3o Estrat\u00e9gica e Or\u00e7amento (Coplan) do TJPE. Representantes da empresa organizadora do concurso tamb\u00e9m estiveram presentes. A defini\u00e7\u00e3o do dia 13 para divulga\u00e7\u00e3o dos detalhes sobre o edital se deve \u00e0s comemora\u00e7\u00f5es do tribunal, por marcar exato um m\u00eas\u00a0 para o anivers\u00e1rio do Tribunal de Justi\u00e7a de Pernambuco (TJPE), que completa 195 anos em agosto. Haver\u00e1 a divulga\u00e7\u00e3o da programa\u00e7\u00e3o do evento comemorativo.<\/p>\n","protected":false},"author":2,"featured_media":1457,"comment_status":"closed","ping_status":"open","sticky":false,"template":"","format":"standard","meta":{"_eb_attr":"","_jetpack_memberships_contains_paid_content":false,"footnotes":""},"categories":[6],"tags":[],"class_list":["post-1456","post","type-post","status-publish","format-standard","has-post-thumbnail","hentry","category-educacao"],"yoast_head":"<!-- This site is optimized with the Yoast SEO plugin v26.5 - https:\/\/yoast.com\/wordpress\/plugins\/seo\/ -->\n<title>TJPE divulga no dia 14 edital do concurso para servidores e provas est\u00e3o previstas para outubro - Not&iacute;cias em Destaque<\/title>\n<meta name=\"robots\" content=\"index, follow, max-snippet:-1, max-image-preview:large, max-video-preview:-1\" \/>\n<link rel=\"canonical\" href=\"https:\/\/noticiasemdestaque.com\/cd\/?p=1456\" \/>\n<meta property=\"og:locale\" content=\"pt_BR\" \/>\n<meta property=\"og:type\" content=\"article\" \/>\n<meta property=\"og:title\" content=\"TJPE divulga no dia 14 edital do concurso para servidores e provas est\u00e3o previstas para outubro - Not&iacute;cias em Destaque\" \/>\n<meta property=\"og:description\" content=\"O Tribunal de Justi\u00e7a de Pernambuco divulgou na tarde desta sexta-feira (07) que est\u00e1 previsto para 14 de julho deste m\u00eas o lan\u00e7amento do edital do concurso p\u00fablico para provimento do cargo de servidor do Poder Judici\u00e1rio pernambucano. Os detalhes do certame ser\u00e3o apresentados no dia 13, como quantidade de vagas, per\u00edodo de inscri\u00e7\u00f5es, entre outros. A previs\u00e3o \u00e9 de que as provas sejam realizadas em outubro. Em reuni\u00e3o realizada no Pal\u00e1cio da Justi\u00e7a, no Recife, na quinta-feira (6\/7), os presidentes do TJPE, desembargador Leopoldo Raposo, e do Instituto Brasileiro de Forma\u00e7\u00e3o e Capacita\u00e7\u00e3o (IBFC), Alexandre Faraco, alinharam especifica\u00e7\u00f5es sobre distribui\u00e7\u00e3o de vagas nos cargos de t\u00e9cnico, analista e oficial; conte\u00fado program\u00e1tico; estrutura dos exames; entre outros aspectos. A realiza\u00e7\u00e3o do concurso \u00e9 mais uma fase na busca por uma plena presta\u00e7\u00e3o de servi\u00e7o \u00e0 sociedade. \u201cJusti\u00e7a c\u00e9lere, direito do cidad\u00e3o. Esse \u00e9 o lema da atual gest\u00e3o do Tribunal de Justi\u00e7a de Pernambuco. Estamos investindo em equipe e infraestrutura, para atender o cidad\u00e3o de forma digna\u201d, declara o presidente Leopoldo Raposo. \u201cO concurso p\u00fablico \u00e9 de suma import\u00e2ncia para o TJPE, pois nos d\u00e1 condi\u00e7\u00f5es de criar uma melhor estrutura de pessoal para prestar a jurisdi\u00e7\u00e3o e atender aos anseios da sociedade, principal objetivo de todos os colaborados do Tribunal\u201d, afirma o secret\u00e1rio Marcel Lima. Para o presidente do IBFC, Alexandre Faraco, o lan\u00e7amento do certame est\u00e1 sendo pensado com estudo e cuidado. \u201c\u00c9 um concurso de grande proje\u00e7\u00e3o pela import\u00e2ncia para a sociedade e pela quantidade de candidatos.\u201d A empresa venceu o processo licitat\u00f3rio, homologado em janeiro deste ano, para contrata\u00e7\u00e3o de institui\u00e7\u00e3o prestadora de servi\u00e7os t\u00e9cnicos especializados de organiza\u00e7\u00e3o e aplica\u00e7\u00e3o de provas. O \u00faltimo concurso para servidor do TJPE foi realizado em 2011. O encontro contou com a presen\u00e7a do primeiro vice-presidente do Tribunal, desembargador Adalberto de Oliveira Melo; do assessor da Presid\u00eancia, juiz Jo\u00e3o Targino; do diretor-geral Ricardo Lins; do secret\u00e1rio de Gest\u00e3o de Pessoas, Marcel Lima, e equipe respons\u00e1vel pelos estudos para elabora\u00e7\u00e3o do edital; do secret\u00e1rio Judici\u00e1rio, Carlos Gon\u00e7alves; do consultor jur\u00eddico Oscar Barros; e de integrantes da Coordenadoria de Planejamento, Gest\u00e3o Estrat\u00e9gica e Or\u00e7amento (Coplan) do TJPE. Representantes da empresa organizadora do concurso tamb\u00e9m estiveram presentes. A defini\u00e7\u00e3o do dia 13 para divulga\u00e7\u00e3o dos detalhes sobre o edital se deve \u00e0s comemora\u00e7\u00f5es do tribunal, por marcar exato um m\u00eas\u00a0 para o anivers\u00e1rio do Tribunal de Justi\u00e7a de Pernambuco (TJPE), que completa 195 anos em agosto. Haver\u00e1 a divulga\u00e7\u00e3o da programa\u00e7\u00e3o do evento comemorativo.\" \/>\n<meta property=\"og:url\" content=\"https:\/\/noticiasemdestaque.com\/cd\/?p=1456\" \/>\n<meta property=\"og:site_name\" content=\"Not&iacute;cias em Destaque\" \/>\n<meta property=\"article:published_time\" content=\"2017-07-07T21:38:13+00:00\" \/>\n<meta property=\"og:image\" content=\"https:\/\/noticiasemdestaque.com\/cd\/wp-content\/uploads\/2017\/07\/tj-pe.jpg\" \/>\n\t<meta property=\"og:image:width\" content=\"876\" \/>\n\t<meta property=\"og:image:height\" content=\"585\" \/>\n\t<meta property=\"og:image:type\" content=\"image\/jpeg\" \/>\n<meta name=\"author\" content=\"Not\u00edcias em Destaque\" \/>\n<meta name=\"twitter:card\" content=\"summary_large_image\" \/>\n<meta name=\"twitter:label1\" content=\"Escrito por\" \/>\n\t<meta name=\"twitter:data1\" content=\"Not\u00edcias em Destaque\" \/>\n\t<meta name=\"twitter:label2\" content=\"Est. tempo de leitura\" \/>\n\t<meta name=\"twitter:data2\" content=\"2 minutos\" \/>\n<script type=\"application\/ld+json\" class=\"yoast-schema-graph\">{\"@context\":\"https:\/\/schema.org\",\"@graph\":[{\"@type\":\"Article\",\"@id\":\"https:\/\/noticiasemdestaque.com\/cd\/?p=1456#article\",\"isPartOf\":{\"@id\":\"https:\/\/noticiasemdestaque.com\/cd\/?p=1456\"},\"author\":{\"name\":\"Not\u00edcias em Destaque\",\"@id\":\"https:\/\/noticiasemdestaque.com\/cd\/#\/schema\/person\/4a81fb71f77579d059c3045891fa1786\"},\"headline\":\"TJPE divulga no dia 14 edital do concurso para servidores e provas est\u00e3o previstas para outubro\",\"datePublished\":\"2017-07-07T21:38:13+00:00\",\"mainEntityOfPage\":{\"@id\":\"https:\/\/noticiasemdestaque.com\/cd\/?p=1456\"},\"wordCount\":480,\"publisher\":{\"@id\":\"https:\/\/noticiasemdestaque.com\/cd\/#organization\"},\"image\":{\"@id\":\"https:\/\/noticiasemdestaque.com\/cd\/?p=1456#primaryimage\"},\"thumbnailUrl\":\"https:\/\/noticiasemdestaque.com\/cd\/wp-content\/uploads\/2017\/07\/tj-pe.jpg\",\"articleSection\":[\"Educa\u00e7\u00e3o\"],\"inLanguage\":\"pt-BR\"},{\"@type\":\"WebPage\",\"@id\":\"https:\/\/noticiasemdestaque.com\/cd\/?p=1456\",\"url\":\"https:\/\/noticiasemdestaque.com\/cd\/?p=1456\",\"name\":\"TJPE divulga no dia 14 edital do concurso para servidores e provas est\u00e3o previstas para outubro - Not&iacute;cias em Destaque\",\"isPartOf\":{\"@id\":\"https:\/\/noticiasemdestaque.com\/cd\/#website\"},\"primaryImageOfPage\":{\"@id\":\"https:\/\/noticiasemdestaque.com\/cd\/?p=1456#primaryimage\"},\"image\":{\"@id\":\"https:\/\/noticiasemdestaque.com\/cd\/?p=1456#primaryimage\"},\"thumbnailUrl\":\"https:\/\/noticiasemdestaque.com\/cd\/wp-content\/uploads\/2017\/07\/tj-pe.jpg\",\"datePublished\":\"2017-07-07T21:38:13+00:00\",\"breadcrumb\":{\"@id\":\"https:\/\/noticiasemdestaque.com\/cd\/?p=1456#breadcrumb\"},\"inLanguage\":\"pt-BR\",\"potentialAction\":[{\"@type\":\"ReadAction\",\"target\":[\"https:\/\/noticiasemdestaque.com\/cd\/?p=1456\"]}]},{\"@type\":\"ImageObject\",\"inLanguage\":\"pt-BR\",\"@id\":\"https:\/\/noticiasemdestaque.com\/cd\/?p=1456#primaryimage\",\"url\":\"https:\/\/noticiasemdestaque.com\/cd\/wp-content\/uploads\/2017\/07\/tj-pe.jpg\",\"contentUrl\":\"https:\/\/noticiasemdestaque.com\/cd\/wp-content\/uploads\/2017\/07\/tj-pe.jpg\",\"width\":876,\"height\":585},{\"@type\":\"BreadcrumbList\",\"@id\":\"https:\/\/noticiasemdestaque.com\/cd\/?p=1456#breadcrumb\",\"itemListElement\":[{\"@type\":\"ListItem\",\"position\":1,\"name\":\"In\u00edcio\",\"item\":\"https:\/\/noticiasemdestaque.com\/cd\/\"},{\"@type\":\"ListItem\",\"position\":2,\"name\":\"TJPE divulga no dia 14 edital do concurso para servidores e provas est\u00e3o previstas para outubro\"}]},{\"@type\":\"WebSite\",\"@id\":\"https:\/\/noticiasemdestaque.com\/cd\/#website\",\"url\":\"https:\/\/noticiasemdestaque.com\/cd\/\",\"name\":\"Not&iacute;cias em Destaque\",\"description\":\"\",\"publisher\":{\"@id\":\"https:\/\/noticiasemdestaque.com\/cd\/#organization\"},\"potentialAction\":[{\"@type\":\"SearchAction\",\"target\":{\"@type\":\"EntryPoint\",\"urlTemplate\":\"https:\/\/noticiasemdestaque.com\/cd\/?s={search_term_string}\"},\"query-input\":{\"@type\":\"PropertyValueSpecification\",\"valueRequired\":true,\"valueName\":\"search_term_string\"}}],\"inLanguage\":\"pt-BR\"},{\"@type\":\"Organization\",\"@id\":\"https:\/\/noticiasemdestaque.com\/cd\/#organization\",\"name\":\"Not\u00edcias em Destaque\",\"url\":\"https:\/\/noticiasemdestaque.com\/cd\/\",\"logo\":{\"@type\":\"ImageObject\",\"inLanguage\":\"pt-BR\",\"@id\":\"https:\/\/noticiasemdestaque.com\/cd\/#\/schema\/logo\/image\/\",\"url\":\"https:\/\/noticiasemdestaque.com\/cd\/wp-content\/uploads\/2022\/05\/imagem-base-noticiasemdestaque.png\",\"contentUrl\":\"https:\/\/noticiasemdestaque.com\/cd\/wp-content\/uploads\/2022\/05\/imagem-base-noticiasemdestaque.png\",\"width\":1200,\"height\":630,\"caption\":\"Not\u00edcias em Destaque\"},\"image\":{\"@id\":\"https:\/\/noticiasemdestaque.com\/cd\/#\/schema\/logo\/image\/\"}},{\"@type\":\"Person\",\"@id\":\"https:\/\/noticiasemdestaque.com\/cd\/#\/schema\/person\/4a81fb71f77579d059c3045891fa1786\",\"name\":\"Not\u00edcias em Destaque\",\"url\":\"https:\/\/noticiasemdestaque.com\/cd\/?author=2\"}]}<\/script>\n<!-- \/ Yoast SEO plugin. -->","yoast_head_json":{"title":"TJPE divulga no dia 14 edital do concurso para servidores e provas est\u00e3o previstas para outubro - Not&iacute;cias em Destaque","robots":{"index":"index","follow":"follow","max-snippet":"max-snippet:-1","max-image-preview":"max-image-preview:large","max-video-preview":"max-video-preview:-1"},"canonical":"https:\/\/noticiasemdestaque.com\/cd\/?p=1456","og_locale":"pt_BR","og_type":"article","og_title":"TJPE divulga no dia 14 edital do concurso para servidores e provas est\u00e3o previstas para outubro - Not&iacute;cias em Destaque","og_description":"O Tribunal de Justi\u00e7a de Pernambuco divulgou na tarde desta sexta-feira (07) que est\u00e1 previsto para 14 de julho deste m\u00eas o lan\u00e7amento do edital do concurso p\u00fablico para provimento do cargo de servidor do Poder Judici\u00e1rio pernambucano. Os detalhes do certame ser\u00e3o apresentados no dia 13, como quantidade de vagas, per\u00edodo de inscri\u00e7\u00f5es, entre outros. A previs\u00e3o \u00e9 de que as provas sejam realizadas em outubro. Em reuni\u00e3o realizada no Pal\u00e1cio da Justi\u00e7a, no Recife, na quinta-feira (6\/7), os presidentes do TJPE, desembargador Leopoldo Raposo, e do Instituto Brasileiro de Forma\u00e7\u00e3o e Capacita\u00e7\u00e3o (IBFC), Alexandre Faraco, alinharam especifica\u00e7\u00f5es sobre distribui\u00e7\u00e3o de vagas nos cargos de t\u00e9cnico, analista e oficial; conte\u00fado program\u00e1tico; estrutura dos exames; entre outros aspectos. A realiza\u00e7\u00e3o do concurso \u00e9 mais uma fase na busca por uma plena presta\u00e7\u00e3o de servi\u00e7o \u00e0 sociedade. \u201cJusti\u00e7a c\u00e9lere, direito do cidad\u00e3o. Esse \u00e9 o lema da atual gest\u00e3o do Tribunal de Justi\u00e7a de Pernambuco. Estamos investindo em equipe e infraestrutura, para atender o cidad\u00e3o de forma digna\u201d, declara o presidente Leopoldo Raposo. \u201cO concurso p\u00fablico \u00e9 de suma import\u00e2ncia para o TJPE, pois nos d\u00e1 condi\u00e7\u00f5es de criar uma melhor estrutura de pessoal para prestar a jurisdi\u00e7\u00e3o e atender aos anseios da sociedade, principal objetivo de todos os colaborados do Tribunal\u201d, afirma o secret\u00e1rio Marcel Lima. Para o presidente do IBFC, Alexandre Faraco, o lan\u00e7amento do certame est\u00e1 sendo pensado com estudo e cuidado. \u201c\u00c9 um concurso de grande proje\u00e7\u00e3o pela import\u00e2ncia para a sociedade e pela quantidade de candidatos.\u201d A empresa venceu o processo licitat\u00f3rio, homologado em janeiro deste ano, para contrata\u00e7\u00e3o de institui\u00e7\u00e3o prestadora de servi\u00e7os t\u00e9cnicos especializados de organiza\u00e7\u00e3o e aplica\u00e7\u00e3o de provas. O \u00faltimo concurso para servidor do TJPE foi realizado em 2011. O encontro contou com a presen\u00e7a do primeiro vice-presidente do Tribunal, desembargador Adalberto de Oliveira Melo; do assessor da Presid\u00eancia, juiz Jo\u00e3o Targino; do diretor-geral Ricardo Lins; do secret\u00e1rio de Gest\u00e3o de Pessoas, Marcel Lima, e equipe respons\u00e1vel pelos estudos para elabora\u00e7\u00e3o do edital; do secret\u00e1rio Judici\u00e1rio, Carlos Gon\u00e7alves; do consultor jur\u00eddico Oscar Barros; e de integrantes da Coordenadoria de Planejamento, Gest\u00e3o Estrat\u00e9gica e Or\u00e7amento (Coplan) do TJPE. Representantes da empresa organizadora do concurso tamb\u00e9m estiveram presentes. A defini\u00e7\u00e3o do dia 13 para divulga\u00e7\u00e3o dos detalhes sobre o edital se deve \u00e0s comemora\u00e7\u00f5es do tribunal, por marcar exato um m\u00eas\u00a0 para o anivers\u00e1rio do Tribunal de Justi\u00e7a de Pernambuco (TJPE), que completa 195 anos em agosto. Haver\u00e1 a divulga\u00e7\u00e3o da programa\u00e7\u00e3o do evento comemorativo.","og_url":"https:\/\/noticiasemdestaque.com\/cd\/?p=1456","og_site_name":"Not&iacute;cias em Destaque","article_published_time":"2017-07-07T21:38:13+00:00","og_image":[{"width":876,"height":585,"url":"https:\/\/noticiasemdestaque.com\/cd\/wp-content\/uploads\/2017\/07\/tj-pe.jpg","type":"image\/jpeg"}],"author":"Not\u00edcias em Destaque","twitter_card":"summary_large_image","twitter_misc":{"Escrito por":"Not\u00edcias em Destaque","Est. tempo de leitura":"2 minutos"},"schema":{"@context":"https:\/\/schema.org","@graph":[{"@type":"Article","@id":"https:\/\/noticiasemdestaque.com\/cd\/?p=1456#article","isPartOf":{"@id":"https:\/\/noticiasemdestaque.com\/cd\/?p=1456"},"author":{"name":"Not\u00edcias em Destaque","@id":"https:\/\/noticiasemdestaque.com\/cd\/#\/schema\/person\/4a81fb71f77579d059c3045891fa1786"},"headline":"TJPE divulga no dia 14 edital do concurso para servidores e provas est\u00e3o previstas para outubro","datePublished":"2017-07-07T21:38:13+00:00","mainEntityOfPage":{"@id":"https:\/\/noticiasemdestaque.com\/cd\/?p=1456"},"wordCount":480,"publisher":{"@id":"https:\/\/noticiasemdestaque.com\/cd\/#organization"},"image":{"@id":"https:\/\/noticiasemdestaque.com\/cd\/?p=1456#primaryimage"},"thumbnailUrl":"https:\/\/noticiasemdestaque.com\/cd\/wp-content\/uploads\/2017\/07\/tj-pe.jpg","articleSection":["Educa\u00e7\u00e3o"],"inLanguage":"pt-BR"},{"@type":"WebPage","@id":"https:\/\/noticiasemdestaque.com\/cd\/?p=1456","url":"https:\/\/noticiasemdestaque.com\/cd\/?p=1456","name":"TJPE divulga no dia 14 edital do concurso para servidores e provas est\u00e3o previstas para outubro - Not&iacute;cias em Destaque","isPartOf":{"@id":"https:\/\/noticiasemdestaque.com\/cd\/#website"},"primaryImageOfPage":{"@id":"https:\/\/noticiasemdestaque.com\/cd\/?p=1456#primaryimage"},"image":{"@id":"https:\/\/noticiasemdestaque.com\/cd\/?p=1456#primaryimage"},"thumbnailUrl":"https:\/\/noticiasemdestaque.com\/cd\/wp-content\/uploads\/2017\/07\/tj-pe.jpg","datePublished":"2017-07-07T21:38:13+00:00","breadcrumb":{"@id":"https:\/\/noticiasemdestaque.com\/cd\/?p=1456#breadcrumb"},"inLanguage":"pt-BR","potentialAction":[{"@type":"ReadAction","target":["https:\/\/noticiasemdestaque.com\/cd\/?p=1456"]}]},{"@type":"ImageObject","inLanguage":"pt-BR","@id":"https:\/\/noticiasemdestaque.com\/cd\/?p=1456#primaryimage","url":"https:\/\/noticiasemdestaque.com\/cd\/wp-content\/uploads\/2017\/07\/tj-pe.jpg","contentUrl":"https:\/\/noticiasemdestaque.com\/cd\/wp-content\/uploads\/2017\/07\/tj-pe.jpg","width":876,"height":585},{"@type":"BreadcrumbList","@id":"https:\/\/noticiasemdestaque.com\/cd\/?p=1456#breadcrumb","itemListElement":[{"@type":"ListItem","position":1,"name":"In\u00edcio","item":"https:\/\/noticiasemdestaque.com\/cd\/"},{"@type":"ListItem","position":2,"name":"TJPE divulga no dia 14 edital do concurso para servidores e provas est\u00e3o previstas para outubro"}]},{"@type":"WebSite","@id":"https:\/\/noticiasemdestaque.com\/cd\/#website","url":"https:\/\/noticiasemdestaque.com\/cd\/","name":"Not&iacute;cias em Destaque","description":"","publisher":{"@id":"https:\/\/noticiasemdestaque.com\/cd\/#organization"},"potentialAction":[{"@type":"SearchAction","target":{"@type":"EntryPoint","urlTemplate":"https:\/\/noticiasemdestaque.com\/cd\/?s={search_term_string}"},"query-input":{"@type":"PropertyValueSpecification","valueRequired":true,"valueName":"search_term_string"}}],"inLanguage":"pt-BR"},{"@type":"Organization","@id":"https:\/\/noticiasemdestaque.com\/cd\/#organization","name":"Not\u00edcias em Destaque","url":"https:\/\/noticiasemdestaque.com\/cd\/","logo":{"@type":"ImageObject","inLanguage":"pt-BR","@id":"https:\/\/noticiasemdestaque.com\/cd\/#\/schema\/logo\/image\/","url":"https:\/\/noticiasemdestaque.com\/cd\/wp-content\/uploads\/2022\/05\/imagem-base-noticiasemdestaque.png","contentUrl":"https:\/\/noticiasemdestaque.com\/cd\/wp-content\/uploads\/2022\/05\/imagem-base-noticiasemdestaque.png","width":1200,"height":630,"caption":"Not\u00edcias em Destaque"},"image":{"@id":"https:\/\/noticiasemdestaque.com\/cd\/#\/schema\/logo\/image\/"}},{"@type":"Person","@id":"https:\/\/noticiasemdestaque.com\/cd\/#\/schema\/person\/4a81fb71f77579d059c3045891fa1786","name":"Not\u00edcias em Destaque","url":"https:\/\/noticiasemdestaque.com\/cd\/?author=2"}]}},"jetpack_featured_media_url":"https:\/\/noticiasemdestaque.com\/cd\/wp-content\/uploads\/2017\/07\/tj-pe.jpg","jetpack_sharing_enabled":true,"_links":{"self":[{"href":"https:\/\/noticiasemdestaque.com\/cd\/index.php?rest_route=\/wp\/v2\/posts\/1456","targetHints":{"allow":["GET"]}}],"collection":[{"href":"https:\/\/noticiasemdestaque.com\/cd\/index.php?rest_route=\/wp\/v2\/posts"}],"about":[{"href":"https:\/\/noticiasemdestaque.com\/cd\/index.php?rest_route=\/wp\/v2\/types\/post"}],"author":[{"embeddable":true,"href":"https:\/\/noticiasemdestaque.com\/cd\/index.php?rest_route=\/wp\/v2\/users\/2"}],"replies":[{"embeddable":true,"href":"https:\/\/noticiasemdestaque.com\/cd\/index.php?rest_route=%2Fwp%2Fv2%2Fcomments&post=1456"}],"version-history":[{"count":1,"href":"https:\/\/noticiasemdestaque.com\/cd\/index.php?rest_route=\/wp\/v2\/posts\/1456\/revisions"}],"predecessor-version":[{"id":1458,"href":"https:\/\/noticiasemdestaque.com\/cd\/index.php?rest_route=\/wp\/v2\/posts\/1456\/revisions\/1458"}],"wp:featuredmedia":[{"embeddable":true,"href":"https:\/\/noticiasemdestaque.com\/cd\/index.php?rest_route=\/wp\/v2\/media\/1457"}],"wp:attachment":[{"href":"https:\/\/noticiasemdestaque.com\/cd\/index.php?rest_route=%2Fwp%2Fv2%2Fmedia&parent=1456"}],"wp:term":[{"taxonomy":"category","embeddable":true,"href":"https:\/\/noticiasemdestaque.com\/cd\/index.php?rest_route=%2Fwp%2Fv2%2Fcategories&post=1456"},{"taxonomy":"post_tag","embeddable":true,"href":"https:\/\/noticiasemdestaque.com\/cd\/index.php?rest_route=%2Fwp%2Fv2%2Ftags&post=1456"}],"curies":[{"name":"wp","href":"https:\/\/api.w.org\/{rel}","templated":true}]}}