{"id":14461,"date":"2018-12-17T06:47:28","date_gmt":"2018-12-17T09:47:28","guid":{"rendered":"http:\/\/noticiasemdestaque.com\/cd\/?p=14461"},"modified":"2018-12-17T06:47:28","modified_gmt":"2018-12-17T09:47:28","slug":"governo-bolsonaro-tera-mais-ministros-militares-do-que-em-1964","status":"publish","type":"post","link":"https:\/\/noticiasemdestaque.com\/cd\/?p=14461","title":{"rendered":"Governo Bolsonaro ter\u00e1 mais ministros militares do que em 1964"},"content":{"rendered":"<p><a href=\"https:\/\/noticiasemdestaque.com\/cd\/wp-content\/uploads\/2018\/12\/bolsonaro-4.jpg\"><img fetchpriority=\"high\" decoding=\"async\" class=\"alignnone size-full wp-image-14462\" src=\"https:\/\/noticiasemdestaque.com\/cd\/wp-content\/uploads\/2018\/12\/bolsonaro-4.jpg\" alt=\"\" width=\"1000\" height=\"667\" srcset=\"https:\/\/noticiasemdestaque.com\/cd\/wp-content\/uploads\/2018\/12\/bolsonaro-4.jpg 1000w, https:\/\/noticiasemdestaque.com\/cd\/wp-content\/uploads\/2018\/12\/bolsonaro-4-300x200.jpg 300w, https:\/\/noticiasemdestaque.com\/cd\/wp-content\/uploads\/2018\/12\/bolsonaro-4-768x512.jpg 768w, https:\/\/noticiasemdestaque.com\/cd\/wp-content\/uploads\/2018\/12\/bolsonaro-4-480x320.jpg 480w\" sizes=\"(max-width: 1000px) 100vw, 1000px\" \/><\/a><\/p>\n<p>O governo de Jair Bolsonaro ter\u00e1 mais ministros com forma\u00e7\u00e3o militar no primeiro escal\u00e3o do que no governo do general Castelo Branco (1964-1967), que inaugurou o ciclo de militares no poder ap\u00f3s o golpe de 1964. Comparado aos outros governos que sucederam o general, o do presidente eleito est\u00e1 no mesmo patamar da gest\u00e3o do general Em\u00edlio Garrastazu M\u00e9dici, que tinha sete ministros militares, mas numericamente abaixo dos minist\u00e9rios de Ernesto Geisel (10 ministros militares), Artur da Costa e Silva e Jo\u00e3o Baptista Figueiredo, ambos com nove.<\/p>\n<p>O que diferencia o primeiro escal\u00e3o de Bolsonaro dos presidentes militares e de parte dos civis ap\u00f3s a redemocratiza\u00e7\u00e3o \u00e9 a redu\u00e7\u00e3o dos minist\u00e9rios propriamente militares desde 1999. Primeiro, a antiga Casa Militar e o Servi\u00e7o Nacional de Informa\u00e7\u00f5es (SNI) foram extintos. No lugar deles nasceu o Gabinete de Seguran\u00e7a Institucional (GSI). Depois, os minist\u00e9rios do Ex\u00e9rcito, da Marinha e da Aeron\u00e1utica se fundiram no Minist\u00e9rio da Defesa, que incorporou ainda o Estado-Maior das For\u00e7as Armadas (Emfa).<\/p>\n<p>Se a configura\u00e7\u00e3o atual fosse aplicada aos governos do passado, somente o de Costa e Silva teria o mesmo n\u00famero de militares que Bolsonaro. E, se este tivesse um minist\u00e9rio com a antiga configura\u00e7\u00e3o, seu governo teria 10 ministros militares, mais do que qualquer um na hist\u00f3ria.<\/p>\n<p>Analistas ouvidos pelo Estado avaliam que esse fen\u00f4meno pode ser explicado por uma simples raz\u00e3o: eles fazem parte do universo do presidente eleito. Para eles, isso n\u00e3o necessariamente significa um risco de autoritarismo, mas pode indicar dificuldade nas negocia\u00e7\u00f5es.<\/p>\n<p>O partido do presidente eleito, PSL, existe desde 1994, mas despontou no cen\u00e1rio pol\u00edtico apenas neste ano. Em 2014, elegeu um parlamentar. Quatro anos depois, a bancada saltou para 52. O pr\u00f3prio presidente, ressalta Carlos Melo, professor do Insper, n\u00e3o teve uma atua\u00e7\u00e3o t\u00e9cnica em mais de duas d\u00e9cadas de C\u00e2mara, ou interlocu\u00e7\u00e3o com setores da economia, do meio ambiente, etc.<\/p>\n<p>\u201cFHC, no governo, levou v\u00e1rios intelectuais. Lula, sindicalistas. Surpresa seria se ele (Bolsonaro) convidasse um intelectual da Sorbonne. N\u00e3o \u00e9 a sua vis\u00e3o de mundo\u201d, disse Melo.<\/p>\n<p>A explica\u00e7\u00e3o para os militares no primeiro escal\u00e3o, segundo Frank McCann, historiador da Universidade de New Hampshire, especialista no Ex\u00e9rcito brasileiro, leva em conta a pr\u00f3pria passagem apagada do presidente eleito nas For\u00e7as Armadas. \u201cBolsonaro est\u00e1 tentando dar ao seu governo a imagem de severo, com base na popularidade da imagem das For\u00e7as Armadas. Ele quer que o prest\u00edgio dos generais reflita numa melhora de sua imagem. Em outras palavras, o papel deles no governo \u00e9 prover uma estatura que o pr\u00f3prio presidente n\u00e3o tem\u201d.<\/p>\n<p>Bolsonaro \u00e9 o terceiro presidente eleito por voto direto que veio das For\u00e7as Armadas. O primeiro foi Hermes da Fonseca, em 1910, tendo 2 militares entre seus 7 ministros, e Eurico Gaspar Dutra, que em 1946, colocou 4 militares entre seus 10 ministros.<\/p>\n<p>Em sua gest\u00e3o, n\u00e3o apenas Bolsonaro indicou um n\u00famero expressivo de militares, mas tamb\u00e9m para quase todas as vagas ligadas a infraestrutura, o que tamb\u00e9m ocorreu durante o regime militar. A quest\u00e3o, na avalia\u00e7\u00e3o dos analistas, \u00e9 como pretendem dialogar, principalmente com o Congresso. Para Jos\u00e9 \u00c1lvaro Mois\u00e9s, por exemplo, h\u00e1 uma preocupa\u00e7\u00e3o \u201cde esses segmentos adotarem um modo de funcionar que \u00e9 pr\u00f3prio da institui\u00e7\u00e3o militar, ethos militar\u201d, segundo disse, mais hier\u00e1rquico e r\u00edgido.<\/p>\n<p>As informa\u00e7\u00f5es s\u00e3o do jornal O Estado de S. Paulo.<\/p>\n","protected":false},"excerpt":{"rendered":"<p>O governo de Jair Bolsonaro ter\u00e1 mais ministros com forma\u00e7\u00e3o militar no primeiro escal\u00e3o do que no governo do general Castelo Branco (1964-1967), que inaugurou o ciclo de militares no poder ap\u00f3s o golpe de 1964. Comparado aos outros governos que sucederam o general, o do presidente eleito est\u00e1 no mesmo patamar da gest\u00e3o do general Em\u00edlio Garrastazu M\u00e9dici, que tinha sete ministros militares, mas numericamente abaixo dos minist\u00e9rios de Ernesto Geisel (10 ministros militares), Artur da Costa e Silva e Jo\u00e3o Baptista Figueiredo, ambos com nove. O que diferencia o primeiro escal\u00e3o de Bolsonaro dos presidentes militares e de parte dos civis ap\u00f3s a redemocratiza\u00e7\u00e3o \u00e9 a redu\u00e7\u00e3o dos minist\u00e9rios propriamente militares desde 1999. Primeiro, a antiga Casa Militar e o Servi\u00e7o Nacional de Informa\u00e7\u00f5es (SNI) foram extintos. No lugar deles nasceu o Gabinete de Seguran\u00e7a Institucional (GSI). Depois, os minist\u00e9rios do Ex\u00e9rcito, da Marinha e da Aeron\u00e1utica se fundiram no Minist\u00e9rio da Defesa, que incorporou ainda o Estado-Maior das For\u00e7as Armadas (Emfa). Se a configura\u00e7\u00e3o atual fosse aplicada aos governos do passado, somente o de Costa e Silva teria o mesmo n\u00famero de militares que Bolsonaro. E, se este tivesse um minist\u00e9rio com a antiga configura\u00e7\u00e3o, seu governo teria 10 ministros militares, mais do que qualquer um na hist\u00f3ria. Analistas ouvidos pelo Estado avaliam que esse fen\u00f4meno pode ser explicado por uma simples raz\u00e3o: eles fazem parte do universo do presidente eleito. Para eles, isso n\u00e3o necessariamente significa um risco de autoritarismo, mas pode indicar dificuldade nas negocia\u00e7\u00f5es. O partido do presidente eleito, PSL, existe desde 1994, mas despontou no cen\u00e1rio pol\u00edtico apenas neste ano. Em 2014, elegeu um parlamentar. Quatro anos depois, a bancada saltou para 52. O pr\u00f3prio presidente, ressalta Carlos Melo, professor do Insper, n\u00e3o teve uma atua\u00e7\u00e3o t\u00e9cnica em mais de duas d\u00e9cadas de C\u00e2mara, ou interlocu\u00e7\u00e3o com setores da economia, do meio ambiente, etc. \u201cFHC, no governo, levou v\u00e1rios intelectuais. Lula, sindicalistas. Surpresa seria se ele (Bolsonaro) convidasse um intelectual da Sorbonne. N\u00e3o \u00e9 a sua vis\u00e3o de mundo\u201d, disse Melo. A explica\u00e7\u00e3o para os militares no primeiro escal\u00e3o, segundo Frank McCann, historiador da Universidade de New Hampshire, especialista no Ex\u00e9rcito brasileiro, leva em conta a pr\u00f3pria passagem apagada do presidente eleito nas For\u00e7as Armadas. \u201cBolsonaro est\u00e1 tentando dar ao seu governo a imagem de severo, com base na popularidade da imagem das For\u00e7as Armadas. Ele quer que o prest\u00edgio dos generais reflita numa melhora de sua imagem. Em outras palavras, o papel deles no governo \u00e9 prover uma estatura que o pr\u00f3prio presidente n\u00e3o tem\u201d. Bolsonaro \u00e9 o terceiro presidente eleito por voto direto que veio das For\u00e7as Armadas. O primeiro foi Hermes da Fonseca, em 1910, tendo 2 militares entre seus 7 ministros, e Eurico Gaspar Dutra, que em 1946, colocou 4 militares entre seus 10 ministros. Em sua gest\u00e3o, n\u00e3o apenas Bolsonaro indicou um n\u00famero expressivo de militares, mas tamb\u00e9m para quase todas as vagas ligadas a infraestrutura, o que tamb\u00e9m ocorreu durante o regime militar. A quest\u00e3o, na avalia\u00e7\u00e3o dos analistas, \u00e9 como pretendem dialogar, principalmente com o Congresso. Para Jos\u00e9 \u00c1lvaro Mois\u00e9s, por exemplo, h\u00e1 uma preocupa\u00e7\u00e3o \u201cde esses segmentos adotarem um modo de funcionar que \u00e9 pr\u00f3prio da institui\u00e7\u00e3o militar, ethos militar\u201d, segundo disse, mais hier\u00e1rquico e r\u00edgido. As informa\u00e7\u00f5es s\u00e3o do jornal O Estado de S. Paulo.<\/p>\n","protected":false},"author":2,"featured_media":14462,"comment_status":"closed","ping_status":"open","sticky":false,"template":"","format":"standard","meta":{"_eb_attr":"","_jetpack_memberships_contains_paid_content":false,"footnotes":""},"categories":[4],"tags":[],"class_list":["post-14461","post","type-post","status-publish","format-standard","has-post-thumbnail","hentry","category-politica"],"yoast_head":"<!-- This site is optimized with the Yoast SEO plugin v26.5 - https:\/\/yoast.com\/wordpress\/plugins\/seo\/ -->\n<title>Governo Bolsonaro ter\u00e1 mais ministros militares do que em 1964 - Not&iacute;cias em Destaque<\/title>\n<meta name=\"robots\" content=\"index, follow, max-snippet:-1, max-image-preview:large, max-video-preview:-1\" \/>\n<link rel=\"canonical\" href=\"https:\/\/noticiasemdestaque.com\/cd\/?p=14461\" \/>\n<meta property=\"og:locale\" content=\"pt_BR\" \/>\n<meta property=\"og:type\" content=\"article\" \/>\n<meta property=\"og:title\" content=\"Governo Bolsonaro ter\u00e1 mais ministros militares do que em 1964 - Not&iacute;cias em Destaque\" \/>\n<meta property=\"og:description\" content=\"O governo de Jair Bolsonaro ter\u00e1 mais ministros com forma\u00e7\u00e3o militar no primeiro escal\u00e3o do que no governo do general Castelo Branco (1964-1967), que inaugurou o ciclo de militares no poder ap\u00f3s o golpe de 1964. Comparado aos outros governos que sucederam o general, o do presidente eleito est\u00e1 no mesmo patamar da gest\u00e3o do general Em\u00edlio Garrastazu M\u00e9dici, que tinha sete ministros militares, mas numericamente abaixo dos minist\u00e9rios de Ernesto Geisel (10 ministros militares), Artur da Costa e Silva e Jo\u00e3o Baptista Figueiredo, ambos com nove. O que diferencia o primeiro escal\u00e3o de Bolsonaro dos presidentes militares e de parte dos civis ap\u00f3s a redemocratiza\u00e7\u00e3o \u00e9 a redu\u00e7\u00e3o dos minist\u00e9rios propriamente militares desde 1999. Primeiro, a antiga Casa Militar e o Servi\u00e7o Nacional de Informa\u00e7\u00f5es (SNI) foram extintos. No lugar deles nasceu o Gabinete de Seguran\u00e7a Institucional (GSI). Depois, os minist\u00e9rios do Ex\u00e9rcito, da Marinha e da Aeron\u00e1utica se fundiram no Minist\u00e9rio da Defesa, que incorporou ainda o Estado-Maior das For\u00e7as Armadas (Emfa). Se a configura\u00e7\u00e3o atual fosse aplicada aos governos do passado, somente o de Costa e Silva teria o mesmo n\u00famero de militares que Bolsonaro. E, se este tivesse um minist\u00e9rio com a antiga configura\u00e7\u00e3o, seu governo teria 10 ministros militares, mais do que qualquer um na hist\u00f3ria. Analistas ouvidos pelo Estado avaliam que esse fen\u00f4meno pode ser explicado por uma simples raz\u00e3o: eles fazem parte do universo do presidente eleito. Para eles, isso n\u00e3o necessariamente significa um risco de autoritarismo, mas pode indicar dificuldade nas negocia\u00e7\u00f5es. O partido do presidente eleito, PSL, existe desde 1994, mas despontou no cen\u00e1rio pol\u00edtico apenas neste ano. Em 2014, elegeu um parlamentar. Quatro anos depois, a bancada saltou para 52. O pr\u00f3prio presidente, ressalta Carlos Melo, professor do Insper, n\u00e3o teve uma atua\u00e7\u00e3o t\u00e9cnica em mais de duas d\u00e9cadas de C\u00e2mara, ou interlocu\u00e7\u00e3o com setores da economia, do meio ambiente, etc. \u201cFHC, no governo, levou v\u00e1rios intelectuais. Lula, sindicalistas. Surpresa seria se ele (Bolsonaro) convidasse um intelectual da Sorbonne. N\u00e3o \u00e9 a sua vis\u00e3o de mundo\u201d, disse Melo. A explica\u00e7\u00e3o para os militares no primeiro escal\u00e3o, segundo Frank McCann, historiador da Universidade de New Hampshire, especialista no Ex\u00e9rcito brasileiro, leva em conta a pr\u00f3pria passagem apagada do presidente eleito nas For\u00e7as Armadas. \u201cBolsonaro est\u00e1 tentando dar ao seu governo a imagem de severo, com base na popularidade da imagem das For\u00e7as Armadas. Ele quer que o prest\u00edgio dos generais reflita numa melhora de sua imagem. Em outras palavras, o papel deles no governo \u00e9 prover uma estatura que o pr\u00f3prio presidente n\u00e3o tem\u201d. Bolsonaro \u00e9 o terceiro presidente eleito por voto direto que veio das For\u00e7as Armadas. O primeiro foi Hermes da Fonseca, em 1910, tendo 2 militares entre seus 7 ministros, e Eurico Gaspar Dutra, que em 1946, colocou 4 militares entre seus 10 ministros. Em sua gest\u00e3o, n\u00e3o apenas Bolsonaro indicou um n\u00famero expressivo de militares, mas tamb\u00e9m para quase todas as vagas ligadas a infraestrutura, o que tamb\u00e9m ocorreu durante o regime militar. A quest\u00e3o, na avalia\u00e7\u00e3o dos analistas, \u00e9 como pretendem dialogar, principalmente com o Congresso. Para Jos\u00e9 \u00c1lvaro Mois\u00e9s, por exemplo, h\u00e1 uma preocupa\u00e7\u00e3o \u201cde esses segmentos adotarem um modo de funcionar que \u00e9 pr\u00f3prio da institui\u00e7\u00e3o militar, ethos militar\u201d, segundo disse, mais hier\u00e1rquico e r\u00edgido. As informa\u00e7\u00f5es s\u00e3o do jornal O Estado de S. Paulo.\" \/>\n<meta property=\"og:url\" content=\"https:\/\/noticiasemdestaque.com\/cd\/?p=14461\" \/>\n<meta property=\"og:site_name\" content=\"Not&iacute;cias em Destaque\" \/>\n<meta property=\"article:published_time\" content=\"2018-12-17T09:47:28+00:00\" \/>\n<meta property=\"og:image\" content=\"https:\/\/noticiasemdestaque.com\/cd\/wp-content\/uploads\/2018\/12\/bolsonaro-4.jpg\" \/>\n\t<meta property=\"og:image:width\" content=\"1000\" \/>\n\t<meta property=\"og:image:height\" content=\"667\" \/>\n\t<meta property=\"og:image:type\" content=\"image\/jpeg\" \/>\n<meta name=\"author\" content=\"Not\u00edcias em Destaque\" \/>\n<meta name=\"twitter:card\" content=\"summary_large_image\" \/>\n<meta name=\"twitter:label1\" content=\"Escrito por\" \/>\n\t<meta name=\"twitter:data1\" content=\"Not\u00edcias em Destaque\" \/>\n\t<meta name=\"twitter:label2\" content=\"Est. tempo de leitura\" \/>\n\t<meta name=\"twitter:data2\" content=\"3 minutos\" \/>\n<script type=\"application\/ld+json\" class=\"yoast-schema-graph\">{\"@context\":\"https:\/\/schema.org\",\"@graph\":[{\"@type\":\"Article\",\"@id\":\"https:\/\/noticiasemdestaque.com\/cd\/?p=14461#article\",\"isPartOf\":{\"@id\":\"https:\/\/noticiasemdestaque.com\/cd\/?p=14461\"},\"author\":{\"name\":\"Not\u00edcias em Destaque\",\"@id\":\"https:\/\/noticiasemdestaque.com\/cd\/#\/schema\/person\/21320b03a7e8bb90128938dafc9b908a\"},\"headline\":\"Governo Bolsonaro ter\u00e1 mais ministros militares do que em 1964\",\"datePublished\":\"2018-12-17T09:47:28+00:00\",\"mainEntityOfPage\":{\"@id\":\"https:\/\/noticiasemdestaque.com\/cd\/?p=14461\"},\"wordCount\":608,\"publisher\":{\"@id\":\"https:\/\/noticiasemdestaque.com\/cd\/#organization\"},\"image\":{\"@id\":\"https:\/\/noticiasemdestaque.com\/cd\/?p=14461#primaryimage\"},\"thumbnailUrl\":\"https:\/\/noticiasemdestaque.com\/cd\/wp-content\/uploads\/2018\/12\/bolsonaro-4.jpg\",\"articleSection\":[\"Pol\u00edtica\"],\"inLanguage\":\"pt-BR\"},{\"@type\":\"WebPage\",\"@id\":\"https:\/\/noticiasemdestaque.com\/cd\/?p=14461\",\"url\":\"https:\/\/noticiasemdestaque.com\/cd\/?p=14461\",\"name\":\"Governo Bolsonaro ter\u00e1 mais ministros militares do que em 1964 - Not&iacute;cias em Destaque\",\"isPartOf\":{\"@id\":\"https:\/\/noticiasemdestaque.com\/cd\/#website\"},\"primaryImageOfPage\":{\"@id\":\"https:\/\/noticiasemdestaque.com\/cd\/?p=14461#primaryimage\"},\"image\":{\"@id\":\"https:\/\/noticiasemdestaque.com\/cd\/?p=14461#primaryimage\"},\"thumbnailUrl\":\"https:\/\/noticiasemdestaque.com\/cd\/wp-content\/uploads\/2018\/12\/bolsonaro-4.jpg\",\"datePublished\":\"2018-12-17T09:47:28+00:00\",\"breadcrumb\":{\"@id\":\"https:\/\/noticiasemdestaque.com\/cd\/?p=14461#breadcrumb\"},\"inLanguage\":\"pt-BR\",\"potentialAction\":[{\"@type\":\"ReadAction\",\"target\":[\"https:\/\/noticiasemdestaque.com\/cd\/?p=14461\"]}]},{\"@type\":\"ImageObject\",\"inLanguage\":\"pt-BR\",\"@id\":\"https:\/\/noticiasemdestaque.com\/cd\/?p=14461#primaryimage\",\"url\":\"https:\/\/noticiasemdestaque.com\/cd\/wp-content\/uploads\/2018\/12\/bolsonaro-4.jpg\",\"contentUrl\":\"https:\/\/noticiasemdestaque.com\/cd\/wp-content\/uploads\/2018\/12\/bolsonaro-4.jpg\",\"width\":1000,\"height\":667},{\"@type\":\"BreadcrumbList\",\"@id\":\"https:\/\/noticiasemdestaque.com\/cd\/?p=14461#breadcrumb\",\"itemListElement\":[{\"@type\":\"ListItem\",\"position\":1,\"name\":\"In\u00edcio\",\"item\":\"https:\/\/noticiasemdestaque.com\/cd\/\"},{\"@type\":\"ListItem\",\"position\":2,\"name\":\"Governo Bolsonaro ter\u00e1 mais ministros militares do que em 1964\"}]},{\"@type\":\"WebSite\",\"@id\":\"https:\/\/noticiasemdestaque.com\/cd\/#website\",\"url\":\"https:\/\/noticiasemdestaque.com\/cd\/\",\"name\":\"Not&iacute;cias em Destaque\",\"description\":\"\",\"publisher\":{\"@id\":\"https:\/\/noticiasemdestaque.com\/cd\/#organization\"},\"potentialAction\":[{\"@type\":\"SearchAction\",\"target\":{\"@type\":\"EntryPoint\",\"urlTemplate\":\"https:\/\/noticiasemdestaque.com\/cd\/?s={search_term_string}\"},\"query-input\":{\"@type\":\"PropertyValueSpecification\",\"valueRequired\":true,\"valueName\":\"search_term_string\"}}],\"inLanguage\":\"pt-BR\"},{\"@type\":\"Organization\",\"@id\":\"https:\/\/noticiasemdestaque.com\/cd\/#organization\",\"name\":\"Not\u00edcias em Destaque\",\"url\":\"https:\/\/noticiasemdestaque.com\/cd\/\",\"logo\":{\"@type\":\"ImageObject\",\"inLanguage\":\"pt-BR\",\"@id\":\"https:\/\/noticiasemdestaque.com\/cd\/#\/schema\/logo\/image\/\",\"url\":\"https:\/\/noticiasemdestaque.com\/cd\/wp-content\/uploads\/2022\/05\/imagem-base-noticiasemdestaque.png\",\"contentUrl\":\"https:\/\/noticiasemdestaque.com\/cd\/wp-content\/uploads\/2022\/05\/imagem-base-noticiasemdestaque.png\",\"width\":1200,\"height\":630,\"caption\":\"Not\u00edcias em Destaque\"},\"image\":{\"@id\":\"https:\/\/noticiasemdestaque.com\/cd\/#\/schema\/logo\/image\/\"}},{\"@type\":\"Person\",\"@id\":\"https:\/\/noticiasemdestaque.com\/cd\/#\/schema\/person\/21320b03a7e8bb90128938dafc9b908a\",\"name\":\"Not\u00edcias em Destaque\",\"url\":\"https:\/\/noticiasemdestaque.com\/cd\/?author=2\"}]}<\/script>\n<!-- \/ Yoast SEO plugin. -->","yoast_head_json":{"title":"Governo Bolsonaro ter\u00e1 mais ministros militares do que em 1964 - Not&iacute;cias em Destaque","robots":{"index":"index","follow":"follow","max-snippet":"max-snippet:-1","max-image-preview":"max-image-preview:large","max-video-preview":"max-video-preview:-1"},"canonical":"https:\/\/noticiasemdestaque.com\/cd\/?p=14461","og_locale":"pt_BR","og_type":"article","og_title":"Governo Bolsonaro ter\u00e1 mais ministros militares do que em 1964 - Not&iacute;cias em Destaque","og_description":"O governo de Jair Bolsonaro ter\u00e1 mais ministros com forma\u00e7\u00e3o militar no primeiro escal\u00e3o do que no governo do general Castelo Branco (1964-1967), que inaugurou o ciclo de militares no poder ap\u00f3s o golpe de 1964. Comparado aos outros governos que sucederam o general, o do presidente eleito est\u00e1 no mesmo patamar da gest\u00e3o do general Em\u00edlio Garrastazu M\u00e9dici, que tinha sete ministros militares, mas numericamente abaixo dos minist\u00e9rios de Ernesto Geisel (10 ministros militares), Artur da Costa e Silva e Jo\u00e3o Baptista Figueiredo, ambos com nove. O que diferencia o primeiro escal\u00e3o de Bolsonaro dos presidentes militares e de parte dos civis ap\u00f3s a redemocratiza\u00e7\u00e3o \u00e9 a redu\u00e7\u00e3o dos minist\u00e9rios propriamente militares desde 1999. Primeiro, a antiga Casa Militar e o Servi\u00e7o Nacional de Informa\u00e7\u00f5es (SNI) foram extintos. No lugar deles nasceu o Gabinete de Seguran\u00e7a Institucional (GSI). Depois, os minist\u00e9rios do Ex\u00e9rcito, da Marinha e da Aeron\u00e1utica se fundiram no Minist\u00e9rio da Defesa, que incorporou ainda o Estado-Maior das For\u00e7as Armadas (Emfa). Se a configura\u00e7\u00e3o atual fosse aplicada aos governos do passado, somente o de Costa e Silva teria o mesmo n\u00famero de militares que Bolsonaro. E, se este tivesse um minist\u00e9rio com a antiga configura\u00e7\u00e3o, seu governo teria 10 ministros militares, mais do que qualquer um na hist\u00f3ria. Analistas ouvidos pelo Estado avaliam que esse fen\u00f4meno pode ser explicado por uma simples raz\u00e3o: eles fazem parte do universo do presidente eleito. Para eles, isso n\u00e3o necessariamente significa um risco de autoritarismo, mas pode indicar dificuldade nas negocia\u00e7\u00f5es. O partido do presidente eleito, PSL, existe desde 1994, mas despontou no cen\u00e1rio pol\u00edtico apenas neste ano. Em 2014, elegeu um parlamentar. Quatro anos depois, a bancada saltou para 52. O pr\u00f3prio presidente, ressalta Carlos Melo, professor do Insper, n\u00e3o teve uma atua\u00e7\u00e3o t\u00e9cnica em mais de duas d\u00e9cadas de C\u00e2mara, ou interlocu\u00e7\u00e3o com setores da economia, do meio ambiente, etc. \u201cFHC, no governo, levou v\u00e1rios intelectuais. Lula, sindicalistas. Surpresa seria se ele (Bolsonaro) convidasse um intelectual da Sorbonne. N\u00e3o \u00e9 a sua vis\u00e3o de mundo\u201d, disse Melo. A explica\u00e7\u00e3o para os militares no primeiro escal\u00e3o, segundo Frank McCann, historiador da Universidade de New Hampshire, especialista no Ex\u00e9rcito brasileiro, leva em conta a pr\u00f3pria passagem apagada do presidente eleito nas For\u00e7as Armadas. \u201cBolsonaro est\u00e1 tentando dar ao seu governo a imagem de severo, com base na popularidade da imagem das For\u00e7as Armadas. Ele quer que o prest\u00edgio dos generais reflita numa melhora de sua imagem. Em outras palavras, o papel deles no governo \u00e9 prover uma estatura que o pr\u00f3prio presidente n\u00e3o tem\u201d. Bolsonaro \u00e9 o terceiro presidente eleito por voto direto que veio das For\u00e7as Armadas. O primeiro foi Hermes da Fonseca, em 1910, tendo 2 militares entre seus 7 ministros, e Eurico Gaspar Dutra, que em 1946, colocou 4 militares entre seus 10 ministros. Em sua gest\u00e3o, n\u00e3o apenas Bolsonaro indicou um n\u00famero expressivo de militares, mas tamb\u00e9m para quase todas as vagas ligadas a infraestrutura, o que tamb\u00e9m ocorreu durante o regime militar. A quest\u00e3o, na avalia\u00e7\u00e3o dos analistas, \u00e9 como pretendem dialogar, principalmente com o Congresso. Para Jos\u00e9 \u00c1lvaro Mois\u00e9s, por exemplo, h\u00e1 uma preocupa\u00e7\u00e3o \u201cde esses segmentos adotarem um modo de funcionar que \u00e9 pr\u00f3prio da institui\u00e7\u00e3o militar, ethos militar\u201d, segundo disse, mais hier\u00e1rquico e r\u00edgido. As informa\u00e7\u00f5es s\u00e3o do jornal O Estado de S. Paulo.","og_url":"https:\/\/noticiasemdestaque.com\/cd\/?p=14461","og_site_name":"Not&iacute;cias em Destaque","article_published_time":"2018-12-17T09:47:28+00:00","og_image":[{"width":1000,"height":667,"url":"https:\/\/noticiasemdestaque.com\/cd\/wp-content\/uploads\/2018\/12\/bolsonaro-4.jpg","type":"image\/jpeg"}],"author":"Not\u00edcias em Destaque","twitter_card":"summary_large_image","twitter_misc":{"Escrito por":"Not\u00edcias em Destaque","Est. tempo de leitura":"3 minutos"},"schema":{"@context":"https:\/\/schema.org","@graph":[{"@type":"Article","@id":"https:\/\/noticiasemdestaque.com\/cd\/?p=14461#article","isPartOf":{"@id":"https:\/\/noticiasemdestaque.com\/cd\/?p=14461"},"author":{"name":"Not\u00edcias em Destaque","@id":"https:\/\/noticiasemdestaque.com\/cd\/#\/schema\/person\/21320b03a7e8bb90128938dafc9b908a"},"headline":"Governo Bolsonaro ter\u00e1 mais ministros militares do que em 1964","datePublished":"2018-12-17T09:47:28+00:00","mainEntityOfPage":{"@id":"https:\/\/noticiasemdestaque.com\/cd\/?p=14461"},"wordCount":608,"publisher":{"@id":"https:\/\/noticiasemdestaque.com\/cd\/#organization"},"image":{"@id":"https:\/\/noticiasemdestaque.com\/cd\/?p=14461#primaryimage"},"thumbnailUrl":"https:\/\/noticiasemdestaque.com\/cd\/wp-content\/uploads\/2018\/12\/bolsonaro-4.jpg","articleSection":["Pol\u00edtica"],"inLanguage":"pt-BR"},{"@type":"WebPage","@id":"https:\/\/noticiasemdestaque.com\/cd\/?p=14461","url":"https:\/\/noticiasemdestaque.com\/cd\/?p=14461","name":"Governo Bolsonaro ter\u00e1 mais ministros militares do que em 1964 - Not&iacute;cias em Destaque","isPartOf":{"@id":"https:\/\/noticiasemdestaque.com\/cd\/#website"},"primaryImageOfPage":{"@id":"https:\/\/noticiasemdestaque.com\/cd\/?p=14461#primaryimage"},"image":{"@id":"https:\/\/noticiasemdestaque.com\/cd\/?p=14461#primaryimage"},"thumbnailUrl":"https:\/\/noticiasemdestaque.com\/cd\/wp-content\/uploads\/2018\/12\/bolsonaro-4.jpg","datePublished":"2018-12-17T09:47:28+00:00","breadcrumb":{"@id":"https:\/\/noticiasemdestaque.com\/cd\/?p=14461#breadcrumb"},"inLanguage":"pt-BR","potentialAction":[{"@type":"ReadAction","target":["https:\/\/noticiasemdestaque.com\/cd\/?p=14461"]}]},{"@type":"ImageObject","inLanguage":"pt-BR","@id":"https:\/\/noticiasemdestaque.com\/cd\/?p=14461#primaryimage","url":"https:\/\/noticiasemdestaque.com\/cd\/wp-content\/uploads\/2018\/12\/bolsonaro-4.jpg","contentUrl":"https:\/\/noticiasemdestaque.com\/cd\/wp-content\/uploads\/2018\/12\/bolsonaro-4.jpg","width":1000,"height":667},{"@type":"BreadcrumbList","@id":"https:\/\/noticiasemdestaque.com\/cd\/?p=14461#breadcrumb","itemListElement":[{"@type":"ListItem","position":1,"name":"In\u00edcio","item":"https:\/\/noticiasemdestaque.com\/cd\/"},{"@type":"ListItem","position":2,"name":"Governo Bolsonaro ter\u00e1 mais ministros militares do que em 1964"}]},{"@type":"WebSite","@id":"https:\/\/noticiasemdestaque.com\/cd\/#website","url":"https:\/\/noticiasemdestaque.com\/cd\/","name":"Not&iacute;cias em Destaque","description":"","publisher":{"@id":"https:\/\/noticiasemdestaque.com\/cd\/#organization"},"potentialAction":[{"@type":"SearchAction","target":{"@type":"EntryPoint","urlTemplate":"https:\/\/noticiasemdestaque.com\/cd\/?s={search_term_string}"},"query-input":{"@type":"PropertyValueSpecification","valueRequired":true,"valueName":"search_term_string"}}],"inLanguage":"pt-BR"},{"@type":"Organization","@id":"https:\/\/noticiasemdestaque.com\/cd\/#organization","name":"Not\u00edcias em Destaque","url":"https:\/\/noticiasemdestaque.com\/cd\/","logo":{"@type":"ImageObject","inLanguage":"pt-BR","@id":"https:\/\/noticiasemdestaque.com\/cd\/#\/schema\/logo\/image\/","url":"https:\/\/noticiasemdestaque.com\/cd\/wp-content\/uploads\/2022\/05\/imagem-base-noticiasemdestaque.png","contentUrl":"https:\/\/noticiasemdestaque.com\/cd\/wp-content\/uploads\/2022\/05\/imagem-base-noticiasemdestaque.png","width":1200,"height":630,"caption":"Not\u00edcias em Destaque"},"image":{"@id":"https:\/\/noticiasemdestaque.com\/cd\/#\/schema\/logo\/image\/"}},{"@type":"Person","@id":"https:\/\/noticiasemdestaque.com\/cd\/#\/schema\/person\/21320b03a7e8bb90128938dafc9b908a","name":"Not\u00edcias em Destaque","url":"https:\/\/noticiasemdestaque.com\/cd\/?author=2"}]}},"jetpack_featured_media_url":"https:\/\/noticiasemdestaque.com\/cd\/wp-content\/uploads\/2018\/12\/bolsonaro-4.jpg","jetpack_sharing_enabled":true,"_links":{"self":[{"href":"https:\/\/noticiasemdestaque.com\/cd\/index.php?rest_route=\/wp\/v2\/posts\/14461","targetHints":{"allow":["GET"]}}],"collection":[{"href":"https:\/\/noticiasemdestaque.com\/cd\/index.php?rest_route=\/wp\/v2\/posts"}],"about":[{"href":"https:\/\/noticiasemdestaque.com\/cd\/index.php?rest_route=\/wp\/v2\/types\/post"}],"author":[{"embeddable":true,"href":"https:\/\/noticiasemdestaque.com\/cd\/index.php?rest_route=\/wp\/v2\/users\/2"}],"replies":[{"embeddable":true,"href":"https:\/\/noticiasemdestaque.com\/cd\/index.php?rest_route=%2Fwp%2Fv2%2Fcomments&post=14461"}],"version-history":[{"count":1,"href":"https:\/\/noticiasemdestaque.com\/cd\/index.php?rest_route=\/wp\/v2\/posts\/14461\/revisions"}],"predecessor-version":[{"id":14463,"href":"https:\/\/noticiasemdestaque.com\/cd\/index.php?rest_route=\/wp\/v2\/posts\/14461\/revisions\/14463"}],"wp:featuredmedia":[{"embeddable":true,"href":"https:\/\/noticiasemdestaque.com\/cd\/index.php?rest_route=\/wp\/v2\/media\/14462"}],"wp:attachment":[{"href":"https:\/\/noticiasemdestaque.com\/cd\/index.php?rest_route=%2Fwp%2Fv2%2Fmedia&parent=14461"}],"wp:term":[{"taxonomy":"category","embeddable":true,"href":"https:\/\/noticiasemdestaque.com\/cd\/index.php?rest_route=%2Fwp%2Fv2%2Fcategories&post=14461"},{"taxonomy":"post_tag","embeddable":true,"href":"https:\/\/noticiasemdestaque.com\/cd\/index.php?rest_route=%2Fwp%2Fv2%2Ftags&post=14461"}],"curies":[{"name":"wp","href":"https:\/\/api.w.org\/{rel}","templated":true}]}}