{"id":14451,"date":"2018-12-15T08:39:44","date_gmt":"2018-12-15T11:39:44","guid":{"rendered":"http:\/\/noticiasemdestaque.com\/cd\/?p=14451"},"modified":"2018-12-15T08:39:44","modified_gmt":"2018-12-15T11:39:44","slug":"cerca-de-150-mil-familias-recebem-abono-natalino-na-paraiba","status":"publish","type":"post","link":"https:\/\/noticiasemdestaque.com\/cd\/?p=14451","title":{"rendered":"Cerca de 150 mil fam\u00edlias recebem abono natalino na Para\u00edba"},"content":{"rendered":"<p><a href=\"https:\/\/noticiasemdestaque.com\/cd\/wp-content\/uploads\/2017\/09\/cartao-bolsa-familia.jpg\"><img fetchpriority=\"high\" decoding=\"async\" class=\"size-full wp-image-4443 aligncenter\" src=\"https:\/\/noticiasemdestaque.com\/cd\/wp-content\/uploads\/2017\/09\/cartao-bolsa-familia.jpg\" alt=\"\" width=\"660\" height=\"371\" srcset=\"https:\/\/noticiasemdestaque.com\/cd\/wp-content\/uploads\/2017\/09\/cartao-bolsa-familia.jpg 660w, https:\/\/noticiasemdestaque.com\/cd\/wp-content\/uploads\/2017\/09\/cartao-bolsa-familia-300x169.jpg 300w\" sizes=\"(max-width: 660px) 100vw, 660px\" \/><\/a>Cerca de 150 mil fam\u00edlias na Para\u00edba receberam nesta sexta-feira (14)\u00a0o abono natalino.\u00a0\u00a0O projeto faz parte do programa Benef\u00edcio de Transfer\u00eancia de Renda pioneiro no pa\u00eds \u00e9 realizado com recursos pr\u00f3prios. O valor de R$ 32,00 est\u00e1 dispon\u00edvel este ano para 514.663 fam\u00edlias cadastradas no Bolsa Fam\u00edlia, nos 223 munic\u00edpios do Estado, perfazendo mais de R$ 19,4 milh\u00f5es em investimentos.<\/p>\n<p>O pagamento \u00e9 feito obedecendo a um calend\u00e1rio que tem como refer\u00eancia o final do N\u00famero de Inscri\u00e7\u00e3o Social (NIS),\u00a0considerando como base, os pagamentos referentes ao m\u00eas de agosto\/2018.<\/p>\n<p>O calend\u00e1rio n\u00e3o prev\u00ea numera\u00e7\u00e3o correspondente para o s\u00e1bado e domingo, retomando com NIS final 6, na segunda-feira, dia 17. Os benefici\u00e1rios do Abono que n\u00e3o sacarem o valor at\u00e9 o dia 21 de dezembro poder\u00e3o faz\u00ea-lo em \u00faltimo prazo at\u00e9 o dia 24.<\/p>\n<p>Este ano, para maior conforto dos benefici\u00e1rios, o pagamento est\u00e1 sendo realizado por meio da Caixa Econ\u00f4mica Federal, em suas ag\u00eancias, casas lot\u00e9ricas e correspondentes Caixa Aqui, em todo o pa\u00eds. Para receber o Abono Natalino deve-se comparecer a qualquer um dos canais de pagamento da Caixa Econ\u00f4mica munidos de documento de identifica\u00e7\u00e3o com foto e o Cart\u00e3o do Bolsa Fam\u00edlia, no dia correspondente ao final no seu NIS.<\/p>\n<p>Fonte: ClickPB<\/p>\n","protected":false},"excerpt":{"rendered":"<p>Cerca de 150 mil fam\u00edlias na Para\u00edba receberam nesta sexta-feira (14)\u00a0o abono natalino.\u00a0\u00a0O projeto faz parte do programa Benef\u00edcio de Transfer\u00eancia de Renda pioneiro no pa\u00eds \u00e9 realizado com recursos pr\u00f3prios. O valor de R$ 32,00 est\u00e1 dispon\u00edvel este ano para 514.663 fam\u00edlias cadastradas no Bolsa Fam\u00edlia, nos 223 munic\u00edpios do Estado, perfazendo mais de R$ 19,4 milh\u00f5es em investimentos. O pagamento \u00e9 feito obedecendo a um calend\u00e1rio que tem como refer\u00eancia o final do N\u00famero de Inscri\u00e7\u00e3o Social (NIS),\u00a0considerando como base, os pagamentos referentes ao m\u00eas de agosto\/2018. O calend\u00e1rio n\u00e3o prev\u00ea numera\u00e7\u00e3o correspondente para o s\u00e1bado e domingo, retomando com NIS final 6, na segunda-feira, dia 17. Os benefici\u00e1rios do Abono que n\u00e3o sacarem o valor at\u00e9 o dia 21 de dezembro poder\u00e3o faz\u00ea-lo em \u00faltimo prazo at\u00e9 o dia 24. Este ano, para maior conforto dos benefici\u00e1rios, o pagamento est\u00e1 sendo realizado por meio da Caixa Econ\u00f4mica Federal, em suas ag\u00eancias, casas lot\u00e9ricas e correspondentes Caixa Aqui, em todo o pa\u00eds. Para receber o Abono Natalino deve-se comparecer a qualquer um dos canais de pagamento da Caixa Econ\u00f4mica munidos de documento de identifica\u00e7\u00e3o com foto e o Cart\u00e3o do Bolsa Fam\u00edlia, no dia correspondente ao final no seu NIS. Fonte: ClickPB<\/p>\n","protected":false},"author":2,"featured_media":4443,"comment_status":"closed","ping_status":"open","sticky":false,"template":"","format":"standard","meta":{"_eb_attr":"","_jetpack_memberships_contains_paid_content":false,"footnotes":""},"categories":[12],"tags":[],"class_list":["post-14451","post","type-post","status-publish","format-standard","has-post-thumbnail","hentry","category-geral"],"yoast_head":"<!-- This site is optimized with the Yoast SEO plugin v26.5 - https:\/\/yoast.com\/wordpress\/plugins\/seo\/ -->\n<title>Cerca de 150 mil fam\u00edlias recebem abono natalino na Para\u00edba - Not&iacute;cias em Destaque<\/title>\n<meta name=\"robots\" content=\"index, follow, max-snippet:-1, max-image-preview:large, max-video-preview:-1\" \/>\n<link rel=\"canonical\" href=\"https:\/\/noticiasemdestaque.com\/cd\/?p=14451\" \/>\n<meta property=\"og:locale\" content=\"pt_BR\" \/>\n<meta property=\"og:type\" content=\"article\" \/>\n<meta property=\"og:title\" content=\"Cerca de 150 mil fam\u00edlias recebem abono natalino na Para\u00edba - Not&iacute;cias em Destaque\" \/>\n<meta property=\"og:description\" content=\"Cerca de 150 mil fam\u00edlias na Para\u00edba receberam nesta sexta-feira (14)\u00a0o abono natalino.\u00a0\u00a0O projeto faz parte do programa Benef\u00edcio de Transfer\u00eancia de Renda pioneiro no pa\u00eds \u00e9 realizado com recursos pr\u00f3prios. O valor de R$ 32,00 est\u00e1 dispon\u00edvel este ano para 514.663 fam\u00edlias cadastradas no Bolsa Fam\u00edlia, nos 223 munic\u00edpios do Estado, perfazendo mais de R$ 19,4 milh\u00f5es em investimentos. O pagamento \u00e9 feito obedecendo a um calend\u00e1rio que tem como refer\u00eancia o final do N\u00famero de Inscri\u00e7\u00e3o Social (NIS),\u00a0considerando como base, os pagamentos referentes ao m\u00eas de agosto\/2018. O calend\u00e1rio n\u00e3o prev\u00ea numera\u00e7\u00e3o correspondente para o s\u00e1bado e domingo, retomando com NIS final 6, na segunda-feira, dia 17. Os benefici\u00e1rios do Abono que n\u00e3o sacarem o valor at\u00e9 o dia 21 de dezembro poder\u00e3o faz\u00ea-lo em \u00faltimo prazo at\u00e9 o dia 24. Este ano, para maior conforto dos benefici\u00e1rios, o pagamento est\u00e1 sendo realizado por meio da Caixa Econ\u00f4mica Federal, em suas ag\u00eancias, casas lot\u00e9ricas e correspondentes Caixa Aqui, em todo o pa\u00eds. Para receber o Abono Natalino deve-se comparecer a qualquer um dos canais de pagamento da Caixa Econ\u00f4mica munidos de documento de identifica\u00e7\u00e3o com foto e o Cart\u00e3o do Bolsa Fam\u00edlia, no dia correspondente ao final no seu NIS. Fonte: ClickPB\" \/>\n<meta property=\"og:url\" content=\"https:\/\/noticiasemdestaque.com\/cd\/?p=14451\" \/>\n<meta property=\"og:site_name\" content=\"Not&iacute;cias em Destaque\" \/>\n<meta property=\"article:published_time\" content=\"2018-12-15T11:39:44+00:00\" \/>\n<meta property=\"og:image\" content=\"https:\/\/noticiasemdestaque.com\/cd\/wp-content\/uploads\/2017\/09\/cartao-bolsa-familia.jpg\" \/>\n\t<meta property=\"og:image:width\" content=\"660\" \/>\n\t<meta property=\"og:image:height\" content=\"371\" \/>\n\t<meta property=\"og:image:type\" content=\"image\/jpeg\" \/>\n<meta name=\"author\" content=\"Not\u00edcias em Destaque\" \/>\n<meta name=\"twitter:card\" content=\"summary_large_image\" \/>\n<meta name=\"twitter:label1\" content=\"Escrito por\" \/>\n\t<meta name=\"twitter:data1\" content=\"Not\u00edcias em Destaque\" \/>\n\t<meta name=\"twitter:label2\" content=\"Est. tempo de leitura\" \/>\n\t<meta name=\"twitter:data2\" content=\"1 minuto\" \/>\n<script type=\"application\/ld+json\" class=\"yoast-schema-graph\">{\"@context\":\"https:\/\/schema.org\",\"@graph\":[{\"@type\":\"Article\",\"@id\":\"https:\/\/noticiasemdestaque.com\/cd\/?p=14451#article\",\"isPartOf\":{\"@id\":\"https:\/\/noticiasemdestaque.com\/cd\/?p=14451\"},\"author\":{\"name\":\"Not\u00edcias em Destaque\",\"@id\":\"https:\/\/noticiasemdestaque.com\/cd\/#\/schema\/person\/21320b03a7e8bb90128938dafc9b908a\"},\"headline\":\"Cerca de 150 mil fam\u00edlias recebem abono natalino na Para\u00edba\",\"datePublished\":\"2018-12-15T11:39:44+00:00\",\"mainEntityOfPage\":{\"@id\":\"https:\/\/noticiasemdestaque.com\/cd\/?p=14451\"},\"wordCount\":239,\"publisher\":{\"@id\":\"https:\/\/noticiasemdestaque.com\/cd\/#organization\"},\"image\":{\"@id\":\"https:\/\/noticiasemdestaque.com\/cd\/?p=14451#primaryimage\"},\"thumbnailUrl\":\"https:\/\/noticiasemdestaque.com\/cd\/wp-content\/uploads\/2017\/09\/cartao-bolsa-familia.jpg\",\"articleSection\":[\"Geral\"],\"inLanguage\":\"pt-BR\"},{\"@type\":\"WebPage\",\"@id\":\"https:\/\/noticiasemdestaque.com\/cd\/?p=14451\",\"url\":\"https:\/\/noticiasemdestaque.com\/cd\/?p=14451\",\"name\":\"Cerca de 150 mil fam\u00edlias recebem abono natalino na Para\u00edba - Not&iacute;cias em Destaque\",\"isPartOf\":{\"@id\":\"https:\/\/noticiasemdestaque.com\/cd\/#website\"},\"primaryImageOfPage\":{\"@id\":\"https:\/\/noticiasemdestaque.com\/cd\/?p=14451#primaryimage\"},\"image\":{\"@id\":\"https:\/\/noticiasemdestaque.com\/cd\/?p=14451#primaryimage\"},\"thumbnailUrl\":\"https:\/\/noticiasemdestaque.com\/cd\/wp-content\/uploads\/2017\/09\/cartao-bolsa-familia.jpg\",\"datePublished\":\"2018-12-15T11:39:44+00:00\",\"breadcrumb\":{\"@id\":\"https:\/\/noticiasemdestaque.com\/cd\/?p=14451#breadcrumb\"},\"inLanguage\":\"pt-BR\",\"potentialAction\":[{\"@type\":\"ReadAction\",\"target\":[\"https:\/\/noticiasemdestaque.com\/cd\/?p=14451\"]}]},{\"@type\":\"ImageObject\",\"inLanguage\":\"pt-BR\",\"@id\":\"https:\/\/noticiasemdestaque.com\/cd\/?p=14451#primaryimage\",\"url\":\"https:\/\/noticiasemdestaque.com\/cd\/wp-content\/uploads\/2017\/09\/cartao-bolsa-familia.jpg\",\"contentUrl\":\"https:\/\/noticiasemdestaque.com\/cd\/wp-content\/uploads\/2017\/09\/cartao-bolsa-familia.jpg\",\"width\":660,\"height\":371},{\"@type\":\"BreadcrumbList\",\"@id\":\"https:\/\/noticiasemdestaque.com\/cd\/?p=14451#breadcrumb\",\"itemListElement\":[{\"@type\":\"ListItem\",\"position\":1,\"name\":\"In\u00edcio\",\"item\":\"https:\/\/noticiasemdestaque.com\/cd\/\"},{\"@type\":\"ListItem\",\"position\":2,\"name\":\"Cerca de 150 mil fam\u00edlias recebem abono natalino na Para\u00edba\"}]},{\"@type\":\"WebSite\",\"@id\":\"https:\/\/noticiasemdestaque.com\/cd\/#website\",\"url\":\"https:\/\/noticiasemdestaque.com\/cd\/\",\"name\":\"Not&iacute;cias em Destaque\",\"description\":\"\",\"publisher\":{\"@id\":\"https:\/\/noticiasemdestaque.com\/cd\/#organization\"},\"potentialAction\":[{\"@type\":\"SearchAction\",\"target\":{\"@type\":\"EntryPoint\",\"urlTemplate\":\"https:\/\/noticiasemdestaque.com\/cd\/?s={search_term_string}\"},\"query-input\":{\"@type\":\"PropertyValueSpecification\",\"valueRequired\":true,\"valueName\":\"search_term_string\"}}],\"inLanguage\":\"pt-BR\"},{\"@type\":\"Organization\",\"@id\":\"https:\/\/noticiasemdestaque.com\/cd\/#organization\",\"name\":\"Not\u00edcias em Destaque\",\"url\":\"https:\/\/noticiasemdestaque.com\/cd\/\",\"logo\":{\"@type\":\"ImageObject\",\"inLanguage\":\"pt-BR\",\"@id\":\"https:\/\/noticiasemdestaque.com\/cd\/#\/schema\/logo\/image\/\",\"url\":\"https:\/\/noticiasemdestaque.com\/cd\/wp-content\/uploads\/2022\/05\/imagem-base-noticiasemdestaque.png\",\"contentUrl\":\"https:\/\/noticiasemdestaque.com\/cd\/wp-content\/uploads\/2022\/05\/imagem-base-noticiasemdestaque.png\",\"width\":1200,\"height\":630,\"caption\":\"Not\u00edcias em Destaque\"},\"image\":{\"@id\":\"https:\/\/noticiasemdestaque.com\/cd\/#\/schema\/logo\/image\/\"}},{\"@type\":\"Person\",\"@id\":\"https:\/\/noticiasemdestaque.com\/cd\/#\/schema\/person\/21320b03a7e8bb90128938dafc9b908a\",\"name\":\"Not\u00edcias em Destaque\",\"url\":\"https:\/\/noticiasemdestaque.com\/cd\/?author=2\"}]}<\/script>\n<!-- \/ Yoast SEO plugin. -->","yoast_head_json":{"title":"Cerca de 150 mil fam\u00edlias recebem abono natalino na Para\u00edba - Not&iacute;cias em Destaque","robots":{"index":"index","follow":"follow","max-snippet":"max-snippet:-1","max-image-preview":"max-image-preview:large","max-video-preview":"max-video-preview:-1"},"canonical":"https:\/\/noticiasemdestaque.com\/cd\/?p=14451","og_locale":"pt_BR","og_type":"article","og_title":"Cerca de 150 mil fam\u00edlias recebem abono natalino na Para\u00edba - Not&iacute;cias em Destaque","og_description":"Cerca de 150 mil fam\u00edlias na Para\u00edba receberam nesta sexta-feira (14)\u00a0o abono natalino.\u00a0\u00a0O projeto faz parte do programa Benef\u00edcio de Transfer\u00eancia de Renda pioneiro no pa\u00eds \u00e9 realizado com recursos pr\u00f3prios. O valor de R$ 32,00 est\u00e1 dispon\u00edvel este ano para 514.663 fam\u00edlias cadastradas no Bolsa Fam\u00edlia, nos 223 munic\u00edpios do Estado, perfazendo mais de R$ 19,4 milh\u00f5es em investimentos. O pagamento \u00e9 feito obedecendo a um calend\u00e1rio que tem como refer\u00eancia o final do N\u00famero de Inscri\u00e7\u00e3o Social (NIS),\u00a0considerando como base, os pagamentos referentes ao m\u00eas de agosto\/2018. O calend\u00e1rio n\u00e3o prev\u00ea numera\u00e7\u00e3o correspondente para o s\u00e1bado e domingo, retomando com NIS final 6, na segunda-feira, dia 17. Os benefici\u00e1rios do Abono que n\u00e3o sacarem o valor at\u00e9 o dia 21 de dezembro poder\u00e3o faz\u00ea-lo em \u00faltimo prazo at\u00e9 o dia 24. Este ano, para maior conforto dos benefici\u00e1rios, o pagamento est\u00e1 sendo realizado por meio da Caixa Econ\u00f4mica Federal, em suas ag\u00eancias, casas lot\u00e9ricas e correspondentes Caixa Aqui, em todo o pa\u00eds. Para receber o Abono Natalino deve-se comparecer a qualquer um dos canais de pagamento da Caixa Econ\u00f4mica munidos de documento de identifica\u00e7\u00e3o com foto e o Cart\u00e3o do Bolsa Fam\u00edlia, no dia correspondente ao final no seu NIS. Fonte: ClickPB","og_url":"https:\/\/noticiasemdestaque.com\/cd\/?p=14451","og_site_name":"Not&iacute;cias em Destaque","article_published_time":"2018-12-15T11:39:44+00:00","og_image":[{"width":660,"height":371,"url":"https:\/\/noticiasemdestaque.com\/cd\/wp-content\/uploads\/2017\/09\/cartao-bolsa-familia.jpg","type":"image\/jpeg"}],"author":"Not\u00edcias em Destaque","twitter_card":"summary_large_image","twitter_misc":{"Escrito por":"Not\u00edcias em Destaque","Est. tempo de leitura":"1 minuto"},"schema":{"@context":"https:\/\/schema.org","@graph":[{"@type":"Article","@id":"https:\/\/noticiasemdestaque.com\/cd\/?p=14451#article","isPartOf":{"@id":"https:\/\/noticiasemdestaque.com\/cd\/?p=14451"},"author":{"name":"Not\u00edcias em Destaque","@id":"https:\/\/noticiasemdestaque.com\/cd\/#\/schema\/person\/21320b03a7e8bb90128938dafc9b908a"},"headline":"Cerca de 150 mil fam\u00edlias recebem abono natalino na Para\u00edba","datePublished":"2018-12-15T11:39:44+00:00","mainEntityOfPage":{"@id":"https:\/\/noticiasemdestaque.com\/cd\/?p=14451"},"wordCount":239,"publisher":{"@id":"https:\/\/noticiasemdestaque.com\/cd\/#organization"},"image":{"@id":"https:\/\/noticiasemdestaque.com\/cd\/?p=14451#primaryimage"},"thumbnailUrl":"https:\/\/noticiasemdestaque.com\/cd\/wp-content\/uploads\/2017\/09\/cartao-bolsa-familia.jpg","articleSection":["Geral"],"inLanguage":"pt-BR"},{"@type":"WebPage","@id":"https:\/\/noticiasemdestaque.com\/cd\/?p=14451","url":"https:\/\/noticiasemdestaque.com\/cd\/?p=14451","name":"Cerca de 150 mil fam\u00edlias recebem abono natalino na Para\u00edba - Not&iacute;cias em Destaque","isPartOf":{"@id":"https:\/\/noticiasemdestaque.com\/cd\/#website"},"primaryImageOfPage":{"@id":"https:\/\/noticiasemdestaque.com\/cd\/?p=14451#primaryimage"},"image":{"@id":"https:\/\/noticiasemdestaque.com\/cd\/?p=14451#primaryimage"},"thumbnailUrl":"https:\/\/noticiasemdestaque.com\/cd\/wp-content\/uploads\/2017\/09\/cartao-bolsa-familia.jpg","datePublished":"2018-12-15T11:39:44+00:00","breadcrumb":{"@id":"https:\/\/noticiasemdestaque.com\/cd\/?p=14451#breadcrumb"},"inLanguage":"pt-BR","potentialAction":[{"@type":"ReadAction","target":["https:\/\/noticiasemdestaque.com\/cd\/?p=14451"]}]},{"@type":"ImageObject","inLanguage":"pt-BR","@id":"https:\/\/noticiasemdestaque.com\/cd\/?p=14451#primaryimage","url":"https:\/\/noticiasemdestaque.com\/cd\/wp-content\/uploads\/2017\/09\/cartao-bolsa-familia.jpg","contentUrl":"https:\/\/noticiasemdestaque.com\/cd\/wp-content\/uploads\/2017\/09\/cartao-bolsa-familia.jpg","width":660,"height":371},{"@type":"BreadcrumbList","@id":"https:\/\/noticiasemdestaque.com\/cd\/?p=14451#breadcrumb","itemListElement":[{"@type":"ListItem","position":1,"name":"In\u00edcio","item":"https:\/\/noticiasemdestaque.com\/cd\/"},{"@type":"ListItem","position":2,"name":"Cerca de 150 mil fam\u00edlias recebem abono natalino na Para\u00edba"}]},{"@type":"WebSite","@id":"https:\/\/noticiasemdestaque.com\/cd\/#website","url":"https:\/\/noticiasemdestaque.com\/cd\/","name":"Not&iacute;cias em Destaque","description":"","publisher":{"@id":"https:\/\/noticiasemdestaque.com\/cd\/#organization"},"potentialAction":[{"@type":"SearchAction","target":{"@type":"EntryPoint","urlTemplate":"https:\/\/noticiasemdestaque.com\/cd\/?s={search_term_string}"},"query-input":{"@type":"PropertyValueSpecification","valueRequired":true,"valueName":"search_term_string"}}],"inLanguage":"pt-BR"},{"@type":"Organization","@id":"https:\/\/noticiasemdestaque.com\/cd\/#organization","name":"Not\u00edcias em Destaque","url":"https:\/\/noticiasemdestaque.com\/cd\/","logo":{"@type":"ImageObject","inLanguage":"pt-BR","@id":"https:\/\/noticiasemdestaque.com\/cd\/#\/schema\/logo\/image\/","url":"https:\/\/noticiasemdestaque.com\/cd\/wp-content\/uploads\/2022\/05\/imagem-base-noticiasemdestaque.png","contentUrl":"https:\/\/noticiasemdestaque.com\/cd\/wp-content\/uploads\/2022\/05\/imagem-base-noticiasemdestaque.png","width":1200,"height":630,"caption":"Not\u00edcias em Destaque"},"image":{"@id":"https:\/\/noticiasemdestaque.com\/cd\/#\/schema\/logo\/image\/"}},{"@type":"Person","@id":"https:\/\/noticiasemdestaque.com\/cd\/#\/schema\/person\/21320b03a7e8bb90128938dafc9b908a","name":"Not\u00edcias em Destaque","url":"https:\/\/noticiasemdestaque.com\/cd\/?author=2"}]}},"jetpack_featured_media_url":"https:\/\/noticiasemdestaque.com\/cd\/wp-content\/uploads\/2017\/09\/cartao-bolsa-familia.jpg","jetpack_sharing_enabled":true,"_links":{"self":[{"href":"https:\/\/noticiasemdestaque.com\/cd\/index.php?rest_route=\/wp\/v2\/posts\/14451","targetHints":{"allow":["GET"]}}],"collection":[{"href":"https:\/\/noticiasemdestaque.com\/cd\/index.php?rest_route=\/wp\/v2\/posts"}],"about":[{"href":"https:\/\/noticiasemdestaque.com\/cd\/index.php?rest_route=\/wp\/v2\/types\/post"}],"author":[{"embeddable":true,"href":"https:\/\/noticiasemdestaque.com\/cd\/index.php?rest_route=\/wp\/v2\/users\/2"}],"replies":[{"embeddable":true,"href":"https:\/\/noticiasemdestaque.com\/cd\/index.php?rest_route=%2Fwp%2Fv2%2Fcomments&post=14451"}],"version-history":[{"count":1,"href":"https:\/\/noticiasemdestaque.com\/cd\/index.php?rest_route=\/wp\/v2\/posts\/14451\/revisions"}],"predecessor-version":[{"id":14452,"href":"https:\/\/noticiasemdestaque.com\/cd\/index.php?rest_route=\/wp\/v2\/posts\/14451\/revisions\/14452"}],"wp:featuredmedia":[{"embeddable":true,"href":"https:\/\/noticiasemdestaque.com\/cd\/index.php?rest_route=\/wp\/v2\/media\/4443"}],"wp:attachment":[{"href":"https:\/\/noticiasemdestaque.com\/cd\/index.php?rest_route=%2Fwp%2Fv2%2Fmedia&parent=14451"}],"wp:term":[{"taxonomy":"category","embeddable":true,"href":"https:\/\/noticiasemdestaque.com\/cd\/index.php?rest_route=%2Fwp%2Fv2%2Fcategories&post=14451"},{"taxonomy":"post_tag","embeddable":true,"href":"https:\/\/noticiasemdestaque.com\/cd\/index.php?rest_route=%2Fwp%2Fv2%2Ftags&post=14451"}],"curies":[{"name":"wp","href":"https:\/\/api.w.org\/{rel}","templated":true}]}}