{"id":1445,"date":"2017-07-07T15:24:33","date_gmt":"2017-07-07T18:24:33","guid":{"rendered":"http:\/\/caririemdestaque.com\/cd\/?p=1445"},"modified":"2017-07-07T15:24:33","modified_gmt":"2017-07-07T18:24:33","slug":"governo-do-estado-realiza-festival-de-arte-e-cultura-na-escola","status":"publish","type":"post","link":"https:\/\/noticiasemdestaque.com\/cd\/?p=1445","title":{"rendered":"Governo do Estado realiza Festival de Arte e Cultura na Escola"},"content":{"rendered":"<p><a href=\"http:\/\/caririemdestaque.com\/cd\/wp-content\/uploads\/2017\/07\/20170707131058.jpg\"><img fetchpriority=\"high\" decoding=\"async\" class=\"size-medium wp-image-1446 alignleft\" src=\"http:\/\/caririemdestaque.com\/cd\/wp-content\/uploads\/2017\/07\/20170707131058-300x225.jpg\" alt=\"\" width=\"300\" height=\"225\" srcset=\"https:\/\/noticiasemdestaque.com\/cd\/wp-content\/uploads\/2017\/07\/20170707131058-300x225.jpg 300w, https:\/\/noticiasemdestaque.com\/cd\/wp-content\/uploads\/2017\/07\/20170707131058.jpg 400w\" sizes=\"(max-width: 300px) 100vw, 300px\" \/><\/a>A Secretaria de Estado da Educa\u00e7\u00e3o (SEE) realiza das 9h \u00e0s 16h30 deste s\u00e1bado (8), na Sala de Concertos Maestro Jos\u00e9 Siqueira, no Espa\u00e7o Cultural Jos\u00e9 Lins do Rego, na Capital, o evento Arte em Cena: Festival de Arte e Cultura na Escola. A iniciativa \u00e9 focada na tem\u00e1tica, Juventude: emo\u00e7\u00f5es, viv\u00eancias e cultura de paz e objetiva estimular o interesse, a aprecia\u00e7\u00e3o e a produ\u00e7\u00e3o art\u00edstico-cultural entre os educandos da rede estadual de ensino, valorizando a arte como forma de crescimento social e est\u00e9tico.<\/p>\n<p>O evento vai reunir cerca de 500 alunos das escolas estaduais de Ensino M\u00e9dio, localizadas nas 14 Ger\u00eancias Regionais de Educa\u00e7\u00e3o (GREs), professores da disciplina de Artes, gerentes das GREs, gerentes executivos e t\u00e9cnicos da SEE. O Festival conta com o apoio da Secretaria de Estado da Cultura (Secult), Funda\u00e7\u00e3o Espa\u00e7o Cultural (Funesc) e da Secretaria de Estado de Juventude, Esporte e Lazer (Sejel).<\/p>\n<p>A secret\u00e1ria Executiva de Estado de Gest\u00e3o Pedag\u00f3gica Roziane Marinho explicou que a iniciativa do Festival \u00e9 fomentar a\u00e7\u00f5es que promovam o encontro entre o projeto pedag\u00f3gico da escola e experi\u00eancias culturais e art\u00edsticas das comunidades locais, contemplando a diversidade cultural. \u201cRealizar mapeamento da produ\u00e7\u00e3o art\u00edstica na rede estadual de ensino, valorizando os talentos art\u00edstico-cultural dos estudantes desenvolvidos, focando espa\u00e7os de produ\u00e7\u00e3o, criatividade e frui\u00e7\u00e3o pelas artes\u201d, observou Roziane.<\/p>\n<p>Pela manh\u00e3, a programa\u00e7\u00e3o do evento conta com a assinatura do edital do festival e a parte cultural, com apresenta\u00e7\u00e3o musical, apresenta\u00e7\u00e3o teatral \u201carte em cena: semeando talentos\u201d, por alunos do grupo art\u00edstico Para\u00edba Sim Senhor, da Escola Cidad\u00e3 Integral T\u00e9cnica Pastor Jo\u00e3o Pereira Gomes Filho, de Jo\u00e3o Pessoa e o lan\u00e7amento do Projeto T\u00f4 Ligado na Leitura, proposta da Secretaria de Estado da Educa\u00e7\u00e3o, que consiste em fortalecer as experi\u00eancias e projetos de incentivo \u00e0 leitura, j\u00e1 implementados pelas escolas da rede estadual. Ser\u00e1 exibido o filme \u201cNunca me Sonharam\u201d, direcionado a alunos do Ensino M\u00e9dio.<\/p>\n<p>A partir das 14h haver\u00e1 o Circuito Cultural com a participa\u00e7\u00e3o de alunos divididos em grupos, para realiza\u00e7\u00e3o de atividades culturais, tais como: artes visuais, teatro, m\u00fasica, dan\u00e7a e literatura.<\/p>\n<p>O Filme: \u201cNunca me sonharam\u201d \u00e9 uma frase dita no meio do filme por um jovem estudante de uma escola p\u00fablica da cidade de Nova Olinda, interior do Cear\u00e1. S\u00e3o pensamentos de jovens que n\u00e3o costumamos ver nesse lugar de reflex\u00e3o em filmes, mat\u00e9rias e reportagens quando o assunto \u00e9 educa\u00e7\u00e3o. Jovens que vivem a realidade da rede p\u00fablica brasileira, que corresponde a 85% de todo o ensino brasileiro. O diretor Cacau Rhoden faz um filme que, al\u00e9m de falar de hist\u00f3ricos problemas e boas pr\u00e1ticas, reequilibra o lugar de vozes e regi\u00f5es no debate da educa\u00e7\u00e3o.<\/p>\n<p>\u201cNunca me sonharam\u201d \u00e9 um manifesto sobre a educa\u00e7\u00e3o em que o texto ganha diversas vozes carregadas de pensamentos, e n\u00e3o apenas de den\u00fancias, como forma de abordar as desigualdades. E o melhor: a fala dos personagens jovens no filme est\u00e1 do tamanho que eles s\u00e3o, respeitando o momento da vida deles. O document\u00e1rio tem jovens falando sem imitar discursos prontos. Com sinceras e reflexivas vozes, expressam desejos, percep\u00e7\u00f5es, conflitos, desafios e uma forte consci\u00eancia da necessidade de pensar sua trajet\u00f3ria de vida. \u00c9 certo que, pela centralidade em depoimentos, o document\u00e1rio pode envolver mais quem vive ou se interessa pela quest\u00e3o da educa\u00e7\u00e3o no cotidiano. Isso por si s\u00f3 j\u00e1 seria uma qualidade, pela capacidade de orquestrar um discurso que produza sentido ao conjunto de pessoas que participam da luta pela educa\u00e7\u00e3o de qualidade no pa\u00eds. Mas o filme, por sua intimidade e cumplicidade com os entrevistados, nos aproxima da quest\u00e3o abordada atrav\u00e9s de seus personagens.<\/p>\n<p>Com PBAGora<\/p>\n","protected":false},"excerpt":{"rendered":"<p>A Secretaria de Estado da Educa\u00e7\u00e3o (SEE) realiza das 9h \u00e0s 16h30 deste s\u00e1bado (8), na Sala de Concertos Maestro Jos\u00e9 Siqueira, no Espa\u00e7o Cultural Jos\u00e9 Lins do Rego, na Capital, o evento Arte em Cena: Festival de Arte e Cultura na Escola. A iniciativa \u00e9 focada na tem\u00e1tica, Juventude: emo\u00e7\u00f5es, viv\u00eancias e cultura de paz e objetiva estimular o interesse, a aprecia\u00e7\u00e3o e a produ\u00e7\u00e3o art\u00edstico-cultural entre os educandos da rede estadual de ensino, valorizando a arte como forma de crescimento social e est\u00e9tico. O evento vai reunir cerca de 500 alunos das escolas estaduais de Ensino M\u00e9dio, localizadas nas 14 Ger\u00eancias Regionais de Educa\u00e7\u00e3o (GREs), professores da disciplina de Artes, gerentes das GREs, gerentes executivos e t\u00e9cnicos da SEE. O Festival conta com o apoio da Secretaria de Estado da Cultura (Secult), Funda\u00e7\u00e3o Espa\u00e7o Cultural (Funesc) e da Secretaria de Estado de Juventude, Esporte e Lazer (Sejel). A secret\u00e1ria Executiva de Estado de Gest\u00e3o Pedag\u00f3gica Roziane Marinho explicou que a iniciativa do Festival \u00e9 fomentar a\u00e7\u00f5es que promovam o encontro entre o projeto pedag\u00f3gico da escola e experi\u00eancias culturais e art\u00edsticas das comunidades locais, contemplando a diversidade cultural. \u201cRealizar mapeamento da produ\u00e7\u00e3o art\u00edstica na rede estadual de ensino, valorizando os talentos art\u00edstico-cultural dos estudantes desenvolvidos, focando espa\u00e7os de produ\u00e7\u00e3o, criatividade e frui\u00e7\u00e3o pelas artes\u201d, observou Roziane. Pela manh\u00e3, a programa\u00e7\u00e3o do evento conta com a assinatura do edital do festival e a parte cultural, com apresenta\u00e7\u00e3o musical, apresenta\u00e7\u00e3o teatral \u201carte em cena: semeando talentos\u201d, por alunos do grupo art\u00edstico Para\u00edba Sim Senhor, da Escola Cidad\u00e3 Integral T\u00e9cnica Pastor Jo\u00e3o Pereira Gomes Filho, de Jo\u00e3o Pessoa e o lan\u00e7amento do Projeto T\u00f4 Ligado na Leitura, proposta da Secretaria de Estado da Educa\u00e7\u00e3o, que consiste em fortalecer as experi\u00eancias e projetos de incentivo \u00e0 leitura, j\u00e1 implementados pelas escolas da rede estadual. Ser\u00e1 exibido o filme \u201cNunca me Sonharam\u201d, direcionado a alunos do Ensino M\u00e9dio. A partir das 14h haver\u00e1 o Circuito Cultural com a participa\u00e7\u00e3o de alunos divididos em grupos, para realiza\u00e7\u00e3o de atividades culturais, tais como: artes visuais, teatro, m\u00fasica, dan\u00e7a e literatura. O Filme: \u201cNunca me sonharam\u201d \u00e9 uma frase dita no meio do filme por um jovem estudante de uma escola p\u00fablica da cidade de Nova Olinda, interior do Cear\u00e1. S\u00e3o pensamentos de jovens que n\u00e3o costumamos ver nesse lugar de reflex\u00e3o em filmes, mat\u00e9rias e reportagens quando o assunto \u00e9 educa\u00e7\u00e3o. Jovens que vivem a realidade da rede p\u00fablica brasileira, que corresponde a 85% de todo o ensino brasileiro. O diretor Cacau Rhoden faz um filme que, al\u00e9m de falar de hist\u00f3ricos problemas e boas pr\u00e1ticas, reequilibra o lugar de vozes e regi\u00f5es no debate da educa\u00e7\u00e3o. \u201cNunca me sonharam\u201d \u00e9 um manifesto sobre a educa\u00e7\u00e3o em que o texto ganha diversas vozes carregadas de pensamentos, e n\u00e3o apenas de den\u00fancias, como forma de abordar as desigualdades. E o melhor: a fala dos personagens jovens no filme est\u00e1 do tamanho que eles s\u00e3o, respeitando o momento da vida deles. O document\u00e1rio tem jovens falando sem imitar discursos prontos. Com sinceras e reflexivas vozes, expressam desejos, percep\u00e7\u00f5es, conflitos, desafios e uma forte consci\u00eancia da necessidade de pensar sua trajet\u00f3ria de vida. \u00c9 certo que, pela centralidade em depoimentos, o document\u00e1rio pode envolver mais quem vive ou se interessa pela quest\u00e3o da educa\u00e7\u00e3o no cotidiano. Isso por si s\u00f3 j\u00e1 seria uma qualidade, pela capacidade de orquestrar um discurso que produza sentido ao conjunto de pessoas que participam da luta pela educa\u00e7\u00e3o de qualidade no pa\u00eds. Mas o filme, por sua intimidade e cumplicidade com os entrevistados, nos aproxima da quest\u00e3o abordada atrav\u00e9s de seus personagens. Com PBAGora<\/p>\n","protected":false},"author":2,"featured_media":1446,"comment_status":"closed","ping_status":"open","sticky":false,"template":"","format":"standard","meta":{"_eb_attr":"","_jetpack_memberships_contains_paid_content":false,"footnotes":""},"categories":[6],"tags":[],"class_list":["post-1445","post","type-post","status-publish","format-standard","has-post-thumbnail","hentry","category-educacao"],"yoast_head":"<!-- This site is optimized with the Yoast SEO plugin v26.5 - https:\/\/yoast.com\/wordpress\/plugins\/seo\/ -->\n<title>Governo do Estado realiza Festival de Arte e Cultura na Escola - Not&iacute;cias em Destaque<\/title>\n<meta name=\"robots\" content=\"index, follow, max-snippet:-1, max-image-preview:large, max-video-preview:-1\" \/>\n<link rel=\"canonical\" href=\"https:\/\/noticiasemdestaque.com\/cd\/?p=1445\" \/>\n<meta property=\"og:locale\" content=\"pt_BR\" \/>\n<meta property=\"og:type\" content=\"article\" \/>\n<meta property=\"og:title\" content=\"Governo do Estado realiza Festival de Arte e Cultura na Escola - Not&iacute;cias em Destaque\" \/>\n<meta property=\"og:description\" content=\"A Secretaria de Estado da Educa\u00e7\u00e3o (SEE) realiza das 9h \u00e0s 16h30 deste s\u00e1bado (8), na Sala de Concertos Maestro Jos\u00e9 Siqueira, no Espa\u00e7o Cultural Jos\u00e9 Lins do Rego, na Capital, o evento Arte em Cena: Festival de Arte e Cultura na Escola. A iniciativa \u00e9 focada na tem\u00e1tica, Juventude: emo\u00e7\u00f5es, viv\u00eancias e cultura de paz e objetiva estimular o interesse, a aprecia\u00e7\u00e3o e a produ\u00e7\u00e3o art\u00edstico-cultural entre os educandos da rede estadual de ensino, valorizando a arte como forma de crescimento social e est\u00e9tico. O evento vai reunir cerca de 500 alunos das escolas estaduais de Ensino M\u00e9dio, localizadas nas 14 Ger\u00eancias Regionais de Educa\u00e7\u00e3o (GREs), professores da disciplina de Artes, gerentes das GREs, gerentes executivos e t\u00e9cnicos da SEE. O Festival conta com o apoio da Secretaria de Estado da Cultura (Secult), Funda\u00e7\u00e3o Espa\u00e7o Cultural (Funesc) e da Secretaria de Estado de Juventude, Esporte e Lazer (Sejel). A secret\u00e1ria Executiva de Estado de Gest\u00e3o Pedag\u00f3gica Roziane Marinho explicou que a iniciativa do Festival \u00e9 fomentar a\u00e7\u00f5es que promovam o encontro entre o projeto pedag\u00f3gico da escola e experi\u00eancias culturais e art\u00edsticas das comunidades locais, contemplando a diversidade cultural. \u201cRealizar mapeamento da produ\u00e7\u00e3o art\u00edstica na rede estadual de ensino, valorizando os talentos art\u00edstico-cultural dos estudantes desenvolvidos, focando espa\u00e7os de produ\u00e7\u00e3o, criatividade e frui\u00e7\u00e3o pelas artes\u201d, observou Roziane. Pela manh\u00e3, a programa\u00e7\u00e3o do evento conta com a assinatura do edital do festival e a parte cultural, com apresenta\u00e7\u00e3o musical, apresenta\u00e7\u00e3o teatral \u201carte em cena: semeando talentos\u201d, por alunos do grupo art\u00edstico Para\u00edba Sim Senhor, da Escola Cidad\u00e3 Integral T\u00e9cnica Pastor Jo\u00e3o Pereira Gomes Filho, de Jo\u00e3o Pessoa e o lan\u00e7amento do Projeto T\u00f4 Ligado na Leitura, proposta da Secretaria de Estado da Educa\u00e7\u00e3o, que consiste em fortalecer as experi\u00eancias e projetos de incentivo \u00e0 leitura, j\u00e1 implementados pelas escolas da rede estadual. Ser\u00e1 exibido o filme \u201cNunca me Sonharam\u201d, direcionado a alunos do Ensino M\u00e9dio. A partir das 14h haver\u00e1 o Circuito Cultural com a participa\u00e7\u00e3o de alunos divididos em grupos, para realiza\u00e7\u00e3o de atividades culturais, tais como: artes visuais, teatro, m\u00fasica, dan\u00e7a e literatura. O Filme: \u201cNunca me sonharam\u201d \u00e9 uma frase dita no meio do filme por um jovem estudante de uma escola p\u00fablica da cidade de Nova Olinda, interior do Cear\u00e1. S\u00e3o pensamentos de jovens que n\u00e3o costumamos ver nesse lugar de reflex\u00e3o em filmes, mat\u00e9rias e reportagens quando o assunto \u00e9 educa\u00e7\u00e3o. Jovens que vivem a realidade da rede p\u00fablica brasileira, que corresponde a 85% de todo o ensino brasileiro. O diretor Cacau Rhoden faz um filme que, al\u00e9m de falar de hist\u00f3ricos problemas e boas pr\u00e1ticas, reequilibra o lugar de vozes e regi\u00f5es no debate da educa\u00e7\u00e3o. \u201cNunca me sonharam\u201d \u00e9 um manifesto sobre a educa\u00e7\u00e3o em que o texto ganha diversas vozes carregadas de pensamentos, e n\u00e3o apenas de den\u00fancias, como forma de abordar as desigualdades. E o melhor: a fala dos personagens jovens no filme est\u00e1 do tamanho que eles s\u00e3o, respeitando o momento da vida deles. O document\u00e1rio tem jovens falando sem imitar discursos prontos. Com sinceras e reflexivas vozes, expressam desejos, percep\u00e7\u00f5es, conflitos, desafios e uma forte consci\u00eancia da necessidade de pensar sua trajet\u00f3ria de vida. \u00c9 certo que, pela centralidade em depoimentos, o document\u00e1rio pode envolver mais quem vive ou se interessa pela quest\u00e3o da educa\u00e7\u00e3o no cotidiano. Isso por si s\u00f3 j\u00e1 seria uma qualidade, pela capacidade de orquestrar um discurso que produza sentido ao conjunto de pessoas que participam da luta pela educa\u00e7\u00e3o de qualidade no pa\u00eds. Mas o filme, por sua intimidade e cumplicidade com os entrevistados, nos aproxima da quest\u00e3o abordada atrav\u00e9s de seus personagens. Com PBAGora\" \/>\n<meta property=\"og:url\" content=\"https:\/\/noticiasemdestaque.com\/cd\/?p=1445\" \/>\n<meta property=\"og:site_name\" content=\"Not&iacute;cias em Destaque\" \/>\n<meta property=\"article:published_time\" content=\"2017-07-07T18:24:33+00:00\" \/>\n<meta property=\"og:image\" content=\"https:\/\/noticiasemdestaque.com\/cd\/wp-content\/uploads\/2017\/07\/20170707131058.jpg\" \/>\n\t<meta property=\"og:image:width\" content=\"400\" \/>\n\t<meta property=\"og:image:height\" content=\"300\" \/>\n\t<meta property=\"og:image:type\" content=\"image\/jpeg\" \/>\n<meta name=\"author\" content=\"Not\u00edcias em Destaque\" \/>\n<meta name=\"twitter:card\" content=\"summary_large_image\" \/>\n<meta name=\"twitter:label1\" content=\"Escrito por\" \/>\n\t<meta name=\"twitter:data1\" content=\"Not\u00edcias em Destaque\" \/>\n\t<meta name=\"twitter:label2\" content=\"Est. tempo de leitura\" \/>\n\t<meta name=\"twitter:data2\" content=\"3 minutos\" \/>\n<script type=\"application\/ld+json\" class=\"yoast-schema-graph\">{\"@context\":\"https:\/\/schema.org\",\"@graph\":[{\"@type\":\"Article\",\"@id\":\"https:\/\/noticiasemdestaque.com\/cd\/?p=1445#article\",\"isPartOf\":{\"@id\":\"https:\/\/noticiasemdestaque.com\/cd\/?p=1445\"},\"author\":{\"name\":\"Not\u00edcias em Destaque\",\"@id\":\"https:\/\/noticiasemdestaque.com\/cd\/#\/schema\/person\/4a81fb71f77579d059c3045891fa1786\"},\"headline\":\"Governo do Estado realiza Festival de Arte e Cultura na Escola\",\"datePublished\":\"2017-07-07T18:24:33+00:00\",\"mainEntityOfPage\":{\"@id\":\"https:\/\/noticiasemdestaque.com\/cd\/?p=1445\"},\"wordCount\":673,\"publisher\":{\"@id\":\"https:\/\/noticiasemdestaque.com\/cd\/#organization\"},\"image\":{\"@id\":\"https:\/\/noticiasemdestaque.com\/cd\/?p=1445#primaryimage\"},\"thumbnailUrl\":\"https:\/\/noticiasemdestaque.com\/cd\/wp-content\/uploads\/2017\/07\/20170707131058.jpg\",\"articleSection\":[\"Educa\u00e7\u00e3o\"],\"inLanguage\":\"pt-BR\"},{\"@type\":\"WebPage\",\"@id\":\"https:\/\/noticiasemdestaque.com\/cd\/?p=1445\",\"url\":\"https:\/\/noticiasemdestaque.com\/cd\/?p=1445\",\"name\":\"Governo do Estado realiza Festival de Arte e Cultura na Escola - Not&iacute;cias em Destaque\",\"isPartOf\":{\"@id\":\"https:\/\/noticiasemdestaque.com\/cd\/#website\"},\"primaryImageOfPage\":{\"@id\":\"https:\/\/noticiasemdestaque.com\/cd\/?p=1445#primaryimage\"},\"image\":{\"@id\":\"https:\/\/noticiasemdestaque.com\/cd\/?p=1445#primaryimage\"},\"thumbnailUrl\":\"https:\/\/noticiasemdestaque.com\/cd\/wp-content\/uploads\/2017\/07\/20170707131058.jpg\",\"datePublished\":\"2017-07-07T18:24:33+00:00\",\"breadcrumb\":{\"@id\":\"https:\/\/noticiasemdestaque.com\/cd\/?p=1445#breadcrumb\"},\"inLanguage\":\"pt-BR\",\"potentialAction\":[{\"@type\":\"ReadAction\",\"target\":[\"https:\/\/noticiasemdestaque.com\/cd\/?p=1445\"]}]},{\"@type\":\"ImageObject\",\"inLanguage\":\"pt-BR\",\"@id\":\"https:\/\/noticiasemdestaque.com\/cd\/?p=1445#primaryimage\",\"url\":\"https:\/\/noticiasemdestaque.com\/cd\/wp-content\/uploads\/2017\/07\/20170707131058.jpg\",\"contentUrl\":\"https:\/\/noticiasemdestaque.com\/cd\/wp-content\/uploads\/2017\/07\/20170707131058.jpg\",\"width\":400,\"height\":300},{\"@type\":\"BreadcrumbList\",\"@id\":\"https:\/\/noticiasemdestaque.com\/cd\/?p=1445#breadcrumb\",\"itemListElement\":[{\"@type\":\"ListItem\",\"position\":1,\"name\":\"In\u00edcio\",\"item\":\"https:\/\/noticiasemdestaque.com\/cd\/\"},{\"@type\":\"ListItem\",\"position\":2,\"name\":\"Governo do Estado realiza Festival de Arte e Cultura na Escola\"}]},{\"@type\":\"WebSite\",\"@id\":\"https:\/\/noticiasemdestaque.com\/cd\/#website\",\"url\":\"https:\/\/noticiasemdestaque.com\/cd\/\",\"name\":\"Not&iacute;cias em Destaque\",\"description\":\"\",\"publisher\":{\"@id\":\"https:\/\/noticiasemdestaque.com\/cd\/#organization\"},\"potentialAction\":[{\"@type\":\"SearchAction\",\"target\":{\"@type\":\"EntryPoint\",\"urlTemplate\":\"https:\/\/noticiasemdestaque.com\/cd\/?s={search_term_string}\"},\"query-input\":{\"@type\":\"PropertyValueSpecification\",\"valueRequired\":true,\"valueName\":\"search_term_string\"}}],\"inLanguage\":\"pt-BR\"},{\"@type\":\"Organization\",\"@id\":\"https:\/\/noticiasemdestaque.com\/cd\/#organization\",\"name\":\"Not\u00edcias em Destaque\",\"url\":\"https:\/\/noticiasemdestaque.com\/cd\/\",\"logo\":{\"@type\":\"ImageObject\",\"inLanguage\":\"pt-BR\",\"@id\":\"https:\/\/noticiasemdestaque.com\/cd\/#\/schema\/logo\/image\/\",\"url\":\"https:\/\/noticiasemdestaque.com\/cd\/wp-content\/uploads\/2022\/05\/imagem-base-noticiasemdestaque.png\",\"contentUrl\":\"https:\/\/noticiasemdestaque.com\/cd\/wp-content\/uploads\/2022\/05\/imagem-base-noticiasemdestaque.png\",\"width\":1200,\"height\":630,\"caption\":\"Not\u00edcias em Destaque\"},\"image\":{\"@id\":\"https:\/\/noticiasemdestaque.com\/cd\/#\/schema\/logo\/image\/\"}},{\"@type\":\"Person\",\"@id\":\"https:\/\/noticiasemdestaque.com\/cd\/#\/schema\/person\/4a81fb71f77579d059c3045891fa1786\",\"name\":\"Not\u00edcias em Destaque\",\"url\":\"https:\/\/noticiasemdestaque.com\/cd\/?author=2\"}]}<\/script>\n<!-- \/ Yoast SEO plugin. -->","yoast_head_json":{"title":"Governo do Estado realiza Festival de Arte e Cultura na Escola - Not&iacute;cias em Destaque","robots":{"index":"index","follow":"follow","max-snippet":"max-snippet:-1","max-image-preview":"max-image-preview:large","max-video-preview":"max-video-preview:-1"},"canonical":"https:\/\/noticiasemdestaque.com\/cd\/?p=1445","og_locale":"pt_BR","og_type":"article","og_title":"Governo do Estado realiza Festival de Arte e Cultura na Escola - Not&iacute;cias em Destaque","og_description":"A Secretaria de Estado da Educa\u00e7\u00e3o (SEE) realiza das 9h \u00e0s 16h30 deste s\u00e1bado (8), na Sala de Concertos Maestro Jos\u00e9 Siqueira, no Espa\u00e7o Cultural Jos\u00e9 Lins do Rego, na Capital, o evento Arte em Cena: Festival de Arte e Cultura na Escola. A iniciativa \u00e9 focada na tem\u00e1tica, Juventude: emo\u00e7\u00f5es, viv\u00eancias e cultura de paz e objetiva estimular o interesse, a aprecia\u00e7\u00e3o e a produ\u00e7\u00e3o art\u00edstico-cultural entre os educandos da rede estadual de ensino, valorizando a arte como forma de crescimento social e est\u00e9tico. O evento vai reunir cerca de 500 alunos das escolas estaduais de Ensino M\u00e9dio, localizadas nas 14 Ger\u00eancias Regionais de Educa\u00e7\u00e3o (GREs), professores da disciplina de Artes, gerentes das GREs, gerentes executivos e t\u00e9cnicos da SEE. O Festival conta com o apoio da Secretaria de Estado da Cultura (Secult), Funda\u00e7\u00e3o Espa\u00e7o Cultural (Funesc) e da Secretaria de Estado de Juventude, Esporte e Lazer (Sejel). A secret\u00e1ria Executiva de Estado de Gest\u00e3o Pedag\u00f3gica Roziane Marinho explicou que a iniciativa do Festival \u00e9 fomentar a\u00e7\u00f5es que promovam o encontro entre o projeto pedag\u00f3gico da escola e experi\u00eancias culturais e art\u00edsticas das comunidades locais, contemplando a diversidade cultural. \u201cRealizar mapeamento da produ\u00e7\u00e3o art\u00edstica na rede estadual de ensino, valorizando os talentos art\u00edstico-cultural dos estudantes desenvolvidos, focando espa\u00e7os de produ\u00e7\u00e3o, criatividade e frui\u00e7\u00e3o pelas artes\u201d, observou Roziane. Pela manh\u00e3, a programa\u00e7\u00e3o do evento conta com a assinatura do edital do festival e a parte cultural, com apresenta\u00e7\u00e3o musical, apresenta\u00e7\u00e3o teatral \u201carte em cena: semeando talentos\u201d, por alunos do grupo art\u00edstico Para\u00edba Sim Senhor, da Escola Cidad\u00e3 Integral T\u00e9cnica Pastor Jo\u00e3o Pereira Gomes Filho, de Jo\u00e3o Pessoa e o lan\u00e7amento do Projeto T\u00f4 Ligado na Leitura, proposta da Secretaria de Estado da Educa\u00e7\u00e3o, que consiste em fortalecer as experi\u00eancias e projetos de incentivo \u00e0 leitura, j\u00e1 implementados pelas escolas da rede estadual. Ser\u00e1 exibido o filme \u201cNunca me Sonharam\u201d, direcionado a alunos do Ensino M\u00e9dio. A partir das 14h haver\u00e1 o Circuito Cultural com a participa\u00e7\u00e3o de alunos divididos em grupos, para realiza\u00e7\u00e3o de atividades culturais, tais como: artes visuais, teatro, m\u00fasica, dan\u00e7a e literatura. O Filme: \u201cNunca me sonharam\u201d \u00e9 uma frase dita no meio do filme por um jovem estudante de uma escola p\u00fablica da cidade de Nova Olinda, interior do Cear\u00e1. S\u00e3o pensamentos de jovens que n\u00e3o costumamos ver nesse lugar de reflex\u00e3o em filmes, mat\u00e9rias e reportagens quando o assunto \u00e9 educa\u00e7\u00e3o. Jovens que vivem a realidade da rede p\u00fablica brasileira, que corresponde a 85% de todo o ensino brasileiro. O diretor Cacau Rhoden faz um filme que, al\u00e9m de falar de hist\u00f3ricos problemas e boas pr\u00e1ticas, reequilibra o lugar de vozes e regi\u00f5es no debate da educa\u00e7\u00e3o. \u201cNunca me sonharam\u201d \u00e9 um manifesto sobre a educa\u00e7\u00e3o em que o texto ganha diversas vozes carregadas de pensamentos, e n\u00e3o apenas de den\u00fancias, como forma de abordar as desigualdades. E o melhor: a fala dos personagens jovens no filme est\u00e1 do tamanho que eles s\u00e3o, respeitando o momento da vida deles. O document\u00e1rio tem jovens falando sem imitar discursos prontos. Com sinceras e reflexivas vozes, expressam desejos, percep\u00e7\u00f5es, conflitos, desafios e uma forte consci\u00eancia da necessidade de pensar sua trajet\u00f3ria de vida. \u00c9 certo que, pela centralidade em depoimentos, o document\u00e1rio pode envolver mais quem vive ou se interessa pela quest\u00e3o da educa\u00e7\u00e3o no cotidiano. Isso por si s\u00f3 j\u00e1 seria uma qualidade, pela capacidade de orquestrar um discurso que produza sentido ao conjunto de pessoas que participam da luta pela educa\u00e7\u00e3o de qualidade no pa\u00eds. Mas o filme, por sua intimidade e cumplicidade com os entrevistados, nos aproxima da quest\u00e3o abordada atrav\u00e9s de seus personagens. Com PBAGora","og_url":"https:\/\/noticiasemdestaque.com\/cd\/?p=1445","og_site_name":"Not&iacute;cias em Destaque","article_published_time":"2017-07-07T18:24:33+00:00","og_image":[{"width":400,"height":300,"url":"https:\/\/noticiasemdestaque.com\/cd\/wp-content\/uploads\/2017\/07\/20170707131058.jpg","type":"image\/jpeg"}],"author":"Not\u00edcias em Destaque","twitter_card":"summary_large_image","twitter_misc":{"Escrito por":"Not\u00edcias em Destaque","Est. tempo de leitura":"3 minutos"},"schema":{"@context":"https:\/\/schema.org","@graph":[{"@type":"Article","@id":"https:\/\/noticiasemdestaque.com\/cd\/?p=1445#article","isPartOf":{"@id":"https:\/\/noticiasemdestaque.com\/cd\/?p=1445"},"author":{"name":"Not\u00edcias em Destaque","@id":"https:\/\/noticiasemdestaque.com\/cd\/#\/schema\/person\/4a81fb71f77579d059c3045891fa1786"},"headline":"Governo do Estado realiza Festival de Arte e Cultura na Escola","datePublished":"2017-07-07T18:24:33+00:00","mainEntityOfPage":{"@id":"https:\/\/noticiasemdestaque.com\/cd\/?p=1445"},"wordCount":673,"publisher":{"@id":"https:\/\/noticiasemdestaque.com\/cd\/#organization"},"image":{"@id":"https:\/\/noticiasemdestaque.com\/cd\/?p=1445#primaryimage"},"thumbnailUrl":"https:\/\/noticiasemdestaque.com\/cd\/wp-content\/uploads\/2017\/07\/20170707131058.jpg","articleSection":["Educa\u00e7\u00e3o"],"inLanguage":"pt-BR"},{"@type":"WebPage","@id":"https:\/\/noticiasemdestaque.com\/cd\/?p=1445","url":"https:\/\/noticiasemdestaque.com\/cd\/?p=1445","name":"Governo do Estado realiza Festival de Arte e Cultura na Escola - Not&iacute;cias em Destaque","isPartOf":{"@id":"https:\/\/noticiasemdestaque.com\/cd\/#website"},"primaryImageOfPage":{"@id":"https:\/\/noticiasemdestaque.com\/cd\/?p=1445#primaryimage"},"image":{"@id":"https:\/\/noticiasemdestaque.com\/cd\/?p=1445#primaryimage"},"thumbnailUrl":"https:\/\/noticiasemdestaque.com\/cd\/wp-content\/uploads\/2017\/07\/20170707131058.jpg","datePublished":"2017-07-07T18:24:33+00:00","breadcrumb":{"@id":"https:\/\/noticiasemdestaque.com\/cd\/?p=1445#breadcrumb"},"inLanguage":"pt-BR","potentialAction":[{"@type":"ReadAction","target":["https:\/\/noticiasemdestaque.com\/cd\/?p=1445"]}]},{"@type":"ImageObject","inLanguage":"pt-BR","@id":"https:\/\/noticiasemdestaque.com\/cd\/?p=1445#primaryimage","url":"https:\/\/noticiasemdestaque.com\/cd\/wp-content\/uploads\/2017\/07\/20170707131058.jpg","contentUrl":"https:\/\/noticiasemdestaque.com\/cd\/wp-content\/uploads\/2017\/07\/20170707131058.jpg","width":400,"height":300},{"@type":"BreadcrumbList","@id":"https:\/\/noticiasemdestaque.com\/cd\/?p=1445#breadcrumb","itemListElement":[{"@type":"ListItem","position":1,"name":"In\u00edcio","item":"https:\/\/noticiasemdestaque.com\/cd\/"},{"@type":"ListItem","position":2,"name":"Governo do Estado realiza Festival de Arte e Cultura na Escola"}]},{"@type":"WebSite","@id":"https:\/\/noticiasemdestaque.com\/cd\/#website","url":"https:\/\/noticiasemdestaque.com\/cd\/","name":"Not&iacute;cias em Destaque","description":"","publisher":{"@id":"https:\/\/noticiasemdestaque.com\/cd\/#organization"},"potentialAction":[{"@type":"SearchAction","target":{"@type":"EntryPoint","urlTemplate":"https:\/\/noticiasemdestaque.com\/cd\/?s={search_term_string}"},"query-input":{"@type":"PropertyValueSpecification","valueRequired":true,"valueName":"search_term_string"}}],"inLanguage":"pt-BR"},{"@type":"Organization","@id":"https:\/\/noticiasemdestaque.com\/cd\/#organization","name":"Not\u00edcias em Destaque","url":"https:\/\/noticiasemdestaque.com\/cd\/","logo":{"@type":"ImageObject","inLanguage":"pt-BR","@id":"https:\/\/noticiasemdestaque.com\/cd\/#\/schema\/logo\/image\/","url":"https:\/\/noticiasemdestaque.com\/cd\/wp-content\/uploads\/2022\/05\/imagem-base-noticiasemdestaque.png","contentUrl":"https:\/\/noticiasemdestaque.com\/cd\/wp-content\/uploads\/2022\/05\/imagem-base-noticiasemdestaque.png","width":1200,"height":630,"caption":"Not\u00edcias em Destaque"},"image":{"@id":"https:\/\/noticiasemdestaque.com\/cd\/#\/schema\/logo\/image\/"}},{"@type":"Person","@id":"https:\/\/noticiasemdestaque.com\/cd\/#\/schema\/person\/4a81fb71f77579d059c3045891fa1786","name":"Not\u00edcias em Destaque","url":"https:\/\/noticiasemdestaque.com\/cd\/?author=2"}]}},"jetpack_featured_media_url":"https:\/\/noticiasemdestaque.com\/cd\/wp-content\/uploads\/2017\/07\/20170707131058.jpg","jetpack_sharing_enabled":true,"_links":{"self":[{"href":"https:\/\/noticiasemdestaque.com\/cd\/index.php?rest_route=\/wp\/v2\/posts\/1445","targetHints":{"allow":["GET"]}}],"collection":[{"href":"https:\/\/noticiasemdestaque.com\/cd\/index.php?rest_route=\/wp\/v2\/posts"}],"about":[{"href":"https:\/\/noticiasemdestaque.com\/cd\/index.php?rest_route=\/wp\/v2\/types\/post"}],"author":[{"embeddable":true,"href":"https:\/\/noticiasemdestaque.com\/cd\/index.php?rest_route=\/wp\/v2\/users\/2"}],"replies":[{"embeddable":true,"href":"https:\/\/noticiasemdestaque.com\/cd\/index.php?rest_route=%2Fwp%2Fv2%2Fcomments&post=1445"}],"version-history":[{"count":1,"href":"https:\/\/noticiasemdestaque.com\/cd\/index.php?rest_route=\/wp\/v2\/posts\/1445\/revisions"}],"predecessor-version":[{"id":1447,"href":"https:\/\/noticiasemdestaque.com\/cd\/index.php?rest_route=\/wp\/v2\/posts\/1445\/revisions\/1447"}],"wp:featuredmedia":[{"embeddable":true,"href":"https:\/\/noticiasemdestaque.com\/cd\/index.php?rest_route=\/wp\/v2\/media\/1446"}],"wp:attachment":[{"href":"https:\/\/noticiasemdestaque.com\/cd\/index.php?rest_route=%2Fwp%2Fv2%2Fmedia&parent=1445"}],"wp:term":[{"taxonomy":"category","embeddable":true,"href":"https:\/\/noticiasemdestaque.com\/cd\/index.php?rest_route=%2Fwp%2Fv2%2Fcategories&post=1445"},{"taxonomy":"post_tag","embeddable":true,"href":"https:\/\/noticiasemdestaque.com\/cd\/index.php?rest_route=%2Fwp%2Fv2%2Ftags&post=1445"}],"curies":[{"name":"wp","href":"https:\/\/api.w.org\/{rel}","templated":true}]}}