{"id":14384,"date":"2018-12-07T22:25:42","date_gmt":"2018-12-08T01:25:42","guid":{"rendered":"http:\/\/noticiasemdestaque.com\/cd\/?p=14384"},"modified":"2018-12-07T22:25:42","modified_gmt":"2018-12-08T01:25:42","slug":"nota-oficial-sobre-a-contribuicao-de-iluminacao-publica-prefeitura-de-sume-pb","status":"publish","type":"post","link":"https:\/\/noticiasemdestaque.com\/cd\/?p=14384","title":{"rendered":"Nota Oficial sobre a Contribui\u00e7\u00e3o de Ilumina\u00e7\u00e3o P\u00fablica \u2013 Prefeitura de Sum\u00e9 (PB)"},"content":{"rendered":"<p><a href=\"https:\/\/noticiasemdestaque.com\/cd\/wp-content\/uploads\/2018\/12\/DSC_0094-735x450.jpg\"><img fetchpriority=\"high\" decoding=\"async\" class=\"wp-image-14385 aligncenter\" src=\"https:\/\/noticiasemdestaque.com\/cd\/wp-content\/uploads\/2018\/12\/DSC_0094-735x450.jpg\" alt=\"\" width=\"506\" height=\"310\" srcset=\"https:\/\/noticiasemdestaque.com\/cd\/wp-content\/uploads\/2018\/12\/DSC_0094-735x450.jpg 735w, https:\/\/noticiasemdestaque.com\/cd\/wp-content\/uploads\/2018\/12\/DSC_0094-735x450-300x184.jpg 300w\" sizes=\"(max-width: 506px) 100vw, 506px\" \/><\/a><\/p>\n<p>Em virtude de not\u00edcias difamat\u00f3rias a respeito da cobran\u00e7a de taxa do servi\u00e7o de ilumina\u00e7\u00e3o p\u00fablica feito pela Prefeitura de Sum\u00e9, a mesma vem esclarecer os reais motivos sobre a contribui\u00e7\u00e3o no munic\u00edpio:<\/p>\n<p>O projeto de lei que trata da cobran\u00e7a de tarifa da ilumina\u00e7\u00e3o p\u00fablica, N\u00c3O \u00e9 reajuste de conta de energia do consumidor, \u00e9 importante esclarecer que:<\/p>\n<ol>\n<li>O projeto encaminhado pelo Poder Executivo e aprovado pelo Poder Legislativo segue as normativas da Ag\u00eancia Nacional de Energia El\u00e9trica (Aneel);<\/li>\n<li>O reajuste foi necess\u00e1rio em virtude do aumento de pontos de ilumina\u00e7\u00e3o p\u00fablica da cidade, passando de 2.089 pontos para 3.837 instalados em virtude do crescimento do munic\u00edpio;<\/li>\n<li>No munic\u00edpio de Sum\u00e9, 3.500 usu\u00e1rios consomem entre 30 e 100 KWH\/m, estes ser\u00e3o majorados em 3%, num \u00edndice que vai de 1 a 7%;<\/li>\n<li>Quem consome de 30 a 100 KW na zona urbana, o reajuste ser\u00e1 de 3%;<\/li>\n<li>Na zona urbana, o projeto isenta da taxa de ilumina\u00e7\u00e3o quem consome abaixo de 30 KW;<\/li>\n<li>Para a zona rural, ser\u00e1 isento da cobran\u00e7a, quem consome abaixo de 50 KW;<\/li>\n<li>Sum\u00e9 \u00e9 o terceiro maior munic\u00edpio da Para\u00edba, logo, a extens\u00e3o territorial rural \u00e9 enorme, s\u00e3o 540 km de estradas. Assim, o custo de manuten\u00e7\u00e3o da ilumina\u00e7\u00e3o na zona rural \u00e9 ainda maior;<\/li>\n<li>Quem consome acima de 100KW na zona rural \u00e9 que pagar\u00e1 7% sobre o valor fixado pela Aneel;<\/li>\n<li>Mesmo com o reajuste, a prefeitura ter\u00e1 que complementar recursos para o pagamento da ilumina\u00e7\u00e3o p\u00fablica;<\/li>\n<li>A prefeitura ir\u00e1 trocar as l\u00e2mpadas atuais por l\u00e2mpadas de LED, visando diminuir a conta da ilumina\u00e7\u00e3o p\u00fablica, possibilitando uma redu\u00e7\u00e3o da tarifa em breve;<\/li>\n<li>A Lei come\u00e7a a vigorar apenas em mar\u00e7o de 2019, cumprindo o prazo de 90 dias (noventena) para que se possa entrar em vigor;<\/li>\n<li>Fazemos a manuten\u00e7\u00e3o da ilumina\u00e7\u00e3o com duas equipes durante o dia e \u00e0 noite, circulando na zonas urbana e rural;<\/li>\n<li>Cobramos uma taxa de ilumina\u00e7\u00e3o p\u00fablica menor que a de outros munic\u00edpios;<\/li>\n<li>Caso a prefeitura, junto com a c\u00e2mara de vereadores, n\u00e3o realizassem esta medida, ter\u00edamos cerca de R$ 40 mil a menos todos os meses, tendo que fazer cortes na Sa\u00fade, na Educa\u00e7\u00e3o, Infraestrutura, na Agricultura entre outras \u00e1reas e servi\u00e7os importantes para a popula\u00e7\u00e3o.<\/li>\n<\/ol>\n<p><em>Assessoria de Imprensa \u2013 Prefeitura de Sum\u00e9<\/em><\/p>\n","protected":false},"excerpt":{"rendered":"<p>Em virtude de not\u00edcias difamat\u00f3rias a respeito da cobran\u00e7a de taxa do servi\u00e7o de ilumina\u00e7\u00e3o p\u00fablica feito pela Prefeitura de Sum\u00e9, a mesma vem esclarecer os reais motivos sobre a contribui\u00e7\u00e3o no munic\u00edpio: O projeto de lei que trata da cobran\u00e7a de tarifa da ilumina\u00e7\u00e3o p\u00fablica, N\u00c3O \u00e9 reajuste de conta de energia do consumidor, \u00e9 importante esclarecer que: O projeto encaminhado pelo Poder Executivo e aprovado pelo Poder Legislativo segue as normativas da Ag\u00eancia Nacional de Energia El\u00e9trica (Aneel); O reajuste foi necess\u00e1rio em virtude do aumento de pontos de ilumina\u00e7\u00e3o p\u00fablica da cidade, passando de 2.089 pontos para 3.837 instalados em virtude do crescimento do munic\u00edpio; No munic\u00edpio de Sum\u00e9, 3.500 usu\u00e1rios consomem entre 30 e 100 KWH\/m, estes ser\u00e3o majorados em 3%, num \u00edndice que vai de 1 a 7%; Quem consome de 30 a 100 KW na zona urbana, o reajuste ser\u00e1 de 3%; Na zona urbana, o projeto isenta da taxa de ilumina\u00e7\u00e3o quem consome abaixo de 30 KW; Para a zona rural, ser\u00e1 isento da cobran\u00e7a, quem consome abaixo de 50 KW; Sum\u00e9 \u00e9 o terceiro maior munic\u00edpio da Para\u00edba, logo, a extens\u00e3o territorial rural \u00e9 enorme, s\u00e3o 540 km de estradas. Assim, o custo de manuten\u00e7\u00e3o da ilumina\u00e7\u00e3o na zona rural \u00e9 ainda maior; Quem consome acima de 100KW na zona rural \u00e9 que pagar\u00e1 7% sobre o valor fixado pela Aneel; Mesmo com o reajuste, a prefeitura ter\u00e1 que complementar recursos para o pagamento da ilumina\u00e7\u00e3o p\u00fablica; A prefeitura ir\u00e1 trocar as l\u00e2mpadas atuais por l\u00e2mpadas de LED, visando diminuir a conta da ilumina\u00e7\u00e3o p\u00fablica, possibilitando uma redu\u00e7\u00e3o da tarifa em breve; A Lei come\u00e7a a vigorar apenas em mar\u00e7o de 2019, cumprindo o prazo de 90 dias (noventena) para que se possa entrar em vigor; Fazemos a manuten\u00e7\u00e3o da ilumina\u00e7\u00e3o com duas equipes durante o dia e \u00e0 noite, circulando na zonas urbana e rural; Cobramos uma taxa de ilumina\u00e7\u00e3o p\u00fablica menor que a de outros munic\u00edpios; Caso a prefeitura, junto com a c\u00e2mara de vereadores, n\u00e3o realizassem esta medida, ter\u00edamos cerca de R$ 40 mil a menos todos os meses, tendo que fazer cortes na Sa\u00fade, na Educa\u00e7\u00e3o, Infraestrutura, na Agricultura entre outras \u00e1reas e servi\u00e7os importantes para a popula\u00e7\u00e3o. Assessoria de Imprensa \u2013 Prefeitura de Sum\u00e9<\/p>\n","protected":false},"author":2,"featured_media":14385,"comment_status":"closed","ping_status":"open","sticky":false,"template":"","format":"standard","meta":{"_eb_attr":"","_jetpack_memberships_contains_paid_content":false,"footnotes":""},"categories":[3],"tags":[],"class_list":["post-14384","post","type-post","status-publish","format-standard","has-post-thumbnail","hentry","category-cidades"],"yoast_head":"<!-- This site is optimized with the Yoast SEO plugin v26.5 - https:\/\/yoast.com\/wordpress\/plugins\/seo\/ -->\n<title>Nota Oficial sobre a Contribui\u00e7\u00e3o de Ilumina\u00e7\u00e3o P\u00fablica \u2013 Prefeitura de Sum\u00e9 (PB) - Not&iacute;cias em Destaque<\/title>\n<meta name=\"robots\" content=\"index, follow, max-snippet:-1, max-image-preview:large, max-video-preview:-1\" \/>\n<link rel=\"canonical\" href=\"https:\/\/noticiasemdestaque.com\/cd\/?p=14384\" \/>\n<meta property=\"og:locale\" content=\"pt_BR\" \/>\n<meta property=\"og:type\" content=\"article\" \/>\n<meta property=\"og:title\" content=\"Nota Oficial sobre a Contribui\u00e7\u00e3o de Ilumina\u00e7\u00e3o P\u00fablica \u2013 Prefeitura de Sum\u00e9 (PB) - Not&iacute;cias em Destaque\" \/>\n<meta property=\"og:description\" content=\"Em virtude de not\u00edcias difamat\u00f3rias a respeito da cobran\u00e7a de taxa do servi\u00e7o de ilumina\u00e7\u00e3o p\u00fablica feito pela Prefeitura de Sum\u00e9, a mesma vem esclarecer os reais motivos sobre a contribui\u00e7\u00e3o no munic\u00edpio: O projeto de lei que trata da cobran\u00e7a de tarifa da ilumina\u00e7\u00e3o p\u00fablica, N\u00c3O \u00e9 reajuste de conta de energia do consumidor, \u00e9 importante esclarecer que: O projeto encaminhado pelo Poder Executivo e aprovado pelo Poder Legislativo segue as normativas da Ag\u00eancia Nacional de Energia El\u00e9trica (Aneel); O reajuste foi necess\u00e1rio em virtude do aumento de pontos de ilumina\u00e7\u00e3o p\u00fablica da cidade, passando de 2.089 pontos para 3.837 instalados em virtude do crescimento do munic\u00edpio; No munic\u00edpio de Sum\u00e9, 3.500 usu\u00e1rios consomem entre 30 e 100 KWH\/m, estes ser\u00e3o majorados em 3%, num \u00edndice que vai de 1 a 7%; Quem consome de 30 a 100 KW na zona urbana, o reajuste ser\u00e1 de 3%; Na zona urbana, o projeto isenta da taxa de ilumina\u00e7\u00e3o quem consome abaixo de 30 KW; Para a zona rural, ser\u00e1 isento da cobran\u00e7a, quem consome abaixo de 50 KW; Sum\u00e9 \u00e9 o terceiro maior munic\u00edpio da Para\u00edba, logo, a extens\u00e3o territorial rural \u00e9 enorme, s\u00e3o 540 km de estradas. Assim, o custo de manuten\u00e7\u00e3o da ilumina\u00e7\u00e3o na zona rural \u00e9 ainda maior; Quem consome acima de 100KW na zona rural \u00e9 que pagar\u00e1 7% sobre o valor fixado pela Aneel; Mesmo com o reajuste, a prefeitura ter\u00e1 que complementar recursos para o pagamento da ilumina\u00e7\u00e3o p\u00fablica; A prefeitura ir\u00e1 trocar as l\u00e2mpadas atuais por l\u00e2mpadas de LED, visando diminuir a conta da ilumina\u00e7\u00e3o p\u00fablica, possibilitando uma redu\u00e7\u00e3o da tarifa em breve; A Lei come\u00e7a a vigorar apenas em mar\u00e7o de 2019, cumprindo o prazo de 90 dias (noventena) para que se possa entrar em vigor; Fazemos a manuten\u00e7\u00e3o da ilumina\u00e7\u00e3o com duas equipes durante o dia e \u00e0 noite, circulando na zonas urbana e rural; Cobramos uma taxa de ilumina\u00e7\u00e3o p\u00fablica menor que a de outros munic\u00edpios; Caso a prefeitura, junto com a c\u00e2mara de vereadores, n\u00e3o realizassem esta medida, ter\u00edamos cerca de R$ 40 mil a menos todos os meses, tendo que fazer cortes na Sa\u00fade, na Educa\u00e7\u00e3o, Infraestrutura, na Agricultura entre outras \u00e1reas e servi\u00e7os importantes para a popula\u00e7\u00e3o. Assessoria de Imprensa \u2013 Prefeitura de Sum\u00e9\" \/>\n<meta property=\"og:url\" content=\"https:\/\/noticiasemdestaque.com\/cd\/?p=14384\" \/>\n<meta property=\"og:site_name\" content=\"Not&iacute;cias em Destaque\" \/>\n<meta property=\"article:published_time\" content=\"2018-12-08T01:25:42+00:00\" \/>\n<meta property=\"og:image\" content=\"https:\/\/noticiasemdestaque.com\/cd\/wp-content\/uploads\/2018\/12\/DSC_0094-735x450.jpg\" \/>\n\t<meta property=\"og:image:width\" content=\"735\" \/>\n\t<meta property=\"og:image:height\" content=\"450\" \/>\n\t<meta property=\"og:image:type\" content=\"image\/jpeg\" \/>\n<meta name=\"author\" content=\"Not\u00edcias em Destaque\" \/>\n<meta name=\"twitter:card\" content=\"summary_large_image\" \/>\n<meta name=\"twitter:label1\" content=\"Escrito por\" \/>\n\t<meta name=\"twitter:data1\" content=\"Not\u00edcias em Destaque\" \/>\n\t<meta name=\"twitter:label2\" content=\"Est. tempo de leitura\" \/>\n\t<meta name=\"twitter:data2\" content=\"2 minutos\" \/>\n<script type=\"application\/ld+json\" class=\"yoast-schema-graph\">{\"@context\":\"https:\/\/schema.org\",\"@graph\":[{\"@type\":\"Article\",\"@id\":\"https:\/\/noticiasemdestaque.com\/cd\/?p=14384#article\",\"isPartOf\":{\"@id\":\"https:\/\/noticiasemdestaque.com\/cd\/?p=14384\"},\"author\":{\"name\":\"Not\u00edcias em Destaque\",\"@id\":\"https:\/\/noticiasemdestaque.com\/cd\/#\/schema\/person\/47f7d4f55eec17c6b2ca036c5500f6ce\"},\"headline\":\"Nota Oficial sobre a Contribui\u00e7\u00e3o de Ilumina\u00e7\u00e3o P\u00fablica \u2013 Prefeitura de Sum\u00e9 (PB)\",\"datePublished\":\"2018-12-08T01:25:42+00:00\",\"mainEntityOfPage\":{\"@id\":\"https:\/\/noticiasemdestaque.com\/cd\/?p=14384\"},\"wordCount\":417,\"publisher\":{\"@id\":\"https:\/\/noticiasemdestaque.com\/cd\/#organization\"},\"image\":{\"@id\":\"https:\/\/noticiasemdestaque.com\/cd\/?p=14384#primaryimage\"},\"thumbnailUrl\":\"https:\/\/noticiasemdestaque.com\/cd\/wp-content\/uploads\/2018\/12\/DSC_0094-735x450.jpg\",\"articleSection\":[\"Cidades\"],\"inLanguage\":\"pt-BR\"},{\"@type\":\"WebPage\",\"@id\":\"https:\/\/noticiasemdestaque.com\/cd\/?p=14384\",\"url\":\"https:\/\/noticiasemdestaque.com\/cd\/?p=14384\",\"name\":\"Nota Oficial sobre a Contribui\u00e7\u00e3o de Ilumina\u00e7\u00e3o P\u00fablica \u2013 Prefeitura de Sum\u00e9 (PB) - Not&iacute;cias em Destaque\",\"isPartOf\":{\"@id\":\"https:\/\/noticiasemdestaque.com\/cd\/#website\"},\"primaryImageOfPage\":{\"@id\":\"https:\/\/noticiasemdestaque.com\/cd\/?p=14384#primaryimage\"},\"image\":{\"@id\":\"https:\/\/noticiasemdestaque.com\/cd\/?p=14384#primaryimage\"},\"thumbnailUrl\":\"https:\/\/noticiasemdestaque.com\/cd\/wp-content\/uploads\/2018\/12\/DSC_0094-735x450.jpg\",\"datePublished\":\"2018-12-08T01:25:42+00:00\",\"breadcrumb\":{\"@id\":\"https:\/\/noticiasemdestaque.com\/cd\/?p=14384#breadcrumb\"},\"inLanguage\":\"pt-BR\",\"potentialAction\":[{\"@type\":\"ReadAction\",\"target\":[\"https:\/\/noticiasemdestaque.com\/cd\/?p=14384\"]}]},{\"@type\":\"ImageObject\",\"inLanguage\":\"pt-BR\",\"@id\":\"https:\/\/noticiasemdestaque.com\/cd\/?p=14384#primaryimage\",\"url\":\"https:\/\/noticiasemdestaque.com\/cd\/wp-content\/uploads\/2018\/12\/DSC_0094-735x450.jpg\",\"contentUrl\":\"https:\/\/noticiasemdestaque.com\/cd\/wp-content\/uploads\/2018\/12\/DSC_0094-735x450.jpg\",\"width\":735,\"height\":450},{\"@type\":\"BreadcrumbList\",\"@id\":\"https:\/\/noticiasemdestaque.com\/cd\/?p=14384#breadcrumb\",\"itemListElement\":[{\"@type\":\"ListItem\",\"position\":1,\"name\":\"In\u00edcio\",\"item\":\"https:\/\/noticiasemdestaque.com\/cd\/\"},{\"@type\":\"ListItem\",\"position\":2,\"name\":\"Nota Oficial sobre a Contribui\u00e7\u00e3o de Ilumina\u00e7\u00e3o P\u00fablica \u2013 Prefeitura de Sum\u00e9 (PB)\"}]},{\"@type\":\"WebSite\",\"@id\":\"https:\/\/noticiasemdestaque.com\/cd\/#website\",\"url\":\"https:\/\/noticiasemdestaque.com\/cd\/\",\"name\":\"Not&iacute;cias em Destaque\",\"description\":\"\",\"publisher\":{\"@id\":\"https:\/\/noticiasemdestaque.com\/cd\/#organization\"},\"potentialAction\":[{\"@type\":\"SearchAction\",\"target\":{\"@type\":\"EntryPoint\",\"urlTemplate\":\"https:\/\/noticiasemdestaque.com\/cd\/?s={search_term_string}\"},\"query-input\":{\"@type\":\"PropertyValueSpecification\",\"valueRequired\":true,\"valueName\":\"search_term_string\"}}],\"inLanguage\":\"pt-BR\"},{\"@type\":\"Organization\",\"@id\":\"https:\/\/noticiasemdestaque.com\/cd\/#organization\",\"name\":\"Not\u00edcias em Destaque\",\"url\":\"https:\/\/noticiasemdestaque.com\/cd\/\",\"logo\":{\"@type\":\"ImageObject\",\"inLanguage\":\"pt-BR\",\"@id\":\"https:\/\/noticiasemdestaque.com\/cd\/#\/schema\/logo\/image\/\",\"url\":\"https:\/\/noticiasemdestaque.com\/cd\/wp-content\/uploads\/2022\/05\/imagem-base-noticiasemdestaque.png\",\"contentUrl\":\"https:\/\/noticiasemdestaque.com\/cd\/wp-content\/uploads\/2022\/05\/imagem-base-noticiasemdestaque.png\",\"width\":1200,\"height\":630,\"caption\":\"Not\u00edcias em Destaque\"},\"image\":{\"@id\":\"https:\/\/noticiasemdestaque.com\/cd\/#\/schema\/logo\/image\/\"}},{\"@type\":\"Person\",\"@id\":\"https:\/\/noticiasemdestaque.com\/cd\/#\/schema\/person\/47f7d4f55eec17c6b2ca036c5500f6ce\",\"name\":\"Not\u00edcias em Destaque\",\"url\":\"https:\/\/noticiasemdestaque.com\/cd\/?author=2\"}]}<\/script>\n<!-- \/ Yoast SEO plugin. -->","yoast_head_json":{"title":"Nota Oficial sobre a Contribui\u00e7\u00e3o de Ilumina\u00e7\u00e3o P\u00fablica \u2013 Prefeitura de Sum\u00e9 (PB) - Not&iacute;cias em Destaque","robots":{"index":"index","follow":"follow","max-snippet":"max-snippet:-1","max-image-preview":"max-image-preview:large","max-video-preview":"max-video-preview:-1"},"canonical":"https:\/\/noticiasemdestaque.com\/cd\/?p=14384","og_locale":"pt_BR","og_type":"article","og_title":"Nota Oficial sobre a Contribui\u00e7\u00e3o de Ilumina\u00e7\u00e3o P\u00fablica \u2013 Prefeitura de Sum\u00e9 (PB) - Not&iacute;cias em Destaque","og_description":"Em virtude de not\u00edcias difamat\u00f3rias a respeito da cobran\u00e7a de taxa do servi\u00e7o de ilumina\u00e7\u00e3o p\u00fablica feito pela Prefeitura de Sum\u00e9, a mesma vem esclarecer os reais motivos sobre a contribui\u00e7\u00e3o no munic\u00edpio: O projeto de lei que trata da cobran\u00e7a de tarifa da ilumina\u00e7\u00e3o p\u00fablica, N\u00c3O \u00e9 reajuste de conta de energia do consumidor, \u00e9 importante esclarecer que: O projeto encaminhado pelo Poder Executivo e aprovado pelo Poder Legislativo segue as normativas da Ag\u00eancia Nacional de Energia El\u00e9trica (Aneel); O reajuste foi necess\u00e1rio em virtude do aumento de pontos de ilumina\u00e7\u00e3o p\u00fablica da cidade, passando de 2.089 pontos para 3.837 instalados em virtude do crescimento do munic\u00edpio; No munic\u00edpio de Sum\u00e9, 3.500 usu\u00e1rios consomem entre 30 e 100 KWH\/m, estes ser\u00e3o majorados em 3%, num \u00edndice que vai de 1 a 7%; Quem consome de 30 a 100 KW na zona urbana, o reajuste ser\u00e1 de 3%; Na zona urbana, o projeto isenta da taxa de ilumina\u00e7\u00e3o quem consome abaixo de 30 KW; Para a zona rural, ser\u00e1 isento da cobran\u00e7a, quem consome abaixo de 50 KW; Sum\u00e9 \u00e9 o terceiro maior munic\u00edpio da Para\u00edba, logo, a extens\u00e3o territorial rural \u00e9 enorme, s\u00e3o 540 km de estradas. Assim, o custo de manuten\u00e7\u00e3o da ilumina\u00e7\u00e3o na zona rural \u00e9 ainda maior; Quem consome acima de 100KW na zona rural \u00e9 que pagar\u00e1 7% sobre o valor fixado pela Aneel; Mesmo com o reajuste, a prefeitura ter\u00e1 que complementar recursos para o pagamento da ilumina\u00e7\u00e3o p\u00fablica; A prefeitura ir\u00e1 trocar as l\u00e2mpadas atuais por l\u00e2mpadas de LED, visando diminuir a conta da ilumina\u00e7\u00e3o p\u00fablica, possibilitando uma redu\u00e7\u00e3o da tarifa em breve; A Lei come\u00e7a a vigorar apenas em mar\u00e7o de 2019, cumprindo o prazo de 90 dias (noventena) para que se possa entrar em vigor; Fazemos a manuten\u00e7\u00e3o da ilumina\u00e7\u00e3o com duas equipes durante o dia e \u00e0 noite, circulando na zonas urbana e rural; Cobramos uma taxa de ilumina\u00e7\u00e3o p\u00fablica menor que a de outros munic\u00edpios; Caso a prefeitura, junto com a c\u00e2mara de vereadores, n\u00e3o realizassem esta medida, ter\u00edamos cerca de R$ 40 mil a menos todos os meses, tendo que fazer cortes na Sa\u00fade, na Educa\u00e7\u00e3o, Infraestrutura, na Agricultura entre outras \u00e1reas e servi\u00e7os importantes para a popula\u00e7\u00e3o. Assessoria de Imprensa \u2013 Prefeitura de Sum\u00e9","og_url":"https:\/\/noticiasemdestaque.com\/cd\/?p=14384","og_site_name":"Not&iacute;cias em Destaque","article_published_time":"2018-12-08T01:25:42+00:00","og_image":[{"width":735,"height":450,"url":"https:\/\/noticiasemdestaque.com\/cd\/wp-content\/uploads\/2018\/12\/DSC_0094-735x450.jpg","type":"image\/jpeg"}],"author":"Not\u00edcias em Destaque","twitter_card":"summary_large_image","twitter_misc":{"Escrito por":"Not\u00edcias em Destaque","Est. tempo de leitura":"2 minutos"},"schema":{"@context":"https:\/\/schema.org","@graph":[{"@type":"Article","@id":"https:\/\/noticiasemdestaque.com\/cd\/?p=14384#article","isPartOf":{"@id":"https:\/\/noticiasemdestaque.com\/cd\/?p=14384"},"author":{"name":"Not\u00edcias em Destaque","@id":"https:\/\/noticiasemdestaque.com\/cd\/#\/schema\/person\/47f7d4f55eec17c6b2ca036c5500f6ce"},"headline":"Nota Oficial sobre a Contribui\u00e7\u00e3o de Ilumina\u00e7\u00e3o P\u00fablica \u2013 Prefeitura de Sum\u00e9 (PB)","datePublished":"2018-12-08T01:25:42+00:00","mainEntityOfPage":{"@id":"https:\/\/noticiasemdestaque.com\/cd\/?p=14384"},"wordCount":417,"publisher":{"@id":"https:\/\/noticiasemdestaque.com\/cd\/#organization"},"image":{"@id":"https:\/\/noticiasemdestaque.com\/cd\/?p=14384#primaryimage"},"thumbnailUrl":"https:\/\/noticiasemdestaque.com\/cd\/wp-content\/uploads\/2018\/12\/DSC_0094-735x450.jpg","articleSection":["Cidades"],"inLanguage":"pt-BR"},{"@type":"WebPage","@id":"https:\/\/noticiasemdestaque.com\/cd\/?p=14384","url":"https:\/\/noticiasemdestaque.com\/cd\/?p=14384","name":"Nota Oficial sobre a Contribui\u00e7\u00e3o de Ilumina\u00e7\u00e3o P\u00fablica \u2013 Prefeitura de Sum\u00e9 (PB) - Not&iacute;cias em Destaque","isPartOf":{"@id":"https:\/\/noticiasemdestaque.com\/cd\/#website"},"primaryImageOfPage":{"@id":"https:\/\/noticiasemdestaque.com\/cd\/?p=14384#primaryimage"},"image":{"@id":"https:\/\/noticiasemdestaque.com\/cd\/?p=14384#primaryimage"},"thumbnailUrl":"https:\/\/noticiasemdestaque.com\/cd\/wp-content\/uploads\/2018\/12\/DSC_0094-735x450.jpg","datePublished":"2018-12-08T01:25:42+00:00","breadcrumb":{"@id":"https:\/\/noticiasemdestaque.com\/cd\/?p=14384#breadcrumb"},"inLanguage":"pt-BR","potentialAction":[{"@type":"ReadAction","target":["https:\/\/noticiasemdestaque.com\/cd\/?p=14384"]}]},{"@type":"ImageObject","inLanguage":"pt-BR","@id":"https:\/\/noticiasemdestaque.com\/cd\/?p=14384#primaryimage","url":"https:\/\/noticiasemdestaque.com\/cd\/wp-content\/uploads\/2018\/12\/DSC_0094-735x450.jpg","contentUrl":"https:\/\/noticiasemdestaque.com\/cd\/wp-content\/uploads\/2018\/12\/DSC_0094-735x450.jpg","width":735,"height":450},{"@type":"BreadcrumbList","@id":"https:\/\/noticiasemdestaque.com\/cd\/?p=14384#breadcrumb","itemListElement":[{"@type":"ListItem","position":1,"name":"In\u00edcio","item":"https:\/\/noticiasemdestaque.com\/cd\/"},{"@type":"ListItem","position":2,"name":"Nota Oficial sobre a Contribui\u00e7\u00e3o de Ilumina\u00e7\u00e3o P\u00fablica \u2013 Prefeitura de Sum\u00e9 (PB)"}]},{"@type":"WebSite","@id":"https:\/\/noticiasemdestaque.com\/cd\/#website","url":"https:\/\/noticiasemdestaque.com\/cd\/","name":"Not&iacute;cias em Destaque","description":"","publisher":{"@id":"https:\/\/noticiasemdestaque.com\/cd\/#organization"},"potentialAction":[{"@type":"SearchAction","target":{"@type":"EntryPoint","urlTemplate":"https:\/\/noticiasemdestaque.com\/cd\/?s={search_term_string}"},"query-input":{"@type":"PropertyValueSpecification","valueRequired":true,"valueName":"search_term_string"}}],"inLanguage":"pt-BR"},{"@type":"Organization","@id":"https:\/\/noticiasemdestaque.com\/cd\/#organization","name":"Not\u00edcias em Destaque","url":"https:\/\/noticiasemdestaque.com\/cd\/","logo":{"@type":"ImageObject","inLanguage":"pt-BR","@id":"https:\/\/noticiasemdestaque.com\/cd\/#\/schema\/logo\/image\/","url":"https:\/\/noticiasemdestaque.com\/cd\/wp-content\/uploads\/2022\/05\/imagem-base-noticiasemdestaque.png","contentUrl":"https:\/\/noticiasemdestaque.com\/cd\/wp-content\/uploads\/2022\/05\/imagem-base-noticiasemdestaque.png","width":1200,"height":630,"caption":"Not\u00edcias em Destaque"},"image":{"@id":"https:\/\/noticiasemdestaque.com\/cd\/#\/schema\/logo\/image\/"}},{"@type":"Person","@id":"https:\/\/noticiasemdestaque.com\/cd\/#\/schema\/person\/47f7d4f55eec17c6b2ca036c5500f6ce","name":"Not\u00edcias em Destaque","url":"https:\/\/noticiasemdestaque.com\/cd\/?author=2"}]}},"jetpack_featured_media_url":"https:\/\/noticiasemdestaque.com\/cd\/wp-content\/uploads\/2018\/12\/DSC_0094-735x450.jpg","jetpack_sharing_enabled":true,"_links":{"self":[{"href":"https:\/\/noticiasemdestaque.com\/cd\/index.php?rest_route=\/wp\/v2\/posts\/14384","targetHints":{"allow":["GET"]}}],"collection":[{"href":"https:\/\/noticiasemdestaque.com\/cd\/index.php?rest_route=\/wp\/v2\/posts"}],"about":[{"href":"https:\/\/noticiasemdestaque.com\/cd\/index.php?rest_route=\/wp\/v2\/types\/post"}],"author":[{"embeddable":true,"href":"https:\/\/noticiasemdestaque.com\/cd\/index.php?rest_route=\/wp\/v2\/users\/2"}],"replies":[{"embeddable":true,"href":"https:\/\/noticiasemdestaque.com\/cd\/index.php?rest_route=%2Fwp%2Fv2%2Fcomments&post=14384"}],"version-history":[{"count":1,"href":"https:\/\/noticiasemdestaque.com\/cd\/index.php?rest_route=\/wp\/v2\/posts\/14384\/revisions"}],"predecessor-version":[{"id":14386,"href":"https:\/\/noticiasemdestaque.com\/cd\/index.php?rest_route=\/wp\/v2\/posts\/14384\/revisions\/14386"}],"wp:featuredmedia":[{"embeddable":true,"href":"https:\/\/noticiasemdestaque.com\/cd\/index.php?rest_route=\/wp\/v2\/media\/14385"}],"wp:attachment":[{"href":"https:\/\/noticiasemdestaque.com\/cd\/index.php?rest_route=%2Fwp%2Fv2%2Fmedia&parent=14384"}],"wp:term":[{"taxonomy":"category","embeddable":true,"href":"https:\/\/noticiasemdestaque.com\/cd\/index.php?rest_route=%2Fwp%2Fv2%2Fcategories&post=14384"},{"taxonomy":"post_tag","embeddable":true,"href":"https:\/\/noticiasemdestaque.com\/cd\/index.php?rest_route=%2Fwp%2Fv2%2Ftags&post=14384"}],"curies":[{"name":"wp","href":"https:\/\/api.w.org\/{rel}","templated":true}]}}