{"id":14381,"date":"2018-12-07T22:31:37","date_gmt":"2018-12-08T01:31:37","guid":{"rendered":"http:\/\/noticiasemdestaque.com\/cd\/?p=14381"},"modified":"2018-12-07T22:36:33","modified_gmt":"2018-12-08T01:36:33","slug":"prefeito-eden-duarte-comenta-projeto-da-taxa-de-iluminacao-publica-e-afirma-que-as-pessoas-mais-carentes-serao-isentas","status":"publish","type":"post","link":"https:\/\/noticiasemdestaque.com\/cd\/?p=14381","title":{"rendered":"Prefeito \u00c9den Duarte comenta projeto da taxa de ilumina\u00e7\u00e3o p\u00fablica e afirma que as pessoas mais carentes ser\u00e3o isentas"},"content":{"rendered":"<figure id=\"attachment_9646\" aria-describedby=\"caption-attachment-9646\" style=\"width: 1024px\" class=\"wp-caption alignnone\"><a href=\"https:\/\/noticiasemdestaque.com\/cd\/wp-content\/uploads\/2018\/04\/DSC_0380.jpg\"><img fetchpriority=\"high\" decoding=\"async\" class=\"size-large wp-image-9646\" src=\"https:\/\/noticiasemdestaque.com\/cd\/wp-content\/uploads\/2018\/04\/DSC_0380-1024x681.jpg\" alt=\"\" width=\"1024\" height=\"681\" srcset=\"https:\/\/noticiasemdestaque.com\/cd\/wp-content\/uploads\/2018\/04\/DSC_0380.jpg 1024w, https:\/\/noticiasemdestaque.com\/cd\/wp-content\/uploads\/2018\/04\/DSC_0380-300x200.jpg 300w, https:\/\/noticiasemdestaque.com\/cd\/wp-content\/uploads\/2018\/04\/DSC_0380-768x511.jpg 768w, https:\/\/noticiasemdestaque.com\/cd\/wp-content\/uploads\/2018\/04\/DSC_0380-480x320.jpg 480w\" sizes=\"(max-width: 1024px) 100vw, 1024px\" \/><\/a><figcaption id=\"caption-attachment-9646\" class=\"wp-caption-text\">\u00c9den Duarte-prefeito de Sum\u00e9<\/figcaption><\/figure>\n<p>O prefeito de Sum\u00e9 \u00c9den Duarte\u00a0 comentou em entrevista a R\u00e1dio 95 FM o projeto de autoria do Executivo que reajusta os valores da taxa de ilumina\u00e7\u00e3o p\u00fablica, aprovado na \u00faltima ter\u00e7a-feira na C\u00e2mara de Vereadores.<\/p>\n<p>O projeto aprovado segue as normativas da Ag\u00eancia Nacional de Energia El\u00e9trica (Aneel). Na zona urbana, o projeto isenta da taxa de ilumina\u00e7\u00e3o p\u00fablica para quem consome abaixo de 30 KWh, as pessoas que consomem de 30 a 100KWh na zona urbana o reajuste ser\u00e1 de 3%.<\/p>\n<p>Para zona rural, quem consome abaixo de 50KWh ser\u00e1 isento da cobran\u00e7a, quem consome acima de 100 KWh na zona rural \u00e9 que pagar\u00e1 7,0% sobre o valor fixado pela Aneel.<\/p>\n<p>De acordo com o prefeito, no m\u00eas de dezembro a ENERGISA fez a recontagem de todos os pontos de ilumina\u00e7\u00e3o da cidade, o munic\u00edpio passou de 2.089 para 3.837 pontos instalados, com esse crescimento houve um aumento de quase 40 mil reais na fatura da ilumina\u00e7\u00e3o p\u00fablica.<\/p>\n<p>Segundo o prefeito \u00c9den Duarte, se a gest\u00e3o n\u00e3o encaminhasse o projeto de reajuste da tarifa, seria necess\u00e1rio realizar cortes da Agricultura, Infraestrutura ou at\u00e9 mesmo na Educa\u00e7\u00e3o.<\/p>\n<p>O gestor informou que mesmo com o reajuste ser\u00e1 necess\u00e1rio complementar recursos para o pagamento da conta da ilumina\u00e7\u00e3o p\u00fablica e disse que \u00a0a Prefeitura pretende trocar as l\u00e2mpadas atuais por l\u00e2mpadas de LED, visando diminuir a conta da ilumina\u00e7\u00e3o p\u00fablica, possibilitando a redu\u00e7\u00e3o da tarifa em breve.<\/p>\n<p>\u00c9den Duarte lembrou ainda, que Sum\u00e9 \u00e9 o 4\u00ba maior munic\u00edpio da Para\u00edba em extens\u00e3o territorial, s\u00e3o 540 KM de estradas, assim, o custo de manuten\u00e7\u00e3o da Ilumina\u00e7\u00e3o na zona rural \u00e9 ainda maior, Ou\u00e7a:<\/p>\n<!--[if lt IE 9]><script>document.createElement('audio');<\/script><![endif]-->\n\t<div class=\"wp-playlist wp-audio-playlist wp-playlist-light\">\n\t\t\t<div class=\"wp-playlist-current-item\"><\/div>\n\t\t<audio controls=\"controls\" preload=\"none\" width=\"778\"\n\t\t\t><\/audio>\n\t<div class=\"wp-playlist-next\"><\/div>\n\t<div class=\"wp-playlist-prev\"><\/div>\n\t<noscript>\n\t<ol>\n\t\t<li><a href='https:\/\/noticiasemdestaque.com\/cd\/wp-content\/uploads\/2018\/12\/\u00c9DEN-DUARTE.mp3'>\u00c9DEN DUARTE<\/a><\/li>\t<\/ol>\n\t<\/noscript>\n\t<script type=\"application\/json\" class=\"wp-playlist-script\">{\"type\":\"audio\",\"tracklist\":true,\"tracknumbers\":true,\"images\":true,\"artists\":true,\"tracks\":[{\"src\":\"https:\\\/\\\/noticiasemdestaque.com\\\/cd\\\/wp-content\\\/uploads\\\/2018\\\/12\\\/\\u00c9DEN-DUARTE.mp3\",\"type\":\"audio\\\/mpeg\",\"title\":\"\\u00c9DEN DUARTE\",\"caption\":\"\",\"description\":\"\\\"\\u00c9DEN DUARTE\\\". Lan\\u00e7ado: 2018. G\\u00eanero: Blues.\",\"meta\":{\"genre\":\"Blues\",\"year\":\"2018\",\"length_formatted\":\"11:33\"},\"image\":{\"src\":\"https:\\\/\\\/noticiasemdestaque.com\\\/cd\\\/wp-includes\\\/images\\\/media\\\/audio.svg\",\"width\":48,\"height\":64},\"thumb\":{\"src\":\"https:\\\/\\\/noticiasemdestaque.com\\\/cd\\\/wp-includes\\\/images\\\/media\\\/audio.svg\",\"width\":48,\"height\":64}}]}<\/script>\n<\/div>\n\t\n<p><em><strong>Not\u00edcias em Destaque<\/strong><\/em><\/p>\n<p>Com 95 FM<\/p>\n","protected":false},"excerpt":{"rendered":"<p>O prefeito de Sum\u00e9 \u00c9den Duarte\u00a0 comentou em entrevista a R\u00e1dio 95 FM o projeto de autoria do Executivo que reajusta os valores da taxa de ilumina\u00e7\u00e3o p\u00fablica, aprovado na \u00faltima ter\u00e7a-feira na C\u00e2mara de Vereadores. O projeto aprovado segue as normativas da Ag\u00eancia Nacional de Energia El\u00e9trica (Aneel). Na zona urbana, o projeto isenta da taxa de ilumina\u00e7\u00e3o p\u00fablica para quem consome abaixo de 30 KWh, as pessoas que consomem de 30 a 100KWh na zona urbana o reajuste ser\u00e1 de 3%. Para zona rural, quem consome abaixo de 50KWh ser\u00e1 isento da cobran\u00e7a, quem consome acima de 100 KWh na zona rural \u00e9 que pagar\u00e1 7,0% sobre o valor fixado pela Aneel. De acordo com o prefeito, no m\u00eas de dezembro a ENERGISA fez a recontagem de todos os pontos de ilumina\u00e7\u00e3o da cidade, o munic\u00edpio passou de 2.089 para 3.837 pontos instalados, com esse crescimento houve um aumento de quase 40 mil reais na fatura da ilumina\u00e7\u00e3o p\u00fablica. Segundo o prefeito \u00c9den Duarte, se a gest\u00e3o n\u00e3o encaminhasse o projeto de reajuste da tarifa, seria necess\u00e1rio realizar cortes da Agricultura, Infraestrutura ou at\u00e9 mesmo na Educa\u00e7\u00e3o. O gestor informou que mesmo com o reajuste ser\u00e1 necess\u00e1rio complementar recursos para o pagamento da conta da ilumina\u00e7\u00e3o p\u00fablica e disse que \u00a0a Prefeitura pretende trocar as l\u00e2mpadas atuais por l\u00e2mpadas de LED, visando diminuir a conta da ilumina\u00e7\u00e3o p\u00fablica, possibilitando a redu\u00e7\u00e3o da tarifa em breve. \u00c9den Duarte lembrou ainda, que Sum\u00e9 \u00e9 o 4\u00ba maior munic\u00edpio da Para\u00edba em extens\u00e3o territorial, s\u00e3o 540 KM de estradas, assim, o custo de manuten\u00e7\u00e3o da Ilumina\u00e7\u00e3o na zona rural \u00e9 ainda maior, Ou\u00e7a: Not\u00edcias em Destaque Com 95 FM<\/p>\n","protected":false},"author":2,"featured_media":9646,"comment_status":"closed","ping_status":"open","sticky":false,"template":"","format":"standard","meta":{"_eb_attr":"","_jetpack_memberships_contains_paid_content":false,"footnotes":""},"categories":[4],"tags":[],"class_list":["post-14381","post","type-post","status-publish","format-standard","has-post-thumbnail","hentry","category-politica"],"yoast_head":"<!-- This site is optimized with the Yoast SEO plugin v26.5 - https:\/\/yoast.com\/wordpress\/plugins\/seo\/ -->\n<title>Prefeito \u00c9den Duarte comenta projeto da taxa de ilumina\u00e7\u00e3o p\u00fablica e afirma que as pessoas mais carentes ser\u00e3o isentas - Not&iacute;cias em Destaque<\/title>\n<meta name=\"robots\" content=\"index, follow, max-snippet:-1, max-image-preview:large, max-video-preview:-1\" \/>\n<link rel=\"canonical\" href=\"https:\/\/noticiasemdestaque.com\/cd\/?p=14381\" \/>\n<meta property=\"og:locale\" content=\"pt_BR\" \/>\n<meta property=\"og:type\" content=\"article\" \/>\n<meta property=\"og:title\" content=\"Prefeito \u00c9den Duarte comenta projeto da taxa de ilumina\u00e7\u00e3o p\u00fablica e afirma que as pessoas mais carentes ser\u00e3o isentas - Not&iacute;cias em Destaque\" \/>\n<meta property=\"og:description\" content=\"O prefeito de Sum\u00e9 \u00c9den Duarte\u00a0 comentou em entrevista a R\u00e1dio 95 FM o projeto de autoria do Executivo que reajusta os valores da taxa de ilumina\u00e7\u00e3o p\u00fablica, aprovado na \u00faltima ter\u00e7a-feira na C\u00e2mara de Vereadores. O projeto aprovado segue as normativas da Ag\u00eancia Nacional de Energia El\u00e9trica (Aneel). Na zona urbana, o projeto isenta da taxa de ilumina\u00e7\u00e3o p\u00fablica para quem consome abaixo de 30 KWh, as pessoas que consomem de 30 a 100KWh na zona urbana o reajuste ser\u00e1 de 3%. Para zona rural, quem consome abaixo de 50KWh ser\u00e1 isento da cobran\u00e7a, quem consome acima de 100 KWh na zona rural \u00e9 que pagar\u00e1 7,0% sobre o valor fixado pela Aneel. De acordo com o prefeito, no m\u00eas de dezembro a ENERGISA fez a recontagem de todos os pontos de ilumina\u00e7\u00e3o da cidade, o munic\u00edpio passou de 2.089 para 3.837 pontos instalados, com esse crescimento houve um aumento de quase 40 mil reais na fatura da ilumina\u00e7\u00e3o p\u00fablica. Segundo o prefeito \u00c9den Duarte, se a gest\u00e3o n\u00e3o encaminhasse o projeto de reajuste da tarifa, seria necess\u00e1rio realizar cortes da Agricultura, Infraestrutura ou at\u00e9 mesmo na Educa\u00e7\u00e3o. O gestor informou que mesmo com o reajuste ser\u00e1 necess\u00e1rio complementar recursos para o pagamento da conta da ilumina\u00e7\u00e3o p\u00fablica e disse que \u00a0a Prefeitura pretende trocar as l\u00e2mpadas atuais por l\u00e2mpadas de LED, visando diminuir a conta da ilumina\u00e7\u00e3o p\u00fablica, possibilitando a redu\u00e7\u00e3o da tarifa em breve. \u00c9den Duarte lembrou ainda, que Sum\u00e9 \u00e9 o 4\u00ba maior munic\u00edpio da Para\u00edba em extens\u00e3o territorial, s\u00e3o 540 KM de estradas, assim, o custo de manuten\u00e7\u00e3o da Ilumina\u00e7\u00e3o na zona rural \u00e9 ainda maior, Ou\u00e7a: Not\u00edcias em Destaque Com 95 FM\" \/>\n<meta property=\"og:url\" content=\"https:\/\/noticiasemdestaque.com\/cd\/?p=14381\" \/>\n<meta property=\"og:site_name\" content=\"Not&iacute;cias em Destaque\" \/>\n<meta property=\"article:published_time\" content=\"2018-12-08T01:31:37+00:00\" \/>\n<meta property=\"article:modified_time\" content=\"2018-12-08T01:36:33+00:00\" \/>\n<meta property=\"og:image\" content=\"https:\/\/noticiasemdestaque.com\/cd\/wp-content\/uploads\/2018\/04\/DSC_0380.jpg\" \/>\n\t<meta property=\"og:image:width\" content=\"1024\" \/>\n\t<meta property=\"og:image:height\" content=\"681\" \/>\n\t<meta property=\"og:image:type\" content=\"image\/jpeg\" \/>\n<meta name=\"author\" content=\"Not\u00edcias em Destaque\" \/>\n<meta name=\"twitter:card\" content=\"summary_large_image\" \/>\n<meta name=\"twitter:label1\" content=\"Escrito por\" \/>\n\t<meta name=\"twitter:data1\" content=\"Not\u00edcias em Destaque\" \/>\n\t<meta name=\"twitter:label2\" content=\"Est. tempo de leitura\" \/>\n\t<meta name=\"twitter:data2\" content=\"2 minutos\" \/>\n<script type=\"application\/ld+json\" class=\"yoast-schema-graph\">{\"@context\":\"https:\/\/schema.org\",\"@graph\":[{\"@type\":\"Article\",\"@id\":\"https:\/\/noticiasemdestaque.com\/cd\/?p=14381#article\",\"isPartOf\":{\"@id\":\"https:\/\/noticiasemdestaque.com\/cd\/?p=14381\"},\"author\":{\"name\":\"Not\u00edcias em Destaque\",\"@id\":\"https:\/\/noticiasemdestaque.com\/cd\/#\/schema\/person\/47f7d4f55eec17c6b2ca036c5500f6ce\"},\"headline\":\"Prefeito \u00c9den Duarte comenta projeto da taxa de ilumina\u00e7\u00e3o p\u00fablica e afirma que as pessoas mais carentes ser\u00e3o isentas\",\"datePublished\":\"2018-12-08T01:31:37+00:00\",\"dateModified\":\"2018-12-08T01:36:33+00:00\",\"mainEntityOfPage\":{\"@id\":\"https:\/\/noticiasemdestaque.com\/cd\/?p=14381\"},\"wordCount\":333,\"publisher\":{\"@id\":\"https:\/\/noticiasemdestaque.com\/cd\/#organization\"},\"image\":{\"@id\":\"https:\/\/noticiasemdestaque.com\/cd\/?p=14381#primaryimage\"},\"thumbnailUrl\":\"https:\/\/noticiasemdestaque.com\/cd\/wp-content\/uploads\/2018\/04\/DSC_0380.jpg\",\"articleSection\":[\"Pol\u00edtica\"],\"inLanguage\":\"pt-BR\"},{\"@type\":\"WebPage\",\"@id\":\"https:\/\/noticiasemdestaque.com\/cd\/?p=14381\",\"url\":\"https:\/\/noticiasemdestaque.com\/cd\/?p=14381\",\"name\":\"Prefeito \u00c9den Duarte comenta projeto da taxa de ilumina\u00e7\u00e3o p\u00fablica e afirma que as pessoas mais carentes ser\u00e3o isentas - Not&iacute;cias em Destaque\",\"isPartOf\":{\"@id\":\"https:\/\/noticiasemdestaque.com\/cd\/#website\"},\"primaryImageOfPage\":{\"@id\":\"https:\/\/noticiasemdestaque.com\/cd\/?p=14381#primaryimage\"},\"image\":{\"@id\":\"https:\/\/noticiasemdestaque.com\/cd\/?p=14381#primaryimage\"},\"thumbnailUrl\":\"https:\/\/noticiasemdestaque.com\/cd\/wp-content\/uploads\/2018\/04\/DSC_0380.jpg\",\"datePublished\":\"2018-12-08T01:31:37+00:00\",\"dateModified\":\"2018-12-08T01:36:33+00:00\",\"breadcrumb\":{\"@id\":\"https:\/\/noticiasemdestaque.com\/cd\/?p=14381#breadcrumb\"},\"inLanguage\":\"pt-BR\",\"potentialAction\":[{\"@type\":\"ReadAction\",\"target\":[\"https:\/\/noticiasemdestaque.com\/cd\/?p=14381\"]}]},{\"@type\":\"ImageObject\",\"inLanguage\":\"pt-BR\",\"@id\":\"https:\/\/noticiasemdestaque.com\/cd\/?p=14381#primaryimage\",\"url\":\"https:\/\/noticiasemdestaque.com\/cd\/wp-content\/uploads\/2018\/04\/DSC_0380.jpg\",\"contentUrl\":\"https:\/\/noticiasemdestaque.com\/cd\/wp-content\/uploads\/2018\/04\/DSC_0380.jpg\",\"width\":1024,\"height\":681,\"caption\":\"????????????????????????????????????\"},{\"@type\":\"BreadcrumbList\",\"@id\":\"https:\/\/noticiasemdestaque.com\/cd\/?p=14381#breadcrumb\",\"itemListElement\":[{\"@type\":\"ListItem\",\"position\":1,\"name\":\"In\u00edcio\",\"item\":\"https:\/\/noticiasemdestaque.com\/cd\/\"},{\"@type\":\"ListItem\",\"position\":2,\"name\":\"Prefeito \u00c9den Duarte comenta projeto da taxa de ilumina\u00e7\u00e3o p\u00fablica e afirma que as pessoas mais carentes ser\u00e3o isentas\"}]},{\"@type\":\"WebSite\",\"@id\":\"https:\/\/noticiasemdestaque.com\/cd\/#website\",\"url\":\"https:\/\/noticiasemdestaque.com\/cd\/\",\"name\":\"Not&iacute;cias em Destaque\",\"description\":\"\",\"publisher\":{\"@id\":\"https:\/\/noticiasemdestaque.com\/cd\/#organization\"},\"potentialAction\":[{\"@type\":\"SearchAction\",\"target\":{\"@type\":\"EntryPoint\",\"urlTemplate\":\"https:\/\/noticiasemdestaque.com\/cd\/?s={search_term_string}\"},\"query-input\":{\"@type\":\"PropertyValueSpecification\",\"valueRequired\":true,\"valueName\":\"search_term_string\"}}],\"inLanguage\":\"pt-BR\"},{\"@type\":\"Organization\",\"@id\":\"https:\/\/noticiasemdestaque.com\/cd\/#organization\",\"name\":\"Not\u00edcias em Destaque\",\"url\":\"https:\/\/noticiasemdestaque.com\/cd\/\",\"logo\":{\"@type\":\"ImageObject\",\"inLanguage\":\"pt-BR\",\"@id\":\"https:\/\/noticiasemdestaque.com\/cd\/#\/schema\/logo\/image\/\",\"url\":\"https:\/\/noticiasemdestaque.com\/cd\/wp-content\/uploads\/2022\/05\/imagem-base-noticiasemdestaque.png\",\"contentUrl\":\"https:\/\/noticiasemdestaque.com\/cd\/wp-content\/uploads\/2022\/05\/imagem-base-noticiasemdestaque.png\",\"width\":1200,\"height\":630,\"caption\":\"Not\u00edcias em Destaque\"},\"image\":{\"@id\":\"https:\/\/noticiasemdestaque.com\/cd\/#\/schema\/logo\/image\/\"}},{\"@type\":\"Person\",\"@id\":\"https:\/\/noticiasemdestaque.com\/cd\/#\/schema\/person\/47f7d4f55eec17c6b2ca036c5500f6ce\",\"name\":\"Not\u00edcias em Destaque\",\"url\":\"https:\/\/noticiasemdestaque.com\/cd\/?author=2\"}]}<\/script>\n<!-- \/ Yoast SEO plugin. -->","yoast_head_json":{"title":"Prefeito \u00c9den Duarte comenta projeto da taxa de ilumina\u00e7\u00e3o p\u00fablica e afirma que as pessoas mais carentes ser\u00e3o isentas - Not&iacute;cias em Destaque","robots":{"index":"index","follow":"follow","max-snippet":"max-snippet:-1","max-image-preview":"max-image-preview:large","max-video-preview":"max-video-preview:-1"},"canonical":"https:\/\/noticiasemdestaque.com\/cd\/?p=14381","og_locale":"pt_BR","og_type":"article","og_title":"Prefeito \u00c9den Duarte comenta projeto da taxa de ilumina\u00e7\u00e3o p\u00fablica e afirma que as pessoas mais carentes ser\u00e3o isentas - Not&iacute;cias em Destaque","og_description":"O prefeito de Sum\u00e9 \u00c9den Duarte\u00a0 comentou em entrevista a R\u00e1dio 95 FM o projeto de autoria do Executivo que reajusta os valores da taxa de ilumina\u00e7\u00e3o p\u00fablica, aprovado na \u00faltima ter\u00e7a-feira na C\u00e2mara de Vereadores. O projeto aprovado segue as normativas da Ag\u00eancia Nacional de Energia El\u00e9trica (Aneel). Na zona urbana, o projeto isenta da taxa de ilumina\u00e7\u00e3o p\u00fablica para quem consome abaixo de 30 KWh, as pessoas que consomem de 30 a 100KWh na zona urbana o reajuste ser\u00e1 de 3%. Para zona rural, quem consome abaixo de 50KWh ser\u00e1 isento da cobran\u00e7a, quem consome acima de 100 KWh na zona rural \u00e9 que pagar\u00e1 7,0% sobre o valor fixado pela Aneel. De acordo com o prefeito, no m\u00eas de dezembro a ENERGISA fez a recontagem de todos os pontos de ilumina\u00e7\u00e3o da cidade, o munic\u00edpio passou de 2.089 para 3.837 pontos instalados, com esse crescimento houve um aumento de quase 40 mil reais na fatura da ilumina\u00e7\u00e3o p\u00fablica. Segundo o prefeito \u00c9den Duarte, se a gest\u00e3o n\u00e3o encaminhasse o projeto de reajuste da tarifa, seria necess\u00e1rio realizar cortes da Agricultura, Infraestrutura ou at\u00e9 mesmo na Educa\u00e7\u00e3o. O gestor informou que mesmo com o reajuste ser\u00e1 necess\u00e1rio complementar recursos para o pagamento da conta da ilumina\u00e7\u00e3o p\u00fablica e disse que \u00a0a Prefeitura pretende trocar as l\u00e2mpadas atuais por l\u00e2mpadas de LED, visando diminuir a conta da ilumina\u00e7\u00e3o p\u00fablica, possibilitando a redu\u00e7\u00e3o da tarifa em breve. \u00c9den Duarte lembrou ainda, que Sum\u00e9 \u00e9 o 4\u00ba maior munic\u00edpio da Para\u00edba em extens\u00e3o territorial, s\u00e3o 540 KM de estradas, assim, o custo de manuten\u00e7\u00e3o da Ilumina\u00e7\u00e3o na zona rural \u00e9 ainda maior, Ou\u00e7a: Not\u00edcias em Destaque Com 95 FM","og_url":"https:\/\/noticiasemdestaque.com\/cd\/?p=14381","og_site_name":"Not&iacute;cias em Destaque","article_published_time":"2018-12-08T01:31:37+00:00","article_modified_time":"2018-12-08T01:36:33+00:00","og_image":[{"width":1024,"height":681,"url":"https:\/\/noticiasemdestaque.com\/cd\/wp-content\/uploads\/2018\/04\/DSC_0380.jpg","type":"image\/jpeg"}],"author":"Not\u00edcias em Destaque","twitter_card":"summary_large_image","twitter_misc":{"Escrito por":"Not\u00edcias em Destaque","Est. tempo de leitura":"2 minutos"},"schema":{"@context":"https:\/\/schema.org","@graph":[{"@type":"Article","@id":"https:\/\/noticiasemdestaque.com\/cd\/?p=14381#article","isPartOf":{"@id":"https:\/\/noticiasemdestaque.com\/cd\/?p=14381"},"author":{"name":"Not\u00edcias em Destaque","@id":"https:\/\/noticiasemdestaque.com\/cd\/#\/schema\/person\/47f7d4f55eec17c6b2ca036c5500f6ce"},"headline":"Prefeito \u00c9den Duarte comenta projeto da taxa de ilumina\u00e7\u00e3o p\u00fablica e afirma que as pessoas mais carentes ser\u00e3o isentas","datePublished":"2018-12-08T01:31:37+00:00","dateModified":"2018-12-08T01:36:33+00:00","mainEntityOfPage":{"@id":"https:\/\/noticiasemdestaque.com\/cd\/?p=14381"},"wordCount":333,"publisher":{"@id":"https:\/\/noticiasemdestaque.com\/cd\/#organization"},"image":{"@id":"https:\/\/noticiasemdestaque.com\/cd\/?p=14381#primaryimage"},"thumbnailUrl":"https:\/\/noticiasemdestaque.com\/cd\/wp-content\/uploads\/2018\/04\/DSC_0380.jpg","articleSection":["Pol\u00edtica"],"inLanguage":"pt-BR"},{"@type":"WebPage","@id":"https:\/\/noticiasemdestaque.com\/cd\/?p=14381","url":"https:\/\/noticiasemdestaque.com\/cd\/?p=14381","name":"Prefeito \u00c9den Duarte comenta projeto da taxa de ilumina\u00e7\u00e3o p\u00fablica e afirma que as pessoas mais carentes ser\u00e3o isentas - Not&iacute;cias em Destaque","isPartOf":{"@id":"https:\/\/noticiasemdestaque.com\/cd\/#website"},"primaryImageOfPage":{"@id":"https:\/\/noticiasemdestaque.com\/cd\/?p=14381#primaryimage"},"image":{"@id":"https:\/\/noticiasemdestaque.com\/cd\/?p=14381#primaryimage"},"thumbnailUrl":"https:\/\/noticiasemdestaque.com\/cd\/wp-content\/uploads\/2018\/04\/DSC_0380.jpg","datePublished":"2018-12-08T01:31:37+00:00","dateModified":"2018-12-08T01:36:33+00:00","breadcrumb":{"@id":"https:\/\/noticiasemdestaque.com\/cd\/?p=14381#breadcrumb"},"inLanguage":"pt-BR","potentialAction":[{"@type":"ReadAction","target":["https:\/\/noticiasemdestaque.com\/cd\/?p=14381"]}]},{"@type":"ImageObject","inLanguage":"pt-BR","@id":"https:\/\/noticiasemdestaque.com\/cd\/?p=14381#primaryimage","url":"https:\/\/noticiasemdestaque.com\/cd\/wp-content\/uploads\/2018\/04\/DSC_0380.jpg","contentUrl":"https:\/\/noticiasemdestaque.com\/cd\/wp-content\/uploads\/2018\/04\/DSC_0380.jpg","width":1024,"height":681,"caption":"????????????????????????????????????"},{"@type":"BreadcrumbList","@id":"https:\/\/noticiasemdestaque.com\/cd\/?p=14381#breadcrumb","itemListElement":[{"@type":"ListItem","position":1,"name":"In\u00edcio","item":"https:\/\/noticiasemdestaque.com\/cd\/"},{"@type":"ListItem","position":2,"name":"Prefeito \u00c9den Duarte comenta projeto da taxa de ilumina\u00e7\u00e3o p\u00fablica e afirma que as pessoas mais carentes ser\u00e3o isentas"}]},{"@type":"WebSite","@id":"https:\/\/noticiasemdestaque.com\/cd\/#website","url":"https:\/\/noticiasemdestaque.com\/cd\/","name":"Not&iacute;cias em Destaque","description":"","publisher":{"@id":"https:\/\/noticiasemdestaque.com\/cd\/#organization"},"potentialAction":[{"@type":"SearchAction","target":{"@type":"EntryPoint","urlTemplate":"https:\/\/noticiasemdestaque.com\/cd\/?s={search_term_string}"},"query-input":{"@type":"PropertyValueSpecification","valueRequired":true,"valueName":"search_term_string"}}],"inLanguage":"pt-BR"},{"@type":"Organization","@id":"https:\/\/noticiasemdestaque.com\/cd\/#organization","name":"Not\u00edcias em Destaque","url":"https:\/\/noticiasemdestaque.com\/cd\/","logo":{"@type":"ImageObject","inLanguage":"pt-BR","@id":"https:\/\/noticiasemdestaque.com\/cd\/#\/schema\/logo\/image\/","url":"https:\/\/noticiasemdestaque.com\/cd\/wp-content\/uploads\/2022\/05\/imagem-base-noticiasemdestaque.png","contentUrl":"https:\/\/noticiasemdestaque.com\/cd\/wp-content\/uploads\/2022\/05\/imagem-base-noticiasemdestaque.png","width":1200,"height":630,"caption":"Not\u00edcias em Destaque"},"image":{"@id":"https:\/\/noticiasemdestaque.com\/cd\/#\/schema\/logo\/image\/"}},{"@type":"Person","@id":"https:\/\/noticiasemdestaque.com\/cd\/#\/schema\/person\/47f7d4f55eec17c6b2ca036c5500f6ce","name":"Not\u00edcias em Destaque","url":"https:\/\/noticiasemdestaque.com\/cd\/?author=2"}]}},"jetpack_featured_media_url":"https:\/\/noticiasemdestaque.com\/cd\/wp-content\/uploads\/2018\/04\/DSC_0380.jpg","jetpack_sharing_enabled":true,"_links":{"self":[{"href":"https:\/\/noticiasemdestaque.com\/cd\/index.php?rest_route=\/wp\/v2\/posts\/14381","targetHints":{"allow":["GET"]}}],"collection":[{"href":"https:\/\/noticiasemdestaque.com\/cd\/index.php?rest_route=\/wp\/v2\/posts"}],"about":[{"href":"https:\/\/noticiasemdestaque.com\/cd\/index.php?rest_route=\/wp\/v2\/types\/post"}],"author":[{"embeddable":true,"href":"https:\/\/noticiasemdestaque.com\/cd\/index.php?rest_route=\/wp\/v2\/users\/2"}],"replies":[{"embeddable":true,"href":"https:\/\/noticiasemdestaque.com\/cd\/index.php?rest_route=%2Fwp%2Fv2%2Fcomments&post=14381"}],"version-history":[{"count":4,"href":"https:\/\/noticiasemdestaque.com\/cd\/index.php?rest_route=\/wp\/v2\/posts\/14381\/revisions"}],"predecessor-version":[{"id":14389,"href":"https:\/\/noticiasemdestaque.com\/cd\/index.php?rest_route=\/wp\/v2\/posts\/14381\/revisions\/14389"}],"wp:featuredmedia":[{"embeddable":true,"href":"https:\/\/noticiasemdestaque.com\/cd\/index.php?rest_route=\/wp\/v2\/media\/9646"}],"wp:attachment":[{"href":"https:\/\/noticiasemdestaque.com\/cd\/index.php?rest_route=%2Fwp%2Fv2%2Fmedia&parent=14381"}],"wp:term":[{"taxonomy":"category","embeddable":true,"href":"https:\/\/noticiasemdestaque.com\/cd\/index.php?rest_route=%2Fwp%2Fv2%2Fcategories&post=14381"},{"taxonomy":"post_tag","embeddable":true,"href":"https:\/\/noticiasemdestaque.com\/cd\/index.php?rest_route=%2Fwp%2Fv2%2Ftags&post=14381"}],"curies":[{"name":"wp","href":"https:\/\/api.w.org\/{rel}","templated":true}]}}