{"id":14378,"date":"2018-12-07T07:13:44","date_gmt":"2018-12-07T10:13:44","guid":{"rendered":"http:\/\/noticiasemdestaque.com\/cd\/?p=14378"},"modified":"2018-12-07T07:13:44","modified_gmt":"2018-12-07T10:13:44","slug":"prefeito-de-sao-jose-dos-cordeiros-assina-convenio-de-900-mil-para-investimentos-no-cisco","status":"publish","type":"post","link":"https:\/\/noticiasemdestaque.com\/cd\/?p=14378","title":{"rendered":"Prefeito de S\u00e3o Jos\u00e9 dos Cordeiros assina conv\u00eanio de 900 mil para investimentos no CISCO"},"content":{"rendered":"<p><a href=\"https:\/\/noticiasemdestaque.com\/cd\/wp-content\/uploads\/2018\/12\/cordeiros-600x381.jpg\"><img fetchpriority=\"high\" decoding=\"async\" class=\"alignnone size-full wp-image-14379\" src=\"https:\/\/noticiasemdestaque.com\/cd\/wp-content\/uploads\/2018\/12\/cordeiros-600x381.jpg\" alt=\"\" width=\"600\" height=\"381\" srcset=\"https:\/\/noticiasemdestaque.com\/cd\/wp-content\/uploads\/2018\/12\/cordeiros-600x381.jpg 600w, https:\/\/noticiasemdestaque.com\/cd\/wp-content\/uploads\/2018\/12\/cordeiros-600x381-300x191.jpg 300w\" sizes=\"(max-width: 600px) 100vw, 600px\" \/><\/a><\/p>\n<p>Na manh\u00e3 desta \u00faltima quarta-feira (05), o prefeito de S\u00e3o Jos\u00e9 dos Cordeiros, Jefferson Roberto, atual presidente do CISCO (Cons\u00f3rcio Intermunicipal de Sa\u00fade), assinou em Jo\u00e3o Pessoa um conv\u00eanio com o Minist\u00e9rio da Sa\u00fade para investimentos nos servi\u00e7os do cons\u00f3rcio.<\/p>\n<p>Jefferson esteve acompanhado do t\u00e9cnico S\u00e9rgio Sousa na assinatura do conv\u00eanio, que representar\u00e1 um investimento de R$ 899.928,000 oriundos de emendas parlamentares do Deputado Federal Luiz Couto e do Senador C\u00e1ssio Cunha Lima.<\/p>\n<p>Com a assinatura do pleito, ser\u00e3o adquiridos novos equipamentos que ir\u00e1 modernizar o setor de oftalmologia e as demais especialidades do CISCO.<\/p>\n<p>Jefferson Roberto se sentiu agradecido pela emenda dos deputados C\u00e1ssio Cunha Lima e Luiz Couto e agradeceu o compromisso dos parlamentares. \u201cEm nome das 18 cidades que comp\u00f5em o CISCO agradecemos o empenho dos nossos parlamentares e da nossa equipe de trabalho, que se empenhou at\u00e9 a assinatura do conv\u00eanio. Agora vamos aguardar a libera\u00e7\u00e3o dos recursos e os tr\u00e2mites legais do conv\u00eanio\u201d, agradeceu Jefferson Roberto.<\/p>\n<p>Fonte: De olho no cariri<\/p>\n","protected":false},"excerpt":{"rendered":"<p>Na manh\u00e3 desta \u00faltima quarta-feira (05), o prefeito de S\u00e3o Jos\u00e9 dos Cordeiros, Jefferson Roberto, atual presidente do CISCO (Cons\u00f3rcio Intermunicipal de Sa\u00fade), assinou em Jo\u00e3o Pessoa um conv\u00eanio com o Minist\u00e9rio da Sa\u00fade para investimentos nos servi\u00e7os do cons\u00f3rcio. Jefferson esteve acompanhado do t\u00e9cnico S\u00e9rgio Sousa na assinatura do conv\u00eanio, que representar\u00e1 um investimento de R$ 899.928,000 oriundos de emendas parlamentares do Deputado Federal Luiz Couto e do Senador C\u00e1ssio Cunha Lima. Com a assinatura do pleito, ser\u00e3o adquiridos novos equipamentos que ir\u00e1 modernizar o setor de oftalmologia e as demais especialidades do CISCO. Jefferson Roberto se sentiu agradecido pela emenda dos deputados C\u00e1ssio Cunha Lima e Luiz Couto e agradeceu o compromisso dos parlamentares. \u201cEm nome das 18 cidades que comp\u00f5em o CISCO agradecemos o empenho dos nossos parlamentares e da nossa equipe de trabalho, que se empenhou at\u00e9 a assinatura do conv\u00eanio. Agora vamos aguardar a libera\u00e7\u00e3o dos recursos e os tr\u00e2mites legais do conv\u00eanio\u201d, agradeceu Jefferson Roberto. Fonte: De olho no cariri<\/p>\n","protected":false},"author":2,"featured_media":14379,"comment_status":"closed","ping_status":"open","sticky":false,"template":"","format":"standard","meta":{"_eb_attr":"","_jetpack_memberships_contains_paid_content":false,"footnotes":""},"categories":[8],"tags":[],"class_list":["post-14378","post","type-post","status-publish","format-standard","has-post-thumbnail","hentry","category-saude"],"yoast_head":"<!-- This site is optimized with the Yoast SEO plugin v26.5 - https:\/\/yoast.com\/wordpress\/plugins\/seo\/ -->\n<title>Prefeito de S\u00e3o Jos\u00e9 dos Cordeiros assina conv\u00eanio de 900 mil para investimentos no CISCO - Not&iacute;cias em Destaque<\/title>\n<meta name=\"robots\" content=\"index, follow, max-snippet:-1, max-image-preview:large, max-video-preview:-1\" \/>\n<link rel=\"canonical\" href=\"https:\/\/noticiasemdestaque.com\/cd\/?p=14378\" \/>\n<meta property=\"og:locale\" content=\"pt_BR\" \/>\n<meta property=\"og:type\" content=\"article\" \/>\n<meta property=\"og:title\" content=\"Prefeito de S\u00e3o Jos\u00e9 dos Cordeiros assina conv\u00eanio de 900 mil para investimentos no CISCO - Not&iacute;cias em Destaque\" \/>\n<meta property=\"og:description\" content=\"Na manh\u00e3 desta \u00faltima quarta-feira (05), o prefeito de S\u00e3o Jos\u00e9 dos Cordeiros, Jefferson Roberto, atual presidente do CISCO (Cons\u00f3rcio Intermunicipal de Sa\u00fade), assinou em Jo\u00e3o Pessoa um conv\u00eanio com o Minist\u00e9rio da Sa\u00fade para investimentos nos servi\u00e7os do cons\u00f3rcio. Jefferson esteve acompanhado do t\u00e9cnico S\u00e9rgio Sousa na assinatura do conv\u00eanio, que representar\u00e1 um investimento de R$ 899.928,000 oriundos de emendas parlamentares do Deputado Federal Luiz Couto e do Senador C\u00e1ssio Cunha Lima. Com a assinatura do pleito, ser\u00e3o adquiridos novos equipamentos que ir\u00e1 modernizar o setor de oftalmologia e as demais especialidades do CISCO. Jefferson Roberto se sentiu agradecido pela emenda dos deputados C\u00e1ssio Cunha Lima e Luiz Couto e agradeceu o compromisso dos parlamentares. \u201cEm nome das 18 cidades que comp\u00f5em o CISCO agradecemos o empenho dos nossos parlamentares e da nossa equipe de trabalho, que se empenhou at\u00e9 a assinatura do conv\u00eanio. Agora vamos aguardar a libera\u00e7\u00e3o dos recursos e os tr\u00e2mites legais do conv\u00eanio\u201d, agradeceu Jefferson Roberto. Fonte: De olho no cariri\" \/>\n<meta property=\"og:url\" content=\"https:\/\/noticiasemdestaque.com\/cd\/?p=14378\" \/>\n<meta property=\"og:site_name\" content=\"Not&iacute;cias em Destaque\" \/>\n<meta property=\"article:published_time\" content=\"2018-12-07T10:13:44+00:00\" \/>\n<meta property=\"og:image\" content=\"https:\/\/noticiasemdestaque.com\/cd\/wp-content\/uploads\/2018\/12\/cordeiros-600x381.jpg\" \/>\n\t<meta property=\"og:image:width\" content=\"600\" \/>\n\t<meta property=\"og:image:height\" content=\"381\" \/>\n\t<meta property=\"og:image:type\" content=\"image\/jpeg\" \/>\n<meta name=\"author\" content=\"Not\u00edcias em Destaque\" \/>\n<meta name=\"twitter:card\" content=\"summary_large_image\" \/>\n<meta name=\"twitter:label1\" content=\"Escrito por\" \/>\n\t<meta name=\"twitter:data1\" content=\"Not\u00edcias em Destaque\" \/>\n\t<meta name=\"twitter:label2\" content=\"Est. tempo de leitura\" \/>\n\t<meta name=\"twitter:data2\" content=\"1 minuto\" \/>\n<script type=\"application\/ld+json\" class=\"yoast-schema-graph\">{\"@context\":\"https:\/\/schema.org\",\"@graph\":[{\"@type\":\"Article\",\"@id\":\"https:\/\/noticiasemdestaque.com\/cd\/?p=14378#article\",\"isPartOf\":{\"@id\":\"https:\/\/noticiasemdestaque.com\/cd\/?p=14378\"},\"author\":{\"name\":\"Not\u00edcias em Destaque\",\"@id\":\"https:\/\/noticiasemdestaque.com\/cd\/#\/schema\/person\/47f7d4f55eec17c6b2ca036c5500f6ce\"},\"headline\":\"Prefeito de S\u00e3o Jos\u00e9 dos Cordeiros assina conv\u00eanio de 900 mil para investimentos no CISCO\",\"datePublished\":\"2018-12-07T10:13:44+00:00\",\"mainEntityOfPage\":{\"@id\":\"https:\/\/noticiasemdestaque.com\/cd\/?p=14378\"},\"wordCount\":199,\"publisher\":{\"@id\":\"https:\/\/noticiasemdestaque.com\/cd\/#organization\"},\"image\":{\"@id\":\"https:\/\/noticiasemdestaque.com\/cd\/?p=14378#primaryimage\"},\"thumbnailUrl\":\"https:\/\/noticiasemdestaque.com\/cd\/wp-content\/uploads\/2018\/12\/cordeiros-600x381.jpg\",\"articleSection\":[\"Sa\u00fade\"],\"inLanguage\":\"pt-BR\"},{\"@type\":\"WebPage\",\"@id\":\"https:\/\/noticiasemdestaque.com\/cd\/?p=14378\",\"url\":\"https:\/\/noticiasemdestaque.com\/cd\/?p=14378\",\"name\":\"Prefeito de S\u00e3o Jos\u00e9 dos Cordeiros assina conv\u00eanio de 900 mil para investimentos no CISCO - Not&iacute;cias em Destaque\",\"isPartOf\":{\"@id\":\"https:\/\/noticiasemdestaque.com\/cd\/#website\"},\"primaryImageOfPage\":{\"@id\":\"https:\/\/noticiasemdestaque.com\/cd\/?p=14378#primaryimage\"},\"image\":{\"@id\":\"https:\/\/noticiasemdestaque.com\/cd\/?p=14378#primaryimage\"},\"thumbnailUrl\":\"https:\/\/noticiasemdestaque.com\/cd\/wp-content\/uploads\/2018\/12\/cordeiros-600x381.jpg\",\"datePublished\":\"2018-12-07T10:13:44+00:00\",\"breadcrumb\":{\"@id\":\"https:\/\/noticiasemdestaque.com\/cd\/?p=14378#breadcrumb\"},\"inLanguage\":\"pt-BR\",\"potentialAction\":[{\"@type\":\"ReadAction\",\"target\":[\"https:\/\/noticiasemdestaque.com\/cd\/?p=14378\"]}]},{\"@type\":\"ImageObject\",\"inLanguage\":\"pt-BR\",\"@id\":\"https:\/\/noticiasemdestaque.com\/cd\/?p=14378#primaryimage\",\"url\":\"https:\/\/noticiasemdestaque.com\/cd\/wp-content\/uploads\/2018\/12\/cordeiros-600x381.jpg\",\"contentUrl\":\"https:\/\/noticiasemdestaque.com\/cd\/wp-content\/uploads\/2018\/12\/cordeiros-600x381.jpg\",\"width\":600,\"height\":381},{\"@type\":\"BreadcrumbList\",\"@id\":\"https:\/\/noticiasemdestaque.com\/cd\/?p=14378#breadcrumb\",\"itemListElement\":[{\"@type\":\"ListItem\",\"position\":1,\"name\":\"In\u00edcio\",\"item\":\"https:\/\/noticiasemdestaque.com\/cd\/\"},{\"@type\":\"ListItem\",\"position\":2,\"name\":\"Prefeito de S\u00e3o Jos\u00e9 dos Cordeiros assina conv\u00eanio de 900 mil para investimentos no CISCO\"}]},{\"@type\":\"WebSite\",\"@id\":\"https:\/\/noticiasemdestaque.com\/cd\/#website\",\"url\":\"https:\/\/noticiasemdestaque.com\/cd\/\",\"name\":\"Not&iacute;cias em Destaque\",\"description\":\"\",\"publisher\":{\"@id\":\"https:\/\/noticiasemdestaque.com\/cd\/#organization\"},\"potentialAction\":[{\"@type\":\"SearchAction\",\"target\":{\"@type\":\"EntryPoint\",\"urlTemplate\":\"https:\/\/noticiasemdestaque.com\/cd\/?s={search_term_string}\"},\"query-input\":{\"@type\":\"PropertyValueSpecification\",\"valueRequired\":true,\"valueName\":\"search_term_string\"}}],\"inLanguage\":\"pt-BR\"},{\"@type\":\"Organization\",\"@id\":\"https:\/\/noticiasemdestaque.com\/cd\/#organization\",\"name\":\"Not\u00edcias em Destaque\",\"url\":\"https:\/\/noticiasemdestaque.com\/cd\/\",\"logo\":{\"@type\":\"ImageObject\",\"inLanguage\":\"pt-BR\",\"@id\":\"https:\/\/noticiasemdestaque.com\/cd\/#\/schema\/logo\/image\/\",\"url\":\"https:\/\/noticiasemdestaque.com\/cd\/wp-content\/uploads\/2022\/05\/imagem-base-noticiasemdestaque.png\",\"contentUrl\":\"https:\/\/noticiasemdestaque.com\/cd\/wp-content\/uploads\/2022\/05\/imagem-base-noticiasemdestaque.png\",\"width\":1200,\"height\":630,\"caption\":\"Not\u00edcias em Destaque\"},\"image\":{\"@id\":\"https:\/\/noticiasemdestaque.com\/cd\/#\/schema\/logo\/image\/\"}},{\"@type\":\"Person\",\"@id\":\"https:\/\/noticiasemdestaque.com\/cd\/#\/schema\/person\/47f7d4f55eec17c6b2ca036c5500f6ce\",\"name\":\"Not\u00edcias em Destaque\",\"url\":\"https:\/\/noticiasemdestaque.com\/cd\/?author=2\"}]}<\/script>\n<!-- \/ Yoast SEO plugin. -->","yoast_head_json":{"title":"Prefeito de S\u00e3o Jos\u00e9 dos Cordeiros assina conv\u00eanio de 900 mil para investimentos no CISCO - Not&iacute;cias em Destaque","robots":{"index":"index","follow":"follow","max-snippet":"max-snippet:-1","max-image-preview":"max-image-preview:large","max-video-preview":"max-video-preview:-1"},"canonical":"https:\/\/noticiasemdestaque.com\/cd\/?p=14378","og_locale":"pt_BR","og_type":"article","og_title":"Prefeito de S\u00e3o Jos\u00e9 dos Cordeiros assina conv\u00eanio de 900 mil para investimentos no CISCO - Not&iacute;cias em Destaque","og_description":"Na manh\u00e3 desta \u00faltima quarta-feira (05), o prefeito de S\u00e3o Jos\u00e9 dos Cordeiros, Jefferson Roberto, atual presidente do CISCO (Cons\u00f3rcio Intermunicipal de Sa\u00fade), assinou em Jo\u00e3o Pessoa um conv\u00eanio com o Minist\u00e9rio da Sa\u00fade para investimentos nos servi\u00e7os do cons\u00f3rcio. Jefferson esteve acompanhado do t\u00e9cnico S\u00e9rgio Sousa na assinatura do conv\u00eanio, que representar\u00e1 um investimento de R$ 899.928,000 oriundos de emendas parlamentares do Deputado Federal Luiz Couto e do Senador C\u00e1ssio Cunha Lima. Com a assinatura do pleito, ser\u00e3o adquiridos novos equipamentos que ir\u00e1 modernizar o setor de oftalmologia e as demais especialidades do CISCO. Jefferson Roberto se sentiu agradecido pela emenda dos deputados C\u00e1ssio Cunha Lima e Luiz Couto e agradeceu o compromisso dos parlamentares. \u201cEm nome das 18 cidades que comp\u00f5em o CISCO agradecemos o empenho dos nossos parlamentares e da nossa equipe de trabalho, que se empenhou at\u00e9 a assinatura do conv\u00eanio. Agora vamos aguardar a libera\u00e7\u00e3o dos recursos e os tr\u00e2mites legais do conv\u00eanio\u201d, agradeceu Jefferson Roberto. Fonte: De olho no cariri","og_url":"https:\/\/noticiasemdestaque.com\/cd\/?p=14378","og_site_name":"Not&iacute;cias em Destaque","article_published_time":"2018-12-07T10:13:44+00:00","og_image":[{"width":600,"height":381,"url":"https:\/\/noticiasemdestaque.com\/cd\/wp-content\/uploads\/2018\/12\/cordeiros-600x381.jpg","type":"image\/jpeg"}],"author":"Not\u00edcias em Destaque","twitter_card":"summary_large_image","twitter_misc":{"Escrito por":"Not\u00edcias em Destaque","Est. tempo de leitura":"1 minuto"},"schema":{"@context":"https:\/\/schema.org","@graph":[{"@type":"Article","@id":"https:\/\/noticiasemdestaque.com\/cd\/?p=14378#article","isPartOf":{"@id":"https:\/\/noticiasemdestaque.com\/cd\/?p=14378"},"author":{"name":"Not\u00edcias em Destaque","@id":"https:\/\/noticiasemdestaque.com\/cd\/#\/schema\/person\/47f7d4f55eec17c6b2ca036c5500f6ce"},"headline":"Prefeito de S\u00e3o Jos\u00e9 dos Cordeiros assina conv\u00eanio de 900 mil para investimentos no CISCO","datePublished":"2018-12-07T10:13:44+00:00","mainEntityOfPage":{"@id":"https:\/\/noticiasemdestaque.com\/cd\/?p=14378"},"wordCount":199,"publisher":{"@id":"https:\/\/noticiasemdestaque.com\/cd\/#organization"},"image":{"@id":"https:\/\/noticiasemdestaque.com\/cd\/?p=14378#primaryimage"},"thumbnailUrl":"https:\/\/noticiasemdestaque.com\/cd\/wp-content\/uploads\/2018\/12\/cordeiros-600x381.jpg","articleSection":["Sa\u00fade"],"inLanguage":"pt-BR"},{"@type":"WebPage","@id":"https:\/\/noticiasemdestaque.com\/cd\/?p=14378","url":"https:\/\/noticiasemdestaque.com\/cd\/?p=14378","name":"Prefeito de S\u00e3o Jos\u00e9 dos Cordeiros assina conv\u00eanio de 900 mil para investimentos no CISCO - Not&iacute;cias em Destaque","isPartOf":{"@id":"https:\/\/noticiasemdestaque.com\/cd\/#website"},"primaryImageOfPage":{"@id":"https:\/\/noticiasemdestaque.com\/cd\/?p=14378#primaryimage"},"image":{"@id":"https:\/\/noticiasemdestaque.com\/cd\/?p=14378#primaryimage"},"thumbnailUrl":"https:\/\/noticiasemdestaque.com\/cd\/wp-content\/uploads\/2018\/12\/cordeiros-600x381.jpg","datePublished":"2018-12-07T10:13:44+00:00","breadcrumb":{"@id":"https:\/\/noticiasemdestaque.com\/cd\/?p=14378#breadcrumb"},"inLanguage":"pt-BR","potentialAction":[{"@type":"ReadAction","target":["https:\/\/noticiasemdestaque.com\/cd\/?p=14378"]}]},{"@type":"ImageObject","inLanguage":"pt-BR","@id":"https:\/\/noticiasemdestaque.com\/cd\/?p=14378#primaryimage","url":"https:\/\/noticiasemdestaque.com\/cd\/wp-content\/uploads\/2018\/12\/cordeiros-600x381.jpg","contentUrl":"https:\/\/noticiasemdestaque.com\/cd\/wp-content\/uploads\/2018\/12\/cordeiros-600x381.jpg","width":600,"height":381},{"@type":"BreadcrumbList","@id":"https:\/\/noticiasemdestaque.com\/cd\/?p=14378#breadcrumb","itemListElement":[{"@type":"ListItem","position":1,"name":"In\u00edcio","item":"https:\/\/noticiasemdestaque.com\/cd\/"},{"@type":"ListItem","position":2,"name":"Prefeito de S\u00e3o Jos\u00e9 dos Cordeiros assina conv\u00eanio de 900 mil para investimentos no CISCO"}]},{"@type":"WebSite","@id":"https:\/\/noticiasemdestaque.com\/cd\/#website","url":"https:\/\/noticiasemdestaque.com\/cd\/","name":"Not&iacute;cias em Destaque","description":"","publisher":{"@id":"https:\/\/noticiasemdestaque.com\/cd\/#organization"},"potentialAction":[{"@type":"SearchAction","target":{"@type":"EntryPoint","urlTemplate":"https:\/\/noticiasemdestaque.com\/cd\/?s={search_term_string}"},"query-input":{"@type":"PropertyValueSpecification","valueRequired":true,"valueName":"search_term_string"}}],"inLanguage":"pt-BR"},{"@type":"Organization","@id":"https:\/\/noticiasemdestaque.com\/cd\/#organization","name":"Not\u00edcias em Destaque","url":"https:\/\/noticiasemdestaque.com\/cd\/","logo":{"@type":"ImageObject","inLanguage":"pt-BR","@id":"https:\/\/noticiasemdestaque.com\/cd\/#\/schema\/logo\/image\/","url":"https:\/\/noticiasemdestaque.com\/cd\/wp-content\/uploads\/2022\/05\/imagem-base-noticiasemdestaque.png","contentUrl":"https:\/\/noticiasemdestaque.com\/cd\/wp-content\/uploads\/2022\/05\/imagem-base-noticiasemdestaque.png","width":1200,"height":630,"caption":"Not\u00edcias em Destaque"},"image":{"@id":"https:\/\/noticiasemdestaque.com\/cd\/#\/schema\/logo\/image\/"}},{"@type":"Person","@id":"https:\/\/noticiasemdestaque.com\/cd\/#\/schema\/person\/47f7d4f55eec17c6b2ca036c5500f6ce","name":"Not\u00edcias em Destaque","url":"https:\/\/noticiasemdestaque.com\/cd\/?author=2"}]}},"jetpack_featured_media_url":"https:\/\/noticiasemdestaque.com\/cd\/wp-content\/uploads\/2018\/12\/cordeiros-600x381.jpg","jetpack_sharing_enabled":true,"_links":{"self":[{"href":"https:\/\/noticiasemdestaque.com\/cd\/index.php?rest_route=\/wp\/v2\/posts\/14378","targetHints":{"allow":["GET"]}}],"collection":[{"href":"https:\/\/noticiasemdestaque.com\/cd\/index.php?rest_route=\/wp\/v2\/posts"}],"about":[{"href":"https:\/\/noticiasemdestaque.com\/cd\/index.php?rest_route=\/wp\/v2\/types\/post"}],"author":[{"embeddable":true,"href":"https:\/\/noticiasemdestaque.com\/cd\/index.php?rest_route=\/wp\/v2\/users\/2"}],"replies":[{"embeddable":true,"href":"https:\/\/noticiasemdestaque.com\/cd\/index.php?rest_route=%2Fwp%2Fv2%2Fcomments&post=14378"}],"version-history":[{"count":1,"href":"https:\/\/noticiasemdestaque.com\/cd\/index.php?rest_route=\/wp\/v2\/posts\/14378\/revisions"}],"predecessor-version":[{"id":14380,"href":"https:\/\/noticiasemdestaque.com\/cd\/index.php?rest_route=\/wp\/v2\/posts\/14378\/revisions\/14380"}],"wp:featuredmedia":[{"embeddable":true,"href":"https:\/\/noticiasemdestaque.com\/cd\/index.php?rest_route=\/wp\/v2\/media\/14379"}],"wp:attachment":[{"href":"https:\/\/noticiasemdestaque.com\/cd\/index.php?rest_route=%2Fwp%2Fv2%2Fmedia&parent=14378"}],"wp:term":[{"taxonomy":"category","embeddable":true,"href":"https:\/\/noticiasemdestaque.com\/cd\/index.php?rest_route=%2Fwp%2Fv2%2Fcategories&post=14378"},{"taxonomy":"post_tag","embeddable":true,"href":"https:\/\/noticiasemdestaque.com\/cd\/index.php?rest_route=%2Fwp%2Fv2%2Ftags&post=14378"}],"curies":[{"name":"wp","href":"https:\/\/api.w.org\/{rel}","templated":true}]}}