{"id":14373,"date":"2018-12-07T07:10:27","date_gmt":"2018-12-07T10:10:27","guid":{"rendered":"http:\/\/noticiasemdestaque.com\/cd\/?p=14373"},"modified":"2018-12-07T07:10:27","modified_gmt":"2018-12-07T10:10:27","slug":"fazenda-sugere-fim-do-abono-salarial","status":"publish","type":"post","link":"https:\/\/noticiasemdestaque.com\/cd\/?p=14373","title":{"rendered":"Fazenda sugere fim do abono salarial"},"content":{"rendered":"<p><a href=\"https:\/\/noticiasemdestaque.com\/cd\/wp-content\/uploads\/2018\/12\/Abono-Salarial-6-.jpg\"><img fetchpriority=\"high\" decoding=\"async\" class=\"alignnone size-full wp-image-14374\" src=\"https:\/\/noticiasemdestaque.com\/cd\/wp-content\/uploads\/2018\/12\/Abono-Salarial-6-.jpg\" alt=\"\" width=\"590\" height=\"309\" srcset=\"https:\/\/noticiasemdestaque.com\/cd\/wp-content\/uploads\/2018\/12\/Abono-Salarial-6-.jpg 590w, https:\/\/noticiasemdestaque.com\/cd\/wp-content\/uploads\/2018\/12\/Abono-Salarial-6--300x157.jpg 300w\" sizes=\"(max-width: 590px) 100vw, 590px\" \/><\/a><\/p>\n<p>A pol\u00edtica de reajuste do sal\u00e1rio m\u00ednimo dever\u00e1 ser revista e o abono salarial extinto, para reequilibrar as contas do governo depois da aprova\u00e7\u00e3o da reforma da Previd\u00eancia. As sugest\u00f5es constam de documento do Minist\u00e9rio da Fazenda com o balan\u00e7o da atual gest\u00e3o e recomenda\u00e7\u00f5es para o pr\u00f3ximo governo, dispon\u00edvel na p\u00e1gina da pasta na internet.<\/p>\n<p>A pasta tamb\u00e9m recomenda o controle dos gastos p\u00fablicos, com a redu\u00e7\u00e3o de privil\u00e9gios e incentivos fiscais para setores da economia, revis\u00e3o dos gastos com o funcionalismo p\u00fablico e direcionamento dos benef\u00edcios sociais aos mais pobres para reduzir a desigualdade. Segundo o documento, o sal\u00e1rio m\u00ednimo, cuja pol\u00edtica de reajuste ser\u00e1 substitu\u00edda em 2020, dever\u00e1 ser compat\u00edvel com os sal\u00e1rios do setor privado e o aperto nas contas p\u00fablicas.<\/p>\n<p>Desde 2011, o sal\u00e1rio m\u00ednimo \u00e9 reajustado com base na infla\u00e7\u00e3o dos 12 meses anteriores pelo \u00cdndice Nacional de Pre\u00e7os ao Consumidor (INPC), mais a varia\u00e7\u00e3o do Produto Interno Bruto (PIB, soma dos bens e servi\u00e7os produzidos no poa\u00eds) de dois anos antes. Caso o resultado do PIB seja negativo, a corre\u00e7\u00e3o se d\u00e1 apenas pelo \u00edndice de infla\u00e7\u00e3o. Essa pol\u00edtica vigorar\u00e1 at\u00e9 2019, sendo substitu\u00edda no ano seguinte.<\/p>\n<p>Segundo o Minist\u00e9rio da Fazenda, cada R$ 1 de alta no sal\u00e1rio m\u00ednimo aumenta os gastos da Uni\u00e3o em R$ 304 milh\u00f5es. A maior parte desses gastos o impacto decorre do reajuste do piso pago pela Previd\u00eancia Social. A nova pol\u00edtica de c\u00e1lculo do m\u00ednimo dever\u00e1 ser encaminhada pelo futuro governo at\u00e9 15 de abril, quando ser\u00e1 apresentado o projeto da Lei de Diretrizes Or\u00e7ament\u00e1rias (LDO) de 2020.<\/p>\n<p>Abono salarial<\/p>\n<p>Em rela\u00e7\u00e3o ao abono salarial, a Fazenda recomendou a extin\u00e7\u00e3o do benef\u00edcio por entender que n\u00e3o atende \u00e0 popula\u00e7\u00e3o em extrema pobreza, mas apenas empregados com carteira assinada. Previsto para consumir de R$ 19,2 bilh\u00f5es no pr\u00f3ximo ano, o abono \u00e9 pago ao trabalhador que recebe at\u00e9 dois sal\u00e1rios m\u00ednimos com carteira assinada, desde que tenha trabalhado pelo menos 30 dias no ano-base de apura\u00e7\u00e3o e tenha carteira de trabalho h\u00e1 pelo menos cinco anos. O valor varia de R$ 80, para quem trabalhou apenas por 30 dias, a um sal\u00e1rio m\u00ednimo (R$ 954), para quem trabalhou por 12 meses no ano anterior.<\/p>\n<p>Para aumentar a efici\u00eancia dos gastos sociais, o Minist\u00e9rio da Fazenda, que ser\u00e1 transformado em Minist\u00e9rio da Economia em janeiro, recomendou medidas adicionais, em que tamb\u00e9m entram a revis\u00e3o do Benef\u00edcio de Presta\u00e7\u00e3o Continuada (BPC), concedido a idosos e a pessoas com defici\u00eancia, a transfer\u00eancia da aposentadoria rural da Previd\u00eancia para a assist\u00eancia social e mudan\u00e7as no regime previdenci\u00e1rio dos militares, com a poss\u00edvel cobran\u00e7a de contribui\u00e7\u00e3o sobre pens\u00f5es e proventos de militares inativos.<\/p>\n<p>Para a Fazenda, o BPC, que paga um sal\u00e1rio m\u00ednimo a deficientes e a quem tem mais de 65 anos, \u00e9 menos eficaz que o Bolsa Fam\u00edlia na redu\u00e7\u00e3o da pobreza e tem alto n\u00edvel de judicializa\u00e7\u00e3o (questionado com frequ\u00eancia na Justi\u00e7a). O Or\u00e7amento do pr\u00f3ximo ano reserva R$ 59,2 bilh\u00f5es para o BPC, que ser\u00e1 pago a 4,9 milh\u00f5es de benefici\u00e1rios. Enquanto o Bolsa Fam\u00edlia, que paga um valor fixo por dependente e \u00e9 menor que o sal\u00e1rio m\u00ednimo, destinar\u00e1 R$ 29,5 bilh\u00f5es a 13,6 milh\u00f5es de fam\u00edlias.<\/p>\n<p>Segundo a Fazenda, o Bolsa Fam\u00edlia \u00e9 o programa mais eficaz para reduzir a pobreza porque 44,3% dos recursos s\u00e3o destinados aos 20% mais pobres da popula\u00e7\u00e3o. A Previd\u00eancia Social vai na dire\u00e7\u00e3o inversa: 40,6% dos benef\u00edcios pagos v\u00e3o para os 20% mais ricos, contra somente 3,3% dos recursos para os 20% mais pobres.<\/p>\n<p>FGTS<\/p>\n<p>Por fim, a Fazenda prop\u00f5e uma reforma no Fundo de Garantia do Tempo de Servi\u00e7o (FGTS), de modo a usar os recursos do fundo para financiar parcialmente o seguro-desemprego e aumentar a rentabilidade das contas, que atualmente pagam 3% mais Taxa Referencial ao ano, mais participa\u00e7\u00e3o nos lucros. A pasta tamb\u00e9m sugere a extin\u00e7\u00e3o do Fundo de Investimento do FGTS (FI-FGTS), que financia projetos escolhidos pelo governo e foi foco de corrup\u00e7\u00e3o nos \u00faltimos anos, por entender que a livre aloca\u00e7\u00e3o de recursos \u00e9 mais eficiente.<\/p>\n<p>Fonte: Ag\u00eancia Brasil<\/p>\n","protected":false},"excerpt":{"rendered":"<p>A pol\u00edtica de reajuste do sal\u00e1rio m\u00ednimo dever\u00e1 ser revista e o abono salarial extinto, para reequilibrar as contas do governo depois da aprova\u00e7\u00e3o da reforma da Previd\u00eancia. As sugest\u00f5es constam de documento do Minist\u00e9rio da Fazenda com o balan\u00e7o da atual gest\u00e3o e recomenda\u00e7\u00f5es para o pr\u00f3ximo governo, dispon\u00edvel na p\u00e1gina da pasta na internet. A pasta tamb\u00e9m recomenda o controle dos gastos p\u00fablicos, com a redu\u00e7\u00e3o de privil\u00e9gios e incentivos fiscais para setores da economia, revis\u00e3o dos gastos com o funcionalismo p\u00fablico e direcionamento dos benef\u00edcios sociais aos mais pobres para reduzir a desigualdade. Segundo o documento, o sal\u00e1rio m\u00ednimo, cuja pol\u00edtica de reajuste ser\u00e1 substitu\u00edda em 2020, dever\u00e1 ser compat\u00edvel com os sal\u00e1rios do setor privado e o aperto nas contas p\u00fablicas. Desde 2011, o sal\u00e1rio m\u00ednimo \u00e9 reajustado com base na infla\u00e7\u00e3o dos 12 meses anteriores pelo \u00cdndice Nacional de Pre\u00e7os ao Consumidor (INPC), mais a varia\u00e7\u00e3o do Produto Interno Bruto (PIB, soma dos bens e servi\u00e7os produzidos no poa\u00eds) de dois anos antes. Caso o resultado do PIB seja negativo, a corre\u00e7\u00e3o se d\u00e1 apenas pelo \u00edndice de infla\u00e7\u00e3o. Essa pol\u00edtica vigorar\u00e1 at\u00e9 2019, sendo substitu\u00edda no ano seguinte. Segundo o Minist\u00e9rio da Fazenda, cada R$ 1 de alta no sal\u00e1rio m\u00ednimo aumenta os gastos da Uni\u00e3o em R$ 304 milh\u00f5es. A maior parte desses gastos o impacto decorre do reajuste do piso pago pela Previd\u00eancia Social. A nova pol\u00edtica de c\u00e1lculo do m\u00ednimo dever\u00e1 ser encaminhada pelo futuro governo at\u00e9 15 de abril, quando ser\u00e1 apresentado o projeto da Lei de Diretrizes Or\u00e7ament\u00e1rias (LDO) de 2020. Abono salarial Em rela\u00e7\u00e3o ao abono salarial, a Fazenda recomendou a extin\u00e7\u00e3o do benef\u00edcio por entender que n\u00e3o atende \u00e0 popula\u00e7\u00e3o em extrema pobreza, mas apenas empregados com carteira assinada. Previsto para consumir de R$ 19,2 bilh\u00f5es no pr\u00f3ximo ano, o abono \u00e9 pago ao trabalhador que recebe at\u00e9 dois sal\u00e1rios m\u00ednimos com carteira assinada, desde que tenha trabalhado pelo menos 30 dias no ano-base de apura\u00e7\u00e3o e tenha carteira de trabalho h\u00e1 pelo menos cinco anos. O valor varia de R$ 80, para quem trabalhou apenas por 30 dias, a um sal\u00e1rio m\u00ednimo (R$ 954), para quem trabalhou por 12 meses no ano anterior. Para aumentar a efici\u00eancia dos gastos sociais, o Minist\u00e9rio da Fazenda, que ser\u00e1 transformado em Minist\u00e9rio da Economia em janeiro, recomendou medidas adicionais, em que tamb\u00e9m entram a revis\u00e3o do Benef\u00edcio de Presta\u00e7\u00e3o Continuada (BPC), concedido a idosos e a pessoas com defici\u00eancia, a transfer\u00eancia da aposentadoria rural da Previd\u00eancia para a assist\u00eancia social e mudan\u00e7as no regime previdenci\u00e1rio dos militares, com a poss\u00edvel cobran\u00e7a de contribui\u00e7\u00e3o sobre pens\u00f5es e proventos de militares inativos. Para a Fazenda, o BPC, que paga um sal\u00e1rio m\u00ednimo a deficientes e a quem tem mais de 65 anos, \u00e9 menos eficaz que o Bolsa Fam\u00edlia na redu\u00e7\u00e3o da pobreza e tem alto n\u00edvel de judicializa\u00e7\u00e3o (questionado com frequ\u00eancia na Justi\u00e7a). O Or\u00e7amento do pr\u00f3ximo ano reserva R$ 59,2 bilh\u00f5es para o BPC, que ser\u00e1 pago a 4,9 milh\u00f5es de benefici\u00e1rios. Enquanto o Bolsa Fam\u00edlia, que paga um valor fixo por dependente e \u00e9 menor que o sal\u00e1rio m\u00ednimo, destinar\u00e1 R$ 29,5 bilh\u00f5es a 13,6 milh\u00f5es de fam\u00edlias. Segundo a Fazenda, o Bolsa Fam\u00edlia \u00e9 o programa mais eficaz para reduzir a pobreza porque 44,3% dos recursos s\u00e3o destinados aos 20% mais pobres da popula\u00e7\u00e3o. A Previd\u00eancia Social vai na dire\u00e7\u00e3o inversa: 40,6% dos benef\u00edcios pagos v\u00e3o para os 20% mais ricos, contra somente 3,3% dos recursos para os 20% mais pobres. FGTS Por fim, a Fazenda prop\u00f5e uma reforma no Fundo de Garantia do Tempo de Servi\u00e7o (FGTS), de modo a usar os recursos do fundo para financiar parcialmente o seguro-desemprego e aumentar a rentabilidade das contas, que atualmente pagam 3% mais Taxa Referencial ao ano, mais participa\u00e7\u00e3o nos lucros. A pasta tamb\u00e9m sugere a extin\u00e7\u00e3o do Fundo de Investimento do FGTS (FI-FGTS), que financia projetos escolhidos pelo governo e foi foco de corrup\u00e7\u00e3o nos \u00faltimos anos, por entender que a livre aloca\u00e7\u00e3o de recursos \u00e9 mais eficiente. Fonte: Ag\u00eancia Brasil<\/p>\n","protected":false},"author":2,"featured_media":14374,"comment_status":"closed","ping_status":"open","sticky":false,"template":"","format":"standard","meta":{"_eb_attr":"","_jetpack_memberships_contains_paid_content":false,"footnotes":""},"categories":[12],"tags":[],"class_list":["post-14373","post","type-post","status-publish","format-standard","has-post-thumbnail","hentry","category-geral"],"yoast_head":"<!-- This site is optimized with the Yoast SEO plugin v26.5 - https:\/\/yoast.com\/wordpress\/plugins\/seo\/ -->\n<title>Fazenda sugere fim do abono salarial - Not&iacute;cias em Destaque<\/title>\n<meta name=\"robots\" content=\"index, follow, max-snippet:-1, max-image-preview:large, max-video-preview:-1\" \/>\n<link rel=\"canonical\" href=\"https:\/\/noticiasemdestaque.com\/cd\/?p=14373\" \/>\n<meta property=\"og:locale\" content=\"pt_BR\" \/>\n<meta property=\"og:type\" content=\"article\" \/>\n<meta property=\"og:title\" content=\"Fazenda sugere fim do abono salarial - Not&iacute;cias em Destaque\" \/>\n<meta property=\"og:description\" content=\"A pol\u00edtica de reajuste do sal\u00e1rio m\u00ednimo dever\u00e1 ser revista e o abono salarial extinto, para reequilibrar as contas do governo depois da aprova\u00e7\u00e3o da reforma da Previd\u00eancia. As sugest\u00f5es constam de documento do Minist\u00e9rio da Fazenda com o balan\u00e7o da atual gest\u00e3o e recomenda\u00e7\u00f5es para o pr\u00f3ximo governo, dispon\u00edvel na p\u00e1gina da pasta na internet. A pasta tamb\u00e9m recomenda o controle dos gastos p\u00fablicos, com a redu\u00e7\u00e3o de privil\u00e9gios e incentivos fiscais para setores da economia, revis\u00e3o dos gastos com o funcionalismo p\u00fablico e direcionamento dos benef\u00edcios sociais aos mais pobres para reduzir a desigualdade. Segundo o documento, o sal\u00e1rio m\u00ednimo, cuja pol\u00edtica de reajuste ser\u00e1 substitu\u00edda em 2020, dever\u00e1 ser compat\u00edvel com os sal\u00e1rios do setor privado e o aperto nas contas p\u00fablicas. Desde 2011, o sal\u00e1rio m\u00ednimo \u00e9 reajustado com base na infla\u00e7\u00e3o dos 12 meses anteriores pelo \u00cdndice Nacional de Pre\u00e7os ao Consumidor (INPC), mais a varia\u00e7\u00e3o do Produto Interno Bruto (PIB, soma dos bens e servi\u00e7os produzidos no poa\u00eds) de dois anos antes. Caso o resultado do PIB seja negativo, a corre\u00e7\u00e3o se d\u00e1 apenas pelo \u00edndice de infla\u00e7\u00e3o. Essa pol\u00edtica vigorar\u00e1 at\u00e9 2019, sendo substitu\u00edda no ano seguinte. Segundo o Minist\u00e9rio da Fazenda, cada R$ 1 de alta no sal\u00e1rio m\u00ednimo aumenta os gastos da Uni\u00e3o em R$ 304 milh\u00f5es. A maior parte desses gastos o impacto decorre do reajuste do piso pago pela Previd\u00eancia Social. A nova pol\u00edtica de c\u00e1lculo do m\u00ednimo dever\u00e1 ser encaminhada pelo futuro governo at\u00e9 15 de abril, quando ser\u00e1 apresentado o projeto da Lei de Diretrizes Or\u00e7ament\u00e1rias (LDO) de 2020. Abono salarial Em rela\u00e7\u00e3o ao abono salarial, a Fazenda recomendou a extin\u00e7\u00e3o do benef\u00edcio por entender que n\u00e3o atende \u00e0 popula\u00e7\u00e3o em extrema pobreza, mas apenas empregados com carteira assinada. Previsto para consumir de R$ 19,2 bilh\u00f5es no pr\u00f3ximo ano, o abono \u00e9 pago ao trabalhador que recebe at\u00e9 dois sal\u00e1rios m\u00ednimos com carteira assinada, desde que tenha trabalhado pelo menos 30 dias no ano-base de apura\u00e7\u00e3o e tenha carteira de trabalho h\u00e1 pelo menos cinco anos. O valor varia de R$ 80, para quem trabalhou apenas por 30 dias, a um sal\u00e1rio m\u00ednimo (R$ 954), para quem trabalhou por 12 meses no ano anterior. Para aumentar a efici\u00eancia dos gastos sociais, o Minist\u00e9rio da Fazenda, que ser\u00e1 transformado em Minist\u00e9rio da Economia em janeiro, recomendou medidas adicionais, em que tamb\u00e9m entram a revis\u00e3o do Benef\u00edcio de Presta\u00e7\u00e3o Continuada (BPC), concedido a idosos e a pessoas com defici\u00eancia, a transfer\u00eancia da aposentadoria rural da Previd\u00eancia para a assist\u00eancia social e mudan\u00e7as no regime previdenci\u00e1rio dos militares, com a poss\u00edvel cobran\u00e7a de contribui\u00e7\u00e3o sobre pens\u00f5es e proventos de militares inativos. Para a Fazenda, o BPC, que paga um sal\u00e1rio m\u00ednimo a deficientes e a quem tem mais de 65 anos, \u00e9 menos eficaz que o Bolsa Fam\u00edlia na redu\u00e7\u00e3o da pobreza e tem alto n\u00edvel de judicializa\u00e7\u00e3o (questionado com frequ\u00eancia na Justi\u00e7a). O Or\u00e7amento do pr\u00f3ximo ano reserva R$ 59,2 bilh\u00f5es para o BPC, que ser\u00e1 pago a 4,9 milh\u00f5es de benefici\u00e1rios. Enquanto o Bolsa Fam\u00edlia, que paga um valor fixo por dependente e \u00e9 menor que o sal\u00e1rio m\u00ednimo, destinar\u00e1 R$ 29,5 bilh\u00f5es a 13,6 milh\u00f5es de fam\u00edlias. Segundo a Fazenda, o Bolsa Fam\u00edlia \u00e9 o programa mais eficaz para reduzir a pobreza porque 44,3% dos recursos s\u00e3o destinados aos 20% mais pobres da popula\u00e7\u00e3o. A Previd\u00eancia Social vai na dire\u00e7\u00e3o inversa: 40,6% dos benef\u00edcios pagos v\u00e3o para os 20% mais ricos, contra somente 3,3% dos recursos para os 20% mais pobres. FGTS Por fim, a Fazenda prop\u00f5e uma reforma no Fundo de Garantia do Tempo de Servi\u00e7o (FGTS), de modo a usar os recursos do fundo para financiar parcialmente o seguro-desemprego e aumentar a rentabilidade das contas, que atualmente pagam 3% mais Taxa Referencial ao ano, mais participa\u00e7\u00e3o nos lucros. A pasta tamb\u00e9m sugere a extin\u00e7\u00e3o do Fundo de Investimento do FGTS (FI-FGTS), que financia projetos escolhidos pelo governo e foi foco de corrup\u00e7\u00e3o nos \u00faltimos anos, por entender que a livre aloca\u00e7\u00e3o de recursos \u00e9 mais eficiente. Fonte: Ag\u00eancia Brasil\" \/>\n<meta property=\"og:url\" content=\"https:\/\/noticiasemdestaque.com\/cd\/?p=14373\" \/>\n<meta property=\"og:site_name\" content=\"Not&iacute;cias em Destaque\" \/>\n<meta property=\"article:published_time\" content=\"2018-12-07T10:10:27+00:00\" \/>\n<meta property=\"og:image\" content=\"https:\/\/noticiasemdestaque.com\/cd\/wp-content\/uploads\/2018\/12\/Abono-Salarial-6-.jpg\" \/>\n\t<meta property=\"og:image:width\" content=\"590\" \/>\n\t<meta property=\"og:image:height\" content=\"309\" \/>\n\t<meta property=\"og:image:type\" content=\"image\/jpeg\" \/>\n<meta name=\"author\" content=\"Not\u00edcias em Destaque\" \/>\n<meta name=\"twitter:card\" content=\"summary_large_image\" \/>\n<meta name=\"twitter:label1\" content=\"Escrito por\" \/>\n\t<meta name=\"twitter:data1\" content=\"Not\u00edcias em Destaque\" \/>\n\t<meta name=\"twitter:label2\" content=\"Est. tempo de leitura\" \/>\n\t<meta name=\"twitter:data2\" content=\"4 minutos\" \/>\n<script type=\"application\/ld+json\" class=\"yoast-schema-graph\">{\"@context\":\"https:\/\/schema.org\",\"@graph\":[{\"@type\":\"Article\",\"@id\":\"https:\/\/noticiasemdestaque.com\/cd\/?p=14373#article\",\"isPartOf\":{\"@id\":\"https:\/\/noticiasemdestaque.com\/cd\/?p=14373\"},\"author\":{\"name\":\"Not\u00edcias em Destaque\",\"@id\":\"https:\/\/noticiasemdestaque.com\/cd\/#\/schema\/person\/47f7d4f55eec17c6b2ca036c5500f6ce\"},\"headline\":\"Fazenda sugere fim do abono salarial\",\"datePublished\":\"2018-12-07T10:10:27+00:00\",\"mainEntityOfPage\":{\"@id\":\"https:\/\/noticiasemdestaque.com\/cd\/?p=14373\"},\"wordCount\":759,\"publisher\":{\"@id\":\"https:\/\/noticiasemdestaque.com\/cd\/#organization\"},\"image\":{\"@id\":\"https:\/\/noticiasemdestaque.com\/cd\/?p=14373#primaryimage\"},\"thumbnailUrl\":\"https:\/\/noticiasemdestaque.com\/cd\/wp-content\/uploads\/2018\/12\/Abono-Salarial-6-.jpg\",\"articleSection\":[\"Geral\"],\"inLanguage\":\"pt-BR\"},{\"@type\":\"WebPage\",\"@id\":\"https:\/\/noticiasemdestaque.com\/cd\/?p=14373\",\"url\":\"https:\/\/noticiasemdestaque.com\/cd\/?p=14373\",\"name\":\"Fazenda sugere fim do abono salarial - Not&iacute;cias em Destaque\",\"isPartOf\":{\"@id\":\"https:\/\/noticiasemdestaque.com\/cd\/#website\"},\"primaryImageOfPage\":{\"@id\":\"https:\/\/noticiasemdestaque.com\/cd\/?p=14373#primaryimage\"},\"image\":{\"@id\":\"https:\/\/noticiasemdestaque.com\/cd\/?p=14373#primaryimage\"},\"thumbnailUrl\":\"https:\/\/noticiasemdestaque.com\/cd\/wp-content\/uploads\/2018\/12\/Abono-Salarial-6-.jpg\",\"datePublished\":\"2018-12-07T10:10:27+00:00\",\"breadcrumb\":{\"@id\":\"https:\/\/noticiasemdestaque.com\/cd\/?p=14373#breadcrumb\"},\"inLanguage\":\"pt-BR\",\"potentialAction\":[{\"@type\":\"ReadAction\",\"target\":[\"https:\/\/noticiasemdestaque.com\/cd\/?p=14373\"]}]},{\"@type\":\"ImageObject\",\"inLanguage\":\"pt-BR\",\"@id\":\"https:\/\/noticiasemdestaque.com\/cd\/?p=14373#primaryimage\",\"url\":\"https:\/\/noticiasemdestaque.com\/cd\/wp-content\/uploads\/2018\/12\/Abono-Salarial-6-.jpg\",\"contentUrl\":\"https:\/\/noticiasemdestaque.com\/cd\/wp-content\/uploads\/2018\/12\/Abono-Salarial-6-.jpg\",\"width\":590,\"height\":309},{\"@type\":\"BreadcrumbList\",\"@id\":\"https:\/\/noticiasemdestaque.com\/cd\/?p=14373#breadcrumb\",\"itemListElement\":[{\"@type\":\"ListItem\",\"position\":1,\"name\":\"In\u00edcio\",\"item\":\"https:\/\/noticiasemdestaque.com\/cd\/\"},{\"@type\":\"ListItem\",\"position\":2,\"name\":\"Fazenda sugere fim do abono salarial\"}]},{\"@type\":\"WebSite\",\"@id\":\"https:\/\/noticiasemdestaque.com\/cd\/#website\",\"url\":\"https:\/\/noticiasemdestaque.com\/cd\/\",\"name\":\"Not&iacute;cias em Destaque\",\"description\":\"\",\"publisher\":{\"@id\":\"https:\/\/noticiasemdestaque.com\/cd\/#organization\"},\"potentialAction\":[{\"@type\":\"SearchAction\",\"target\":{\"@type\":\"EntryPoint\",\"urlTemplate\":\"https:\/\/noticiasemdestaque.com\/cd\/?s={search_term_string}\"},\"query-input\":{\"@type\":\"PropertyValueSpecification\",\"valueRequired\":true,\"valueName\":\"search_term_string\"}}],\"inLanguage\":\"pt-BR\"},{\"@type\":\"Organization\",\"@id\":\"https:\/\/noticiasemdestaque.com\/cd\/#organization\",\"name\":\"Not\u00edcias em Destaque\",\"url\":\"https:\/\/noticiasemdestaque.com\/cd\/\",\"logo\":{\"@type\":\"ImageObject\",\"inLanguage\":\"pt-BR\",\"@id\":\"https:\/\/noticiasemdestaque.com\/cd\/#\/schema\/logo\/image\/\",\"url\":\"https:\/\/noticiasemdestaque.com\/cd\/wp-content\/uploads\/2022\/05\/imagem-base-noticiasemdestaque.png\",\"contentUrl\":\"https:\/\/noticiasemdestaque.com\/cd\/wp-content\/uploads\/2022\/05\/imagem-base-noticiasemdestaque.png\",\"width\":1200,\"height\":630,\"caption\":\"Not\u00edcias em Destaque\"},\"image\":{\"@id\":\"https:\/\/noticiasemdestaque.com\/cd\/#\/schema\/logo\/image\/\"}},{\"@type\":\"Person\",\"@id\":\"https:\/\/noticiasemdestaque.com\/cd\/#\/schema\/person\/47f7d4f55eec17c6b2ca036c5500f6ce\",\"name\":\"Not\u00edcias em Destaque\",\"url\":\"https:\/\/noticiasemdestaque.com\/cd\/?author=2\"}]}<\/script>\n<!-- \/ Yoast SEO plugin. -->","yoast_head_json":{"title":"Fazenda sugere fim do abono salarial - Not&iacute;cias em Destaque","robots":{"index":"index","follow":"follow","max-snippet":"max-snippet:-1","max-image-preview":"max-image-preview:large","max-video-preview":"max-video-preview:-1"},"canonical":"https:\/\/noticiasemdestaque.com\/cd\/?p=14373","og_locale":"pt_BR","og_type":"article","og_title":"Fazenda sugere fim do abono salarial - Not&iacute;cias em Destaque","og_description":"A pol\u00edtica de reajuste do sal\u00e1rio m\u00ednimo dever\u00e1 ser revista e o abono salarial extinto, para reequilibrar as contas do governo depois da aprova\u00e7\u00e3o da reforma da Previd\u00eancia. As sugest\u00f5es constam de documento do Minist\u00e9rio da Fazenda com o balan\u00e7o da atual gest\u00e3o e recomenda\u00e7\u00f5es para o pr\u00f3ximo governo, dispon\u00edvel na p\u00e1gina da pasta na internet. A pasta tamb\u00e9m recomenda o controle dos gastos p\u00fablicos, com a redu\u00e7\u00e3o de privil\u00e9gios e incentivos fiscais para setores da economia, revis\u00e3o dos gastos com o funcionalismo p\u00fablico e direcionamento dos benef\u00edcios sociais aos mais pobres para reduzir a desigualdade. Segundo o documento, o sal\u00e1rio m\u00ednimo, cuja pol\u00edtica de reajuste ser\u00e1 substitu\u00edda em 2020, dever\u00e1 ser compat\u00edvel com os sal\u00e1rios do setor privado e o aperto nas contas p\u00fablicas. Desde 2011, o sal\u00e1rio m\u00ednimo \u00e9 reajustado com base na infla\u00e7\u00e3o dos 12 meses anteriores pelo \u00cdndice Nacional de Pre\u00e7os ao Consumidor (INPC), mais a varia\u00e7\u00e3o do Produto Interno Bruto (PIB, soma dos bens e servi\u00e7os produzidos no poa\u00eds) de dois anos antes. Caso o resultado do PIB seja negativo, a corre\u00e7\u00e3o se d\u00e1 apenas pelo \u00edndice de infla\u00e7\u00e3o. Essa pol\u00edtica vigorar\u00e1 at\u00e9 2019, sendo substitu\u00edda no ano seguinte. Segundo o Minist\u00e9rio da Fazenda, cada R$ 1 de alta no sal\u00e1rio m\u00ednimo aumenta os gastos da Uni\u00e3o em R$ 304 milh\u00f5es. A maior parte desses gastos o impacto decorre do reajuste do piso pago pela Previd\u00eancia Social. A nova pol\u00edtica de c\u00e1lculo do m\u00ednimo dever\u00e1 ser encaminhada pelo futuro governo at\u00e9 15 de abril, quando ser\u00e1 apresentado o projeto da Lei de Diretrizes Or\u00e7ament\u00e1rias (LDO) de 2020. Abono salarial Em rela\u00e7\u00e3o ao abono salarial, a Fazenda recomendou a extin\u00e7\u00e3o do benef\u00edcio por entender que n\u00e3o atende \u00e0 popula\u00e7\u00e3o em extrema pobreza, mas apenas empregados com carteira assinada. Previsto para consumir de R$ 19,2 bilh\u00f5es no pr\u00f3ximo ano, o abono \u00e9 pago ao trabalhador que recebe at\u00e9 dois sal\u00e1rios m\u00ednimos com carteira assinada, desde que tenha trabalhado pelo menos 30 dias no ano-base de apura\u00e7\u00e3o e tenha carteira de trabalho h\u00e1 pelo menos cinco anos. O valor varia de R$ 80, para quem trabalhou apenas por 30 dias, a um sal\u00e1rio m\u00ednimo (R$ 954), para quem trabalhou por 12 meses no ano anterior. Para aumentar a efici\u00eancia dos gastos sociais, o Minist\u00e9rio da Fazenda, que ser\u00e1 transformado em Minist\u00e9rio da Economia em janeiro, recomendou medidas adicionais, em que tamb\u00e9m entram a revis\u00e3o do Benef\u00edcio de Presta\u00e7\u00e3o Continuada (BPC), concedido a idosos e a pessoas com defici\u00eancia, a transfer\u00eancia da aposentadoria rural da Previd\u00eancia para a assist\u00eancia social e mudan\u00e7as no regime previdenci\u00e1rio dos militares, com a poss\u00edvel cobran\u00e7a de contribui\u00e7\u00e3o sobre pens\u00f5es e proventos de militares inativos. Para a Fazenda, o BPC, que paga um sal\u00e1rio m\u00ednimo a deficientes e a quem tem mais de 65 anos, \u00e9 menos eficaz que o Bolsa Fam\u00edlia na redu\u00e7\u00e3o da pobreza e tem alto n\u00edvel de judicializa\u00e7\u00e3o (questionado com frequ\u00eancia na Justi\u00e7a). O Or\u00e7amento do pr\u00f3ximo ano reserva R$ 59,2 bilh\u00f5es para o BPC, que ser\u00e1 pago a 4,9 milh\u00f5es de benefici\u00e1rios. Enquanto o Bolsa Fam\u00edlia, que paga um valor fixo por dependente e \u00e9 menor que o sal\u00e1rio m\u00ednimo, destinar\u00e1 R$ 29,5 bilh\u00f5es a 13,6 milh\u00f5es de fam\u00edlias. Segundo a Fazenda, o Bolsa Fam\u00edlia \u00e9 o programa mais eficaz para reduzir a pobreza porque 44,3% dos recursos s\u00e3o destinados aos 20% mais pobres da popula\u00e7\u00e3o. A Previd\u00eancia Social vai na dire\u00e7\u00e3o inversa: 40,6% dos benef\u00edcios pagos v\u00e3o para os 20% mais ricos, contra somente 3,3% dos recursos para os 20% mais pobres. FGTS Por fim, a Fazenda prop\u00f5e uma reforma no Fundo de Garantia do Tempo de Servi\u00e7o (FGTS), de modo a usar os recursos do fundo para financiar parcialmente o seguro-desemprego e aumentar a rentabilidade das contas, que atualmente pagam 3% mais Taxa Referencial ao ano, mais participa\u00e7\u00e3o nos lucros. A pasta tamb\u00e9m sugere a extin\u00e7\u00e3o do Fundo de Investimento do FGTS (FI-FGTS), que financia projetos escolhidos pelo governo e foi foco de corrup\u00e7\u00e3o nos \u00faltimos anos, por entender que a livre aloca\u00e7\u00e3o de recursos \u00e9 mais eficiente. Fonte: Ag\u00eancia Brasil","og_url":"https:\/\/noticiasemdestaque.com\/cd\/?p=14373","og_site_name":"Not&iacute;cias em Destaque","article_published_time":"2018-12-07T10:10:27+00:00","og_image":[{"width":590,"height":309,"url":"https:\/\/noticiasemdestaque.com\/cd\/wp-content\/uploads\/2018\/12\/Abono-Salarial-6-.jpg","type":"image\/jpeg"}],"author":"Not\u00edcias em Destaque","twitter_card":"summary_large_image","twitter_misc":{"Escrito por":"Not\u00edcias em Destaque","Est. tempo de leitura":"4 minutos"},"schema":{"@context":"https:\/\/schema.org","@graph":[{"@type":"Article","@id":"https:\/\/noticiasemdestaque.com\/cd\/?p=14373#article","isPartOf":{"@id":"https:\/\/noticiasemdestaque.com\/cd\/?p=14373"},"author":{"name":"Not\u00edcias em Destaque","@id":"https:\/\/noticiasemdestaque.com\/cd\/#\/schema\/person\/47f7d4f55eec17c6b2ca036c5500f6ce"},"headline":"Fazenda sugere fim do abono salarial","datePublished":"2018-12-07T10:10:27+00:00","mainEntityOfPage":{"@id":"https:\/\/noticiasemdestaque.com\/cd\/?p=14373"},"wordCount":759,"publisher":{"@id":"https:\/\/noticiasemdestaque.com\/cd\/#organization"},"image":{"@id":"https:\/\/noticiasemdestaque.com\/cd\/?p=14373#primaryimage"},"thumbnailUrl":"https:\/\/noticiasemdestaque.com\/cd\/wp-content\/uploads\/2018\/12\/Abono-Salarial-6-.jpg","articleSection":["Geral"],"inLanguage":"pt-BR"},{"@type":"WebPage","@id":"https:\/\/noticiasemdestaque.com\/cd\/?p=14373","url":"https:\/\/noticiasemdestaque.com\/cd\/?p=14373","name":"Fazenda sugere fim do abono salarial - Not&iacute;cias em Destaque","isPartOf":{"@id":"https:\/\/noticiasemdestaque.com\/cd\/#website"},"primaryImageOfPage":{"@id":"https:\/\/noticiasemdestaque.com\/cd\/?p=14373#primaryimage"},"image":{"@id":"https:\/\/noticiasemdestaque.com\/cd\/?p=14373#primaryimage"},"thumbnailUrl":"https:\/\/noticiasemdestaque.com\/cd\/wp-content\/uploads\/2018\/12\/Abono-Salarial-6-.jpg","datePublished":"2018-12-07T10:10:27+00:00","breadcrumb":{"@id":"https:\/\/noticiasemdestaque.com\/cd\/?p=14373#breadcrumb"},"inLanguage":"pt-BR","potentialAction":[{"@type":"ReadAction","target":["https:\/\/noticiasemdestaque.com\/cd\/?p=14373"]}]},{"@type":"ImageObject","inLanguage":"pt-BR","@id":"https:\/\/noticiasemdestaque.com\/cd\/?p=14373#primaryimage","url":"https:\/\/noticiasemdestaque.com\/cd\/wp-content\/uploads\/2018\/12\/Abono-Salarial-6-.jpg","contentUrl":"https:\/\/noticiasemdestaque.com\/cd\/wp-content\/uploads\/2018\/12\/Abono-Salarial-6-.jpg","width":590,"height":309},{"@type":"BreadcrumbList","@id":"https:\/\/noticiasemdestaque.com\/cd\/?p=14373#breadcrumb","itemListElement":[{"@type":"ListItem","position":1,"name":"In\u00edcio","item":"https:\/\/noticiasemdestaque.com\/cd\/"},{"@type":"ListItem","position":2,"name":"Fazenda sugere fim do abono salarial"}]},{"@type":"WebSite","@id":"https:\/\/noticiasemdestaque.com\/cd\/#website","url":"https:\/\/noticiasemdestaque.com\/cd\/","name":"Not&iacute;cias em Destaque","description":"","publisher":{"@id":"https:\/\/noticiasemdestaque.com\/cd\/#organization"},"potentialAction":[{"@type":"SearchAction","target":{"@type":"EntryPoint","urlTemplate":"https:\/\/noticiasemdestaque.com\/cd\/?s={search_term_string}"},"query-input":{"@type":"PropertyValueSpecification","valueRequired":true,"valueName":"search_term_string"}}],"inLanguage":"pt-BR"},{"@type":"Organization","@id":"https:\/\/noticiasemdestaque.com\/cd\/#organization","name":"Not\u00edcias em Destaque","url":"https:\/\/noticiasemdestaque.com\/cd\/","logo":{"@type":"ImageObject","inLanguage":"pt-BR","@id":"https:\/\/noticiasemdestaque.com\/cd\/#\/schema\/logo\/image\/","url":"https:\/\/noticiasemdestaque.com\/cd\/wp-content\/uploads\/2022\/05\/imagem-base-noticiasemdestaque.png","contentUrl":"https:\/\/noticiasemdestaque.com\/cd\/wp-content\/uploads\/2022\/05\/imagem-base-noticiasemdestaque.png","width":1200,"height":630,"caption":"Not\u00edcias em Destaque"},"image":{"@id":"https:\/\/noticiasemdestaque.com\/cd\/#\/schema\/logo\/image\/"}},{"@type":"Person","@id":"https:\/\/noticiasemdestaque.com\/cd\/#\/schema\/person\/47f7d4f55eec17c6b2ca036c5500f6ce","name":"Not\u00edcias em Destaque","url":"https:\/\/noticiasemdestaque.com\/cd\/?author=2"}]}},"jetpack_featured_media_url":"https:\/\/noticiasemdestaque.com\/cd\/wp-content\/uploads\/2018\/12\/Abono-Salarial-6-.jpg","jetpack_sharing_enabled":true,"_links":{"self":[{"href":"https:\/\/noticiasemdestaque.com\/cd\/index.php?rest_route=\/wp\/v2\/posts\/14373","targetHints":{"allow":["GET"]}}],"collection":[{"href":"https:\/\/noticiasemdestaque.com\/cd\/index.php?rest_route=\/wp\/v2\/posts"}],"about":[{"href":"https:\/\/noticiasemdestaque.com\/cd\/index.php?rest_route=\/wp\/v2\/types\/post"}],"author":[{"embeddable":true,"href":"https:\/\/noticiasemdestaque.com\/cd\/index.php?rest_route=\/wp\/v2\/users\/2"}],"replies":[{"embeddable":true,"href":"https:\/\/noticiasemdestaque.com\/cd\/index.php?rest_route=%2Fwp%2Fv2%2Fcomments&post=14373"}],"version-history":[{"count":1,"href":"https:\/\/noticiasemdestaque.com\/cd\/index.php?rest_route=\/wp\/v2\/posts\/14373\/revisions"}],"predecessor-version":[{"id":14375,"href":"https:\/\/noticiasemdestaque.com\/cd\/index.php?rest_route=\/wp\/v2\/posts\/14373\/revisions\/14375"}],"wp:featuredmedia":[{"embeddable":true,"href":"https:\/\/noticiasemdestaque.com\/cd\/index.php?rest_route=\/wp\/v2\/media\/14374"}],"wp:attachment":[{"href":"https:\/\/noticiasemdestaque.com\/cd\/index.php?rest_route=%2Fwp%2Fv2%2Fmedia&parent=14373"}],"wp:term":[{"taxonomy":"category","embeddable":true,"href":"https:\/\/noticiasemdestaque.com\/cd\/index.php?rest_route=%2Fwp%2Fv2%2Fcategories&post=14373"},{"taxonomy":"post_tag","embeddable":true,"href":"https:\/\/noticiasemdestaque.com\/cd\/index.php?rest_route=%2Fwp%2Fv2%2Ftags&post=14373"}],"curies":[{"name":"wp","href":"https:\/\/api.w.org\/{rel}","templated":true}]}}