{"id":14371,"date":"2018-12-07T07:06:59","date_gmt":"2018-12-07T10:06:59","guid":{"rendered":"http:\/\/noticiasemdestaque.com\/cd\/?p=14371"},"modified":"2018-12-07T07:06:59","modified_gmt":"2018-12-07T10:06:59","slug":"mpf-investiga-doacoes-irregulares-para-campanha-de-luiz-couto","status":"publish","type":"post","link":"https:\/\/noticiasemdestaque.com\/cd\/?p=14371","title":{"rendered":"MPF investiga doa\u00e7\u00f5es irregulares para campanha de Luiz Couto"},"content":{"rendered":"<p><a href=\"https:\/\/noticiasemdestaque.com\/cd\/wp-content\/uploads\/2018\/05\/LUIZ-COUTO_-FT-WANDRI-TADEUS_-CARIRI-EM-DESTAQUE.jpg\"><img fetchpriority=\"high\" decoding=\"async\" class=\"alignnone size-full wp-image-9858\" src=\"https:\/\/noticiasemdestaque.com\/cd\/wp-content\/uploads\/2018\/05\/LUIZ-COUTO_-FT-WANDRI-TADEUS_-CARIRI-EM-DESTAQUE.jpg\" alt=\"\" width=\"845\" height=\"608\" srcset=\"https:\/\/noticiasemdestaque.com\/cd\/wp-content\/uploads\/2018\/05\/LUIZ-COUTO_-FT-WANDRI-TADEUS_-CARIRI-EM-DESTAQUE.jpg 845w, https:\/\/noticiasemdestaque.com\/cd\/wp-content\/uploads\/2018\/05\/LUIZ-COUTO_-FT-WANDRI-TADEUS_-CARIRI-EM-DESTAQUE-300x216.jpg 300w, https:\/\/noticiasemdestaque.com\/cd\/wp-content\/uploads\/2018\/05\/LUIZ-COUTO_-FT-WANDRI-TADEUS_-CARIRI-EM-DESTAQUE-768x553.jpg 768w\" sizes=\"(max-width: 845px) 100vw, 845px\" \/><\/a><\/p>\n<p>O Minist\u00e9rio P\u00fablico Federal instaurou um Procedimento Preparat\u00f3rio Eleitoral para apurar poss\u00edveis irregularidades nas contas do deputado federal e ex-candidato ao Senado, Luiz Couto (PT).<\/p>\n<p>Na portaria publicada no Di\u00e1rio da Justi\u00e7a Eletr\u00f4nica, o procurador S\u00e9rgio Rodrigo Pimentel afirma que foi encontrada uma inconsist\u00eancia na doa\u00e7\u00e3o de campanha por parte de uma pessoa cuja renda formal conhecida n\u00e3o \u00e9 compat\u00edvel com o valor doado.<\/p>\n<p>Al\u00e9m da grande concentra\u00e7\u00e3o de doadores no quadro de funcion\u00e1rios de uma mesma pessoa jur\u00eddica, que segundo o procurador, revelaria ind\u00edcio de doa\u00e7\u00e3o indireta por pessoa jur\u00eddica.<\/p>\n<p>As poss\u00edveis irregularidades foram apontadas ap\u00f3s a an\u00e1lise do Sistema de Investiga\u00e7\u00e3o de Contas Eleitorais, atrav\u00e9s do m\u00f3dulo \u2018conta suja\u2019.<\/p>\n<p>A partir de agora, a portaria ser\u00e1 comunicada \u00e0 Procuradoria-Geral Eleitoral e ser\u00e3o cumpridas dilig\u00eancias para apurar o caso. Luiz Couto disputou a uma das vagas ao Senado Federal na chapa encabe\u00e7ada pelo governador eleito da Para\u00edba, Jo\u00e3o Azev\u00eado (PSB).<\/p>\n<p>Fonte: MaisPB<\/p>\n","protected":false},"excerpt":{"rendered":"<p>O Minist\u00e9rio P\u00fablico Federal instaurou um Procedimento Preparat\u00f3rio Eleitoral para apurar poss\u00edveis irregularidades nas contas do deputado federal e ex-candidato ao Senado, Luiz Couto (PT). Na portaria publicada no Di\u00e1rio da Justi\u00e7a Eletr\u00f4nica, o procurador S\u00e9rgio Rodrigo Pimentel afirma que foi encontrada uma inconsist\u00eancia na doa\u00e7\u00e3o de campanha por parte de uma pessoa cuja renda formal conhecida n\u00e3o \u00e9 compat\u00edvel com o valor doado. Al\u00e9m da grande concentra\u00e7\u00e3o de doadores no quadro de funcion\u00e1rios de uma mesma pessoa jur\u00eddica, que segundo o procurador, revelaria ind\u00edcio de doa\u00e7\u00e3o indireta por pessoa jur\u00eddica. As poss\u00edveis irregularidades foram apontadas ap\u00f3s a an\u00e1lise do Sistema de Investiga\u00e7\u00e3o de Contas Eleitorais, atrav\u00e9s do m\u00f3dulo \u2018conta suja\u2019. A partir de agora, a portaria ser\u00e1 comunicada \u00e0 Procuradoria-Geral Eleitoral e ser\u00e3o cumpridas dilig\u00eancias para apurar o caso. Luiz Couto disputou a uma das vagas ao Senado Federal na chapa encabe\u00e7ada pelo governador eleito da Para\u00edba, Jo\u00e3o Azev\u00eado (PSB). Fonte: MaisPB<\/p>\n","protected":false},"author":2,"featured_media":9858,"comment_status":"closed","ping_status":"open","sticky":false,"template":"","format":"standard","meta":{"_eb_attr":"","_jetpack_memberships_contains_paid_content":false,"footnotes":""},"categories":[4],"tags":[],"class_list":["post-14371","post","type-post","status-publish","format-standard","has-post-thumbnail","hentry","category-politica"],"yoast_head":"<!-- This site is optimized with the Yoast SEO plugin v26.5 - https:\/\/yoast.com\/wordpress\/plugins\/seo\/ -->\n<title>MPF investiga doa\u00e7\u00f5es irregulares para campanha de Luiz Couto - Not&iacute;cias em Destaque<\/title>\n<meta name=\"robots\" content=\"index, follow, max-snippet:-1, max-image-preview:large, max-video-preview:-1\" \/>\n<link rel=\"canonical\" href=\"https:\/\/noticiasemdestaque.com\/cd\/?p=14371\" \/>\n<meta property=\"og:locale\" content=\"pt_BR\" \/>\n<meta property=\"og:type\" content=\"article\" \/>\n<meta property=\"og:title\" content=\"MPF investiga doa\u00e7\u00f5es irregulares para campanha de Luiz Couto - Not&iacute;cias em Destaque\" \/>\n<meta property=\"og:description\" content=\"O Minist\u00e9rio P\u00fablico Federal instaurou um Procedimento Preparat\u00f3rio Eleitoral para apurar poss\u00edveis irregularidades nas contas do deputado federal e ex-candidato ao Senado, Luiz Couto (PT). Na portaria publicada no Di\u00e1rio da Justi\u00e7a Eletr\u00f4nica, o procurador S\u00e9rgio Rodrigo Pimentel afirma que foi encontrada uma inconsist\u00eancia na doa\u00e7\u00e3o de campanha por parte de uma pessoa cuja renda formal conhecida n\u00e3o \u00e9 compat\u00edvel com o valor doado. Al\u00e9m da grande concentra\u00e7\u00e3o de doadores no quadro de funcion\u00e1rios de uma mesma pessoa jur\u00eddica, que segundo o procurador, revelaria ind\u00edcio de doa\u00e7\u00e3o indireta por pessoa jur\u00eddica. As poss\u00edveis irregularidades foram apontadas ap\u00f3s a an\u00e1lise do Sistema de Investiga\u00e7\u00e3o de Contas Eleitorais, atrav\u00e9s do m\u00f3dulo \u2018conta suja\u2019. A partir de agora, a portaria ser\u00e1 comunicada \u00e0 Procuradoria-Geral Eleitoral e ser\u00e3o cumpridas dilig\u00eancias para apurar o caso. Luiz Couto disputou a uma das vagas ao Senado Federal na chapa encabe\u00e7ada pelo governador eleito da Para\u00edba, Jo\u00e3o Azev\u00eado (PSB). Fonte: MaisPB\" \/>\n<meta property=\"og:url\" content=\"https:\/\/noticiasemdestaque.com\/cd\/?p=14371\" \/>\n<meta property=\"og:site_name\" content=\"Not&iacute;cias em Destaque\" \/>\n<meta property=\"article:published_time\" content=\"2018-12-07T10:06:59+00:00\" \/>\n<meta property=\"og:image\" content=\"https:\/\/noticiasemdestaque.com\/cd\/wp-content\/uploads\/2018\/05\/LUIZ-COUTO_-FT-WANDRI-TADEUS_-CARIRI-EM-DESTAQUE.jpg\" \/>\n\t<meta property=\"og:image:width\" content=\"845\" \/>\n\t<meta property=\"og:image:height\" content=\"608\" \/>\n\t<meta property=\"og:image:type\" content=\"image\/jpeg\" \/>\n<meta name=\"author\" content=\"Not\u00edcias em Destaque\" \/>\n<meta name=\"twitter:card\" content=\"summary_large_image\" \/>\n<meta name=\"twitter:label1\" content=\"Escrito por\" \/>\n\t<meta name=\"twitter:data1\" content=\"Not\u00edcias em Destaque\" \/>\n\t<meta name=\"twitter:label2\" content=\"Est. tempo de leitura\" \/>\n\t<meta name=\"twitter:data2\" content=\"1 minuto\" \/>\n<script type=\"application\/ld+json\" class=\"yoast-schema-graph\">{\"@context\":\"https:\/\/schema.org\",\"@graph\":[{\"@type\":\"Article\",\"@id\":\"https:\/\/noticiasemdestaque.com\/cd\/?p=14371#article\",\"isPartOf\":{\"@id\":\"https:\/\/noticiasemdestaque.com\/cd\/?p=14371\"},\"author\":{\"name\":\"Not\u00edcias em Destaque\",\"@id\":\"https:\/\/noticiasemdestaque.com\/cd\/#\/schema\/person\/47f7d4f55eec17c6b2ca036c5500f6ce\"},\"headline\":\"MPF investiga doa\u00e7\u00f5es irregulares para campanha de Luiz Couto\",\"datePublished\":\"2018-12-07T10:06:59+00:00\",\"mainEntityOfPage\":{\"@id\":\"https:\/\/noticiasemdestaque.com\/cd\/?p=14371\"},\"wordCount\":192,\"publisher\":{\"@id\":\"https:\/\/noticiasemdestaque.com\/cd\/#organization\"},\"image\":{\"@id\":\"https:\/\/noticiasemdestaque.com\/cd\/?p=14371#primaryimage\"},\"thumbnailUrl\":\"https:\/\/noticiasemdestaque.com\/cd\/wp-content\/uploads\/2018\/05\/LUIZ-COUTO_-FT-WANDRI-TADEUS_-CARIRI-EM-DESTAQUE.jpg\",\"articleSection\":[\"Pol\u00edtica\"],\"inLanguage\":\"pt-BR\"},{\"@type\":\"WebPage\",\"@id\":\"https:\/\/noticiasemdestaque.com\/cd\/?p=14371\",\"url\":\"https:\/\/noticiasemdestaque.com\/cd\/?p=14371\",\"name\":\"MPF investiga doa\u00e7\u00f5es irregulares para campanha de Luiz Couto - Not&iacute;cias em Destaque\",\"isPartOf\":{\"@id\":\"https:\/\/noticiasemdestaque.com\/cd\/#website\"},\"primaryImageOfPage\":{\"@id\":\"https:\/\/noticiasemdestaque.com\/cd\/?p=14371#primaryimage\"},\"image\":{\"@id\":\"https:\/\/noticiasemdestaque.com\/cd\/?p=14371#primaryimage\"},\"thumbnailUrl\":\"https:\/\/noticiasemdestaque.com\/cd\/wp-content\/uploads\/2018\/05\/LUIZ-COUTO_-FT-WANDRI-TADEUS_-CARIRI-EM-DESTAQUE.jpg\",\"datePublished\":\"2018-12-07T10:06:59+00:00\",\"breadcrumb\":{\"@id\":\"https:\/\/noticiasemdestaque.com\/cd\/?p=14371#breadcrumb\"},\"inLanguage\":\"pt-BR\",\"potentialAction\":[{\"@type\":\"ReadAction\",\"target\":[\"https:\/\/noticiasemdestaque.com\/cd\/?p=14371\"]}]},{\"@type\":\"ImageObject\",\"inLanguage\":\"pt-BR\",\"@id\":\"https:\/\/noticiasemdestaque.com\/cd\/?p=14371#primaryimage\",\"url\":\"https:\/\/noticiasemdestaque.com\/cd\/wp-content\/uploads\/2018\/05\/LUIZ-COUTO_-FT-WANDRI-TADEUS_-CARIRI-EM-DESTAQUE.jpg\",\"contentUrl\":\"https:\/\/noticiasemdestaque.com\/cd\/wp-content\/uploads\/2018\/05\/LUIZ-COUTO_-FT-WANDRI-TADEUS_-CARIRI-EM-DESTAQUE.jpg\",\"width\":845,\"height\":608},{\"@type\":\"BreadcrumbList\",\"@id\":\"https:\/\/noticiasemdestaque.com\/cd\/?p=14371#breadcrumb\",\"itemListElement\":[{\"@type\":\"ListItem\",\"position\":1,\"name\":\"In\u00edcio\",\"item\":\"https:\/\/noticiasemdestaque.com\/cd\/\"},{\"@type\":\"ListItem\",\"position\":2,\"name\":\"MPF investiga doa\u00e7\u00f5es irregulares para campanha de Luiz Couto\"}]},{\"@type\":\"WebSite\",\"@id\":\"https:\/\/noticiasemdestaque.com\/cd\/#website\",\"url\":\"https:\/\/noticiasemdestaque.com\/cd\/\",\"name\":\"Not&iacute;cias em Destaque\",\"description\":\"\",\"publisher\":{\"@id\":\"https:\/\/noticiasemdestaque.com\/cd\/#organization\"},\"potentialAction\":[{\"@type\":\"SearchAction\",\"target\":{\"@type\":\"EntryPoint\",\"urlTemplate\":\"https:\/\/noticiasemdestaque.com\/cd\/?s={search_term_string}\"},\"query-input\":{\"@type\":\"PropertyValueSpecification\",\"valueRequired\":true,\"valueName\":\"search_term_string\"}}],\"inLanguage\":\"pt-BR\"},{\"@type\":\"Organization\",\"@id\":\"https:\/\/noticiasemdestaque.com\/cd\/#organization\",\"name\":\"Not\u00edcias em Destaque\",\"url\":\"https:\/\/noticiasemdestaque.com\/cd\/\",\"logo\":{\"@type\":\"ImageObject\",\"inLanguage\":\"pt-BR\",\"@id\":\"https:\/\/noticiasemdestaque.com\/cd\/#\/schema\/logo\/image\/\",\"url\":\"https:\/\/noticiasemdestaque.com\/cd\/wp-content\/uploads\/2022\/05\/imagem-base-noticiasemdestaque.png\",\"contentUrl\":\"https:\/\/noticiasemdestaque.com\/cd\/wp-content\/uploads\/2022\/05\/imagem-base-noticiasemdestaque.png\",\"width\":1200,\"height\":630,\"caption\":\"Not\u00edcias em Destaque\"},\"image\":{\"@id\":\"https:\/\/noticiasemdestaque.com\/cd\/#\/schema\/logo\/image\/\"}},{\"@type\":\"Person\",\"@id\":\"https:\/\/noticiasemdestaque.com\/cd\/#\/schema\/person\/47f7d4f55eec17c6b2ca036c5500f6ce\",\"name\":\"Not\u00edcias em Destaque\",\"url\":\"https:\/\/noticiasemdestaque.com\/cd\/?author=2\"}]}<\/script>\n<!-- \/ Yoast SEO plugin. -->","yoast_head_json":{"title":"MPF investiga doa\u00e7\u00f5es irregulares para campanha de Luiz Couto - Not&iacute;cias em Destaque","robots":{"index":"index","follow":"follow","max-snippet":"max-snippet:-1","max-image-preview":"max-image-preview:large","max-video-preview":"max-video-preview:-1"},"canonical":"https:\/\/noticiasemdestaque.com\/cd\/?p=14371","og_locale":"pt_BR","og_type":"article","og_title":"MPF investiga doa\u00e7\u00f5es irregulares para campanha de Luiz Couto - Not&iacute;cias em Destaque","og_description":"O Minist\u00e9rio P\u00fablico Federal instaurou um Procedimento Preparat\u00f3rio Eleitoral para apurar poss\u00edveis irregularidades nas contas do deputado federal e ex-candidato ao Senado, Luiz Couto (PT). Na portaria publicada no Di\u00e1rio da Justi\u00e7a Eletr\u00f4nica, o procurador S\u00e9rgio Rodrigo Pimentel afirma que foi encontrada uma inconsist\u00eancia na doa\u00e7\u00e3o de campanha por parte de uma pessoa cuja renda formal conhecida n\u00e3o \u00e9 compat\u00edvel com o valor doado. Al\u00e9m da grande concentra\u00e7\u00e3o de doadores no quadro de funcion\u00e1rios de uma mesma pessoa jur\u00eddica, que segundo o procurador, revelaria ind\u00edcio de doa\u00e7\u00e3o indireta por pessoa jur\u00eddica. As poss\u00edveis irregularidades foram apontadas ap\u00f3s a an\u00e1lise do Sistema de Investiga\u00e7\u00e3o de Contas Eleitorais, atrav\u00e9s do m\u00f3dulo \u2018conta suja\u2019. A partir de agora, a portaria ser\u00e1 comunicada \u00e0 Procuradoria-Geral Eleitoral e ser\u00e3o cumpridas dilig\u00eancias para apurar o caso. Luiz Couto disputou a uma das vagas ao Senado Federal na chapa encabe\u00e7ada pelo governador eleito da Para\u00edba, Jo\u00e3o Azev\u00eado (PSB). Fonte: MaisPB","og_url":"https:\/\/noticiasemdestaque.com\/cd\/?p=14371","og_site_name":"Not&iacute;cias em Destaque","article_published_time":"2018-12-07T10:06:59+00:00","og_image":[{"width":845,"height":608,"url":"https:\/\/noticiasemdestaque.com\/cd\/wp-content\/uploads\/2018\/05\/LUIZ-COUTO_-FT-WANDRI-TADEUS_-CARIRI-EM-DESTAQUE.jpg","type":"image\/jpeg"}],"author":"Not\u00edcias em Destaque","twitter_card":"summary_large_image","twitter_misc":{"Escrito por":"Not\u00edcias em Destaque","Est. tempo de leitura":"1 minuto"},"schema":{"@context":"https:\/\/schema.org","@graph":[{"@type":"Article","@id":"https:\/\/noticiasemdestaque.com\/cd\/?p=14371#article","isPartOf":{"@id":"https:\/\/noticiasemdestaque.com\/cd\/?p=14371"},"author":{"name":"Not\u00edcias em Destaque","@id":"https:\/\/noticiasemdestaque.com\/cd\/#\/schema\/person\/47f7d4f55eec17c6b2ca036c5500f6ce"},"headline":"MPF investiga doa\u00e7\u00f5es irregulares para campanha de Luiz Couto","datePublished":"2018-12-07T10:06:59+00:00","mainEntityOfPage":{"@id":"https:\/\/noticiasemdestaque.com\/cd\/?p=14371"},"wordCount":192,"publisher":{"@id":"https:\/\/noticiasemdestaque.com\/cd\/#organization"},"image":{"@id":"https:\/\/noticiasemdestaque.com\/cd\/?p=14371#primaryimage"},"thumbnailUrl":"https:\/\/noticiasemdestaque.com\/cd\/wp-content\/uploads\/2018\/05\/LUIZ-COUTO_-FT-WANDRI-TADEUS_-CARIRI-EM-DESTAQUE.jpg","articleSection":["Pol\u00edtica"],"inLanguage":"pt-BR"},{"@type":"WebPage","@id":"https:\/\/noticiasemdestaque.com\/cd\/?p=14371","url":"https:\/\/noticiasemdestaque.com\/cd\/?p=14371","name":"MPF investiga doa\u00e7\u00f5es irregulares para campanha de Luiz Couto - Not&iacute;cias em Destaque","isPartOf":{"@id":"https:\/\/noticiasemdestaque.com\/cd\/#website"},"primaryImageOfPage":{"@id":"https:\/\/noticiasemdestaque.com\/cd\/?p=14371#primaryimage"},"image":{"@id":"https:\/\/noticiasemdestaque.com\/cd\/?p=14371#primaryimage"},"thumbnailUrl":"https:\/\/noticiasemdestaque.com\/cd\/wp-content\/uploads\/2018\/05\/LUIZ-COUTO_-FT-WANDRI-TADEUS_-CARIRI-EM-DESTAQUE.jpg","datePublished":"2018-12-07T10:06:59+00:00","breadcrumb":{"@id":"https:\/\/noticiasemdestaque.com\/cd\/?p=14371#breadcrumb"},"inLanguage":"pt-BR","potentialAction":[{"@type":"ReadAction","target":["https:\/\/noticiasemdestaque.com\/cd\/?p=14371"]}]},{"@type":"ImageObject","inLanguage":"pt-BR","@id":"https:\/\/noticiasemdestaque.com\/cd\/?p=14371#primaryimage","url":"https:\/\/noticiasemdestaque.com\/cd\/wp-content\/uploads\/2018\/05\/LUIZ-COUTO_-FT-WANDRI-TADEUS_-CARIRI-EM-DESTAQUE.jpg","contentUrl":"https:\/\/noticiasemdestaque.com\/cd\/wp-content\/uploads\/2018\/05\/LUIZ-COUTO_-FT-WANDRI-TADEUS_-CARIRI-EM-DESTAQUE.jpg","width":845,"height":608},{"@type":"BreadcrumbList","@id":"https:\/\/noticiasemdestaque.com\/cd\/?p=14371#breadcrumb","itemListElement":[{"@type":"ListItem","position":1,"name":"In\u00edcio","item":"https:\/\/noticiasemdestaque.com\/cd\/"},{"@type":"ListItem","position":2,"name":"MPF investiga doa\u00e7\u00f5es irregulares para campanha de Luiz Couto"}]},{"@type":"WebSite","@id":"https:\/\/noticiasemdestaque.com\/cd\/#website","url":"https:\/\/noticiasemdestaque.com\/cd\/","name":"Not&iacute;cias em Destaque","description":"","publisher":{"@id":"https:\/\/noticiasemdestaque.com\/cd\/#organization"},"potentialAction":[{"@type":"SearchAction","target":{"@type":"EntryPoint","urlTemplate":"https:\/\/noticiasemdestaque.com\/cd\/?s={search_term_string}"},"query-input":{"@type":"PropertyValueSpecification","valueRequired":true,"valueName":"search_term_string"}}],"inLanguage":"pt-BR"},{"@type":"Organization","@id":"https:\/\/noticiasemdestaque.com\/cd\/#organization","name":"Not\u00edcias em Destaque","url":"https:\/\/noticiasemdestaque.com\/cd\/","logo":{"@type":"ImageObject","inLanguage":"pt-BR","@id":"https:\/\/noticiasemdestaque.com\/cd\/#\/schema\/logo\/image\/","url":"https:\/\/noticiasemdestaque.com\/cd\/wp-content\/uploads\/2022\/05\/imagem-base-noticiasemdestaque.png","contentUrl":"https:\/\/noticiasemdestaque.com\/cd\/wp-content\/uploads\/2022\/05\/imagem-base-noticiasemdestaque.png","width":1200,"height":630,"caption":"Not\u00edcias em Destaque"},"image":{"@id":"https:\/\/noticiasemdestaque.com\/cd\/#\/schema\/logo\/image\/"}},{"@type":"Person","@id":"https:\/\/noticiasemdestaque.com\/cd\/#\/schema\/person\/47f7d4f55eec17c6b2ca036c5500f6ce","name":"Not\u00edcias em Destaque","url":"https:\/\/noticiasemdestaque.com\/cd\/?author=2"}]}},"jetpack_featured_media_url":"https:\/\/noticiasemdestaque.com\/cd\/wp-content\/uploads\/2018\/05\/LUIZ-COUTO_-FT-WANDRI-TADEUS_-CARIRI-EM-DESTAQUE.jpg","jetpack_sharing_enabled":true,"_links":{"self":[{"href":"https:\/\/noticiasemdestaque.com\/cd\/index.php?rest_route=\/wp\/v2\/posts\/14371","targetHints":{"allow":["GET"]}}],"collection":[{"href":"https:\/\/noticiasemdestaque.com\/cd\/index.php?rest_route=\/wp\/v2\/posts"}],"about":[{"href":"https:\/\/noticiasemdestaque.com\/cd\/index.php?rest_route=\/wp\/v2\/types\/post"}],"author":[{"embeddable":true,"href":"https:\/\/noticiasemdestaque.com\/cd\/index.php?rest_route=\/wp\/v2\/users\/2"}],"replies":[{"embeddable":true,"href":"https:\/\/noticiasemdestaque.com\/cd\/index.php?rest_route=%2Fwp%2Fv2%2Fcomments&post=14371"}],"version-history":[{"count":1,"href":"https:\/\/noticiasemdestaque.com\/cd\/index.php?rest_route=\/wp\/v2\/posts\/14371\/revisions"}],"predecessor-version":[{"id":14372,"href":"https:\/\/noticiasemdestaque.com\/cd\/index.php?rest_route=\/wp\/v2\/posts\/14371\/revisions\/14372"}],"wp:featuredmedia":[{"embeddable":true,"href":"https:\/\/noticiasemdestaque.com\/cd\/index.php?rest_route=\/wp\/v2\/media\/9858"}],"wp:attachment":[{"href":"https:\/\/noticiasemdestaque.com\/cd\/index.php?rest_route=%2Fwp%2Fv2%2Fmedia&parent=14371"}],"wp:term":[{"taxonomy":"category","embeddable":true,"href":"https:\/\/noticiasemdestaque.com\/cd\/index.php?rest_route=%2Fwp%2Fv2%2Fcategories&post=14371"},{"taxonomy":"post_tag","embeddable":true,"href":"https:\/\/noticiasemdestaque.com\/cd\/index.php?rest_route=%2Fwp%2Fv2%2Ftags&post=14371"}],"curies":[{"name":"wp","href":"https:\/\/api.w.org\/{rel}","templated":true}]}}