{"id":14247,"date":"2018-11-29T23:24:37","date_gmt":"2018-11-30T02:24:37","guid":{"rendered":"http:\/\/noticiasemdestaque.com\/cd\/?p=14247"},"modified":"2018-11-29T23:24:37","modified_gmt":"2018-11-30T02:24:37","slug":"prefeito-eden-emite-nota-de-pesar-pelo-falecimento-da-mae-do-deputado-branco-mendes","status":"publish","type":"post","link":"https:\/\/noticiasemdestaque.com\/cd\/?p=14247","title":{"rendered":"Prefeito \u00c9den emite nota de pesar pelo falecimento da m\u00e3e do deputado Branco Mendes"},"content":{"rendered":"<p><a href=\"https:\/\/noticiasemdestaque.com\/cd\/wp-content\/uploads\/2018\/11\/47371751_1144804205682170_6432006365220175872_n.jpg\"><img fetchpriority=\"high\" decoding=\"async\" class=\"wp-image-14254 aligncenter\" src=\"https:\/\/noticiasemdestaque.com\/cd\/wp-content\/uploads\/2018\/11\/47371751_1144804205682170_6432006365220175872_n.jpg\" alt=\"\" width=\"494\" height=\"412\" srcset=\"https:\/\/noticiasemdestaque.com\/cd\/wp-content\/uploads\/2018\/11\/47371751_1144804205682170_6432006365220175872_n.jpg 569w, https:\/\/noticiasemdestaque.com\/cd\/wp-content\/uploads\/2018\/11\/47371751_1144804205682170_6432006365220175872_n-300x250.jpg 300w\" sizes=\"(max-width: 494px) 100vw, 494px\" \/><\/a><\/p>\n<div id=\"js_4h\" class=\"_5pbx userContent _3576\" data-ad-preview=\"message\" data-ft=\"{&quot;tn&quot;:&quot;K&quot;}\">\n<div id=\"id_5c009dcedd9989551057620\" class=\"text_exposed_root text_exposed\">\n<p>\u00c9 com muito pesar que comunico o falecimento da m\u00e3e do deputado Branco Mendes, dona Francisca Rodrigues N\u00f3brega.<\/p>\n<p>Ela tinha 83 anos de idade e faleceu na manh\u00e3 desta quinta-feira (29). O vel\u00f3rio ser\u00e1 realizado na Central S\u00e3o Jo\u00e3o Batista, em Jo\u00e3o Pessoa. O sepultamento ocorrer\u00e1 nesta sexta-feira (30), no s\u00edtio Logradouro, munic\u00edpio de Aguiar, terra natal da fam\u00edlia.<\/p>\n<div class=\"text_exposed_show\">\n<p>Neste momento de profundo pesar, solidarizo-me com os familiares do deputado e amigo Branco Mendes, pedindo a Deus que conforte o cora\u00e7\u00e3o de cada um neste momento de dor e que d\u00ea a dona Francisca o merecido repouso eterno.<\/p>\n<p>Respeitosamente prestamos as nossas condol\u00eancias e deixamos os nossos sinceros p\u00easames.<\/p>\n<p>\u00c9den Duarte<br \/>\nPrefeito de Sum\u00e9<\/p>\n<\/div>\n<\/div>\n<\/div>\n<div class=\"_3x-2\" data-ft=\"{&quot;tn&quot;:&quot;H&quot;}\"><\/div>\n","protected":false},"excerpt":{"rendered":"<p>\u00c9 com muito pesar que comunico o falecimento da m\u00e3e do deputado Branco Mendes, dona Francisca Rodrigues N\u00f3brega. Ela tinha 83 anos de idade e faleceu na manh\u00e3 desta quinta-feira (29). O vel\u00f3rio ser\u00e1 realizado na Central S\u00e3o Jo\u00e3o Batista, em Jo\u00e3o Pessoa. O sepultamento ocorrer\u00e1 nesta sexta-feira (30), no s\u00edtio Logradouro, munic\u00edpio de Aguiar, terra natal da fam\u00edlia. Neste momento de profundo pesar, solidarizo-me com os familiares do deputado e amigo Branco Mendes, pedindo a Deus que conforte o cora\u00e7\u00e3o de cada um neste momento de dor e que d\u00ea a dona Francisca o merecido repouso eterno. Respeitosamente prestamos as nossas condol\u00eancias e deixamos os nossos sinceros p\u00easames. \u00c9den Duarte Prefeito de Sum\u00e9<\/p>\n","protected":false},"author":2,"featured_media":14254,"comment_status":"closed","ping_status":"open","sticky":false,"template":"","format":"standard","meta":{"_eb_attr":"","_jetpack_memberships_contains_paid_content":false,"footnotes":""},"categories":[4],"tags":[],"class_list":["post-14247","post","type-post","status-publish","format-standard","has-post-thumbnail","hentry","category-politica"],"yoast_head":"<!-- This site is optimized with the Yoast SEO plugin v26.5 - https:\/\/yoast.com\/wordpress\/plugins\/seo\/ -->\n<title>Prefeito \u00c9den emite nota de pesar pelo falecimento da m\u00e3e do deputado Branco Mendes - Not&iacute;cias em Destaque<\/title>\n<meta name=\"robots\" content=\"index, follow, max-snippet:-1, max-image-preview:large, max-video-preview:-1\" \/>\n<link rel=\"canonical\" href=\"https:\/\/noticiasemdestaque.com\/cd\/?p=14247\" \/>\n<meta property=\"og:locale\" content=\"pt_BR\" \/>\n<meta property=\"og:type\" content=\"article\" \/>\n<meta property=\"og:title\" content=\"Prefeito \u00c9den emite nota de pesar pelo falecimento da m\u00e3e do deputado Branco Mendes - Not&iacute;cias em Destaque\" \/>\n<meta property=\"og:description\" content=\"\u00c9 com muito pesar que comunico o falecimento da m\u00e3e do deputado Branco Mendes, dona Francisca Rodrigues N\u00f3brega. Ela tinha 83 anos de idade e faleceu na manh\u00e3 desta quinta-feira (29). O vel\u00f3rio ser\u00e1 realizado na Central S\u00e3o Jo\u00e3o Batista, em Jo\u00e3o Pessoa. O sepultamento ocorrer\u00e1 nesta sexta-feira (30), no s\u00edtio Logradouro, munic\u00edpio de Aguiar, terra natal da fam\u00edlia. Neste momento de profundo pesar, solidarizo-me com os familiares do deputado e amigo Branco Mendes, pedindo a Deus que conforte o cora\u00e7\u00e3o de cada um neste momento de dor e que d\u00ea a dona Francisca o merecido repouso eterno. Respeitosamente prestamos as nossas condol\u00eancias e deixamos os nossos sinceros p\u00easames. \u00c9den Duarte Prefeito de Sum\u00e9\" \/>\n<meta property=\"og:url\" content=\"https:\/\/noticiasemdestaque.com\/cd\/?p=14247\" \/>\n<meta property=\"og:site_name\" content=\"Not&iacute;cias em Destaque\" \/>\n<meta property=\"article:published_time\" content=\"2018-11-30T02:24:37+00:00\" \/>\n<meta property=\"og:image\" content=\"https:\/\/noticiasemdestaque.com\/cd\/wp-content\/uploads\/2018\/11\/47371751_1144804205682170_6432006365220175872_n.jpg\" \/>\n\t<meta property=\"og:image:width\" content=\"569\" \/>\n\t<meta property=\"og:image:height\" content=\"475\" \/>\n\t<meta property=\"og:image:type\" content=\"image\/jpeg\" \/>\n<meta name=\"author\" content=\"Not\u00edcias em Destaque\" \/>\n<meta name=\"twitter:card\" content=\"summary_large_image\" \/>\n<meta name=\"twitter:label1\" content=\"Escrito por\" \/>\n\t<meta name=\"twitter:data1\" content=\"Not\u00edcias em Destaque\" \/>\n\t<meta name=\"twitter:label2\" content=\"Est. tempo de leitura\" \/>\n\t<meta name=\"twitter:data2\" content=\"1 minuto\" \/>\n<script type=\"application\/ld+json\" class=\"yoast-schema-graph\">{\"@context\":\"https:\/\/schema.org\",\"@graph\":[{\"@type\":\"Article\",\"@id\":\"https:\/\/noticiasemdestaque.com\/cd\/?p=14247#article\",\"isPartOf\":{\"@id\":\"https:\/\/noticiasemdestaque.com\/cd\/?p=14247\"},\"author\":{\"name\":\"Not\u00edcias em Destaque\",\"@id\":\"https:\/\/noticiasemdestaque.com\/cd\/#\/schema\/person\/47f7d4f55eec17c6b2ca036c5500f6ce\"},\"headline\":\"Prefeito \u00c9den emite nota de pesar pelo falecimento da m\u00e3e do deputado Branco Mendes\",\"datePublished\":\"2018-11-30T02:24:37+00:00\",\"mainEntityOfPage\":{\"@id\":\"https:\/\/noticiasemdestaque.com\/cd\/?p=14247\"},\"wordCount\":137,\"publisher\":{\"@id\":\"https:\/\/noticiasemdestaque.com\/cd\/#organization\"},\"image\":{\"@id\":\"https:\/\/noticiasemdestaque.com\/cd\/?p=14247#primaryimage\"},\"thumbnailUrl\":\"https:\/\/noticiasemdestaque.com\/cd\/wp-content\/uploads\/2018\/11\/47371751_1144804205682170_6432006365220175872_n.jpg\",\"articleSection\":[\"Pol\u00edtica\"],\"inLanguage\":\"pt-BR\"},{\"@type\":\"WebPage\",\"@id\":\"https:\/\/noticiasemdestaque.com\/cd\/?p=14247\",\"url\":\"https:\/\/noticiasemdestaque.com\/cd\/?p=14247\",\"name\":\"Prefeito \u00c9den emite nota de pesar pelo falecimento da m\u00e3e do deputado Branco Mendes - Not&iacute;cias em Destaque\",\"isPartOf\":{\"@id\":\"https:\/\/noticiasemdestaque.com\/cd\/#website\"},\"primaryImageOfPage\":{\"@id\":\"https:\/\/noticiasemdestaque.com\/cd\/?p=14247#primaryimage\"},\"image\":{\"@id\":\"https:\/\/noticiasemdestaque.com\/cd\/?p=14247#primaryimage\"},\"thumbnailUrl\":\"https:\/\/noticiasemdestaque.com\/cd\/wp-content\/uploads\/2018\/11\/47371751_1144804205682170_6432006365220175872_n.jpg\",\"datePublished\":\"2018-11-30T02:24:37+00:00\",\"breadcrumb\":{\"@id\":\"https:\/\/noticiasemdestaque.com\/cd\/?p=14247#breadcrumb\"},\"inLanguage\":\"pt-BR\",\"potentialAction\":[{\"@type\":\"ReadAction\",\"target\":[\"https:\/\/noticiasemdestaque.com\/cd\/?p=14247\"]}]},{\"@type\":\"ImageObject\",\"inLanguage\":\"pt-BR\",\"@id\":\"https:\/\/noticiasemdestaque.com\/cd\/?p=14247#primaryimage\",\"url\":\"https:\/\/noticiasemdestaque.com\/cd\/wp-content\/uploads\/2018\/11\/47371751_1144804205682170_6432006365220175872_n.jpg\",\"contentUrl\":\"https:\/\/noticiasemdestaque.com\/cd\/wp-content\/uploads\/2018\/11\/47371751_1144804205682170_6432006365220175872_n.jpg\",\"width\":569,\"height\":475},{\"@type\":\"BreadcrumbList\",\"@id\":\"https:\/\/noticiasemdestaque.com\/cd\/?p=14247#breadcrumb\",\"itemListElement\":[{\"@type\":\"ListItem\",\"position\":1,\"name\":\"In\u00edcio\",\"item\":\"https:\/\/noticiasemdestaque.com\/cd\/\"},{\"@type\":\"ListItem\",\"position\":2,\"name\":\"Prefeito \u00c9den emite nota de pesar pelo falecimento da m\u00e3e do deputado Branco Mendes\"}]},{\"@type\":\"WebSite\",\"@id\":\"https:\/\/noticiasemdestaque.com\/cd\/#website\",\"url\":\"https:\/\/noticiasemdestaque.com\/cd\/\",\"name\":\"Not&iacute;cias em Destaque\",\"description\":\"\",\"publisher\":{\"@id\":\"https:\/\/noticiasemdestaque.com\/cd\/#organization\"},\"potentialAction\":[{\"@type\":\"SearchAction\",\"target\":{\"@type\":\"EntryPoint\",\"urlTemplate\":\"https:\/\/noticiasemdestaque.com\/cd\/?s={search_term_string}\"},\"query-input\":{\"@type\":\"PropertyValueSpecification\",\"valueRequired\":true,\"valueName\":\"search_term_string\"}}],\"inLanguage\":\"pt-BR\"},{\"@type\":\"Organization\",\"@id\":\"https:\/\/noticiasemdestaque.com\/cd\/#organization\",\"name\":\"Not\u00edcias em Destaque\",\"url\":\"https:\/\/noticiasemdestaque.com\/cd\/\",\"logo\":{\"@type\":\"ImageObject\",\"inLanguage\":\"pt-BR\",\"@id\":\"https:\/\/noticiasemdestaque.com\/cd\/#\/schema\/logo\/image\/\",\"url\":\"https:\/\/noticiasemdestaque.com\/cd\/wp-content\/uploads\/2022\/05\/imagem-base-noticiasemdestaque.png\",\"contentUrl\":\"https:\/\/noticiasemdestaque.com\/cd\/wp-content\/uploads\/2022\/05\/imagem-base-noticiasemdestaque.png\",\"width\":1200,\"height\":630,\"caption\":\"Not\u00edcias em Destaque\"},\"image\":{\"@id\":\"https:\/\/noticiasemdestaque.com\/cd\/#\/schema\/logo\/image\/\"}},{\"@type\":\"Person\",\"@id\":\"https:\/\/noticiasemdestaque.com\/cd\/#\/schema\/person\/47f7d4f55eec17c6b2ca036c5500f6ce\",\"name\":\"Not\u00edcias em Destaque\",\"url\":\"https:\/\/noticiasemdestaque.com\/cd\/?author=2\"}]}<\/script>\n<!-- \/ Yoast SEO plugin. -->","yoast_head_json":{"title":"Prefeito \u00c9den emite nota de pesar pelo falecimento da m\u00e3e do deputado Branco Mendes - Not&iacute;cias em Destaque","robots":{"index":"index","follow":"follow","max-snippet":"max-snippet:-1","max-image-preview":"max-image-preview:large","max-video-preview":"max-video-preview:-1"},"canonical":"https:\/\/noticiasemdestaque.com\/cd\/?p=14247","og_locale":"pt_BR","og_type":"article","og_title":"Prefeito \u00c9den emite nota de pesar pelo falecimento da m\u00e3e do deputado Branco Mendes - Not&iacute;cias em Destaque","og_description":"\u00c9 com muito pesar que comunico o falecimento da m\u00e3e do deputado Branco Mendes, dona Francisca Rodrigues N\u00f3brega. Ela tinha 83 anos de idade e faleceu na manh\u00e3 desta quinta-feira (29). O vel\u00f3rio ser\u00e1 realizado na Central S\u00e3o Jo\u00e3o Batista, em Jo\u00e3o Pessoa. O sepultamento ocorrer\u00e1 nesta sexta-feira (30), no s\u00edtio Logradouro, munic\u00edpio de Aguiar, terra natal da fam\u00edlia. Neste momento de profundo pesar, solidarizo-me com os familiares do deputado e amigo Branco Mendes, pedindo a Deus que conforte o cora\u00e7\u00e3o de cada um neste momento de dor e que d\u00ea a dona Francisca o merecido repouso eterno. Respeitosamente prestamos as nossas condol\u00eancias e deixamos os nossos sinceros p\u00easames. \u00c9den Duarte Prefeito de Sum\u00e9","og_url":"https:\/\/noticiasemdestaque.com\/cd\/?p=14247","og_site_name":"Not&iacute;cias em Destaque","article_published_time":"2018-11-30T02:24:37+00:00","og_image":[{"width":569,"height":475,"url":"https:\/\/noticiasemdestaque.com\/cd\/wp-content\/uploads\/2018\/11\/47371751_1144804205682170_6432006365220175872_n.jpg","type":"image\/jpeg"}],"author":"Not\u00edcias em Destaque","twitter_card":"summary_large_image","twitter_misc":{"Escrito por":"Not\u00edcias em Destaque","Est. tempo de leitura":"1 minuto"},"schema":{"@context":"https:\/\/schema.org","@graph":[{"@type":"Article","@id":"https:\/\/noticiasemdestaque.com\/cd\/?p=14247#article","isPartOf":{"@id":"https:\/\/noticiasemdestaque.com\/cd\/?p=14247"},"author":{"name":"Not\u00edcias em Destaque","@id":"https:\/\/noticiasemdestaque.com\/cd\/#\/schema\/person\/47f7d4f55eec17c6b2ca036c5500f6ce"},"headline":"Prefeito \u00c9den emite nota de pesar pelo falecimento da m\u00e3e do deputado Branco Mendes","datePublished":"2018-11-30T02:24:37+00:00","mainEntityOfPage":{"@id":"https:\/\/noticiasemdestaque.com\/cd\/?p=14247"},"wordCount":137,"publisher":{"@id":"https:\/\/noticiasemdestaque.com\/cd\/#organization"},"image":{"@id":"https:\/\/noticiasemdestaque.com\/cd\/?p=14247#primaryimage"},"thumbnailUrl":"https:\/\/noticiasemdestaque.com\/cd\/wp-content\/uploads\/2018\/11\/47371751_1144804205682170_6432006365220175872_n.jpg","articleSection":["Pol\u00edtica"],"inLanguage":"pt-BR"},{"@type":"WebPage","@id":"https:\/\/noticiasemdestaque.com\/cd\/?p=14247","url":"https:\/\/noticiasemdestaque.com\/cd\/?p=14247","name":"Prefeito \u00c9den emite nota de pesar pelo falecimento da m\u00e3e do deputado Branco Mendes - Not&iacute;cias em Destaque","isPartOf":{"@id":"https:\/\/noticiasemdestaque.com\/cd\/#website"},"primaryImageOfPage":{"@id":"https:\/\/noticiasemdestaque.com\/cd\/?p=14247#primaryimage"},"image":{"@id":"https:\/\/noticiasemdestaque.com\/cd\/?p=14247#primaryimage"},"thumbnailUrl":"https:\/\/noticiasemdestaque.com\/cd\/wp-content\/uploads\/2018\/11\/47371751_1144804205682170_6432006365220175872_n.jpg","datePublished":"2018-11-30T02:24:37+00:00","breadcrumb":{"@id":"https:\/\/noticiasemdestaque.com\/cd\/?p=14247#breadcrumb"},"inLanguage":"pt-BR","potentialAction":[{"@type":"ReadAction","target":["https:\/\/noticiasemdestaque.com\/cd\/?p=14247"]}]},{"@type":"ImageObject","inLanguage":"pt-BR","@id":"https:\/\/noticiasemdestaque.com\/cd\/?p=14247#primaryimage","url":"https:\/\/noticiasemdestaque.com\/cd\/wp-content\/uploads\/2018\/11\/47371751_1144804205682170_6432006365220175872_n.jpg","contentUrl":"https:\/\/noticiasemdestaque.com\/cd\/wp-content\/uploads\/2018\/11\/47371751_1144804205682170_6432006365220175872_n.jpg","width":569,"height":475},{"@type":"BreadcrumbList","@id":"https:\/\/noticiasemdestaque.com\/cd\/?p=14247#breadcrumb","itemListElement":[{"@type":"ListItem","position":1,"name":"In\u00edcio","item":"https:\/\/noticiasemdestaque.com\/cd\/"},{"@type":"ListItem","position":2,"name":"Prefeito \u00c9den emite nota de pesar pelo falecimento da m\u00e3e do deputado Branco Mendes"}]},{"@type":"WebSite","@id":"https:\/\/noticiasemdestaque.com\/cd\/#website","url":"https:\/\/noticiasemdestaque.com\/cd\/","name":"Not&iacute;cias em Destaque","description":"","publisher":{"@id":"https:\/\/noticiasemdestaque.com\/cd\/#organization"},"potentialAction":[{"@type":"SearchAction","target":{"@type":"EntryPoint","urlTemplate":"https:\/\/noticiasemdestaque.com\/cd\/?s={search_term_string}"},"query-input":{"@type":"PropertyValueSpecification","valueRequired":true,"valueName":"search_term_string"}}],"inLanguage":"pt-BR"},{"@type":"Organization","@id":"https:\/\/noticiasemdestaque.com\/cd\/#organization","name":"Not\u00edcias em Destaque","url":"https:\/\/noticiasemdestaque.com\/cd\/","logo":{"@type":"ImageObject","inLanguage":"pt-BR","@id":"https:\/\/noticiasemdestaque.com\/cd\/#\/schema\/logo\/image\/","url":"https:\/\/noticiasemdestaque.com\/cd\/wp-content\/uploads\/2022\/05\/imagem-base-noticiasemdestaque.png","contentUrl":"https:\/\/noticiasemdestaque.com\/cd\/wp-content\/uploads\/2022\/05\/imagem-base-noticiasemdestaque.png","width":1200,"height":630,"caption":"Not\u00edcias em Destaque"},"image":{"@id":"https:\/\/noticiasemdestaque.com\/cd\/#\/schema\/logo\/image\/"}},{"@type":"Person","@id":"https:\/\/noticiasemdestaque.com\/cd\/#\/schema\/person\/47f7d4f55eec17c6b2ca036c5500f6ce","name":"Not\u00edcias em Destaque","url":"https:\/\/noticiasemdestaque.com\/cd\/?author=2"}]}},"jetpack_featured_media_url":"https:\/\/noticiasemdestaque.com\/cd\/wp-content\/uploads\/2018\/11\/47371751_1144804205682170_6432006365220175872_n.jpg","jetpack_sharing_enabled":true,"_links":{"self":[{"href":"https:\/\/noticiasemdestaque.com\/cd\/index.php?rest_route=\/wp\/v2\/posts\/14247","targetHints":{"allow":["GET"]}}],"collection":[{"href":"https:\/\/noticiasemdestaque.com\/cd\/index.php?rest_route=\/wp\/v2\/posts"}],"about":[{"href":"https:\/\/noticiasemdestaque.com\/cd\/index.php?rest_route=\/wp\/v2\/types\/post"}],"author":[{"embeddable":true,"href":"https:\/\/noticiasemdestaque.com\/cd\/index.php?rest_route=\/wp\/v2\/users\/2"}],"replies":[{"embeddable":true,"href":"https:\/\/noticiasemdestaque.com\/cd\/index.php?rest_route=%2Fwp%2Fv2%2Fcomments&post=14247"}],"version-history":[{"count":1,"href":"https:\/\/noticiasemdestaque.com\/cd\/index.php?rest_route=\/wp\/v2\/posts\/14247\/revisions"}],"predecessor-version":[{"id":14255,"href":"https:\/\/noticiasemdestaque.com\/cd\/index.php?rest_route=\/wp\/v2\/posts\/14247\/revisions\/14255"}],"wp:featuredmedia":[{"embeddable":true,"href":"https:\/\/noticiasemdestaque.com\/cd\/index.php?rest_route=\/wp\/v2\/media\/14254"}],"wp:attachment":[{"href":"https:\/\/noticiasemdestaque.com\/cd\/index.php?rest_route=%2Fwp%2Fv2%2Fmedia&parent=14247"}],"wp:term":[{"taxonomy":"category","embeddable":true,"href":"https:\/\/noticiasemdestaque.com\/cd\/index.php?rest_route=%2Fwp%2Fv2%2Fcategories&post=14247"},{"taxonomy":"post_tag","embeddable":true,"href":"https:\/\/noticiasemdestaque.com\/cd\/index.php?rest_route=%2Fwp%2Fv2%2Ftags&post=14247"}],"curies":[{"name":"wp","href":"https:\/\/api.w.org\/{rel}","templated":true}]}}