{"id":14119,"date":"2018-11-24T14:26:26","date_gmt":"2018-11-24T17:26:26","guid":{"rendered":"http:\/\/noticiasemdestaque.com\/cd\/?p=14119"},"modified":"2018-11-24T14:26:26","modified_gmt":"2018-11-24T17:26:26","slug":"jovem-confessa-que-matou-avo-apos-um-surto-psicotico-no-cariri-paraibano","status":"publish","type":"post","link":"https:\/\/noticiasemdestaque.com\/cd\/?p=14119","title":{"rendered":"Jovem confessa que matou av\u00f3 ap\u00f3s um surto psic\u00f3tico no Cariri paraibano"},"content":{"rendered":"<p><a href=\"https:\/\/noticiasemdestaque.com\/cd\/wp-content\/uploads\/2017\/07\/viatura_da_policia_civil2_walla_santos.jpg\"><img fetchpriority=\"high\" decoding=\"async\" class=\"wp-image-2304 aligncenter\" src=\"https:\/\/noticiasemdestaque.com\/cd\/wp-content\/uploads\/2017\/07\/viatura_da_policia_civil2_walla_santos.jpg\" alt=\"\" width=\"503\" height=\"336\" srcset=\"https:\/\/noticiasemdestaque.com\/cd\/wp-content\/uploads\/2017\/07\/viatura_da_policia_civil2_walla_santos.jpg 876w, https:\/\/noticiasemdestaque.com\/cd\/wp-content\/uploads\/2017\/07\/viatura_da_policia_civil2_walla_santos-300x200.jpg 300w, https:\/\/noticiasemdestaque.com\/cd\/wp-content\/uploads\/2017\/07\/viatura_da_policia_civil2_walla_santos-768x513.jpg 768w, https:\/\/noticiasemdestaque.com\/cd\/wp-content\/uploads\/2017\/07\/viatura_da_policia_civil2_walla_santos-480x320.jpg 480w\" sizes=\"(max-width: 503px) 100vw, 503px\" \/><\/a><\/p>\n<p>O mist\u00e9rio envolvendo a morte de uma idosa na cidade de Alcantil, no Cariir paraibano, em 2 de abril foi revelado na manh\u00e3 desta sexta-feira (23), quando um homem de 26 anos confessou ter matado a av\u00f3 dele ap\u00f3s um surto psic\u00f3tico. O crime aconteceu no S\u00edtio Capoeiras, zona rural da cidade.<\/p>\n<p>De acordo com o delegado de homic\u00eddios da Pol\u00edcia Civil, Cristiano Santana, o suspeito responde ao processo em liberdade. A Pol\u00edcia Civil vai concluir o inqu\u00e9rito e encaminhar \u00e0 Justi\u00e7a. \u201cA Justi\u00e7a vai solicitar os exames para saber a condi\u00e7\u00e3o psicol\u00f3gica do suspeito. Depois disso \u00e9 que vamos saber se ser\u00e1 pris\u00e3o comum ou interna\u00e7\u00e3o\u201d, concluiu.<\/p>\n<p>A v\u00edtima, Josefa Barbosa Oliveira, foi encontrada \u00e0s margens de um estrada e socorrida para o Hospital de Emerg\u00eancia e Trauma de Campina Grande, mas n\u00e3o resistiu aos ferimentos e morreu dois dias depois na unidade de sa\u00fade.<\/p>\n<p>As investiga\u00e7\u00f5es da pol\u00edcia apontaram que o principal suspeito do assassinato seria o neto da v\u00edtima, que morava com a idosa no s\u00edtio. Oito meses depois, Jos\u00e9 Laur\u00edcio Barbosa Ramos, de 26 anos, se apresentou com um advogado \u00e0 Pol\u00edcia Civil de Queimadas e confessou o crime.<\/p>\n<p>\u201cO suspeito alegou ter matado a av\u00f3 durante um surto psic\u00f3tico. Segundo depoimento dele, ele imaginou a presen\u00e7a de criminosos dentro da casa e, tentando salvar a av\u00f3, a arrastou por v\u00e1rios metros para longe da casa\u201d, disse o delegado Cristiano.<\/p>\n","protected":false},"excerpt":{"rendered":"<p>O mist\u00e9rio envolvendo a morte de uma idosa na cidade de Alcantil, no Cariir paraibano, em 2 de abril foi revelado na manh\u00e3 desta sexta-feira (23), quando um homem de 26 anos confessou ter matado a av\u00f3 dele ap\u00f3s um surto psic\u00f3tico. O crime aconteceu no S\u00edtio Capoeiras, zona rural da cidade. De acordo com o delegado de homic\u00eddios da Pol\u00edcia Civil, Cristiano Santana, o suspeito responde ao processo em liberdade. A Pol\u00edcia Civil vai concluir o inqu\u00e9rito e encaminhar \u00e0 Justi\u00e7a. \u201cA Justi\u00e7a vai solicitar os exames para saber a condi\u00e7\u00e3o psicol\u00f3gica do suspeito. Depois disso \u00e9 que vamos saber se ser\u00e1 pris\u00e3o comum ou interna\u00e7\u00e3o\u201d, concluiu. A v\u00edtima, Josefa Barbosa Oliveira, foi encontrada \u00e0s margens de um estrada e socorrida para o Hospital de Emerg\u00eancia e Trauma de Campina Grande, mas n\u00e3o resistiu aos ferimentos e morreu dois dias depois na unidade de sa\u00fade. As investiga\u00e7\u00f5es da pol\u00edcia apontaram que o principal suspeito do assassinato seria o neto da v\u00edtima, que morava com a idosa no s\u00edtio. Oito meses depois, Jos\u00e9 Laur\u00edcio Barbosa Ramos, de 26 anos, se apresentou com um advogado \u00e0 Pol\u00edcia Civil de Queimadas e confessou o crime. \u201cO suspeito alegou ter matado a av\u00f3 durante um surto psic\u00f3tico. Segundo depoimento dele, ele imaginou a presen\u00e7a de criminosos dentro da casa e, tentando salvar a av\u00f3, a arrastou por v\u00e1rios metros para longe da casa\u201d, disse o delegado Cristiano.<\/p>\n","protected":false},"author":2,"featured_media":2304,"comment_status":"closed","ping_status":"open","sticky":false,"template":"","format":"standard","meta":{"_eb_attr":"","_jetpack_memberships_contains_paid_content":false,"footnotes":""},"categories":[1],"tags":[],"class_list":["post-14119","post","type-post","status-publish","format-standard","has-post-thumbnail","hentry","category-uncategorized"],"yoast_head":"<!-- This site is optimized with the Yoast SEO plugin v26.5 - https:\/\/yoast.com\/wordpress\/plugins\/seo\/ -->\n<title>Jovem confessa que matou av\u00f3 ap\u00f3s um surto psic\u00f3tico no Cariri paraibano - Not&iacute;cias em Destaque<\/title>\n<meta name=\"robots\" content=\"index, follow, max-snippet:-1, max-image-preview:large, max-video-preview:-1\" \/>\n<link rel=\"canonical\" href=\"https:\/\/noticiasemdestaque.com\/cd\/?p=14119\" \/>\n<meta property=\"og:locale\" content=\"pt_BR\" \/>\n<meta property=\"og:type\" content=\"article\" \/>\n<meta property=\"og:title\" content=\"Jovem confessa que matou av\u00f3 ap\u00f3s um surto psic\u00f3tico no Cariri paraibano - Not&iacute;cias em Destaque\" \/>\n<meta property=\"og:description\" content=\"O mist\u00e9rio envolvendo a morte de uma idosa na cidade de Alcantil, no Cariir paraibano, em 2 de abril foi revelado na manh\u00e3 desta sexta-feira (23), quando um homem de 26 anos confessou ter matado a av\u00f3 dele ap\u00f3s um surto psic\u00f3tico. O crime aconteceu no S\u00edtio Capoeiras, zona rural da cidade. De acordo com o delegado de homic\u00eddios da Pol\u00edcia Civil, Cristiano Santana, o suspeito responde ao processo em liberdade. A Pol\u00edcia Civil vai concluir o inqu\u00e9rito e encaminhar \u00e0 Justi\u00e7a. \u201cA Justi\u00e7a vai solicitar os exames para saber a condi\u00e7\u00e3o psicol\u00f3gica do suspeito. Depois disso \u00e9 que vamos saber se ser\u00e1 pris\u00e3o comum ou interna\u00e7\u00e3o\u201d, concluiu. A v\u00edtima, Josefa Barbosa Oliveira, foi encontrada \u00e0s margens de um estrada e socorrida para o Hospital de Emerg\u00eancia e Trauma de Campina Grande, mas n\u00e3o resistiu aos ferimentos e morreu dois dias depois na unidade de sa\u00fade. As investiga\u00e7\u00f5es da pol\u00edcia apontaram que o principal suspeito do assassinato seria o neto da v\u00edtima, que morava com a idosa no s\u00edtio. Oito meses depois, Jos\u00e9 Laur\u00edcio Barbosa Ramos, de 26 anos, se apresentou com um advogado \u00e0 Pol\u00edcia Civil de Queimadas e confessou o crime. \u201cO suspeito alegou ter matado a av\u00f3 durante um surto psic\u00f3tico. Segundo depoimento dele, ele imaginou a presen\u00e7a de criminosos dentro da casa e, tentando salvar a av\u00f3, a arrastou por v\u00e1rios metros para longe da casa\u201d, disse o delegado Cristiano.\" \/>\n<meta property=\"og:url\" content=\"https:\/\/noticiasemdestaque.com\/cd\/?p=14119\" \/>\n<meta property=\"og:site_name\" content=\"Not&iacute;cias em Destaque\" \/>\n<meta property=\"article:published_time\" content=\"2018-11-24T17:26:26+00:00\" \/>\n<meta property=\"og:image\" content=\"https:\/\/noticiasemdestaque.com\/cd\/wp-content\/uploads\/2017\/07\/viatura_da_policia_civil2_walla_santos.jpg\" \/>\n\t<meta property=\"og:image:width\" content=\"876\" \/>\n\t<meta property=\"og:image:height\" content=\"585\" \/>\n\t<meta property=\"og:image:type\" content=\"image\/jpeg\" \/>\n<meta name=\"author\" content=\"Not\u00edcias em Destaque\" \/>\n<meta name=\"twitter:card\" content=\"summary_large_image\" \/>\n<meta name=\"twitter:label1\" content=\"Escrito por\" \/>\n\t<meta name=\"twitter:data1\" content=\"Not\u00edcias em Destaque\" \/>\n\t<meta name=\"twitter:label2\" content=\"Est. tempo de leitura\" \/>\n\t<meta name=\"twitter:data2\" content=\"1 minuto\" \/>\n<script type=\"application\/ld+json\" class=\"yoast-schema-graph\">{\"@context\":\"https:\/\/schema.org\",\"@graph\":[{\"@type\":\"Article\",\"@id\":\"https:\/\/noticiasemdestaque.com\/cd\/?p=14119#article\",\"isPartOf\":{\"@id\":\"https:\/\/noticiasemdestaque.com\/cd\/?p=14119\"},\"author\":{\"name\":\"Not\u00edcias em Destaque\",\"@id\":\"https:\/\/noticiasemdestaque.com\/cd\/#\/schema\/person\/45ca272b3e1246ef14ebb78a48dbb218\"},\"headline\":\"Jovem confessa que matou av\u00f3 ap\u00f3s um surto psic\u00f3tico no Cariri paraibano\",\"datePublished\":\"2018-11-24T17:26:26+00:00\",\"mainEntityOfPage\":{\"@id\":\"https:\/\/noticiasemdestaque.com\/cd\/?p=14119\"},\"wordCount\":268,\"publisher\":{\"@id\":\"https:\/\/noticiasemdestaque.com\/cd\/#organization\"},\"image\":{\"@id\":\"https:\/\/noticiasemdestaque.com\/cd\/?p=14119#primaryimage\"},\"thumbnailUrl\":\"https:\/\/noticiasemdestaque.com\/cd\/wp-content\/uploads\/2017\/07\/viatura_da_policia_civil2_walla_santos.jpg\",\"articleSection\":[\"Uncategorized\"],\"inLanguage\":\"pt-BR\"},{\"@type\":\"WebPage\",\"@id\":\"https:\/\/noticiasemdestaque.com\/cd\/?p=14119\",\"url\":\"https:\/\/noticiasemdestaque.com\/cd\/?p=14119\",\"name\":\"Jovem confessa que matou av\u00f3 ap\u00f3s um surto psic\u00f3tico no Cariri paraibano - Not&iacute;cias em Destaque\",\"isPartOf\":{\"@id\":\"https:\/\/noticiasemdestaque.com\/cd\/#website\"},\"primaryImageOfPage\":{\"@id\":\"https:\/\/noticiasemdestaque.com\/cd\/?p=14119#primaryimage\"},\"image\":{\"@id\":\"https:\/\/noticiasemdestaque.com\/cd\/?p=14119#primaryimage\"},\"thumbnailUrl\":\"https:\/\/noticiasemdestaque.com\/cd\/wp-content\/uploads\/2017\/07\/viatura_da_policia_civil2_walla_santos.jpg\",\"datePublished\":\"2018-11-24T17:26:26+00:00\",\"breadcrumb\":{\"@id\":\"https:\/\/noticiasemdestaque.com\/cd\/?p=14119#breadcrumb\"},\"inLanguage\":\"pt-BR\",\"potentialAction\":[{\"@type\":\"ReadAction\",\"target\":[\"https:\/\/noticiasemdestaque.com\/cd\/?p=14119\"]}]},{\"@type\":\"ImageObject\",\"inLanguage\":\"pt-BR\",\"@id\":\"https:\/\/noticiasemdestaque.com\/cd\/?p=14119#primaryimage\",\"url\":\"https:\/\/noticiasemdestaque.com\/cd\/wp-content\/uploads\/2017\/07\/viatura_da_policia_civil2_walla_santos.jpg\",\"contentUrl\":\"https:\/\/noticiasemdestaque.com\/cd\/wp-content\/uploads\/2017\/07\/viatura_da_policia_civil2_walla_santos.jpg\",\"width\":876,\"height\":585},{\"@type\":\"BreadcrumbList\",\"@id\":\"https:\/\/noticiasemdestaque.com\/cd\/?p=14119#breadcrumb\",\"itemListElement\":[{\"@type\":\"ListItem\",\"position\":1,\"name\":\"In\u00edcio\",\"item\":\"https:\/\/noticiasemdestaque.com\/cd\/\"},{\"@type\":\"ListItem\",\"position\":2,\"name\":\"Jovem confessa que matou av\u00f3 ap\u00f3s um surto psic\u00f3tico no Cariri paraibano\"}]},{\"@type\":\"WebSite\",\"@id\":\"https:\/\/noticiasemdestaque.com\/cd\/#website\",\"url\":\"https:\/\/noticiasemdestaque.com\/cd\/\",\"name\":\"Not&iacute;cias em Destaque\",\"description\":\"\",\"publisher\":{\"@id\":\"https:\/\/noticiasemdestaque.com\/cd\/#organization\"},\"potentialAction\":[{\"@type\":\"SearchAction\",\"target\":{\"@type\":\"EntryPoint\",\"urlTemplate\":\"https:\/\/noticiasemdestaque.com\/cd\/?s={search_term_string}\"},\"query-input\":{\"@type\":\"PropertyValueSpecification\",\"valueRequired\":true,\"valueName\":\"search_term_string\"}}],\"inLanguage\":\"pt-BR\"},{\"@type\":\"Organization\",\"@id\":\"https:\/\/noticiasemdestaque.com\/cd\/#organization\",\"name\":\"Not\u00edcias em Destaque\",\"url\":\"https:\/\/noticiasemdestaque.com\/cd\/\",\"logo\":{\"@type\":\"ImageObject\",\"inLanguage\":\"pt-BR\",\"@id\":\"https:\/\/noticiasemdestaque.com\/cd\/#\/schema\/logo\/image\/\",\"url\":\"https:\/\/noticiasemdestaque.com\/cd\/wp-content\/uploads\/2022\/05\/imagem-base-noticiasemdestaque.png\",\"contentUrl\":\"https:\/\/noticiasemdestaque.com\/cd\/wp-content\/uploads\/2022\/05\/imagem-base-noticiasemdestaque.png\",\"width\":1200,\"height\":630,\"caption\":\"Not\u00edcias em Destaque\"},\"image\":{\"@id\":\"https:\/\/noticiasemdestaque.com\/cd\/#\/schema\/logo\/image\/\"}},{\"@type\":\"Person\",\"@id\":\"https:\/\/noticiasemdestaque.com\/cd\/#\/schema\/person\/45ca272b3e1246ef14ebb78a48dbb218\",\"name\":\"Not\u00edcias em Destaque\",\"url\":\"https:\/\/noticiasemdestaque.com\/cd\/?author=2\"}]}<\/script>\n<!-- \/ Yoast SEO plugin. -->","yoast_head_json":{"title":"Jovem confessa que matou av\u00f3 ap\u00f3s um surto psic\u00f3tico no Cariri paraibano - Not&iacute;cias em Destaque","robots":{"index":"index","follow":"follow","max-snippet":"max-snippet:-1","max-image-preview":"max-image-preview:large","max-video-preview":"max-video-preview:-1"},"canonical":"https:\/\/noticiasemdestaque.com\/cd\/?p=14119","og_locale":"pt_BR","og_type":"article","og_title":"Jovem confessa que matou av\u00f3 ap\u00f3s um surto psic\u00f3tico no Cariri paraibano - Not&iacute;cias em Destaque","og_description":"O mist\u00e9rio envolvendo a morte de uma idosa na cidade de Alcantil, no Cariir paraibano, em 2 de abril foi revelado na manh\u00e3 desta sexta-feira (23), quando um homem de 26 anos confessou ter matado a av\u00f3 dele ap\u00f3s um surto psic\u00f3tico. O crime aconteceu no S\u00edtio Capoeiras, zona rural da cidade. De acordo com o delegado de homic\u00eddios da Pol\u00edcia Civil, Cristiano Santana, o suspeito responde ao processo em liberdade. A Pol\u00edcia Civil vai concluir o inqu\u00e9rito e encaminhar \u00e0 Justi\u00e7a. \u201cA Justi\u00e7a vai solicitar os exames para saber a condi\u00e7\u00e3o psicol\u00f3gica do suspeito. Depois disso \u00e9 que vamos saber se ser\u00e1 pris\u00e3o comum ou interna\u00e7\u00e3o\u201d, concluiu. A v\u00edtima, Josefa Barbosa Oliveira, foi encontrada \u00e0s margens de um estrada e socorrida para o Hospital de Emerg\u00eancia e Trauma de Campina Grande, mas n\u00e3o resistiu aos ferimentos e morreu dois dias depois na unidade de sa\u00fade. As investiga\u00e7\u00f5es da pol\u00edcia apontaram que o principal suspeito do assassinato seria o neto da v\u00edtima, que morava com a idosa no s\u00edtio. Oito meses depois, Jos\u00e9 Laur\u00edcio Barbosa Ramos, de 26 anos, se apresentou com um advogado \u00e0 Pol\u00edcia Civil de Queimadas e confessou o crime. \u201cO suspeito alegou ter matado a av\u00f3 durante um surto psic\u00f3tico. Segundo depoimento dele, ele imaginou a presen\u00e7a de criminosos dentro da casa e, tentando salvar a av\u00f3, a arrastou por v\u00e1rios metros para longe da casa\u201d, disse o delegado Cristiano.","og_url":"https:\/\/noticiasemdestaque.com\/cd\/?p=14119","og_site_name":"Not&iacute;cias em Destaque","article_published_time":"2018-11-24T17:26:26+00:00","og_image":[{"width":876,"height":585,"url":"https:\/\/noticiasemdestaque.com\/cd\/wp-content\/uploads\/2017\/07\/viatura_da_policia_civil2_walla_santos.jpg","type":"image\/jpeg"}],"author":"Not\u00edcias em Destaque","twitter_card":"summary_large_image","twitter_misc":{"Escrito por":"Not\u00edcias em Destaque","Est. tempo de leitura":"1 minuto"},"schema":{"@context":"https:\/\/schema.org","@graph":[{"@type":"Article","@id":"https:\/\/noticiasemdestaque.com\/cd\/?p=14119#article","isPartOf":{"@id":"https:\/\/noticiasemdestaque.com\/cd\/?p=14119"},"author":{"name":"Not\u00edcias em Destaque","@id":"https:\/\/noticiasemdestaque.com\/cd\/#\/schema\/person\/45ca272b3e1246ef14ebb78a48dbb218"},"headline":"Jovem confessa que matou av\u00f3 ap\u00f3s um surto psic\u00f3tico no Cariri paraibano","datePublished":"2018-11-24T17:26:26+00:00","mainEntityOfPage":{"@id":"https:\/\/noticiasemdestaque.com\/cd\/?p=14119"},"wordCount":268,"publisher":{"@id":"https:\/\/noticiasemdestaque.com\/cd\/#organization"},"image":{"@id":"https:\/\/noticiasemdestaque.com\/cd\/?p=14119#primaryimage"},"thumbnailUrl":"https:\/\/noticiasemdestaque.com\/cd\/wp-content\/uploads\/2017\/07\/viatura_da_policia_civil2_walla_santos.jpg","articleSection":["Uncategorized"],"inLanguage":"pt-BR"},{"@type":"WebPage","@id":"https:\/\/noticiasemdestaque.com\/cd\/?p=14119","url":"https:\/\/noticiasemdestaque.com\/cd\/?p=14119","name":"Jovem confessa que matou av\u00f3 ap\u00f3s um surto psic\u00f3tico no Cariri paraibano - Not&iacute;cias em Destaque","isPartOf":{"@id":"https:\/\/noticiasemdestaque.com\/cd\/#website"},"primaryImageOfPage":{"@id":"https:\/\/noticiasemdestaque.com\/cd\/?p=14119#primaryimage"},"image":{"@id":"https:\/\/noticiasemdestaque.com\/cd\/?p=14119#primaryimage"},"thumbnailUrl":"https:\/\/noticiasemdestaque.com\/cd\/wp-content\/uploads\/2017\/07\/viatura_da_policia_civil2_walla_santos.jpg","datePublished":"2018-11-24T17:26:26+00:00","breadcrumb":{"@id":"https:\/\/noticiasemdestaque.com\/cd\/?p=14119#breadcrumb"},"inLanguage":"pt-BR","potentialAction":[{"@type":"ReadAction","target":["https:\/\/noticiasemdestaque.com\/cd\/?p=14119"]}]},{"@type":"ImageObject","inLanguage":"pt-BR","@id":"https:\/\/noticiasemdestaque.com\/cd\/?p=14119#primaryimage","url":"https:\/\/noticiasemdestaque.com\/cd\/wp-content\/uploads\/2017\/07\/viatura_da_policia_civil2_walla_santos.jpg","contentUrl":"https:\/\/noticiasemdestaque.com\/cd\/wp-content\/uploads\/2017\/07\/viatura_da_policia_civil2_walla_santos.jpg","width":876,"height":585},{"@type":"BreadcrumbList","@id":"https:\/\/noticiasemdestaque.com\/cd\/?p=14119#breadcrumb","itemListElement":[{"@type":"ListItem","position":1,"name":"In\u00edcio","item":"https:\/\/noticiasemdestaque.com\/cd\/"},{"@type":"ListItem","position":2,"name":"Jovem confessa que matou av\u00f3 ap\u00f3s um surto psic\u00f3tico no Cariri paraibano"}]},{"@type":"WebSite","@id":"https:\/\/noticiasemdestaque.com\/cd\/#website","url":"https:\/\/noticiasemdestaque.com\/cd\/","name":"Not&iacute;cias em Destaque","description":"","publisher":{"@id":"https:\/\/noticiasemdestaque.com\/cd\/#organization"},"potentialAction":[{"@type":"SearchAction","target":{"@type":"EntryPoint","urlTemplate":"https:\/\/noticiasemdestaque.com\/cd\/?s={search_term_string}"},"query-input":{"@type":"PropertyValueSpecification","valueRequired":true,"valueName":"search_term_string"}}],"inLanguage":"pt-BR"},{"@type":"Organization","@id":"https:\/\/noticiasemdestaque.com\/cd\/#organization","name":"Not\u00edcias em Destaque","url":"https:\/\/noticiasemdestaque.com\/cd\/","logo":{"@type":"ImageObject","inLanguage":"pt-BR","@id":"https:\/\/noticiasemdestaque.com\/cd\/#\/schema\/logo\/image\/","url":"https:\/\/noticiasemdestaque.com\/cd\/wp-content\/uploads\/2022\/05\/imagem-base-noticiasemdestaque.png","contentUrl":"https:\/\/noticiasemdestaque.com\/cd\/wp-content\/uploads\/2022\/05\/imagem-base-noticiasemdestaque.png","width":1200,"height":630,"caption":"Not\u00edcias em Destaque"},"image":{"@id":"https:\/\/noticiasemdestaque.com\/cd\/#\/schema\/logo\/image\/"}},{"@type":"Person","@id":"https:\/\/noticiasemdestaque.com\/cd\/#\/schema\/person\/45ca272b3e1246ef14ebb78a48dbb218","name":"Not\u00edcias em Destaque","url":"https:\/\/noticiasemdestaque.com\/cd\/?author=2"}]}},"jetpack_featured_media_url":"https:\/\/noticiasemdestaque.com\/cd\/wp-content\/uploads\/2017\/07\/viatura_da_policia_civil2_walla_santos.jpg","jetpack_sharing_enabled":true,"_links":{"self":[{"href":"https:\/\/noticiasemdestaque.com\/cd\/index.php?rest_route=\/wp\/v2\/posts\/14119","targetHints":{"allow":["GET"]}}],"collection":[{"href":"https:\/\/noticiasemdestaque.com\/cd\/index.php?rest_route=\/wp\/v2\/posts"}],"about":[{"href":"https:\/\/noticiasemdestaque.com\/cd\/index.php?rest_route=\/wp\/v2\/types\/post"}],"author":[{"embeddable":true,"href":"https:\/\/noticiasemdestaque.com\/cd\/index.php?rest_route=\/wp\/v2\/users\/2"}],"replies":[{"embeddable":true,"href":"https:\/\/noticiasemdestaque.com\/cd\/index.php?rest_route=%2Fwp%2Fv2%2Fcomments&post=14119"}],"version-history":[{"count":1,"href":"https:\/\/noticiasemdestaque.com\/cd\/index.php?rest_route=\/wp\/v2\/posts\/14119\/revisions"}],"predecessor-version":[{"id":14120,"href":"https:\/\/noticiasemdestaque.com\/cd\/index.php?rest_route=\/wp\/v2\/posts\/14119\/revisions\/14120"}],"wp:featuredmedia":[{"embeddable":true,"href":"https:\/\/noticiasemdestaque.com\/cd\/index.php?rest_route=\/wp\/v2\/media\/2304"}],"wp:attachment":[{"href":"https:\/\/noticiasemdestaque.com\/cd\/index.php?rest_route=%2Fwp%2Fv2%2Fmedia&parent=14119"}],"wp:term":[{"taxonomy":"category","embeddable":true,"href":"https:\/\/noticiasemdestaque.com\/cd\/index.php?rest_route=%2Fwp%2Fv2%2Fcategories&post=14119"},{"taxonomy":"post_tag","embeddable":true,"href":"https:\/\/noticiasemdestaque.com\/cd\/index.php?rest_route=%2Fwp%2Fv2%2Ftags&post=14119"}],"curies":[{"name":"wp","href":"https:\/\/api.w.org\/{rel}","templated":true}]}}