{"id":1410,"date":"2017-07-06T19:29:25","date_gmt":"2017-07-06T22:29:25","guid":{"rendered":"http:\/\/caririemdestaque.com\/cd\/?p=1410"},"modified":"2017-07-06T19:29:25","modified_gmt":"2017-07-06T22:29:25","slug":"termometros-despencaram-no-cariri-e-meteorologia-preve-mais-frio-ate-agosto","status":"publish","type":"post","link":"https:\/\/noticiasemdestaque.com\/cd\/?p=1410","title":{"rendered":"Term\u00f4metros despencaram no Cariri e meteorologia prev\u00ea mais frio at\u00e9 agosto"},"content":{"rendered":"<p><a href=\"http:\/\/caririemdestaque.com\/cd\/wp-content\/uploads\/2017\/07\/06072017153354.jpeg\"><img fetchpriority=\"high\" decoding=\"async\" class=\"size-medium wp-image-1411 alignleft\" src=\"http:\/\/caririemdestaque.com\/cd\/wp-content\/uploads\/2017\/07\/06072017153354-300x200.jpeg\" alt=\"\" width=\"300\" height=\"200\" srcset=\"https:\/\/noticiasemdestaque.com\/cd\/wp-content\/uploads\/2017\/07\/06072017153354-300x200.jpeg 300w, https:\/\/noticiasemdestaque.com\/cd\/wp-content\/uploads\/2017\/07\/06072017153354-480x320.jpeg 480w, https:\/\/noticiasemdestaque.com\/cd\/wp-content\/uploads\/2017\/07\/06072017153354.jpeg 680w\" sizes=\"(max-width: 300px) 100vw, 300px\" \/><\/a>Quem mora nas cidades do Cariri tem de uma forma ou de outra mudado seus h\u00e1bitos durante a noite. O tempo que antes era seco e ameno deu espa\u00e7o para baixas temperaturas e muito frio, o que tem feito com que os caririzeiros esvaziem as ruas ainda mais cedo. N\u00e3o d\u00e1 10 horas da noite e j\u00e1 n\u00e3o se ver quase ningu\u00e9m na pra\u00e7a principal de Serra Branca.<\/p>\n<p>Segundo a meteorologista da Aesa, Marle Bandeira, a previs\u00e3o \u00e9 de temperaturas mais baixas nas pr\u00f3ximas semanas, podendo chegar at\u00e9 15\u00ba em algumas localidades.<\/p>\n<p>De acordo com o Centro Virtual para Avisos de Eventos Meteorol\u00f3gicos Severos para o Sul da Am\u00e9rica do Sul (Alert-AS)) h\u00e1 risco de ventania costeira e que pode atingir at\u00e9 99 cidades paraibanas.<\/p>\n<p>Entre estas est\u00e3o praticamente todos os munic\u00edpios do Cariri, mesmo distante cerca de 200 quil\u00f4metros da capital.<\/p>\n<p>Ainda de acordo com Marle, os ventos fortes s\u00e3o normais para o per\u00edodo, mas que sua incid\u00eancia ser\u00e1 voltada para a faixa litor\u00e2nea.<\/p>\n<p>Com informa\u00e7\u00f5es do De Olho no Cariri<\/p>\n","protected":false},"excerpt":{"rendered":"<p>Quem mora nas cidades do Cariri tem de uma forma ou de outra mudado seus h\u00e1bitos durante a noite. O tempo que antes era seco e ameno deu espa\u00e7o para baixas temperaturas e muito frio, o que tem feito com que os caririzeiros esvaziem as ruas ainda mais cedo. N\u00e3o d\u00e1 10 horas da noite e j\u00e1 n\u00e3o se ver quase ningu\u00e9m na pra\u00e7a principal de Serra Branca. Segundo a meteorologista da Aesa, Marle Bandeira, a previs\u00e3o \u00e9 de temperaturas mais baixas nas pr\u00f3ximas semanas, podendo chegar at\u00e9 15\u00ba em algumas localidades. De acordo com o Centro Virtual para Avisos de Eventos Meteorol\u00f3gicos Severos para o Sul da Am\u00e9rica do Sul (Alert-AS)) h\u00e1 risco de ventania costeira e que pode atingir at\u00e9 99 cidades paraibanas. Entre estas est\u00e3o praticamente todos os munic\u00edpios do Cariri, mesmo distante cerca de 200 quil\u00f4metros da capital. Ainda de acordo com Marle, os ventos fortes s\u00e3o normais para o per\u00edodo, mas que sua incid\u00eancia ser\u00e1 voltada para a faixa litor\u00e2nea. Com informa\u00e7\u00f5es do De Olho no Cariri<\/p>\n","protected":false},"author":2,"featured_media":1411,"comment_status":"closed","ping_status":"open","sticky":false,"template":"","format":"standard","meta":{"_eb_attr":"","_jetpack_memberships_contains_paid_content":false,"footnotes":""},"categories":[3],"tags":[],"class_list":["post-1410","post","type-post","status-publish","format-standard","has-post-thumbnail","hentry","category-cidades"],"yoast_head":"<!-- This site is optimized with the Yoast SEO plugin v26.5 - https:\/\/yoast.com\/wordpress\/plugins\/seo\/ -->\n<title>Term\u00f4metros despencaram no Cariri e meteorologia prev\u00ea mais frio at\u00e9 agosto - Not&iacute;cias em Destaque<\/title>\n<meta name=\"robots\" content=\"index, follow, max-snippet:-1, max-image-preview:large, max-video-preview:-1\" \/>\n<link rel=\"canonical\" href=\"https:\/\/noticiasemdestaque.com\/cd\/?p=1410\" \/>\n<meta property=\"og:locale\" content=\"pt_BR\" \/>\n<meta property=\"og:type\" content=\"article\" \/>\n<meta property=\"og:title\" content=\"Term\u00f4metros despencaram no Cariri e meteorologia prev\u00ea mais frio at\u00e9 agosto - Not&iacute;cias em Destaque\" \/>\n<meta property=\"og:description\" content=\"Quem mora nas cidades do Cariri tem de uma forma ou de outra mudado seus h\u00e1bitos durante a noite. O tempo que antes era seco e ameno deu espa\u00e7o para baixas temperaturas e muito frio, o que tem feito com que os caririzeiros esvaziem as ruas ainda mais cedo. N\u00e3o d\u00e1 10 horas da noite e j\u00e1 n\u00e3o se ver quase ningu\u00e9m na pra\u00e7a principal de Serra Branca. Segundo a meteorologista da Aesa, Marle Bandeira, a previs\u00e3o \u00e9 de temperaturas mais baixas nas pr\u00f3ximas semanas, podendo chegar at\u00e9 15\u00ba em algumas localidades. De acordo com o Centro Virtual para Avisos de Eventos Meteorol\u00f3gicos Severos para o Sul da Am\u00e9rica do Sul (Alert-AS)) h\u00e1 risco de ventania costeira e que pode atingir at\u00e9 99 cidades paraibanas. Entre estas est\u00e3o praticamente todos os munic\u00edpios do Cariri, mesmo distante cerca de 200 quil\u00f4metros da capital. Ainda de acordo com Marle, os ventos fortes s\u00e3o normais para o per\u00edodo, mas que sua incid\u00eancia ser\u00e1 voltada para a faixa litor\u00e2nea. Com informa\u00e7\u00f5es do De Olho no Cariri\" \/>\n<meta property=\"og:url\" content=\"https:\/\/noticiasemdestaque.com\/cd\/?p=1410\" \/>\n<meta property=\"og:site_name\" content=\"Not&iacute;cias em Destaque\" \/>\n<meta property=\"article:published_time\" content=\"2017-07-06T22:29:25+00:00\" \/>\n<meta property=\"og:image\" content=\"https:\/\/noticiasemdestaque.com\/cd\/wp-content\/uploads\/2017\/07\/06072017153354.jpeg\" \/>\n\t<meta property=\"og:image:width\" content=\"680\" \/>\n\t<meta property=\"og:image:height\" content=\"453\" \/>\n\t<meta property=\"og:image:type\" content=\"image\/jpeg\" \/>\n<meta name=\"author\" content=\"Not\u00edcias em Destaque\" \/>\n<meta name=\"twitter:card\" content=\"summary_large_image\" \/>\n<meta name=\"twitter:label1\" content=\"Escrito por\" \/>\n\t<meta name=\"twitter:data1\" content=\"Not\u00edcias em Destaque\" \/>\n\t<meta name=\"twitter:label2\" content=\"Est. tempo de leitura\" \/>\n\t<meta name=\"twitter:data2\" content=\"1 minuto\" \/>\n<script type=\"application\/ld+json\" class=\"yoast-schema-graph\">{\"@context\":\"https:\/\/schema.org\",\"@graph\":[{\"@type\":\"Article\",\"@id\":\"https:\/\/noticiasemdestaque.com\/cd\/?p=1410#article\",\"isPartOf\":{\"@id\":\"https:\/\/noticiasemdestaque.com\/cd\/?p=1410\"},\"author\":{\"name\":\"Not\u00edcias em Destaque\",\"@id\":\"https:\/\/noticiasemdestaque.com\/cd\/#\/schema\/person\/47f7d4f55eec17c6b2ca036c5500f6ce\"},\"headline\":\"Term\u00f4metros despencaram no Cariri e meteorologia prev\u00ea mais frio at\u00e9 agosto\",\"datePublished\":\"2017-07-06T22:29:25+00:00\",\"mainEntityOfPage\":{\"@id\":\"https:\/\/noticiasemdestaque.com\/cd\/?p=1410\"},\"wordCount\":197,\"publisher\":{\"@id\":\"https:\/\/noticiasemdestaque.com\/cd\/#organization\"},\"image\":{\"@id\":\"https:\/\/noticiasemdestaque.com\/cd\/?p=1410#primaryimage\"},\"thumbnailUrl\":\"https:\/\/noticiasemdestaque.com\/cd\/wp-content\/uploads\/2017\/07\/06072017153354.jpeg\",\"articleSection\":[\"Cidades\"],\"inLanguage\":\"pt-BR\"},{\"@type\":\"WebPage\",\"@id\":\"https:\/\/noticiasemdestaque.com\/cd\/?p=1410\",\"url\":\"https:\/\/noticiasemdestaque.com\/cd\/?p=1410\",\"name\":\"Term\u00f4metros despencaram no Cariri e meteorologia prev\u00ea mais frio at\u00e9 agosto - Not&iacute;cias em Destaque\",\"isPartOf\":{\"@id\":\"https:\/\/noticiasemdestaque.com\/cd\/#website\"},\"primaryImageOfPage\":{\"@id\":\"https:\/\/noticiasemdestaque.com\/cd\/?p=1410#primaryimage\"},\"image\":{\"@id\":\"https:\/\/noticiasemdestaque.com\/cd\/?p=1410#primaryimage\"},\"thumbnailUrl\":\"https:\/\/noticiasemdestaque.com\/cd\/wp-content\/uploads\/2017\/07\/06072017153354.jpeg\",\"datePublished\":\"2017-07-06T22:29:25+00:00\",\"breadcrumb\":{\"@id\":\"https:\/\/noticiasemdestaque.com\/cd\/?p=1410#breadcrumb\"},\"inLanguage\":\"pt-BR\",\"potentialAction\":[{\"@type\":\"ReadAction\",\"target\":[\"https:\/\/noticiasemdestaque.com\/cd\/?p=1410\"]}]},{\"@type\":\"ImageObject\",\"inLanguage\":\"pt-BR\",\"@id\":\"https:\/\/noticiasemdestaque.com\/cd\/?p=1410#primaryimage\",\"url\":\"https:\/\/noticiasemdestaque.com\/cd\/wp-content\/uploads\/2017\/07\/06072017153354.jpeg\",\"contentUrl\":\"https:\/\/noticiasemdestaque.com\/cd\/wp-content\/uploads\/2017\/07\/06072017153354.jpeg\",\"width\":680,\"height\":453},{\"@type\":\"BreadcrumbList\",\"@id\":\"https:\/\/noticiasemdestaque.com\/cd\/?p=1410#breadcrumb\",\"itemListElement\":[{\"@type\":\"ListItem\",\"position\":1,\"name\":\"In\u00edcio\",\"item\":\"https:\/\/noticiasemdestaque.com\/cd\/\"},{\"@type\":\"ListItem\",\"position\":2,\"name\":\"Term\u00f4metros despencaram no Cariri e meteorologia prev\u00ea mais frio at\u00e9 agosto\"}]},{\"@type\":\"WebSite\",\"@id\":\"https:\/\/noticiasemdestaque.com\/cd\/#website\",\"url\":\"https:\/\/noticiasemdestaque.com\/cd\/\",\"name\":\"Not&iacute;cias em Destaque\",\"description\":\"\",\"publisher\":{\"@id\":\"https:\/\/noticiasemdestaque.com\/cd\/#organization\"},\"potentialAction\":[{\"@type\":\"SearchAction\",\"target\":{\"@type\":\"EntryPoint\",\"urlTemplate\":\"https:\/\/noticiasemdestaque.com\/cd\/?s={search_term_string}\"},\"query-input\":{\"@type\":\"PropertyValueSpecification\",\"valueRequired\":true,\"valueName\":\"search_term_string\"}}],\"inLanguage\":\"pt-BR\"},{\"@type\":\"Organization\",\"@id\":\"https:\/\/noticiasemdestaque.com\/cd\/#organization\",\"name\":\"Not\u00edcias em Destaque\",\"url\":\"https:\/\/noticiasemdestaque.com\/cd\/\",\"logo\":{\"@type\":\"ImageObject\",\"inLanguage\":\"pt-BR\",\"@id\":\"https:\/\/noticiasemdestaque.com\/cd\/#\/schema\/logo\/image\/\",\"url\":\"https:\/\/noticiasemdestaque.com\/cd\/wp-content\/uploads\/2022\/05\/imagem-base-noticiasemdestaque.png\",\"contentUrl\":\"https:\/\/noticiasemdestaque.com\/cd\/wp-content\/uploads\/2022\/05\/imagem-base-noticiasemdestaque.png\",\"width\":1200,\"height\":630,\"caption\":\"Not\u00edcias em Destaque\"},\"image\":{\"@id\":\"https:\/\/noticiasemdestaque.com\/cd\/#\/schema\/logo\/image\/\"}},{\"@type\":\"Person\",\"@id\":\"https:\/\/noticiasemdestaque.com\/cd\/#\/schema\/person\/47f7d4f55eec17c6b2ca036c5500f6ce\",\"name\":\"Not\u00edcias em Destaque\",\"url\":\"https:\/\/noticiasemdestaque.com\/cd\/?author=2\"}]}<\/script>\n<!-- \/ Yoast SEO plugin. -->","yoast_head_json":{"title":"Term\u00f4metros despencaram no Cariri e meteorologia prev\u00ea mais frio at\u00e9 agosto - Not&iacute;cias em Destaque","robots":{"index":"index","follow":"follow","max-snippet":"max-snippet:-1","max-image-preview":"max-image-preview:large","max-video-preview":"max-video-preview:-1"},"canonical":"https:\/\/noticiasemdestaque.com\/cd\/?p=1410","og_locale":"pt_BR","og_type":"article","og_title":"Term\u00f4metros despencaram no Cariri e meteorologia prev\u00ea mais frio at\u00e9 agosto - Not&iacute;cias em Destaque","og_description":"Quem mora nas cidades do Cariri tem de uma forma ou de outra mudado seus h\u00e1bitos durante a noite. O tempo que antes era seco e ameno deu espa\u00e7o para baixas temperaturas e muito frio, o que tem feito com que os caririzeiros esvaziem as ruas ainda mais cedo. N\u00e3o d\u00e1 10 horas da noite e j\u00e1 n\u00e3o se ver quase ningu\u00e9m na pra\u00e7a principal de Serra Branca. Segundo a meteorologista da Aesa, Marle Bandeira, a previs\u00e3o \u00e9 de temperaturas mais baixas nas pr\u00f3ximas semanas, podendo chegar at\u00e9 15\u00ba em algumas localidades. De acordo com o Centro Virtual para Avisos de Eventos Meteorol\u00f3gicos Severos para o Sul da Am\u00e9rica do Sul (Alert-AS)) h\u00e1 risco de ventania costeira e que pode atingir at\u00e9 99 cidades paraibanas. Entre estas est\u00e3o praticamente todos os munic\u00edpios do Cariri, mesmo distante cerca de 200 quil\u00f4metros da capital. Ainda de acordo com Marle, os ventos fortes s\u00e3o normais para o per\u00edodo, mas que sua incid\u00eancia ser\u00e1 voltada para a faixa litor\u00e2nea. Com informa\u00e7\u00f5es do De Olho no Cariri","og_url":"https:\/\/noticiasemdestaque.com\/cd\/?p=1410","og_site_name":"Not&iacute;cias em Destaque","article_published_time":"2017-07-06T22:29:25+00:00","og_image":[{"width":680,"height":453,"url":"https:\/\/noticiasemdestaque.com\/cd\/wp-content\/uploads\/2017\/07\/06072017153354.jpeg","type":"image\/jpeg"}],"author":"Not\u00edcias em Destaque","twitter_card":"summary_large_image","twitter_misc":{"Escrito por":"Not\u00edcias em Destaque","Est. tempo de leitura":"1 minuto"},"schema":{"@context":"https:\/\/schema.org","@graph":[{"@type":"Article","@id":"https:\/\/noticiasemdestaque.com\/cd\/?p=1410#article","isPartOf":{"@id":"https:\/\/noticiasemdestaque.com\/cd\/?p=1410"},"author":{"name":"Not\u00edcias em Destaque","@id":"https:\/\/noticiasemdestaque.com\/cd\/#\/schema\/person\/47f7d4f55eec17c6b2ca036c5500f6ce"},"headline":"Term\u00f4metros despencaram no Cariri e meteorologia prev\u00ea mais frio at\u00e9 agosto","datePublished":"2017-07-06T22:29:25+00:00","mainEntityOfPage":{"@id":"https:\/\/noticiasemdestaque.com\/cd\/?p=1410"},"wordCount":197,"publisher":{"@id":"https:\/\/noticiasemdestaque.com\/cd\/#organization"},"image":{"@id":"https:\/\/noticiasemdestaque.com\/cd\/?p=1410#primaryimage"},"thumbnailUrl":"https:\/\/noticiasemdestaque.com\/cd\/wp-content\/uploads\/2017\/07\/06072017153354.jpeg","articleSection":["Cidades"],"inLanguage":"pt-BR"},{"@type":"WebPage","@id":"https:\/\/noticiasemdestaque.com\/cd\/?p=1410","url":"https:\/\/noticiasemdestaque.com\/cd\/?p=1410","name":"Term\u00f4metros despencaram no Cariri e meteorologia prev\u00ea mais frio at\u00e9 agosto - Not&iacute;cias em Destaque","isPartOf":{"@id":"https:\/\/noticiasemdestaque.com\/cd\/#website"},"primaryImageOfPage":{"@id":"https:\/\/noticiasemdestaque.com\/cd\/?p=1410#primaryimage"},"image":{"@id":"https:\/\/noticiasemdestaque.com\/cd\/?p=1410#primaryimage"},"thumbnailUrl":"https:\/\/noticiasemdestaque.com\/cd\/wp-content\/uploads\/2017\/07\/06072017153354.jpeg","datePublished":"2017-07-06T22:29:25+00:00","breadcrumb":{"@id":"https:\/\/noticiasemdestaque.com\/cd\/?p=1410#breadcrumb"},"inLanguage":"pt-BR","potentialAction":[{"@type":"ReadAction","target":["https:\/\/noticiasemdestaque.com\/cd\/?p=1410"]}]},{"@type":"ImageObject","inLanguage":"pt-BR","@id":"https:\/\/noticiasemdestaque.com\/cd\/?p=1410#primaryimage","url":"https:\/\/noticiasemdestaque.com\/cd\/wp-content\/uploads\/2017\/07\/06072017153354.jpeg","contentUrl":"https:\/\/noticiasemdestaque.com\/cd\/wp-content\/uploads\/2017\/07\/06072017153354.jpeg","width":680,"height":453},{"@type":"BreadcrumbList","@id":"https:\/\/noticiasemdestaque.com\/cd\/?p=1410#breadcrumb","itemListElement":[{"@type":"ListItem","position":1,"name":"In\u00edcio","item":"https:\/\/noticiasemdestaque.com\/cd\/"},{"@type":"ListItem","position":2,"name":"Term\u00f4metros despencaram no Cariri e meteorologia prev\u00ea mais frio at\u00e9 agosto"}]},{"@type":"WebSite","@id":"https:\/\/noticiasemdestaque.com\/cd\/#website","url":"https:\/\/noticiasemdestaque.com\/cd\/","name":"Not&iacute;cias em Destaque","description":"","publisher":{"@id":"https:\/\/noticiasemdestaque.com\/cd\/#organization"},"potentialAction":[{"@type":"SearchAction","target":{"@type":"EntryPoint","urlTemplate":"https:\/\/noticiasemdestaque.com\/cd\/?s={search_term_string}"},"query-input":{"@type":"PropertyValueSpecification","valueRequired":true,"valueName":"search_term_string"}}],"inLanguage":"pt-BR"},{"@type":"Organization","@id":"https:\/\/noticiasemdestaque.com\/cd\/#organization","name":"Not\u00edcias em Destaque","url":"https:\/\/noticiasemdestaque.com\/cd\/","logo":{"@type":"ImageObject","inLanguage":"pt-BR","@id":"https:\/\/noticiasemdestaque.com\/cd\/#\/schema\/logo\/image\/","url":"https:\/\/noticiasemdestaque.com\/cd\/wp-content\/uploads\/2022\/05\/imagem-base-noticiasemdestaque.png","contentUrl":"https:\/\/noticiasemdestaque.com\/cd\/wp-content\/uploads\/2022\/05\/imagem-base-noticiasemdestaque.png","width":1200,"height":630,"caption":"Not\u00edcias em Destaque"},"image":{"@id":"https:\/\/noticiasemdestaque.com\/cd\/#\/schema\/logo\/image\/"}},{"@type":"Person","@id":"https:\/\/noticiasemdestaque.com\/cd\/#\/schema\/person\/47f7d4f55eec17c6b2ca036c5500f6ce","name":"Not\u00edcias em Destaque","url":"https:\/\/noticiasemdestaque.com\/cd\/?author=2"}]}},"jetpack_featured_media_url":"https:\/\/noticiasemdestaque.com\/cd\/wp-content\/uploads\/2017\/07\/06072017153354.jpeg","jetpack_sharing_enabled":true,"_links":{"self":[{"href":"https:\/\/noticiasemdestaque.com\/cd\/index.php?rest_route=\/wp\/v2\/posts\/1410","targetHints":{"allow":["GET"]}}],"collection":[{"href":"https:\/\/noticiasemdestaque.com\/cd\/index.php?rest_route=\/wp\/v2\/posts"}],"about":[{"href":"https:\/\/noticiasemdestaque.com\/cd\/index.php?rest_route=\/wp\/v2\/types\/post"}],"author":[{"embeddable":true,"href":"https:\/\/noticiasemdestaque.com\/cd\/index.php?rest_route=\/wp\/v2\/users\/2"}],"replies":[{"embeddable":true,"href":"https:\/\/noticiasemdestaque.com\/cd\/index.php?rest_route=%2Fwp%2Fv2%2Fcomments&post=1410"}],"version-history":[{"count":1,"href":"https:\/\/noticiasemdestaque.com\/cd\/index.php?rest_route=\/wp\/v2\/posts\/1410\/revisions"}],"predecessor-version":[{"id":1412,"href":"https:\/\/noticiasemdestaque.com\/cd\/index.php?rest_route=\/wp\/v2\/posts\/1410\/revisions\/1412"}],"wp:featuredmedia":[{"embeddable":true,"href":"https:\/\/noticiasemdestaque.com\/cd\/index.php?rest_route=\/wp\/v2\/media\/1411"}],"wp:attachment":[{"href":"https:\/\/noticiasemdestaque.com\/cd\/index.php?rest_route=%2Fwp%2Fv2%2Fmedia&parent=1410"}],"wp:term":[{"taxonomy":"category","embeddable":true,"href":"https:\/\/noticiasemdestaque.com\/cd\/index.php?rest_route=%2Fwp%2Fv2%2Fcategories&post=1410"},{"taxonomy":"post_tag","embeddable":true,"href":"https:\/\/noticiasemdestaque.com\/cd\/index.php?rest_route=%2Fwp%2Fv2%2Ftags&post=1410"}],"curies":[{"name":"wp","href":"https:\/\/api.w.org\/{rel}","templated":true}]}}