{"id":1403,"date":"2017-07-06T19:22:22","date_gmt":"2017-07-06T22:22:22","guid":{"rendered":"http:\/\/caririemdestaque.com\/cd\/?p=1403"},"modified":"2017-07-06T19:22:22","modified_gmt":"2017-07-06T22:22:22","slug":"68-cidades-da-pb-tem-alerta-para-alagamentos-deslizamentos-e-cheias","status":"publish","type":"post","link":"https:\/\/noticiasemdestaque.com\/cd\/?p=1403","title":{"rendered":"68 cidades da PB t\u00eam alerta para alagamentos, deslizamentos e cheias"},"content":{"rendered":"<figure id=\"attachment_1404\" aria-describedby=\"caption-attachment-1404\" style=\"width: 300px\" class=\"wp-caption alignleft\"><a href=\"http:\/\/caririemdestaque.com\/cd\/wp-content\/uploads\/2017\/07\/17577036280003622710000.jpg\"><img fetchpriority=\"high\" decoding=\"async\" class=\"wp-image-1404 size-medium\" src=\"http:\/\/caririemdestaque.com\/cd\/wp-content\/uploads\/2017\/07\/17577036280003622710000-300x225.jpg\" alt=\"\" width=\"300\" height=\"225\" srcset=\"https:\/\/noticiasemdestaque.com\/cd\/wp-content\/uploads\/2017\/07\/17577036280003622710000-300x225.jpg 300w, https:\/\/noticiasemdestaque.com\/cd\/wp-content\/uploads\/2017\/07\/17577036280003622710000.jpg 362w\" sizes=\"(max-width: 300px) 100vw, 300px\" \/><\/a><figcaption id=\"caption-attachment-1404\" class=\"wp-caption-text\">Previs\u00e3o \u00e9 de mais chuvas<\/figcaption><\/figure>\n<p>As fortes chuvas que foram registradas em Jo\u00e3o Pessoa e a previs\u00e3o de mais ocorr\u00eancias colocam a cidade em risco de alagamentos, deslizamentos de encostas, transbordamentos de rios e fortes ventos, conforme alerta do Centro Virtual para Avisos de Eventos Meteorol\u00f3gicos Severos para o Sul da Am\u00e9rica do Sul (Alert-AS). Comente no fim da mat\u00e9ria.<\/p>\n<p>Segundo o coordenador da Defesa Civil, choveu cerca de 30 mil\u00edmetros nas \u00faltimas horas, mas nenhum transtorno grave foi verificado. Ainda assim, o \u00f3rg\u00e3o est\u00e1 em alerta e moradores podem acionar equipes caso haja alguma ocorr\u00eancia, pelo telefone 0800 285 9020. A Pol\u00edcia Rodovi\u00e1ria Federal (PRF) tamb\u00e9m n\u00e3o registrou acidentes ou tr\u00e2nsito lento por conta das chuvas.<\/p>\n<p>Conforme comunicado do Instituto Nacional de Meteorologia (Inmet), o perigo de acumulado de chuvas atinge 67 cidades al\u00e9m da Capital \u00e9 v\u00e1lido at\u00e9 as 11h desta sexta-feira (7). A previs\u00e3o \u00e9 de que possam ocorrer chuvas entre 30 e 60 mil\u00edmetros no intervalo de apenas uma hora. O acumulado di\u00e1rio pode chegar a 100 mil\u00edmetros.<\/p>\n<p>A orienta\u00e7\u00e3o \u00e9 de que moradores de \u00e1reas com risco de alagamento coloquem m\u00f3veis e utens\u00edlios em lugares altos e bem protegidos; desligue aparelhos el\u00e9tricos; procure abrigos municipais se observar rachaduras nas resid\u00eancias; e coloque lona pl\u00e1stica em rachaduras que porventura apare\u00e7am em terrenos.<\/p>\n<p>As regi\u00f5es com mais chances de receberem as fortes chuvas s\u00e3o Litoral, Mata, Agreste e Brejo. Todas essas regi\u00f5es, juntamente com Cariri E Serid\u00f3 Paraibano, seguem em alerta tamb\u00e9m para ventos fortes. Nos \u00faltimos dias, \u00e1rvores tombaram na Capital.<\/p>\n<p>Segundo a Capitania dos Portos, os ventos previstos s\u00e3o de for\u00e7a 7 na escala de Beaufort, cuja caracter\u00edstica \u00e9 a possibilidade de notar o balan\u00e7o em troncos de \u00e1rvores de pequeno porte. Nessa categoria, a velocidade dos ventos a uma altura de dez metros pode chegar a 55 km\/h.<\/p>\n","protected":false},"excerpt":{"rendered":"<p>As fortes chuvas que foram registradas em Jo\u00e3o Pessoa e a previs\u00e3o de mais ocorr\u00eancias colocam a cidade em risco de alagamentos, deslizamentos de encostas, transbordamentos de rios e fortes ventos, conforme alerta do Centro Virtual para Avisos de Eventos Meteorol\u00f3gicos Severos para o Sul da Am\u00e9rica do Sul (Alert-AS). Comente no fim da mat\u00e9ria. Segundo o coordenador da Defesa Civil, choveu cerca de 30 mil\u00edmetros nas \u00faltimas horas, mas nenhum transtorno grave foi verificado. Ainda assim, o \u00f3rg\u00e3o est\u00e1 em alerta e moradores podem acionar equipes caso haja alguma ocorr\u00eancia, pelo telefone 0800 285 9020. A Pol\u00edcia Rodovi\u00e1ria Federal (PRF) tamb\u00e9m n\u00e3o registrou acidentes ou tr\u00e2nsito lento por conta das chuvas. Conforme comunicado do Instituto Nacional de Meteorologia (Inmet), o perigo de acumulado de chuvas atinge 67 cidades al\u00e9m da Capital \u00e9 v\u00e1lido at\u00e9 as 11h desta sexta-feira (7). A previs\u00e3o \u00e9 de que possam ocorrer chuvas entre 30 e 60 mil\u00edmetros no intervalo de apenas uma hora. O acumulado di\u00e1rio pode chegar a 100 mil\u00edmetros. A orienta\u00e7\u00e3o \u00e9 de que moradores de \u00e1reas com risco de alagamento coloquem m\u00f3veis e utens\u00edlios em lugares altos e bem protegidos; desligue aparelhos el\u00e9tricos; procure abrigos municipais se observar rachaduras nas resid\u00eancias; e coloque lona pl\u00e1stica em rachaduras que porventura apare\u00e7am em terrenos. As regi\u00f5es com mais chances de receberem as fortes chuvas s\u00e3o Litoral, Mata, Agreste e Brejo. Todas essas regi\u00f5es, juntamente com Cariri E Serid\u00f3 Paraibano, seguem em alerta tamb\u00e9m para ventos fortes. Nos \u00faltimos dias, \u00e1rvores tombaram na Capital. Segundo a Capitania dos Portos, os ventos previstos s\u00e3o de for\u00e7a 7 na escala de Beaufort, cuja caracter\u00edstica \u00e9 a possibilidade de notar o balan\u00e7o em troncos de \u00e1rvores de pequeno porte. Nessa categoria, a velocidade dos ventos a uma altura de dez metros pode chegar a 55 km\/h.<\/p>\n","protected":false},"author":2,"featured_media":1404,"comment_status":"closed","ping_status":"open","sticky":false,"template":"","format":"standard","meta":{"_eb_attr":"","_jetpack_memberships_contains_paid_content":false,"footnotes":""},"categories":[3],"tags":[],"class_list":["post-1403","post","type-post","status-publish","format-standard","has-post-thumbnail","hentry","category-cidades"],"yoast_head":"<!-- This site is optimized with the Yoast SEO plugin v26.5 - https:\/\/yoast.com\/wordpress\/plugins\/seo\/ -->\n<title>68 cidades da PB t\u00eam alerta para alagamentos, deslizamentos e cheias - Not&iacute;cias em Destaque<\/title>\n<meta name=\"robots\" content=\"index, follow, max-snippet:-1, max-image-preview:large, max-video-preview:-1\" \/>\n<link rel=\"canonical\" href=\"https:\/\/noticiasemdestaque.com\/cd\/?p=1403\" \/>\n<meta property=\"og:locale\" content=\"pt_BR\" \/>\n<meta property=\"og:type\" content=\"article\" \/>\n<meta property=\"og:title\" content=\"68 cidades da PB t\u00eam alerta para alagamentos, deslizamentos e cheias - Not&iacute;cias em Destaque\" \/>\n<meta property=\"og:description\" content=\"As fortes chuvas que foram registradas em Jo\u00e3o Pessoa e a previs\u00e3o de mais ocorr\u00eancias colocam a cidade em risco de alagamentos, deslizamentos de encostas, transbordamentos de rios e fortes ventos, conforme alerta do Centro Virtual para Avisos de Eventos Meteorol\u00f3gicos Severos para o Sul da Am\u00e9rica do Sul (Alert-AS). Comente no fim da mat\u00e9ria. Segundo o coordenador da Defesa Civil, choveu cerca de 30 mil\u00edmetros nas \u00faltimas horas, mas nenhum transtorno grave foi verificado. Ainda assim, o \u00f3rg\u00e3o est\u00e1 em alerta e moradores podem acionar equipes caso haja alguma ocorr\u00eancia, pelo telefone 0800 285 9020. A Pol\u00edcia Rodovi\u00e1ria Federal (PRF) tamb\u00e9m n\u00e3o registrou acidentes ou tr\u00e2nsito lento por conta das chuvas. Conforme comunicado do Instituto Nacional de Meteorologia (Inmet), o perigo de acumulado de chuvas atinge 67 cidades al\u00e9m da Capital \u00e9 v\u00e1lido at\u00e9 as 11h desta sexta-feira (7). A previs\u00e3o \u00e9 de que possam ocorrer chuvas entre 30 e 60 mil\u00edmetros no intervalo de apenas uma hora. O acumulado di\u00e1rio pode chegar a 100 mil\u00edmetros. A orienta\u00e7\u00e3o \u00e9 de que moradores de \u00e1reas com risco de alagamento coloquem m\u00f3veis e utens\u00edlios em lugares altos e bem protegidos; desligue aparelhos el\u00e9tricos; procure abrigos municipais se observar rachaduras nas resid\u00eancias; e coloque lona pl\u00e1stica em rachaduras que porventura apare\u00e7am em terrenos. As regi\u00f5es com mais chances de receberem as fortes chuvas s\u00e3o Litoral, Mata, Agreste e Brejo. Todas essas regi\u00f5es, juntamente com Cariri E Serid\u00f3 Paraibano, seguem em alerta tamb\u00e9m para ventos fortes. Nos \u00faltimos dias, \u00e1rvores tombaram na Capital. Segundo a Capitania dos Portos, os ventos previstos s\u00e3o de for\u00e7a 7 na escala de Beaufort, cuja caracter\u00edstica \u00e9 a possibilidade de notar o balan\u00e7o em troncos de \u00e1rvores de pequeno porte. Nessa categoria, a velocidade dos ventos a uma altura de dez metros pode chegar a 55 km\/h.\" \/>\n<meta property=\"og:url\" content=\"https:\/\/noticiasemdestaque.com\/cd\/?p=1403\" \/>\n<meta property=\"og:site_name\" content=\"Not&iacute;cias em Destaque\" \/>\n<meta property=\"article:published_time\" content=\"2017-07-06T22:22:22+00:00\" \/>\n<meta property=\"og:image\" content=\"https:\/\/noticiasemdestaque.com\/cd\/wp-content\/uploads\/2017\/07\/17577036280003622710000.jpg\" \/>\n\t<meta property=\"og:image:width\" content=\"362\" \/>\n\t<meta property=\"og:image:height\" content=\"271\" \/>\n\t<meta property=\"og:image:type\" content=\"image\/jpeg\" \/>\n<meta name=\"author\" content=\"Not\u00edcias em Destaque\" \/>\n<meta name=\"twitter:card\" content=\"summary_large_image\" \/>\n<meta name=\"twitter:label1\" content=\"Escrito por\" \/>\n\t<meta name=\"twitter:data1\" content=\"Not\u00edcias em Destaque\" \/>\n\t<meta name=\"twitter:label2\" content=\"Est. tempo de leitura\" \/>\n\t<meta name=\"twitter:data2\" content=\"2 minutos\" \/>\n<script type=\"application\/ld+json\" class=\"yoast-schema-graph\">{\"@context\":\"https:\/\/schema.org\",\"@graph\":[{\"@type\":\"Article\",\"@id\":\"https:\/\/noticiasemdestaque.com\/cd\/?p=1403#article\",\"isPartOf\":{\"@id\":\"https:\/\/noticiasemdestaque.com\/cd\/?p=1403\"},\"author\":{\"name\":\"Not\u00edcias em Destaque\",\"@id\":\"https:\/\/noticiasemdestaque.com\/cd\/#\/schema\/person\/4a81fb71f77579d059c3045891fa1786\"},\"headline\":\"68 cidades da PB t\u00eam alerta para alagamentos, deslizamentos e cheias\",\"datePublished\":\"2017-07-06T22:22:22+00:00\",\"mainEntityOfPage\":{\"@id\":\"https:\/\/noticiasemdestaque.com\/cd\/?p=1403\"},\"wordCount\":343,\"publisher\":{\"@id\":\"https:\/\/noticiasemdestaque.com\/cd\/#organization\"},\"image\":{\"@id\":\"https:\/\/noticiasemdestaque.com\/cd\/?p=1403#primaryimage\"},\"thumbnailUrl\":\"https:\/\/noticiasemdestaque.com\/cd\/wp-content\/uploads\/2017\/07\/17577036280003622710000.jpg\",\"articleSection\":[\"Cidades\"],\"inLanguage\":\"pt-BR\"},{\"@type\":\"WebPage\",\"@id\":\"https:\/\/noticiasemdestaque.com\/cd\/?p=1403\",\"url\":\"https:\/\/noticiasemdestaque.com\/cd\/?p=1403\",\"name\":\"68 cidades da PB t\u00eam alerta para alagamentos, deslizamentos e cheias - Not&iacute;cias em Destaque\",\"isPartOf\":{\"@id\":\"https:\/\/noticiasemdestaque.com\/cd\/#website\"},\"primaryImageOfPage\":{\"@id\":\"https:\/\/noticiasemdestaque.com\/cd\/?p=1403#primaryimage\"},\"image\":{\"@id\":\"https:\/\/noticiasemdestaque.com\/cd\/?p=1403#primaryimage\"},\"thumbnailUrl\":\"https:\/\/noticiasemdestaque.com\/cd\/wp-content\/uploads\/2017\/07\/17577036280003622710000.jpg\",\"datePublished\":\"2017-07-06T22:22:22+00:00\",\"breadcrumb\":{\"@id\":\"https:\/\/noticiasemdestaque.com\/cd\/?p=1403#breadcrumb\"},\"inLanguage\":\"pt-BR\",\"potentialAction\":[{\"@type\":\"ReadAction\",\"target\":[\"https:\/\/noticiasemdestaque.com\/cd\/?p=1403\"]}]},{\"@type\":\"ImageObject\",\"inLanguage\":\"pt-BR\",\"@id\":\"https:\/\/noticiasemdestaque.com\/cd\/?p=1403#primaryimage\",\"url\":\"https:\/\/noticiasemdestaque.com\/cd\/wp-content\/uploads\/2017\/07\/17577036280003622710000.jpg\",\"contentUrl\":\"https:\/\/noticiasemdestaque.com\/cd\/wp-content\/uploads\/2017\/07\/17577036280003622710000.jpg\",\"width\":362,\"height\":271},{\"@type\":\"BreadcrumbList\",\"@id\":\"https:\/\/noticiasemdestaque.com\/cd\/?p=1403#breadcrumb\",\"itemListElement\":[{\"@type\":\"ListItem\",\"position\":1,\"name\":\"In\u00edcio\",\"item\":\"https:\/\/noticiasemdestaque.com\/cd\/\"},{\"@type\":\"ListItem\",\"position\":2,\"name\":\"68 cidades da PB t\u00eam alerta para alagamentos, deslizamentos e cheias\"}]},{\"@type\":\"WebSite\",\"@id\":\"https:\/\/noticiasemdestaque.com\/cd\/#website\",\"url\":\"https:\/\/noticiasemdestaque.com\/cd\/\",\"name\":\"Not&iacute;cias em Destaque\",\"description\":\"\",\"publisher\":{\"@id\":\"https:\/\/noticiasemdestaque.com\/cd\/#organization\"},\"potentialAction\":[{\"@type\":\"SearchAction\",\"target\":{\"@type\":\"EntryPoint\",\"urlTemplate\":\"https:\/\/noticiasemdestaque.com\/cd\/?s={search_term_string}\"},\"query-input\":{\"@type\":\"PropertyValueSpecification\",\"valueRequired\":true,\"valueName\":\"search_term_string\"}}],\"inLanguage\":\"pt-BR\"},{\"@type\":\"Organization\",\"@id\":\"https:\/\/noticiasemdestaque.com\/cd\/#organization\",\"name\":\"Not\u00edcias em Destaque\",\"url\":\"https:\/\/noticiasemdestaque.com\/cd\/\",\"logo\":{\"@type\":\"ImageObject\",\"inLanguage\":\"pt-BR\",\"@id\":\"https:\/\/noticiasemdestaque.com\/cd\/#\/schema\/logo\/image\/\",\"url\":\"https:\/\/noticiasemdestaque.com\/cd\/wp-content\/uploads\/2022\/05\/imagem-base-noticiasemdestaque.png\",\"contentUrl\":\"https:\/\/noticiasemdestaque.com\/cd\/wp-content\/uploads\/2022\/05\/imagem-base-noticiasemdestaque.png\",\"width\":1200,\"height\":630,\"caption\":\"Not\u00edcias em Destaque\"},\"image\":{\"@id\":\"https:\/\/noticiasemdestaque.com\/cd\/#\/schema\/logo\/image\/\"}},{\"@type\":\"Person\",\"@id\":\"https:\/\/noticiasemdestaque.com\/cd\/#\/schema\/person\/4a81fb71f77579d059c3045891fa1786\",\"name\":\"Not\u00edcias em Destaque\",\"url\":\"https:\/\/noticiasemdestaque.com\/cd\/?author=2\"}]}<\/script>\n<!-- \/ Yoast SEO plugin. -->","yoast_head_json":{"title":"68 cidades da PB t\u00eam alerta para alagamentos, deslizamentos e cheias - Not&iacute;cias em Destaque","robots":{"index":"index","follow":"follow","max-snippet":"max-snippet:-1","max-image-preview":"max-image-preview:large","max-video-preview":"max-video-preview:-1"},"canonical":"https:\/\/noticiasemdestaque.com\/cd\/?p=1403","og_locale":"pt_BR","og_type":"article","og_title":"68 cidades da PB t\u00eam alerta para alagamentos, deslizamentos e cheias - Not&iacute;cias em Destaque","og_description":"As fortes chuvas que foram registradas em Jo\u00e3o Pessoa e a previs\u00e3o de mais ocorr\u00eancias colocam a cidade em risco de alagamentos, deslizamentos de encostas, transbordamentos de rios e fortes ventos, conforme alerta do Centro Virtual para Avisos de Eventos Meteorol\u00f3gicos Severos para o Sul da Am\u00e9rica do Sul (Alert-AS). Comente no fim da mat\u00e9ria. Segundo o coordenador da Defesa Civil, choveu cerca de 30 mil\u00edmetros nas \u00faltimas horas, mas nenhum transtorno grave foi verificado. Ainda assim, o \u00f3rg\u00e3o est\u00e1 em alerta e moradores podem acionar equipes caso haja alguma ocorr\u00eancia, pelo telefone 0800 285 9020. A Pol\u00edcia Rodovi\u00e1ria Federal (PRF) tamb\u00e9m n\u00e3o registrou acidentes ou tr\u00e2nsito lento por conta das chuvas. Conforme comunicado do Instituto Nacional de Meteorologia (Inmet), o perigo de acumulado de chuvas atinge 67 cidades al\u00e9m da Capital \u00e9 v\u00e1lido at\u00e9 as 11h desta sexta-feira (7). A previs\u00e3o \u00e9 de que possam ocorrer chuvas entre 30 e 60 mil\u00edmetros no intervalo de apenas uma hora. O acumulado di\u00e1rio pode chegar a 100 mil\u00edmetros. A orienta\u00e7\u00e3o \u00e9 de que moradores de \u00e1reas com risco de alagamento coloquem m\u00f3veis e utens\u00edlios em lugares altos e bem protegidos; desligue aparelhos el\u00e9tricos; procure abrigos municipais se observar rachaduras nas resid\u00eancias; e coloque lona pl\u00e1stica em rachaduras que porventura apare\u00e7am em terrenos. As regi\u00f5es com mais chances de receberem as fortes chuvas s\u00e3o Litoral, Mata, Agreste e Brejo. Todas essas regi\u00f5es, juntamente com Cariri E Serid\u00f3 Paraibano, seguem em alerta tamb\u00e9m para ventos fortes. Nos \u00faltimos dias, \u00e1rvores tombaram na Capital. Segundo a Capitania dos Portos, os ventos previstos s\u00e3o de for\u00e7a 7 na escala de Beaufort, cuja caracter\u00edstica \u00e9 a possibilidade de notar o balan\u00e7o em troncos de \u00e1rvores de pequeno porte. Nessa categoria, a velocidade dos ventos a uma altura de dez metros pode chegar a 55 km\/h.","og_url":"https:\/\/noticiasemdestaque.com\/cd\/?p=1403","og_site_name":"Not&iacute;cias em Destaque","article_published_time":"2017-07-06T22:22:22+00:00","og_image":[{"width":362,"height":271,"url":"https:\/\/noticiasemdestaque.com\/cd\/wp-content\/uploads\/2017\/07\/17577036280003622710000.jpg","type":"image\/jpeg"}],"author":"Not\u00edcias em Destaque","twitter_card":"summary_large_image","twitter_misc":{"Escrito por":"Not\u00edcias em Destaque","Est. tempo de leitura":"2 minutos"},"schema":{"@context":"https:\/\/schema.org","@graph":[{"@type":"Article","@id":"https:\/\/noticiasemdestaque.com\/cd\/?p=1403#article","isPartOf":{"@id":"https:\/\/noticiasemdestaque.com\/cd\/?p=1403"},"author":{"name":"Not\u00edcias em Destaque","@id":"https:\/\/noticiasemdestaque.com\/cd\/#\/schema\/person\/4a81fb71f77579d059c3045891fa1786"},"headline":"68 cidades da PB t\u00eam alerta para alagamentos, deslizamentos e cheias","datePublished":"2017-07-06T22:22:22+00:00","mainEntityOfPage":{"@id":"https:\/\/noticiasemdestaque.com\/cd\/?p=1403"},"wordCount":343,"publisher":{"@id":"https:\/\/noticiasemdestaque.com\/cd\/#organization"},"image":{"@id":"https:\/\/noticiasemdestaque.com\/cd\/?p=1403#primaryimage"},"thumbnailUrl":"https:\/\/noticiasemdestaque.com\/cd\/wp-content\/uploads\/2017\/07\/17577036280003622710000.jpg","articleSection":["Cidades"],"inLanguage":"pt-BR"},{"@type":"WebPage","@id":"https:\/\/noticiasemdestaque.com\/cd\/?p=1403","url":"https:\/\/noticiasemdestaque.com\/cd\/?p=1403","name":"68 cidades da PB t\u00eam alerta para alagamentos, deslizamentos e cheias - Not&iacute;cias em Destaque","isPartOf":{"@id":"https:\/\/noticiasemdestaque.com\/cd\/#website"},"primaryImageOfPage":{"@id":"https:\/\/noticiasemdestaque.com\/cd\/?p=1403#primaryimage"},"image":{"@id":"https:\/\/noticiasemdestaque.com\/cd\/?p=1403#primaryimage"},"thumbnailUrl":"https:\/\/noticiasemdestaque.com\/cd\/wp-content\/uploads\/2017\/07\/17577036280003622710000.jpg","datePublished":"2017-07-06T22:22:22+00:00","breadcrumb":{"@id":"https:\/\/noticiasemdestaque.com\/cd\/?p=1403#breadcrumb"},"inLanguage":"pt-BR","potentialAction":[{"@type":"ReadAction","target":["https:\/\/noticiasemdestaque.com\/cd\/?p=1403"]}]},{"@type":"ImageObject","inLanguage":"pt-BR","@id":"https:\/\/noticiasemdestaque.com\/cd\/?p=1403#primaryimage","url":"https:\/\/noticiasemdestaque.com\/cd\/wp-content\/uploads\/2017\/07\/17577036280003622710000.jpg","contentUrl":"https:\/\/noticiasemdestaque.com\/cd\/wp-content\/uploads\/2017\/07\/17577036280003622710000.jpg","width":362,"height":271},{"@type":"BreadcrumbList","@id":"https:\/\/noticiasemdestaque.com\/cd\/?p=1403#breadcrumb","itemListElement":[{"@type":"ListItem","position":1,"name":"In\u00edcio","item":"https:\/\/noticiasemdestaque.com\/cd\/"},{"@type":"ListItem","position":2,"name":"68 cidades da PB t\u00eam alerta para alagamentos, deslizamentos e cheias"}]},{"@type":"WebSite","@id":"https:\/\/noticiasemdestaque.com\/cd\/#website","url":"https:\/\/noticiasemdestaque.com\/cd\/","name":"Not&iacute;cias em Destaque","description":"","publisher":{"@id":"https:\/\/noticiasemdestaque.com\/cd\/#organization"},"potentialAction":[{"@type":"SearchAction","target":{"@type":"EntryPoint","urlTemplate":"https:\/\/noticiasemdestaque.com\/cd\/?s={search_term_string}"},"query-input":{"@type":"PropertyValueSpecification","valueRequired":true,"valueName":"search_term_string"}}],"inLanguage":"pt-BR"},{"@type":"Organization","@id":"https:\/\/noticiasemdestaque.com\/cd\/#organization","name":"Not\u00edcias em Destaque","url":"https:\/\/noticiasemdestaque.com\/cd\/","logo":{"@type":"ImageObject","inLanguage":"pt-BR","@id":"https:\/\/noticiasemdestaque.com\/cd\/#\/schema\/logo\/image\/","url":"https:\/\/noticiasemdestaque.com\/cd\/wp-content\/uploads\/2022\/05\/imagem-base-noticiasemdestaque.png","contentUrl":"https:\/\/noticiasemdestaque.com\/cd\/wp-content\/uploads\/2022\/05\/imagem-base-noticiasemdestaque.png","width":1200,"height":630,"caption":"Not\u00edcias em Destaque"},"image":{"@id":"https:\/\/noticiasemdestaque.com\/cd\/#\/schema\/logo\/image\/"}},{"@type":"Person","@id":"https:\/\/noticiasemdestaque.com\/cd\/#\/schema\/person\/4a81fb71f77579d059c3045891fa1786","name":"Not\u00edcias em Destaque","url":"https:\/\/noticiasemdestaque.com\/cd\/?author=2"}]}},"jetpack_featured_media_url":"https:\/\/noticiasemdestaque.com\/cd\/wp-content\/uploads\/2017\/07\/17577036280003622710000.jpg","jetpack_sharing_enabled":true,"_links":{"self":[{"href":"https:\/\/noticiasemdestaque.com\/cd\/index.php?rest_route=\/wp\/v2\/posts\/1403","targetHints":{"allow":["GET"]}}],"collection":[{"href":"https:\/\/noticiasemdestaque.com\/cd\/index.php?rest_route=\/wp\/v2\/posts"}],"about":[{"href":"https:\/\/noticiasemdestaque.com\/cd\/index.php?rest_route=\/wp\/v2\/types\/post"}],"author":[{"embeddable":true,"href":"https:\/\/noticiasemdestaque.com\/cd\/index.php?rest_route=\/wp\/v2\/users\/2"}],"replies":[{"embeddable":true,"href":"https:\/\/noticiasemdestaque.com\/cd\/index.php?rest_route=%2Fwp%2Fv2%2Fcomments&post=1403"}],"version-history":[{"count":2,"href":"https:\/\/noticiasemdestaque.com\/cd\/index.php?rest_route=\/wp\/v2\/posts\/1403\/revisions"}],"predecessor-version":[{"id":1406,"href":"https:\/\/noticiasemdestaque.com\/cd\/index.php?rest_route=\/wp\/v2\/posts\/1403\/revisions\/1406"}],"wp:featuredmedia":[{"embeddable":true,"href":"https:\/\/noticiasemdestaque.com\/cd\/index.php?rest_route=\/wp\/v2\/media\/1404"}],"wp:attachment":[{"href":"https:\/\/noticiasemdestaque.com\/cd\/index.php?rest_route=%2Fwp%2Fv2%2Fmedia&parent=1403"}],"wp:term":[{"taxonomy":"category","embeddable":true,"href":"https:\/\/noticiasemdestaque.com\/cd\/index.php?rest_route=%2Fwp%2Fv2%2Fcategories&post=1403"},{"taxonomy":"post_tag","embeddable":true,"href":"https:\/\/noticiasemdestaque.com\/cd\/index.php?rest_route=%2Fwp%2Fv2%2Ftags&post=1403"}],"curies":[{"name":"wp","href":"https:\/\/api.w.org\/{rel}","templated":true}]}}