{"id":13840,"date":"2018-11-13T07:17:10","date_gmt":"2018-11-13T10:17:10","guid":{"rendered":"http:\/\/noticiasemdestaque.com\/cd\/?p=13840"},"modified":"2018-11-13T07:17:10","modified_gmt":"2018-11-13T10:17:10","slug":"anulada-questao-do-enem-por-ser-repetida","status":"publish","type":"post","link":"https:\/\/noticiasemdestaque.com\/cd\/?p=13840","title":{"rendered":"Anulada quest\u00e3o do Enem por ser repetida"},"content":{"rendered":"<p><a href=\"https:\/\/noticiasemdestaque.com\/cd\/wp-content\/uploads\/2017\/10\/enem_2017_enem_.jpg\"><img fetchpriority=\"high\" decoding=\"async\" class=\"alignnone size-full wp-image-4872\" src=\"https:\/\/noticiasemdestaque.com\/cd\/wp-content\/uploads\/2017\/10\/enem_2017_enem_.jpg\" alt=\"\" width=\"576\" height=\"324\" srcset=\"https:\/\/noticiasemdestaque.com\/cd\/wp-content\/uploads\/2017\/10\/enem_2017_enem_.jpg 576w, https:\/\/noticiasemdestaque.com\/cd\/wp-content\/uploads\/2017\/10\/enem_2017_enem_-300x169.jpg 300w\" sizes=\"(max-width: 576px) 100vw, 576px\" \/><\/a><\/p>\n<p>O Instituto Nacional de Estudos e Pesquisas Educacionais An\u00edsio Teixeira (Inep) informou nesta segunda-feira (12) que uma das quest\u00f5es da prova de Matem\u00e1tica e suas Tecnologias do Exame Nacional do Ensino M\u00e9dio (Enem) 2018 foi anulada por j\u00e1 ter sido usada em um vestibular da Universidade Federal do Paran\u00e1 (UFPR), em 2013, descumprindo os requisitos de ineditismo e sigilo do exame.<\/p>\n<p>\u201cA quest\u00e3o foi elaborada em 2012 para o Inep, por um professor que, \u00e0 \u00e9poca, estava vinculado \u00e0 UFPR. No entanto, posteriormente, em 2013, a quest\u00e3o foi utilizada no vestibular da pr\u00f3pria Universidade, para ingresso em 2014, o que n\u00e3o deveria ter ocorrido\u201d, informou o \u00f3rg\u00e3o por meio de comunicado \u00e0 imprensa.<\/p>\n<p>Segundo o Inep ap\u00f3s constatar a repeti\u00e7\u00e3o, o Minist\u00e9rio da Educa\u00e7\u00e3o (MEC) instaurou uma\u00a0sindic\u00e2ncia\u00a0para apurar responsabilidades, que pode resultar em processos administrativo, c\u00edvel e at\u00e9 criminal.<\/p>\n<p>O reitor da UFPR, Ricardo Fonseca, colocou a Institui\u00e7\u00e3o \u00e0 disposi\u00e7\u00e3o para colaborar com a apura\u00e7\u00e3o. A Universidade tem um Acordo de Coopera\u00e7\u00e3o T\u00e9cnica assinado com o Inep para integrar o processo de elabora\u00e7\u00e3o e revis\u00e3o de itens do Banco Nacional de Itens (BNI).<\/p>\n<p>A quest\u00e3o anulada tem n\u00famero diferente a depender do caderno de prova do Enem 2018. Nos cadernos amarelo, laranja e verde, \u00e9 a n\u00famero 150. No caderno Azul, 163, no Cinza, 170 e no Rosa, 180.<\/p>\n<p>Fonte:Ag\u00eancia Brasil<\/p>\n<p>(Foto: Valter Campanato\/Ag\u00eancia Brasil)<\/p>\n","protected":false},"excerpt":{"rendered":"<p>O Instituto Nacional de Estudos e Pesquisas Educacionais An\u00edsio Teixeira (Inep) informou nesta segunda-feira (12) que uma das quest\u00f5es da prova de Matem\u00e1tica e suas Tecnologias do Exame Nacional do Ensino M\u00e9dio (Enem) 2018 foi anulada por j\u00e1 ter sido usada em um vestibular da Universidade Federal do Paran\u00e1 (UFPR), em 2013, descumprindo os requisitos de ineditismo e sigilo do exame. \u201cA quest\u00e3o foi elaborada em 2012 para o Inep, por um professor que, \u00e0 \u00e9poca, estava vinculado \u00e0 UFPR. No entanto, posteriormente, em 2013, a quest\u00e3o foi utilizada no vestibular da pr\u00f3pria Universidade, para ingresso em 2014, o que n\u00e3o deveria ter ocorrido\u201d, informou o \u00f3rg\u00e3o por meio de comunicado \u00e0 imprensa. Segundo o Inep ap\u00f3s constatar a repeti\u00e7\u00e3o, o Minist\u00e9rio da Educa\u00e7\u00e3o (MEC) instaurou uma\u00a0sindic\u00e2ncia\u00a0para apurar responsabilidades, que pode resultar em processos administrativo, c\u00edvel e at\u00e9 criminal. O reitor da UFPR, Ricardo Fonseca, colocou a Institui\u00e7\u00e3o \u00e0 disposi\u00e7\u00e3o para colaborar com a apura\u00e7\u00e3o. A Universidade tem um Acordo de Coopera\u00e7\u00e3o T\u00e9cnica assinado com o Inep para integrar o processo de elabora\u00e7\u00e3o e revis\u00e3o de itens do Banco Nacional de Itens (BNI). A quest\u00e3o anulada tem n\u00famero diferente a depender do caderno de prova do Enem 2018. Nos cadernos amarelo, laranja e verde, \u00e9 a n\u00famero 150. No caderno Azul, 163, no Cinza, 170 e no Rosa, 180. Fonte:Ag\u00eancia Brasil (Foto: Valter Campanato\/Ag\u00eancia Brasil)<\/p>\n","protected":false},"author":2,"featured_media":4872,"comment_status":"closed","ping_status":"open","sticky":false,"template":"","format":"standard","meta":{"_eb_attr":"","_jetpack_memberships_contains_paid_content":false,"footnotes":""},"categories":[6],"tags":[],"class_list":["post-13840","post","type-post","status-publish","format-standard","has-post-thumbnail","hentry","category-educacao"],"yoast_head":"<!-- This site is optimized with the Yoast SEO plugin v26.5 - https:\/\/yoast.com\/wordpress\/plugins\/seo\/ -->\n<title>Anulada quest\u00e3o do Enem por ser repetida - Not&iacute;cias em Destaque<\/title>\n<meta name=\"robots\" content=\"index, follow, max-snippet:-1, max-image-preview:large, max-video-preview:-1\" \/>\n<link rel=\"canonical\" href=\"https:\/\/noticiasemdestaque.com\/cd\/?p=13840\" \/>\n<meta property=\"og:locale\" content=\"pt_BR\" \/>\n<meta property=\"og:type\" content=\"article\" \/>\n<meta property=\"og:title\" content=\"Anulada quest\u00e3o do Enem por ser repetida - Not&iacute;cias em Destaque\" \/>\n<meta property=\"og:description\" content=\"O Instituto Nacional de Estudos e Pesquisas Educacionais An\u00edsio Teixeira (Inep) informou nesta segunda-feira (12) que uma das quest\u00f5es da prova de Matem\u00e1tica e suas Tecnologias do Exame Nacional do Ensino M\u00e9dio (Enem) 2018 foi anulada por j\u00e1 ter sido usada em um vestibular da Universidade Federal do Paran\u00e1 (UFPR), em 2013, descumprindo os requisitos de ineditismo e sigilo do exame. \u201cA quest\u00e3o foi elaborada em 2012 para o Inep, por um professor que, \u00e0 \u00e9poca, estava vinculado \u00e0 UFPR. No entanto, posteriormente, em 2013, a quest\u00e3o foi utilizada no vestibular da pr\u00f3pria Universidade, para ingresso em 2014, o que n\u00e3o deveria ter ocorrido\u201d, informou o \u00f3rg\u00e3o por meio de comunicado \u00e0 imprensa. Segundo o Inep ap\u00f3s constatar a repeti\u00e7\u00e3o, o Minist\u00e9rio da Educa\u00e7\u00e3o (MEC) instaurou uma\u00a0sindic\u00e2ncia\u00a0para apurar responsabilidades, que pode resultar em processos administrativo, c\u00edvel e at\u00e9 criminal. O reitor da UFPR, Ricardo Fonseca, colocou a Institui\u00e7\u00e3o \u00e0 disposi\u00e7\u00e3o para colaborar com a apura\u00e7\u00e3o. A Universidade tem um Acordo de Coopera\u00e7\u00e3o T\u00e9cnica assinado com o Inep para integrar o processo de elabora\u00e7\u00e3o e revis\u00e3o de itens do Banco Nacional de Itens (BNI). A quest\u00e3o anulada tem n\u00famero diferente a depender do caderno de prova do Enem 2018. Nos cadernos amarelo, laranja e verde, \u00e9 a n\u00famero 150. No caderno Azul, 163, no Cinza, 170 e no Rosa, 180. Fonte:Ag\u00eancia Brasil (Foto: Valter Campanato\/Ag\u00eancia Brasil)\" \/>\n<meta property=\"og:url\" content=\"https:\/\/noticiasemdestaque.com\/cd\/?p=13840\" \/>\n<meta property=\"og:site_name\" content=\"Not&iacute;cias em Destaque\" \/>\n<meta property=\"article:published_time\" content=\"2018-11-13T10:17:10+00:00\" \/>\n<meta property=\"og:image\" content=\"https:\/\/noticiasemdestaque.com\/cd\/wp-content\/uploads\/2017\/10\/enem_2017_enem_.jpg\" \/>\n\t<meta property=\"og:image:width\" content=\"576\" \/>\n\t<meta property=\"og:image:height\" content=\"324\" \/>\n\t<meta property=\"og:image:type\" content=\"image\/jpeg\" \/>\n<meta name=\"author\" content=\"Not\u00edcias em Destaque\" \/>\n<meta name=\"twitter:card\" content=\"summary_large_image\" \/>\n<meta name=\"twitter:label1\" content=\"Escrito por\" \/>\n\t<meta name=\"twitter:data1\" content=\"Not\u00edcias em Destaque\" \/>\n\t<meta name=\"twitter:label2\" content=\"Est. tempo de leitura\" \/>\n\t<meta name=\"twitter:data2\" content=\"1 minuto\" \/>\n<script type=\"application\/ld+json\" class=\"yoast-schema-graph\">{\"@context\":\"https:\/\/schema.org\",\"@graph\":[{\"@type\":\"Article\",\"@id\":\"https:\/\/noticiasemdestaque.com\/cd\/?p=13840#article\",\"isPartOf\":{\"@id\":\"https:\/\/noticiasemdestaque.com\/cd\/?p=13840\"},\"author\":{\"name\":\"Not\u00edcias em Destaque\",\"@id\":\"https:\/\/noticiasemdestaque.com\/cd\/#\/schema\/person\/47f7d4f55eec17c6b2ca036c5500f6ce\"},\"headline\":\"Anulada quest\u00e3o do Enem por ser repetida\",\"datePublished\":\"2018-11-13T10:17:10+00:00\",\"mainEntityOfPage\":{\"@id\":\"https:\/\/noticiasemdestaque.com\/cd\/?p=13840\"},\"wordCount\":248,\"publisher\":{\"@id\":\"https:\/\/noticiasemdestaque.com\/cd\/#organization\"},\"image\":{\"@id\":\"https:\/\/noticiasemdestaque.com\/cd\/?p=13840#primaryimage\"},\"thumbnailUrl\":\"https:\/\/noticiasemdestaque.com\/cd\/wp-content\/uploads\/2017\/10\/enem_2017_enem_.jpg\",\"articleSection\":[\"Educa\u00e7\u00e3o\"],\"inLanguage\":\"pt-BR\"},{\"@type\":\"WebPage\",\"@id\":\"https:\/\/noticiasemdestaque.com\/cd\/?p=13840\",\"url\":\"https:\/\/noticiasemdestaque.com\/cd\/?p=13840\",\"name\":\"Anulada quest\u00e3o do Enem por ser repetida - Not&iacute;cias em Destaque\",\"isPartOf\":{\"@id\":\"https:\/\/noticiasemdestaque.com\/cd\/#website\"},\"primaryImageOfPage\":{\"@id\":\"https:\/\/noticiasemdestaque.com\/cd\/?p=13840#primaryimage\"},\"image\":{\"@id\":\"https:\/\/noticiasemdestaque.com\/cd\/?p=13840#primaryimage\"},\"thumbnailUrl\":\"https:\/\/noticiasemdestaque.com\/cd\/wp-content\/uploads\/2017\/10\/enem_2017_enem_.jpg\",\"datePublished\":\"2018-11-13T10:17:10+00:00\",\"breadcrumb\":{\"@id\":\"https:\/\/noticiasemdestaque.com\/cd\/?p=13840#breadcrumb\"},\"inLanguage\":\"pt-BR\",\"potentialAction\":[{\"@type\":\"ReadAction\",\"target\":[\"https:\/\/noticiasemdestaque.com\/cd\/?p=13840\"]}]},{\"@type\":\"ImageObject\",\"inLanguage\":\"pt-BR\",\"@id\":\"https:\/\/noticiasemdestaque.com\/cd\/?p=13840#primaryimage\",\"url\":\"https:\/\/noticiasemdestaque.com\/cd\/wp-content\/uploads\/2017\/10\/enem_2017_enem_.jpg\",\"contentUrl\":\"https:\/\/noticiasemdestaque.com\/cd\/wp-content\/uploads\/2017\/10\/enem_2017_enem_.jpg\",\"width\":576,\"height\":324},{\"@type\":\"BreadcrumbList\",\"@id\":\"https:\/\/noticiasemdestaque.com\/cd\/?p=13840#breadcrumb\",\"itemListElement\":[{\"@type\":\"ListItem\",\"position\":1,\"name\":\"In\u00edcio\",\"item\":\"https:\/\/noticiasemdestaque.com\/cd\/\"},{\"@type\":\"ListItem\",\"position\":2,\"name\":\"Anulada quest\u00e3o do Enem por ser repetida\"}]},{\"@type\":\"WebSite\",\"@id\":\"https:\/\/noticiasemdestaque.com\/cd\/#website\",\"url\":\"https:\/\/noticiasemdestaque.com\/cd\/\",\"name\":\"Not&iacute;cias em Destaque\",\"description\":\"\",\"publisher\":{\"@id\":\"https:\/\/noticiasemdestaque.com\/cd\/#organization\"},\"potentialAction\":[{\"@type\":\"SearchAction\",\"target\":{\"@type\":\"EntryPoint\",\"urlTemplate\":\"https:\/\/noticiasemdestaque.com\/cd\/?s={search_term_string}\"},\"query-input\":{\"@type\":\"PropertyValueSpecification\",\"valueRequired\":true,\"valueName\":\"search_term_string\"}}],\"inLanguage\":\"pt-BR\"},{\"@type\":\"Organization\",\"@id\":\"https:\/\/noticiasemdestaque.com\/cd\/#organization\",\"name\":\"Not\u00edcias em Destaque\",\"url\":\"https:\/\/noticiasemdestaque.com\/cd\/\",\"logo\":{\"@type\":\"ImageObject\",\"inLanguage\":\"pt-BR\",\"@id\":\"https:\/\/noticiasemdestaque.com\/cd\/#\/schema\/logo\/image\/\",\"url\":\"https:\/\/noticiasemdestaque.com\/cd\/wp-content\/uploads\/2022\/05\/imagem-base-noticiasemdestaque.png\",\"contentUrl\":\"https:\/\/noticiasemdestaque.com\/cd\/wp-content\/uploads\/2022\/05\/imagem-base-noticiasemdestaque.png\",\"width\":1200,\"height\":630,\"caption\":\"Not\u00edcias em Destaque\"},\"image\":{\"@id\":\"https:\/\/noticiasemdestaque.com\/cd\/#\/schema\/logo\/image\/\"}},{\"@type\":\"Person\",\"@id\":\"https:\/\/noticiasemdestaque.com\/cd\/#\/schema\/person\/47f7d4f55eec17c6b2ca036c5500f6ce\",\"name\":\"Not\u00edcias em Destaque\",\"url\":\"https:\/\/noticiasemdestaque.com\/cd\/?author=2\"}]}<\/script>\n<!-- \/ Yoast SEO plugin. -->","yoast_head_json":{"title":"Anulada quest\u00e3o do Enem por ser repetida - Not&iacute;cias em Destaque","robots":{"index":"index","follow":"follow","max-snippet":"max-snippet:-1","max-image-preview":"max-image-preview:large","max-video-preview":"max-video-preview:-1"},"canonical":"https:\/\/noticiasemdestaque.com\/cd\/?p=13840","og_locale":"pt_BR","og_type":"article","og_title":"Anulada quest\u00e3o do Enem por ser repetida - Not&iacute;cias em Destaque","og_description":"O Instituto Nacional de Estudos e Pesquisas Educacionais An\u00edsio Teixeira (Inep) informou nesta segunda-feira (12) que uma das quest\u00f5es da prova de Matem\u00e1tica e suas Tecnologias do Exame Nacional do Ensino M\u00e9dio (Enem) 2018 foi anulada por j\u00e1 ter sido usada em um vestibular da Universidade Federal do Paran\u00e1 (UFPR), em 2013, descumprindo os requisitos de ineditismo e sigilo do exame. \u201cA quest\u00e3o foi elaborada em 2012 para o Inep, por um professor que, \u00e0 \u00e9poca, estava vinculado \u00e0 UFPR. No entanto, posteriormente, em 2013, a quest\u00e3o foi utilizada no vestibular da pr\u00f3pria Universidade, para ingresso em 2014, o que n\u00e3o deveria ter ocorrido\u201d, informou o \u00f3rg\u00e3o por meio de comunicado \u00e0 imprensa. Segundo o Inep ap\u00f3s constatar a repeti\u00e7\u00e3o, o Minist\u00e9rio da Educa\u00e7\u00e3o (MEC) instaurou uma\u00a0sindic\u00e2ncia\u00a0para apurar responsabilidades, que pode resultar em processos administrativo, c\u00edvel e at\u00e9 criminal. O reitor da UFPR, Ricardo Fonseca, colocou a Institui\u00e7\u00e3o \u00e0 disposi\u00e7\u00e3o para colaborar com a apura\u00e7\u00e3o. A Universidade tem um Acordo de Coopera\u00e7\u00e3o T\u00e9cnica assinado com o Inep para integrar o processo de elabora\u00e7\u00e3o e revis\u00e3o de itens do Banco Nacional de Itens (BNI). A quest\u00e3o anulada tem n\u00famero diferente a depender do caderno de prova do Enem 2018. Nos cadernos amarelo, laranja e verde, \u00e9 a n\u00famero 150. No caderno Azul, 163, no Cinza, 170 e no Rosa, 180. Fonte:Ag\u00eancia Brasil (Foto: Valter Campanato\/Ag\u00eancia Brasil)","og_url":"https:\/\/noticiasemdestaque.com\/cd\/?p=13840","og_site_name":"Not&iacute;cias em Destaque","article_published_time":"2018-11-13T10:17:10+00:00","og_image":[{"width":576,"height":324,"url":"https:\/\/noticiasemdestaque.com\/cd\/wp-content\/uploads\/2017\/10\/enem_2017_enem_.jpg","type":"image\/jpeg"}],"author":"Not\u00edcias em Destaque","twitter_card":"summary_large_image","twitter_misc":{"Escrito por":"Not\u00edcias em Destaque","Est. tempo de leitura":"1 minuto"},"schema":{"@context":"https:\/\/schema.org","@graph":[{"@type":"Article","@id":"https:\/\/noticiasemdestaque.com\/cd\/?p=13840#article","isPartOf":{"@id":"https:\/\/noticiasemdestaque.com\/cd\/?p=13840"},"author":{"name":"Not\u00edcias em Destaque","@id":"https:\/\/noticiasemdestaque.com\/cd\/#\/schema\/person\/47f7d4f55eec17c6b2ca036c5500f6ce"},"headline":"Anulada quest\u00e3o do Enem por ser repetida","datePublished":"2018-11-13T10:17:10+00:00","mainEntityOfPage":{"@id":"https:\/\/noticiasemdestaque.com\/cd\/?p=13840"},"wordCount":248,"publisher":{"@id":"https:\/\/noticiasemdestaque.com\/cd\/#organization"},"image":{"@id":"https:\/\/noticiasemdestaque.com\/cd\/?p=13840#primaryimage"},"thumbnailUrl":"https:\/\/noticiasemdestaque.com\/cd\/wp-content\/uploads\/2017\/10\/enem_2017_enem_.jpg","articleSection":["Educa\u00e7\u00e3o"],"inLanguage":"pt-BR"},{"@type":"WebPage","@id":"https:\/\/noticiasemdestaque.com\/cd\/?p=13840","url":"https:\/\/noticiasemdestaque.com\/cd\/?p=13840","name":"Anulada quest\u00e3o do Enem por ser repetida - Not&iacute;cias em Destaque","isPartOf":{"@id":"https:\/\/noticiasemdestaque.com\/cd\/#website"},"primaryImageOfPage":{"@id":"https:\/\/noticiasemdestaque.com\/cd\/?p=13840#primaryimage"},"image":{"@id":"https:\/\/noticiasemdestaque.com\/cd\/?p=13840#primaryimage"},"thumbnailUrl":"https:\/\/noticiasemdestaque.com\/cd\/wp-content\/uploads\/2017\/10\/enem_2017_enem_.jpg","datePublished":"2018-11-13T10:17:10+00:00","breadcrumb":{"@id":"https:\/\/noticiasemdestaque.com\/cd\/?p=13840#breadcrumb"},"inLanguage":"pt-BR","potentialAction":[{"@type":"ReadAction","target":["https:\/\/noticiasemdestaque.com\/cd\/?p=13840"]}]},{"@type":"ImageObject","inLanguage":"pt-BR","@id":"https:\/\/noticiasemdestaque.com\/cd\/?p=13840#primaryimage","url":"https:\/\/noticiasemdestaque.com\/cd\/wp-content\/uploads\/2017\/10\/enem_2017_enem_.jpg","contentUrl":"https:\/\/noticiasemdestaque.com\/cd\/wp-content\/uploads\/2017\/10\/enem_2017_enem_.jpg","width":576,"height":324},{"@type":"BreadcrumbList","@id":"https:\/\/noticiasemdestaque.com\/cd\/?p=13840#breadcrumb","itemListElement":[{"@type":"ListItem","position":1,"name":"In\u00edcio","item":"https:\/\/noticiasemdestaque.com\/cd\/"},{"@type":"ListItem","position":2,"name":"Anulada quest\u00e3o do Enem por ser repetida"}]},{"@type":"WebSite","@id":"https:\/\/noticiasemdestaque.com\/cd\/#website","url":"https:\/\/noticiasemdestaque.com\/cd\/","name":"Not&iacute;cias em Destaque","description":"","publisher":{"@id":"https:\/\/noticiasemdestaque.com\/cd\/#organization"},"potentialAction":[{"@type":"SearchAction","target":{"@type":"EntryPoint","urlTemplate":"https:\/\/noticiasemdestaque.com\/cd\/?s={search_term_string}"},"query-input":{"@type":"PropertyValueSpecification","valueRequired":true,"valueName":"search_term_string"}}],"inLanguage":"pt-BR"},{"@type":"Organization","@id":"https:\/\/noticiasemdestaque.com\/cd\/#organization","name":"Not\u00edcias em Destaque","url":"https:\/\/noticiasemdestaque.com\/cd\/","logo":{"@type":"ImageObject","inLanguage":"pt-BR","@id":"https:\/\/noticiasemdestaque.com\/cd\/#\/schema\/logo\/image\/","url":"https:\/\/noticiasemdestaque.com\/cd\/wp-content\/uploads\/2022\/05\/imagem-base-noticiasemdestaque.png","contentUrl":"https:\/\/noticiasemdestaque.com\/cd\/wp-content\/uploads\/2022\/05\/imagem-base-noticiasemdestaque.png","width":1200,"height":630,"caption":"Not\u00edcias em Destaque"},"image":{"@id":"https:\/\/noticiasemdestaque.com\/cd\/#\/schema\/logo\/image\/"}},{"@type":"Person","@id":"https:\/\/noticiasemdestaque.com\/cd\/#\/schema\/person\/47f7d4f55eec17c6b2ca036c5500f6ce","name":"Not\u00edcias em Destaque","url":"https:\/\/noticiasemdestaque.com\/cd\/?author=2"}]}},"jetpack_featured_media_url":"https:\/\/noticiasemdestaque.com\/cd\/wp-content\/uploads\/2017\/10\/enem_2017_enem_.jpg","jetpack_sharing_enabled":true,"_links":{"self":[{"href":"https:\/\/noticiasemdestaque.com\/cd\/index.php?rest_route=\/wp\/v2\/posts\/13840","targetHints":{"allow":["GET"]}}],"collection":[{"href":"https:\/\/noticiasemdestaque.com\/cd\/index.php?rest_route=\/wp\/v2\/posts"}],"about":[{"href":"https:\/\/noticiasemdestaque.com\/cd\/index.php?rest_route=\/wp\/v2\/types\/post"}],"author":[{"embeddable":true,"href":"https:\/\/noticiasemdestaque.com\/cd\/index.php?rest_route=\/wp\/v2\/users\/2"}],"replies":[{"embeddable":true,"href":"https:\/\/noticiasemdestaque.com\/cd\/index.php?rest_route=%2Fwp%2Fv2%2Fcomments&post=13840"}],"version-history":[{"count":1,"href":"https:\/\/noticiasemdestaque.com\/cd\/index.php?rest_route=\/wp\/v2\/posts\/13840\/revisions"}],"predecessor-version":[{"id":13841,"href":"https:\/\/noticiasemdestaque.com\/cd\/index.php?rest_route=\/wp\/v2\/posts\/13840\/revisions\/13841"}],"wp:featuredmedia":[{"embeddable":true,"href":"https:\/\/noticiasemdestaque.com\/cd\/index.php?rest_route=\/wp\/v2\/media\/4872"}],"wp:attachment":[{"href":"https:\/\/noticiasemdestaque.com\/cd\/index.php?rest_route=%2Fwp%2Fv2%2Fmedia&parent=13840"}],"wp:term":[{"taxonomy":"category","embeddable":true,"href":"https:\/\/noticiasemdestaque.com\/cd\/index.php?rest_route=%2Fwp%2Fv2%2Fcategories&post=13840"},{"taxonomy":"post_tag","embeddable":true,"href":"https:\/\/noticiasemdestaque.com\/cd\/index.php?rest_route=%2Fwp%2Fv2%2Ftags&post=13840"}],"curies":[{"name":"wp","href":"https:\/\/api.w.org\/{rel}","templated":true}]}}