{"id":13425,"date":"2018-10-29T07:25:59","date_gmt":"2018-10-29T10:25:59","guid":{"rendered":"http:\/\/noticiasemdestaque.com\/cd\/?p=13425"},"modified":"2018-10-29T07:25:59","modified_gmt":"2018-10-29T10:25:59","slug":"pb-e-o-terceiro-estado-do-nordeste-com-o-menor-indice-de-internamento-devido-a-complicacoes-por-avc","status":"publish","type":"post","link":"https:\/\/noticiasemdestaque.com\/cd\/?p=13425","title":{"rendered":"PB \u00e9 o terceiro estado do Nordeste com o menor \u00edndice de internamento devido a complica\u00e7\u00f5es por AVC"},"content":{"rendered":"<p><a href=\"https:\/\/noticiasemdestaque.com\/cd\/wp-content\/uploads\/2018\/10\/AVC.jpg\"><img fetchpriority=\"high\" decoding=\"async\" class=\"alignnone size-full wp-image-13426\" src=\"https:\/\/noticiasemdestaque.com\/cd\/wp-content\/uploads\/2018\/10\/AVC.jpg\" alt=\"\" width=\"770\" height=\"515\" srcset=\"https:\/\/noticiasemdestaque.com\/cd\/wp-content\/uploads\/2018\/10\/AVC.jpg 770w, https:\/\/noticiasemdestaque.com\/cd\/wp-content\/uploads\/2018\/10\/AVC-300x201.jpg 300w, https:\/\/noticiasemdestaque.com\/cd\/wp-content\/uploads\/2018\/10\/AVC-768x514.jpg 768w, https:\/\/noticiasemdestaque.com\/cd\/wp-content\/uploads\/2018\/10\/AVC-480x320.jpg 480w\" sizes=\"(max-width: 770px) 100vw, 770px\" \/><\/a><\/p>\n<p>Hoje (29) \u00e9 o Dia Mundial de Combate ao AVC, que foi criado pela Organiza\u00e7\u00e3o Mundial da Sa\u00fade (OMS) em 2006, em parceria com a Federa\u00e7\u00e3o Mundial de Neurologia. No Brasil, o Dia Mundial de Combate ao AVC \u00e9 organizado pela Rede Brasil AVC, uma organiza\u00e7\u00e3o n\u00e3o-governamental que tem o objetivo de melhorar a assist\u00eancia aos pacientes com AVC em todo territ\u00f3rio nacional.<\/p>\n<p>No mesmo dia, o Brasil junta-se a dezenas de outros pa\u00edses para uma campanha de conscientiza\u00e7\u00e3o ao Dia Mundial do AVC Infantil, que \u00e9 coordenado pela ONG Nossa Casa e pelo Anvia, grupo de pesquisa da Unicamp, que investiga anormalidades neurovasculares na inf\u00e2ncia e adolesc\u00eancia. De acordo com o Minist\u00e9rio da Sa\u00fade, apenas no primeiro semestre deste ano, a regi\u00e3o Nordeste somou mais de 20.500 interna\u00e7\u00f5es devido a complica\u00e7\u00f5es por AVC, seja ele isqu\u00eamico ou hemorr\u00e1gico.<\/p>\n<p>A Para\u00edba \u00e9 o terceiro estado com menor \u00edndice de internados na regi\u00e3o, contabilizando 678 casos. Por\u00e9m, o AVC n\u00e3o \u00e9 s\u00f3 doen\u00e7a de adulto, crian\u00e7a tamb\u00e9m tem acidente vascular cerebral e, muito embora os casos sejam raros e o diagn\u00f3stico demorado, a preval\u00eancia \u00e9 de dois a oito casos para cada 100.000 crian\u00e7as at\u00e9 17 anos por ano, mas quando acontece costuma ser grave e deixar sequelas.<\/p>\n<p>\u201cUma em cada 3 a 4 mil crian\u00e7as pode ter AVC e metade destas desenvolve, ao longo da vida, anormalidades cognitivas e motoras\u201d, explica a neuropediatra Maria Valeriana Leme de Moura Ribeiro. Nos servi\u00e7os de Pronto Atendimento Hospitalar, Pronto Socorro, UTI Infantil e UTI Neonatal, aproximadamente 40% das crian\u00e7as com AVC n\u00e3o tem confirma\u00e7\u00e3o do diagn\u00f3stico por imagem, o que acarreta elevado custo e desgaste emocional dos familiares e cuidadores.<\/p>\n<p>Fonte: pbagora<\/p>\n","protected":false},"excerpt":{"rendered":"<p>Hoje (29) \u00e9 o Dia Mundial de Combate ao AVC, que foi criado pela Organiza\u00e7\u00e3o Mundial da Sa\u00fade (OMS) em 2006, em parceria com a Federa\u00e7\u00e3o Mundial de Neurologia. No Brasil, o Dia Mundial de Combate ao AVC \u00e9 organizado pela Rede Brasil AVC, uma organiza\u00e7\u00e3o n\u00e3o-governamental que tem o objetivo de melhorar a assist\u00eancia aos pacientes com AVC em todo territ\u00f3rio nacional. No mesmo dia, o Brasil junta-se a dezenas de outros pa\u00edses para uma campanha de conscientiza\u00e7\u00e3o ao Dia Mundial do AVC Infantil, que \u00e9 coordenado pela ONG Nossa Casa e pelo Anvia, grupo de pesquisa da Unicamp, que investiga anormalidades neurovasculares na inf\u00e2ncia e adolesc\u00eancia. De acordo com o Minist\u00e9rio da Sa\u00fade, apenas no primeiro semestre deste ano, a regi\u00e3o Nordeste somou mais de 20.500 interna\u00e7\u00f5es devido a complica\u00e7\u00f5es por AVC, seja ele isqu\u00eamico ou hemorr\u00e1gico. A Para\u00edba \u00e9 o terceiro estado com menor \u00edndice de internados na regi\u00e3o, contabilizando 678 casos. Por\u00e9m, o AVC n\u00e3o \u00e9 s\u00f3 doen\u00e7a de adulto, crian\u00e7a tamb\u00e9m tem acidente vascular cerebral e, muito embora os casos sejam raros e o diagn\u00f3stico demorado, a preval\u00eancia \u00e9 de dois a oito casos para cada 100.000 crian\u00e7as at\u00e9 17 anos por ano, mas quando acontece costuma ser grave e deixar sequelas. \u201cUma em cada 3 a 4 mil crian\u00e7as pode ter AVC e metade destas desenvolve, ao longo da vida, anormalidades cognitivas e motoras\u201d, explica a neuropediatra Maria Valeriana Leme de Moura Ribeiro. Nos servi\u00e7os de Pronto Atendimento Hospitalar, Pronto Socorro, UTI Infantil e UTI Neonatal, aproximadamente 40% das crian\u00e7as com AVC n\u00e3o tem confirma\u00e7\u00e3o do diagn\u00f3stico por imagem, o que acarreta elevado custo e desgaste emocional dos familiares e cuidadores. Fonte: pbagora<\/p>\n","protected":false},"author":2,"featured_media":13426,"comment_status":"closed","ping_status":"open","sticky":false,"template":"","format":"standard","meta":{"_eb_attr":"","_jetpack_memberships_contains_paid_content":false,"footnotes":""},"categories":[8],"tags":[],"class_list":["post-13425","post","type-post","status-publish","format-standard","has-post-thumbnail","hentry","category-saude"],"yoast_head":"<!-- This site is optimized with the Yoast SEO plugin v26.5 - https:\/\/yoast.com\/wordpress\/plugins\/seo\/ -->\n<title>PB \u00e9 o terceiro estado do Nordeste com o menor \u00edndice de internamento devido a complica\u00e7\u00f5es por AVC - Not&iacute;cias em Destaque<\/title>\n<meta name=\"robots\" content=\"index, follow, max-snippet:-1, max-image-preview:large, max-video-preview:-1\" \/>\n<link rel=\"canonical\" href=\"https:\/\/noticiasemdestaque.com\/cd\/?p=13425\" \/>\n<meta property=\"og:locale\" content=\"pt_BR\" \/>\n<meta property=\"og:type\" content=\"article\" \/>\n<meta property=\"og:title\" content=\"PB \u00e9 o terceiro estado do Nordeste com o menor \u00edndice de internamento devido a complica\u00e7\u00f5es por AVC - Not&iacute;cias em Destaque\" \/>\n<meta property=\"og:description\" content=\"Hoje (29) \u00e9 o Dia Mundial de Combate ao AVC, que foi criado pela Organiza\u00e7\u00e3o Mundial da Sa\u00fade (OMS) em 2006, em parceria com a Federa\u00e7\u00e3o Mundial de Neurologia. No Brasil, o Dia Mundial de Combate ao AVC \u00e9 organizado pela Rede Brasil AVC, uma organiza\u00e7\u00e3o n\u00e3o-governamental que tem o objetivo de melhorar a assist\u00eancia aos pacientes com AVC em todo territ\u00f3rio nacional. No mesmo dia, o Brasil junta-se a dezenas de outros pa\u00edses para uma campanha de conscientiza\u00e7\u00e3o ao Dia Mundial do AVC Infantil, que \u00e9 coordenado pela ONG Nossa Casa e pelo Anvia, grupo de pesquisa da Unicamp, que investiga anormalidades neurovasculares na inf\u00e2ncia e adolesc\u00eancia. De acordo com o Minist\u00e9rio da Sa\u00fade, apenas no primeiro semestre deste ano, a regi\u00e3o Nordeste somou mais de 20.500 interna\u00e7\u00f5es devido a complica\u00e7\u00f5es por AVC, seja ele isqu\u00eamico ou hemorr\u00e1gico. A Para\u00edba \u00e9 o terceiro estado com menor \u00edndice de internados na regi\u00e3o, contabilizando 678 casos. Por\u00e9m, o AVC n\u00e3o \u00e9 s\u00f3 doen\u00e7a de adulto, crian\u00e7a tamb\u00e9m tem acidente vascular cerebral e, muito embora os casos sejam raros e o diagn\u00f3stico demorado, a preval\u00eancia \u00e9 de dois a oito casos para cada 100.000 crian\u00e7as at\u00e9 17 anos por ano, mas quando acontece costuma ser grave e deixar sequelas. \u201cUma em cada 3 a 4 mil crian\u00e7as pode ter AVC e metade destas desenvolve, ao longo da vida, anormalidades cognitivas e motoras\u201d, explica a neuropediatra Maria Valeriana Leme de Moura Ribeiro. Nos servi\u00e7os de Pronto Atendimento Hospitalar, Pronto Socorro, UTI Infantil e UTI Neonatal, aproximadamente 40% das crian\u00e7as com AVC n\u00e3o tem confirma\u00e7\u00e3o do diagn\u00f3stico por imagem, o que acarreta elevado custo e desgaste emocional dos familiares e cuidadores. Fonte: pbagora\" \/>\n<meta property=\"og:url\" content=\"https:\/\/noticiasemdestaque.com\/cd\/?p=13425\" \/>\n<meta property=\"og:site_name\" content=\"Not&iacute;cias em Destaque\" \/>\n<meta property=\"article:published_time\" content=\"2018-10-29T10:25:59+00:00\" \/>\n<meta property=\"og:image\" content=\"https:\/\/noticiasemdestaque.com\/cd\/wp-content\/uploads\/2018\/10\/AVC.jpg\" \/>\n\t<meta property=\"og:image:width\" content=\"770\" \/>\n\t<meta property=\"og:image:height\" content=\"515\" \/>\n\t<meta property=\"og:image:type\" content=\"image\/jpeg\" \/>\n<meta name=\"author\" content=\"Not\u00edcias em Destaque\" \/>\n<meta name=\"twitter:card\" content=\"summary_large_image\" \/>\n<meta name=\"twitter:label1\" content=\"Escrito por\" \/>\n\t<meta name=\"twitter:data1\" content=\"Not\u00edcias em Destaque\" \/>\n\t<meta name=\"twitter:label2\" content=\"Est. tempo de leitura\" \/>\n\t<meta name=\"twitter:data2\" content=\"1 minuto\" \/>\n<script type=\"application\/ld+json\" class=\"yoast-schema-graph\">{\"@context\":\"https:\/\/schema.org\",\"@graph\":[{\"@type\":\"Article\",\"@id\":\"https:\/\/noticiasemdestaque.com\/cd\/?p=13425#article\",\"isPartOf\":{\"@id\":\"https:\/\/noticiasemdestaque.com\/cd\/?p=13425\"},\"author\":{\"name\":\"Not\u00edcias em Destaque\",\"@id\":\"https:\/\/noticiasemdestaque.com\/cd\/#\/schema\/person\/47f7d4f55eec17c6b2ca036c5500f6ce\"},\"headline\":\"PB \u00e9 o terceiro estado do Nordeste com o menor \u00edndice de internamento devido a complica\u00e7\u00f5es por AVC\",\"datePublished\":\"2018-10-29T10:25:59+00:00\",\"mainEntityOfPage\":{\"@id\":\"https:\/\/noticiasemdestaque.com\/cd\/?p=13425\"},\"wordCount\":316,\"publisher\":{\"@id\":\"https:\/\/noticiasemdestaque.com\/cd\/#organization\"},\"image\":{\"@id\":\"https:\/\/noticiasemdestaque.com\/cd\/?p=13425#primaryimage\"},\"thumbnailUrl\":\"https:\/\/noticiasemdestaque.com\/cd\/wp-content\/uploads\/2018\/10\/AVC.jpg\",\"articleSection\":[\"Sa\u00fade\"],\"inLanguage\":\"pt-BR\"},{\"@type\":\"WebPage\",\"@id\":\"https:\/\/noticiasemdestaque.com\/cd\/?p=13425\",\"url\":\"https:\/\/noticiasemdestaque.com\/cd\/?p=13425\",\"name\":\"PB \u00e9 o terceiro estado do Nordeste com o menor \u00edndice de internamento devido a complica\u00e7\u00f5es por AVC - Not&iacute;cias em Destaque\",\"isPartOf\":{\"@id\":\"https:\/\/noticiasemdestaque.com\/cd\/#website\"},\"primaryImageOfPage\":{\"@id\":\"https:\/\/noticiasemdestaque.com\/cd\/?p=13425#primaryimage\"},\"image\":{\"@id\":\"https:\/\/noticiasemdestaque.com\/cd\/?p=13425#primaryimage\"},\"thumbnailUrl\":\"https:\/\/noticiasemdestaque.com\/cd\/wp-content\/uploads\/2018\/10\/AVC.jpg\",\"datePublished\":\"2018-10-29T10:25:59+00:00\",\"breadcrumb\":{\"@id\":\"https:\/\/noticiasemdestaque.com\/cd\/?p=13425#breadcrumb\"},\"inLanguage\":\"pt-BR\",\"potentialAction\":[{\"@type\":\"ReadAction\",\"target\":[\"https:\/\/noticiasemdestaque.com\/cd\/?p=13425\"]}]},{\"@type\":\"ImageObject\",\"inLanguage\":\"pt-BR\",\"@id\":\"https:\/\/noticiasemdestaque.com\/cd\/?p=13425#primaryimage\",\"url\":\"https:\/\/noticiasemdestaque.com\/cd\/wp-content\/uploads\/2018\/10\/AVC.jpg\",\"contentUrl\":\"https:\/\/noticiasemdestaque.com\/cd\/wp-content\/uploads\/2018\/10\/AVC.jpg\",\"width\":770,\"height\":515},{\"@type\":\"BreadcrumbList\",\"@id\":\"https:\/\/noticiasemdestaque.com\/cd\/?p=13425#breadcrumb\",\"itemListElement\":[{\"@type\":\"ListItem\",\"position\":1,\"name\":\"In\u00edcio\",\"item\":\"https:\/\/noticiasemdestaque.com\/cd\/\"},{\"@type\":\"ListItem\",\"position\":2,\"name\":\"PB \u00e9 o terceiro estado do Nordeste com o menor \u00edndice de internamento devido a complica\u00e7\u00f5es por AVC\"}]},{\"@type\":\"WebSite\",\"@id\":\"https:\/\/noticiasemdestaque.com\/cd\/#website\",\"url\":\"https:\/\/noticiasemdestaque.com\/cd\/\",\"name\":\"Not&iacute;cias em Destaque\",\"description\":\"\",\"publisher\":{\"@id\":\"https:\/\/noticiasemdestaque.com\/cd\/#organization\"},\"potentialAction\":[{\"@type\":\"SearchAction\",\"target\":{\"@type\":\"EntryPoint\",\"urlTemplate\":\"https:\/\/noticiasemdestaque.com\/cd\/?s={search_term_string}\"},\"query-input\":{\"@type\":\"PropertyValueSpecification\",\"valueRequired\":true,\"valueName\":\"search_term_string\"}}],\"inLanguage\":\"pt-BR\"},{\"@type\":\"Organization\",\"@id\":\"https:\/\/noticiasemdestaque.com\/cd\/#organization\",\"name\":\"Not\u00edcias em Destaque\",\"url\":\"https:\/\/noticiasemdestaque.com\/cd\/\",\"logo\":{\"@type\":\"ImageObject\",\"inLanguage\":\"pt-BR\",\"@id\":\"https:\/\/noticiasemdestaque.com\/cd\/#\/schema\/logo\/image\/\",\"url\":\"https:\/\/noticiasemdestaque.com\/cd\/wp-content\/uploads\/2022\/05\/imagem-base-noticiasemdestaque.png\",\"contentUrl\":\"https:\/\/noticiasemdestaque.com\/cd\/wp-content\/uploads\/2022\/05\/imagem-base-noticiasemdestaque.png\",\"width\":1200,\"height\":630,\"caption\":\"Not\u00edcias em Destaque\"},\"image\":{\"@id\":\"https:\/\/noticiasemdestaque.com\/cd\/#\/schema\/logo\/image\/\"}},{\"@type\":\"Person\",\"@id\":\"https:\/\/noticiasemdestaque.com\/cd\/#\/schema\/person\/47f7d4f55eec17c6b2ca036c5500f6ce\",\"name\":\"Not\u00edcias em Destaque\",\"url\":\"https:\/\/noticiasemdestaque.com\/cd\/?author=2\"}]}<\/script>\n<!-- \/ Yoast SEO plugin. -->","yoast_head_json":{"title":"PB \u00e9 o terceiro estado do Nordeste com o menor \u00edndice de internamento devido a complica\u00e7\u00f5es por AVC - Not&iacute;cias em Destaque","robots":{"index":"index","follow":"follow","max-snippet":"max-snippet:-1","max-image-preview":"max-image-preview:large","max-video-preview":"max-video-preview:-1"},"canonical":"https:\/\/noticiasemdestaque.com\/cd\/?p=13425","og_locale":"pt_BR","og_type":"article","og_title":"PB \u00e9 o terceiro estado do Nordeste com o menor \u00edndice de internamento devido a complica\u00e7\u00f5es por AVC - Not&iacute;cias em Destaque","og_description":"Hoje (29) \u00e9 o Dia Mundial de Combate ao AVC, que foi criado pela Organiza\u00e7\u00e3o Mundial da Sa\u00fade (OMS) em 2006, em parceria com a Federa\u00e7\u00e3o Mundial de Neurologia. No Brasil, o Dia Mundial de Combate ao AVC \u00e9 organizado pela Rede Brasil AVC, uma organiza\u00e7\u00e3o n\u00e3o-governamental que tem o objetivo de melhorar a assist\u00eancia aos pacientes com AVC em todo territ\u00f3rio nacional. No mesmo dia, o Brasil junta-se a dezenas de outros pa\u00edses para uma campanha de conscientiza\u00e7\u00e3o ao Dia Mundial do AVC Infantil, que \u00e9 coordenado pela ONG Nossa Casa e pelo Anvia, grupo de pesquisa da Unicamp, que investiga anormalidades neurovasculares na inf\u00e2ncia e adolesc\u00eancia. De acordo com o Minist\u00e9rio da Sa\u00fade, apenas no primeiro semestre deste ano, a regi\u00e3o Nordeste somou mais de 20.500 interna\u00e7\u00f5es devido a complica\u00e7\u00f5es por AVC, seja ele isqu\u00eamico ou hemorr\u00e1gico. A Para\u00edba \u00e9 o terceiro estado com menor \u00edndice de internados na regi\u00e3o, contabilizando 678 casos. Por\u00e9m, o AVC n\u00e3o \u00e9 s\u00f3 doen\u00e7a de adulto, crian\u00e7a tamb\u00e9m tem acidente vascular cerebral e, muito embora os casos sejam raros e o diagn\u00f3stico demorado, a preval\u00eancia \u00e9 de dois a oito casos para cada 100.000 crian\u00e7as at\u00e9 17 anos por ano, mas quando acontece costuma ser grave e deixar sequelas. \u201cUma em cada 3 a 4 mil crian\u00e7as pode ter AVC e metade destas desenvolve, ao longo da vida, anormalidades cognitivas e motoras\u201d, explica a neuropediatra Maria Valeriana Leme de Moura Ribeiro. Nos servi\u00e7os de Pronto Atendimento Hospitalar, Pronto Socorro, UTI Infantil e UTI Neonatal, aproximadamente 40% das crian\u00e7as com AVC n\u00e3o tem confirma\u00e7\u00e3o do diagn\u00f3stico por imagem, o que acarreta elevado custo e desgaste emocional dos familiares e cuidadores. Fonte: pbagora","og_url":"https:\/\/noticiasemdestaque.com\/cd\/?p=13425","og_site_name":"Not&iacute;cias em Destaque","article_published_time":"2018-10-29T10:25:59+00:00","og_image":[{"width":770,"height":515,"url":"https:\/\/noticiasemdestaque.com\/cd\/wp-content\/uploads\/2018\/10\/AVC.jpg","type":"image\/jpeg"}],"author":"Not\u00edcias em Destaque","twitter_card":"summary_large_image","twitter_misc":{"Escrito por":"Not\u00edcias em Destaque","Est. tempo de leitura":"1 minuto"},"schema":{"@context":"https:\/\/schema.org","@graph":[{"@type":"Article","@id":"https:\/\/noticiasemdestaque.com\/cd\/?p=13425#article","isPartOf":{"@id":"https:\/\/noticiasemdestaque.com\/cd\/?p=13425"},"author":{"name":"Not\u00edcias em Destaque","@id":"https:\/\/noticiasemdestaque.com\/cd\/#\/schema\/person\/47f7d4f55eec17c6b2ca036c5500f6ce"},"headline":"PB \u00e9 o terceiro estado do Nordeste com o menor \u00edndice de internamento devido a complica\u00e7\u00f5es por AVC","datePublished":"2018-10-29T10:25:59+00:00","mainEntityOfPage":{"@id":"https:\/\/noticiasemdestaque.com\/cd\/?p=13425"},"wordCount":316,"publisher":{"@id":"https:\/\/noticiasemdestaque.com\/cd\/#organization"},"image":{"@id":"https:\/\/noticiasemdestaque.com\/cd\/?p=13425#primaryimage"},"thumbnailUrl":"https:\/\/noticiasemdestaque.com\/cd\/wp-content\/uploads\/2018\/10\/AVC.jpg","articleSection":["Sa\u00fade"],"inLanguage":"pt-BR"},{"@type":"WebPage","@id":"https:\/\/noticiasemdestaque.com\/cd\/?p=13425","url":"https:\/\/noticiasemdestaque.com\/cd\/?p=13425","name":"PB \u00e9 o terceiro estado do Nordeste com o menor \u00edndice de internamento devido a complica\u00e7\u00f5es por AVC - Not&iacute;cias em Destaque","isPartOf":{"@id":"https:\/\/noticiasemdestaque.com\/cd\/#website"},"primaryImageOfPage":{"@id":"https:\/\/noticiasemdestaque.com\/cd\/?p=13425#primaryimage"},"image":{"@id":"https:\/\/noticiasemdestaque.com\/cd\/?p=13425#primaryimage"},"thumbnailUrl":"https:\/\/noticiasemdestaque.com\/cd\/wp-content\/uploads\/2018\/10\/AVC.jpg","datePublished":"2018-10-29T10:25:59+00:00","breadcrumb":{"@id":"https:\/\/noticiasemdestaque.com\/cd\/?p=13425#breadcrumb"},"inLanguage":"pt-BR","potentialAction":[{"@type":"ReadAction","target":["https:\/\/noticiasemdestaque.com\/cd\/?p=13425"]}]},{"@type":"ImageObject","inLanguage":"pt-BR","@id":"https:\/\/noticiasemdestaque.com\/cd\/?p=13425#primaryimage","url":"https:\/\/noticiasemdestaque.com\/cd\/wp-content\/uploads\/2018\/10\/AVC.jpg","contentUrl":"https:\/\/noticiasemdestaque.com\/cd\/wp-content\/uploads\/2018\/10\/AVC.jpg","width":770,"height":515},{"@type":"BreadcrumbList","@id":"https:\/\/noticiasemdestaque.com\/cd\/?p=13425#breadcrumb","itemListElement":[{"@type":"ListItem","position":1,"name":"In\u00edcio","item":"https:\/\/noticiasemdestaque.com\/cd\/"},{"@type":"ListItem","position":2,"name":"PB \u00e9 o terceiro estado do Nordeste com o menor \u00edndice de internamento devido a complica\u00e7\u00f5es por AVC"}]},{"@type":"WebSite","@id":"https:\/\/noticiasemdestaque.com\/cd\/#website","url":"https:\/\/noticiasemdestaque.com\/cd\/","name":"Not&iacute;cias em Destaque","description":"","publisher":{"@id":"https:\/\/noticiasemdestaque.com\/cd\/#organization"},"potentialAction":[{"@type":"SearchAction","target":{"@type":"EntryPoint","urlTemplate":"https:\/\/noticiasemdestaque.com\/cd\/?s={search_term_string}"},"query-input":{"@type":"PropertyValueSpecification","valueRequired":true,"valueName":"search_term_string"}}],"inLanguage":"pt-BR"},{"@type":"Organization","@id":"https:\/\/noticiasemdestaque.com\/cd\/#organization","name":"Not\u00edcias em Destaque","url":"https:\/\/noticiasemdestaque.com\/cd\/","logo":{"@type":"ImageObject","inLanguage":"pt-BR","@id":"https:\/\/noticiasemdestaque.com\/cd\/#\/schema\/logo\/image\/","url":"https:\/\/noticiasemdestaque.com\/cd\/wp-content\/uploads\/2022\/05\/imagem-base-noticiasemdestaque.png","contentUrl":"https:\/\/noticiasemdestaque.com\/cd\/wp-content\/uploads\/2022\/05\/imagem-base-noticiasemdestaque.png","width":1200,"height":630,"caption":"Not\u00edcias em Destaque"},"image":{"@id":"https:\/\/noticiasemdestaque.com\/cd\/#\/schema\/logo\/image\/"}},{"@type":"Person","@id":"https:\/\/noticiasemdestaque.com\/cd\/#\/schema\/person\/47f7d4f55eec17c6b2ca036c5500f6ce","name":"Not\u00edcias em Destaque","url":"https:\/\/noticiasemdestaque.com\/cd\/?author=2"}]}},"jetpack_featured_media_url":"https:\/\/noticiasemdestaque.com\/cd\/wp-content\/uploads\/2018\/10\/AVC.jpg","jetpack_sharing_enabled":true,"_links":{"self":[{"href":"https:\/\/noticiasemdestaque.com\/cd\/index.php?rest_route=\/wp\/v2\/posts\/13425","targetHints":{"allow":["GET"]}}],"collection":[{"href":"https:\/\/noticiasemdestaque.com\/cd\/index.php?rest_route=\/wp\/v2\/posts"}],"about":[{"href":"https:\/\/noticiasemdestaque.com\/cd\/index.php?rest_route=\/wp\/v2\/types\/post"}],"author":[{"embeddable":true,"href":"https:\/\/noticiasemdestaque.com\/cd\/index.php?rest_route=\/wp\/v2\/users\/2"}],"replies":[{"embeddable":true,"href":"https:\/\/noticiasemdestaque.com\/cd\/index.php?rest_route=%2Fwp%2Fv2%2Fcomments&post=13425"}],"version-history":[{"count":1,"href":"https:\/\/noticiasemdestaque.com\/cd\/index.php?rest_route=\/wp\/v2\/posts\/13425\/revisions"}],"predecessor-version":[{"id":13427,"href":"https:\/\/noticiasemdestaque.com\/cd\/index.php?rest_route=\/wp\/v2\/posts\/13425\/revisions\/13427"}],"wp:featuredmedia":[{"embeddable":true,"href":"https:\/\/noticiasemdestaque.com\/cd\/index.php?rest_route=\/wp\/v2\/media\/13426"}],"wp:attachment":[{"href":"https:\/\/noticiasemdestaque.com\/cd\/index.php?rest_route=%2Fwp%2Fv2%2Fmedia&parent=13425"}],"wp:term":[{"taxonomy":"category","embeddable":true,"href":"https:\/\/noticiasemdestaque.com\/cd\/index.php?rest_route=%2Fwp%2Fv2%2Fcategories&post=13425"},{"taxonomy":"post_tag","embeddable":true,"href":"https:\/\/noticiasemdestaque.com\/cd\/index.php?rest_route=%2Fwp%2Fv2%2Ftags&post=13425"}],"curies":[{"name":"wp","href":"https:\/\/api.w.org\/{rel}","templated":true}]}}