{"id":1335,"date":"2017-07-04T19:41:49","date_gmt":"2017-07-04T22:41:49","guid":{"rendered":"http:\/\/caririemdestaque.com\/cd\/?p=1335"},"modified":"2017-07-04T19:41:49","modified_gmt":"2017-07-04T22:41:49","slug":"mpf-investiga-prefeitura-do-cariri-que-estaria-servindo-rapadura-com-agua-como-merenda-escolar","status":"publish","type":"post","link":"https:\/\/noticiasemdestaque.com\/cd\/?p=1335","title":{"rendered":"MPF investiga prefeitura do Cariri que estaria servindo rapadura com \u00e1gua como merenda escolar"},"content":{"rendered":"<p><a href=\"http:\/\/caririemdestaque.com\/cd\/wp-content\/uploads\/2017\/07\/Rapadura-\u00e9-mais-ecol\u00f3gica-800x550.jpg\"><img decoding=\"async\" class=\"alignleft wp-image-1336 size-thumbnail\" src=\"http:\/\/caririemdestaque.com\/cd\/wp-content\/uploads\/2017\/07\/Rapadura-\u00e9-mais-ecol\u00f3gica-800x550-150x150.jpg\" alt=\"\" width=\"150\" height=\"150\" srcset=\"https:\/\/noticiasemdestaque.com\/cd\/wp-content\/uploads\/2017\/07\/Rapadura-\u00e9-mais-ecol\u00f3gica-800x550-150x150.jpg 150w, https:\/\/noticiasemdestaque.com\/cd\/wp-content\/uploads\/2017\/07\/Rapadura-\u00e9-mais-ecol\u00f3gica-800x550-266x266.jpg 266w\" sizes=\"(max-width: 150px) 100vw, 150px\" \/><\/a>O Minist\u00e9rio P\u00fablico Federal (MPF), por meio da Procuradora da Rep\u00fablica Ac\u00e1cia Soares Peixoto Suassuna, instaurou um inqu\u00e9rito civil, a partir de um encaminhamento do Fundo Nacional de Educa\u00e7\u00e3o (FNDE), com a finalidade de apurar a suposta m\u00e1 qualidade da merenda escolar servida nas escolas do munic\u00edpio de Riacho de Santo Ant\u00f4nio, localizado na microrregi\u00e3o do Cariri Oriental.<\/p>\n<p>A den\u00fancia encaminhada ao FNDE aponta que o card\u00e1pio servido nas institui\u00e7\u00f5es de ensino no referido munic\u00edpio consistiria em rapadura com \u00e1gua e papa. A investiga\u00e7\u00e3o do MPF pode levar at\u00e9 um ano para ser conclu\u00edda.<\/p>\n<p>Fonte: Site do Geovanne Santos<\/p>\n","protected":false},"excerpt":{"rendered":"<p>O Minist\u00e9rio P\u00fablico Federal (MPF), por meio da Procuradora da Rep\u00fablica Ac\u00e1cia Soares Peixoto Suassuna, instaurou um inqu\u00e9rito civil, a partir de um encaminhamento do Fundo Nacional de Educa\u00e7\u00e3o (FNDE), com a finalidade de apurar a suposta m\u00e1 qualidade da merenda escolar servida nas escolas do munic\u00edpio de Riacho de Santo Ant\u00f4nio, localizado na microrregi\u00e3o do Cariri Oriental. A den\u00fancia encaminhada ao FNDE aponta que o card\u00e1pio servido nas institui\u00e7\u00f5es de ensino no referido munic\u00edpio consistiria em rapadura com \u00e1gua e papa. A investiga\u00e7\u00e3o do MPF pode levar at\u00e9 um ano para ser conclu\u00edda. Fonte: Site do Geovanne Santos<\/p>\n","protected":false},"author":2,"featured_media":1336,"comment_status":"closed","ping_status":"open","sticky":false,"template":"","format":"standard","meta":{"_eb_attr":"","_jetpack_memberships_contains_paid_content":false,"footnotes":""},"categories":[3],"tags":[],"class_list":["post-1335","post","type-post","status-publish","format-standard","has-post-thumbnail","hentry","category-cidades"],"yoast_head":"<!-- This site is optimized with the Yoast SEO plugin v26.5 - https:\/\/yoast.com\/wordpress\/plugins\/seo\/ -->\n<title>MPF investiga prefeitura do Cariri que estaria servindo rapadura com \u00e1gua como merenda escolar - Not&iacute;cias em Destaque<\/title>\n<meta name=\"robots\" content=\"index, follow, max-snippet:-1, max-image-preview:large, max-video-preview:-1\" \/>\n<link rel=\"canonical\" href=\"https:\/\/noticiasemdestaque.com\/cd\/?p=1335\" \/>\n<meta property=\"og:locale\" content=\"pt_BR\" \/>\n<meta property=\"og:type\" content=\"article\" \/>\n<meta property=\"og:title\" content=\"MPF investiga prefeitura do Cariri que estaria servindo rapadura com \u00e1gua como merenda escolar - Not&iacute;cias em Destaque\" \/>\n<meta property=\"og:description\" content=\"O Minist\u00e9rio P\u00fablico Federal (MPF), por meio da Procuradora da Rep\u00fablica Ac\u00e1cia Soares Peixoto Suassuna, instaurou um inqu\u00e9rito civil, a partir de um encaminhamento do Fundo Nacional de Educa\u00e7\u00e3o (FNDE), com a finalidade de apurar a suposta m\u00e1 qualidade da merenda escolar servida nas escolas do munic\u00edpio de Riacho de Santo Ant\u00f4nio, localizado na microrregi\u00e3o do Cariri Oriental. A den\u00fancia encaminhada ao FNDE aponta que o card\u00e1pio servido nas institui\u00e7\u00f5es de ensino no referido munic\u00edpio consistiria em rapadura com \u00e1gua e papa. A investiga\u00e7\u00e3o do MPF pode levar at\u00e9 um ano para ser conclu\u00edda. Fonte: Site do Geovanne Santos\" \/>\n<meta property=\"og:url\" content=\"https:\/\/noticiasemdestaque.com\/cd\/?p=1335\" \/>\n<meta property=\"og:site_name\" content=\"Not&iacute;cias em Destaque\" \/>\n<meta property=\"article:published_time\" content=\"2017-07-04T22:41:49+00:00\" \/>\n<meta property=\"og:image\" content=\"https:\/\/noticiasemdestaque.com\/cd\/wp-content\/uploads\/2017\/07\/Rapadura-\u00e9-mais-ecol\u00f3gica-800x550.jpg\" \/>\n\t<meta property=\"og:image:width\" content=\"800\" \/>\n\t<meta property=\"og:image:height\" content=\"550\" \/>\n\t<meta property=\"og:image:type\" content=\"image\/jpeg\" \/>\n<meta name=\"author\" content=\"Not\u00edcias em Destaque\" \/>\n<meta name=\"twitter:card\" content=\"summary_large_image\" \/>\n<meta name=\"twitter:label1\" content=\"Escrito por\" \/>\n\t<meta name=\"twitter:data1\" content=\"Not\u00edcias em Destaque\" \/>\n\t<meta name=\"twitter:label2\" content=\"Est. tempo de leitura\" \/>\n\t<meta name=\"twitter:data2\" content=\"1 minuto\" \/>\n<script type=\"application\/ld+json\" class=\"yoast-schema-graph\">{\"@context\":\"https:\/\/schema.org\",\"@graph\":[{\"@type\":\"Article\",\"@id\":\"https:\/\/noticiasemdestaque.com\/cd\/?p=1335#article\",\"isPartOf\":{\"@id\":\"https:\/\/noticiasemdestaque.com\/cd\/?p=1335\"},\"author\":{\"name\":\"Not\u00edcias em Destaque\",\"@id\":\"https:\/\/noticiasemdestaque.com\/cd\/#\/schema\/person\/4a81fb71f77579d059c3045891fa1786\"},\"headline\":\"MPF investiga prefeitura do Cariri que estaria servindo rapadura com \u00e1gua como merenda escolar\",\"datePublished\":\"2017-07-04T22:41:49+00:00\",\"mainEntityOfPage\":{\"@id\":\"https:\/\/noticiasemdestaque.com\/cd\/?p=1335\"},\"wordCount\":128,\"publisher\":{\"@id\":\"https:\/\/noticiasemdestaque.com\/cd\/#organization\"},\"image\":{\"@id\":\"https:\/\/noticiasemdestaque.com\/cd\/?p=1335#primaryimage\"},\"thumbnailUrl\":\"https:\/\/noticiasemdestaque.com\/cd\/wp-content\/uploads\/2017\/07\/Rapadura-\u00e9-mais-ecol\u00f3gica-800x550.jpg\",\"articleSection\":[\"Cidades\"],\"inLanguage\":\"pt-BR\"},{\"@type\":\"WebPage\",\"@id\":\"https:\/\/noticiasemdestaque.com\/cd\/?p=1335\",\"url\":\"https:\/\/noticiasemdestaque.com\/cd\/?p=1335\",\"name\":\"MPF investiga prefeitura do Cariri que estaria servindo rapadura com \u00e1gua como merenda escolar - Not&iacute;cias em Destaque\",\"isPartOf\":{\"@id\":\"https:\/\/noticiasemdestaque.com\/cd\/#website\"},\"primaryImageOfPage\":{\"@id\":\"https:\/\/noticiasemdestaque.com\/cd\/?p=1335#primaryimage\"},\"image\":{\"@id\":\"https:\/\/noticiasemdestaque.com\/cd\/?p=1335#primaryimage\"},\"thumbnailUrl\":\"https:\/\/noticiasemdestaque.com\/cd\/wp-content\/uploads\/2017\/07\/Rapadura-\u00e9-mais-ecol\u00f3gica-800x550.jpg\",\"datePublished\":\"2017-07-04T22:41:49+00:00\",\"breadcrumb\":{\"@id\":\"https:\/\/noticiasemdestaque.com\/cd\/?p=1335#breadcrumb\"},\"inLanguage\":\"pt-BR\",\"potentialAction\":[{\"@type\":\"ReadAction\",\"target\":[\"https:\/\/noticiasemdestaque.com\/cd\/?p=1335\"]}]},{\"@type\":\"ImageObject\",\"inLanguage\":\"pt-BR\",\"@id\":\"https:\/\/noticiasemdestaque.com\/cd\/?p=1335#primaryimage\",\"url\":\"https:\/\/noticiasemdestaque.com\/cd\/wp-content\/uploads\/2017\/07\/Rapadura-\u00e9-mais-ecol\u00f3gica-800x550.jpg\",\"contentUrl\":\"https:\/\/noticiasemdestaque.com\/cd\/wp-content\/uploads\/2017\/07\/Rapadura-\u00e9-mais-ecol\u00f3gica-800x550.jpg\",\"width\":800,\"height\":550},{\"@type\":\"BreadcrumbList\",\"@id\":\"https:\/\/noticiasemdestaque.com\/cd\/?p=1335#breadcrumb\",\"itemListElement\":[{\"@type\":\"ListItem\",\"position\":1,\"name\":\"In\u00edcio\",\"item\":\"https:\/\/noticiasemdestaque.com\/cd\/\"},{\"@type\":\"ListItem\",\"position\":2,\"name\":\"MPF investiga prefeitura do Cariri que estaria servindo rapadura com \u00e1gua como merenda escolar\"}]},{\"@type\":\"WebSite\",\"@id\":\"https:\/\/noticiasemdestaque.com\/cd\/#website\",\"url\":\"https:\/\/noticiasemdestaque.com\/cd\/\",\"name\":\"Not&iacute;cias em Destaque\",\"description\":\"\",\"publisher\":{\"@id\":\"https:\/\/noticiasemdestaque.com\/cd\/#organization\"},\"potentialAction\":[{\"@type\":\"SearchAction\",\"target\":{\"@type\":\"EntryPoint\",\"urlTemplate\":\"https:\/\/noticiasemdestaque.com\/cd\/?s={search_term_string}\"},\"query-input\":{\"@type\":\"PropertyValueSpecification\",\"valueRequired\":true,\"valueName\":\"search_term_string\"}}],\"inLanguage\":\"pt-BR\"},{\"@type\":\"Organization\",\"@id\":\"https:\/\/noticiasemdestaque.com\/cd\/#organization\",\"name\":\"Not\u00edcias em Destaque\",\"url\":\"https:\/\/noticiasemdestaque.com\/cd\/\",\"logo\":{\"@type\":\"ImageObject\",\"inLanguage\":\"pt-BR\",\"@id\":\"https:\/\/noticiasemdestaque.com\/cd\/#\/schema\/logo\/image\/\",\"url\":\"https:\/\/noticiasemdestaque.com\/cd\/wp-content\/uploads\/2022\/05\/imagem-base-noticiasemdestaque.png\",\"contentUrl\":\"https:\/\/noticiasemdestaque.com\/cd\/wp-content\/uploads\/2022\/05\/imagem-base-noticiasemdestaque.png\",\"width\":1200,\"height\":630,\"caption\":\"Not\u00edcias em Destaque\"},\"image\":{\"@id\":\"https:\/\/noticiasemdestaque.com\/cd\/#\/schema\/logo\/image\/\"}},{\"@type\":\"Person\",\"@id\":\"https:\/\/noticiasemdestaque.com\/cd\/#\/schema\/person\/4a81fb71f77579d059c3045891fa1786\",\"name\":\"Not\u00edcias em Destaque\",\"url\":\"https:\/\/noticiasemdestaque.com\/cd\/?author=2\"}]}<\/script>\n<!-- \/ Yoast SEO plugin. -->","yoast_head_json":{"title":"MPF investiga prefeitura do Cariri que estaria servindo rapadura com \u00e1gua como merenda escolar - Not&iacute;cias em Destaque","robots":{"index":"index","follow":"follow","max-snippet":"max-snippet:-1","max-image-preview":"max-image-preview:large","max-video-preview":"max-video-preview:-1"},"canonical":"https:\/\/noticiasemdestaque.com\/cd\/?p=1335","og_locale":"pt_BR","og_type":"article","og_title":"MPF investiga prefeitura do Cariri que estaria servindo rapadura com \u00e1gua como merenda escolar - Not&iacute;cias em Destaque","og_description":"O Minist\u00e9rio P\u00fablico Federal (MPF), por meio da Procuradora da Rep\u00fablica Ac\u00e1cia Soares Peixoto Suassuna, instaurou um inqu\u00e9rito civil, a partir de um encaminhamento do Fundo Nacional de Educa\u00e7\u00e3o (FNDE), com a finalidade de apurar a suposta m\u00e1 qualidade da merenda escolar servida nas escolas do munic\u00edpio de Riacho de Santo Ant\u00f4nio, localizado na microrregi\u00e3o do Cariri Oriental. A den\u00fancia encaminhada ao FNDE aponta que o card\u00e1pio servido nas institui\u00e7\u00f5es de ensino no referido munic\u00edpio consistiria em rapadura com \u00e1gua e papa. A investiga\u00e7\u00e3o do MPF pode levar at\u00e9 um ano para ser conclu\u00edda. Fonte: Site do Geovanne Santos","og_url":"https:\/\/noticiasemdestaque.com\/cd\/?p=1335","og_site_name":"Not&iacute;cias em Destaque","article_published_time":"2017-07-04T22:41:49+00:00","og_image":[{"width":800,"height":550,"url":"https:\/\/noticiasemdestaque.com\/cd\/wp-content\/uploads\/2017\/07\/Rapadura-\u00e9-mais-ecol\u00f3gica-800x550.jpg","type":"image\/jpeg"}],"author":"Not\u00edcias em Destaque","twitter_card":"summary_large_image","twitter_misc":{"Escrito por":"Not\u00edcias em Destaque","Est. tempo de leitura":"1 minuto"},"schema":{"@context":"https:\/\/schema.org","@graph":[{"@type":"Article","@id":"https:\/\/noticiasemdestaque.com\/cd\/?p=1335#article","isPartOf":{"@id":"https:\/\/noticiasemdestaque.com\/cd\/?p=1335"},"author":{"name":"Not\u00edcias em Destaque","@id":"https:\/\/noticiasemdestaque.com\/cd\/#\/schema\/person\/4a81fb71f77579d059c3045891fa1786"},"headline":"MPF investiga prefeitura do Cariri que estaria servindo rapadura com \u00e1gua como merenda escolar","datePublished":"2017-07-04T22:41:49+00:00","mainEntityOfPage":{"@id":"https:\/\/noticiasemdestaque.com\/cd\/?p=1335"},"wordCount":128,"publisher":{"@id":"https:\/\/noticiasemdestaque.com\/cd\/#organization"},"image":{"@id":"https:\/\/noticiasemdestaque.com\/cd\/?p=1335#primaryimage"},"thumbnailUrl":"https:\/\/noticiasemdestaque.com\/cd\/wp-content\/uploads\/2017\/07\/Rapadura-\u00e9-mais-ecol\u00f3gica-800x550.jpg","articleSection":["Cidades"],"inLanguage":"pt-BR"},{"@type":"WebPage","@id":"https:\/\/noticiasemdestaque.com\/cd\/?p=1335","url":"https:\/\/noticiasemdestaque.com\/cd\/?p=1335","name":"MPF investiga prefeitura do Cariri que estaria servindo rapadura com \u00e1gua como merenda escolar - Not&iacute;cias em Destaque","isPartOf":{"@id":"https:\/\/noticiasemdestaque.com\/cd\/#website"},"primaryImageOfPage":{"@id":"https:\/\/noticiasemdestaque.com\/cd\/?p=1335#primaryimage"},"image":{"@id":"https:\/\/noticiasemdestaque.com\/cd\/?p=1335#primaryimage"},"thumbnailUrl":"https:\/\/noticiasemdestaque.com\/cd\/wp-content\/uploads\/2017\/07\/Rapadura-\u00e9-mais-ecol\u00f3gica-800x550.jpg","datePublished":"2017-07-04T22:41:49+00:00","breadcrumb":{"@id":"https:\/\/noticiasemdestaque.com\/cd\/?p=1335#breadcrumb"},"inLanguage":"pt-BR","potentialAction":[{"@type":"ReadAction","target":["https:\/\/noticiasemdestaque.com\/cd\/?p=1335"]}]},{"@type":"ImageObject","inLanguage":"pt-BR","@id":"https:\/\/noticiasemdestaque.com\/cd\/?p=1335#primaryimage","url":"https:\/\/noticiasemdestaque.com\/cd\/wp-content\/uploads\/2017\/07\/Rapadura-\u00e9-mais-ecol\u00f3gica-800x550.jpg","contentUrl":"https:\/\/noticiasemdestaque.com\/cd\/wp-content\/uploads\/2017\/07\/Rapadura-\u00e9-mais-ecol\u00f3gica-800x550.jpg","width":800,"height":550},{"@type":"BreadcrumbList","@id":"https:\/\/noticiasemdestaque.com\/cd\/?p=1335#breadcrumb","itemListElement":[{"@type":"ListItem","position":1,"name":"In\u00edcio","item":"https:\/\/noticiasemdestaque.com\/cd\/"},{"@type":"ListItem","position":2,"name":"MPF investiga prefeitura do Cariri que estaria servindo rapadura com \u00e1gua como merenda escolar"}]},{"@type":"WebSite","@id":"https:\/\/noticiasemdestaque.com\/cd\/#website","url":"https:\/\/noticiasemdestaque.com\/cd\/","name":"Not&iacute;cias em Destaque","description":"","publisher":{"@id":"https:\/\/noticiasemdestaque.com\/cd\/#organization"},"potentialAction":[{"@type":"SearchAction","target":{"@type":"EntryPoint","urlTemplate":"https:\/\/noticiasemdestaque.com\/cd\/?s={search_term_string}"},"query-input":{"@type":"PropertyValueSpecification","valueRequired":true,"valueName":"search_term_string"}}],"inLanguage":"pt-BR"},{"@type":"Organization","@id":"https:\/\/noticiasemdestaque.com\/cd\/#organization","name":"Not\u00edcias em Destaque","url":"https:\/\/noticiasemdestaque.com\/cd\/","logo":{"@type":"ImageObject","inLanguage":"pt-BR","@id":"https:\/\/noticiasemdestaque.com\/cd\/#\/schema\/logo\/image\/","url":"https:\/\/noticiasemdestaque.com\/cd\/wp-content\/uploads\/2022\/05\/imagem-base-noticiasemdestaque.png","contentUrl":"https:\/\/noticiasemdestaque.com\/cd\/wp-content\/uploads\/2022\/05\/imagem-base-noticiasemdestaque.png","width":1200,"height":630,"caption":"Not\u00edcias em Destaque"},"image":{"@id":"https:\/\/noticiasemdestaque.com\/cd\/#\/schema\/logo\/image\/"}},{"@type":"Person","@id":"https:\/\/noticiasemdestaque.com\/cd\/#\/schema\/person\/4a81fb71f77579d059c3045891fa1786","name":"Not\u00edcias em Destaque","url":"https:\/\/noticiasemdestaque.com\/cd\/?author=2"}]}},"jetpack_featured_media_url":"https:\/\/noticiasemdestaque.com\/cd\/wp-content\/uploads\/2017\/07\/Rapadura-\u00e9-mais-ecol\u00f3gica-800x550.jpg","jetpack_sharing_enabled":true,"_links":{"self":[{"href":"https:\/\/noticiasemdestaque.com\/cd\/index.php?rest_route=\/wp\/v2\/posts\/1335","targetHints":{"allow":["GET"]}}],"collection":[{"href":"https:\/\/noticiasemdestaque.com\/cd\/index.php?rest_route=\/wp\/v2\/posts"}],"about":[{"href":"https:\/\/noticiasemdestaque.com\/cd\/index.php?rest_route=\/wp\/v2\/types\/post"}],"author":[{"embeddable":true,"href":"https:\/\/noticiasemdestaque.com\/cd\/index.php?rest_route=\/wp\/v2\/users\/2"}],"replies":[{"embeddable":true,"href":"https:\/\/noticiasemdestaque.com\/cd\/index.php?rest_route=%2Fwp%2Fv2%2Fcomments&post=1335"}],"version-history":[{"count":1,"href":"https:\/\/noticiasemdestaque.com\/cd\/index.php?rest_route=\/wp\/v2\/posts\/1335\/revisions"}],"predecessor-version":[{"id":1337,"href":"https:\/\/noticiasemdestaque.com\/cd\/index.php?rest_route=\/wp\/v2\/posts\/1335\/revisions\/1337"}],"wp:featuredmedia":[{"embeddable":true,"href":"https:\/\/noticiasemdestaque.com\/cd\/index.php?rest_route=\/wp\/v2\/media\/1336"}],"wp:attachment":[{"href":"https:\/\/noticiasemdestaque.com\/cd\/index.php?rest_route=%2Fwp%2Fv2%2Fmedia&parent=1335"}],"wp:term":[{"taxonomy":"category","embeddable":true,"href":"https:\/\/noticiasemdestaque.com\/cd\/index.php?rest_route=%2Fwp%2Fv2%2Fcategories&post=1335"},{"taxonomy":"post_tag","embeddable":true,"href":"https:\/\/noticiasemdestaque.com\/cd\/index.php?rest_route=%2Fwp%2Fv2%2Ftags&post=1335"}],"curies":[{"name":"wp","href":"https:\/\/api.w.org\/{rel}","templated":true}]}}