{"id":13003,"date":"2018-10-01T07:01:39","date_gmt":"2018-10-01T10:01:39","guid":{"rendered":"http:\/\/caririemdestaque.com\/cd\/?p=13003"},"modified":"2018-10-01T07:01:39","modified_gmt":"2018-10-01T10:01:39","slug":"cerca-de-2-mil-eleitores-ficarao-sem-votar-nas-eleicoes-deste-ano-na-comarca-de-serra-branca","status":"publish","type":"post","link":"https:\/\/noticiasemdestaque.com\/cd\/?p=13003","title":{"rendered":"Cerca de 2 mil eleitores ficar\u00e3o sem votar nas elei\u00e7\u00f5es deste ano na Comarca de Serra Branca"},"content":{"rendered":"<p><a href=\"http:\/\/caririemdestaque.com\/cd\/wp-content\/uploads\/2018\/10\/eleitor_urna.jpg\"><img fetchpriority=\"high\" decoding=\"async\" class=\"alignnone size-full wp-image-13004\" src=\"http:\/\/caririemdestaque.com\/cd\/wp-content\/uploads\/2018\/10\/eleitor_urna.jpg\" alt=\"\" width=\"500\" height=\"332\" srcset=\"https:\/\/noticiasemdestaque.com\/cd\/wp-content\/uploads\/2018\/10\/eleitor_urna.jpg 500w, https:\/\/noticiasemdestaque.com\/cd\/wp-content\/uploads\/2018\/10\/eleitor_urna-300x199.jpg 300w, https:\/\/noticiasemdestaque.com\/cd\/wp-content\/uploads\/2018\/10\/eleitor_urna-480x320.jpg 480w\" sizes=\"(max-width: 500px) 100vw, 500px\" \/><\/a><\/p>\n<p>Segundo dados do Cart\u00f3rio Eleitoral de Serra Branca, quase 2 mil eleitores perderam o direito de votar nas elei\u00e7\u00f5es deste ano nas cidades integrantes da Comarca local. A Comarca de Serra Branca \u00e9 composta al\u00e9m da cidade sede, pelos munic\u00edpios de S\u00e3o Jos\u00e9 dos Cordeiros, Parari e Coxixola. O impedimento a esses eleitores se d\u00e1 porque n\u00e3o realizaram o cadastro biom\u00e9trico obrigat\u00f3rio institu\u00eddo pela Justi\u00e7a Eleitoral.<\/p>\n<p>Ao todo, 123.885 eleitores da Para\u00edba tiveram os t\u00edtulos cancelados para as Elei\u00e7\u00f5es 2018. De acordo com o TSE, mais de 3 milh\u00f5es de brasileiros n\u00e3o v\u00e3o poder votar nas elei\u00e7\u00f5es deste ano e quase metade desse eleitorado reside na regi\u00e3o Nordeste.<\/p>\n<p>No Estado, os dados do TER-PB apontam que os munic\u00edpios que mais perderam eleitores foram Cajazeiras, com 790, no Sert\u00e3o do estado, e Conde, com 631 cancelamentos, situado no Litoral Sul.<\/p>\n<p>Na Comarca local, as perdas de eleitores foram as seguintes: Serra Branca: 1.006; S\u00e3o Jos\u00e9 dos Cordeiros: 665; Coxixola: 139; e Parari: 121. O total de votos perdidos foi de 1.931 eleitores.<\/p>\n<p>Aqueles que n\u00e3o votaram em tr\u00eas elei\u00e7\u00f5es consecutivas, n\u00e3o apresentaram justificativa de aus\u00eancia e n\u00e3o pagaram a multa pela irregularidade tamb\u00e9m est\u00e3o impedidos de votar.<\/p>\n<p>A consulta da situa\u00e7\u00e3o eleitoral pode ser feita no site do Tribunal Regional Eleitoral da Para\u00edba (TRE-PB), por meio do nome e data de nascimento da pessoa ou do n\u00famero do t\u00edtulo. O eleitor pode ainda se dirigir ao cart\u00f3rio eleitoral local para obter a confirma\u00e7\u00e3o de posse de seu titulo de eleitor.<\/p>\n<p>Segundo a chefe do cart\u00f3rio eleitoral, uma atualiza\u00e7\u00e3o no cadastro desses eleitores s\u00f3 poder\u00e1 ser feita ap\u00f3s o segundo turno das elei\u00e7\u00f5es, quando o Tribunal Regional Eleitoral reabrir o processo, previsto para a primeira semana de novembro.<\/p>\n","protected":false},"excerpt":{"rendered":"<p>Segundo dados do Cart\u00f3rio Eleitoral de Serra Branca, quase 2 mil eleitores perderam o direito de votar nas elei\u00e7\u00f5es deste ano nas cidades integrantes da Comarca local. A Comarca de Serra Branca \u00e9 composta al\u00e9m da cidade sede, pelos munic\u00edpios de S\u00e3o Jos\u00e9 dos Cordeiros, Parari e Coxixola. O impedimento a esses eleitores se d\u00e1 porque n\u00e3o realizaram o cadastro biom\u00e9trico obrigat\u00f3rio institu\u00eddo pela Justi\u00e7a Eleitoral. Ao todo, 123.885 eleitores da Para\u00edba tiveram os t\u00edtulos cancelados para as Elei\u00e7\u00f5es 2018. De acordo com o TSE, mais de 3 milh\u00f5es de brasileiros n\u00e3o v\u00e3o poder votar nas elei\u00e7\u00f5es deste ano e quase metade desse eleitorado reside na regi\u00e3o Nordeste. No Estado, os dados do TER-PB apontam que os munic\u00edpios que mais perderam eleitores foram Cajazeiras, com 790, no Sert\u00e3o do estado, e Conde, com 631 cancelamentos, situado no Litoral Sul. Na Comarca local, as perdas de eleitores foram as seguintes: Serra Branca: 1.006; S\u00e3o Jos\u00e9 dos Cordeiros: 665; Coxixola: 139; e Parari: 121. O total de votos perdidos foi de 1.931 eleitores. Aqueles que n\u00e3o votaram em tr\u00eas elei\u00e7\u00f5es consecutivas, n\u00e3o apresentaram justificativa de aus\u00eancia e n\u00e3o pagaram a multa pela irregularidade tamb\u00e9m est\u00e3o impedidos de votar. A consulta da situa\u00e7\u00e3o eleitoral pode ser feita no site do Tribunal Regional Eleitoral da Para\u00edba (TRE-PB), por meio do nome e data de nascimento da pessoa ou do n\u00famero do t\u00edtulo. O eleitor pode ainda se dirigir ao cart\u00f3rio eleitoral local para obter a confirma\u00e7\u00e3o de posse de seu titulo de eleitor. Segundo a chefe do cart\u00f3rio eleitoral, uma atualiza\u00e7\u00e3o no cadastro desses eleitores s\u00f3 poder\u00e1 ser feita ap\u00f3s o segundo turno das elei\u00e7\u00f5es, quando o Tribunal Regional Eleitoral reabrir o processo, previsto para a primeira semana de novembro.<\/p>\n","protected":false},"author":2,"featured_media":13004,"comment_status":"closed","ping_status":"open","sticky":false,"template":"","format":"standard","meta":{"_eb_attr":"","_jetpack_memberships_contains_paid_content":false,"footnotes":""},"categories":[4],"tags":[],"class_list":["post-13003","post","type-post","status-publish","format-standard","has-post-thumbnail","hentry","category-politica"],"yoast_head":"<!-- This site is optimized with the Yoast SEO plugin v26.5 - https:\/\/yoast.com\/wordpress\/plugins\/seo\/ -->\n<title>Cerca de 2 mil eleitores ficar\u00e3o sem votar nas elei\u00e7\u00f5es deste ano na Comarca de Serra Branca - Not&iacute;cias em Destaque<\/title>\n<meta name=\"robots\" content=\"index, follow, max-snippet:-1, max-image-preview:large, max-video-preview:-1\" \/>\n<link rel=\"canonical\" href=\"https:\/\/noticiasemdestaque.com\/cd\/?p=13003\" \/>\n<meta property=\"og:locale\" content=\"pt_BR\" \/>\n<meta property=\"og:type\" content=\"article\" \/>\n<meta property=\"og:title\" content=\"Cerca de 2 mil eleitores ficar\u00e3o sem votar nas elei\u00e7\u00f5es deste ano na Comarca de Serra Branca - Not&iacute;cias em Destaque\" \/>\n<meta property=\"og:description\" content=\"Segundo dados do Cart\u00f3rio Eleitoral de Serra Branca, quase 2 mil eleitores perderam o direito de votar nas elei\u00e7\u00f5es deste ano nas cidades integrantes da Comarca local. A Comarca de Serra Branca \u00e9 composta al\u00e9m da cidade sede, pelos munic\u00edpios de S\u00e3o Jos\u00e9 dos Cordeiros, Parari e Coxixola. O impedimento a esses eleitores se d\u00e1 porque n\u00e3o realizaram o cadastro biom\u00e9trico obrigat\u00f3rio institu\u00eddo pela Justi\u00e7a Eleitoral. Ao todo, 123.885 eleitores da Para\u00edba tiveram os t\u00edtulos cancelados para as Elei\u00e7\u00f5es 2018. De acordo com o TSE, mais de 3 milh\u00f5es de brasileiros n\u00e3o v\u00e3o poder votar nas elei\u00e7\u00f5es deste ano e quase metade desse eleitorado reside na regi\u00e3o Nordeste. No Estado, os dados do TER-PB apontam que os munic\u00edpios que mais perderam eleitores foram Cajazeiras, com 790, no Sert\u00e3o do estado, e Conde, com 631 cancelamentos, situado no Litoral Sul. Na Comarca local, as perdas de eleitores foram as seguintes: Serra Branca: 1.006; S\u00e3o Jos\u00e9 dos Cordeiros: 665; Coxixola: 139; e Parari: 121. O total de votos perdidos foi de 1.931 eleitores. Aqueles que n\u00e3o votaram em tr\u00eas elei\u00e7\u00f5es consecutivas, n\u00e3o apresentaram justificativa de aus\u00eancia e n\u00e3o pagaram a multa pela irregularidade tamb\u00e9m est\u00e3o impedidos de votar. A consulta da situa\u00e7\u00e3o eleitoral pode ser feita no site do Tribunal Regional Eleitoral da Para\u00edba (TRE-PB), por meio do nome e data de nascimento da pessoa ou do n\u00famero do t\u00edtulo. O eleitor pode ainda se dirigir ao cart\u00f3rio eleitoral local para obter a confirma\u00e7\u00e3o de posse de seu titulo de eleitor. Segundo a chefe do cart\u00f3rio eleitoral, uma atualiza\u00e7\u00e3o no cadastro desses eleitores s\u00f3 poder\u00e1 ser feita ap\u00f3s o segundo turno das elei\u00e7\u00f5es, quando o Tribunal Regional Eleitoral reabrir o processo, previsto para a primeira semana de novembro.\" \/>\n<meta property=\"og:url\" content=\"https:\/\/noticiasemdestaque.com\/cd\/?p=13003\" \/>\n<meta property=\"og:site_name\" content=\"Not&iacute;cias em Destaque\" \/>\n<meta property=\"article:published_time\" content=\"2018-10-01T10:01:39+00:00\" \/>\n<meta property=\"og:image\" content=\"https:\/\/noticiasemdestaque.com\/cd\/wp-content\/uploads\/2018\/10\/eleitor_urna.jpg\" \/>\n\t<meta property=\"og:image:width\" content=\"500\" \/>\n\t<meta property=\"og:image:height\" content=\"332\" \/>\n\t<meta property=\"og:image:type\" content=\"image\/jpeg\" \/>\n<meta name=\"author\" content=\"Not\u00edcias em Destaque\" \/>\n<meta name=\"twitter:card\" content=\"summary_large_image\" \/>\n<meta name=\"twitter:label1\" content=\"Escrito por\" \/>\n\t<meta name=\"twitter:data1\" content=\"Not\u00edcias em Destaque\" \/>\n\t<meta name=\"twitter:label2\" content=\"Est. tempo de leitura\" \/>\n\t<meta name=\"twitter:data2\" content=\"2 minutos\" \/>\n<script type=\"application\/ld+json\" class=\"yoast-schema-graph\">{\"@context\":\"https:\/\/schema.org\",\"@graph\":[{\"@type\":\"Article\",\"@id\":\"https:\/\/noticiasemdestaque.com\/cd\/?p=13003#article\",\"isPartOf\":{\"@id\":\"https:\/\/noticiasemdestaque.com\/cd\/?p=13003\"},\"author\":{\"name\":\"Not\u00edcias em Destaque\",\"@id\":\"https:\/\/noticiasemdestaque.com\/cd\/#\/schema\/person\/21320b03a7e8bb90128938dafc9b908a\"},\"headline\":\"Cerca de 2 mil eleitores ficar\u00e3o sem votar nas elei\u00e7\u00f5es deste ano na Comarca de Serra Branca\",\"datePublished\":\"2018-10-01T10:01:39+00:00\",\"mainEntityOfPage\":{\"@id\":\"https:\/\/noticiasemdestaque.com\/cd\/?p=13003\"},\"wordCount\":331,\"publisher\":{\"@id\":\"https:\/\/noticiasemdestaque.com\/cd\/#organization\"},\"image\":{\"@id\":\"https:\/\/noticiasemdestaque.com\/cd\/?p=13003#primaryimage\"},\"thumbnailUrl\":\"https:\/\/noticiasemdestaque.com\/cd\/wp-content\/uploads\/2018\/10\/eleitor_urna.jpg\",\"articleSection\":[\"Pol\u00edtica\"],\"inLanguage\":\"pt-BR\"},{\"@type\":\"WebPage\",\"@id\":\"https:\/\/noticiasemdestaque.com\/cd\/?p=13003\",\"url\":\"https:\/\/noticiasemdestaque.com\/cd\/?p=13003\",\"name\":\"Cerca de 2 mil eleitores ficar\u00e3o sem votar nas elei\u00e7\u00f5es deste ano na Comarca de Serra Branca - Not&iacute;cias em Destaque\",\"isPartOf\":{\"@id\":\"https:\/\/noticiasemdestaque.com\/cd\/#website\"},\"primaryImageOfPage\":{\"@id\":\"https:\/\/noticiasemdestaque.com\/cd\/?p=13003#primaryimage\"},\"image\":{\"@id\":\"https:\/\/noticiasemdestaque.com\/cd\/?p=13003#primaryimage\"},\"thumbnailUrl\":\"https:\/\/noticiasemdestaque.com\/cd\/wp-content\/uploads\/2018\/10\/eleitor_urna.jpg\",\"datePublished\":\"2018-10-01T10:01:39+00:00\",\"breadcrumb\":{\"@id\":\"https:\/\/noticiasemdestaque.com\/cd\/?p=13003#breadcrumb\"},\"inLanguage\":\"pt-BR\",\"potentialAction\":[{\"@type\":\"ReadAction\",\"target\":[\"https:\/\/noticiasemdestaque.com\/cd\/?p=13003\"]}]},{\"@type\":\"ImageObject\",\"inLanguage\":\"pt-BR\",\"@id\":\"https:\/\/noticiasemdestaque.com\/cd\/?p=13003#primaryimage\",\"url\":\"https:\/\/noticiasemdestaque.com\/cd\/wp-content\/uploads\/2018\/10\/eleitor_urna.jpg\",\"contentUrl\":\"https:\/\/noticiasemdestaque.com\/cd\/wp-content\/uploads\/2018\/10\/eleitor_urna.jpg\",\"width\":500,\"height\":332},{\"@type\":\"BreadcrumbList\",\"@id\":\"https:\/\/noticiasemdestaque.com\/cd\/?p=13003#breadcrumb\",\"itemListElement\":[{\"@type\":\"ListItem\",\"position\":1,\"name\":\"In\u00edcio\",\"item\":\"https:\/\/noticiasemdestaque.com\/cd\/\"},{\"@type\":\"ListItem\",\"position\":2,\"name\":\"Cerca de 2 mil eleitores ficar\u00e3o sem votar nas elei\u00e7\u00f5es deste ano na Comarca de Serra Branca\"}]},{\"@type\":\"WebSite\",\"@id\":\"https:\/\/noticiasemdestaque.com\/cd\/#website\",\"url\":\"https:\/\/noticiasemdestaque.com\/cd\/\",\"name\":\"Not&iacute;cias em Destaque\",\"description\":\"\",\"publisher\":{\"@id\":\"https:\/\/noticiasemdestaque.com\/cd\/#organization\"},\"potentialAction\":[{\"@type\":\"SearchAction\",\"target\":{\"@type\":\"EntryPoint\",\"urlTemplate\":\"https:\/\/noticiasemdestaque.com\/cd\/?s={search_term_string}\"},\"query-input\":{\"@type\":\"PropertyValueSpecification\",\"valueRequired\":true,\"valueName\":\"search_term_string\"}}],\"inLanguage\":\"pt-BR\"},{\"@type\":\"Organization\",\"@id\":\"https:\/\/noticiasemdestaque.com\/cd\/#organization\",\"name\":\"Not\u00edcias em Destaque\",\"url\":\"https:\/\/noticiasemdestaque.com\/cd\/\",\"logo\":{\"@type\":\"ImageObject\",\"inLanguage\":\"pt-BR\",\"@id\":\"https:\/\/noticiasemdestaque.com\/cd\/#\/schema\/logo\/image\/\",\"url\":\"https:\/\/noticiasemdestaque.com\/cd\/wp-content\/uploads\/2022\/05\/imagem-base-noticiasemdestaque.png\",\"contentUrl\":\"https:\/\/noticiasemdestaque.com\/cd\/wp-content\/uploads\/2022\/05\/imagem-base-noticiasemdestaque.png\",\"width\":1200,\"height\":630,\"caption\":\"Not\u00edcias em Destaque\"},\"image\":{\"@id\":\"https:\/\/noticiasemdestaque.com\/cd\/#\/schema\/logo\/image\/\"}},{\"@type\":\"Person\",\"@id\":\"https:\/\/noticiasemdestaque.com\/cd\/#\/schema\/person\/21320b03a7e8bb90128938dafc9b908a\",\"name\":\"Not\u00edcias em Destaque\",\"url\":\"https:\/\/noticiasemdestaque.com\/cd\/?author=2\"}]}<\/script>\n<!-- \/ Yoast SEO plugin. -->","yoast_head_json":{"title":"Cerca de 2 mil eleitores ficar\u00e3o sem votar nas elei\u00e7\u00f5es deste ano na Comarca de Serra Branca - Not&iacute;cias em Destaque","robots":{"index":"index","follow":"follow","max-snippet":"max-snippet:-1","max-image-preview":"max-image-preview:large","max-video-preview":"max-video-preview:-1"},"canonical":"https:\/\/noticiasemdestaque.com\/cd\/?p=13003","og_locale":"pt_BR","og_type":"article","og_title":"Cerca de 2 mil eleitores ficar\u00e3o sem votar nas elei\u00e7\u00f5es deste ano na Comarca de Serra Branca - Not&iacute;cias em Destaque","og_description":"Segundo dados do Cart\u00f3rio Eleitoral de Serra Branca, quase 2 mil eleitores perderam o direito de votar nas elei\u00e7\u00f5es deste ano nas cidades integrantes da Comarca local. A Comarca de Serra Branca \u00e9 composta al\u00e9m da cidade sede, pelos munic\u00edpios de S\u00e3o Jos\u00e9 dos Cordeiros, Parari e Coxixola. O impedimento a esses eleitores se d\u00e1 porque n\u00e3o realizaram o cadastro biom\u00e9trico obrigat\u00f3rio institu\u00eddo pela Justi\u00e7a Eleitoral. Ao todo, 123.885 eleitores da Para\u00edba tiveram os t\u00edtulos cancelados para as Elei\u00e7\u00f5es 2018. De acordo com o TSE, mais de 3 milh\u00f5es de brasileiros n\u00e3o v\u00e3o poder votar nas elei\u00e7\u00f5es deste ano e quase metade desse eleitorado reside na regi\u00e3o Nordeste. No Estado, os dados do TER-PB apontam que os munic\u00edpios que mais perderam eleitores foram Cajazeiras, com 790, no Sert\u00e3o do estado, e Conde, com 631 cancelamentos, situado no Litoral Sul. Na Comarca local, as perdas de eleitores foram as seguintes: Serra Branca: 1.006; S\u00e3o Jos\u00e9 dos Cordeiros: 665; Coxixola: 139; e Parari: 121. O total de votos perdidos foi de 1.931 eleitores. Aqueles que n\u00e3o votaram em tr\u00eas elei\u00e7\u00f5es consecutivas, n\u00e3o apresentaram justificativa de aus\u00eancia e n\u00e3o pagaram a multa pela irregularidade tamb\u00e9m est\u00e3o impedidos de votar. A consulta da situa\u00e7\u00e3o eleitoral pode ser feita no site do Tribunal Regional Eleitoral da Para\u00edba (TRE-PB), por meio do nome e data de nascimento da pessoa ou do n\u00famero do t\u00edtulo. O eleitor pode ainda se dirigir ao cart\u00f3rio eleitoral local para obter a confirma\u00e7\u00e3o de posse de seu titulo de eleitor. Segundo a chefe do cart\u00f3rio eleitoral, uma atualiza\u00e7\u00e3o no cadastro desses eleitores s\u00f3 poder\u00e1 ser feita ap\u00f3s o segundo turno das elei\u00e7\u00f5es, quando o Tribunal Regional Eleitoral reabrir o processo, previsto para a primeira semana de novembro.","og_url":"https:\/\/noticiasemdestaque.com\/cd\/?p=13003","og_site_name":"Not&iacute;cias em Destaque","article_published_time":"2018-10-01T10:01:39+00:00","og_image":[{"width":500,"height":332,"url":"https:\/\/noticiasemdestaque.com\/cd\/wp-content\/uploads\/2018\/10\/eleitor_urna.jpg","type":"image\/jpeg"}],"author":"Not\u00edcias em Destaque","twitter_card":"summary_large_image","twitter_misc":{"Escrito por":"Not\u00edcias em Destaque","Est. tempo de leitura":"2 minutos"},"schema":{"@context":"https:\/\/schema.org","@graph":[{"@type":"Article","@id":"https:\/\/noticiasemdestaque.com\/cd\/?p=13003#article","isPartOf":{"@id":"https:\/\/noticiasemdestaque.com\/cd\/?p=13003"},"author":{"name":"Not\u00edcias em Destaque","@id":"https:\/\/noticiasemdestaque.com\/cd\/#\/schema\/person\/21320b03a7e8bb90128938dafc9b908a"},"headline":"Cerca de 2 mil eleitores ficar\u00e3o sem votar nas elei\u00e7\u00f5es deste ano na Comarca de Serra Branca","datePublished":"2018-10-01T10:01:39+00:00","mainEntityOfPage":{"@id":"https:\/\/noticiasemdestaque.com\/cd\/?p=13003"},"wordCount":331,"publisher":{"@id":"https:\/\/noticiasemdestaque.com\/cd\/#organization"},"image":{"@id":"https:\/\/noticiasemdestaque.com\/cd\/?p=13003#primaryimage"},"thumbnailUrl":"https:\/\/noticiasemdestaque.com\/cd\/wp-content\/uploads\/2018\/10\/eleitor_urna.jpg","articleSection":["Pol\u00edtica"],"inLanguage":"pt-BR"},{"@type":"WebPage","@id":"https:\/\/noticiasemdestaque.com\/cd\/?p=13003","url":"https:\/\/noticiasemdestaque.com\/cd\/?p=13003","name":"Cerca de 2 mil eleitores ficar\u00e3o sem votar nas elei\u00e7\u00f5es deste ano na Comarca de Serra Branca - Not&iacute;cias em Destaque","isPartOf":{"@id":"https:\/\/noticiasemdestaque.com\/cd\/#website"},"primaryImageOfPage":{"@id":"https:\/\/noticiasemdestaque.com\/cd\/?p=13003#primaryimage"},"image":{"@id":"https:\/\/noticiasemdestaque.com\/cd\/?p=13003#primaryimage"},"thumbnailUrl":"https:\/\/noticiasemdestaque.com\/cd\/wp-content\/uploads\/2018\/10\/eleitor_urna.jpg","datePublished":"2018-10-01T10:01:39+00:00","breadcrumb":{"@id":"https:\/\/noticiasemdestaque.com\/cd\/?p=13003#breadcrumb"},"inLanguage":"pt-BR","potentialAction":[{"@type":"ReadAction","target":["https:\/\/noticiasemdestaque.com\/cd\/?p=13003"]}]},{"@type":"ImageObject","inLanguage":"pt-BR","@id":"https:\/\/noticiasemdestaque.com\/cd\/?p=13003#primaryimage","url":"https:\/\/noticiasemdestaque.com\/cd\/wp-content\/uploads\/2018\/10\/eleitor_urna.jpg","contentUrl":"https:\/\/noticiasemdestaque.com\/cd\/wp-content\/uploads\/2018\/10\/eleitor_urna.jpg","width":500,"height":332},{"@type":"BreadcrumbList","@id":"https:\/\/noticiasemdestaque.com\/cd\/?p=13003#breadcrumb","itemListElement":[{"@type":"ListItem","position":1,"name":"In\u00edcio","item":"https:\/\/noticiasemdestaque.com\/cd\/"},{"@type":"ListItem","position":2,"name":"Cerca de 2 mil eleitores ficar\u00e3o sem votar nas elei\u00e7\u00f5es deste ano na Comarca de Serra Branca"}]},{"@type":"WebSite","@id":"https:\/\/noticiasemdestaque.com\/cd\/#website","url":"https:\/\/noticiasemdestaque.com\/cd\/","name":"Not&iacute;cias em Destaque","description":"","publisher":{"@id":"https:\/\/noticiasemdestaque.com\/cd\/#organization"},"potentialAction":[{"@type":"SearchAction","target":{"@type":"EntryPoint","urlTemplate":"https:\/\/noticiasemdestaque.com\/cd\/?s={search_term_string}"},"query-input":{"@type":"PropertyValueSpecification","valueRequired":true,"valueName":"search_term_string"}}],"inLanguage":"pt-BR"},{"@type":"Organization","@id":"https:\/\/noticiasemdestaque.com\/cd\/#organization","name":"Not\u00edcias em Destaque","url":"https:\/\/noticiasemdestaque.com\/cd\/","logo":{"@type":"ImageObject","inLanguage":"pt-BR","@id":"https:\/\/noticiasemdestaque.com\/cd\/#\/schema\/logo\/image\/","url":"https:\/\/noticiasemdestaque.com\/cd\/wp-content\/uploads\/2022\/05\/imagem-base-noticiasemdestaque.png","contentUrl":"https:\/\/noticiasemdestaque.com\/cd\/wp-content\/uploads\/2022\/05\/imagem-base-noticiasemdestaque.png","width":1200,"height":630,"caption":"Not\u00edcias em Destaque"},"image":{"@id":"https:\/\/noticiasemdestaque.com\/cd\/#\/schema\/logo\/image\/"}},{"@type":"Person","@id":"https:\/\/noticiasemdestaque.com\/cd\/#\/schema\/person\/21320b03a7e8bb90128938dafc9b908a","name":"Not\u00edcias em Destaque","url":"https:\/\/noticiasemdestaque.com\/cd\/?author=2"}]}},"jetpack_featured_media_url":"https:\/\/noticiasemdestaque.com\/cd\/wp-content\/uploads\/2018\/10\/eleitor_urna.jpg","jetpack_sharing_enabled":true,"_links":{"self":[{"href":"https:\/\/noticiasemdestaque.com\/cd\/index.php?rest_route=\/wp\/v2\/posts\/13003","targetHints":{"allow":["GET"]}}],"collection":[{"href":"https:\/\/noticiasemdestaque.com\/cd\/index.php?rest_route=\/wp\/v2\/posts"}],"about":[{"href":"https:\/\/noticiasemdestaque.com\/cd\/index.php?rest_route=\/wp\/v2\/types\/post"}],"author":[{"embeddable":true,"href":"https:\/\/noticiasemdestaque.com\/cd\/index.php?rest_route=\/wp\/v2\/users\/2"}],"replies":[{"embeddable":true,"href":"https:\/\/noticiasemdestaque.com\/cd\/index.php?rest_route=%2Fwp%2Fv2%2Fcomments&post=13003"}],"version-history":[{"count":1,"href":"https:\/\/noticiasemdestaque.com\/cd\/index.php?rest_route=\/wp\/v2\/posts\/13003\/revisions"}],"predecessor-version":[{"id":13005,"href":"https:\/\/noticiasemdestaque.com\/cd\/index.php?rest_route=\/wp\/v2\/posts\/13003\/revisions\/13005"}],"wp:featuredmedia":[{"embeddable":true,"href":"https:\/\/noticiasemdestaque.com\/cd\/index.php?rest_route=\/wp\/v2\/media\/13004"}],"wp:attachment":[{"href":"https:\/\/noticiasemdestaque.com\/cd\/index.php?rest_route=%2Fwp%2Fv2%2Fmedia&parent=13003"}],"wp:term":[{"taxonomy":"category","embeddable":true,"href":"https:\/\/noticiasemdestaque.com\/cd\/index.php?rest_route=%2Fwp%2Fv2%2Fcategories&post=13003"},{"taxonomy":"post_tag","embeddable":true,"href":"https:\/\/noticiasemdestaque.com\/cd\/index.php?rest_route=%2Fwp%2Fv2%2Ftags&post=13003"}],"curies":[{"name":"wp","href":"https:\/\/api.w.org\/{rel}","templated":true}]}}