{"id":1288,"date":"2017-07-04T15:03:12","date_gmt":"2017-07-04T18:03:12","guid":{"rendered":"http:\/\/caririemdestaque.com\/cd\/?p=1288"},"modified":"2017-07-04T15:03:52","modified_gmt":"2017-07-04T18:03:52","slug":"prefeitura-de-congo-divulga-programacao-da-tradicional-festa-de-santa-ana-2017","status":"publish","type":"post","link":"https:\/\/noticiasemdestaque.com\/cd\/?p=1288","title":{"rendered":"Prefeitura de Congo divulga programa\u00e7\u00e3o da tradicional Festa de Santa Ana 2017"},"content":{"rendered":"<p><a href=\"http:\/\/caririemdestaque.com\/cd\/wp-content\/uploads\/2017\/07\/19598709_2330192830538204_2131225138489125654_n.jpg\"><img fetchpriority=\"high\" decoding=\"async\" class=\" wp-image-1289 alignleft\" src=\"http:\/\/caririemdestaque.com\/cd\/wp-content\/uploads\/2017\/07\/19598709_2330192830538204_2131225138489125654_n-300x300.jpg\" alt=\"\" width=\"241\" height=\"241\" srcset=\"https:\/\/noticiasemdestaque.com\/cd\/wp-content\/uploads\/2017\/07\/19598709_2330192830538204_2131225138489125654_n-300x300.jpg 300w, https:\/\/noticiasemdestaque.com\/cd\/wp-content\/uploads\/2017\/07\/19598709_2330192830538204_2131225138489125654_n-150x150.jpg 150w, https:\/\/noticiasemdestaque.com\/cd\/wp-content\/uploads\/2017\/07\/19598709_2330192830538204_2131225138489125654_n.jpg 480w\" sizes=\"(max-width: 241px) 100vw, 241px\" \/><\/a>A Prefeitura de Congo anuncia as atra\u00e7\u00f5es da Festa de Santa Ana 2017. A programa\u00e7\u00e3o oficial dos shows que ser\u00e3o realizados nos dias 28 e 29 de julho na Pra\u00e7a Central e contar\u00e1 com shows das bandas Forr\u00f3 Kent, Conde do Forr\u00f3 e Wallas Arrais no dia (28) e no dia (29) Luan Estilizado, Gleydson e Henrique, Farra de Muleke e Bedeu Quirino.<\/p>\n<p>O tradicional evento que re\u00fane anualmente pessoas de toda a regi\u00e3o est\u00e1 sendo planejado cuidadosamente pela equipe da Prefeitura e da \u00c1rea Pastoral Santa Ana para garantir conforto e seguran\u00e7a dos participantes.<\/p>\n<p>As comemora\u00e7\u00f5es da festa de Santa Ana tem in\u00edcio no dia 21 de julho com uma carreata com a imagem peregrina de Santa Ana, hasteamento da bandeira e a Santa Missa de abertura realizada na Igreja Santa Ana por Pe. Gustavo Ferreira. As festividades se encerram no dia 30 de julho, com uma grandiosa prociss\u00e3o com a imagem de Santa Ana pelas ruas da cidade.<\/p>\n<p><strong><em>Cariri em Destaque<\/em><\/strong><\/p>\n<p>Com Ascom<\/p>\n","protected":false},"excerpt":{"rendered":"<p>A Prefeitura de Congo anuncia as atra\u00e7\u00f5es da Festa de Santa Ana 2017. A programa\u00e7\u00e3o oficial dos shows que ser\u00e3o realizados nos dias 28 e 29 de julho na Pra\u00e7a Central e contar\u00e1 com shows das bandas Forr\u00f3 Kent, Conde do Forr\u00f3 e Wallas Arrais no dia (28) e no dia (29) Luan Estilizado, Gleydson e Henrique, Farra de Muleke e Bedeu Quirino. O tradicional evento que re\u00fane anualmente pessoas de toda a regi\u00e3o est\u00e1 sendo planejado cuidadosamente pela equipe da Prefeitura e da \u00c1rea Pastoral Santa Ana para garantir conforto e seguran\u00e7a dos participantes. As comemora\u00e7\u00f5es da festa de Santa Ana tem in\u00edcio no dia 21 de julho com uma carreata com a imagem peregrina de Santa Ana, hasteamento da bandeira e a Santa Missa de abertura realizada na Igreja Santa Ana por Pe. Gustavo Ferreira. As festividades se encerram no dia 30 de julho, com uma grandiosa prociss\u00e3o com a imagem de Santa Ana pelas ruas da cidade. Cariri em Destaque Com Ascom<\/p>\n","protected":false},"author":2,"featured_media":1290,"comment_status":"closed","ping_status":"open","sticky":false,"template":"","format":"standard","meta":{"_eb_attr":"","_jetpack_memberships_contains_paid_content":false,"footnotes":""},"categories":[4],"tags":[],"class_list":["post-1288","post","type-post","status-publish","format-standard","has-post-thumbnail","hentry","category-politica"],"yoast_head":"<!-- This site is optimized with the Yoast SEO plugin v26.5 - https:\/\/yoast.com\/wordpress\/plugins\/seo\/ -->\n<title>Prefeitura de Congo divulga programa\u00e7\u00e3o da tradicional Festa de Santa Ana 2017 - Not&iacute;cias em Destaque<\/title>\n<meta name=\"robots\" content=\"index, follow, max-snippet:-1, max-image-preview:large, max-video-preview:-1\" \/>\n<link rel=\"canonical\" href=\"https:\/\/noticiasemdestaque.com\/cd\/?p=1288\" \/>\n<meta property=\"og:locale\" content=\"pt_BR\" \/>\n<meta property=\"og:type\" content=\"article\" \/>\n<meta property=\"og:title\" content=\"Prefeitura de Congo divulga programa\u00e7\u00e3o da tradicional Festa de Santa Ana 2017 - Not&iacute;cias em Destaque\" \/>\n<meta property=\"og:description\" content=\"A Prefeitura de Congo anuncia as atra\u00e7\u00f5es da Festa de Santa Ana 2017. A programa\u00e7\u00e3o oficial dos shows que ser\u00e3o realizados nos dias 28 e 29 de julho na Pra\u00e7a Central e contar\u00e1 com shows das bandas Forr\u00f3 Kent, Conde do Forr\u00f3 e Wallas Arrais no dia (28) e no dia (29) Luan Estilizado, Gleydson e Henrique, Farra de Muleke e Bedeu Quirino. O tradicional evento que re\u00fane anualmente pessoas de toda a regi\u00e3o est\u00e1 sendo planejado cuidadosamente pela equipe da Prefeitura e da \u00c1rea Pastoral Santa Ana para garantir conforto e seguran\u00e7a dos participantes. As comemora\u00e7\u00f5es da festa de Santa Ana tem in\u00edcio no dia 21 de julho com uma carreata com a imagem peregrina de Santa Ana, hasteamento da bandeira e a Santa Missa de abertura realizada na Igreja Santa Ana por Pe. Gustavo Ferreira. As festividades se encerram no dia 30 de julho, com uma grandiosa prociss\u00e3o com a imagem de Santa Ana pelas ruas da cidade. Cariri em Destaque Com Ascom\" \/>\n<meta property=\"og:url\" content=\"https:\/\/noticiasemdestaque.com\/cd\/?p=1288\" \/>\n<meta property=\"og:site_name\" content=\"Not&iacute;cias em Destaque\" \/>\n<meta property=\"article:published_time\" content=\"2017-07-04T18:03:12+00:00\" \/>\n<meta property=\"article:modified_time\" content=\"2017-07-04T18:03:52+00:00\" \/>\n<meta property=\"og:image\" content=\"https:\/\/noticiasemdestaque.com\/cd\/wp-content\/uploads\/2017\/07\/19598709_2330192830538204_2131225138489125654_n-1.jpg\" \/>\n\t<meta property=\"og:image:width\" content=\"480\" \/>\n\t<meta property=\"og:image:height\" content=\"480\" \/>\n\t<meta property=\"og:image:type\" content=\"image\/jpeg\" \/>\n<meta name=\"author\" content=\"Not\u00edcias em Destaque\" \/>\n<meta name=\"twitter:card\" content=\"summary_large_image\" \/>\n<meta name=\"twitter:label1\" content=\"Escrito por\" \/>\n\t<meta name=\"twitter:data1\" content=\"Not\u00edcias em Destaque\" \/>\n\t<meta name=\"twitter:label2\" content=\"Est. tempo de leitura\" \/>\n\t<meta name=\"twitter:data2\" content=\"1 minuto\" \/>\n<script type=\"application\/ld+json\" class=\"yoast-schema-graph\">{\"@context\":\"https:\/\/schema.org\",\"@graph\":[{\"@type\":\"Article\",\"@id\":\"https:\/\/noticiasemdestaque.com\/cd\/?p=1288#article\",\"isPartOf\":{\"@id\":\"https:\/\/noticiasemdestaque.com\/cd\/?p=1288\"},\"author\":{\"name\":\"Not\u00edcias em Destaque\",\"@id\":\"https:\/\/noticiasemdestaque.com\/cd\/#\/schema\/person\/47f7d4f55eec17c6b2ca036c5500f6ce\"},\"headline\":\"Prefeitura de Congo divulga programa\u00e7\u00e3o da tradicional Festa de Santa Ana 2017\",\"datePublished\":\"2017-07-04T18:03:12+00:00\",\"dateModified\":\"2017-07-04T18:03:52+00:00\",\"mainEntityOfPage\":{\"@id\":\"https:\/\/noticiasemdestaque.com\/cd\/?p=1288\"},\"wordCount\":180,\"publisher\":{\"@id\":\"https:\/\/noticiasemdestaque.com\/cd\/#organization\"},\"image\":{\"@id\":\"https:\/\/noticiasemdestaque.com\/cd\/?p=1288#primaryimage\"},\"thumbnailUrl\":\"https:\/\/noticiasemdestaque.com\/cd\/wp-content\/uploads\/2017\/07\/19598709_2330192830538204_2131225138489125654_n-1.jpg\",\"articleSection\":[\"Pol\u00edtica\"],\"inLanguage\":\"pt-BR\"},{\"@type\":\"WebPage\",\"@id\":\"https:\/\/noticiasemdestaque.com\/cd\/?p=1288\",\"url\":\"https:\/\/noticiasemdestaque.com\/cd\/?p=1288\",\"name\":\"Prefeitura de Congo divulga programa\u00e7\u00e3o da tradicional Festa de Santa Ana 2017 - Not&iacute;cias em Destaque\",\"isPartOf\":{\"@id\":\"https:\/\/noticiasemdestaque.com\/cd\/#website\"},\"primaryImageOfPage\":{\"@id\":\"https:\/\/noticiasemdestaque.com\/cd\/?p=1288#primaryimage\"},\"image\":{\"@id\":\"https:\/\/noticiasemdestaque.com\/cd\/?p=1288#primaryimage\"},\"thumbnailUrl\":\"https:\/\/noticiasemdestaque.com\/cd\/wp-content\/uploads\/2017\/07\/19598709_2330192830538204_2131225138489125654_n-1.jpg\",\"datePublished\":\"2017-07-04T18:03:12+00:00\",\"dateModified\":\"2017-07-04T18:03:52+00:00\",\"breadcrumb\":{\"@id\":\"https:\/\/noticiasemdestaque.com\/cd\/?p=1288#breadcrumb\"},\"inLanguage\":\"pt-BR\",\"potentialAction\":[{\"@type\":\"ReadAction\",\"target\":[\"https:\/\/noticiasemdestaque.com\/cd\/?p=1288\"]}]},{\"@type\":\"ImageObject\",\"inLanguage\":\"pt-BR\",\"@id\":\"https:\/\/noticiasemdestaque.com\/cd\/?p=1288#primaryimage\",\"url\":\"https:\/\/noticiasemdestaque.com\/cd\/wp-content\/uploads\/2017\/07\/19598709_2330192830538204_2131225138489125654_n-1.jpg\",\"contentUrl\":\"https:\/\/noticiasemdestaque.com\/cd\/wp-content\/uploads\/2017\/07\/19598709_2330192830538204_2131225138489125654_n-1.jpg\",\"width\":480,\"height\":480},{\"@type\":\"BreadcrumbList\",\"@id\":\"https:\/\/noticiasemdestaque.com\/cd\/?p=1288#breadcrumb\",\"itemListElement\":[{\"@type\":\"ListItem\",\"position\":1,\"name\":\"In\u00edcio\",\"item\":\"https:\/\/noticiasemdestaque.com\/cd\/\"},{\"@type\":\"ListItem\",\"position\":2,\"name\":\"Prefeitura de Congo divulga programa\u00e7\u00e3o da tradicional Festa de Santa Ana 2017\"}]},{\"@type\":\"WebSite\",\"@id\":\"https:\/\/noticiasemdestaque.com\/cd\/#website\",\"url\":\"https:\/\/noticiasemdestaque.com\/cd\/\",\"name\":\"Not&iacute;cias em Destaque\",\"description\":\"\",\"publisher\":{\"@id\":\"https:\/\/noticiasemdestaque.com\/cd\/#organization\"},\"potentialAction\":[{\"@type\":\"SearchAction\",\"target\":{\"@type\":\"EntryPoint\",\"urlTemplate\":\"https:\/\/noticiasemdestaque.com\/cd\/?s={search_term_string}\"},\"query-input\":{\"@type\":\"PropertyValueSpecification\",\"valueRequired\":true,\"valueName\":\"search_term_string\"}}],\"inLanguage\":\"pt-BR\"},{\"@type\":\"Organization\",\"@id\":\"https:\/\/noticiasemdestaque.com\/cd\/#organization\",\"name\":\"Not\u00edcias em Destaque\",\"url\":\"https:\/\/noticiasemdestaque.com\/cd\/\",\"logo\":{\"@type\":\"ImageObject\",\"inLanguage\":\"pt-BR\",\"@id\":\"https:\/\/noticiasemdestaque.com\/cd\/#\/schema\/logo\/image\/\",\"url\":\"https:\/\/noticiasemdestaque.com\/cd\/wp-content\/uploads\/2022\/05\/imagem-base-noticiasemdestaque.png\",\"contentUrl\":\"https:\/\/noticiasemdestaque.com\/cd\/wp-content\/uploads\/2022\/05\/imagem-base-noticiasemdestaque.png\",\"width\":1200,\"height\":630,\"caption\":\"Not\u00edcias em Destaque\"},\"image\":{\"@id\":\"https:\/\/noticiasemdestaque.com\/cd\/#\/schema\/logo\/image\/\"}},{\"@type\":\"Person\",\"@id\":\"https:\/\/noticiasemdestaque.com\/cd\/#\/schema\/person\/47f7d4f55eec17c6b2ca036c5500f6ce\",\"name\":\"Not\u00edcias em Destaque\",\"url\":\"https:\/\/noticiasemdestaque.com\/cd\/?author=2\"}]}<\/script>\n<!-- \/ Yoast SEO plugin. -->","yoast_head_json":{"title":"Prefeitura de Congo divulga programa\u00e7\u00e3o da tradicional Festa de Santa Ana 2017 - Not&iacute;cias em Destaque","robots":{"index":"index","follow":"follow","max-snippet":"max-snippet:-1","max-image-preview":"max-image-preview:large","max-video-preview":"max-video-preview:-1"},"canonical":"https:\/\/noticiasemdestaque.com\/cd\/?p=1288","og_locale":"pt_BR","og_type":"article","og_title":"Prefeitura de Congo divulga programa\u00e7\u00e3o da tradicional Festa de Santa Ana 2017 - Not&iacute;cias em Destaque","og_description":"A Prefeitura de Congo anuncia as atra\u00e7\u00f5es da Festa de Santa Ana 2017. A programa\u00e7\u00e3o oficial dos shows que ser\u00e3o realizados nos dias 28 e 29 de julho na Pra\u00e7a Central e contar\u00e1 com shows das bandas Forr\u00f3 Kent, Conde do Forr\u00f3 e Wallas Arrais no dia (28) e no dia (29) Luan Estilizado, Gleydson e Henrique, Farra de Muleke e Bedeu Quirino. O tradicional evento que re\u00fane anualmente pessoas de toda a regi\u00e3o est\u00e1 sendo planejado cuidadosamente pela equipe da Prefeitura e da \u00c1rea Pastoral Santa Ana para garantir conforto e seguran\u00e7a dos participantes. As comemora\u00e7\u00f5es da festa de Santa Ana tem in\u00edcio no dia 21 de julho com uma carreata com a imagem peregrina de Santa Ana, hasteamento da bandeira e a Santa Missa de abertura realizada na Igreja Santa Ana por Pe. Gustavo Ferreira. As festividades se encerram no dia 30 de julho, com uma grandiosa prociss\u00e3o com a imagem de Santa Ana pelas ruas da cidade. Cariri em Destaque Com Ascom","og_url":"https:\/\/noticiasemdestaque.com\/cd\/?p=1288","og_site_name":"Not&iacute;cias em Destaque","article_published_time":"2017-07-04T18:03:12+00:00","article_modified_time":"2017-07-04T18:03:52+00:00","og_image":[{"width":480,"height":480,"url":"https:\/\/noticiasemdestaque.com\/cd\/wp-content\/uploads\/2017\/07\/19598709_2330192830538204_2131225138489125654_n-1.jpg","type":"image\/jpeg"}],"author":"Not\u00edcias em Destaque","twitter_card":"summary_large_image","twitter_misc":{"Escrito por":"Not\u00edcias em Destaque","Est. tempo de leitura":"1 minuto"},"schema":{"@context":"https:\/\/schema.org","@graph":[{"@type":"Article","@id":"https:\/\/noticiasemdestaque.com\/cd\/?p=1288#article","isPartOf":{"@id":"https:\/\/noticiasemdestaque.com\/cd\/?p=1288"},"author":{"name":"Not\u00edcias em Destaque","@id":"https:\/\/noticiasemdestaque.com\/cd\/#\/schema\/person\/47f7d4f55eec17c6b2ca036c5500f6ce"},"headline":"Prefeitura de Congo divulga programa\u00e7\u00e3o da tradicional Festa de Santa Ana 2017","datePublished":"2017-07-04T18:03:12+00:00","dateModified":"2017-07-04T18:03:52+00:00","mainEntityOfPage":{"@id":"https:\/\/noticiasemdestaque.com\/cd\/?p=1288"},"wordCount":180,"publisher":{"@id":"https:\/\/noticiasemdestaque.com\/cd\/#organization"},"image":{"@id":"https:\/\/noticiasemdestaque.com\/cd\/?p=1288#primaryimage"},"thumbnailUrl":"https:\/\/noticiasemdestaque.com\/cd\/wp-content\/uploads\/2017\/07\/19598709_2330192830538204_2131225138489125654_n-1.jpg","articleSection":["Pol\u00edtica"],"inLanguage":"pt-BR"},{"@type":"WebPage","@id":"https:\/\/noticiasemdestaque.com\/cd\/?p=1288","url":"https:\/\/noticiasemdestaque.com\/cd\/?p=1288","name":"Prefeitura de Congo divulga programa\u00e7\u00e3o da tradicional Festa de Santa Ana 2017 - Not&iacute;cias em Destaque","isPartOf":{"@id":"https:\/\/noticiasemdestaque.com\/cd\/#website"},"primaryImageOfPage":{"@id":"https:\/\/noticiasemdestaque.com\/cd\/?p=1288#primaryimage"},"image":{"@id":"https:\/\/noticiasemdestaque.com\/cd\/?p=1288#primaryimage"},"thumbnailUrl":"https:\/\/noticiasemdestaque.com\/cd\/wp-content\/uploads\/2017\/07\/19598709_2330192830538204_2131225138489125654_n-1.jpg","datePublished":"2017-07-04T18:03:12+00:00","dateModified":"2017-07-04T18:03:52+00:00","breadcrumb":{"@id":"https:\/\/noticiasemdestaque.com\/cd\/?p=1288#breadcrumb"},"inLanguage":"pt-BR","potentialAction":[{"@type":"ReadAction","target":["https:\/\/noticiasemdestaque.com\/cd\/?p=1288"]}]},{"@type":"ImageObject","inLanguage":"pt-BR","@id":"https:\/\/noticiasemdestaque.com\/cd\/?p=1288#primaryimage","url":"https:\/\/noticiasemdestaque.com\/cd\/wp-content\/uploads\/2017\/07\/19598709_2330192830538204_2131225138489125654_n-1.jpg","contentUrl":"https:\/\/noticiasemdestaque.com\/cd\/wp-content\/uploads\/2017\/07\/19598709_2330192830538204_2131225138489125654_n-1.jpg","width":480,"height":480},{"@type":"BreadcrumbList","@id":"https:\/\/noticiasemdestaque.com\/cd\/?p=1288#breadcrumb","itemListElement":[{"@type":"ListItem","position":1,"name":"In\u00edcio","item":"https:\/\/noticiasemdestaque.com\/cd\/"},{"@type":"ListItem","position":2,"name":"Prefeitura de Congo divulga programa\u00e7\u00e3o da tradicional Festa de Santa Ana 2017"}]},{"@type":"WebSite","@id":"https:\/\/noticiasemdestaque.com\/cd\/#website","url":"https:\/\/noticiasemdestaque.com\/cd\/","name":"Not&iacute;cias em Destaque","description":"","publisher":{"@id":"https:\/\/noticiasemdestaque.com\/cd\/#organization"},"potentialAction":[{"@type":"SearchAction","target":{"@type":"EntryPoint","urlTemplate":"https:\/\/noticiasemdestaque.com\/cd\/?s={search_term_string}"},"query-input":{"@type":"PropertyValueSpecification","valueRequired":true,"valueName":"search_term_string"}}],"inLanguage":"pt-BR"},{"@type":"Organization","@id":"https:\/\/noticiasemdestaque.com\/cd\/#organization","name":"Not\u00edcias em Destaque","url":"https:\/\/noticiasemdestaque.com\/cd\/","logo":{"@type":"ImageObject","inLanguage":"pt-BR","@id":"https:\/\/noticiasemdestaque.com\/cd\/#\/schema\/logo\/image\/","url":"https:\/\/noticiasemdestaque.com\/cd\/wp-content\/uploads\/2022\/05\/imagem-base-noticiasemdestaque.png","contentUrl":"https:\/\/noticiasemdestaque.com\/cd\/wp-content\/uploads\/2022\/05\/imagem-base-noticiasemdestaque.png","width":1200,"height":630,"caption":"Not\u00edcias em Destaque"},"image":{"@id":"https:\/\/noticiasemdestaque.com\/cd\/#\/schema\/logo\/image\/"}},{"@type":"Person","@id":"https:\/\/noticiasemdestaque.com\/cd\/#\/schema\/person\/47f7d4f55eec17c6b2ca036c5500f6ce","name":"Not\u00edcias em Destaque","url":"https:\/\/noticiasemdestaque.com\/cd\/?author=2"}]}},"jetpack_featured_media_url":"https:\/\/noticiasemdestaque.com\/cd\/wp-content\/uploads\/2017\/07\/19598709_2330192830538204_2131225138489125654_n-1.jpg","jetpack_sharing_enabled":true,"_links":{"self":[{"href":"https:\/\/noticiasemdestaque.com\/cd\/index.php?rest_route=\/wp\/v2\/posts\/1288","targetHints":{"allow":["GET"]}}],"collection":[{"href":"https:\/\/noticiasemdestaque.com\/cd\/index.php?rest_route=\/wp\/v2\/posts"}],"about":[{"href":"https:\/\/noticiasemdestaque.com\/cd\/index.php?rest_route=\/wp\/v2\/types\/post"}],"author":[{"embeddable":true,"href":"https:\/\/noticiasemdestaque.com\/cd\/index.php?rest_route=\/wp\/v2\/users\/2"}],"replies":[{"embeddable":true,"href":"https:\/\/noticiasemdestaque.com\/cd\/index.php?rest_route=%2Fwp%2Fv2%2Fcomments&post=1288"}],"version-history":[{"count":2,"href":"https:\/\/noticiasemdestaque.com\/cd\/index.php?rest_route=\/wp\/v2\/posts\/1288\/revisions"}],"predecessor-version":[{"id":1293,"href":"https:\/\/noticiasemdestaque.com\/cd\/index.php?rest_route=\/wp\/v2\/posts\/1288\/revisions\/1293"}],"wp:featuredmedia":[{"embeddable":true,"href":"https:\/\/noticiasemdestaque.com\/cd\/index.php?rest_route=\/wp\/v2\/media\/1290"}],"wp:attachment":[{"href":"https:\/\/noticiasemdestaque.com\/cd\/index.php?rest_route=%2Fwp%2Fv2%2Fmedia&parent=1288"}],"wp:term":[{"taxonomy":"category","embeddable":true,"href":"https:\/\/noticiasemdestaque.com\/cd\/index.php?rest_route=%2Fwp%2Fv2%2Fcategories&post=1288"},{"taxonomy":"post_tag","embeddable":true,"href":"https:\/\/noticiasemdestaque.com\/cd\/index.php?rest_route=%2Fwp%2Fv2%2Ftags&post=1288"}],"curies":[{"name":"wp","href":"https:\/\/api.w.org\/{rel}","templated":true}]}}