{"id":1284,"date":"2017-07-04T14:57:16","date_gmt":"2017-07-04T17:57:16","guid":{"rendered":"http:\/\/caririemdestaque.com\/cd\/?p=1284"},"modified":"2017-07-04T14:57:16","modified_gmt":"2017-07-04T17:57:16","slug":"vice-presidente-do-senado-cre-que-denuncia-contra-temer-sera-autorizada-na-camara","status":"publish","type":"post","link":"https:\/\/noticiasemdestaque.com\/cd\/?p=1284","title":{"rendered":"Vice-presidente do Senado cr\u00ea que den\u00fancia contra Temer ser\u00e1 autorizada na C\u00e2mara"},"content":{"rendered":"<p><a href=\"http:\/\/caririemdestaque.com\/cd\/wp-content\/uploads\/2017\/07\/CASSIO-SENADO-01.jpg\"><img fetchpriority=\"high\" decoding=\"async\" class=\"size-medium wp-image-1285 alignleft\" src=\"http:\/\/caririemdestaque.com\/cd\/wp-content\/uploads\/2017\/07\/CASSIO-SENADO-01-300x225.jpg\" alt=\"\" width=\"300\" height=\"225\" srcset=\"https:\/\/noticiasemdestaque.com\/cd\/wp-content\/uploads\/2017\/07\/CASSIO-SENADO-01-300x225.jpg 300w, https:\/\/noticiasemdestaque.com\/cd\/wp-content\/uploads\/2017\/07\/CASSIO-SENADO-01-768x576.jpg 768w, https:\/\/noticiasemdestaque.com\/cd\/wp-content\/uploads\/2017\/07\/CASSIO-SENADO-01-640x480.jpg 640w, https:\/\/noticiasemdestaque.com\/cd\/wp-content\/uploads\/2017\/07\/CASSIO-SENADO-01.jpg 800w\" sizes=\"(max-width: 300px) 100vw, 300px\" \/><\/a>O vice-presidente do Senado, C\u00e1ssio Cunha Lima, do PSDB-PB, em entrevista nessa segunda-feira, 3, culpou o PT, em especial a ex-presidente Dilma Rousseff, pela crise pol\u00edtica nacional.<\/p>\n<p>C\u00e1ssio disse que, mesmo se o atual presidente, Michel Temer (PMDB), fosse muito irrespons\u00e1vel e incapaz, ele n\u00e3o iria criar, em apenas um ano de governo, o caos pol\u00edtico que o pa\u00eds passa.<\/p>\n<p>O senador disse que no governo da petista \u00e9 que aconteceu este \u201cdesarranjo, fruto de um projeto de poder que criou uma organiza\u00e7\u00e3o criminosa de pr\u00e1tica desenfreada da corrup\u00e7\u00e3o\u201d.<\/p>\n<p>\u2013 Os problemas do pa\u00eds remontam de longa data, notadamente no mandato da presidente Dilma. Ela empurrou a economia brasileira para uma verdadeira trag\u00e9dia e hoje temos mais de 16 milh\u00f5es de desempregados, infla\u00e7\u00e3o alta e o ambiente de grande recess\u00e3o. Temer recebeu uma heran\u00e7a maldita \u2013 falou.<\/p>\n<p>Com rela\u00e7\u00e3o \u00e0s den\u00fancias do procurador-geral da Rep\u00fablica, Rodrigo Janot, contra o presidente, C\u00e1ssio disse que acredita que a C\u00e2mara dos Deputados tende a autorizar a abertura do processo de julgamento, pois a press\u00e3o neste sentido ser\u00e1 muito grande<\/p>\n<p><em><strong>Cariri em Destaque<\/strong><\/em><\/p>\n<p>Com EBC<\/p>\n","protected":false},"excerpt":{"rendered":"<p>O vice-presidente do Senado, C\u00e1ssio Cunha Lima, do PSDB-PB, em entrevista nessa segunda-feira, 3, culpou o PT, em especial a ex-presidente Dilma Rousseff, pela crise pol\u00edtica nacional. C\u00e1ssio disse que, mesmo se o atual presidente, Michel Temer (PMDB), fosse muito irrespons\u00e1vel e incapaz, ele n\u00e3o iria criar, em apenas um ano de governo, o caos pol\u00edtico que o pa\u00eds passa. O senador disse que no governo da petista \u00e9 que aconteceu este \u201cdesarranjo, fruto de um projeto de poder que criou uma organiza\u00e7\u00e3o criminosa de pr\u00e1tica desenfreada da corrup\u00e7\u00e3o\u201d. \u2013 Os problemas do pa\u00eds remontam de longa data, notadamente no mandato da presidente Dilma. Ela empurrou a economia brasileira para uma verdadeira trag\u00e9dia e hoje temos mais de 16 milh\u00f5es de desempregados, infla\u00e7\u00e3o alta e o ambiente de grande recess\u00e3o. Temer recebeu uma heran\u00e7a maldita \u2013 falou. Com rela\u00e7\u00e3o \u00e0s den\u00fancias do procurador-geral da Rep\u00fablica, Rodrigo Janot, contra o presidente, C\u00e1ssio disse que acredita que a C\u00e2mara dos Deputados tende a autorizar a abertura do processo de julgamento, pois a press\u00e3o neste sentido ser\u00e1 muito grande Cariri em Destaque Com EBC<\/p>\n","protected":false},"author":2,"featured_media":1285,"comment_status":"closed","ping_status":"open","sticky":false,"template":"","format":"standard","meta":{"_eb_attr":"","_jetpack_memberships_contains_paid_content":false,"footnotes":""},"categories":[4],"tags":[],"class_list":["post-1284","post","type-post","status-publish","format-standard","has-post-thumbnail","hentry","category-politica"],"yoast_head":"<!-- This site is optimized with the Yoast SEO plugin v26.5 - https:\/\/yoast.com\/wordpress\/plugins\/seo\/ -->\n<title>Vice-presidente do Senado cr\u00ea que den\u00fancia contra Temer ser\u00e1 autorizada na C\u00e2mara - Not&iacute;cias em Destaque<\/title>\n<meta name=\"robots\" content=\"index, follow, max-snippet:-1, max-image-preview:large, max-video-preview:-1\" \/>\n<link rel=\"canonical\" href=\"https:\/\/noticiasemdestaque.com\/cd\/?p=1284\" \/>\n<meta property=\"og:locale\" content=\"pt_BR\" \/>\n<meta property=\"og:type\" content=\"article\" \/>\n<meta property=\"og:title\" content=\"Vice-presidente do Senado cr\u00ea que den\u00fancia contra Temer ser\u00e1 autorizada na C\u00e2mara - Not&iacute;cias em Destaque\" \/>\n<meta property=\"og:description\" content=\"O vice-presidente do Senado, C\u00e1ssio Cunha Lima, do PSDB-PB, em entrevista nessa segunda-feira, 3, culpou o PT, em especial a ex-presidente Dilma Rousseff, pela crise pol\u00edtica nacional. C\u00e1ssio disse que, mesmo se o atual presidente, Michel Temer (PMDB), fosse muito irrespons\u00e1vel e incapaz, ele n\u00e3o iria criar, em apenas um ano de governo, o caos pol\u00edtico que o pa\u00eds passa. O senador disse que no governo da petista \u00e9 que aconteceu este \u201cdesarranjo, fruto de um projeto de poder que criou uma organiza\u00e7\u00e3o criminosa de pr\u00e1tica desenfreada da corrup\u00e7\u00e3o\u201d. \u2013 Os problemas do pa\u00eds remontam de longa data, notadamente no mandato da presidente Dilma. Ela empurrou a economia brasileira para uma verdadeira trag\u00e9dia e hoje temos mais de 16 milh\u00f5es de desempregados, infla\u00e7\u00e3o alta e o ambiente de grande recess\u00e3o. Temer recebeu uma heran\u00e7a maldita \u2013 falou. Com rela\u00e7\u00e3o \u00e0s den\u00fancias do procurador-geral da Rep\u00fablica, Rodrigo Janot, contra o presidente, C\u00e1ssio disse que acredita que a C\u00e2mara dos Deputados tende a autorizar a abertura do processo de julgamento, pois a press\u00e3o neste sentido ser\u00e1 muito grande Cariri em Destaque Com EBC\" \/>\n<meta property=\"og:url\" content=\"https:\/\/noticiasemdestaque.com\/cd\/?p=1284\" \/>\n<meta property=\"og:site_name\" content=\"Not&iacute;cias em Destaque\" \/>\n<meta property=\"article:published_time\" content=\"2017-07-04T17:57:16+00:00\" \/>\n<meta property=\"og:image\" content=\"https:\/\/noticiasemdestaque.com\/cd\/wp-content\/uploads\/2017\/07\/CASSIO-SENADO-01.jpg\" \/>\n\t<meta property=\"og:image:width\" content=\"800\" \/>\n\t<meta property=\"og:image:height\" content=\"600\" \/>\n\t<meta property=\"og:image:type\" content=\"image\/jpeg\" \/>\n<meta name=\"author\" content=\"Not\u00edcias em Destaque\" \/>\n<meta name=\"twitter:card\" content=\"summary_large_image\" \/>\n<meta name=\"twitter:label1\" content=\"Escrito por\" \/>\n\t<meta name=\"twitter:data1\" content=\"Not\u00edcias em Destaque\" \/>\n\t<meta name=\"twitter:label2\" content=\"Est. tempo de leitura\" \/>\n\t<meta name=\"twitter:data2\" content=\"1 minuto\" \/>\n<script type=\"application\/ld+json\" class=\"yoast-schema-graph\">{\"@context\":\"https:\/\/schema.org\",\"@graph\":[{\"@type\":\"Article\",\"@id\":\"https:\/\/noticiasemdestaque.com\/cd\/?p=1284#article\",\"isPartOf\":{\"@id\":\"https:\/\/noticiasemdestaque.com\/cd\/?p=1284\"},\"author\":{\"name\":\"Not\u00edcias em Destaque\",\"@id\":\"https:\/\/noticiasemdestaque.com\/cd\/#\/schema\/person\/47f7d4f55eec17c6b2ca036c5500f6ce\"},\"headline\":\"Vice-presidente do Senado cr\u00ea que den\u00fancia contra Temer ser\u00e1 autorizada na C\u00e2mara\",\"datePublished\":\"2017-07-04T17:57:16+00:00\",\"mainEntityOfPage\":{\"@id\":\"https:\/\/noticiasemdestaque.com\/cd\/?p=1284\"},\"wordCount\":212,\"publisher\":{\"@id\":\"https:\/\/noticiasemdestaque.com\/cd\/#organization\"},\"image\":{\"@id\":\"https:\/\/noticiasemdestaque.com\/cd\/?p=1284#primaryimage\"},\"thumbnailUrl\":\"https:\/\/noticiasemdestaque.com\/cd\/wp-content\/uploads\/2017\/07\/CASSIO-SENADO-01.jpg\",\"articleSection\":[\"Pol\u00edtica\"],\"inLanguage\":\"pt-BR\"},{\"@type\":\"WebPage\",\"@id\":\"https:\/\/noticiasemdestaque.com\/cd\/?p=1284\",\"url\":\"https:\/\/noticiasemdestaque.com\/cd\/?p=1284\",\"name\":\"Vice-presidente do Senado cr\u00ea que den\u00fancia contra Temer ser\u00e1 autorizada na C\u00e2mara - Not&iacute;cias em Destaque\",\"isPartOf\":{\"@id\":\"https:\/\/noticiasemdestaque.com\/cd\/#website\"},\"primaryImageOfPage\":{\"@id\":\"https:\/\/noticiasemdestaque.com\/cd\/?p=1284#primaryimage\"},\"image\":{\"@id\":\"https:\/\/noticiasemdestaque.com\/cd\/?p=1284#primaryimage\"},\"thumbnailUrl\":\"https:\/\/noticiasemdestaque.com\/cd\/wp-content\/uploads\/2017\/07\/CASSIO-SENADO-01.jpg\",\"datePublished\":\"2017-07-04T17:57:16+00:00\",\"breadcrumb\":{\"@id\":\"https:\/\/noticiasemdestaque.com\/cd\/?p=1284#breadcrumb\"},\"inLanguage\":\"pt-BR\",\"potentialAction\":[{\"@type\":\"ReadAction\",\"target\":[\"https:\/\/noticiasemdestaque.com\/cd\/?p=1284\"]}]},{\"@type\":\"ImageObject\",\"inLanguage\":\"pt-BR\",\"@id\":\"https:\/\/noticiasemdestaque.com\/cd\/?p=1284#primaryimage\",\"url\":\"https:\/\/noticiasemdestaque.com\/cd\/wp-content\/uploads\/2017\/07\/CASSIO-SENADO-01.jpg\",\"contentUrl\":\"https:\/\/noticiasemdestaque.com\/cd\/wp-content\/uploads\/2017\/07\/CASSIO-SENADO-01.jpg\",\"width\":800,\"height\":600},{\"@type\":\"BreadcrumbList\",\"@id\":\"https:\/\/noticiasemdestaque.com\/cd\/?p=1284#breadcrumb\",\"itemListElement\":[{\"@type\":\"ListItem\",\"position\":1,\"name\":\"In\u00edcio\",\"item\":\"https:\/\/noticiasemdestaque.com\/cd\/\"},{\"@type\":\"ListItem\",\"position\":2,\"name\":\"Vice-presidente do Senado cr\u00ea que den\u00fancia contra Temer ser\u00e1 autorizada na C\u00e2mara\"}]},{\"@type\":\"WebSite\",\"@id\":\"https:\/\/noticiasemdestaque.com\/cd\/#website\",\"url\":\"https:\/\/noticiasemdestaque.com\/cd\/\",\"name\":\"Not&iacute;cias em Destaque\",\"description\":\"\",\"publisher\":{\"@id\":\"https:\/\/noticiasemdestaque.com\/cd\/#organization\"},\"potentialAction\":[{\"@type\":\"SearchAction\",\"target\":{\"@type\":\"EntryPoint\",\"urlTemplate\":\"https:\/\/noticiasemdestaque.com\/cd\/?s={search_term_string}\"},\"query-input\":{\"@type\":\"PropertyValueSpecification\",\"valueRequired\":true,\"valueName\":\"search_term_string\"}}],\"inLanguage\":\"pt-BR\"},{\"@type\":\"Organization\",\"@id\":\"https:\/\/noticiasemdestaque.com\/cd\/#organization\",\"name\":\"Not\u00edcias em Destaque\",\"url\":\"https:\/\/noticiasemdestaque.com\/cd\/\",\"logo\":{\"@type\":\"ImageObject\",\"inLanguage\":\"pt-BR\",\"@id\":\"https:\/\/noticiasemdestaque.com\/cd\/#\/schema\/logo\/image\/\",\"url\":\"https:\/\/noticiasemdestaque.com\/cd\/wp-content\/uploads\/2022\/05\/imagem-base-noticiasemdestaque.png\",\"contentUrl\":\"https:\/\/noticiasemdestaque.com\/cd\/wp-content\/uploads\/2022\/05\/imagem-base-noticiasemdestaque.png\",\"width\":1200,\"height\":630,\"caption\":\"Not\u00edcias em Destaque\"},\"image\":{\"@id\":\"https:\/\/noticiasemdestaque.com\/cd\/#\/schema\/logo\/image\/\"}},{\"@type\":\"Person\",\"@id\":\"https:\/\/noticiasemdestaque.com\/cd\/#\/schema\/person\/47f7d4f55eec17c6b2ca036c5500f6ce\",\"name\":\"Not\u00edcias em Destaque\",\"url\":\"https:\/\/noticiasemdestaque.com\/cd\/?author=2\"}]}<\/script>\n<!-- \/ Yoast SEO plugin. -->","yoast_head_json":{"title":"Vice-presidente do Senado cr\u00ea que den\u00fancia contra Temer ser\u00e1 autorizada na C\u00e2mara - Not&iacute;cias em Destaque","robots":{"index":"index","follow":"follow","max-snippet":"max-snippet:-1","max-image-preview":"max-image-preview:large","max-video-preview":"max-video-preview:-1"},"canonical":"https:\/\/noticiasemdestaque.com\/cd\/?p=1284","og_locale":"pt_BR","og_type":"article","og_title":"Vice-presidente do Senado cr\u00ea que den\u00fancia contra Temer ser\u00e1 autorizada na C\u00e2mara - Not&iacute;cias em Destaque","og_description":"O vice-presidente do Senado, C\u00e1ssio Cunha Lima, do PSDB-PB, em entrevista nessa segunda-feira, 3, culpou o PT, em especial a ex-presidente Dilma Rousseff, pela crise pol\u00edtica nacional. C\u00e1ssio disse que, mesmo se o atual presidente, Michel Temer (PMDB), fosse muito irrespons\u00e1vel e incapaz, ele n\u00e3o iria criar, em apenas um ano de governo, o caos pol\u00edtico que o pa\u00eds passa. O senador disse que no governo da petista \u00e9 que aconteceu este \u201cdesarranjo, fruto de um projeto de poder que criou uma organiza\u00e7\u00e3o criminosa de pr\u00e1tica desenfreada da corrup\u00e7\u00e3o\u201d. \u2013 Os problemas do pa\u00eds remontam de longa data, notadamente no mandato da presidente Dilma. Ela empurrou a economia brasileira para uma verdadeira trag\u00e9dia e hoje temos mais de 16 milh\u00f5es de desempregados, infla\u00e7\u00e3o alta e o ambiente de grande recess\u00e3o. Temer recebeu uma heran\u00e7a maldita \u2013 falou. Com rela\u00e7\u00e3o \u00e0s den\u00fancias do procurador-geral da Rep\u00fablica, Rodrigo Janot, contra o presidente, C\u00e1ssio disse que acredita que a C\u00e2mara dos Deputados tende a autorizar a abertura do processo de julgamento, pois a press\u00e3o neste sentido ser\u00e1 muito grande Cariri em Destaque Com EBC","og_url":"https:\/\/noticiasemdestaque.com\/cd\/?p=1284","og_site_name":"Not&iacute;cias em Destaque","article_published_time":"2017-07-04T17:57:16+00:00","og_image":[{"width":800,"height":600,"url":"https:\/\/noticiasemdestaque.com\/cd\/wp-content\/uploads\/2017\/07\/CASSIO-SENADO-01.jpg","type":"image\/jpeg"}],"author":"Not\u00edcias em Destaque","twitter_card":"summary_large_image","twitter_misc":{"Escrito por":"Not\u00edcias em Destaque","Est. tempo de leitura":"1 minuto"},"schema":{"@context":"https:\/\/schema.org","@graph":[{"@type":"Article","@id":"https:\/\/noticiasemdestaque.com\/cd\/?p=1284#article","isPartOf":{"@id":"https:\/\/noticiasemdestaque.com\/cd\/?p=1284"},"author":{"name":"Not\u00edcias em Destaque","@id":"https:\/\/noticiasemdestaque.com\/cd\/#\/schema\/person\/47f7d4f55eec17c6b2ca036c5500f6ce"},"headline":"Vice-presidente do Senado cr\u00ea que den\u00fancia contra Temer ser\u00e1 autorizada na C\u00e2mara","datePublished":"2017-07-04T17:57:16+00:00","mainEntityOfPage":{"@id":"https:\/\/noticiasemdestaque.com\/cd\/?p=1284"},"wordCount":212,"publisher":{"@id":"https:\/\/noticiasemdestaque.com\/cd\/#organization"},"image":{"@id":"https:\/\/noticiasemdestaque.com\/cd\/?p=1284#primaryimage"},"thumbnailUrl":"https:\/\/noticiasemdestaque.com\/cd\/wp-content\/uploads\/2017\/07\/CASSIO-SENADO-01.jpg","articleSection":["Pol\u00edtica"],"inLanguage":"pt-BR"},{"@type":"WebPage","@id":"https:\/\/noticiasemdestaque.com\/cd\/?p=1284","url":"https:\/\/noticiasemdestaque.com\/cd\/?p=1284","name":"Vice-presidente do Senado cr\u00ea que den\u00fancia contra Temer ser\u00e1 autorizada na C\u00e2mara - Not&iacute;cias em Destaque","isPartOf":{"@id":"https:\/\/noticiasemdestaque.com\/cd\/#website"},"primaryImageOfPage":{"@id":"https:\/\/noticiasemdestaque.com\/cd\/?p=1284#primaryimage"},"image":{"@id":"https:\/\/noticiasemdestaque.com\/cd\/?p=1284#primaryimage"},"thumbnailUrl":"https:\/\/noticiasemdestaque.com\/cd\/wp-content\/uploads\/2017\/07\/CASSIO-SENADO-01.jpg","datePublished":"2017-07-04T17:57:16+00:00","breadcrumb":{"@id":"https:\/\/noticiasemdestaque.com\/cd\/?p=1284#breadcrumb"},"inLanguage":"pt-BR","potentialAction":[{"@type":"ReadAction","target":["https:\/\/noticiasemdestaque.com\/cd\/?p=1284"]}]},{"@type":"ImageObject","inLanguage":"pt-BR","@id":"https:\/\/noticiasemdestaque.com\/cd\/?p=1284#primaryimage","url":"https:\/\/noticiasemdestaque.com\/cd\/wp-content\/uploads\/2017\/07\/CASSIO-SENADO-01.jpg","contentUrl":"https:\/\/noticiasemdestaque.com\/cd\/wp-content\/uploads\/2017\/07\/CASSIO-SENADO-01.jpg","width":800,"height":600},{"@type":"BreadcrumbList","@id":"https:\/\/noticiasemdestaque.com\/cd\/?p=1284#breadcrumb","itemListElement":[{"@type":"ListItem","position":1,"name":"In\u00edcio","item":"https:\/\/noticiasemdestaque.com\/cd\/"},{"@type":"ListItem","position":2,"name":"Vice-presidente do Senado cr\u00ea que den\u00fancia contra Temer ser\u00e1 autorizada na C\u00e2mara"}]},{"@type":"WebSite","@id":"https:\/\/noticiasemdestaque.com\/cd\/#website","url":"https:\/\/noticiasemdestaque.com\/cd\/","name":"Not&iacute;cias em Destaque","description":"","publisher":{"@id":"https:\/\/noticiasemdestaque.com\/cd\/#organization"},"potentialAction":[{"@type":"SearchAction","target":{"@type":"EntryPoint","urlTemplate":"https:\/\/noticiasemdestaque.com\/cd\/?s={search_term_string}"},"query-input":{"@type":"PropertyValueSpecification","valueRequired":true,"valueName":"search_term_string"}}],"inLanguage":"pt-BR"},{"@type":"Organization","@id":"https:\/\/noticiasemdestaque.com\/cd\/#organization","name":"Not\u00edcias em Destaque","url":"https:\/\/noticiasemdestaque.com\/cd\/","logo":{"@type":"ImageObject","inLanguage":"pt-BR","@id":"https:\/\/noticiasemdestaque.com\/cd\/#\/schema\/logo\/image\/","url":"https:\/\/noticiasemdestaque.com\/cd\/wp-content\/uploads\/2022\/05\/imagem-base-noticiasemdestaque.png","contentUrl":"https:\/\/noticiasemdestaque.com\/cd\/wp-content\/uploads\/2022\/05\/imagem-base-noticiasemdestaque.png","width":1200,"height":630,"caption":"Not\u00edcias em Destaque"},"image":{"@id":"https:\/\/noticiasemdestaque.com\/cd\/#\/schema\/logo\/image\/"}},{"@type":"Person","@id":"https:\/\/noticiasemdestaque.com\/cd\/#\/schema\/person\/47f7d4f55eec17c6b2ca036c5500f6ce","name":"Not\u00edcias em Destaque","url":"https:\/\/noticiasemdestaque.com\/cd\/?author=2"}]}},"jetpack_featured_media_url":"https:\/\/noticiasemdestaque.com\/cd\/wp-content\/uploads\/2017\/07\/CASSIO-SENADO-01.jpg","jetpack_sharing_enabled":true,"_links":{"self":[{"href":"https:\/\/noticiasemdestaque.com\/cd\/index.php?rest_route=\/wp\/v2\/posts\/1284","targetHints":{"allow":["GET"]}}],"collection":[{"href":"https:\/\/noticiasemdestaque.com\/cd\/index.php?rest_route=\/wp\/v2\/posts"}],"about":[{"href":"https:\/\/noticiasemdestaque.com\/cd\/index.php?rest_route=\/wp\/v2\/types\/post"}],"author":[{"embeddable":true,"href":"https:\/\/noticiasemdestaque.com\/cd\/index.php?rest_route=\/wp\/v2\/users\/2"}],"replies":[{"embeddable":true,"href":"https:\/\/noticiasemdestaque.com\/cd\/index.php?rest_route=%2Fwp%2Fv2%2Fcomments&post=1284"}],"version-history":[{"count":1,"href":"https:\/\/noticiasemdestaque.com\/cd\/index.php?rest_route=\/wp\/v2\/posts\/1284\/revisions"}],"predecessor-version":[{"id":1286,"href":"https:\/\/noticiasemdestaque.com\/cd\/index.php?rest_route=\/wp\/v2\/posts\/1284\/revisions\/1286"}],"wp:featuredmedia":[{"embeddable":true,"href":"https:\/\/noticiasemdestaque.com\/cd\/index.php?rest_route=\/wp\/v2\/media\/1285"}],"wp:attachment":[{"href":"https:\/\/noticiasemdestaque.com\/cd\/index.php?rest_route=%2Fwp%2Fv2%2Fmedia&parent=1284"}],"wp:term":[{"taxonomy":"category","embeddable":true,"href":"https:\/\/noticiasemdestaque.com\/cd\/index.php?rest_route=%2Fwp%2Fv2%2Fcategories&post=1284"},{"taxonomy":"post_tag","embeddable":true,"href":"https:\/\/noticiasemdestaque.com\/cd\/index.php?rest_route=%2Fwp%2Fv2%2Ftags&post=1284"}],"curies":[{"name":"wp","href":"https:\/\/api.w.org\/{rel}","templated":true}]}}