{"id":1281,"date":"2017-07-04T14:50:16","date_gmt":"2017-07-04T17:50:16","guid":{"rendered":"http:\/\/caririemdestaque.com\/cd\/?p=1281"},"modified":"2017-07-04T14:50:16","modified_gmt":"2017-07-04T17:50:16","slug":"morte-por-raiva-humana-e-confirmada-em-recife","status":"publish","type":"post","link":"https:\/\/noticiasemdestaque.com\/cd\/?p=1281","title":{"rendered":"Morte por raiva humana \u00e9 confirmada em Recife"},"content":{"rendered":"<p><a href=\"http:\/\/caririemdestaque.com\/cd\/wp-content\/uploads\/2017\/07\/morte-por-raiva-humana-e-confirmada-em-recife1499178806.png\"><img fetchpriority=\"high\" decoding=\"async\" class=\"size-medium wp-image-1282 alignleft\" src=\"http:\/\/caririemdestaque.com\/cd\/wp-content\/uploads\/2017\/07\/morte-por-raiva-humana-e-confirmada-em-recife1499178806-300x200.png\" alt=\"\" width=\"300\" height=\"200\" srcset=\"https:\/\/noticiasemdestaque.com\/cd\/wp-content\/uploads\/2017\/07\/morte-por-raiva-humana-e-confirmada-em-recife1499178806-300x200.png 300w, https:\/\/noticiasemdestaque.com\/cd\/wp-content\/uploads\/2017\/07\/morte-por-raiva-humana-e-confirmada-em-recife1499178806-480x320.png 480w, https:\/\/noticiasemdestaque.com\/cd\/wp-content\/uploads\/2017\/07\/morte-por-raiva-humana-e-confirmada-em-recife1499178806.png 680w\" sizes=\"(max-width: 300px) 100vw, 300px\" \/><\/a>Recife confirmou o primeiro caso de raiva humana em 19 anos, de acordo com Jurandir Almeida, gerente de Vigil\u00e2ncia Ambiental e Controle de Zoonoses da Secretaria da Sa\u00fade de Recife.<\/p>\n<p>Adriana Vicente da Silva, de 36 anos, morreu na \u00faltima quinta-feira, no Hospital Universit\u00e1rio Oswaldo Cruz (Huoc), mas o resultado do exame realizado pela Instituto Pasteur, de S\u00e3o Paulo, que confirmou a causa do \u00f3bito, foi divulgado somente nesta segunda-feira.<\/p>\n<p>O laudo do exame mostrou que o v\u00edrus encontrado em Adriana \u00e9 de origem silvestre (cepa 3), proveniente de um morcego hemat\u00f3fago (que se alimenta de sangue). Jurandir acredita que o gato que transmitiu a doen\u00e7a para a mulher tenha entrado em contato com um morcego contaminado.<\/p>\n<p>\u201cH\u00e1 12 anos n\u00e3o temos registro de raiva canina ou felina [ciclo urbano]. Devido a aproxima\u00e7\u00e3o da zona urbana e silvestre, casos assim s\u00e3o raros, mas podem acontecer\u201d, afirmou o gerente.<\/p>\n<p>Antes mesmo da confirma\u00e7\u00e3o, ap\u00f3s ser levantada a suspeita de raiva, a Secretaria de Vigil\u00e2ncia Ambiental de Recife iniciou as medidas necess\u00e1rias para evitar novos casos da doen\u00e7a. \u201cEm um raio de 1 km da resid\u00eancia da v\u00edtima n\u00f3s iniciamos a vacina\u00e7\u00e3o de c\u00e3es e gatos em cada domic\u00edlio. Tamb\u00e9m instalamos postos de vacina\u00e7\u00e3o em um raio de 5 km do local e iniciamos uma vistoria para capturar morcegos que estejam escondidos em resid\u00eancias abandonadas, por exemplo, al\u00e9m de orientar a popula\u00e7\u00e3o sobre a import\u00e2ncia de vacinar os animais e notificar caso encontrem algum morcego, c\u00e3o ou gato com caracter\u00edsticas alteradas\u201d, diz Jurandir .<\/p>\n<p><em><strong>Cariri em Destaque<\/strong><\/em><\/p>\n<p>VEJA<\/p>\n","protected":false},"excerpt":{"rendered":"<p>Recife confirmou o primeiro caso de raiva humana em 19 anos, de acordo com Jurandir Almeida, gerente de Vigil\u00e2ncia Ambiental e Controle de Zoonoses da Secretaria da Sa\u00fade de Recife. Adriana Vicente da Silva, de 36 anos, morreu na \u00faltima quinta-feira, no Hospital Universit\u00e1rio Oswaldo Cruz (Huoc), mas o resultado do exame realizado pela Instituto Pasteur, de S\u00e3o Paulo, que confirmou a causa do \u00f3bito, foi divulgado somente nesta segunda-feira. O laudo do exame mostrou que o v\u00edrus encontrado em Adriana \u00e9 de origem silvestre (cepa 3), proveniente de um morcego hemat\u00f3fago (que se alimenta de sangue). Jurandir acredita que o gato que transmitiu a doen\u00e7a para a mulher tenha entrado em contato com um morcego contaminado. \u201cH\u00e1 12 anos n\u00e3o temos registro de raiva canina ou felina [ciclo urbano]. Devido a aproxima\u00e7\u00e3o da zona urbana e silvestre, casos assim s\u00e3o raros, mas podem acontecer\u201d, afirmou o gerente. Antes mesmo da confirma\u00e7\u00e3o, ap\u00f3s ser levantada a suspeita de raiva, a Secretaria de Vigil\u00e2ncia Ambiental de Recife iniciou as medidas necess\u00e1rias para evitar novos casos da doen\u00e7a. \u201cEm um raio de 1 km da resid\u00eancia da v\u00edtima n\u00f3s iniciamos a vacina\u00e7\u00e3o de c\u00e3es e gatos em cada domic\u00edlio. Tamb\u00e9m instalamos postos de vacina\u00e7\u00e3o em um raio de 5 km do local e iniciamos uma vistoria para capturar morcegos que estejam escondidos em resid\u00eancias abandonadas, por exemplo, al\u00e9m de orientar a popula\u00e7\u00e3o sobre a import\u00e2ncia de vacinar os animais e notificar caso encontrem algum morcego, c\u00e3o ou gato com caracter\u00edsticas alteradas\u201d, diz Jurandir . Cariri em Destaque VEJA<\/p>\n","protected":false},"author":2,"featured_media":1282,"comment_status":"closed","ping_status":"open","sticky":false,"template":"","format":"standard","meta":{"_eb_attr":"","_jetpack_memberships_contains_paid_content":false,"footnotes":""},"categories":[8],"tags":[],"class_list":["post-1281","post","type-post","status-publish","format-standard","has-post-thumbnail","hentry","category-saude"],"yoast_head":"<!-- This site is optimized with the Yoast SEO plugin v26.5 - https:\/\/yoast.com\/wordpress\/plugins\/seo\/ -->\n<title>Morte por raiva humana \u00e9 confirmada em Recife - Not&iacute;cias em Destaque<\/title>\n<meta name=\"robots\" content=\"index, follow, max-snippet:-1, max-image-preview:large, max-video-preview:-1\" \/>\n<link rel=\"canonical\" href=\"https:\/\/noticiasemdestaque.com\/cd\/?p=1281\" \/>\n<meta property=\"og:locale\" content=\"pt_BR\" \/>\n<meta property=\"og:type\" content=\"article\" \/>\n<meta property=\"og:title\" content=\"Morte por raiva humana \u00e9 confirmada em Recife - Not&iacute;cias em Destaque\" \/>\n<meta property=\"og:description\" content=\"Recife confirmou o primeiro caso de raiva humana em 19 anos, de acordo com Jurandir Almeida, gerente de Vigil\u00e2ncia Ambiental e Controle de Zoonoses da Secretaria da Sa\u00fade de Recife. Adriana Vicente da Silva, de 36 anos, morreu na \u00faltima quinta-feira, no Hospital Universit\u00e1rio Oswaldo Cruz (Huoc), mas o resultado do exame realizado pela Instituto Pasteur, de S\u00e3o Paulo, que confirmou a causa do \u00f3bito, foi divulgado somente nesta segunda-feira. O laudo do exame mostrou que o v\u00edrus encontrado em Adriana \u00e9 de origem silvestre (cepa 3), proveniente de um morcego hemat\u00f3fago (que se alimenta de sangue). Jurandir acredita que o gato que transmitiu a doen\u00e7a para a mulher tenha entrado em contato com um morcego contaminado. \u201cH\u00e1 12 anos n\u00e3o temos registro de raiva canina ou felina [ciclo urbano]. Devido a aproxima\u00e7\u00e3o da zona urbana e silvestre, casos assim s\u00e3o raros, mas podem acontecer\u201d, afirmou o gerente. Antes mesmo da confirma\u00e7\u00e3o, ap\u00f3s ser levantada a suspeita de raiva, a Secretaria de Vigil\u00e2ncia Ambiental de Recife iniciou as medidas necess\u00e1rias para evitar novos casos da doen\u00e7a. \u201cEm um raio de 1 km da resid\u00eancia da v\u00edtima n\u00f3s iniciamos a vacina\u00e7\u00e3o de c\u00e3es e gatos em cada domic\u00edlio. Tamb\u00e9m instalamos postos de vacina\u00e7\u00e3o em um raio de 5 km do local e iniciamos uma vistoria para capturar morcegos que estejam escondidos em resid\u00eancias abandonadas, por exemplo, al\u00e9m de orientar a popula\u00e7\u00e3o sobre a import\u00e2ncia de vacinar os animais e notificar caso encontrem algum morcego, c\u00e3o ou gato com caracter\u00edsticas alteradas\u201d, diz Jurandir . Cariri em Destaque VEJA\" \/>\n<meta property=\"og:url\" content=\"https:\/\/noticiasemdestaque.com\/cd\/?p=1281\" \/>\n<meta property=\"og:site_name\" content=\"Not&iacute;cias em Destaque\" \/>\n<meta property=\"article:published_time\" content=\"2017-07-04T17:50:16+00:00\" \/>\n<meta property=\"og:image\" content=\"https:\/\/noticiasemdestaque.com\/cd\/wp-content\/uploads\/2017\/07\/morte-por-raiva-humana-e-confirmada-em-recife1499178806.png\" \/>\n\t<meta property=\"og:image:width\" content=\"680\" \/>\n\t<meta property=\"og:image:height\" content=\"453\" \/>\n\t<meta property=\"og:image:type\" content=\"image\/png\" \/>\n<meta name=\"author\" content=\"Not\u00edcias em Destaque\" \/>\n<meta name=\"twitter:card\" content=\"summary_large_image\" \/>\n<meta name=\"twitter:label1\" content=\"Escrito por\" \/>\n\t<meta name=\"twitter:data1\" content=\"Not\u00edcias em Destaque\" \/>\n\t<meta name=\"twitter:label2\" content=\"Est. tempo de leitura\" \/>\n\t<meta name=\"twitter:data2\" content=\"1 minuto\" \/>\n<script type=\"application\/ld+json\" class=\"yoast-schema-graph\">{\"@context\":\"https:\/\/schema.org\",\"@graph\":[{\"@type\":\"Article\",\"@id\":\"https:\/\/noticiasemdestaque.com\/cd\/?p=1281#article\",\"isPartOf\":{\"@id\":\"https:\/\/noticiasemdestaque.com\/cd\/?p=1281\"},\"author\":{\"name\":\"Not\u00edcias em Destaque\",\"@id\":\"https:\/\/noticiasemdestaque.com\/cd\/#\/schema\/person\/47f7d4f55eec17c6b2ca036c5500f6ce\"},\"headline\":\"Morte por raiva humana \u00e9 confirmada em Recife\",\"datePublished\":\"2017-07-04T17:50:16+00:00\",\"mainEntityOfPage\":{\"@id\":\"https:\/\/noticiasemdestaque.com\/cd\/?p=1281\"},\"wordCount\":284,\"publisher\":{\"@id\":\"https:\/\/noticiasemdestaque.com\/cd\/#organization\"},\"image\":{\"@id\":\"https:\/\/noticiasemdestaque.com\/cd\/?p=1281#primaryimage\"},\"thumbnailUrl\":\"https:\/\/noticiasemdestaque.com\/cd\/wp-content\/uploads\/2017\/07\/morte-por-raiva-humana-e-confirmada-em-recife1499178806.png\",\"articleSection\":[\"Sa\u00fade\"],\"inLanguage\":\"pt-BR\"},{\"@type\":\"WebPage\",\"@id\":\"https:\/\/noticiasemdestaque.com\/cd\/?p=1281\",\"url\":\"https:\/\/noticiasemdestaque.com\/cd\/?p=1281\",\"name\":\"Morte por raiva humana \u00e9 confirmada em Recife - Not&iacute;cias em Destaque\",\"isPartOf\":{\"@id\":\"https:\/\/noticiasemdestaque.com\/cd\/#website\"},\"primaryImageOfPage\":{\"@id\":\"https:\/\/noticiasemdestaque.com\/cd\/?p=1281#primaryimage\"},\"image\":{\"@id\":\"https:\/\/noticiasemdestaque.com\/cd\/?p=1281#primaryimage\"},\"thumbnailUrl\":\"https:\/\/noticiasemdestaque.com\/cd\/wp-content\/uploads\/2017\/07\/morte-por-raiva-humana-e-confirmada-em-recife1499178806.png\",\"datePublished\":\"2017-07-04T17:50:16+00:00\",\"breadcrumb\":{\"@id\":\"https:\/\/noticiasemdestaque.com\/cd\/?p=1281#breadcrumb\"},\"inLanguage\":\"pt-BR\",\"potentialAction\":[{\"@type\":\"ReadAction\",\"target\":[\"https:\/\/noticiasemdestaque.com\/cd\/?p=1281\"]}]},{\"@type\":\"ImageObject\",\"inLanguage\":\"pt-BR\",\"@id\":\"https:\/\/noticiasemdestaque.com\/cd\/?p=1281#primaryimage\",\"url\":\"https:\/\/noticiasemdestaque.com\/cd\/wp-content\/uploads\/2017\/07\/morte-por-raiva-humana-e-confirmada-em-recife1499178806.png\",\"contentUrl\":\"https:\/\/noticiasemdestaque.com\/cd\/wp-content\/uploads\/2017\/07\/morte-por-raiva-humana-e-confirmada-em-recife1499178806.png\",\"width\":680,\"height\":453},{\"@type\":\"BreadcrumbList\",\"@id\":\"https:\/\/noticiasemdestaque.com\/cd\/?p=1281#breadcrumb\",\"itemListElement\":[{\"@type\":\"ListItem\",\"position\":1,\"name\":\"In\u00edcio\",\"item\":\"https:\/\/noticiasemdestaque.com\/cd\/\"},{\"@type\":\"ListItem\",\"position\":2,\"name\":\"Morte por raiva humana \u00e9 confirmada em Recife\"}]},{\"@type\":\"WebSite\",\"@id\":\"https:\/\/noticiasemdestaque.com\/cd\/#website\",\"url\":\"https:\/\/noticiasemdestaque.com\/cd\/\",\"name\":\"Not&iacute;cias em Destaque\",\"description\":\"\",\"publisher\":{\"@id\":\"https:\/\/noticiasemdestaque.com\/cd\/#organization\"},\"potentialAction\":[{\"@type\":\"SearchAction\",\"target\":{\"@type\":\"EntryPoint\",\"urlTemplate\":\"https:\/\/noticiasemdestaque.com\/cd\/?s={search_term_string}\"},\"query-input\":{\"@type\":\"PropertyValueSpecification\",\"valueRequired\":true,\"valueName\":\"search_term_string\"}}],\"inLanguage\":\"pt-BR\"},{\"@type\":\"Organization\",\"@id\":\"https:\/\/noticiasemdestaque.com\/cd\/#organization\",\"name\":\"Not\u00edcias em Destaque\",\"url\":\"https:\/\/noticiasemdestaque.com\/cd\/\",\"logo\":{\"@type\":\"ImageObject\",\"inLanguage\":\"pt-BR\",\"@id\":\"https:\/\/noticiasemdestaque.com\/cd\/#\/schema\/logo\/image\/\",\"url\":\"https:\/\/noticiasemdestaque.com\/cd\/wp-content\/uploads\/2022\/05\/imagem-base-noticiasemdestaque.png\",\"contentUrl\":\"https:\/\/noticiasemdestaque.com\/cd\/wp-content\/uploads\/2022\/05\/imagem-base-noticiasemdestaque.png\",\"width\":1200,\"height\":630,\"caption\":\"Not\u00edcias em Destaque\"},\"image\":{\"@id\":\"https:\/\/noticiasemdestaque.com\/cd\/#\/schema\/logo\/image\/\"}},{\"@type\":\"Person\",\"@id\":\"https:\/\/noticiasemdestaque.com\/cd\/#\/schema\/person\/47f7d4f55eec17c6b2ca036c5500f6ce\",\"name\":\"Not\u00edcias em Destaque\",\"url\":\"https:\/\/noticiasemdestaque.com\/cd\/?author=2\"}]}<\/script>\n<!-- \/ Yoast SEO plugin. -->","yoast_head_json":{"title":"Morte por raiva humana \u00e9 confirmada em Recife - Not&iacute;cias em Destaque","robots":{"index":"index","follow":"follow","max-snippet":"max-snippet:-1","max-image-preview":"max-image-preview:large","max-video-preview":"max-video-preview:-1"},"canonical":"https:\/\/noticiasemdestaque.com\/cd\/?p=1281","og_locale":"pt_BR","og_type":"article","og_title":"Morte por raiva humana \u00e9 confirmada em Recife - Not&iacute;cias em Destaque","og_description":"Recife confirmou o primeiro caso de raiva humana em 19 anos, de acordo com Jurandir Almeida, gerente de Vigil\u00e2ncia Ambiental e Controle de Zoonoses da Secretaria da Sa\u00fade de Recife. Adriana Vicente da Silva, de 36 anos, morreu na \u00faltima quinta-feira, no Hospital Universit\u00e1rio Oswaldo Cruz (Huoc), mas o resultado do exame realizado pela Instituto Pasteur, de S\u00e3o Paulo, que confirmou a causa do \u00f3bito, foi divulgado somente nesta segunda-feira. O laudo do exame mostrou que o v\u00edrus encontrado em Adriana \u00e9 de origem silvestre (cepa 3), proveniente de um morcego hemat\u00f3fago (que se alimenta de sangue). Jurandir acredita que o gato que transmitiu a doen\u00e7a para a mulher tenha entrado em contato com um morcego contaminado. \u201cH\u00e1 12 anos n\u00e3o temos registro de raiva canina ou felina [ciclo urbano]. Devido a aproxima\u00e7\u00e3o da zona urbana e silvestre, casos assim s\u00e3o raros, mas podem acontecer\u201d, afirmou o gerente. Antes mesmo da confirma\u00e7\u00e3o, ap\u00f3s ser levantada a suspeita de raiva, a Secretaria de Vigil\u00e2ncia Ambiental de Recife iniciou as medidas necess\u00e1rias para evitar novos casos da doen\u00e7a. \u201cEm um raio de 1 km da resid\u00eancia da v\u00edtima n\u00f3s iniciamos a vacina\u00e7\u00e3o de c\u00e3es e gatos em cada domic\u00edlio. Tamb\u00e9m instalamos postos de vacina\u00e7\u00e3o em um raio de 5 km do local e iniciamos uma vistoria para capturar morcegos que estejam escondidos em resid\u00eancias abandonadas, por exemplo, al\u00e9m de orientar a popula\u00e7\u00e3o sobre a import\u00e2ncia de vacinar os animais e notificar caso encontrem algum morcego, c\u00e3o ou gato com caracter\u00edsticas alteradas\u201d, diz Jurandir . Cariri em Destaque VEJA","og_url":"https:\/\/noticiasemdestaque.com\/cd\/?p=1281","og_site_name":"Not&iacute;cias em Destaque","article_published_time":"2017-07-04T17:50:16+00:00","og_image":[{"width":680,"height":453,"url":"https:\/\/noticiasemdestaque.com\/cd\/wp-content\/uploads\/2017\/07\/morte-por-raiva-humana-e-confirmada-em-recife1499178806.png","type":"image\/png"}],"author":"Not\u00edcias em Destaque","twitter_card":"summary_large_image","twitter_misc":{"Escrito por":"Not\u00edcias em Destaque","Est. tempo de leitura":"1 minuto"},"schema":{"@context":"https:\/\/schema.org","@graph":[{"@type":"Article","@id":"https:\/\/noticiasemdestaque.com\/cd\/?p=1281#article","isPartOf":{"@id":"https:\/\/noticiasemdestaque.com\/cd\/?p=1281"},"author":{"name":"Not\u00edcias em Destaque","@id":"https:\/\/noticiasemdestaque.com\/cd\/#\/schema\/person\/47f7d4f55eec17c6b2ca036c5500f6ce"},"headline":"Morte por raiva humana \u00e9 confirmada em Recife","datePublished":"2017-07-04T17:50:16+00:00","mainEntityOfPage":{"@id":"https:\/\/noticiasemdestaque.com\/cd\/?p=1281"},"wordCount":284,"publisher":{"@id":"https:\/\/noticiasemdestaque.com\/cd\/#organization"},"image":{"@id":"https:\/\/noticiasemdestaque.com\/cd\/?p=1281#primaryimage"},"thumbnailUrl":"https:\/\/noticiasemdestaque.com\/cd\/wp-content\/uploads\/2017\/07\/morte-por-raiva-humana-e-confirmada-em-recife1499178806.png","articleSection":["Sa\u00fade"],"inLanguage":"pt-BR"},{"@type":"WebPage","@id":"https:\/\/noticiasemdestaque.com\/cd\/?p=1281","url":"https:\/\/noticiasemdestaque.com\/cd\/?p=1281","name":"Morte por raiva humana \u00e9 confirmada em Recife - Not&iacute;cias em Destaque","isPartOf":{"@id":"https:\/\/noticiasemdestaque.com\/cd\/#website"},"primaryImageOfPage":{"@id":"https:\/\/noticiasemdestaque.com\/cd\/?p=1281#primaryimage"},"image":{"@id":"https:\/\/noticiasemdestaque.com\/cd\/?p=1281#primaryimage"},"thumbnailUrl":"https:\/\/noticiasemdestaque.com\/cd\/wp-content\/uploads\/2017\/07\/morte-por-raiva-humana-e-confirmada-em-recife1499178806.png","datePublished":"2017-07-04T17:50:16+00:00","breadcrumb":{"@id":"https:\/\/noticiasemdestaque.com\/cd\/?p=1281#breadcrumb"},"inLanguage":"pt-BR","potentialAction":[{"@type":"ReadAction","target":["https:\/\/noticiasemdestaque.com\/cd\/?p=1281"]}]},{"@type":"ImageObject","inLanguage":"pt-BR","@id":"https:\/\/noticiasemdestaque.com\/cd\/?p=1281#primaryimage","url":"https:\/\/noticiasemdestaque.com\/cd\/wp-content\/uploads\/2017\/07\/morte-por-raiva-humana-e-confirmada-em-recife1499178806.png","contentUrl":"https:\/\/noticiasemdestaque.com\/cd\/wp-content\/uploads\/2017\/07\/morte-por-raiva-humana-e-confirmada-em-recife1499178806.png","width":680,"height":453},{"@type":"BreadcrumbList","@id":"https:\/\/noticiasemdestaque.com\/cd\/?p=1281#breadcrumb","itemListElement":[{"@type":"ListItem","position":1,"name":"In\u00edcio","item":"https:\/\/noticiasemdestaque.com\/cd\/"},{"@type":"ListItem","position":2,"name":"Morte por raiva humana \u00e9 confirmada em Recife"}]},{"@type":"WebSite","@id":"https:\/\/noticiasemdestaque.com\/cd\/#website","url":"https:\/\/noticiasemdestaque.com\/cd\/","name":"Not&iacute;cias em Destaque","description":"","publisher":{"@id":"https:\/\/noticiasemdestaque.com\/cd\/#organization"},"potentialAction":[{"@type":"SearchAction","target":{"@type":"EntryPoint","urlTemplate":"https:\/\/noticiasemdestaque.com\/cd\/?s={search_term_string}"},"query-input":{"@type":"PropertyValueSpecification","valueRequired":true,"valueName":"search_term_string"}}],"inLanguage":"pt-BR"},{"@type":"Organization","@id":"https:\/\/noticiasemdestaque.com\/cd\/#organization","name":"Not\u00edcias em Destaque","url":"https:\/\/noticiasemdestaque.com\/cd\/","logo":{"@type":"ImageObject","inLanguage":"pt-BR","@id":"https:\/\/noticiasemdestaque.com\/cd\/#\/schema\/logo\/image\/","url":"https:\/\/noticiasemdestaque.com\/cd\/wp-content\/uploads\/2022\/05\/imagem-base-noticiasemdestaque.png","contentUrl":"https:\/\/noticiasemdestaque.com\/cd\/wp-content\/uploads\/2022\/05\/imagem-base-noticiasemdestaque.png","width":1200,"height":630,"caption":"Not\u00edcias em Destaque"},"image":{"@id":"https:\/\/noticiasemdestaque.com\/cd\/#\/schema\/logo\/image\/"}},{"@type":"Person","@id":"https:\/\/noticiasemdestaque.com\/cd\/#\/schema\/person\/47f7d4f55eec17c6b2ca036c5500f6ce","name":"Not\u00edcias em Destaque","url":"https:\/\/noticiasemdestaque.com\/cd\/?author=2"}]}},"jetpack_featured_media_url":"https:\/\/noticiasemdestaque.com\/cd\/wp-content\/uploads\/2017\/07\/morte-por-raiva-humana-e-confirmada-em-recife1499178806.png","jetpack_sharing_enabled":true,"_links":{"self":[{"href":"https:\/\/noticiasemdestaque.com\/cd\/index.php?rest_route=\/wp\/v2\/posts\/1281","targetHints":{"allow":["GET"]}}],"collection":[{"href":"https:\/\/noticiasemdestaque.com\/cd\/index.php?rest_route=\/wp\/v2\/posts"}],"about":[{"href":"https:\/\/noticiasemdestaque.com\/cd\/index.php?rest_route=\/wp\/v2\/types\/post"}],"author":[{"embeddable":true,"href":"https:\/\/noticiasemdestaque.com\/cd\/index.php?rest_route=\/wp\/v2\/users\/2"}],"replies":[{"embeddable":true,"href":"https:\/\/noticiasemdestaque.com\/cd\/index.php?rest_route=%2Fwp%2Fv2%2Fcomments&post=1281"}],"version-history":[{"count":1,"href":"https:\/\/noticiasemdestaque.com\/cd\/index.php?rest_route=\/wp\/v2\/posts\/1281\/revisions"}],"predecessor-version":[{"id":1283,"href":"https:\/\/noticiasemdestaque.com\/cd\/index.php?rest_route=\/wp\/v2\/posts\/1281\/revisions\/1283"}],"wp:featuredmedia":[{"embeddable":true,"href":"https:\/\/noticiasemdestaque.com\/cd\/index.php?rest_route=\/wp\/v2\/media\/1282"}],"wp:attachment":[{"href":"https:\/\/noticiasemdestaque.com\/cd\/index.php?rest_route=%2Fwp%2Fv2%2Fmedia&parent=1281"}],"wp:term":[{"taxonomy":"category","embeddable":true,"href":"https:\/\/noticiasemdestaque.com\/cd\/index.php?rest_route=%2Fwp%2Fv2%2Fcategories&post=1281"},{"taxonomy":"post_tag","embeddable":true,"href":"https:\/\/noticiasemdestaque.com\/cd\/index.php?rest_route=%2Fwp%2Fv2%2Ftags&post=1281"}],"curies":[{"name":"wp","href":"https:\/\/api.w.org\/{rel}","templated":true}]}}