{"id":1278,"date":"2017-07-04T14:36:55","date_gmt":"2017-07-04T17:36:55","guid":{"rendered":"http:\/\/caririemdestaque.com\/cd\/?p=1278"},"modified":"2017-07-04T14:36:55","modified_gmt":"2017-07-04T17:36:55","slug":"ricardo-coutinho-reafirma-que-fica-no-governo-e-dispara-nao-dependo-de-cargo-para-viver","status":"publish","type":"post","link":"https:\/\/noticiasemdestaque.com\/cd\/?p=1278","title":{"rendered":"Ricardo Coutinho reafirma que fica no governo e dispara: \u201cN\u00e3o dependo de cargo para viver\u201d"},"content":{"rendered":"<p><a href=\"http:\/\/caririemdestaque.com\/cd\/wp-content\/uploads\/2017\/07\/ricardo-tv-master.jpg\"><img fetchpriority=\"high\" decoding=\"async\" class=\"size-medium wp-image-1279 alignleft\" src=\"http:\/\/caririemdestaque.com\/cd\/wp-content\/uploads\/2017\/07\/ricardo-tv-master-300x177.jpg\" alt=\"\" width=\"300\" height=\"177\" \/><\/a><\/p>\n<p style=\"text-align: justify;\"><span style=\"font-size: 14.0pt; font-family: 'Georgia','serif';\">\u201cSe \u00e9 para o bem de todos e felicidade geral da Na\u00e7\u00e3o, estou pronto! Digam ao povo que fico\u201d, foi com esta frase que o D. Pedro I, ent\u00e3o pr\u00edncipe regente do Brasil, n\u00e3o acatou ordens das Cortes Portuguesas para que deixasse imediatamente o Brasil e retornasse para Portugal. O ano era 1822 e com a atitude, o pr\u00edncipe regente fortaleceu a posi\u00e7\u00e3o brasileira de buscar a independ\u00eancia.<\/span><\/p>\n<p style=\"text-align: justify;\"><span style=\"font-size: 14.0pt; font-family: 'Georgia','serif';\">J\u00e1 em 2017 depois de todo o \u2018vai n\u00e3o vai\u2019 que se formou em torno de uma poss\u00edvel candidatura do governador Ricardo Coutinho ao Senado, o gestor reafirmou, nesta segunda-feira (03) que fica no governo at\u00e9 o dia 31 de dezembro de 2018.<\/span><\/p>\n<p style=\"text-align: justify;\"><span style=\"font-size: 14.0pt; font-family: 'Georgia','serif';\">De acordo com o Mago, ele n\u00e3o depende de cargos pol\u00edticos para viver e se deu o direito de ficar e auxiliar os prefeitos paraibanos.<\/span><\/p>\n<p style=\"text-align: justify;\"><span style=\"font-size: 14.0pt; font-family: 'Georgia','serif';\">Ainda segundo o governador, o candidato que ser\u00e1 apoiado por ele ter\u00e1 a capacidade de fazer ainda mais do que ele pr\u00f3prio nos oito anos \u00e0 frente do governo da Para\u00edba.<\/span><\/p>\n<p style=\"text-align: justify;\"><span style=\"font-size: 14.0pt; font-family: 'Georgia','serif';\">\u201cAnote o que eu estou dizendo\u201d disparou.<\/span><\/p>\n<p style=\"text-align: justify;\"><span style=\"font-size: 14.0pt; font-family: 'Georgia','serif';\">As declara\u00e7\u00f5es foram dadas durante entrevista na TV Master.<\/span><\/p>\n<p><iframe title=\"Na TV Master, Ricardo que ficar\u00e1 no governo at\u00e9 dezembro de 18 e rejeita candidatura ao Senado\" width=\"800\" height=\"450\" src=\"https:\/\/www.youtube.com\/embed\/5rNtrvwQEiE?feature=oembed\" frameborder=\"0\" allow=\"accelerometer; autoplay; clipboard-write; encrypted-media; gyroscope; picture-in-picture; web-share\" referrerpolicy=\"strict-origin-when-cross-origin\" allowfullscreen><\/iframe><\/p>\n<p><em><strong>Cariri em Destaque\u00a0<\/strong><\/em><\/p>\n<p>Com Blog do Ninja<\/p>\n","protected":false},"excerpt":{"rendered":"<p>\u201cSe \u00e9 para o bem de todos e felicidade geral da Na\u00e7\u00e3o, estou pronto! Digam ao povo que fico\u201d, foi com esta frase que o D. Pedro I, ent\u00e3o pr\u00edncipe regente do Brasil, n\u00e3o acatou ordens das Cortes Portuguesas para que deixasse imediatamente o Brasil e retornasse para Portugal. O ano era 1822 e com a atitude, o pr\u00edncipe regente fortaleceu a posi\u00e7\u00e3o brasileira de buscar a independ\u00eancia. J\u00e1 em 2017 depois de todo o \u2018vai n\u00e3o vai\u2019 que se formou em torno de uma poss\u00edvel candidatura do governador Ricardo Coutinho ao Senado, o gestor reafirmou, nesta segunda-feira (03) que fica no governo at\u00e9 o dia 31 de dezembro de 2018. De acordo com o Mago, ele n\u00e3o depende de cargos pol\u00edticos para viver e se deu o direito de ficar e auxiliar os prefeitos paraibanos. Ainda segundo o governador, o candidato que ser\u00e1 apoiado por ele ter\u00e1 a capacidade de fazer ainda mais do que ele pr\u00f3prio nos oito anos \u00e0 frente do governo da Para\u00edba. \u201cAnote o que eu estou dizendo\u201d disparou. As declara\u00e7\u00f5es foram dadas durante entrevista na TV Master. Cariri em Destaque\u00a0 Com Blog do Ninja<\/p>\n","protected":false},"author":2,"featured_media":1279,"comment_status":"closed","ping_status":"open","sticky":false,"template":"","format":"standard","meta":{"_eb_attr":"","_jetpack_memberships_contains_paid_content":false,"footnotes":""},"categories":[4],"tags":[],"class_list":["post-1278","post","type-post","status-publish","format-standard","has-post-thumbnail","hentry","category-politica"],"yoast_head":"<!-- This site is optimized with the Yoast SEO plugin v26.5 - https:\/\/yoast.com\/wordpress\/plugins\/seo\/ -->\n<title>Ricardo Coutinho reafirma que fica no governo e dispara: \u201cN\u00e3o dependo de cargo para viver\u201d - Not&iacute;cias em Destaque<\/title>\n<meta name=\"robots\" content=\"index, follow, max-snippet:-1, max-image-preview:large, max-video-preview:-1\" \/>\n<link rel=\"canonical\" href=\"https:\/\/noticiasemdestaque.com\/cd\/?p=1278\" \/>\n<meta property=\"og:locale\" content=\"pt_BR\" \/>\n<meta property=\"og:type\" content=\"article\" \/>\n<meta property=\"og:title\" content=\"Ricardo Coutinho reafirma que fica no governo e dispara: \u201cN\u00e3o dependo de cargo para viver\u201d - Not&iacute;cias em Destaque\" \/>\n<meta property=\"og:description\" content=\"\u201cSe \u00e9 para o bem de todos e felicidade geral da Na\u00e7\u00e3o, estou pronto! Digam ao povo que fico\u201d, foi com esta frase que o D. Pedro I, ent\u00e3o pr\u00edncipe regente do Brasil, n\u00e3o acatou ordens das Cortes Portuguesas para que deixasse imediatamente o Brasil e retornasse para Portugal. O ano era 1822 e com a atitude, o pr\u00edncipe regente fortaleceu a posi\u00e7\u00e3o brasileira de buscar a independ\u00eancia. J\u00e1 em 2017 depois de todo o \u2018vai n\u00e3o vai\u2019 que se formou em torno de uma poss\u00edvel candidatura do governador Ricardo Coutinho ao Senado, o gestor reafirmou, nesta segunda-feira (03) que fica no governo at\u00e9 o dia 31 de dezembro de 2018. De acordo com o Mago, ele n\u00e3o depende de cargos pol\u00edticos para viver e se deu o direito de ficar e auxiliar os prefeitos paraibanos. Ainda segundo o governador, o candidato que ser\u00e1 apoiado por ele ter\u00e1 a capacidade de fazer ainda mais do que ele pr\u00f3prio nos oito anos \u00e0 frente do governo da Para\u00edba. \u201cAnote o que eu estou dizendo\u201d disparou. As declara\u00e7\u00f5es foram dadas durante entrevista na TV Master. Cariri em Destaque\u00a0 Com Blog do Ninja\" \/>\n<meta property=\"og:url\" content=\"https:\/\/noticiasemdestaque.com\/cd\/?p=1278\" \/>\n<meta property=\"og:site_name\" content=\"Not&iacute;cias em Destaque\" \/>\n<meta property=\"article:published_time\" content=\"2017-07-04T17:36:55+00:00\" \/>\n<meta property=\"og:image\" content=\"https:\/\/noticiasemdestaque.com\/cd\/wp-content\/uploads\/2017\/07\/ricardo-tv-master.jpg\" \/>\n\t<meta property=\"og:image:width\" content=\"300\" \/>\n\t<meta property=\"og:image:height\" content=\"177\" \/>\n\t<meta property=\"og:image:type\" content=\"image\/jpeg\" \/>\n<meta name=\"author\" content=\"Not\u00edcias em Destaque\" \/>\n<meta name=\"twitter:card\" content=\"summary_large_image\" \/>\n<meta name=\"twitter:label1\" content=\"Escrito por\" \/>\n\t<meta name=\"twitter:data1\" content=\"Not\u00edcias em Destaque\" \/>\n\t<meta name=\"twitter:label2\" content=\"Est. tempo de leitura\" \/>\n\t<meta name=\"twitter:data2\" content=\"1 minuto\" \/>\n<script type=\"application\/ld+json\" class=\"yoast-schema-graph\">{\"@context\":\"https:\/\/schema.org\",\"@graph\":[{\"@type\":\"Article\",\"@id\":\"https:\/\/noticiasemdestaque.com\/cd\/?p=1278#article\",\"isPartOf\":{\"@id\":\"https:\/\/noticiasemdestaque.com\/cd\/?p=1278\"},\"author\":{\"name\":\"Not\u00edcias em Destaque\",\"@id\":\"https:\/\/noticiasemdestaque.com\/cd\/#\/schema\/person\/47f7d4f55eec17c6b2ca036c5500f6ce\"},\"headline\":\"Ricardo Coutinho reafirma que fica no governo e dispara: \u201cN\u00e3o dependo de cargo para viver\u201d\",\"datePublished\":\"2017-07-04T17:36:55+00:00\",\"mainEntityOfPage\":{\"@id\":\"https:\/\/noticiasemdestaque.com\/cd\/?p=1278\"},\"wordCount\":217,\"publisher\":{\"@id\":\"https:\/\/noticiasemdestaque.com\/cd\/#organization\"},\"image\":{\"@id\":\"https:\/\/noticiasemdestaque.com\/cd\/?p=1278#primaryimage\"},\"thumbnailUrl\":\"https:\/\/noticiasemdestaque.com\/cd\/wp-content\/uploads\/2017\/07\/ricardo-tv-master.jpg\",\"articleSection\":[\"Pol\u00edtica\"],\"inLanguage\":\"pt-BR\"},{\"@type\":\"WebPage\",\"@id\":\"https:\/\/noticiasemdestaque.com\/cd\/?p=1278\",\"url\":\"https:\/\/noticiasemdestaque.com\/cd\/?p=1278\",\"name\":\"Ricardo Coutinho reafirma que fica no governo e dispara: \u201cN\u00e3o dependo de cargo para viver\u201d - Not&iacute;cias em Destaque\",\"isPartOf\":{\"@id\":\"https:\/\/noticiasemdestaque.com\/cd\/#website\"},\"primaryImageOfPage\":{\"@id\":\"https:\/\/noticiasemdestaque.com\/cd\/?p=1278#primaryimage\"},\"image\":{\"@id\":\"https:\/\/noticiasemdestaque.com\/cd\/?p=1278#primaryimage\"},\"thumbnailUrl\":\"https:\/\/noticiasemdestaque.com\/cd\/wp-content\/uploads\/2017\/07\/ricardo-tv-master.jpg\",\"datePublished\":\"2017-07-04T17:36:55+00:00\",\"breadcrumb\":{\"@id\":\"https:\/\/noticiasemdestaque.com\/cd\/?p=1278#breadcrumb\"},\"inLanguage\":\"pt-BR\",\"potentialAction\":[{\"@type\":\"ReadAction\",\"target\":[\"https:\/\/noticiasemdestaque.com\/cd\/?p=1278\"]}]},{\"@type\":\"ImageObject\",\"inLanguage\":\"pt-BR\",\"@id\":\"https:\/\/noticiasemdestaque.com\/cd\/?p=1278#primaryimage\",\"url\":\"https:\/\/noticiasemdestaque.com\/cd\/wp-content\/uploads\/2017\/07\/ricardo-tv-master.jpg\",\"contentUrl\":\"https:\/\/noticiasemdestaque.com\/cd\/wp-content\/uploads\/2017\/07\/ricardo-tv-master.jpg\",\"width\":300,\"height\":177},{\"@type\":\"BreadcrumbList\",\"@id\":\"https:\/\/noticiasemdestaque.com\/cd\/?p=1278#breadcrumb\",\"itemListElement\":[{\"@type\":\"ListItem\",\"position\":1,\"name\":\"In\u00edcio\",\"item\":\"https:\/\/noticiasemdestaque.com\/cd\/\"},{\"@type\":\"ListItem\",\"position\":2,\"name\":\"Ricardo Coutinho reafirma que fica no governo e dispara: \u201cN\u00e3o dependo de cargo para viver\u201d\"}]},{\"@type\":\"WebSite\",\"@id\":\"https:\/\/noticiasemdestaque.com\/cd\/#website\",\"url\":\"https:\/\/noticiasemdestaque.com\/cd\/\",\"name\":\"Not&iacute;cias em Destaque\",\"description\":\"\",\"publisher\":{\"@id\":\"https:\/\/noticiasemdestaque.com\/cd\/#organization\"},\"potentialAction\":[{\"@type\":\"SearchAction\",\"target\":{\"@type\":\"EntryPoint\",\"urlTemplate\":\"https:\/\/noticiasemdestaque.com\/cd\/?s={search_term_string}\"},\"query-input\":{\"@type\":\"PropertyValueSpecification\",\"valueRequired\":true,\"valueName\":\"search_term_string\"}}],\"inLanguage\":\"pt-BR\"},{\"@type\":\"Organization\",\"@id\":\"https:\/\/noticiasemdestaque.com\/cd\/#organization\",\"name\":\"Not\u00edcias em Destaque\",\"url\":\"https:\/\/noticiasemdestaque.com\/cd\/\",\"logo\":{\"@type\":\"ImageObject\",\"inLanguage\":\"pt-BR\",\"@id\":\"https:\/\/noticiasemdestaque.com\/cd\/#\/schema\/logo\/image\/\",\"url\":\"https:\/\/noticiasemdestaque.com\/cd\/wp-content\/uploads\/2022\/05\/imagem-base-noticiasemdestaque.png\",\"contentUrl\":\"https:\/\/noticiasemdestaque.com\/cd\/wp-content\/uploads\/2022\/05\/imagem-base-noticiasemdestaque.png\",\"width\":1200,\"height\":630,\"caption\":\"Not\u00edcias em Destaque\"},\"image\":{\"@id\":\"https:\/\/noticiasemdestaque.com\/cd\/#\/schema\/logo\/image\/\"}},{\"@type\":\"Person\",\"@id\":\"https:\/\/noticiasemdestaque.com\/cd\/#\/schema\/person\/47f7d4f55eec17c6b2ca036c5500f6ce\",\"name\":\"Not\u00edcias em Destaque\",\"url\":\"https:\/\/noticiasemdestaque.com\/cd\/?author=2\"}]}<\/script>\n<!-- \/ Yoast SEO plugin. -->","yoast_head_json":{"title":"Ricardo Coutinho reafirma que fica no governo e dispara: \u201cN\u00e3o dependo de cargo para viver\u201d - Not&iacute;cias em Destaque","robots":{"index":"index","follow":"follow","max-snippet":"max-snippet:-1","max-image-preview":"max-image-preview:large","max-video-preview":"max-video-preview:-1"},"canonical":"https:\/\/noticiasemdestaque.com\/cd\/?p=1278","og_locale":"pt_BR","og_type":"article","og_title":"Ricardo Coutinho reafirma que fica no governo e dispara: \u201cN\u00e3o dependo de cargo para viver\u201d - Not&iacute;cias em Destaque","og_description":"\u201cSe \u00e9 para o bem de todos e felicidade geral da Na\u00e7\u00e3o, estou pronto! Digam ao povo que fico\u201d, foi com esta frase que o D. Pedro I, ent\u00e3o pr\u00edncipe regente do Brasil, n\u00e3o acatou ordens das Cortes Portuguesas para que deixasse imediatamente o Brasil e retornasse para Portugal. O ano era 1822 e com a atitude, o pr\u00edncipe regente fortaleceu a posi\u00e7\u00e3o brasileira de buscar a independ\u00eancia. J\u00e1 em 2017 depois de todo o \u2018vai n\u00e3o vai\u2019 que se formou em torno de uma poss\u00edvel candidatura do governador Ricardo Coutinho ao Senado, o gestor reafirmou, nesta segunda-feira (03) que fica no governo at\u00e9 o dia 31 de dezembro de 2018. De acordo com o Mago, ele n\u00e3o depende de cargos pol\u00edticos para viver e se deu o direito de ficar e auxiliar os prefeitos paraibanos. Ainda segundo o governador, o candidato que ser\u00e1 apoiado por ele ter\u00e1 a capacidade de fazer ainda mais do que ele pr\u00f3prio nos oito anos \u00e0 frente do governo da Para\u00edba. \u201cAnote o que eu estou dizendo\u201d disparou. As declara\u00e7\u00f5es foram dadas durante entrevista na TV Master. Cariri em Destaque\u00a0 Com Blog do Ninja","og_url":"https:\/\/noticiasemdestaque.com\/cd\/?p=1278","og_site_name":"Not&iacute;cias em Destaque","article_published_time":"2017-07-04T17:36:55+00:00","og_image":[{"width":300,"height":177,"url":"https:\/\/noticiasemdestaque.com\/cd\/wp-content\/uploads\/2017\/07\/ricardo-tv-master.jpg","type":"image\/jpeg"}],"author":"Not\u00edcias em Destaque","twitter_card":"summary_large_image","twitter_misc":{"Escrito por":"Not\u00edcias em Destaque","Est. tempo de leitura":"1 minuto"},"schema":{"@context":"https:\/\/schema.org","@graph":[{"@type":"Article","@id":"https:\/\/noticiasemdestaque.com\/cd\/?p=1278#article","isPartOf":{"@id":"https:\/\/noticiasemdestaque.com\/cd\/?p=1278"},"author":{"name":"Not\u00edcias em Destaque","@id":"https:\/\/noticiasemdestaque.com\/cd\/#\/schema\/person\/47f7d4f55eec17c6b2ca036c5500f6ce"},"headline":"Ricardo Coutinho reafirma que fica no governo e dispara: \u201cN\u00e3o dependo de cargo para viver\u201d","datePublished":"2017-07-04T17:36:55+00:00","mainEntityOfPage":{"@id":"https:\/\/noticiasemdestaque.com\/cd\/?p=1278"},"wordCount":217,"publisher":{"@id":"https:\/\/noticiasemdestaque.com\/cd\/#organization"},"image":{"@id":"https:\/\/noticiasemdestaque.com\/cd\/?p=1278#primaryimage"},"thumbnailUrl":"https:\/\/noticiasemdestaque.com\/cd\/wp-content\/uploads\/2017\/07\/ricardo-tv-master.jpg","articleSection":["Pol\u00edtica"],"inLanguage":"pt-BR"},{"@type":"WebPage","@id":"https:\/\/noticiasemdestaque.com\/cd\/?p=1278","url":"https:\/\/noticiasemdestaque.com\/cd\/?p=1278","name":"Ricardo Coutinho reafirma que fica no governo e dispara: \u201cN\u00e3o dependo de cargo para viver\u201d - Not&iacute;cias em Destaque","isPartOf":{"@id":"https:\/\/noticiasemdestaque.com\/cd\/#website"},"primaryImageOfPage":{"@id":"https:\/\/noticiasemdestaque.com\/cd\/?p=1278#primaryimage"},"image":{"@id":"https:\/\/noticiasemdestaque.com\/cd\/?p=1278#primaryimage"},"thumbnailUrl":"https:\/\/noticiasemdestaque.com\/cd\/wp-content\/uploads\/2017\/07\/ricardo-tv-master.jpg","datePublished":"2017-07-04T17:36:55+00:00","breadcrumb":{"@id":"https:\/\/noticiasemdestaque.com\/cd\/?p=1278#breadcrumb"},"inLanguage":"pt-BR","potentialAction":[{"@type":"ReadAction","target":["https:\/\/noticiasemdestaque.com\/cd\/?p=1278"]}]},{"@type":"ImageObject","inLanguage":"pt-BR","@id":"https:\/\/noticiasemdestaque.com\/cd\/?p=1278#primaryimage","url":"https:\/\/noticiasemdestaque.com\/cd\/wp-content\/uploads\/2017\/07\/ricardo-tv-master.jpg","contentUrl":"https:\/\/noticiasemdestaque.com\/cd\/wp-content\/uploads\/2017\/07\/ricardo-tv-master.jpg","width":300,"height":177},{"@type":"BreadcrumbList","@id":"https:\/\/noticiasemdestaque.com\/cd\/?p=1278#breadcrumb","itemListElement":[{"@type":"ListItem","position":1,"name":"In\u00edcio","item":"https:\/\/noticiasemdestaque.com\/cd\/"},{"@type":"ListItem","position":2,"name":"Ricardo Coutinho reafirma que fica no governo e dispara: \u201cN\u00e3o dependo de cargo para viver\u201d"}]},{"@type":"WebSite","@id":"https:\/\/noticiasemdestaque.com\/cd\/#website","url":"https:\/\/noticiasemdestaque.com\/cd\/","name":"Not&iacute;cias em Destaque","description":"","publisher":{"@id":"https:\/\/noticiasemdestaque.com\/cd\/#organization"},"potentialAction":[{"@type":"SearchAction","target":{"@type":"EntryPoint","urlTemplate":"https:\/\/noticiasemdestaque.com\/cd\/?s={search_term_string}"},"query-input":{"@type":"PropertyValueSpecification","valueRequired":true,"valueName":"search_term_string"}}],"inLanguage":"pt-BR"},{"@type":"Organization","@id":"https:\/\/noticiasemdestaque.com\/cd\/#organization","name":"Not\u00edcias em Destaque","url":"https:\/\/noticiasemdestaque.com\/cd\/","logo":{"@type":"ImageObject","inLanguage":"pt-BR","@id":"https:\/\/noticiasemdestaque.com\/cd\/#\/schema\/logo\/image\/","url":"https:\/\/noticiasemdestaque.com\/cd\/wp-content\/uploads\/2022\/05\/imagem-base-noticiasemdestaque.png","contentUrl":"https:\/\/noticiasemdestaque.com\/cd\/wp-content\/uploads\/2022\/05\/imagem-base-noticiasemdestaque.png","width":1200,"height":630,"caption":"Not\u00edcias em Destaque"},"image":{"@id":"https:\/\/noticiasemdestaque.com\/cd\/#\/schema\/logo\/image\/"}},{"@type":"Person","@id":"https:\/\/noticiasemdestaque.com\/cd\/#\/schema\/person\/47f7d4f55eec17c6b2ca036c5500f6ce","name":"Not\u00edcias em Destaque","url":"https:\/\/noticiasemdestaque.com\/cd\/?author=2"}]}},"jetpack_featured_media_url":"https:\/\/noticiasemdestaque.com\/cd\/wp-content\/uploads\/2017\/07\/ricardo-tv-master.jpg","jetpack_sharing_enabled":true,"_links":{"self":[{"href":"https:\/\/noticiasemdestaque.com\/cd\/index.php?rest_route=\/wp\/v2\/posts\/1278","targetHints":{"allow":["GET"]}}],"collection":[{"href":"https:\/\/noticiasemdestaque.com\/cd\/index.php?rest_route=\/wp\/v2\/posts"}],"about":[{"href":"https:\/\/noticiasemdestaque.com\/cd\/index.php?rest_route=\/wp\/v2\/types\/post"}],"author":[{"embeddable":true,"href":"https:\/\/noticiasemdestaque.com\/cd\/index.php?rest_route=\/wp\/v2\/users\/2"}],"replies":[{"embeddable":true,"href":"https:\/\/noticiasemdestaque.com\/cd\/index.php?rest_route=%2Fwp%2Fv2%2Fcomments&post=1278"}],"version-history":[{"count":1,"href":"https:\/\/noticiasemdestaque.com\/cd\/index.php?rest_route=\/wp\/v2\/posts\/1278\/revisions"}],"predecessor-version":[{"id":1280,"href":"https:\/\/noticiasemdestaque.com\/cd\/index.php?rest_route=\/wp\/v2\/posts\/1278\/revisions\/1280"}],"wp:featuredmedia":[{"embeddable":true,"href":"https:\/\/noticiasemdestaque.com\/cd\/index.php?rest_route=\/wp\/v2\/media\/1279"}],"wp:attachment":[{"href":"https:\/\/noticiasemdestaque.com\/cd\/index.php?rest_route=%2Fwp%2Fv2%2Fmedia&parent=1278"}],"wp:term":[{"taxonomy":"category","embeddable":true,"href":"https:\/\/noticiasemdestaque.com\/cd\/index.php?rest_route=%2Fwp%2Fv2%2Fcategories&post=1278"},{"taxonomy":"post_tag","embeddable":true,"href":"https:\/\/noticiasemdestaque.com\/cd\/index.php?rest_route=%2Fwp%2Fv2%2Ftags&post=1278"}],"curies":[{"name":"wp","href":"https:\/\/api.w.org\/{rel}","templated":true}]}}