{"id":1275,"date":"2017-07-04T14:32:14","date_gmt":"2017-07-04T17:32:14","guid":{"rendered":"http:\/\/caririemdestaque.com\/cd\/?p=1275"},"modified":"2017-07-04T14:32:14","modified_gmt":"2017-07-04T17:32:14","slug":"prefeito-pede-reembolso-de-r-40-mil-a-luan-estilizado-depois-que-cantor-desmarcou-show-no-sao-joao","status":"publish","type":"post","link":"https:\/\/noticiasemdestaque.com\/cd\/?p=1275","title":{"rendered":"Prefeito pede reembolso de R$ 40 mil a Luan Estilizado depois que cantor desmarcou show no S\u00e3o Jo\u00e3o"},"content":{"rendered":"<p><a href=\"http:\/\/caririemdestaque.com\/cd\/wp-content\/uploads\/2017\/07\/4-10.jpg\"><img fetchpriority=\"high\" decoding=\"async\" class=\"size-medium wp-image-1276 alignleft\" src=\"http:\/\/caririemdestaque.com\/cd\/wp-content\/uploads\/2017\/07\/4-10-300x200.jpg\" alt=\"\" width=\"300\" height=\"200\" srcset=\"https:\/\/noticiasemdestaque.com\/cd\/wp-content\/uploads\/2017\/07\/4-10-300x200.jpg 300w, https:\/\/noticiasemdestaque.com\/cd\/wp-content\/uploads\/2017\/07\/4-10-480x320.jpg 480w, https:\/\/noticiasemdestaque.com\/cd\/wp-content\/uploads\/2017\/07\/4-10.jpg 574w\" sizes=\"(max-width: 300px) 100vw, 300px\" \/><\/a>O prefeito de Boqueir\u00e3o, Jo\u00e3o Paulo Segundo (PSD), est\u00e1 reivindicando reembolso do cach\u00ea de R$ 40 mil pagos ao cantor paraibano Luan Estilizado para realiza\u00e7\u00e3o de um show no dia 25 de junho, durante o S\u00e3o Jo\u00e3o da cidade, e que foi cancelado por conta de conflito na agenda do artista. Jo\u00e3o Paulo publicou o contrato e uma nota em uma rede social na noite de domingo (2).<\/p>\n<p>Conforme o gestor no contrato est\u00e1 especificado o hor\u00e1rio do show do artista, que seria \u00e0s 23h50 do dia 25 de junho, que n\u00e3o aconteceu. Ap\u00f3s o cancelamento do show, segundo a publica\u00e7\u00e3o do prefeito, a produ\u00e7\u00e3o de Luan Estilizado remarcou para o dia 13 de julho uma nova apresenta\u00e7\u00e3o no munic\u00edpio.<\/p>\n<p>Por\u00e9m, para o gestor, a data seria invi\u00e1vel para o povo boqueir\u00e3oense. \u201cJamais concordei [com a nova data] quando fiquei ciente na segunda-feira, Boqueir\u00e3o merece respeito, uma festa numa quinta-feira onde todos s\u00e3o trabalhadores n\u00e3o seria vi\u00e1vel\u201d, afirmou Jo\u00e3o Paulo.<\/p>\n<p>O prefeito ent\u00e3o pede reembolso do valor pago a Luan Estilizado. \u201cQuem escolhe o dia de fazer festa na nossa Cidade n\u00e3o \u00e9 o cantor que est\u00e1 sendo PAGO e sim o povo que em sua maioria n\u00e3o achou certo numa quinta. Pedimos a devolu\u00e7\u00e3o do dinheiro\u201d, enfatizou.<\/p>\n<p>O que diz o empres\u00e1rio de Luan Estilizado<\/p>\n<p>Segundo F\u00e1bio Almeida, empres\u00e1rio de Luan Estilizado, o hor\u00e1rio acertado era diferente do que est\u00e1 no contrato divulgado nas redes sociais pelo prefeito Jo\u00e3o Paulo Segundo. \u201cQuando acertamos o show, quem fechou foi um secret\u00e1rio, ficou acertado o show \u00e0s 3h, e n\u00e3o sab\u00edamos de restri\u00e7\u00e3o de hor\u00e1rio. Na quinta-feira, esse secret\u00e1rio disse que havia uma restri\u00e7\u00e3o e s\u00f3 poderia shows na cidade at\u00e9 2h. Eu fui claro com eles, disse que Luan n\u00e3o chegava antes das 3h, e ficamos nesse impasse\u201d, relatou; acrescentando que em cinco anos de estrada o artista paraibano nunca perdeu um show.<\/p>\n<p>No domingo, dia marcado para o show, F\u00e1bio disse que Luan n\u00e3o chegaria a tempo para a apresenta\u00e7\u00e3o na cidade, com isso, acertou-se entra as partes um novo show. \u201cAcertamos de dar um show em outra data, lan\u00e7amos op\u00e7\u00f5es de datas, porque em julho temos 26 shows, passamos as datas livres e acertamos o dia 13 de julho; ficou tudo certo\u201d, afirmou Almeida.<\/p>\n<p>Sobre a publica\u00e7\u00e3o do prefeito e o pedido de reembolso, o empres\u00e1rio diz que a banda foi surpreendida. \u201cFomos surpreendidos com ele pedindo o dinheiro de volta, e a gente tem que aceitar. O dinheiro inclusive j\u00e1 foi devolvido. Eu mesmo falei com ele, e disse que est\u00e1 tudo bem, devolvemos j\u00e1 o dinheiro. Para fazer pol\u00edtica n\u00e3o queremos, e est\u00e1 tudo bem\u201d, finalizou Almeida. Com isso, n\u00e3o vai haver show de Luan Estilizado em Boqueir\u00e3o em uma nova data.<\/p>\n<p><em><strong>Cariri em Destaque\u00a0<\/strong><\/em><\/p>\n<p>Com Portal do Litoral<\/p>\n","protected":false},"excerpt":{"rendered":"<p>O prefeito de Boqueir\u00e3o, Jo\u00e3o Paulo Segundo (PSD), est\u00e1 reivindicando reembolso do cach\u00ea de R$ 40 mil pagos ao cantor paraibano Luan Estilizado para realiza\u00e7\u00e3o de um show no dia 25 de junho, durante o S\u00e3o Jo\u00e3o da cidade, e que foi cancelado por conta de conflito na agenda do artista. Jo\u00e3o Paulo publicou o contrato e uma nota em uma rede social na noite de domingo (2). Conforme o gestor no contrato est\u00e1 especificado o hor\u00e1rio do show do artista, que seria \u00e0s 23h50 do dia 25 de junho, que n\u00e3o aconteceu. Ap\u00f3s o cancelamento do show, segundo a publica\u00e7\u00e3o do prefeito, a produ\u00e7\u00e3o de Luan Estilizado remarcou para o dia 13 de julho uma nova apresenta\u00e7\u00e3o no munic\u00edpio. Por\u00e9m, para o gestor, a data seria invi\u00e1vel para o povo boqueir\u00e3oense. \u201cJamais concordei [com a nova data] quando fiquei ciente na segunda-feira, Boqueir\u00e3o merece respeito, uma festa numa quinta-feira onde todos s\u00e3o trabalhadores n\u00e3o seria vi\u00e1vel\u201d, afirmou Jo\u00e3o Paulo. O prefeito ent\u00e3o pede reembolso do valor pago a Luan Estilizado. \u201cQuem escolhe o dia de fazer festa na nossa Cidade n\u00e3o \u00e9 o cantor que est\u00e1 sendo PAGO e sim o povo que em sua maioria n\u00e3o achou certo numa quinta. Pedimos a devolu\u00e7\u00e3o do dinheiro\u201d, enfatizou. O que diz o empres\u00e1rio de Luan Estilizado Segundo F\u00e1bio Almeida, empres\u00e1rio de Luan Estilizado, o hor\u00e1rio acertado era diferente do que est\u00e1 no contrato divulgado nas redes sociais pelo prefeito Jo\u00e3o Paulo Segundo. \u201cQuando acertamos o show, quem fechou foi um secret\u00e1rio, ficou acertado o show \u00e0s 3h, e n\u00e3o sab\u00edamos de restri\u00e7\u00e3o de hor\u00e1rio. Na quinta-feira, esse secret\u00e1rio disse que havia uma restri\u00e7\u00e3o e s\u00f3 poderia shows na cidade at\u00e9 2h. Eu fui claro com eles, disse que Luan n\u00e3o chegava antes das 3h, e ficamos nesse impasse\u201d, relatou; acrescentando que em cinco anos de estrada o artista paraibano nunca perdeu um show. No domingo, dia marcado para o show, F\u00e1bio disse que Luan n\u00e3o chegaria a tempo para a apresenta\u00e7\u00e3o na cidade, com isso, acertou-se entra as partes um novo show. \u201cAcertamos de dar um show em outra data, lan\u00e7amos op\u00e7\u00f5es de datas, porque em julho temos 26 shows, passamos as datas livres e acertamos o dia 13 de julho; ficou tudo certo\u201d, afirmou Almeida. Sobre a publica\u00e7\u00e3o do prefeito e o pedido de reembolso, o empres\u00e1rio diz que a banda foi surpreendida. \u201cFomos surpreendidos com ele pedindo o dinheiro de volta, e a gente tem que aceitar. O dinheiro inclusive j\u00e1 foi devolvido. Eu mesmo falei com ele, e disse que est\u00e1 tudo bem, devolvemos j\u00e1 o dinheiro. Para fazer pol\u00edtica n\u00e3o queremos, e est\u00e1 tudo bem\u201d, finalizou Almeida. Com isso, n\u00e3o vai haver show de Luan Estilizado em Boqueir\u00e3o em uma nova data. Cariri em Destaque\u00a0 Com Portal do Litoral<\/p>\n","protected":false},"author":2,"featured_media":1276,"comment_status":"closed","ping_status":"open","sticky":false,"template":"","format":"standard","meta":{"_eb_attr":"","_jetpack_memberships_contains_paid_content":false,"footnotes":""},"categories":[3],"tags":[],"class_list":["post-1275","post","type-post","status-publish","format-standard","has-post-thumbnail","hentry","category-cidades"],"yoast_head":"<!-- This site is optimized with the Yoast SEO plugin v26.5 - https:\/\/yoast.com\/wordpress\/plugins\/seo\/ -->\n<title>Prefeito pede reembolso de R$ 40 mil a Luan Estilizado depois que cantor desmarcou show no S\u00e3o Jo\u00e3o - Not&iacute;cias em Destaque<\/title>\n<meta name=\"robots\" content=\"index, follow, max-snippet:-1, max-image-preview:large, max-video-preview:-1\" \/>\n<link rel=\"canonical\" href=\"https:\/\/noticiasemdestaque.com\/cd\/?p=1275\" \/>\n<meta property=\"og:locale\" content=\"pt_BR\" \/>\n<meta property=\"og:type\" content=\"article\" \/>\n<meta property=\"og:title\" content=\"Prefeito pede reembolso de R$ 40 mil a Luan Estilizado depois que cantor desmarcou show no S\u00e3o Jo\u00e3o - Not&iacute;cias em Destaque\" \/>\n<meta property=\"og:description\" content=\"O prefeito de Boqueir\u00e3o, Jo\u00e3o Paulo Segundo (PSD), est\u00e1 reivindicando reembolso do cach\u00ea de R$ 40 mil pagos ao cantor paraibano Luan Estilizado para realiza\u00e7\u00e3o de um show no dia 25 de junho, durante o S\u00e3o Jo\u00e3o da cidade, e que foi cancelado por conta de conflito na agenda do artista. Jo\u00e3o Paulo publicou o contrato e uma nota em uma rede social na noite de domingo (2). Conforme o gestor no contrato est\u00e1 especificado o hor\u00e1rio do show do artista, que seria \u00e0s 23h50 do dia 25 de junho, que n\u00e3o aconteceu. Ap\u00f3s o cancelamento do show, segundo a publica\u00e7\u00e3o do prefeito, a produ\u00e7\u00e3o de Luan Estilizado remarcou para o dia 13 de julho uma nova apresenta\u00e7\u00e3o no munic\u00edpio. Por\u00e9m, para o gestor, a data seria invi\u00e1vel para o povo boqueir\u00e3oense. \u201cJamais concordei [com a nova data] quando fiquei ciente na segunda-feira, Boqueir\u00e3o merece respeito, uma festa numa quinta-feira onde todos s\u00e3o trabalhadores n\u00e3o seria vi\u00e1vel\u201d, afirmou Jo\u00e3o Paulo. O prefeito ent\u00e3o pede reembolso do valor pago a Luan Estilizado. \u201cQuem escolhe o dia de fazer festa na nossa Cidade n\u00e3o \u00e9 o cantor que est\u00e1 sendo PAGO e sim o povo que em sua maioria n\u00e3o achou certo numa quinta. Pedimos a devolu\u00e7\u00e3o do dinheiro\u201d, enfatizou. O que diz o empres\u00e1rio de Luan Estilizado Segundo F\u00e1bio Almeida, empres\u00e1rio de Luan Estilizado, o hor\u00e1rio acertado era diferente do que est\u00e1 no contrato divulgado nas redes sociais pelo prefeito Jo\u00e3o Paulo Segundo. \u201cQuando acertamos o show, quem fechou foi um secret\u00e1rio, ficou acertado o show \u00e0s 3h, e n\u00e3o sab\u00edamos de restri\u00e7\u00e3o de hor\u00e1rio. Na quinta-feira, esse secret\u00e1rio disse que havia uma restri\u00e7\u00e3o e s\u00f3 poderia shows na cidade at\u00e9 2h. Eu fui claro com eles, disse que Luan n\u00e3o chegava antes das 3h, e ficamos nesse impasse\u201d, relatou; acrescentando que em cinco anos de estrada o artista paraibano nunca perdeu um show. No domingo, dia marcado para o show, F\u00e1bio disse que Luan n\u00e3o chegaria a tempo para a apresenta\u00e7\u00e3o na cidade, com isso, acertou-se entra as partes um novo show. \u201cAcertamos de dar um show em outra data, lan\u00e7amos op\u00e7\u00f5es de datas, porque em julho temos 26 shows, passamos as datas livres e acertamos o dia 13 de julho; ficou tudo certo\u201d, afirmou Almeida. Sobre a publica\u00e7\u00e3o do prefeito e o pedido de reembolso, o empres\u00e1rio diz que a banda foi surpreendida. \u201cFomos surpreendidos com ele pedindo o dinheiro de volta, e a gente tem que aceitar. O dinheiro inclusive j\u00e1 foi devolvido. Eu mesmo falei com ele, e disse que est\u00e1 tudo bem, devolvemos j\u00e1 o dinheiro. Para fazer pol\u00edtica n\u00e3o queremos, e est\u00e1 tudo bem\u201d, finalizou Almeida. Com isso, n\u00e3o vai haver show de Luan Estilizado em Boqueir\u00e3o em uma nova data. Cariri em Destaque\u00a0 Com Portal do Litoral\" \/>\n<meta property=\"og:url\" content=\"https:\/\/noticiasemdestaque.com\/cd\/?p=1275\" \/>\n<meta property=\"og:site_name\" content=\"Not&iacute;cias em Destaque\" \/>\n<meta property=\"article:published_time\" content=\"2017-07-04T17:32:14+00:00\" \/>\n<meta property=\"og:image\" content=\"https:\/\/noticiasemdestaque.com\/cd\/wp-content\/uploads\/2017\/07\/4-10.jpg\" \/>\n\t<meta property=\"og:image:width\" content=\"574\" \/>\n\t<meta property=\"og:image:height\" content=\"383\" \/>\n\t<meta property=\"og:image:type\" content=\"image\/jpeg\" \/>\n<meta name=\"author\" content=\"Not\u00edcias em Destaque\" \/>\n<meta name=\"twitter:card\" content=\"summary_large_image\" \/>\n<meta name=\"twitter:label1\" content=\"Escrito por\" \/>\n\t<meta name=\"twitter:data1\" content=\"Not\u00edcias em Destaque\" \/>\n\t<meta name=\"twitter:label2\" content=\"Est. tempo de leitura\" \/>\n\t<meta name=\"twitter:data2\" content=\"3 minutos\" \/>\n<script type=\"application\/ld+json\" class=\"yoast-schema-graph\">{\"@context\":\"https:\/\/schema.org\",\"@graph\":[{\"@type\":\"Article\",\"@id\":\"https:\/\/noticiasemdestaque.com\/cd\/?p=1275#article\",\"isPartOf\":{\"@id\":\"https:\/\/noticiasemdestaque.com\/cd\/?p=1275\"},\"author\":{\"name\":\"Not\u00edcias em Destaque\",\"@id\":\"https:\/\/noticiasemdestaque.com\/cd\/#\/schema\/person\/4a81fb71f77579d059c3045891fa1786\"},\"headline\":\"Prefeito pede reembolso de R$ 40 mil a Luan Estilizado depois que cantor desmarcou show no S\u00e3o Jo\u00e3o\",\"datePublished\":\"2017-07-04T17:32:14+00:00\",\"mainEntityOfPage\":{\"@id\":\"https:\/\/noticiasemdestaque.com\/cd\/?p=1275\"},\"wordCount\":523,\"publisher\":{\"@id\":\"https:\/\/noticiasemdestaque.com\/cd\/#organization\"},\"image\":{\"@id\":\"https:\/\/noticiasemdestaque.com\/cd\/?p=1275#primaryimage\"},\"thumbnailUrl\":\"https:\/\/noticiasemdestaque.com\/cd\/wp-content\/uploads\/2017\/07\/4-10.jpg\",\"articleSection\":[\"Cidades\"],\"inLanguage\":\"pt-BR\"},{\"@type\":\"WebPage\",\"@id\":\"https:\/\/noticiasemdestaque.com\/cd\/?p=1275\",\"url\":\"https:\/\/noticiasemdestaque.com\/cd\/?p=1275\",\"name\":\"Prefeito pede reembolso de R$ 40 mil a Luan Estilizado depois que cantor desmarcou show no S\u00e3o Jo\u00e3o - Not&iacute;cias em Destaque\",\"isPartOf\":{\"@id\":\"https:\/\/noticiasemdestaque.com\/cd\/#website\"},\"primaryImageOfPage\":{\"@id\":\"https:\/\/noticiasemdestaque.com\/cd\/?p=1275#primaryimage\"},\"image\":{\"@id\":\"https:\/\/noticiasemdestaque.com\/cd\/?p=1275#primaryimage\"},\"thumbnailUrl\":\"https:\/\/noticiasemdestaque.com\/cd\/wp-content\/uploads\/2017\/07\/4-10.jpg\",\"datePublished\":\"2017-07-04T17:32:14+00:00\",\"breadcrumb\":{\"@id\":\"https:\/\/noticiasemdestaque.com\/cd\/?p=1275#breadcrumb\"},\"inLanguage\":\"pt-BR\",\"potentialAction\":[{\"@type\":\"ReadAction\",\"target\":[\"https:\/\/noticiasemdestaque.com\/cd\/?p=1275\"]}]},{\"@type\":\"ImageObject\",\"inLanguage\":\"pt-BR\",\"@id\":\"https:\/\/noticiasemdestaque.com\/cd\/?p=1275#primaryimage\",\"url\":\"https:\/\/noticiasemdestaque.com\/cd\/wp-content\/uploads\/2017\/07\/4-10.jpg\",\"contentUrl\":\"https:\/\/noticiasemdestaque.com\/cd\/wp-content\/uploads\/2017\/07\/4-10.jpg\",\"width\":574,\"height\":383},{\"@type\":\"BreadcrumbList\",\"@id\":\"https:\/\/noticiasemdestaque.com\/cd\/?p=1275#breadcrumb\",\"itemListElement\":[{\"@type\":\"ListItem\",\"position\":1,\"name\":\"In\u00edcio\",\"item\":\"https:\/\/noticiasemdestaque.com\/cd\/\"},{\"@type\":\"ListItem\",\"position\":2,\"name\":\"Prefeito pede reembolso de R$ 40 mil a Luan Estilizado depois que cantor desmarcou show no S\u00e3o Jo\u00e3o\"}]},{\"@type\":\"WebSite\",\"@id\":\"https:\/\/noticiasemdestaque.com\/cd\/#website\",\"url\":\"https:\/\/noticiasemdestaque.com\/cd\/\",\"name\":\"Not&iacute;cias em Destaque\",\"description\":\"\",\"publisher\":{\"@id\":\"https:\/\/noticiasemdestaque.com\/cd\/#organization\"},\"potentialAction\":[{\"@type\":\"SearchAction\",\"target\":{\"@type\":\"EntryPoint\",\"urlTemplate\":\"https:\/\/noticiasemdestaque.com\/cd\/?s={search_term_string}\"},\"query-input\":{\"@type\":\"PropertyValueSpecification\",\"valueRequired\":true,\"valueName\":\"search_term_string\"}}],\"inLanguage\":\"pt-BR\"},{\"@type\":\"Organization\",\"@id\":\"https:\/\/noticiasemdestaque.com\/cd\/#organization\",\"name\":\"Not\u00edcias em Destaque\",\"url\":\"https:\/\/noticiasemdestaque.com\/cd\/\",\"logo\":{\"@type\":\"ImageObject\",\"inLanguage\":\"pt-BR\",\"@id\":\"https:\/\/noticiasemdestaque.com\/cd\/#\/schema\/logo\/image\/\",\"url\":\"https:\/\/noticiasemdestaque.com\/cd\/wp-content\/uploads\/2022\/05\/imagem-base-noticiasemdestaque.png\",\"contentUrl\":\"https:\/\/noticiasemdestaque.com\/cd\/wp-content\/uploads\/2022\/05\/imagem-base-noticiasemdestaque.png\",\"width\":1200,\"height\":630,\"caption\":\"Not\u00edcias em Destaque\"},\"image\":{\"@id\":\"https:\/\/noticiasemdestaque.com\/cd\/#\/schema\/logo\/image\/\"}},{\"@type\":\"Person\",\"@id\":\"https:\/\/noticiasemdestaque.com\/cd\/#\/schema\/person\/4a81fb71f77579d059c3045891fa1786\",\"name\":\"Not\u00edcias em Destaque\",\"url\":\"https:\/\/noticiasemdestaque.com\/cd\/?author=2\"}]}<\/script>\n<!-- \/ Yoast SEO plugin. -->","yoast_head_json":{"title":"Prefeito pede reembolso de R$ 40 mil a Luan Estilizado depois que cantor desmarcou show no S\u00e3o Jo\u00e3o - Not&iacute;cias em Destaque","robots":{"index":"index","follow":"follow","max-snippet":"max-snippet:-1","max-image-preview":"max-image-preview:large","max-video-preview":"max-video-preview:-1"},"canonical":"https:\/\/noticiasemdestaque.com\/cd\/?p=1275","og_locale":"pt_BR","og_type":"article","og_title":"Prefeito pede reembolso de R$ 40 mil a Luan Estilizado depois que cantor desmarcou show no S\u00e3o Jo\u00e3o - Not&iacute;cias em Destaque","og_description":"O prefeito de Boqueir\u00e3o, Jo\u00e3o Paulo Segundo (PSD), est\u00e1 reivindicando reembolso do cach\u00ea de R$ 40 mil pagos ao cantor paraibano Luan Estilizado para realiza\u00e7\u00e3o de um show no dia 25 de junho, durante o S\u00e3o Jo\u00e3o da cidade, e que foi cancelado por conta de conflito na agenda do artista. Jo\u00e3o Paulo publicou o contrato e uma nota em uma rede social na noite de domingo (2). Conforme o gestor no contrato est\u00e1 especificado o hor\u00e1rio do show do artista, que seria \u00e0s 23h50 do dia 25 de junho, que n\u00e3o aconteceu. Ap\u00f3s o cancelamento do show, segundo a publica\u00e7\u00e3o do prefeito, a produ\u00e7\u00e3o de Luan Estilizado remarcou para o dia 13 de julho uma nova apresenta\u00e7\u00e3o no munic\u00edpio. Por\u00e9m, para o gestor, a data seria invi\u00e1vel para o povo boqueir\u00e3oense. \u201cJamais concordei [com a nova data] quando fiquei ciente na segunda-feira, Boqueir\u00e3o merece respeito, uma festa numa quinta-feira onde todos s\u00e3o trabalhadores n\u00e3o seria vi\u00e1vel\u201d, afirmou Jo\u00e3o Paulo. O prefeito ent\u00e3o pede reembolso do valor pago a Luan Estilizado. \u201cQuem escolhe o dia de fazer festa na nossa Cidade n\u00e3o \u00e9 o cantor que est\u00e1 sendo PAGO e sim o povo que em sua maioria n\u00e3o achou certo numa quinta. Pedimos a devolu\u00e7\u00e3o do dinheiro\u201d, enfatizou. O que diz o empres\u00e1rio de Luan Estilizado Segundo F\u00e1bio Almeida, empres\u00e1rio de Luan Estilizado, o hor\u00e1rio acertado era diferente do que est\u00e1 no contrato divulgado nas redes sociais pelo prefeito Jo\u00e3o Paulo Segundo. \u201cQuando acertamos o show, quem fechou foi um secret\u00e1rio, ficou acertado o show \u00e0s 3h, e n\u00e3o sab\u00edamos de restri\u00e7\u00e3o de hor\u00e1rio. Na quinta-feira, esse secret\u00e1rio disse que havia uma restri\u00e7\u00e3o e s\u00f3 poderia shows na cidade at\u00e9 2h. Eu fui claro com eles, disse que Luan n\u00e3o chegava antes das 3h, e ficamos nesse impasse\u201d, relatou; acrescentando que em cinco anos de estrada o artista paraibano nunca perdeu um show. No domingo, dia marcado para o show, F\u00e1bio disse que Luan n\u00e3o chegaria a tempo para a apresenta\u00e7\u00e3o na cidade, com isso, acertou-se entra as partes um novo show. \u201cAcertamos de dar um show em outra data, lan\u00e7amos op\u00e7\u00f5es de datas, porque em julho temos 26 shows, passamos as datas livres e acertamos o dia 13 de julho; ficou tudo certo\u201d, afirmou Almeida. Sobre a publica\u00e7\u00e3o do prefeito e o pedido de reembolso, o empres\u00e1rio diz que a banda foi surpreendida. \u201cFomos surpreendidos com ele pedindo o dinheiro de volta, e a gente tem que aceitar. O dinheiro inclusive j\u00e1 foi devolvido. Eu mesmo falei com ele, e disse que est\u00e1 tudo bem, devolvemos j\u00e1 o dinheiro. Para fazer pol\u00edtica n\u00e3o queremos, e est\u00e1 tudo bem\u201d, finalizou Almeida. Com isso, n\u00e3o vai haver show de Luan Estilizado em Boqueir\u00e3o em uma nova data. Cariri em Destaque\u00a0 Com Portal do Litoral","og_url":"https:\/\/noticiasemdestaque.com\/cd\/?p=1275","og_site_name":"Not&iacute;cias em Destaque","article_published_time":"2017-07-04T17:32:14+00:00","og_image":[{"width":574,"height":383,"url":"https:\/\/noticiasemdestaque.com\/cd\/wp-content\/uploads\/2017\/07\/4-10.jpg","type":"image\/jpeg"}],"author":"Not\u00edcias em Destaque","twitter_card":"summary_large_image","twitter_misc":{"Escrito por":"Not\u00edcias em Destaque","Est. tempo de leitura":"3 minutos"},"schema":{"@context":"https:\/\/schema.org","@graph":[{"@type":"Article","@id":"https:\/\/noticiasemdestaque.com\/cd\/?p=1275#article","isPartOf":{"@id":"https:\/\/noticiasemdestaque.com\/cd\/?p=1275"},"author":{"name":"Not\u00edcias em Destaque","@id":"https:\/\/noticiasemdestaque.com\/cd\/#\/schema\/person\/4a81fb71f77579d059c3045891fa1786"},"headline":"Prefeito pede reembolso de R$ 40 mil a Luan Estilizado depois que cantor desmarcou show no S\u00e3o Jo\u00e3o","datePublished":"2017-07-04T17:32:14+00:00","mainEntityOfPage":{"@id":"https:\/\/noticiasemdestaque.com\/cd\/?p=1275"},"wordCount":523,"publisher":{"@id":"https:\/\/noticiasemdestaque.com\/cd\/#organization"},"image":{"@id":"https:\/\/noticiasemdestaque.com\/cd\/?p=1275#primaryimage"},"thumbnailUrl":"https:\/\/noticiasemdestaque.com\/cd\/wp-content\/uploads\/2017\/07\/4-10.jpg","articleSection":["Cidades"],"inLanguage":"pt-BR"},{"@type":"WebPage","@id":"https:\/\/noticiasemdestaque.com\/cd\/?p=1275","url":"https:\/\/noticiasemdestaque.com\/cd\/?p=1275","name":"Prefeito pede reembolso de R$ 40 mil a Luan Estilizado depois que cantor desmarcou show no S\u00e3o Jo\u00e3o - Not&iacute;cias em Destaque","isPartOf":{"@id":"https:\/\/noticiasemdestaque.com\/cd\/#website"},"primaryImageOfPage":{"@id":"https:\/\/noticiasemdestaque.com\/cd\/?p=1275#primaryimage"},"image":{"@id":"https:\/\/noticiasemdestaque.com\/cd\/?p=1275#primaryimage"},"thumbnailUrl":"https:\/\/noticiasemdestaque.com\/cd\/wp-content\/uploads\/2017\/07\/4-10.jpg","datePublished":"2017-07-04T17:32:14+00:00","breadcrumb":{"@id":"https:\/\/noticiasemdestaque.com\/cd\/?p=1275#breadcrumb"},"inLanguage":"pt-BR","potentialAction":[{"@type":"ReadAction","target":["https:\/\/noticiasemdestaque.com\/cd\/?p=1275"]}]},{"@type":"ImageObject","inLanguage":"pt-BR","@id":"https:\/\/noticiasemdestaque.com\/cd\/?p=1275#primaryimage","url":"https:\/\/noticiasemdestaque.com\/cd\/wp-content\/uploads\/2017\/07\/4-10.jpg","contentUrl":"https:\/\/noticiasemdestaque.com\/cd\/wp-content\/uploads\/2017\/07\/4-10.jpg","width":574,"height":383},{"@type":"BreadcrumbList","@id":"https:\/\/noticiasemdestaque.com\/cd\/?p=1275#breadcrumb","itemListElement":[{"@type":"ListItem","position":1,"name":"In\u00edcio","item":"https:\/\/noticiasemdestaque.com\/cd\/"},{"@type":"ListItem","position":2,"name":"Prefeito pede reembolso de R$ 40 mil a Luan Estilizado depois que cantor desmarcou show no S\u00e3o Jo\u00e3o"}]},{"@type":"WebSite","@id":"https:\/\/noticiasemdestaque.com\/cd\/#website","url":"https:\/\/noticiasemdestaque.com\/cd\/","name":"Not&iacute;cias em Destaque","description":"","publisher":{"@id":"https:\/\/noticiasemdestaque.com\/cd\/#organization"},"potentialAction":[{"@type":"SearchAction","target":{"@type":"EntryPoint","urlTemplate":"https:\/\/noticiasemdestaque.com\/cd\/?s={search_term_string}"},"query-input":{"@type":"PropertyValueSpecification","valueRequired":true,"valueName":"search_term_string"}}],"inLanguage":"pt-BR"},{"@type":"Organization","@id":"https:\/\/noticiasemdestaque.com\/cd\/#organization","name":"Not\u00edcias em Destaque","url":"https:\/\/noticiasemdestaque.com\/cd\/","logo":{"@type":"ImageObject","inLanguage":"pt-BR","@id":"https:\/\/noticiasemdestaque.com\/cd\/#\/schema\/logo\/image\/","url":"https:\/\/noticiasemdestaque.com\/cd\/wp-content\/uploads\/2022\/05\/imagem-base-noticiasemdestaque.png","contentUrl":"https:\/\/noticiasemdestaque.com\/cd\/wp-content\/uploads\/2022\/05\/imagem-base-noticiasemdestaque.png","width":1200,"height":630,"caption":"Not\u00edcias em Destaque"},"image":{"@id":"https:\/\/noticiasemdestaque.com\/cd\/#\/schema\/logo\/image\/"}},{"@type":"Person","@id":"https:\/\/noticiasemdestaque.com\/cd\/#\/schema\/person\/4a81fb71f77579d059c3045891fa1786","name":"Not\u00edcias em Destaque","url":"https:\/\/noticiasemdestaque.com\/cd\/?author=2"}]}},"jetpack_featured_media_url":"https:\/\/noticiasemdestaque.com\/cd\/wp-content\/uploads\/2017\/07\/4-10.jpg","jetpack_sharing_enabled":true,"_links":{"self":[{"href":"https:\/\/noticiasemdestaque.com\/cd\/index.php?rest_route=\/wp\/v2\/posts\/1275","targetHints":{"allow":["GET"]}}],"collection":[{"href":"https:\/\/noticiasemdestaque.com\/cd\/index.php?rest_route=\/wp\/v2\/posts"}],"about":[{"href":"https:\/\/noticiasemdestaque.com\/cd\/index.php?rest_route=\/wp\/v2\/types\/post"}],"author":[{"embeddable":true,"href":"https:\/\/noticiasemdestaque.com\/cd\/index.php?rest_route=\/wp\/v2\/users\/2"}],"replies":[{"embeddable":true,"href":"https:\/\/noticiasemdestaque.com\/cd\/index.php?rest_route=%2Fwp%2Fv2%2Fcomments&post=1275"}],"version-history":[{"count":1,"href":"https:\/\/noticiasemdestaque.com\/cd\/index.php?rest_route=\/wp\/v2\/posts\/1275\/revisions"}],"predecessor-version":[{"id":1277,"href":"https:\/\/noticiasemdestaque.com\/cd\/index.php?rest_route=\/wp\/v2\/posts\/1275\/revisions\/1277"}],"wp:featuredmedia":[{"embeddable":true,"href":"https:\/\/noticiasemdestaque.com\/cd\/index.php?rest_route=\/wp\/v2\/media\/1276"}],"wp:attachment":[{"href":"https:\/\/noticiasemdestaque.com\/cd\/index.php?rest_route=%2Fwp%2Fv2%2Fmedia&parent=1275"}],"wp:term":[{"taxonomy":"category","embeddable":true,"href":"https:\/\/noticiasemdestaque.com\/cd\/index.php?rest_route=%2Fwp%2Fv2%2Fcategories&post=1275"},{"taxonomy":"post_tag","embeddable":true,"href":"https:\/\/noticiasemdestaque.com\/cd\/index.php?rest_route=%2Fwp%2Fv2%2Ftags&post=1275"}],"curies":[{"name":"wp","href":"https:\/\/api.w.org\/{rel}","templated":true}]}}