{"id":12696,"date":"2018-09-11T18:12:58","date_gmt":"2018-09-11T21:12:58","guid":{"rendered":"http:\/\/caririemdestaque.com\/cd\/?p=12696"},"modified":"2018-09-11T18:18:53","modified_gmt":"2018-09-11T21:18:53","slug":"pt-anuncia-candidatura-de-fernando-haddad-a-presidencia-no-lugar-de-lula","status":"publish","type":"post","link":"https:\/\/noticiasemdestaque.com\/cd\/?p=12696","title":{"rendered":"PT anuncia candidatura de Fernando Haddad \u00e0 Presid\u00eancia no lugar de Lula"},"content":{"rendered":"<div class=\"mc-column content-text active-extra-styles active-capital-letter\" data-block-type=\"unstyled\" data-block-weight=\"40\" data-block-id=\"2\">\n<p data-track-category=\"Link no Texto\" data-track-links=\"\"><a href=\"http:\/\/caririemdestaque.com\/cd\/wp-content\/uploads\/2018\/09\/images.jpg\"><img fetchpriority=\"high\" decoding=\"async\" class=\"alignleft wp-image-12697 size-full\" src=\"http:\/\/caririemdestaque.com\/cd\/wp-content\/uploads\/2018\/09\/images.jpg\" alt=\"\" width=\"271\" height=\"186\" \/><\/a><\/p>\n<p class=\"content-text__container theme-color-primary-first-letter\" data-track-category=\"Link no Texto\" data-track-links=\"\">O Partido dos Trabalhadores (PT) anunciou nesta ter\u00e7a-feira (11) que\u00a0Fernando Haddad concorrer\u00e1 \u00e0 Presid\u00eancia da Rep\u00fablica pela legenda no lugar do ex-presidente\u00a0Luiz In\u00e1cio Lula da Silva, que teve o\u00a0registro de candidatura rejeitado pelo Tribunal Superior Eleitoral (TSE).<\/p>\n<\/div>\n<div class=\"wall\">\n<div class=\"mc-column content-text active-extra-styles \" data-block-type=\"unstyled\" data-block-weight=\"42\" data-block-id=\"3\">\n<p class=\"content-text__container \" data-track-category=\"Link no Texto\" data-track-links=\"\">O prazo dado pelo TSE para o partido apresentar \u00e0 Justi\u00e7a Eleitoral o substituto de Lula terminava \u00e0s 19h desta ter\u00e7a-feira. Na chapa original, Haddad era o vice de Lula. Na nova forma\u00e7\u00e3o, a candidata \u00e0 vice-presid\u00eancia ser\u00e1\u00a0Manuela D&#8217;\u00c1vila, do PCdoB.<\/p>\n<\/div>\n<div class=\"mc-column content-text active-extra-styles \" data-block-type=\"unstyled\" data-block-weight=\"42\" data-block-id=\"4\">\n<p class=\"content-text__container \" data-track-category=\"Link no Texto\" data-track-links=\"\">O an\u00fancio foi feito em Curitiba, onde Lula est\u00e1\u00a0preso desde 7 de abril,\u00a0cumprindo pena de 12 anos e 1 m\u00eas de pris\u00e3o\u00a0por corrup\u00e7\u00e3o passiva e lavagem de dinheiro no caso da Lava Jato envolvendo o triplex em Guaruj\u00e1 (SP).<\/p>\n<\/div>\n<div class=\"mc-column content-text active-extra-styles \" data-block-type=\"unstyled\" data-block-weight=\"31\" data-block-id=\"5\">\n<p class=\"content-text__container \" data-track-category=\"Link no Texto\" data-track-links=\"\">Pela manh\u00e3, a executiva nacional do partido se reuniu em um hotel na capital paranaense. Haddad participou do encontro e chegou \u00e0 Superintend\u00eancia da PF, onde Lula est\u00e1 preso, \u00e0s 15h30.<\/p>\n<\/div>\n<div class=\"mc-column content-text active-extra-styles \" data-block-type=\"unstyled\" data-block-weight=\"55\" data-block-id=\"6\">\n<p class=\"content-text__container \" data-track-category=\"Link no Texto\" data-track-links=\"\">Ap\u00f3s se reunir com o ex-presidente, Haddad deixou o pr\u00e9dio da PF por volta das 17h15 e falou para a milit\u00e2ncia que esperava do lado de fora. Subiram o palanque com ele a candidata a vice Manuela D&#8217;\u00c1vila, a ex-presidente Dilma Rousseff, a presidente nacional do PT, senadora Gleisi Hoffman e outros membros do partido.<\/p>\n<\/div>\n<div class=\"mc-column content-text active-extra-styles \" data-block-type=\"unstyled\" data-block-weight=\"43\" data-block-id=\"7\">\n<p class=\"content-text__container \" data-track-category=\"Link no Texto\" data-track-links=\"\">&#8220;\u00c9 hora de sair na rua de cabe\u00e7a erguida e ganhar essa elei\u00e7\u00e3o&#8221;, afirmou Haddad. Ele afirmou que todos receberam &#8220;uma miss\u00e3o do ex-presidente&#8221;. Gleisi apresentou Haddad como candidato a presidente pelo PT e &#8220;representante de Lula&#8221; na elei\u00e7\u00e3o e Manuela como vice.<\/p>\n<\/div>\n<div class=\"mc-column content-text active-extra-styles\" data-block-type=\"raw\" data-block-weight=\"3\" data-block-id=\"8\">\n<div class=\"content-intertitle\">\n<h2>Carta de Lula<\/h2>\n<\/div>\n<\/div>\n<div class=\"mc-column content-text active-extra-styles \" data-block-type=\"unstyled\" data-block-weight=\"47\" data-block-id=\"9\">\n<p class=\"content-text__container \" data-track-category=\"Link no Texto\" data-track-links=\"\">Luiz Eduardo Greenhalgh, um dos fundadores do partido, leu uma carta de Lula indicando Haddad como seu substituto na corrida pelo Planalto \u2013 chamada de &#8220;Carta ao Povo Brasileiro&#8221;, mesmo t\u00edtulo de um texto divulgado pelo petista nas elei\u00e7\u00f5es de 2002, quando foi eleito pela primeira vez.<\/p>\n<p class=\"content-text__container \" data-track-category=\"Link no Texto\" data-track-links=\"\"><span style=\"font-family: inherit; font-size: inherit; font-style: inherit; font-variant-ligatures: inherit; font-variant-caps: inherit; font-weight: inherit; text-align: center;\">No texto, Lula afirma que foi &#8220;inclu\u00eddo artificialmente na Lei da Ficha Limpa&#8221; para n\u00e3o poder disputar as elei\u00e7\u00f5es e que teve que tomar uma decis\u00e3o no prazo imposto pela Justi\u00e7a.<\/span><\/p>\n<\/div>\n<div class=\"mc-column content-text active-extra-styles \" data-block-type=\"unstyled\" data-block-weight=\"57\" data-block-id=\"12\">\n<p class=\"content-text__container \" data-track-category=\"Link no Texto\" data-track-links=\"\">&#8220;\u00c9 diante dessas circunst\u00e2ncias que tenho de tomar uma decis\u00e3o, no prazo que foi imposto de forma arbitr\u00e1ria. Estou indicando ao PT e \u00e0 Coliga\u00e7\u00e3o &#8216;O Povo Feliz de Novo&#8217; a substitui\u00e7\u00e3o da minha candidatura pela do companheiro Fernando Haddad, que at\u00e9 este momento desempenhou com extrema lealdade a posi\u00e7\u00e3o de candidato a vice-presidente&#8221;, diz a carta.<\/p>\n<\/div>\n<div class=\"mc-column content-text active-extra-styles \" data-block-type=\"unstyled\" data-block-weight=\"57\" data-block-id=\"13\">\n<p class=\"content-text__container \" data-track-category=\"Link no Texto\" data-track-links=\"\">&#8220;Ao lado dele, como candidata a vice-presidente, teremos a companheira Manuela D\u2019\u00c1vila, confirmando nossa alian\u00e7a hist\u00f3rica com o PCdoB, e que tamb\u00e9m conta com outras for\u00e7as, como o PROS, setores do PSB, lideran\u00e7as de outros partidos e, principalmente, com os movimentos sociais, trabalhadores da cidade e do campo, expoentes das for\u00e7as democr\u00e1ticas e populares&#8221;, segue o texto.<\/p>\n<\/div>\n<div class=\"mc-column content-text active-extra-styles\" data-block-type=\"raw\" data-block-weight=\"1\" data-block-id=\"14\">\n<div class=\"content-intertitle\">\n<h2>Prazo<\/h2>\n<\/div>\n<\/div>\n<div class=\"mc-column content-text active-extra-styles \" data-block-type=\"unstyled\" data-block-weight=\"28\" data-block-id=\"15\">\n<p class=\"content-text__container \" data-track-category=\"Link no Texto\" data-track-links=\"\">Os ministros do TSE rejeitaram a candidatura Lula em 1\u00ba de setembro e deram 10 dias para o PT substituir o candidato \u2013 prazo que terminava nesta ter\u00e7a.<\/p>\n<\/div>\n<div class=\"mc-column content-text active-extra-styles \" data-block-type=\"unstyled\" data-block-weight=\"46\" data-block-id=\"16\">\n<p class=\"content-text__container \" data-track-category=\"Link no Texto\" data-track-links=\"\">Na segunda (10), a defesa do ex-presidente havia\u00a0recorrido ao Supremo Tribunal Federal (STF)\u00a0para ampliar o prazo at\u00e9 17 de setembro. O recurso, entretanto, n\u00e3o chegou a ser analisado at\u00e9 esta ter\u00e7a, e o partido acabou decidindo por anunciar a substitui\u00e7\u00e3o de Lula por Haddad.<\/p>\n<\/div>\n<div class=\"mc-column content-text active-extra-styles \" data-block-type=\"unstyled\" data-block-weight=\"19\" data-block-id=\"17\">\n<p class=\"content-text__container \" data-track-category=\"Link no Texto\" data-track-links=\"\">Os advogados tinham feito o mesmo pedido ao TSE, que foi\u00a0rejeitado pela presidente do tribunal, ministra Rosa Weber.<\/p>\n<\/div>\n<div class=\"mc-column content-text active-extra-styles \" data-block-type=\"unstyled\" data-block-weight=\"35\" data-block-id=\"18\">\n<p class=\"content-text__container \" data-track-category=\"Link no Texto\" data-track-links=\"\">Caso o partido n\u00e3o apresentasse o substituto na chapa, de acordo com entendimento da Justi\u00e7a Eleitoral, ficaria de fora da corrida presidencial, e o tempo de propaganda na TV seria redistribu\u00eddo entre os demais partidos.<\/p>\n<p data-track-category=\"Link no Texto\" data-track-links=\"\">G1<\/p>\n<\/div>\n<\/div>\n","protected":false},"excerpt":{"rendered":"<p>O Partido dos Trabalhadores (PT) anunciou nesta ter\u00e7a-feira (11) que\u00a0Fernando Haddad concorrer\u00e1 \u00e0 Presid\u00eancia da Rep\u00fablica pela legenda no lugar do ex-presidente\u00a0Luiz In\u00e1cio Lula da Silva, que teve o\u00a0registro de candidatura rejeitado pelo Tribunal Superior Eleitoral (TSE). O prazo dado pelo TSE para o partido apresentar \u00e0 Justi\u00e7a Eleitoral o substituto de Lula terminava \u00e0s 19h desta ter\u00e7a-feira. Na chapa original, Haddad era o vice de Lula. Na nova forma\u00e7\u00e3o, a candidata \u00e0 vice-presid\u00eancia ser\u00e1\u00a0Manuela D&#8217;\u00c1vila, do PCdoB. O an\u00fancio foi feito em Curitiba, onde Lula est\u00e1\u00a0preso desde 7 de abril,\u00a0cumprindo pena de 12 anos e 1 m\u00eas de pris\u00e3o\u00a0por corrup\u00e7\u00e3o passiva e lavagem de dinheiro no caso da Lava Jato envolvendo o triplex em Guaruj\u00e1 (SP). Pela manh\u00e3, a executiva nacional do partido se reuniu em um hotel na capital paranaense. Haddad participou do encontro e chegou \u00e0 Superintend\u00eancia da PF, onde Lula est\u00e1 preso, \u00e0s 15h30. Ap\u00f3s se reunir com o ex-presidente, Haddad deixou o pr\u00e9dio da PF por volta das 17h15 e falou para a milit\u00e2ncia que esperava do lado de fora. Subiram o palanque com ele a candidata a vice Manuela D&#8217;\u00c1vila, a ex-presidente Dilma Rousseff, a presidente nacional do PT, senadora Gleisi Hoffman e outros membros do partido. &#8220;\u00c9 hora de sair na rua de cabe\u00e7a erguida e ganhar essa elei\u00e7\u00e3o&#8221;, afirmou Haddad. Ele afirmou que todos receberam &#8220;uma miss\u00e3o do ex-presidente&#8221;. Gleisi apresentou Haddad como candidato a presidente pelo PT e &#8220;representante de Lula&#8221; na elei\u00e7\u00e3o e Manuela como vice. Carta de Lula Luiz Eduardo Greenhalgh, um dos fundadores do partido, leu uma carta de Lula indicando Haddad como seu substituto na corrida pelo Planalto \u2013 chamada de &#8220;Carta ao Povo Brasileiro&#8221;, mesmo t\u00edtulo de um texto divulgado pelo petista nas elei\u00e7\u00f5es de 2002, quando foi eleito pela primeira vez. No texto, Lula afirma que foi &#8220;inclu\u00eddo artificialmente na Lei da Ficha Limpa&#8221; para n\u00e3o poder disputar as elei\u00e7\u00f5es e que teve que tomar uma decis\u00e3o no prazo imposto pela Justi\u00e7a. &#8220;\u00c9 diante dessas circunst\u00e2ncias que tenho de tomar uma decis\u00e3o, no prazo que foi imposto de forma arbitr\u00e1ria. Estou indicando ao PT e \u00e0 Coliga\u00e7\u00e3o &#8216;O Povo Feliz de Novo&#8217; a substitui\u00e7\u00e3o da minha candidatura pela do companheiro Fernando Haddad, que at\u00e9 este momento desempenhou com extrema lealdade a posi\u00e7\u00e3o de candidato a vice-presidente&#8221;, diz a carta. &#8220;Ao lado dele, como candidata a vice-presidente, teremos a companheira Manuela D\u2019\u00c1vila, confirmando nossa alian\u00e7a hist\u00f3rica com o PCdoB, e que tamb\u00e9m conta com outras for\u00e7as, como o PROS, setores do PSB, lideran\u00e7as de outros partidos e, principalmente, com os movimentos sociais, trabalhadores da cidade e do campo, expoentes das for\u00e7as democr\u00e1ticas e populares&#8221;, segue o texto. Prazo Os ministros do TSE rejeitaram a candidatura Lula em 1\u00ba de setembro e deram 10 dias para o PT substituir o candidato \u2013 prazo que terminava nesta ter\u00e7a. Na segunda (10), a defesa do ex-presidente havia\u00a0recorrido ao Supremo Tribunal Federal (STF)\u00a0para ampliar o prazo at\u00e9 17 de setembro. O recurso, entretanto, n\u00e3o chegou a ser analisado at\u00e9 esta ter\u00e7a, e o partido acabou decidindo por anunciar a substitui\u00e7\u00e3o de Lula por Haddad. Os advogados tinham feito o mesmo pedido ao TSE, que foi\u00a0rejeitado pela presidente do tribunal, ministra Rosa Weber. Caso o partido n\u00e3o apresentasse o substituto na chapa, de acordo com entendimento da Justi\u00e7a Eleitoral, ficaria de fora da corrida presidencial, e o tempo de propaganda na TV seria redistribu\u00eddo entre os demais partidos. G1<\/p>\n","protected":false},"author":2,"featured_media":12702,"comment_status":"closed","ping_status":"open","sticky":false,"template":"","format":"standard","meta":{"_eb_attr":"","_jetpack_memberships_contains_paid_content":false,"footnotes":""},"categories":[4],"tags":[],"class_list":["post-12696","post","type-post","status-publish","format-standard","has-post-thumbnail","hentry","category-politica"],"yoast_head":"<!-- This site is optimized with the Yoast SEO plugin v26.5 - https:\/\/yoast.com\/wordpress\/plugins\/seo\/ -->\n<title>PT anuncia candidatura de Fernando Haddad \u00e0 Presid\u00eancia no lugar de Lula - Not&iacute;cias em Destaque<\/title>\n<meta name=\"robots\" content=\"index, follow, max-snippet:-1, max-image-preview:large, max-video-preview:-1\" \/>\n<link rel=\"canonical\" href=\"https:\/\/noticiasemdestaque.com\/cd\/?p=12696\" \/>\n<meta property=\"og:locale\" content=\"pt_BR\" \/>\n<meta property=\"og:type\" content=\"article\" \/>\n<meta property=\"og:title\" content=\"PT anuncia candidatura de Fernando Haddad \u00e0 Presid\u00eancia no lugar de Lula - Not&iacute;cias em Destaque\" \/>\n<meta property=\"og:description\" content=\"O Partido dos Trabalhadores (PT) anunciou nesta ter\u00e7a-feira (11) que\u00a0Fernando Haddad concorrer\u00e1 \u00e0 Presid\u00eancia da Rep\u00fablica pela legenda no lugar do ex-presidente\u00a0Luiz In\u00e1cio Lula da Silva, que teve o\u00a0registro de candidatura rejeitado pelo Tribunal Superior Eleitoral (TSE). O prazo dado pelo TSE para o partido apresentar \u00e0 Justi\u00e7a Eleitoral o substituto de Lula terminava \u00e0s 19h desta ter\u00e7a-feira. Na chapa original, Haddad era o vice de Lula. Na nova forma\u00e7\u00e3o, a candidata \u00e0 vice-presid\u00eancia ser\u00e1\u00a0Manuela D&#8217;\u00c1vila, do PCdoB. O an\u00fancio foi feito em Curitiba, onde Lula est\u00e1\u00a0preso desde 7 de abril,\u00a0cumprindo pena de 12 anos e 1 m\u00eas de pris\u00e3o\u00a0por corrup\u00e7\u00e3o passiva e lavagem de dinheiro no caso da Lava Jato envolvendo o triplex em Guaruj\u00e1 (SP). Pela manh\u00e3, a executiva nacional do partido se reuniu em um hotel na capital paranaense. Haddad participou do encontro e chegou \u00e0 Superintend\u00eancia da PF, onde Lula est\u00e1 preso, \u00e0s 15h30. Ap\u00f3s se reunir com o ex-presidente, Haddad deixou o pr\u00e9dio da PF por volta das 17h15 e falou para a milit\u00e2ncia que esperava do lado de fora. Subiram o palanque com ele a candidata a vice Manuela D&#8217;\u00c1vila, a ex-presidente Dilma Rousseff, a presidente nacional do PT, senadora Gleisi Hoffman e outros membros do partido. &#8220;\u00c9 hora de sair na rua de cabe\u00e7a erguida e ganhar essa elei\u00e7\u00e3o&#8221;, afirmou Haddad. Ele afirmou que todos receberam &#8220;uma miss\u00e3o do ex-presidente&#8221;. Gleisi apresentou Haddad como candidato a presidente pelo PT e &#8220;representante de Lula&#8221; na elei\u00e7\u00e3o e Manuela como vice. Carta de Lula Luiz Eduardo Greenhalgh, um dos fundadores do partido, leu uma carta de Lula indicando Haddad como seu substituto na corrida pelo Planalto \u2013 chamada de &#8220;Carta ao Povo Brasileiro&#8221;, mesmo t\u00edtulo de um texto divulgado pelo petista nas elei\u00e7\u00f5es de 2002, quando foi eleito pela primeira vez. No texto, Lula afirma que foi &#8220;inclu\u00eddo artificialmente na Lei da Ficha Limpa&#8221; para n\u00e3o poder disputar as elei\u00e7\u00f5es e que teve que tomar uma decis\u00e3o no prazo imposto pela Justi\u00e7a. &#8220;\u00c9 diante dessas circunst\u00e2ncias que tenho de tomar uma decis\u00e3o, no prazo que foi imposto de forma arbitr\u00e1ria. Estou indicando ao PT e \u00e0 Coliga\u00e7\u00e3o &#8216;O Povo Feliz de Novo&#8217; a substitui\u00e7\u00e3o da minha candidatura pela do companheiro Fernando Haddad, que at\u00e9 este momento desempenhou com extrema lealdade a posi\u00e7\u00e3o de candidato a vice-presidente&#8221;, diz a carta. &#8220;Ao lado dele, como candidata a vice-presidente, teremos a companheira Manuela D\u2019\u00c1vila, confirmando nossa alian\u00e7a hist\u00f3rica com o PCdoB, e que tamb\u00e9m conta com outras for\u00e7as, como o PROS, setores do PSB, lideran\u00e7as de outros partidos e, principalmente, com os movimentos sociais, trabalhadores da cidade e do campo, expoentes das for\u00e7as democr\u00e1ticas e populares&#8221;, segue o texto. Prazo Os ministros do TSE rejeitaram a candidatura Lula em 1\u00ba de setembro e deram 10 dias para o PT substituir o candidato \u2013 prazo que terminava nesta ter\u00e7a. Na segunda (10), a defesa do ex-presidente havia\u00a0recorrido ao Supremo Tribunal Federal (STF)\u00a0para ampliar o prazo at\u00e9 17 de setembro. O recurso, entretanto, n\u00e3o chegou a ser analisado at\u00e9 esta ter\u00e7a, e o partido acabou decidindo por anunciar a substitui\u00e7\u00e3o de Lula por Haddad. Os advogados tinham feito o mesmo pedido ao TSE, que foi\u00a0rejeitado pela presidente do tribunal, ministra Rosa Weber. Caso o partido n\u00e3o apresentasse o substituto na chapa, de acordo com entendimento da Justi\u00e7a Eleitoral, ficaria de fora da corrida presidencial, e o tempo de propaganda na TV seria redistribu\u00eddo entre os demais partidos. G1\" \/>\n<meta property=\"og:url\" content=\"https:\/\/noticiasemdestaque.com\/cd\/?p=12696\" \/>\n<meta property=\"og:site_name\" content=\"Not&iacute;cias em Destaque\" \/>\n<meta property=\"article:published_time\" content=\"2018-09-11T21:12:58+00:00\" \/>\n<meta property=\"article:modified_time\" content=\"2018-09-11T21:18:53+00:00\" \/>\n<meta property=\"og:image\" content=\"https:\/\/noticiasemdestaque.com\/cd\/wp-content\/uploads\/2018\/09\/manuela-haddad-lula.jpg\" \/>\n\t<meta property=\"og:image:width\" content=\"1200\" \/>\n\t<meta property=\"og:image:height\" content=\"694\" \/>\n\t<meta property=\"og:image:type\" content=\"image\/jpeg\" \/>\n<meta name=\"author\" content=\"Not\u00edcias em Destaque\" \/>\n<meta name=\"twitter:card\" content=\"summary_large_image\" \/>\n<meta name=\"twitter:label1\" content=\"Escrito por\" \/>\n\t<meta name=\"twitter:data1\" content=\"Not\u00edcias em Destaque\" \/>\n\t<meta name=\"twitter:label2\" content=\"Est. tempo de leitura\" \/>\n\t<meta name=\"twitter:data2\" content=\"3 minutos\" \/>\n<script type=\"application\/ld+json\" class=\"yoast-schema-graph\">{\"@context\":\"https:\/\/schema.org\",\"@graph\":[{\"@type\":\"Article\",\"@id\":\"https:\/\/noticiasemdestaque.com\/cd\/?p=12696#article\",\"isPartOf\":{\"@id\":\"https:\/\/noticiasemdestaque.com\/cd\/?p=12696\"},\"author\":{\"name\":\"Not\u00edcias em Destaque\",\"@id\":\"https:\/\/noticiasemdestaque.com\/cd\/#\/schema\/person\/21320b03a7e8bb90128938dafc9b908a\"},\"headline\":\"PT anuncia candidatura de Fernando Haddad \u00e0 Presid\u00eancia no lugar de Lula\",\"datePublished\":\"2018-09-11T21:12:58+00:00\",\"dateModified\":\"2018-09-11T21:18:53+00:00\",\"mainEntityOfPage\":{\"@id\":\"https:\/\/noticiasemdestaque.com\/cd\/?p=12696\"},\"wordCount\":622,\"publisher\":{\"@id\":\"https:\/\/noticiasemdestaque.com\/cd\/#organization\"},\"image\":{\"@id\":\"https:\/\/noticiasemdestaque.com\/cd\/?p=12696#primaryimage\"},\"thumbnailUrl\":\"https:\/\/noticiasemdestaque.com\/cd\/wp-content\/uploads\/2018\/09\/manuela-haddad-lula.jpg\",\"articleSection\":[\"Pol\u00edtica\"],\"inLanguage\":\"pt-BR\"},{\"@type\":\"WebPage\",\"@id\":\"https:\/\/noticiasemdestaque.com\/cd\/?p=12696\",\"url\":\"https:\/\/noticiasemdestaque.com\/cd\/?p=12696\",\"name\":\"PT anuncia candidatura de Fernando Haddad \u00e0 Presid\u00eancia no lugar de Lula - Not&iacute;cias em Destaque\",\"isPartOf\":{\"@id\":\"https:\/\/noticiasemdestaque.com\/cd\/#website\"},\"primaryImageOfPage\":{\"@id\":\"https:\/\/noticiasemdestaque.com\/cd\/?p=12696#primaryimage\"},\"image\":{\"@id\":\"https:\/\/noticiasemdestaque.com\/cd\/?p=12696#primaryimage\"},\"thumbnailUrl\":\"https:\/\/noticiasemdestaque.com\/cd\/wp-content\/uploads\/2018\/09\/manuela-haddad-lula.jpg\",\"datePublished\":\"2018-09-11T21:12:58+00:00\",\"dateModified\":\"2018-09-11T21:18:53+00:00\",\"breadcrumb\":{\"@id\":\"https:\/\/noticiasemdestaque.com\/cd\/?p=12696#breadcrumb\"},\"inLanguage\":\"pt-BR\",\"potentialAction\":[{\"@type\":\"ReadAction\",\"target\":[\"https:\/\/noticiasemdestaque.com\/cd\/?p=12696\"]}]},{\"@type\":\"ImageObject\",\"inLanguage\":\"pt-BR\",\"@id\":\"https:\/\/noticiasemdestaque.com\/cd\/?p=12696#primaryimage\",\"url\":\"https:\/\/noticiasemdestaque.com\/cd\/wp-content\/uploads\/2018\/09\/manuela-haddad-lula.jpg\",\"contentUrl\":\"https:\/\/noticiasemdestaque.com\/cd\/wp-content\/uploads\/2018\/09\/manuela-haddad-lula.jpg\",\"width\":1200,\"height\":694},{\"@type\":\"BreadcrumbList\",\"@id\":\"https:\/\/noticiasemdestaque.com\/cd\/?p=12696#breadcrumb\",\"itemListElement\":[{\"@type\":\"ListItem\",\"position\":1,\"name\":\"In\u00edcio\",\"item\":\"https:\/\/noticiasemdestaque.com\/cd\/\"},{\"@type\":\"ListItem\",\"position\":2,\"name\":\"PT anuncia candidatura de Fernando Haddad \u00e0 Presid\u00eancia no lugar de Lula\"}]},{\"@type\":\"WebSite\",\"@id\":\"https:\/\/noticiasemdestaque.com\/cd\/#website\",\"url\":\"https:\/\/noticiasemdestaque.com\/cd\/\",\"name\":\"Not&iacute;cias em Destaque\",\"description\":\"\",\"publisher\":{\"@id\":\"https:\/\/noticiasemdestaque.com\/cd\/#organization\"},\"potentialAction\":[{\"@type\":\"SearchAction\",\"target\":{\"@type\":\"EntryPoint\",\"urlTemplate\":\"https:\/\/noticiasemdestaque.com\/cd\/?s={search_term_string}\"},\"query-input\":{\"@type\":\"PropertyValueSpecification\",\"valueRequired\":true,\"valueName\":\"search_term_string\"}}],\"inLanguage\":\"pt-BR\"},{\"@type\":\"Organization\",\"@id\":\"https:\/\/noticiasemdestaque.com\/cd\/#organization\",\"name\":\"Not\u00edcias em Destaque\",\"url\":\"https:\/\/noticiasemdestaque.com\/cd\/\",\"logo\":{\"@type\":\"ImageObject\",\"inLanguage\":\"pt-BR\",\"@id\":\"https:\/\/noticiasemdestaque.com\/cd\/#\/schema\/logo\/image\/\",\"url\":\"https:\/\/noticiasemdestaque.com\/cd\/wp-content\/uploads\/2022\/05\/imagem-base-noticiasemdestaque.png\",\"contentUrl\":\"https:\/\/noticiasemdestaque.com\/cd\/wp-content\/uploads\/2022\/05\/imagem-base-noticiasemdestaque.png\",\"width\":1200,\"height\":630,\"caption\":\"Not\u00edcias em Destaque\"},\"image\":{\"@id\":\"https:\/\/noticiasemdestaque.com\/cd\/#\/schema\/logo\/image\/\"}},{\"@type\":\"Person\",\"@id\":\"https:\/\/noticiasemdestaque.com\/cd\/#\/schema\/person\/21320b03a7e8bb90128938dafc9b908a\",\"name\":\"Not\u00edcias em Destaque\",\"url\":\"https:\/\/noticiasemdestaque.com\/cd\/?author=2\"}]}<\/script>\n<!-- \/ Yoast SEO plugin. -->","yoast_head_json":{"title":"PT anuncia candidatura de Fernando Haddad \u00e0 Presid\u00eancia no lugar de Lula - Not&iacute;cias em Destaque","robots":{"index":"index","follow":"follow","max-snippet":"max-snippet:-1","max-image-preview":"max-image-preview:large","max-video-preview":"max-video-preview:-1"},"canonical":"https:\/\/noticiasemdestaque.com\/cd\/?p=12696","og_locale":"pt_BR","og_type":"article","og_title":"PT anuncia candidatura de Fernando Haddad \u00e0 Presid\u00eancia no lugar de Lula - Not&iacute;cias em Destaque","og_description":"O Partido dos Trabalhadores (PT) anunciou nesta ter\u00e7a-feira (11) que\u00a0Fernando Haddad concorrer\u00e1 \u00e0 Presid\u00eancia da Rep\u00fablica pela legenda no lugar do ex-presidente\u00a0Luiz In\u00e1cio Lula da Silva, que teve o\u00a0registro de candidatura rejeitado pelo Tribunal Superior Eleitoral (TSE). O prazo dado pelo TSE para o partido apresentar \u00e0 Justi\u00e7a Eleitoral o substituto de Lula terminava \u00e0s 19h desta ter\u00e7a-feira. Na chapa original, Haddad era o vice de Lula. Na nova forma\u00e7\u00e3o, a candidata \u00e0 vice-presid\u00eancia ser\u00e1\u00a0Manuela D&#8217;\u00c1vila, do PCdoB. O an\u00fancio foi feito em Curitiba, onde Lula est\u00e1\u00a0preso desde 7 de abril,\u00a0cumprindo pena de 12 anos e 1 m\u00eas de pris\u00e3o\u00a0por corrup\u00e7\u00e3o passiva e lavagem de dinheiro no caso da Lava Jato envolvendo o triplex em Guaruj\u00e1 (SP). Pela manh\u00e3, a executiva nacional do partido se reuniu em um hotel na capital paranaense. Haddad participou do encontro e chegou \u00e0 Superintend\u00eancia da PF, onde Lula est\u00e1 preso, \u00e0s 15h30. Ap\u00f3s se reunir com o ex-presidente, Haddad deixou o pr\u00e9dio da PF por volta das 17h15 e falou para a milit\u00e2ncia que esperava do lado de fora. Subiram o palanque com ele a candidata a vice Manuela D&#8217;\u00c1vila, a ex-presidente Dilma Rousseff, a presidente nacional do PT, senadora Gleisi Hoffman e outros membros do partido. &#8220;\u00c9 hora de sair na rua de cabe\u00e7a erguida e ganhar essa elei\u00e7\u00e3o&#8221;, afirmou Haddad. Ele afirmou que todos receberam &#8220;uma miss\u00e3o do ex-presidente&#8221;. Gleisi apresentou Haddad como candidato a presidente pelo PT e &#8220;representante de Lula&#8221; na elei\u00e7\u00e3o e Manuela como vice. Carta de Lula Luiz Eduardo Greenhalgh, um dos fundadores do partido, leu uma carta de Lula indicando Haddad como seu substituto na corrida pelo Planalto \u2013 chamada de &#8220;Carta ao Povo Brasileiro&#8221;, mesmo t\u00edtulo de um texto divulgado pelo petista nas elei\u00e7\u00f5es de 2002, quando foi eleito pela primeira vez. No texto, Lula afirma que foi &#8220;inclu\u00eddo artificialmente na Lei da Ficha Limpa&#8221; para n\u00e3o poder disputar as elei\u00e7\u00f5es e que teve que tomar uma decis\u00e3o no prazo imposto pela Justi\u00e7a. &#8220;\u00c9 diante dessas circunst\u00e2ncias que tenho de tomar uma decis\u00e3o, no prazo que foi imposto de forma arbitr\u00e1ria. Estou indicando ao PT e \u00e0 Coliga\u00e7\u00e3o &#8216;O Povo Feliz de Novo&#8217; a substitui\u00e7\u00e3o da minha candidatura pela do companheiro Fernando Haddad, que at\u00e9 este momento desempenhou com extrema lealdade a posi\u00e7\u00e3o de candidato a vice-presidente&#8221;, diz a carta. &#8220;Ao lado dele, como candidata a vice-presidente, teremos a companheira Manuela D\u2019\u00c1vila, confirmando nossa alian\u00e7a hist\u00f3rica com o PCdoB, e que tamb\u00e9m conta com outras for\u00e7as, como o PROS, setores do PSB, lideran\u00e7as de outros partidos e, principalmente, com os movimentos sociais, trabalhadores da cidade e do campo, expoentes das for\u00e7as democr\u00e1ticas e populares&#8221;, segue o texto. Prazo Os ministros do TSE rejeitaram a candidatura Lula em 1\u00ba de setembro e deram 10 dias para o PT substituir o candidato \u2013 prazo que terminava nesta ter\u00e7a. Na segunda (10), a defesa do ex-presidente havia\u00a0recorrido ao Supremo Tribunal Federal (STF)\u00a0para ampliar o prazo at\u00e9 17 de setembro. O recurso, entretanto, n\u00e3o chegou a ser analisado at\u00e9 esta ter\u00e7a, e o partido acabou decidindo por anunciar a substitui\u00e7\u00e3o de Lula por Haddad. Os advogados tinham feito o mesmo pedido ao TSE, que foi\u00a0rejeitado pela presidente do tribunal, ministra Rosa Weber. Caso o partido n\u00e3o apresentasse o substituto na chapa, de acordo com entendimento da Justi\u00e7a Eleitoral, ficaria de fora da corrida presidencial, e o tempo de propaganda na TV seria redistribu\u00eddo entre os demais partidos. G1","og_url":"https:\/\/noticiasemdestaque.com\/cd\/?p=12696","og_site_name":"Not&iacute;cias em Destaque","article_published_time":"2018-09-11T21:12:58+00:00","article_modified_time":"2018-09-11T21:18:53+00:00","og_image":[{"width":1200,"height":694,"url":"https:\/\/noticiasemdestaque.com\/cd\/wp-content\/uploads\/2018\/09\/manuela-haddad-lula.jpg","type":"image\/jpeg"}],"author":"Not\u00edcias em Destaque","twitter_card":"summary_large_image","twitter_misc":{"Escrito por":"Not\u00edcias em Destaque","Est. tempo de leitura":"3 minutos"},"schema":{"@context":"https:\/\/schema.org","@graph":[{"@type":"Article","@id":"https:\/\/noticiasemdestaque.com\/cd\/?p=12696#article","isPartOf":{"@id":"https:\/\/noticiasemdestaque.com\/cd\/?p=12696"},"author":{"name":"Not\u00edcias em Destaque","@id":"https:\/\/noticiasemdestaque.com\/cd\/#\/schema\/person\/21320b03a7e8bb90128938dafc9b908a"},"headline":"PT anuncia candidatura de Fernando Haddad \u00e0 Presid\u00eancia no lugar de Lula","datePublished":"2018-09-11T21:12:58+00:00","dateModified":"2018-09-11T21:18:53+00:00","mainEntityOfPage":{"@id":"https:\/\/noticiasemdestaque.com\/cd\/?p=12696"},"wordCount":622,"publisher":{"@id":"https:\/\/noticiasemdestaque.com\/cd\/#organization"},"image":{"@id":"https:\/\/noticiasemdestaque.com\/cd\/?p=12696#primaryimage"},"thumbnailUrl":"https:\/\/noticiasemdestaque.com\/cd\/wp-content\/uploads\/2018\/09\/manuela-haddad-lula.jpg","articleSection":["Pol\u00edtica"],"inLanguage":"pt-BR"},{"@type":"WebPage","@id":"https:\/\/noticiasemdestaque.com\/cd\/?p=12696","url":"https:\/\/noticiasemdestaque.com\/cd\/?p=12696","name":"PT anuncia candidatura de Fernando Haddad \u00e0 Presid\u00eancia no lugar de Lula - Not&iacute;cias em Destaque","isPartOf":{"@id":"https:\/\/noticiasemdestaque.com\/cd\/#website"},"primaryImageOfPage":{"@id":"https:\/\/noticiasemdestaque.com\/cd\/?p=12696#primaryimage"},"image":{"@id":"https:\/\/noticiasemdestaque.com\/cd\/?p=12696#primaryimage"},"thumbnailUrl":"https:\/\/noticiasemdestaque.com\/cd\/wp-content\/uploads\/2018\/09\/manuela-haddad-lula.jpg","datePublished":"2018-09-11T21:12:58+00:00","dateModified":"2018-09-11T21:18:53+00:00","breadcrumb":{"@id":"https:\/\/noticiasemdestaque.com\/cd\/?p=12696#breadcrumb"},"inLanguage":"pt-BR","potentialAction":[{"@type":"ReadAction","target":["https:\/\/noticiasemdestaque.com\/cd\/?p=12696"]}]},{"@type":"ImageObject","inLanguage":"pt-BR","@id":"https:\/\/noticiasemdestaque.com\/cd\/?p=12696#primaryimage","url":"https:\/\/noticiasemdestaque.com\/cd\/wp-content\/uploads\/2018\/09\/manuela-haddad-lula.jpg","contentUrl":"https:\/\/noticiasemdestaque.com\/cd\/wp-content\/uploads\/2018\/09\/manuela-haddad-lula.jpg","width":1200,"height":694},{"@type":"BreadcrumbList","@id":"https:\/\/noticiasemdestaque.com\/cd\/?p=12696#breadcrumb","itemListElement":[{"@type":"ListItem","position":1,"name":"In\u00edcio","item":"https:\/\/noticiasemdestaque.com\/cd\/"},{"@type":"ListItem","position":2,"name":"PT anuncia candidatura de Fernando Haddad \u00e0 Presid\u00eancia no lugar de Lula"}]},{"@type":"WebSite","@id":"https:\/\/noticiasemdestaque.com\/cd\/#website","url":"https:\/\/noticiasemdestaque.com\/cd\/","name":"Not&iacute;cias em Destaque","description":"","publisher":{"@id":"https:\/\/noticiasemdestaque.com\/cd\/#organization"},"potentialAction":[{"@type":"SearchAction","target":{"@type":"EntryPoint","urlTemplate":"https:\/\/noticiasemdestaque.com\/cd\/?s={search_term_string}"},"query-input":{"@type":"PropertyValueSpecification","valueRequired":true,"valueName":"search_term_string"}}],"inLanguage":"pt-BR"},{"@type":"Organization","@id":"https:\/\/noticiasemdestaque.com\/cd\/#organization","name":"Not\u00edcias em Destaque","url":"https:\/\/noticiasemdestaque.com\/cd\/","logo":{"@type":"ImageObject","inLanguage":"pt-BR","@id":"https:\/\/noticiasemdestaque.com\/cd\/#\/schema\/logo\/image\/","url":"https:\/\/noticiasemdestaque.com\/cd\/wp-content\/uploads\/2022\/05\/imagem-base-noticiasemdestaque.png","contentUrl":"https:\/\/noticiasemdestaque.com\/cd\/wp-content\/uploads\/2022\/05\/imagem-base-noticiasemdestaque.png","width":1200,"height":630,"caption":"Not\u00edcias em Destaque"},"image":{"@id":"https:\/\/noticiasemdestaque.com\/cd\/#\/schema\/logo\/image\/"}},{"@type":"Person","@id":"https:\/\/noticiasemdestaque.com\/cd\/#\/schema\/person\/21320b03a7e8bb90128938dafc9b908a","name":"Not\u00edcias em Destaque","url":"https:\/\/noticiasemdestaque.com\/cd\/?author=2"}]}},"jetpack_featured_media_url":"https:\/\/noticiasemdestaque.com\/cd\/wp-content\/uploads\/2018\/09\/manuela-haddad-lula.jpg","jetpack_sharing_enabled":true,"_links":{"self":[{"href":"https:\/\/noticiasemdestaque.com\/cd\/index.php?rest_route=\/wp\/v2\/posts\/12696","targetHints":{"allow":["GET"]}}],"collection":[{"href":"https:\/\/noticiasemdestaque.com\/cd\/index.php?rest_route=\/wp\/v2\/posts"}],"about":[{"href":"https:\/\/noticiasemdestaque.com\/cd\/index.php?rest_route=\/wp\/v2\/types\/post"}],"author":[{"embeddable":true,"href":"https:\/\/noticiasemdestaque.com\/cd\/index.php?rest_route=\/wp\/v2\/users\/2"}],"replies":[{"embeddable":true,"href":"https:\/\/noticiasemdestaque.com\/cd\/index.php?rest_route=%2Fwp%2Fv2%2Fcomments&post=12696"}],"version-history":[{"count":1,"href":"https:\/\/noticiasemdestaque.com\/cd\/index.php?rest_route=\/wp\/v2\/posts\/12696\/revisions"}],"predecessor-version":[{"id":12698,"href":"https:\/\/noticiasemdestaque.com\/cd\/index.php?rest_route=\/wp\/v2\/posts\/12696\/revisions\/12698"}],"wp:featuredmedia":[{"embeddable":true,"href":"https:\/\/noticiasemdestaque.com\/cd\/index.php?rest_route=\/wp\/v2\/media\/12702"}],"wp:attachment":[{"href":"https:\/\/noticiasemdestaque.com\/cd\/index.php?rest_route=%2Fwp%2Fv2%2Fmedia&parent=12696"}],"wp:term":[{"taxonomy":"category","embeddable":true,"href":"https:\/\/noticiasemdestaque.com\/cd\/index.php?rest_route=%2Fwp%2Fv2%2Fcategories&post=12696"},{"taxonomy":"post_tag","embeddable":true,"href":"https:\/\/noticiasemdestaque.com\/cd\/index.php?rest_route=%2Fwp%2Fv2%2Ftags&post=12696"}],"curies":[{"name":"wp","href":"https:\/\/api.w.org\/{rel}","templated":true}]}}