{"id":12691,"date":"2018-09-11T08:04:39","date_gmt":"2018-09-11T11:04:39","guid":{"rendered":"http:\/\/caririemdestaque.com\/cd\/?p=12691"},"modified":"2018-09-11T08:05:20","modified_gmt":"2018-09-11T11:05:20","slug":"em-serra-branca-acostamento-de-pista-municipal-comeca-a-ser-recuperado-pelo-governo-estado","status":"publish","type":"post","link":"https:\/\/noticiasemdestaque.com\/cd\/?p=12691","title":{"rendered":"Em Serra Branca: Acostamento de pista municipal come\u00e7a a ser recuperado pelo Governo Estado"},"content":{"rendered":"<p><a href=\"http:\/\/caririemdestaque.com\/cd\/wp-content\/uploads\/2018\/09\/41429865_1699937096795589_2648453443768811520_n.jpg\"><img fetchpriority=\"high\" decoding=\"async\" class=\"alignnone size-full wp-image-12692\" src=\"http:\/\/caririemdestaque.com\/cd\/wp-content\/uploads\/2018\/09\/41429865_1699937096795589_2648453443768811520_n.jpg\" alt=\"\" width=\"960\" height=\"720\" srcset=\"https:\/\/noticiasemdestaque.com\/cd\/wp-content\/uploads\/2018\/09\/41429865_1699937096795589_2648453443768811520_n.jpg 960w, https:\/\/noticiasemdestaque.com\/cd\/wp-content\/uploads\/2018\/09\/41429865_1699937096795589_2648453443768811520_n-300x225.jpg 300w, https:\/\/noticiasemdestaque.com\/cd\/wp-content\/uploads\/2018\/09\/41429865_1699937096795589_2648453443768811520_n-768x576.jpg 768w, https:\/\/noticiasemdestaque.com\/cd\/wp-content\/uploads\/2018\/09\/41429865_1699937096795589_2648453443768811520_n-640x480.jpg 640w, https:\/\/noticiasemdestaque.com\/cd\/wp-content\/uploads\/2018\/09\/41429865_1699937096795589_2648453443768811520_n-200x150.jpg 200w\" sizes=\"(max-width: 960px) 100vw, 960px\" \/><\/a><\/p>\n<p>O governo do Estado da Para\u00edba atrav\u00e9s do Departamento de Estradas de Rodagem &#8211; DER\/PB come\u00e7ou a recupera\u00e7\u00e3o do acostamento do trecho do asfalto que liga o trevo da BR 412 at\u00e9 ao lado da prefeitura, principal via do bairro Alto da Concei\u00e7\u00e3o, em Serra Branca. A recupera\u00e7\u00e3o ser\u00e1 em paralelep\u00edpedo.<\/p>\n<figure id=\"attachment_12693\" aria-describedby=\"caption-attachment-12693\" style=\"width: 813px\" class=\"wp-caption alignnone\"><a href=\"http:\/\/caririemdestaque.com\/cd\/wp-content\/uploads\/2018\/09\/PAULO-S\u00c9RGIO-BARROS.jpg\"><img decoding=\"async\" class=\"wp-image-12693 size-full\" src=\"http:\/\/caririemdestaque.com\/cd\/wp-content\/uploads\/2018\/09\/PAULO-S\u00c9RGIO-BARROS.jpg\" alt=\"\" width=\"813\" height=\"507\" srcset=\"https:\/\/noticiasemdestaque.com\/cd\/wp-content\/uploads\/2018\/09\/PAULO-S\u00c9RGIO-BARROS.jpg 813w, https:\/\/noticiasemdestaque.com\/cd\/wp-content\/uploads\/2018\/09\/PAULO-S\u00c9RGIO-BARROS-300x187.jpg 300w, https:\/\/noticiasemdestaque.com\/cd\/wp-content\/uploads\/2018\/09\/PAULO-S\u00c9RGIO-BARROS-768x479.jpg 768w\" sizes=\"(max-width: 813px) 100vw, 813px\" \/><\/a><figcaption id=\"caption-attachment-12693\" class=\"wp-caption-text\">Paulo S\u00e9rgio Barros, em entrevista ao Cariri em Destaque, na R\u00e1dio 95 FM de Sum\u00e9<\/figcaption><\/figure>\n<p>De acordo com informa\u00e7\u00f5es apuradas pelo Cariri em Destaque, quem conseguiu a libera\u00e7\u00e3o do projeto junto ao DER\/PB da obra foi o ex-vereador de Serra Branca Paulo S\u00e9rgio Barros em parceira com o Deputado Estadual In\u00e1cio Falc\u00e3o (PC do B). Vale lembrar que o pedido foi atendido em pouco mais de um m\u00eas.<\/p>\n<p>Em entrevista a nossa reportagem Paulo S\u00e9rgio Barros fala sobre a conquista.<br \/>\n<iframe src=\"https:\/\/w.soundcloud.com\/player\/?url=https%3A\/\/api.soundcloud.com\/tracks\/498337266&amp;color=%238c7c7c&amp;auto_play=false&amp;hide_related=false&amp;show_comments=true&amp;show_user=true&amp;show_reposts=false&amp;show_teaser=true\" width=\"100%\" height=\"166\" frameborder=\"no\" scrolling=\"no\"><\/iframe><br \/>\n<em><strong>Cariri em Destaque com reportagem de Wandri Tadeus<\/strong><\/em><\/p>\n","protected":false},"excerpt":{"rendered":"<p>O governo do Estado da Para\u00edba atrav\u00e9s do Departamento de Estradas de Rodagem &#8211; DER\/PB come\u00e7ou a recupera\u00e7\u00e3o do acostamento do trecho do asfalto que liga o trevo da BR 412 at\u00e9 ao lado da prefeitura, principal via do bairro Alto da Concei\u00e7\u00e3o, em Serra Branca. A recupera\u00e7\u00e3o ser\u00e1 em paralelep\u00edpedo. De acordo com informa\u00e7\u00f5es apuradas pelo Cariri em Destaque, quem conseguiu a libera\u00e7\u00e3o do projeto junto ao DER\/PB da obra foi o ex-vereador de Serra Branca Paulo S\u00e9rgio Barros em parceira com o Deputado Estadual In\u00e1cio Falc\u00e3o (PC do B). Vale lembrar que o pedido foi atendido em pouco mais de um m\u00eas. Em entrevista a nossa reportagem Paulo S\u00e9rgio Barros fala sobre a conquista. Cariri em Destaque com reportagem de Wandri Tadeus<\/p>\n","protected":false},"author":2,"featured_media":12692,"comment_status":"closed","ping_status":"open","sticky":false,"template":"","format":"standard","meta":{"_eb_attr":"","_jetpack_memberships_contains_paid_content":false,"footnotes":""},"categories":[3],"tags":[],"class_list":["post-12691","post","type-post","status-publish","format-standard","has-post-thumbnail","hentry","category-cidades"],"yoast_head":"<!-- This site is optimized with the Yoast SEO plugin v26.5 - https:\/\/yoast.com\/wordpress\/plugins\/seo\/ -->\n<title>Em Serra Branca: Acostamento de pista municipal come\u00e7a a ser recuperado pelo Governo Estado - Not&iacute;cias em Destaque<\/title>\n<meta name=\"robots\" content=\"index, follow, max-snippet:-1, max-image-preview:large, max-video-preview:-1\" \/>\n<link rel=\"canonical\" href=\"https:\/\/noticiasemdestaque.com\/cd\/?p=12691\" \/>\n<meta property=\"og:locale\" content=\"pt_BR\" \/>\n<meta property=\"og:type\" content=\"article\" \/>\n<meta property=\"og:title\" content=\"Em Serra Branca: Acostamento de pista municipal come\u00e7a a ser recuperado pelo Governo Estado - Not&iacute;cias em Destaque\" \/>\n<meta property=\"og:description\" content=\"O governo do Estado da Para\u00edba atrav\u00e9s do Departamento de Estradas de Rodagem &#8211; DER\/PB come\u00e7ou a recupera\u00e7\u00e3o do acostamento do trecho do asfalto que liga o trevo da BR 412 at\u00e9 ao lado da prefeitura, principal via do bairro Alto da Concei\u00e7\u00e3o, em Serra Branca. A recupera\u00e7\u00e3o ser\u00e1 em paralelep\u00edpedo. De acordo com informa\u00e7\u00f5es apuradas pelo Cariri em Destaque, quem conseguiu a libera\u00e7\u00e3o do projeto junto ao DER\/PB da obra foi o ex-vereador de Serra Branca Paulo S\u00e9rgio Barros em parceira com o Deputado Estadual In\u00e1cio Falc\u00e3o (PC do B). Vale lembrar que o pedido foi atendido em pouco mais de um m\u00eas. Em entrevista a nossa reportagem Paulo S\u00e9rgio Barros fala sobre a conquista. Cariri em Destaque com reportagem de Wandri Tadeus\" \/>\n<meta property=\"og:url\" content=\"https:\/\/noticiasemdestaque.com\/cd\/?p=12691\" \/>\n<meta property=\"og:site_name\" content=\"Not&iacute;cias em Destaque\" \/>\n<meta property=\"article:published_time\" content=\"2018-09-11T11:04:39+00:00\" \/>\n<meta property=\"article:modified_time\" content=\"2018-09-11T11:05:20+00:00\" \/>\n<meta property=\"og:image\" content=\"https:\/\/noticiasemdestaque.com\/cd\/wp-content\/uploads\/2018\/09\/41429865_1699937096795589_2648453443768811520_n.jpg\" \/>\n\t<meta property=\"og:image:width\" content=\"960\" \/>\n\t<meta property=\"og:image:height\" content=\"720\" \/>\n\t<meta property=\"og:image:type\" content=\"image\/jpeg\" \/>\n<meta name=\"author\" content=\"Not\u00edcias em Destaque\" \/>\n<meta name=\"twitter:card\" content=\"summary_large_image\" \/>\n<meta name=\"twitter:label1\" content=\"Escrito por\" \/>\n\t<meta name=\"twitter:data1\" content=\"Not\u00edcias em Destaque\" \/>\n\t<meta name=\"twitter:label2\" content=\"Est. tempo de leitura\" \/>\n\t<meta name=\"twitter:data2\" content=\"1 minuto\" \/>\n<script type=\"application\/ld+json\" class=\"yoast-schema-graph\">{\"@context\":\"https:\/\/schema.org\",\"@graph\":[{\"@type\":\"Article\",\"@id\":\"https:\/\/noticiasemdestaque.com\/cd\/?p=12691#article\",\"isPartOf\":{\"@id\":\"https:\/\/noticiasemdestaque.com\/cd\/?p=12691\"},\"author\":{\"name\":\"Not\u00edcias em Destaque\",\"@id\":\"https:\/\/noticiasemdestaque.com\/cd\/#\/schema\/person\/21320b03a7e8bb90128938dafc9b908a\"},\"headline\":\"Em Serra Branca: Acostamento de pista municipal come\u00e7a a ser recuperado pelo Governo Estado\",\"datePublished\":\"2018-09-11T11:04:39+00:00\",\"dateModified\":\"2018-09-11T11:05:20+00:00\",\"mainEntityOfPage\":{\"@id\":\"https:\/\/noticiasemdestaque.com\/cd\/?p=12691\"},\"wordCount\":177,\"publisher\":{\"@id\":\"https:\/\/noticiasemdestaque.com\/cd\/#organization\"},\"image\":{\"@id\":\"https:\/\/noticiasemdestaque.com\/cd\/?p=12691#primaryimage\"},\"thumbnailUrl\":\"https:\/\/noticiasemdestaque.com\/cd\/wp-content\/uploads\/2018\/09\/41429865_1699937096795589_2648453443768811520_n.jpg\",\"articleSection\":[\"Cidades\"],\"inLanguage\":\"pt-BR\"},{\"@type\":\"WebPage\",\"@id\":\"https:\/\/noticiasemdestaque.com\/cd\/?p=12691\",\"url\":\"https:\/\/noticiasemdestaque.com\/cd\/?p=12691\",\"name\":\"Em Serra Branca: Acostamento de pista municipal come\u00e7a a ser recuperado pelo Governo Estado - Not&iacute;cias em Destaque\",\"isPartOf\":{\"@id\":\"https:\/\/noticiasemdestaque.com\/cd\/#website\"},\"primaryImageOfPage\":{\"@id\":\"https:\/\/noticiasemdestaque.com\/cd\/?p=12691#primaryimage\"},\"image\":{\"@id\":\"https:\/\/noticiasemdestaque.com\/cd\/?p=12691#primaryimage\"},\"thumbnailUrl\":\"https:\/\/noticiasemdestaque.com\/cd\/wp-content\/uploads\/2018\/09\/41429865_1699937096795589_2648453443768811520_n.jpg\",\"datePublished\":\"2018-09-11T11:04:39+00:00\",\"dateModified\":\"2018-09-11T11:05:20+00:00\",\"breadcrumb\":{\"@id\":\"https:\/\/noticiasemdestaque.com\/cd\/?p=12691#breadcrumb\"},\"inLanguage\":\"pt-BR\",\"potentialAction\":[{\"@type\":\"ReadAction\",\"target\":[\"https:\/\/noticiasemdestaque.com\/cd\/?p=12691\"]}]},{\"@type\":\"ImageObject\",\"inLanguage\":\"pt-BR\",\"@id\":\"https:\/\/noticiasemdestaque.com\/cd\/?p=12691#primaryimage\",\"url\":\"https:\/\/noticiasemdestaque.com\/cd\/wp-content\/uploads\/2018\/09\/41429865_1699937096795589_2648453443768811520_n.jpg\",\"contentUrl\":\"https:\/\/noticiasemdestaque.com\/cd\/wp-content\/uploads\/2018\/09\/41429865_1699937096795589_2648453443768811520_n.jpg\",\"width\":960,\"height\":720},{\"@type\":\"BreadcrumbList\",\"@id\":\"https:\/\/noticiasemdestaque.com\/cd\/?p=12691#breadcrumb\",\"itemListElement\":[{\"@type\":\"ListItem\",\"position\":1,\"name\":\"In\u00edcio\",\"item\":\"https:\/\/noticiasemdestaque.com\/cd\/\"},{\"@type\":\"ListItem\",\"position\":2,\"name\":\"Em Serra Branca: Acostamento de pista municipal come\u00e7a a ser recuperado pelo Governo Estado\"}]},{\"@type\":\"WebSite\",\"@id\":\"https:\/\/noticiasemdestaque.com\/cd\/#website\",\"url\":\"https:\/\/noticiasemdestaque.com\/cd\/\",\"name\":\"Not&iacute;cias em Destaque\",\"description\":\"\",\"publisher\":{\"@id\":\"https:\/\/noticiasemdestaque.com\/cd\/#organization\"},\"potentialAction\":[{\"@type\":\"SearchAction\",\"target\":{\"@type\":\"EntryPoint\",\"urlTemplate\":\"https:\/\/noticiasemdestaque.com\/cd\/?s={search_term_string}\"},\"query-input\":{\"@type\":\"PropertyValueSpecification\",\"valueRequired\":true,\"valueName\":\"search_term_string\"}}],\"inLanguage\":\"pt-BR\"},{\"@type\":\"Organization\",\"@id\":\"https:\/\/noticiasemdestaque.com\/cd\/#organization\",\"name\":\"Not\u00edcias em Destaque\",\"url\":\"https:\/\/noticiasemdestaque.com\/cd\/\",\"logo\":{\"@type\":\"ImageObject\",\"inLanguage\":\"pt-BR\",\"@id\":\"https:\/\/noticiasemdestaque.com\/cd\/#\/schema\/logo\/image\/\",\"url\":\"https:\/\/noticiasemdestaque.com\/cd\/wp-content\/uploads\/2022\/05\/imagem-base-noticiasemdestaque.png\",\"contentUrl\":\"https:\/\/noticiasemdestaque.com\/cd\/wp-content\/uploads\/2022\/05\/imagem-base-noticiasemdestaque.png\",\"width\":1200,\"height\":630,\"caption\":\"Not\u00edcias em Destaque\"},\"image\":{\"@id\":\"https:\/\/noticiasemdestaque.com\/cd\/#\/schema\/logo\/image\/\"}},{\"@type\":\"Person\",\"@id\":\"https:\/\/noticiasemdestaque.com\/cd\/#\/schema\/person\/21320b03a7e8bb90128938dafc9b908a\",\"name\":\"Not\u00edcias em Destaque\",\"url\":\"https:\/\/noticiasemdestaque.com\/cd\/?author=2\"}]}<\/script>\n<!-- \/ Yoast SEO plugin. -->","yoast_head_json":{"title":"Em Serra Branca: Acostamento de pista municipal come\u00e7a a ser recuperado pelo Governo Estado - Not&iacute;cias em Destaque","robots":{"index":"index","follow":"follow","max-snippet":"max-snippet:-1","max-image-preview":"max-image-preview:large","max-video-preview":"max-video-preview:-1"},"canonical":"https:\/\/noticiasemdestaque.com\/cd\/?p=12691","og_locale":"pt_BR","og_type":"article","og_title":"Em Serra Branca: Acostamento de pista municipal come\u00e7a a ser recuperado pelo Governo Estado - Not&iacute;cias em Destaque","og_description":"O governo do Estado da Para\u00edba atrav\u00e9s do Departamento de Estradas de Rodagem &#8211; DER\/PB come\u00e7ou a recupera\u00e7\u00e3o do acostamento do trecho do asfalto que liga o trevo da BR 412 at\u00e9 ao lado da prefeitura, principal via do bairro Alto da Concei\u00e7\u00e3o, em Serra Branca. A recupera\u00e7\u00e3o ser\u00e1 em paralelep\u00edpedo. De acordo com informa\u00e7\u00f5es apuradas pelo Cariri em Destaque, quem conseguiu a libera\u00e7\u00e3o do projeto junto ao DER\/PB da obra foi o ex-vereador de Serra Branca Paulo S\u00e9rgio Barros em parceira com o Deputado Estadual In\u00e1cio Falc\u00e3o (PC do B). Vale lembrar que o pedido foi atendido em pouco mais de um m\u00eas. Em entrevista a nossa reportagem Paulo S\u00e9rgio Barros fala sobre a conquista. Cariri em Destaque com reportagem de Wandri Tadeus","og_url":"https:\/\/noticiasemdestaque.com\/cd\/?p=12691","og_site_name":"Not&iacute;cias em Destaque","article_published_time":"2018-09-11T11:04:39+00:00","article_modified_time":"2018-09-11T11:05:20+00:00","og_image":[{"width":960,"height":720,"url":"https:\/\/noticiasemdestaque.com\/cd\/wp-content\/uploads\/2018\/09\/41429865_1699937096795589_2648453443768811520_n.jpg","type":"image\/jpeg"}],"author":"Not\u00edcias em Destaque","twitter_card":"summary_large_image","twitter_misc":{"Escrito por":"Not\u00edcias em Destaque","Est. tempo de leitura":"1 minuto"},"schema":{"@context":"https:\/\/schema.org","@graph":[{"@type":"Article","@id":"https:\/\/noticiasemdestaque.com\/cd\/?p=12691#article","isPartOf":{"@id":"https:\/\/noticiasemdestaque.com\/cd\/?p=12691"},"author":{"name":"Not\u00edcias em Destaque","@id":"https:\/\/noticiasemdestaque.com\/cd\/#\/schema\/person\/21320b03a7e8bb90128938dafc9b908a"},"headline":"Em Serra Branca: Acostamento de pista municipal come\u00e7a a ser recuperado pelo Governo Estado","datePublished":"2018-09-11T11:04:39+00:00","dateModified":"2018-09-11T11:05:20+00:00","mainEntityOfPage":{"@id":"https:\/\/noticiasemdestaque.com\/cd\/?p=12691"},"wordCount":177,"publisher":{"@id":"https:\/\/noticiasemdestaque.com\/cd\/#organization"},"image":{"@id":"https:\/\/noticiasemdestaque.com\/cd\/?p=12691#primaryimage"},"thumbnailUrl":"https:\/\/noticiasemdestaque.com\/cd\/wp-content\/uploads\/2018\/09\/41429865_1699937096795589_2648453443768811520_n.jpg","articleSection":["Cidades"],"inLanguage":"pt-BR"},{"@type":"WebPage","@id":"https:\/\/noticiasemdestaque.com\/cd\/?p=12691","url":"https:\/\/noticiasemdestaque.com\/cd\/?p=12691","name":"Em Serra Branca: Acostamento de pista municipal come\u00e7a a ser recuperado pelo Governo Estado - Not&iacute;cias em Destaque","isPartOf":{"@id":"https:\/\/noticiasemdestaque.com\/cd\/#website"},"primaryImageOfPage":{"@id":"https:\/\/noticiasemdestaque.com\/cd\/?p=12691#primaryimage"},"image":{"@id":"https:\/\/noticiasemdestaque.com\/cd\/?p=12691#primaryimage"},"thumbnailUrl":"https:\/\/noticiasemdestaque.com\/cd\/wp-content\/uploads\/2018\/09\/41429865_1699937096795589_2648453443768811520_n.jpg","datePublished":"2018-09-11T11:04:39+00:00","dateModified":"2018-09-11T11:05:20+00:00","breadcrumb":{"@id":"https:\/\/noticiasemdestaque.com\/cd\/?p=12691#breadcrumb"},"inLanguage":"pt-BR","potentialAction":[{"@type":"ReadAction","target":["https:\/\/noticiasemdestaque.com\/cd\/?p=12691"]}]},{"@type":"ImageObject","inLanguage":"pt-BR","@id":"https:\/\/noticiasemdestaque.com\/cd\/?p=12691#primaryimage","url":"https:\/\/noticiasemdestaque.com\/cd\/wp-content\/uploads\/2018\/09\/41429865_1699937096795589_2648453443768811520_n.jpg","contentUrl":"https:\/\/noticiasemdestaque.com\/cd\/wp-content\/uploads\/2018\/09\/41429865_1699937096795589_2648453443768811520_n.jpg","width":960,"height":720},{"@type":"BreadcrumbList","@id":"https:\/\/noticiasemdestaque.com\/cd\/?p=12691#breadcrumb","itemListElement":[{"@type":"ListItem","position":1,"name":"In\u00edcio","item":"https:\/\/noticiasemdestaque.com\/cd\/"},{"@type":"ListItem","position":2,"name":"Em Serra Branca: Acostamento de pista municipal come\u00e7a a ser recuperado pelo Governo Estado"}]},{"@type":"WebSite","@id":"https:\/\/noticiasemdestaque.com\/cd\/#website","url":"https:\/\/noticiasemdestaque.com\/cd\/","name":"Not&iacute;cias em Destaque","description":"","publisher":{"@id":"https:\/\/noticiasemdestaque.com\/cd\/#organization"},"potentialAction":[{"@type":"SearchAction","target":{"@type":"EntryPoint","urlTemplate":"https:\/\/noticiasemdestaque.com\/cd\/?s={search_term_string}"},"query-input":{"@type":"PropertyValueSpecification","valueRequired":true,"valueName":"search_term_string"}}],"inLanguage":"pt-BR"},{"@type":"Organization","@id":"https:\/\/noticiasemdestaque.com\/cd\/#organization","name":"Not\u00edcias em Destaque","url":"https:\/\/noticiasemdestaque.com\/cd\/","logo":{"@type":"ImageObject","inLanguage":"pt-BR","@id":"https:\/\/noticiasemdestaque.com\/cd\/#\/schema\/logo\/image\/","url":"https:\/\/noticiasemdestaque.com\/cd\/wp-content\/uploads\/2022\/05\/imagem-base-noticiasemdestaque.png","contentUrl":"https:\/\/noticiasemdestaque.com\/cd\/wp-content\/uploads\/2022\/05\/imagem-base-noticiasemdestaque.png","width":1200,"height":630,"caption":"Not\u00edcias em Destaque"},"image":{"@id":"https:\/\/noticiasemdestaque.com\/cd\/#\/schema\/logo\/image\/"}},{"@type":"Person","@id":"https:\/\/noticiasemdestaque.com\/cd\/#\/schema\/person\/21320b03a7e8bb90128938dafc9b908a","name":"Not\u00edcias em Destaque","url":"https:\/\/noticiasemdestaque.com\/cd\/?author=2"}]}},"jetpack_featured_media_url":"https:\/\/noticiasemdestaque.com\/cd\/wp-content\/uploads\/2018\/09\/41429865_1699937096795589_2648453443768811520_n.jpg","jetpack_sharing_enabled":true,"_links":{"self":[{"href":"https:\/\/noticiasemdestaque.com\/cd\/index.php?rest_route=\/wp\/v2\/posts\/12691","targetHints":{"allow":["GET"]}}],"collection":[{"href":"https:\/\/noticiasemdestaque.com\/cd\/index.php?rest_route=\/wp\/v2\/posts"}],"about":[{"href":"https:\/\/noticiasemdestaque.com\/cd\/index.php?rest_route=\/wp\/v2\/types\/post"}],"author":[{"embeddable":true,"href":"https:\/\/noticiasemdestaque.com\/cd\/index.php?rest_route=\/wp\/v2\/users\/2"}],"replies":[{"embeddable":true,"href":"https:\/\/noticiasemdestaque.com\/cd\/index.php?rest_route=%2Fwp%2Fv2%2Fcomments&post=12691"}],"version-history":[{"count":2,"href":"https:\/\/noticiasemdestaque.com\/cd\/index.php?rest_route=\/wp\/v2\/posts\/12691\/revisions"}],"predecessor-version":[{"id":12695,"href":"https:\/\/noticiasemdestaque.com\/cd\/index.php?rest_route=\/wp\/v2\/posts\/12691\/revisions\/12695"}],"wp:featuredmedia":[{"embeddable":true,"href":"https:\/\/noticiasemdestaque.com\/cd\/index.php?rest_route=\/wp\/v2\/media\/12692"}],"wp:attachment":[{"href":"https:\/\/noticiasemdestaque.com\/cd\/index.php?rest_route=%2Fwp%2Fv2%2Fmedia&parent=12691"}],"wp:term":[{"taxonomy":"category","embeddable":true,"href":"https:\/\/noticiasemdestaque.com\/cd\/index.php?rest_route=%2Fwp%2Fv2%2Fcategories&post=12691"},{"taxonomy":"post_tag","embeddable":true,"href":"https:\/\/noticiasemdestaque.com\/cd\/index.php?rest_route=%2Fwp%2Fv2%2Ftags&post=12691"}],"curies":[{"name":"wp","href":"https:\/\/api.w.org\/{rel}","templated":true}]}}