{"id":12686,"date":"2018-09-11T07:19:14","date_gmt":"2018-09-11T10:19:14","guid":{"rendered":"http:\/\/caririemdestaque.com\/cd\/?p=12686"},"modified":"2018-09-11T07:19:14","modified_gmt":"2018-09-11T10:19:14","slug":"candidatos-ao-governo-discutirao-propostas-para-uepb-em-debates-promovidos-pela-aduepb","status":"publish","type":"post","link":"https:\/\/noticiasemdestaque.com\/cd\/?p=12686","title":{"rendered":"Candidatos ao Governo discutir\u00e3o propostas para UEPB em debates promovidos pela ADUEPB"},"content":{"rendered":"<p><a href=\"http:\/\/caririemdestaque.com\/cd\/wp-content\/uploads\/2017\/10\/UEPB-Nova.jpg\"><img fetchpriority=\"high\" decoding=\"async\" class=\"alignnone size-full wp-image-4978\" src=\"http:\/\/caririemdestaque.com\/cd\/wp-content\/uploads\/2017\/10\/UEPB-Nova.jpg\" alt=\"\" width=\"800\" height=\"600\" srcset=\"https:\/\/noticiasemdestaque.com\/cd\/wp-content\/uploads\/2017\/10\/UEPB-Nova.jpg 800w, https:\/\/noticiasemdestaque.com\/cd\/wp-content\/uploads\/2017\/10\/UEPB-Nova-300x225.jpg 300w, https:\/\/noticiasemdestaque.com\/cd\/wp-content\/uploads\/2017\/10\/UEPB-Nova-768x576.jpg 768w, https:\/\/noticiasemdestaque.com\/cd\/wp-content\/uploads\/2017\/10\/UEPB-Nova-640x480.jpg 640w, https:\/\/noticiasemdestaque.com\/cd\/wp-content\/uploads\/2017\/10\/UEPB-Nova-200x150.jpg 200w\" sizes=\"(max-width: 800px) 100vw, 800px\" \/><\/a><\/p>\n<p>Os candidatos ao governo da Para\u00edba discutir\u00e3o com professores, t\u00e9cnico-administrativos e estudantes da Universidade Estadual da Para\u00edba &#8211; UEPB suas propostas para a institui\u00e7\u00e3o numa s\u00e9rie de debates que ser\u00e3o promovidos pela Associa\u00e7\u00e3o dos docentes \u2013 ADUEPB. Todos os debates ocorrer\u00e3o no Hall da Central de Aulas, no Campus de Campina Grande.<\/p>\n<p>O primeiro candidato ser\u00e1 o senador Jos\u00e9 Maranh\u00e3o (MDB), que participar\u00e1 do debate a partir das 9h30, desta quarta-feira (12).O segundo candidato ser\u00e1 T\u00e1rcio Teixeira, do PSOL, no dia 18 de setembro, a partir das 9h. O terceiro debate ser\u00e1 com a candidata do PSTU, Rama Dantas, no dia 19 de setembro, tamb\u00e9m \u00e0s 9h. O \u00faltimo candidato confirmado ser\u00e1 Luc\u00e9lio Cartaxo, do PV, no dia 26 de setembro, \u00e0s 9h.<\/p>\n<p>O candidato do PSB, Jo\u00e3o Azevedo, at\u00e9 o momento n\u00e3o respondeu ao convite encaminhado pela diretoria da ADUEPB.<\/p>\n<p>Segundo a diretoria da ADUEPB, o principal objetivo do debate ser\u00e1 a coloca\u00e7\u00e3o da UEPB e as demandas da comunidade universit\u00e1ria na pauta dos candidatos ao Governo, considerando tamb\u00e9m a import\u00e2ncia da institui\u00e7\u00e3o para o desenvolvimento da Para\u00edba e o seu atual quadro de crise or\u00e7ament\u00e1ria\/financeira.<\/p>\n<p>O debate ser\u00e1 transmitido pelo canal do Youtube da Universidade Estadual da para\u00edba (\u00a0<a href=\"https:\/\/www.youtube.com\/channel\/UCvafBtEu5NKXqzKNJSMrcZQ\">https:\/\/www.youtube.com\/channel\/UCvafBtEu5NKXqzKNJSMrcZQ<\/a>) e atrav\u00e9s do facebook da ADUEPB (<a href=\"http:\/\/facebook.com\/aduepboficial\">facebook.com\/aduepboficial<\/a>).<\/p>\n<p>Os professores, estudantes e t\u00e9cnicos aos demais campi da UEPB que n\u00e3o puderem comparecer ao debate, podem encaminhar perguntas aos candidatos atrav\u00e9s do email:\u00a0aduepbsecretaria@hotmail.com<\/p>\n","protected":false},"excerpt":{"rendered":"<p>Os candidatos ao governo da Para\u00edba discutir\u00e3o com professores, t\u00e9cnico-administrativos e estudantes da Universidade Estadual da Para\u00edba &#8211; UEPB suas propostas para a institui\u00e7\u00e3o numa s\u00e9rie de debates que ser\u00e3o promovidos pela Associa\u00e7\u00e3o dos docentes \u2013 ADUEPB. Todos os debates ocorrer\u00e3o no Hall da Central de Aulas, no Campus de Campina Grande. O primeiro candidato ser\u00e1 o senador Jos\u00e9 Maranh\u00e3o (MDB), que participar\u00e1 do debate a partir das 9h30, desta quarta-feira (12).O segundo candidato ser\u00e1 T\u00e1rcio Teixeira, do PSOL, no dia 18 de setembro, a partir das 9h. O terceiro debate ser\u00e1 com a candidata do PSTU, Rama Dantas, no dia 19 de setembro, tamb\u00e9m \u00e0s 9h. O \u00faltimo candidato confirmado ser\u00e1 Luc\u00e9lio Cartaxo, do PV, no dia 26 de setembro, \u00e0s 9h. O candidato do PSB, Jo\u00e3o Azevedo, at\u00e9 o momento n\u00e3o respondeu ao convite encaminhado pela diretoria da ADUEPB. Segundo a diretoria da ADUEPB, o principal objetivo do debate ser\u00e1 a coloca\u00e7\u00e3o da UEPB e as demandas da comunidade universit\u00e1ria na pauta dos candidatos ao Governo, considerando tamb\u00e9m a import\u00e2ncia da institui\u00e7\u00e3o para o desenvolvimento da Para\u00edba e o seu atual quadro de crise or\u00e7ament\u00e1ria\/financeira. O debate ser\u00e1 transmitido pelo canal do Youtube da Universidade Estadual da para\u00edba (\u00a0https:\/\/www.youtube.com\/channel\/UCvafBtEu5NKXqzKNJSMrcZQ) e atrav\u00e9s do facebook da ADUEPB (facebook.com\/aduepboficial). Os professores, estudantes e t\u00e9cnicos aos demais campi da UEPB que n\u00e3o puderem comparecer ao debate, podem encaminhar perguntas aos candidatos atrav\u00e9s do email:\u00a0aduepbsecretaria@hotmail.com<\/p>\n","protected":false},"author":2,"featured_media":4978,"comment_status":"closed","ping_status":"open","sticky":false,"template":"","format":"standard","meta":{"_eb_attr":"","_jetpack_memberships_contains_paid_content":false,"footnotes":""},"categories":[4],"tags":[],"class_list":["post-12686","post","type-post","status-publish","format-standard","has-post-thumbnail","hentry","category-politica"],"yoast_head":"<!-- This site is optimized with the Yoast SEO plugin v26.5 - https:\/\/yoast.com\/wordpress\/plugins\/seo\/ -->\n<title>Candidatos ao Governo discutir\u00e3o propostas para UEPB em debates promovidos pela ADUEPB - Not&iacute;cias em Destaque<\/title>\n<meta name=\"robots\" content=\"index, follow, max-snippet:-1, max-image-preview:large, max-video-preview:-1\" \/>\n<link rel=\"canonical\" href=\"https:\/\/noticiasemdestaque.com\/cd\/?p=12686\" \/>\n<meta property=\"og:locale\" content=\"pt_BR\" \/>\n<meta property=\"og:type\" content=\"article\" \/>\n<meta property=\"og:title\" content=\"Candidatos ao Governo discutir\u00e3o propostas para UEPB em debates promovidos pela ADUEPB - Not&iacute;cias em Destaque\" \/>\n<meta property=\"og:description\" content=\"Os candidatos ao governo da Para\u00edba discutir\u00e3o com professores, t\u00e9cnico-administrativos e estudantes da Universidade Estadual da Para\u00edba &#8211; UEPB suas propostas para a institui\u00e7\u00e3o numa s\u00e9rie de debates que ser\u00e3o promovidos pela Associa\u00e7\u00e3o dos docentes \u2013 ADUEPB. Todos os debates ocorrer\u00e3o no Hall da Central de Aulas, no Campus de Campina Grande. O primeiro candidato ser\u00e1 o senador Jos\u00e9 Maranh\u00e3o (MDB), que participar\u00e1 do debate a partir das 9h30, desta quarta-feira (12).O segundo candidato ser\u00e1 T\u00e1rcio Teixeira, do PSOL, no dia 18 de setembro, a partir das 9h. O terceiro debate ser\u00e1 com a candidata do PSTU, Rama Dantas, no dia 19 de setembro, tamb\u00e9m \u00e0s 9h. O \u00faltimo candidato confirmado ser\u00e1 Luc\u00e9lio Cartaxo, do PV, no dia 26 de setembro, \u00e0s 9h. O candidato do PSB, Jo\u00e3o Azevedo, at\u00e9 o momento n\u00e3o respondeu ao convite encaminhado pela diretoria da ADUEPB. Segundo a diretoria da ADUEPB, o principal objetivo do debate ser\u00e1 a coloca\u00e7\u00e3o da UEPB e as demandas da comunidade universit\u00e1ria na pauta dos candidatos ao Governo, considerando tamb\u00e9m a import\u00e2ncia da institui\u00e7\u00e3o para o desenvolvimento da Para\u00edba e o seu atual quadro de crise or\u00e7ament\u00e1ria\/financeira. O debate ser\u00e1 transmitido pelo canal do Youtube da Universidade Estadual da para\u00edba (\u00a0https:\/\/www.youtube.com\/channel\/UCvafBtEu5NKXqzKNJSMrcZQ) e atrav\u00e9s do facebook da ADUEPB (facebook.com\/aduepboficial). Os professores, estudantes e t\u00e9cnicos aos demais campi da UEPB que n\u00e3o puderem comparecer ao debate, podem encaminhar perguntas aos candidatos atrav\u00e9s do email:\u00a0aduepbsecretaria@hotmail.com\" \/>\n<meta property=\"og:url\" content=\"https:\/\/noticiasemdestaque.com\/cd\/?p=12686\" \/>\n<meta property=\"og:site_name\" content=\"Not&iacute;cias em Destaque\" \/>\n<meta property=\"article:published_time\" content=\"2018-09-11T10:19:14+00:00\" \/>\n<meta property=\"og:image\" content=\"https:\/\/noticiasemdestaque.com\/cd\/wp-content\/uploads\/2017\/10\/UEPB-Nova.jpg\" \/>\n\t<meta property=\"og:image:width\" content=\"800\" \/>\n\t<meta property=\"og:image:height\" content=\"600\" \/>\n\t<meta property=\"og:image:type\" content=\"image\/jpeg\" \/>\n<meta name=\"author\" content=\"Not\u00edcias em Destaque\" \/>\n<meta name=\"twitter:card\" content=\"summary_large_image\" \/>\n<meta name=\"twitter:label1\" content=\"Escrito por\" \/>\n\t<meta name=\"twitter:data1\" content=\"Not\u00edcias em Destaque\" \/>\n\t<meta name=\"twitter:label2\" content=\"Est. tempo de leitura\" \/>\n\t<meta name=\"twitter:data2\" content=\"1 minuto\" \/>\n<script type=\"application\/ld+json\" class=\"yoast-schema-graph\">{\"@context\":\"https:\/\/schema.org\",\"@graph\":[{\"@type\":\"Article\",\"@id\":\"https:\/\/noticiasemdestaque.com\/cd\/?p=12686#article\",\"isPartOf\":{\"@id\":\"https:\/\/noticiasemdestaque.com\/cd\/?p=12686\"},\"author\":{\"name\":\"Not\u00edcias em Destaque\",\"@id\":\"https:\/\/noticiasemdestaque.com\/cd\/#\/schema\/person\/21320b03a7e8bb90128938dafc9b908a\"},\"headline\":\"Candidatos ao Governo discutir\u00e3o propostas para UEPB em debates promovidos pela ADUEPB\",\"datePublished\":\"2018-09-11T10:19:14+00:00\",\"mainEntityOfPage\":{\"@id\":\"https:\/\/noticiasemdestaque.com\/cd\/?p=12686\"},\"wordCount\":281,\"publisher\":{\"@id\":\"https:\/\/noticiasemdestaque.com\/cd\/#organization\"},\"image\":{\"@id\":\"https:\/\/noticiasemdestaque.com\/cd\/?p=12686#primaryimage\"},\"thumbnailUrl\":\"https:\/\/noticiasemdestaque.com\/cd\/wp-content\/uploads\/2017\/10\/UEPB-Nova.jpg\",\"articleSection\":[\"Pol\u00edtica\"],\"inLanguage\":\"pt-BR\"},{\"@type\":\"WebPage\",\"@id\":\"https:\/\/noticiasemdestaque.com\/cd\/?p=12686\",\"url\":\"https:\/\/noticiasemdestaque.com\/cd\/?p=12686\",\"name\":\"Candidatos ao Governo discutir\u00e3o propostas para UEPB em debates promovidos pela ADUEPB - Not&iacute;cias em Destaque\",\"isPartOf\":{\"@id\":\"https:\/\/noticiasemdestaque.com\/cd\/#website\"},\"primaryImageOfPage\":{\"@id\":\"https:\/\/noticiasemdestaque.com\/cd\/?p=12686#primaryimage\"},\"image\":{\"@id\":\"https:\/\/noticiasemdestaque.com\/cd\/?p=12686#primaryimage\"},\"thumbnailUrl\":\"https:\/\/noticiasemdestaque.com\/cd\/wp-content\/uploads\/2017\/10\/UEPB-Nova.jpg\",\"datePublished\":\"2018-09-11T10:19:14+00:00\",\"breadcrumb\":{\"@id\":\"https:\/\/noticiasemdestaque.com\/cd\/?p=12686#breadcrumb\"},\"inLanguage\":\"pt-BR\",\"potentialAction\":[{\"@type\":\"ReadAction\",\"target\":[\"https:\/\/noticiasemdestaque.com\/cd\/?p=12686\"]}]},{\"@type\":\"ImageObject\",\"inLanguage\":\"pt-BR\",\"@id\":\"https:\/\/noticiasemdestaque.com\/cd\/?p=12686#primaryimage\",\"url\":\"https:\/\/noticiasemdestaque.com\/cd\/wp-content\/uploads\/2017\/10\/UEPB-Nova.jpg\",\"contentUrl\":\"https:\/\/noticiasemdestaque.com\/cd\/wp-content\/uploads\/2017\/10\/UEPB-Nova.jpg\",\"width\":800,\"height\":600},{\"@type\":\"BreadcrumbList\",\"@id\":\"https:\/\/noticiasemdestaque.com\/cd\/?p=12686#breadcrumb\",\"itemListElement\":[{\"@type\":\"ListItem\",\"position\":1,\"name\":\"In\u00edcio\",\"item\":\"https:\/\/noticiasemdestaque.com\/cd\/\"},{\"@type\":\"ListItem\",\"position\":2,\"name\":\"Candidatos ao Governo discutir\u00e3o propostas para UEPB em debates promovidos pela ADUEPB\"}]},{\"@type\":\"WebSite\",\"@id\":\"https:\/\/noticiasemdestaque.com\/cd\/#website\",\"url\":\"https:\/\/noticiasemdestaque.com\/cd\/\",\"name\":\"Not&iacute;cias em Destaque\",\"description\":\"\",\"publisher\":{\"@id\":\"https:\/\/noticiasemdestaque.com\/cd\/#organization\"},\"potentialAction\":[{\"@type\":\"SearchAction\",\"target\":{\"@type\":\"EntryPoint\",\"urlTemplate\":\"https:\/\/noticiasemdestaque.com\/cd\/?s={search_term_string}\"},\"query-input\":{\"@type\":\"PropertyValueSpecification\",\"valueRequired\":true,\"valueName\":\"search_term_string\"}}],\"inLanguage\":\"pt-BR\"},{\"@type\":\"Organization\",\"@id\":\"https:\/\/noticiasemdestaque.com\/cd\/#organization\",\"name\":\"Not\u00edcias em Destaque\",\"url\":\"https:\/\/noticiasemdestaque.com\/cd\/\",\"logo\":{\"@type\":\"ImageObject\",\"inLanguage\":\"pt-BR\",\"@id\":\"https:\/\/noticiasemdestaque.com\/cd\/#\/schema\/logo\/image\/\",\"url\":\"https:\/\/noticiasemdestaque.com\/cd\/wp-content\/uploads\/2022\/05\/imagem-base-noticiasemdestaque.png\",\"contentUrl\":\"https:\/\/noticiasemdestaque.com\/cd\/wp-content\/uploads\/2022\/05\/imagem-base-noticiasemdestaque.png\",\"width\":1200,\"height\":630,\"caption\":\"Not\u00edcias em Destaque\"},\"image\":{\"@id\":\"https:\/\/noticiasemdestaque.com\/cd\/#\/schema\/logo\/image\/\"}},{\"@type\":\"Person\",\"@id\":\"https:\/\/noticiasemdestaque.com\/cd\/#\/schema\/person\/21320b03a7e8bb90128938dafc9b908a\",\"name\":\"Not\u00edcias em Destaque\",\"url\":\"https:\/\/noticiasemdestaque.com\/cd\/?author=2\"}]}<\/script>\n<!-- \/ Yoast SEO plugin. -->","yoast_head_json":{"title":"Candidatos ao Governo discutir\u00e3o propostas para UEPB em debates promovidos pela ADUEPB - Not&iacute;cias em Destaque","robots":{"index":"index","follow":"follow","max-snippet":"max-snippet:-1","max-image-preview":"max-image-preview:large","max-video-preview":"max-video-preview:-1"},"canonical":"https:\/\/noticiasemdestaque.com\/cd\/?p=12686","og_locale":"pt_BR","og_type":"article","og_title":"Candidatos ao Governo discutir\u00e3o propostas para UEPB em debates promovidos pela ADUEPB - Not&iacute;cias em Destaque","og_description":"Os candidatos ao governo da Para\u00edba discutir\u00e3o com professores, t\u00e9cnico-administrativos e estudantes da Universidade Estadual da Para\u00edba &#8211; UEPB suas propostas para a institui\u00e7\u00e3o numa s\u00e9rie de debates que ser\u00e3o promovidos pela Associa\u00e7\u00e3o dos docentes \u2013 ADUEPB. Todos os debates ocorrer\u00e3o no Hall da Central de Aulas, no Campus de Campina Grande. O primeiro candidato ser\u00e1 o senador Jos\u00e9 Maranh\u00e3o (MDB), que participar\u00e1 do debate a partir das 9h30, desta quarta-feira (12).O segundo candidato ser\u00e1 T\u00e1rcio Teixeira, do PSOL, no dia 18 de setembro, a partir das 9h. O terceiro debate ser\u00e1 com a candidata do PSTU, Rama Dantas, no dia 19 de setembro, tamb\u00e9m \u00e0s 9h. O \u00faltimo candidato confirmado ser\u00e1 Luc\u00e9lio Cartaxo, do PV, no dia 26 de setembro, \u00e0s 9h. O candidato do PSB, Jo\u00e3o Azevedo, at\u00e9 o momento n\u00e3o respondeu ao convite encaminhado pela diretoria da ADUEPB. Segundo a diretoria da ADUEPB, o principal objetivo do debate ser\u00e1 a coloca\u00e7\u00e3o da UEPB e as demandas da comunidade universit\u00e1ria na pauta dos candidatos ao Governo, considerando tamb\u00e9m a import\u00e2ncia da institui\u00e7\u00e3o para o desenvolvimento da Para\u00edba e o seu atual quadro de crise or\u00e7ament\u00e1ria\/financeira. O debate ser\u00e1 transmitido pelo canal do Youtube da Universidade Estadual da para\u00edba (\u00a0https:\/\/www.youtube.com\/channel\/UCvafBtEu5NKXqzKNJSMrcZQ) e atrav\u00e9s do facebook da ADUEPB (facebook.com\/aduepboficial). Os professores, estudantes e t\u00e9cnicos aos demais campi da UEPB que n\u00e3o puderem comparecer ao debate, podem encaminhar perguntas aos candidatos atrav\u00e9s do email:\u00a0aduepbsecretaria@hotmail.com","og_url":"https:\/\/noticiasemdestaque.com\/cd\/?p=12686","og_site_name":"Not&iacute;cias em Destaque","article_published_time":"2018-09-11T10:19:14+00:00","og_image":[{"width":800,"height":600,"url":"https:\/\/noticiasemdestaque.com\/cd\/wp-content\/uploads\/2017\/10\/UEPB-Nova.jpg","type":"image\/jpeg"}],"author":"Not\u00edcias em Destaque","twitter_card":"summary_large_image","twitter_misc":{"Escrito por":"Not\u00edcias em Destaque","Est. tempo de leitura":"1 minuto"},"schema":{"@context":"https:\/\/schema.org","@graph":[{"@type":"Article","@id":"https:\/\/noticiasemdestaque.com\/cd\/?p=12686#article","isPartOf":{"@id":"https:\/\/noticiasemdestaque.com\/cd\/?p=12686"},"author":{"name":"Not\u00edcias em Destaque","@id":"https:\/\/noticiasemdestaque.com\/cd\/#\/schema\/person\/21320b03a7e8bb90128938dafc9b908a"},"headline":"Candidatos ao Governo discutir\u00e3o propostas para UEPB em debates promovidos pela ADUEPB","datePublished":"2018-09-11T10:19:14+00:00","mainEntityOfPage":{"@id":"https:\/\/noticiasemdestaque.com\/cd\/?p=12686"},"wordCount":281,"publisher":{"@id":"https:\/\/noticiasemdestaque.com\/cd\/#organization"},"image":{"@id":"https:\/\/noticiasemdestaque.com\/cd\/?p=12686#primaryimage"},"thumbnailUrl":"https:\/\/noticiasemdestaque.com\/cd\/wp-content\/uploads\/2017\/10\/UEPB-Nova.jpg","articleSection":["Pol\u00edtica"],"inLanguage":"pt-BR"},{"@type":"WebPage","@id":"https:\/\/noticiasemdestaque.com\/cd\/?p=12686","url":"https:\/\/noticiasemdestaque.com\/cd\/?p=12686","name":"Candidatos ao Governo discutir\u00e3o propostas para UEPB em debates promovidos pela ADUEPB - Not&iacute;cias em Destaque","isPartOf":{"@id":"https:\/\/noticiasemdestaque.com\/cd\/#website"},"primaryImageOfPage":{"@id":"https:\/\/noticiasemdestaque.com\/cd\/?p=12686#primaryimage"},"image":{"@id":"https:\/\/noticiasemdestaque.com\/cd\/?p=12686#primaryimage"},"thumbnailUrl":"https:\/\/noticiasemdestaque.com\/cd\/wp-content\/uploads\/2017\/10\/UEPB-Nova.jpg","datePublished":"2018-09-11T10:19:14+00:00","breadcrumb":{"@id":"https:\/\/noticiasemdestaque.com\/cd\/?p=12686#breadcrumb"},"inLanguage":"pt-BR","potentialAction":[{"@type":"ReadAction","target":["https:\/\/noticiasemdestaque.com\/cd\/?p=12686"]}]},{"@type":"ImageObject","inLanguage":"pt-BR","@id":"https:\/\/noticiasemdestaque.com\/cd\/?p=12686#primaryimage","url":"https:\/\/noticiasemdestaque.com\/cd\/wp-content\/uploads\/2017\/10\/UEPB-Nova.jpg","contentUrl":"https:\/\/noticiasemdestaque.com\/cd\/wp-content\/uploads\/2017\/10\/UEPB-Nova.jpg","width":800,"height":600},{"@type":"BreadcrumbList","@id":"https:\/\/noticiasemdestaque.com\/cd\/?p=12686#breadcrumb","itemListElement":[{"@type":"ListItem","position":1,"name":"In\u00edcio","item":"https:\/\/noticiasemdestaque.com\/cd\/"},{"@type":"ListItem","position":2,"name":"Candidatos ao Governo discutir\u00e3o propostas para UEPB em debates promovidos pela ADUEPB"}]},{"@type":"WebSite","@id":"https:\/\/noticiasemdestaque.com\/cd\/#website","url":"https:\/\/noticiasemdestaque.com\/cd\/","name":"Not&iacute;cias em Destaque","description":"","publisher":{"@id":"https:\/\/noticiasemdestaque.com\/cd\/#organization"},"potentialAction":[{"@type":"SearchAction","target":{"@type":"EntryPoint","urlTemplate":"https:\/\/noticiasemdestaque.com\/cd\/?s={search_term_string}"},"query-input":{"@type":"PropertyValueSpecification","valueRequired":true,"valueName":"search_term_string"}}],"inLanguage":"pt-BR"},{"@type":"Organization","@id":"https:\/\/noticiasemdestaque.com\/cd\/#organization","name":"Not\u00edcias em Destaque","url":"https:\/\/noticiasemdestaque.com\/cd\/","logo":{"@type":"ImageObject","inLanguage":"pt-BR","@id":"https:\/\/noticiasemdestaque.com\/cd\/#\/schema\/logo\/image\/","url":"https:\/\/noticiasemdestaque.com\/cd\/wp-content\/uploads\/2022\/05\/imagem-base-noticiasemdestaque.png","contentUrl":"https:\/\/noticiasemdestaque.com\/cd\/wp-content\/uploads\/2022\/05\/imagem-base-noticiasemdestaque.png","width":1200,"height":630,"caption":"Not\u00edcias em Destaque"},"image":{"@id":"https:\/\/noticiasemdestaque.com\/cd\/#\/schema\/logo\/image\/"}},{"@type":"Person","@id":"https:\/\/noticiasemdestaque.com\/cd\/#\/schema\/person\/21320b03a7e8bb90128938dafc9b908a","name":"Not\u00edcias em Destaque","url":"https:\/\/noticiasemdestaque.com\/cd\/?author=2"}]}},"jetpack_featured_media_url":"https:\/\/noticiasemdestaque.com\/cd\/wp-content\/uploads\/2017\/10\/UEPB-Nova.jpg","jetpack_sharing_enabled":true,"_links":{"self":[{"href":"https:\/\/noticiasemdestaque.com\/cd\/index.php?rest_route=\/wp\/v2\/posts\/12686","targetHints":{"allow":["GET"]}}],"collection":[{"href":"https:\/\/noticiasemdestaque.com\/cd\/index.php?rest_route=\/wp\/v2\/posts"}],"about":[{"href":"https:\/\/noticiasemdestaque.com\/cd\/index.php?rest_route=\/wp\/v2\/types\/post"}],"author":[{"embeddable":true,"href":"https:\/\/noticiasemdestaque.com\/cd\/index.php?rest_route=\/wp\/v2\/users\/2"}],"replies":[{"embeddable":true,"href":"https:\/\/noticiasemdestaque.com\/cd\/index.php?rest_route=%2Fwp%2Fv2%2Fcomments&post=12686"}],"version-history":[{"count":1,"href":"https:\/\/noticiasemdestaque.com\/cd\/index.php?rest_route=\/wp\/v2\/posts\/12686\/revisions"}],"predecessor-version":[{"id":12687,"href":"https:\/\/noticiasemdestaque.com\/cd\/index.php?rest_route=\/wp\/v2\/posts\/12686\/revisions\/12687"}],"wp:featuredmedia":[{"embeddable":true,"href":"https:\/\/noticiasemdestaque.com\/cd\/index.php?rest_route=\/wp\/v2\/media\/4978"}],"wp:attachment":[{"href":"https:\/\/noticiasemdestaque.com\/cd\/index.php?rest_route=%2Fwp%2Fv2%2Fmedia&parent=12686"}],"wp:term":[{"taxonomy":"category","embeddable":true,"href":"https:\/\/noticiasemdestaque.com\/cd\/index.php?rest_route=%2Fwp%2Fv2%2Fcategories&post=12686"},{"taxonomy":"post_tag","embeddable":true,"href":"https:\/\/noticiasemdestaque.com\/cd\/index.php?rest_route=%2Fwp%2Fv2%2Ftags&post=12686"}],"curies":[{"name":"wp","href":"https:\/\/api.w.org\/{rel}","templated":true}]}}