{"id":12683,"date":"2018-09-11T07:17:28","date_gmt":"2018-09-11T10:17:28","guid":{"rendered":"http:\/\/caririemdestaque.com\/cd\/?p=12683"},"modified":"2018-09-11T07:17:28","modified_gmt":"2018-09-11T10:17:28","slug":"pt-tem-ate-hoje-para-substituir-nome-de-lula-na-chapa-presidencial","status":"publish","type":"post","link":"https:\/\/noticiasemdestaque.com\/cd\/?p=12683","title":{"rendered":"PT tem at\u00e9 hoje para substituir nome de Lula na chapa presidencial"},"content":{"rendered":"<p><a href=\"http:\/\/caririemdestaque.com\/cd\/wp-content\/uploads\/2018\/09\/lula.jpg\"><img fetchpriority=\"high\" decoding=\"async\" class=\"alignnone size-full wp-image-12684\" src=\"http:\/\/caririemdestaque.com\/cd\/wp-content\/uploads\/2018\/09\/lula.jpg\" alt=\"\" width=\"876\" height=\"585\" srcset=\"https:\/\/noticiasemdestaque.com\/cd\/wp-content\/uploads\/2018\/09\/lula.jpg 876w, https:\/\/noticiasemdestaque.com\/cd\/wp-content\/uploads\/2018\/09\/lula-300x200.jpg 300w, https:\/\/noticiasemdestaque.com\/cd\/wp-content\/uploads\/2018\/09\/lula-768x513.jpg 768w, https:\/\/noticiasemdestaque.com\/cd\/wp-content\/uploads\/2018\/09\/lula-480x320.jpg 480w\" sizes=\"(max-width: 876px) 100vw, 876px\" \/><\/a><\/p>\n<p>O PT s\u00f3 tem at\u00e9 hoje (11) para apresentar ao Tribunal Superior Eleitoral (TSE) o nome do substituto do ex-presidente Luiz In\u00e1cio Lula da Silva na chapa presidencial, depois que o tribunal declarou o ex-presidente ineleg\u00edvel com base na Lei da Ficha Limpa. A presidente do TSE, Rosa Weber, negou a prorroga\u00e7\u00e3o do prazo para o partido \u00a0substituir o nome de Lula na cabe\u00e7a de chapa presidencial.<\/p>\n<p>A negativa foi dada na mesma decis\u00e3o em que a ministra enviou ao Supremo Tribunal Federal (STF) o recurso de Lula contra a rejei\u00e7\u00e3o, pelo plen\u00e1rio do TSE, de seu registro de candidatura, a qual teve como base a Lei da Ficha Limpa. O relator dever\u00e1 ser o ministro Celso de Mello.<\/p>\n<p>Ontem (10), os advogados do ex-presidente recorreram ao STF para pedir mais prazo para a defini\u00e7\u00e3o at\u00e9 o dia 17, na pr\u00f3xima segunda-feira. O recurso \u00e9 apenas um entre os pedidos dos advogados de Lula para manter a candidatura.<\/p>\n<p>Caso prevale\u00e7a a decis\u00e3o de Rosa Weber, se o PT n\u00e3o definir o nome do substituto at\u00e9 hoje, o partido poder\u00e1 ficar sem coliga\u00e7\u00e3o na disputa \u00e0 Presid\u00eancia da Rep\u00fablica.<\/p>\n<p>Nas articula\u00e7\u00f5es pol\u00edticas, o nome que ganha for\u00e7a para substituir Lula \u00e9 o do candidato a vice-presidente Fernando Haddad, ex-prefeito de S\u00e3o Paulo e ex-ministro da Educa\u00e7\u00e3o.<\/p>\n<p>A defesa de Lula entrou com um pedido urgente no STF para que seja prorrogado o prazo dado ao PT para substitu\u00ed-lo como candidato do partido \u00e0 Presid\u00eancia da Rep\u00fablica.<\/p>\n<p>Em paralelo \u00e0 apela\u00e7\u00e3o, os advogados entraram com outra peti\u00e7\u00e3o no Supremo, desta vez pedindo com urg\u00eancia a concess\u00e3o de uma liminar (decis\u00e3o provis\u00f3ria) que permita a Lula continuar como candidato ao menos at\u00e9 o dia 17 &#8211; data limite para troca de candidatos, ou at\u00e9 que o plen\u00e1rio do STF discuta em definitivo a situa\u00e7\u00e3o do ex-presidente.<\/p>\n<p>Segundo a defesa, o TSE julgou o registro de candidatura com \u201cpressa e mais pressa\u201d, suprimindo prazos para a defesa, al\u00e9m de ter realizado \u201cduas incr\u00edveis e surpreendentes viragens de jurisprud\u00eancia\u201d para impedir Lula de fazer campanha enquanto recorre da rejei\u00e7\u00e3o e abrir de imediato o prazo para o PT trocar de candidato.<\/p>\n","protected":false},"excerpt":{"rendered":"<p>O PT s\u00f3 tem at\u00e9 hoje (11) para apresentar ao Tribunal Superior Eleitoral (TSE) o nome do substituto do ex-presidente Luiz In\u00e1cio Lula da Silva na chapa presidencial, depois que o tribunal declarou o ex-presidente ineleg\u00edvel com base na Lei da Ficha Limpa. A presidente do TSE, Rosa Weber, negou a prorroga\u00e7\u00e3o do prazo para o partido \u00a0substituir o nome de Lula na cabe\u00e7a de chapa presidencial. A negativa foi dada na mesma decis\u00e3o em que a ministra enviou ao Supremo Tribunal Federal (STF) o recurso de Lula contra a rejei\u00e7\u00e3o, pelo plen\u00e1rio do TSE, de seu registro de candidatura, a qual teve como base a Lei da Ficha Limpa. O relator dever\u00e1 ser o ministro Celso de Mello. Ontem (10), os advogados do ex-presidente recorreram ao STF para pedir mais prazo para a defini\u00e7\u00e3o at\u00e9 o dia 17, na pr\u00f3xima segunda-feira. O recurso \u00e9 apenas um entre os pedidos dos advogados de Lula para manter a candidatura. Caso prevale\u00e7a a decis\u00e3o de Rosa Weber, se o PT n\u00e3o definir o nome do substituto at\u00e9 hoje, o partido poder\u00e1 ficar sem coliga\u00e7\u00e3o na disputa \u00e0 Presid\u00eancia da Rep\u00fablica. Nas articula\u00e7\u00f5es pol\u00edticas, o nome que ganha for\u00e7a para substituir Lula \u00e9 o do candidato a vice-presidente Fernando Haddad, ex-prefeito de S\u00e3o Paulo e ex-ministro da Educa\u00e7\u00e3o. A defesa de Lula entrou com um pedido urgente no STF para que seja prorrogado o prazo dado ao PT para substitu\u00ed-lo como candidato do partido \u00e0 Presid\u00eancia da Rep\u00fablica. Em paralelo \u00e0 apela\u00e7\u00e3o, os advogados entraram com outra peti\u00e7\u00e3o no Supremo, desta vez pedindo com urg\u00eancia a concess\u00e3o de uma liminar (decis\u00e3o provis\u00f3ria) que permita a Lula continuar como candidato ao menos at\u00e9 o dia 17 &#8211; data limite para troca de candidatos, ou at\u00e9 que o plen\u00e1rio do STF discuta em definitivo a situa\u00e7\u00e3o do ex-presidente. Segundo a defesa, o TSE julgou o registro de candidatura com \u201cpressa e mais pressa\u201d, suprimindo prazos para a defesa, al\u00e9m de ter realizado \u201cduas incr\u00edveis e surpreendentes viragens de jurisprud\u00eancia\u201d para impedir Lula de fazer campanha enquanto recorre da rejei\u00e7\u00e3o e abrir de imediato o prazo para o PT trocar de candidato.<\/p>\n","protected":false},"author":2,"featured_media":12684,"comment_status":"closed","ping_status":"open","sticky":false,"template":"","format":"standard","meta":{"_eb_attr":"","_jetpack_memberships_contains_paid_content":false,"footnotes":""},"categories":[4],"tags":[],"class_list":["post-12683","post","type-post","status-publish","format-standard","has-post-thumbnail","hentry","category-politica"],"yoast_head":"<!-- This site is optimized with the Yoast SEO plugin v26.5 - https:\/\/yoast.com\/wordpress\/plugins\/seo\/ -->\n<title>PT tem at\u00e9 hoje para substituir nome de Lula na chapa presidencial - Not&iacute;cias em Destaque<\/title>\n<meta name=\"robots\" content=\"index, follow, max-snippet:-1, max-image-preview:large, max-video-preview:-1\" \/>\n<link rel=\"canonical\" href=\"https:\/\/noticiasemdestaque.com\/cd\/?p=12683\" \/>\n<meta property=\"og:locale\" content=\"pt_BR\" \/>\n<meta property=\"og:type\" content=\"article\" \/>\n<meta property=\"og:title\" content=\"PT tem at\u00e9 hoje para substituir nome de Lula na chapa presidencial - Not&iacute;cias em Destaque\" \/>\n<meta property=\"og:description\" content=\"O PT s\u00f3 tem at\u00e9 hoje (11) para apresentar ao Tribunal Superior Eleitoral (TSE) o nome do substituto do ex-presidente Luiz In\u00e1cio Lula da Silva na chapa presidencial, depois que o tribunal declarou o ex-presidente ineleg\u00edvel com base na Lei da Ficha Limpa. A presidente do TSE, Rosa Weber, negou a prorroga\u00e7\u00e3o do prazo para o partido \u00a0substituir o nome de Lula na cabe\u00e7a de chapa presidencial. A negativa foi dada na mesma decis\u00e3o em que a ministra enviou ao Supremo Tribunal Federal (STF) o recurso de Lula contra a rejei\u00e7\u00e3o, pelo plen\u00e1rio do TSE, de seu registro de candidatura, a qual teve como base a Lei da Ficha Limpa. O relator dever\u00e1 ser o ministro Celso de Mello. Ontem (10), os advogados do ex-presidente recorreram ao STF para pedir mais prazo para a defini\u00e7\u00e3o at\u00e9 o dia 17, na pr\u00f3xima segunda-feira. O recurso \u00e9 apenas um entre os pedidos dos advogados de Lula para manter a candidatura. Caso prevale\u00e7a a decis\u00e3o de Rosa Weber, se o PT n\u00e3o definir o nome do substituto at\u00e9 hoje, o partido poder\u00e1 ficar sem coliga\u00e7\u00e3o na disputa \u00e0 Presid\u00eancia da Rep\u00fablica. Nas articula\u00e7\u00f5es pol\u00edticas, o nome que ganha for\u00e7a para substituir Lula \u00e9 o do candidato a vice-presidente Fernando Haddad, ex-prefeito de S\u00e3o Paulo e ex-ministro da Educa\u00e7\u00e3o. A defesa de Lula entrou com um pedido urgente no STF para que seja prorrogado o prazo dado ao PT para substitu\u00ed-lo como candidato do partido \u00e0 Presid\u00eancia da Rep\u00fablica. Em paralelo \u00e0 apela\u00e7\u00e3o, os advogados entraram com outra peti\u00e7\u00e3o no Supremo, desta vez pedindo com urg\u00eancia a concess\u00e3o de uma liminar (decis\u00e3o provis\u00f3ria) que permita a Lula continuar como candidato ao menos at\u00e9 o dia 17 &#8211; data limite para troca de candidatos, ou at\u00e9 que o plen\u00e1rio do STF discuta em definitivo a situa\u00e7\u00e3o do ex-presidente. Segundo a defesa, o TSE julgou o registro de candidatura com \u201cpressa e mais pressa\u201d, suprimindo prazos para a defesa, al\u00e9m de ter realizado \u201cduas incr\u00edveis e surpreendentes viragens de jurisprud\u00eancia\u201d para impedir Lula de fazer campanha enquanto recorre da rejei\u00e7\u00e3o e abrir de imediato o prazo para o PT trocar de candidato.\" \/>\n<meta property=\"og:url\" content=\"https:\/\/noticiasemdestaque.com\/cd\/?p=12683\" \/>\n<meta property=\"og:site_name\" content=\"Not&iacute;cias em Destaque\" \/>\n<meta property=\"article:published_time\" content=\"2018-09-11T10:17:28+00:00\" \/>\n<meta property=\"og:image\" content=\"https:\/\/noticiasemdestaque.com\/cd\/wp-content\/uploads\/2018\/09\/lula.jpg\" \/>\n\t<meta property=\"og:image:width\" content=\"876\" \/>\n\t<meta property=\"og:image:height\" content=\"585\" \/>\n\t<meta property=\"og:image:type\" content=\"image\/jpeg\" \/>\n<meta name=\"author\" content=\"Not\u00edcias em Destaque\" \/>\n<meta name=\"twitter:card\" content=\"summary_large_image\" \/>\n<meta name=\"twitter:label1\" content=\"Escrito por\" \/>\n\t<meta name=\"twitter:data1\" content=\"Not\u00edcias em Destaque\" \/>\n\t<meta name=\"twitter:label2\" content=\"Est. tempo de leitura\" \/>\n\t<meta name=\"twitter:data2\" content=\"2 minutos\" \/>\n<script type=\"application\/ld+json\" class=\"yoast-schema-graph\">{\"@context\":\"https:\/\/schema.org\",\"@graph\":[{\"@type\":\"Article\",\"@id\":\"https:\/\/noticiasemdestaque.com\/cd\/?p=12683#article\",\"isPartOf\":{\"@id\":\"https:\/\/noticiasemdestaque.com\/cd\/?p=12683\"},\"author\":{\"name\":\"Not\u00edcias em Destaque\",\"@id\":\"https:\/\/noticiasemdestaque.com\/cd\/#\/schema\/person\/21320b03a7e8bb90128938dafc9b908a\"},\"headline\":\"PT tem at\u00e9 hoje para substituir nome de Lula na chapa presidencial\",\"datePublished\":\"2018-09-11T10:17:28+00:00\",\"mainEntityOfPage\":{\"@id\":\"https:\/\/noticiasemdestaque.com\/cd\/?p=12683\"},\"wordCount\":394,\"publisher\":{\"@id\":\"https:\/\/noticiasemdestaque.com\/cd\/#organization\"},\"image\":{\"@id\":\"https:\/\/noticiasemdestaque.com\/cd\/?p=12683#primaryimage\"},\"thumbnailUrl\":\"https:\/\/noticiasemdestaque.com\/cd\/wp-content\/uploads\/2018\/09\/lula.jpg\",\"articleSection\":[\"Pol\u00edtica\"],\"inLanguage\":\"pt-BR\"},{\"@type\":\"WebPage\",\"@id\":\"https:\/\/noticiasemdestaque.com\/cd\/?p=12683\",\"url\":\"https:\/\/noticiasemdestaque.com\/cd\/?p=12683\",\"name\":\"PT tem at\u00e9 hoje para substituir nome de Lula na chapa presidencial - Not&iacute;cias em Destaque\",\"isPartOf\":{\"@id\":\"https:\/\/noticiasemdestaque.com\/cd\/#website\"},\"primaryImageOfPage\":{\"@id\":\"https:\/\/noticiasemdestaque.com\/cd\/?p=12683#primaryimage\"},\"image\":{\"@id\":\"https:\/\/noticiasemdestaque.com\/cd\/?p=12683#primaryimage\"},\"thumbnailUrl\":\"https:\/\/noticiasemdestaque.com\/cd\/wp-content\/uploads\/2018\/09\/lula.jpg\",\"datePublished\":\"2018-09-11T10:17:28+00:00\",\"breadcrumb\":{\"@id\":\"https:\/\/noticiasemdestaque.com\/cd\/?p=12683#breadcrumb\"},\"inLanguage\":\"pt-BR\",\"potentialAction\":[{\"@type\":\"ReadAction\",\"target\":[\"https:\/\/noticiasemdestaque.com\/cd\/?p=12683\"]}]},{\"@type\":\"ImageObject\",\"inLanguage\":\"pt-BR\",\"@id\":\"https:\/\/noticiasemdestaque.com\/cd\/?p=12683#primaryimage\",\"url\":\"https:\/\/noticiasemdestaque.com\/cd\/wp-content\/uploads\/2018\/09\/lula.jpg\",\"contentUrl\":\"https:\/\/noticiasemdestaque.com\/cd\/wp-content\/uploads\/2018\/09\/lula.jpg\",\"width\":876,\"height\":585},{\"@type\":\"BreadcrumbList\",\"@id\":\"https:\/\/noticiasemdestaque.com\/cd\/?p=12683#breadcrumb\",\"itemListElement\":[{\"@type\":\"ListItem\",\"position\":1,\"name\":\"In\u00edcio\",\"item\":\"https:\/\/noticiasemdestaque.com\/cd\/\"},{\"@type\":\"ListItem\",\"position\":2,\"name\":\"PT tem at\u00e9 hoje para substituir nome de Lula na chapa presidencial\"}]},{\"@type\":\"WebSite\",\"@id\":\"https:\/\/noticiasemdestaque.com\/cd\/#website\",\"url\":\"https:\/\/noticiasemdestaque.com\/cd\/\",\"name\":\"Not&iacute;cias em Destaque\",\"description\":\"\",\"publisher\":{\"@id\":\"https:\/\/noticiasemdestaque.com\/cd\/#organization\"},\"potentialAction\":[{\"@type\":\"SearchAction\",\"target\":{\"@type\":\"EntryPoint\",\"urlTemplate\":\"https:\/\/noticiasemdestaque.com\/cd\/?s={search_term_string}\"},\"query-input\":{\"@type\":\"PropertyValueSpecification\",\"valueRequired\":true,\"valueName\":\"search_term_string\"}}],\"inLanguage\":\"pt-BR\"},{\"@type\":\"Organization\",\"@id\":\"https:\/\/noticiasemdestaque.com\/cd\/#organization\",\"name\":\"Not\u00edcias em Destaque\",\"url\":\"https:\/\/noticiasemdestaque.com\/cd\/\",\"logo\":{\"@type\":\"ImageObject\",\"inLanguage\":\"pt-BR\",\"@id\":\"https:\/\/noticiasemdestaque.com\/cd\/#\/schema\/logo\/image\/\",\"url\":\"https:\/\/noticiasemdestaque.com\/cd\/wp-content\/uploads\/2022\/05\/imagem-base-noticiasemdestaque.png\",\"contentUrl\":\"https:\/\/noticiasemdestaque.com\/cd\/wp-content\/uploads\/2022\/05\/imagem-base-noticiasemdestaque.png\",\"width\":1200,\"height\":630,\"caption\":\"Not\u00edcias em Destaque\"},\"image\":{\"@id\":\"https:\/\/noticiasemdestaque.com\/cd\/#\/schema\/logo\/image\/\"}},{\"@type\":\"Person\",\"@id\":\"https:\/\/noticiasemdestaque.com\/cd\/#\/schema\/person\/21320b03a7e8bb90128938dafc9b908a\",\"name\":\"Not\u00edcias em Destaque\",\"url\":\"https:\/\/noticiasemdestaque.com\/cd\/?author=2\"}]}<\/script>\n<!-- \/ Yoast SEO plugin. -->","yoast_head_json":{"title":"PT tem at\u00e9 hoje para substituir nome de Lula na chapa presidencial - Not&iacute;cias em Destaque","robots":{"index":"index","follow":"follow","max-snippet":"max-snippet:-1","max-image-preview":"max-image-preview:large","max-video-preview":"max-video-preview:-1"},"canonical":"https:\/\/noticiasemdestaque.com\/cd\/?p=12683","og_locale":"pt_BR","og_type":"article","og_title":"PT tem at\u00e9 hoje para substituir nome de Lula na chapa presidencial - Not&iacute;cias em Destaque","og_description":"O PT s\u00f3 tem at\u00e9 hoje (11) para apresentar ao Tribunal Superior Eleitoral (TSE) o nome do substituto do ex-presidente Luiz In\u00e1cio Lula da Silva na chapa presidencial, depois que o tribunal declarou o ex-presidente ineleg\u00edvel com base na Lei da Ficha Limpa. A presidente do TSE, Rosa Weber, negou a prorroga\u00e7\u00e3o do prazo para o partido \u00a0substituir o nome de Lula na cabe\u00e7a de chapa presidencial. A negativa foi dada na mesma decis\u00e3o em que a ministra enviou ao Supremo Tribunal Federal (STF) o recurso de Lula contra a rejei\u00e7\u00e3o, pelo plen\u00e1rio do TSE, de seu registro de candidatura, a qual teve como base a Lei da Ficha Limpa. O relator dever\u00e1 ser o ministro Celso de Mello. Ontem (10), os advogados do ex-presidente recorreram ao STF para pedir mais prazo para a defini\u00e7\u00e3o at\u00e9 o dia 17, na pr\u00f3xima segunda-feira. O recurso \u00e9 apenas um entre os pedidos dos advogados de Lula para manter a candidatura. Caso prevale\u00e7a a decis\u00e3o de Rosa Weber, se o PT n\u00e3o definir o nome do substituto at\u00e9 hoje, o partido poder\u00e1 ficar sem coliga\u00e7\u00e3o na disputa \u00e0 Presid\u00eancia da Rep\u00fablica. Nas articula\u00e7\u00f5es pol\u00edticas, o nome que ganha for\u00e7a para substituir Lula \u00e9 o do candidato a vice-presidente Fernando Haddad, ex-prefeito de S\u00e3o Paulo e ex-ministro da Educa\u00e7\u00e3o. A defesa de Lula entrou com um pedido urgente no STF para que seja prorrogado o prazo dado ao PT para substitu\u00ed-lo como candidato do partido \u00e0 Presid\u00eancia da Rep\u00fablica. Em paralelo \u00e0 apela\u00e7\u00e3o, os advogados entraram com outra peti\u00e7\u00e3o no Supremo, desta vez pedindo com urg\u00eancia a concess\u00e3o de uma liminar (decis\u00e3o provis\u00f3ria) que permita a Lula continuar como candidato ao menos at\u00e9 o dia 17 &#8211; data limite para troca de candidatos, ou at\u00e9 que o plen\u00e1rio do STF discuta em definitivo a situa\u00e7\u00e3o do ex-presidente. Segundo a defesa, o TSE julgou o registro de candidatura com \u201cpressa e mais pressa\u201d, suprimindo prazos para a defesa, al\u00e9m de ter realizado \u201cduas incr\u00edveis e surpreendentes viragens de jurisprud\u00eancia\u201d para impedir Lula de fazer campanha enquanto recorre da rejei\u00e7\u00e3o e abrir de imediato o prazo para o PT trocar de candidato.","og_url":"https:\/\/noticiasemdestaque.com\/cd\/?p=12683","og_site_name":"Not&iacute;cias em Destaque","article_published_time":"2018-09-11T10:17:28+00:00","og_image":[{"width":876,"height":585,"url":"https:\/\/noticiasemdestaque.com\/cd\/wp-content\/uploads\/2018\/09\/lula.jpg","type":"image\/jpeg"}],"author":"Not\u00edcias em Destaque","twitter_card":"summary_large_image","twitter_misc":{"Escrito por":"Not\u00edcias em Destaque","Est. tempo de leitura":"2 minutos"},"schema":{"@context":"https:\/\/schema.org","@graph":[{"@type":"Article","@id":"https:\/\/noticiasemdestaque.com\/cd\/?p=12683#article","isPartOf":{"@id":"https:\/\/noticiasemdestaque.com\/cd\/?p=12683"},"author":{"name":"Not\u00edcias em Destaque","@id":"https:\/\/noticiasemdestaque.com\/cd\/#\/schema\/person\/21320b03a7e8bb90128938dafc9b908a"},"headline":"PT tem at\u00e9 hoje para substituir nome de Lula na chapa presidencial","datePublished":"2018-09-11T10:17:28+00:00","mainEntityOfPage":{"@id":"https:\/\/noticiasemdestaque.com\/cd\/?p=12683"},"wordCount":394,"publisher":{"@id":"https:\/\/noticiasemdestaque.com\/cd\/#organization"},"image":{"@id":"https:\/\/noticiasemdestaque.com\/cd\/?p=12683#primaryimage"},"thumbnailUrl":"https:\/\/noticiasemdestaque.com\/cd\/wp-content\/uploads\/2018\/09\/lula.jpg","articleSection":["Pol\u00edtica"],"inLanguage":"pt-BR"},{"@type":"WebPage","@id":"https:\/\/noticiasemdestaque.com\/cd\/?p=12683","url":"https:\/\/noticiasemdestaque.com\/cd\/?p=12683","name":"PT tem at\u00e9 hoje para substituir nome de Lula na chapa presidencial - Not&iacute;cias em Destaque","isPartOf":{"@id":"https:\/\/noticiasemdestaque.com\/cd\/#website"},"primaryImageOfPage":{"@id":"https:\/\/noticiasemdestaque.com\/cd\/?p=12683#primaryimage"},"image":{"@id":"https:\/\/noticiasemdestaque.com\/cd\/?p=12683#primaryimage"},"thumbnailUrl":"https:\/\/noticiasemdestaque.com\/cd\/wp-content\/uploads\/2018\/09\/lula.jpg","datePublished":"2018-09-11T10:17:28+00:00","breadcrumb":{"@id":"https:\/\/noticiasemdestaque.com\/cd\/?p=12683#breadcrumb"},"inLanguage":"pt-BR","potentialAction":[{"@type":"ReadAction","target":["https:\/\/noticiasemdestaque.com\/cd\/?p=12683"]}]},{"@type":"ImageObject","inLanguage":"pt-BR","@id":"https:\/\/noticiasemdestaque.com\/cd\/?p=12683#primaryimage","url":"https:\/\/noticiasemdestaque.com\/cd\/wp-content\/uploads\/2018\/09\/lula.jpg","contentUrl":"https:\/\/noticiasemdestaque.com\/cd\/wp-content\/uploads\/2018\/09\/lula.jpg","width":876,"height":585},{"@type":"BreadcrumbList","@id":"https:\/\/noticiasemdestaque.com\/cd\/?p=12683#breadcrumb","itemListElement":[{"@type":"ListItem","position":1,"name":"In\u00edcio","item":"https:\/\/noticiasemdestaque.com\/cd\/"},{"@type":"ListItem","position":2,"name":"PT tem at\u00e9 hoje para substituir nome de Lula na chapa presidencial"}]},{"@type":"WebSite","@id":"https:\/\/noticiasemdestaque.com\/cd\/#website","url":"https:\/\/noticiasemdestaque.com\/cd\/","name":"Not&iacute;cias em Destaque","description":"","publisher":{"@id":"https:\/\/noticiasemdestaque.com\/cd\/#organization"},"potentialAction":[{"@type":"SearchAction","target":{"@type":"EntryPoint","urlTemplate":"https:\/\/noticiasemdestaque.com\/cd\/?s={search_term_string}"},"query-input":{"@type":"PropertyValueSpecification","valueRequired":true,"valueName":"search_term_string"}}],"inLanguage":"pt-BR"},{"@type":"Organization","@id":"https:\/\/noticiasemdestaque.com\/cd\/#organization","name":"Not\u00edcias em Destaque","url":"https:\/\/noticiasemdestaque.com\/cd\/","logo":{"@type":"ImageObject","inLanguage":"pt-BR","@id":"https:\/\/noticiasemdestaque.com\/cd\/#\/schema\/logo\/image\/","url":"https:\/\/noticiasemdestaque.com\/cd\/wp-content\/uploads\/2022\/05\/imagem-base-noticiasemdestaque.png","contentUrl":"https:\/\/noticiasemdestaque.com\/cd\/wp-content\/uploads\/2022\/05\/imagem-base-noticiasemdestaque.png","width":1200,"height":630,"caption":"Not\u00edcias em Destaque"},"image":{"@id":"https:\/\/noticiasemdestaque.com\/cd\/#\/schema\/logo\/image\/"}},{"@type":"Person","@id":"https:\/\/noticiasemdestaque.com\/cd\/#\/schema\/person\/21320b03a7e8bb90128938dafc9b908a","name":"Not\u00edcias em Destaque","url":"https:\/\/noticiasemdestaque.com\/cd\/?author=2"}]}},"jetpack_featured_media_url":"https:\/\/noticiasemdestaque.com\/cd\/wp-content\/uploads\/2018\/09\/lula.jpg","jetpack_sharing_enabled":true,"_links":{"self":[{"href":"https:\/\/noticiasemdestaque.com\/cd\/index.php?rest_route=\/wp\/v2\/posts\/12683","targetHints":{"allow":["GET"]}}],"collection":[{"href":"https:\/\/noticiasemdestaque.com\/cd\/index.php?rest_route=\/wp\/v2\/posts"}],"about":[{"href":"https:\/\/noticiasemdestaque.com\/cd\/index.php?rest_route=\/wp\/v2\/types\/post"}],"author":[{"embeddable":true,"href":"https:\/\/noticiasemdestaque.com\/cd\/index.php?rest_route=\/wp\/v2\/users\/2"}],"replies":[{"embeddable":true,"href":"https:\/\/noticiasemdestaque.com\/cd\/index.php?rest_route=%2Fwp%2Fv2%2Fcomments&post=12683"}],"version-history":[{"count":1,"href":"https:\/\/noticiasemdestaque.com\/cd\/index.php?rest_route=\/wp\/v2\/posts\/12683\/revisions"}],"predecessor-version":[{"id":12685,"href":"https:\/\/noticiasemdestaque.com\/cd\/index.php?rest_route=\/wp\/v2\/posts\/12683\/revisions\/12685"}],"wp:featuredmedia":[{"embeddable":true,"href":"https:\/\/noticiasemdestaque.com\/cd\/index.php?rest_route=\/wp\/v2\/media\/12684"}],"wp:attachment":[{"href":"https:\/\/noticiasemdestaque.com\/cd\/index.php?rest_route=%2Fwp%2Fv2%2Fmedia&parent=12683"}],"wp:term":[{"taxonomy":"category","embeddable":true,"href":"https:\/\/noticiasemdestaque.com\/cd\/index.php?rest_route=%2Fwp%2Fv2%2Fcategories&post=12683"},{"taxonomy":"post_tag","embeddable":true,"href":"https:\/\/noticiasemdestaque.com\/cd\/index.php?rest_route=%2Fwp%2Fv2%2Ftags&post=12683"}],"curies":[{"name":"wp","href":"https:\/\/api.w.org\/{rel}","templated":true}]}}