{"id":12402,"date":"2018-08-25T22:00:12","date_gmt":"2018-08-26T01:00:12","guid":{"rendered":"http:\/\/caririemdestaque.com\/cd\/?p=12402"},"modified":"2018-08-25T22:00:12","modified_gmt":"2018-08-26T01:00:12","slug":"espontanea-joao-lidera-com-11-ze-maranhao-9-lucelio-6","status":"publish","type":"post","link":"https:\/\/noticiasemdestaque.com\/cd\/?p=12402","title":{"rendered":"Espont\u00e2nea: Jo\u00e3o lidera com 11%; Z\u00e9 Maranh\u00e3o 9%; Luc\u00e9lio 6%"},"content":{"rendered":"<p><a href=\"http:\/\/caririemdestaque.com\/cd\/wp-content\/uploads\/2018\/08\/1502724991927-ricardo-coutinho-joao-azevedo.jpg\"><img fetchpriority=\"high\" decoding=\"async\" class=\"size-full wp-image-12403 aligncenter\" src=\"http:\/\/caririemdestaque.com\/cd\/wp-content\/uploads\/2018\/08\/1502724991927-ricardo-coutinho-joao-azevedo.jpg\" alt=\"\" width=\"583\" height=\"446\" srcset=\"https:\/\/noticiasemdestaque.com\/cd\/wp-content\/uploads\/2018\/08\/1502724991927-ricardo-coutinho-joao-azevedo.jpg 583w, https:\/\/noticiasemdestaque.com\/cd\/wp-content\/uploads\/2018\/08\/1502724991927-ricardo-coutinho-joao-azevedo-300x230.jpg 300w\" sizes=\"(max-width: 583px) 100vw, 583px\" \/><\/a><\/p>\n<p>A primeira pesquisa de inten\u00e7\u00e3o de voto realizada pelo Ibope, na Para\u00edba, ap\u00f3s a formaliza\u00e7\u00e3o das candidaturas mostrou o candidato do PSB, Jo\u00e3o Azev\u00eado, na frente na espont\u00e2nea. Quando n\u00e3o s\u00e3o previamente apresentados os nomes dos candidatos, Jo\u00e3o \u00e9 citado por 11% dos eleitores. Na sequ\u00eancia aparecem o senador Jos\u00e9 Maranh\u00e3o (MDB), com 9% das cita\u00e7\u00f5es, e Luc\u00e9lio Cartaxo (PV), com 6% dos eleitores. O candidato do Psol, T\u00e1rcio Teixeira, n\u00e3o chegou a pontuar. Rama Dantas n\u00e3o foi citada durante a consulta espont\u00e2nea. Outros nomes foram lembrados por 7% dos eleitores. Brancos e nulos somaram 22% e n\u00e3o souberam ou preferiram n\u00e3o opinar 45% dos eleitores.<\/p>\n<p>O levantamento foi realizado, entre dos dias 21 e 23 de agosto, pelo IBOPE Intelig\u00eancia a pedido da TV Cabo Branco. Ao todo, 812 votantes foram entrevistados pelo instituto. A margem de erro estimada \u00e9 de 3 pontos percentuais para mais ou para menos sobre os resultados encontrados no total da amostra. O n\u00edvel de confian\u00e7a utilizado \u00e9 de 95%. Isso quer dizer que h\u00e1 uma probabilidade de 95% de os resultados retratarem o atual momento eleitoral. A consulta foi registrada no Tribunal Regional Eleitoral da Para\u00edba sob o protocolo N\u00ba PB-08079\/2018 e no Tribunal Superior Eleitoral sob o protocolo N\u00ba BR-02889\/2018.<\/p>\n<p><strong><em>Cariri em Destaque<\/em><\/strong><\/p>\n<p>Com Jornal da Para\u00edba<\/p>\n","protected":false},"excerpt":{"rendered":"<p>A primeira pesquisa de inten\u00e7\u00e3o de voto realizada pelo Ibope, na Para\u00edba, ap\u00f3s a formaliza\u00e7\u00e3o das candidaturas mostrou o candidato do PSB, Jo\u00e3o Azev\u00eado, na frente na espont\u00e2nea. Quando n\u00e3o s\u00e3o previamente apresentados os nomes dos candidatos, Jo\u00e3o \u00e9 citado por 11% dos eleitores. Na sequ\u00eancia aparecem o senador Jos\u00e9 Maranh\u00e3o (MDB), com 9% das cita\u00e7\u00f5es, e Luc\u00e9lio Cartaxo (PV), com 6% dos eleitores. O candidato do Psol, T\u00e1rcio Teixeira, n\u00e3o chegou a pontuar. Rama Dantas n\u00e3o foi citada durante a consulta espont\u00e2nea. Outros nomes foram lembrados por 7% dos eleitores. Brancos e nulos somaram 22% e n\u00e3o souberam ou preferiram n\u00e3o opinar 45% dos eleitores. O levantamento foi realizado, entre dos dias 21 e 23 de agosto, pelo IBOPE Intelig\u00eancia a pedido da TV Cabo Branco. Ao todo, 812 votantes foram entrevistados pelo instituto. A margem de erro estimada \u00e9 de 3 pontos percentuais para mais ou para menos sobre os resultados encontrados no total da amostra. O n\u00edvel de confian\u00e7a utilizado \u00e9 de 95%. Isso quer dizer que h\u00e1 uma probabilidade de 95% de os resultados retratarem o atual momento eleitoral. A consulta foi registrada no Tribunal Regional Eleitoral da Para\u00edba sob o protocolo N\u00ba PB-08079\/2018 e no Tribunal Superior Eleitoral sob o protocolo N\u00ba BR-02889\/2018. Cariri em Destaque Com Jornal da Para\u00edba<\/p>\n","protected":false},"author":2,"featured_media":12403,"comment_status":"closed","ping_status":"open","sticky":false,"template":"","format":"standard","meta":{"_eb_attr":"","_jetpack_memberships_contains_paid_content":false,"footnotes":""},"categories":[4],"tags":[],"class_list":["post-12402","post","type-post","status-publish","format-standard","has-post-thumbnail","hentry","category-politica"],"yoast_head":"<!-- This site is optimized with the Yoast SEO plugin v26.5 - https:\/\/yoast.com\/wordpress\/plugins\/seo\/ -->\n<title>Espont\u00e2nea: Jo\u00e3o lidera com 11%; Z\u00e9 Maranh\u00e3o 9%; Luc\u00e9lio 6% - Not&iacute;cias em Destaque<\/title>\n<meta name=\"robots\" content=\"index, follow, max-snippet:-1, max-image-preview:large, max-video-preview:-1\" \/>\n<link rel=\"canonical\" href=\"https:\/\/noticiasemdestaque.com\/cd\/?p=12402\" \/>\n<meta property=\"og:locale\" content=\"pt_BR\" \/>\n<meta property=\"og:type\" content=\"article\" \/>\n<meta property=\"og:title\" content=\"Espont\u00e2nea: Jo\u00e3o lidera com 11%; Z\u00e9 Maranh\u00e3o 9%; Luc\u00e9lio 6% - Not&iacute;cias em Destaque\" \/>\n<meta property=\"og:description\" content=\"A primeira pesquisa de inten\u00e7\u00e3o de voto realizada pelo Ibope, na Para\u00edba, ap\u00f3s a formaliza\u00e7\u00e3o das candidaturas mostrou o candidato do PSB, Jo\u00e3o Azev\u00eado, na frente na espont\u00e2nea. Quando n\u00e3o s\u00e3o previamente apresentados os nomes dos candidatos, Jo\u00e3o \u00e9 citado por 11% dos eleitores. Na sequ\u00eancia aparecem o senador Jos\u00e9 Maranh\u00e3o (MDB), com 9% das cita\u00e7\u00f5es, e Luc\u00e9lio Cartaxo (PV), com 6% dos eleitores. O candidato do Psol, T\u00e1rcio Teixeira, n\u00e3o chegou a pontuar. Rama Dantas n\u00e3o foi citada durante a consulta espont\u00e2nea. Outros nomes foram lembrados por 7% dos eleitores. Brancos e nulos somaram 22% e n\u00e3o souberam ou preferiram n\u00e3o opinar 45% dos eleitores. O levantamento foi realizado, entre dos dias 21 e 23 de agosto, pelo IBOPE Intelig\u00eancia a pedido da TV Cabo Branco. Ao todo, 812 votantes foram entrevistados pelo instituto. A margem de erro estimada \u00e9 de 3 pontos percentuais para mais ou para menos sobre os resultados encontrados no total da amostra. O n\u00edvel de confian\u00e7a utilizado \u00e9 de 95%. Isso quer dizer que h\u00e1 uma probabilidade de 95% de os resultados retratarem o atual momento eleitoral. A consulta foi registrada no Tribunal Regional Eleitoral da Para\u00edba sob o protocolo N\u00ba PB-08079\/2018 e no Tribunal Superior Eleitoral sob o protocolo N\u00ba BR-02889\/2018. Cariri em Destaque Com Jornal da Para\u00edba\" \/>\n<meta property=\"og:url\" content=\"https:\/\/noticiasemdestaque.com\/cd\/?p=12402\" \/>\n<meta property=\"og:site_name\" content=\"Not&iacute;cias em Destaque\" \/>\n<meta property=\"article:published_time\" content=\"2018-08-26T01:00:12+00:00\" \/>\n<meta property=\"og:image\" content=\"https:\/\/noticiasemdestaque.com\/cd\/wp-content\/uploads\/2018\/08\/1502724991927-ricardo-coutinho-joao-azevedo.jpg\" \/>\n\t<meta property=\"og:image:width\" content=\"583\" \/>\n\t<meta property=\"og:image:height\" content=\"446\" \/>\n\t<meta property=\"og:image:type\" content=\"image\/jpeg\" \/>\n<meta name=\"author\" content=\"Not\u00edcias em Destaque\" \/>\n<meta name=\"twitter:card\" content=\"summary_large_image\" \/>\n<meta name=\"twitter:label1\" content=\"Escrito por\" \/>\n\t<meta name=\"twitter:data1\" content=\"Not\u00edcias em Destaque\" \/>\n\t<meta name=\"twitter:label2\" content=\"Est. tempo de leitura\" \/>\n\t<meta name=\"twitter:data2\" content=\"1 minuto\" \/>\n<script type=\"application\/ld+json\" class=\"yoast-schema-graph\">{\"@context\":\"https:\/\/schema.org\",\"@graph\":[{\"@type\":\"Article\",\"@id\":\"https:\/\/noticiasemdestaque.com\/cd\/?p=12402#article\",\"isPartOf\":{\"@id\":\"https:\/\/noticiasemdestaque.com\/cd\/?p=12402\"},\"author\":{\"name\":\"Not\u00edcias em Destaque\",\"@id\":\"https:\/\/noticiasemdestaque.com\/cd\/#\/schema\/person\/47f7d4f55eec17c6b2ca036c5500f6ce\"},\"headline\":\"Espont\u00e2nea: Jo\u00e3o lidera com 11%; Z\u00e9 Maranh\u00e3o 9%; Luc\u00e9lio 6%\",\"datePublished\":\"2018-08-26T01:00:12+00:00\",\"mainEntityOfPage\":{\"@id\":\"https:\/\/noticiasemdestaque.com\/cd\/?p=12402\"},\"wordCount\":236,\"publisher\":{\"@id\":\"https:\/\/noticiasemdestaque.com\/cd\/#organization\"},\"image\":{\"@id\":\"https:\/\/noticiasemdestaque.com\/cd\/?p=12402#primaryimage\"},\"thumbnailUrl\":\"https:\/\/noticiasemdestaque.com\/cd\/wp-content\/uploads\/2018\/08\/1502724991927-ricardo-coutinho-joao-azevedo.jpg\",\"articleSection\":[\"Pol\u00edtica\"],\"inLanguage\":\"pt-BR\"},{\"@type\":\"WebPage\",\"@id\":\"https:\/\/noticiasemdestaque.com\/cd\/?p=12402\",\"url\":\"https:\/\/noticiasemdestaque.com\/cd\/?p=12402\",\"name\":\"Espont\u00e2nea: Jo\u00e3o lidera com 11%; Z\u00e9 Maranh\u00e3o 9%; Luc\u00e9lio 6% - Not&iacute;cias em Destaque\",\"isPartOf\":{\"@id\":\"https:\/\/noticiasemdestaque.com\/cd\/#website\"},\"primaryImageOfPage\":{\"@id\":\"https:\/\/noticiasemdestaque.com\/cd\/?p=12402#primaryimage\"},\"image\":{\"@id\":\"https:\/\/noticiasemdestaque.com\/cd\/?p=12402#primaryimage\"},\"thumbnailUrl\":\"https:\/\/noticiasemdestaque.com\/cd\/wp-content\/uploads\/2018\/08\/1502724991927-ricardo-coutinho-joao-azevedo.jpg\",\"datePublished\":\"2018-08-26T01:00:12+00:00\",\"breadcrumb\":{\"@id\":\"https:\/\/noticiasemdestaque.com\/cd\/?p=12402#breadcrumb\"},\"inLanguage\":\"pt-BR\",\"potentialAction\":[{\"@type\":\"ReadAction\",\"target\":[\"https:\/\/noticiasemdestaque.com\/cd\/?p=12402\"]}]},{\"@type\":\"ImageObject\",\"inLanguage\":\"pt-BR\",\"@id\":\"https:\/\/noticiasemdestaque.com\/cd\/?p=12402#primaryimage\",\"url\":\"https:\/\/noticiasemdestaque.com\/cd\/wp-content\/uploads\/2018\/08\/1502724991927-ricardo-coutinho-joao-azevedo.jpg\",\"contentUrl\":\"https:\/\/noticiasemdestaque.com\/cd\/wp-content\/uploads\/2018\/08\/1502724991927-ricardo-coutinho-joao-azevedo.jpg\",\"width\":583,\"height\":446},{\"@type\":\"BreadcrumbList\",\"@id\":\"https:\/\/noticiasemdestaque.com\/cd\/?p=12402#breadcrumb\",\"itemListElement\":[{\"@type\":\"ListItem\",\"position\":1,\"name\":\"In\u00edcio\",\"item\":\"https:\/\/noticiasemdestaque.com\/cd\/\"},{\"@type\":\"ListItem\",\"position\":2,\"name\":\"Espont\u00e2nea: Jo\u00e3o lidera com 11%; Z\u00e9 Maranh\u00e3o 9%; Luc\u00e9lio 6%\"}]},{\"@type\":\"WebSite\",\"@id\":\"https:\/\/noticiasemdestaque.com\/cd\/#website\",\"url\":\"https:\/\/noticiasemdestaque.com\/cd\/\",\"name\":\"Not&iacute;cias em Destaque\",\"description\":\"\",\"publisher\":{\"@id\":\"https:\/\/noticiasemdestaque.com\/cd\/#organization\"},\"potentialAction\":[{\"@type\":\"SearchAction\",\"target\":{\"@type\":\"EntryPoint\",\"urlTemplate\":\"https:\/\/noticiasemdestaque.com\/cd\/?s={search_term_string}\"},\"query-input\":{\"@type\":\"PropertyValueSpecification\",\"valueRequired\":true,\"valueName\":\"search_term_string\"}}],\"inLanguage\":\"pt-BR\"},{\"@type\":\"Organization\",\"@id\":\"https:\/\/noticiasemdestaque.com\/cd\/#organization\",\"name\":\"Not\u00edcias em Destaque\",\"url\":\"https:\/\/noticiasemdestaque.com\/cd\/\",\"logo\":{\"@type\":\"ImageObject\",\"inLanguage\":\"pt-BR\",\"@id\":\"https:\/\/noticiasemdestaque.com\/cd\/#\/schema\/logo\/image\/\",\"url\":\"https:\/\/noticiasemdestaque.com\/cd\/wp-content\/uploads\/2022\/05\/imagem-base-noticiasemdestaque.png\",\"contentUrl\":\"https:\/\/noticiasemdestaque.com\/cd\/wp-content\/uploads\/2022\/05\/imagem-base-noticiasemdestaque.png\",\"width\":1200,\"height\":630,\"caption\":\"Not\u00edcias em Destaque\"},\"image\":{\"@id\":\"https:\/\/noticiasemdestaque.com\/cd\/#\/schema\/logo\/image\/\"}},{\"@type\":\"Person\",\"@id\":\"https:\/\/noticiasemdestaque.com\/cd\/#\/schema\/person\/47f7d4f55eec17c6b2ca036c5500f6ce\",\"name\":\"Not\u00edcias em Destaque\",\"url\":\"https:\/\/noticiasemdestaque.com\/cd\/?author=2\"}]}<\/script>\n<!-- \/ Yoast SEO plugin. -->","yoast_head_json":{"title":"Espont\u00e2nea: Jo\u00e3o lidera com 11%; Z\u00e9 Maranh\u00e3o 9%; Luc\u00e9lio 6% - Not&iacute;cias em Destaque","robots":{"index":"index","follow":"follow","max-snippet":"max-snippet:-1","max-image-preview":"max-image-preview:large","max-video-preview":"max-video-preview:-1"},"canonical":"https:\/\/noticiasemdestaque.com\/cd\/?p=12402","og_locale":"pt_BR","og_type":"article","og_title":"Espont\u00e2nea: Jo\u00e3o lidera com 11%; Z\u00e9 Maranh\u00e3o 9%; Luc\u00e9lio 6% - Not&iacute;cias em Destaque","og_description":"A primeira pesquisa de inten\u00e7\u00e3o de voto realizada pelo Ibope, na Para\u00edba, ap\u00f3s a formaliza\u00e7\u00e3o das candidaturas mostrou o candidato do PSB, Jo\u00e3o Azev\u00eado, na frente na espont\u00e2nea. Quando n\u00e3o s\u00e3o previamente apresentados os nomes dos candidatos, Jo\u00e3o \u00e9 citado por 11% dos eleitores. Na sequ\u00eancia aparecem o senador Jos\u00e9 Maranh\u00e3o (MDB), com 9% das cita\u00e7\u00f5es, e Luc\u00e9lio Cartaxo (PV), com 6% dos eleitores. O candidato do Psol, T\u00e1rcio Teixeira, n\u00e3o chegou a pontuar. Rama Dantas n\u00e3o foi citada durante a consulta espont\u00e2nea. Outros nomes foram lembrados por 7% dos eleitores. Brancos e nulos somaram 22% e n\u00e3o souberam ou preferiram n\u00e3o opinar 45% dos eleitores. O levantamento foi realizado, entre dos dias 21 e 23 de agosto, pelo IBOPE Intelig\u00eancia a pedido da TV Cabo Branco. Ao todo, 812 votantes foram entrevistados pelo instituto. A margem de erro estimada \u00e9 de 3 pontos percentuais para mais ou para menos sobre os resultados encontrados no total da amostra. O n\u00edvel de confian\u00e7a utilizado \u00e9 de 95%. Isso quer dizer que h\u00e1 uma probabilidade de 95% de os resultados retratarem o atual momento eleitoral. A consulta foi registrada no Tribunal Regional Eleitoral da Para\u00edba sob o protocolo N\u00ba PB-08079\/2018 e no Tribunal Superior Eleitoral sob o protocolo N\u00ba BR-02889\/2018. Cariri em Destaque Com Jornal da Para\u00edba","og_url":"https:\/\/noticiasemdestaque.com\/cd\/?p=12402","og_site_name":"Not&iacute;cias em Destaque","article_published_time":"2018-08-26T01:00:12+00:00","og_image":[{"width":583,"height":446,"url":"https:\/\/noticiasemdestaque.com\/cd\/wp-content\/uploads\/2018\/08\/1502724991927-ricardo-coutinho-joao-azevedo.jpg","type":"image\/jpeg"}],"author":"Not\u00edcias em Destaque","twitter_card":"summary_large_image","twitter_misc":{"Escrito por":"Not\u00edcias em Destaque","Est. tempo de leitura":"1 minuto"},"schema":{"@context":"https:\/\/schema.org","@graph":[{"@type":"Article","@id":"https:\/\/noticiasemdestaque.com\/cd\/?p=12402#article","isPartOf":{"@id":"https:\/\/noticiasemdestaque.com\/cd\/?p=12402"},"author":{"name":"Not\u00edcias em Destaque","@id":"https:\/\/noticiasemdestaque.com\/cd\/#\/schema\/person\/47f7d4f55eec17c6b2ca036c5500f6ce"},"headline":"Espont\u00e2nea: Jo\u00e3o lidera com 11%; Z\u00e9 Maranh\u00e3o 9%; Luc\u00e9lio 6%","datePublished":"2018-08-26T01:00:12+00:00","mainEntityOfPage":{"@id":"https:\/\/noticiasemdestaque.com\/cd\/?p=12402"},"wordCount":236,"publisher":{"@id":"https:\/\/noticiasemdestaque.com\/cd\/#organization"},"image":{"@id":"https:\/\/noticiasemdestaque.com\/cd\/?p=12402#primaryimage"},"thumbnailUrl":"https:\/\/noticiasemdestaque.com\/cd\/wp-content\/uploads\/2018\/08\/1502724991927-ricardo-coutinho-joao-azevedo.jpg","articleSection":["Pol\u00edtica"],"inLanguage":"pt-BR"},{"@type":"WebPage","@id":"https:\/\/noticiasemdestaque.com\/cd\/?p=12402","url":"https:\/\/noticiasemdestaque.com\/cd\/?p=12402","name":"Espont\u00e2nea: Jo\u00e3o lidera com 11%; Z\u00e9 Maranh\u00e3o 9%; Luc\u00e9lio 6% - Not&iacute;cias em Destaque","isPartOf":{"@id":"https:\/\/noticiasemdestaque.com\/cd\/#website"},"primaryImageOfPage":{"@id":"https:\/\/noticiasemdestaque.com\/cd\/?p=12402#primaryimage"},"image":{"@id":"https:\/\/noticiasemdestaque.com\/cd\/?p=12402#primaryimage"},"thumbnailUrl":"https:\/\/noticiasemdestaque.com\/cd\/wp-content\/uploads\/2018\/08\/1502724991927-ricardo-coutinho-joao-azevedo.jpg","datePublished":"2018-08-26T01:00:12+00:00","breadcrumb":{"@id":"https:\/\/noticiasemdestaque.com\/cd\/?p=12402#breadcrumb"},"inLanguage":"pt-BR","potentialAction":[{"@type":"ReadAction","target":["https:\/\/noticiasemdestaque.com\/cd\/?p=12402"]}]},{"@type":"ImageObject","inLanguage":"pt-BR","@id":"https:\/\/noticiasemdestaque.com\/cd\/?p=12402#primaryimage","url":"https:\/\/noticiasemdestaque.com\/cd\/wp-content\/uploads\/2018\/08\/1502724991927-ricardo-coutinho-joao-azevedo.jpg","contentUrl":"https:\/\/noticiasemdestaque.com\/cd\/wp-content\/uploads\/2018\/08\/1502724991927-ricardo-coutinho-joao-azevedo.jpg","width":583,"height":446},{"@type":"BreadcrumbList","@id":"https:\/\/noticiasemdestaque.com\/cd\/?p=12402#breadcrumb","itemListElement":[{"@type":"ListItem","position":1,"name":"In\u00edcio","item":"https:\/\/noticiasemdestaque.com\/cd\/"},{"@type":"ListItem","position":2,"name":"Espont\u00e2nea: Jo\u00e3o lidera com 11%; Z\u00e9 Maranh\u00e3o 9%; Luc\u00e9lio 6%"}]},{"@type":"WebSite","@id":"https:\/\/noticiasemdestaque.com\/cd\/#website","url":"https:\/\/noticiasemdestaque.com\/cd\/","name":"Not&iacute;cias em Destaque","description":"","publisher":{"@id":"https:\/\/noticiasemdestaque.com\/cd\/#organization"},"potentialAction":[{"@type":"SearchAction","target":{"@type":"EntryPoint","urlTemplate":"https:\/\/noticiasemdestaque.com\/cd\/?s={search_term_string}"},"query-input":{"@type":"PropertyValueSpecification","valueRequired":true,"valueName":"search_term_string"}}],"inLanguage":"pt-BR"},{"@type":"Organization","@id":"https:\/\/noticiasemdestaque.com\/cd\/#organization","name":"Not\u00edcias em Destaque","url":"https:\/\/noticiasemdestaque.com\/cd\/","logo":{"@type":"ImageObject","inLanguage":"pt-BR","@id":"https:\/\/noticiasemdestaque.com\/cd\/#\/schema\/logo\/image\/","url":"https:\/\/noticiasemdestaque.com\/cd\/wp-content\/uploads\/2022\/05\/imagem-base-noticiasemdestaque.png","contentUrl":"https:\/\/noticiasemdestaque.com\/cd\/wp-content\/uploads\/2022\/05\/imagem-base-noticiasemdestaque.png","width":1200,"height":630,"caption":"Not\u00edcias em Destaque"},"image":{"@id":"https:\/\/noticiasemdestaque.com\/cd\/#\/schema\/logo\/image\/"}},{"@type":"Person","@id":"https:\/\/noticiasemdestaque.com\/cd\/#\/schema\/person\/47f7d4f55eec17c6b2ca036c5500f6ce","name":"Not\u00edcias em Destaque","url":"https:\/\/noticiasemdestaque.com\/cd\/?author=2"}]}},"jetpack_featured_media_url":"https:\/\/noticiasemdestaque.com\/cd\/wp-content\/uploads\/2018\/08\/1502724991927-ricardo-coutinho-joao-azevedo.jpg","jetpack_sharing_enabled":true,"_links":{"self":[{"href":"https:\/\/noticiasemdestaque.com\/cd\/index.php?rest_route=\/wp\/v2\/posts\/12402","targetHints":{"allow":["GET"]}}],"collection":[{"href":"https:\/\/noticiasemdestaque.com\/cd\/index.php?rest_route=\/wp\/v2\/posts"}],"about":[{"href":"https:\/\/noticiasemdestaque.com\/cd\/index.php?rest_route=\/wp\/v2\/types\/post"}],"author":[{"embeddable":true,"href":"https:\/\/noticiasemdestaque.com\/cd\/index.php?rest_route=\/wp\/v2\/users\/2"}],"replies":[{"embeddable":true,"href":"https:\/\/noticiasemdestaque.com\/cd\/index.php?rest_route=%2Fwp%2Fv2%2Fcomments&post=12402"}],"version-history":[{"count":1,"href":"https:\/\/noticiasemdestaque.com\/cd\/index.php?rest_route=\/wp\/v2\/posts\/12402\/revisions"}],"predecessor-version":[{"id":12404,"href":"https:\/\/noticiasemdestaque.com\/cd\/index.php?rest_route=\/wp\/v2\/posts\/12402\/revisions\/12404"}],"wp:featuredmedia":[{"embeddable":true,"href":"https:\/\/noticiasemdestaque.com\/cd\/index.php?rest_route=\/wp\/v2\/media\/12403"}],"wp:attachment":[{"href":"https:\/\/noticiasemdestaque.com\/cd\/index.php?rest_route=%2Fwp%2Fv2%2Fmedia&parent=12402"}],"wp:term":[{"taxonomy":"category","embeddable":true,"href":"https:\/\/noticiasemdestaque.com\/cd\/index.php?rest_route=%2Fwp%2Fv2%2Fcategories&post=12402"},{"taxonomy":"post_tag","embeddable":true,"href":"https:\/\/noticiasemdestaque.com\/cd\/index.php?rest_route=%2Fwp%2Fv2%2Ftags&post=12402"}],"curies":[{"name":"wp","href":"https:\/\/api.w.org\/{rel}","templated":true}]}}