{"id":12399,"date":"2018-08-25T21:55:20","date_gmt":"2018-08-26T00:55:20","guid":{"rendered":"http:\/\/caririemdestaque.com\/cd\/?p=12399"},"modified":"2018-08-25T21:55:20","modified_gmt":"2018-08-26T00:55:20","slug":"i-forum-do-selo-unicef-e-realizado-em-amparo","status":"publish","type":"post","link":"https:\/\/noticiasemdestaque.com\/cd\/?p=12399","title":{"rendered":"I F\u00f3rum do Selo Unicef \u00e9 realizado em Amparo"},"content":{"rendered":"<p><a href=\"http:\/\/caririemdestaque.com\/cd\/wp-content\/uploads\/2018\/08\/40026885_647999718933296_895409232772333568_n.jpg\"><img fetchpriority=\"high\" decoding=\"async\" class=\"size-full wp-image-12400 aligncenter\" src=\"http:\/\/caririemdestaque.com\/cd\/wp-content\/uploads\/2018\/08\/40026885_647999718933296_895409232772333568_n.jpg\" alt=\"\" width=\"400\" height=\"400\" srcset=\"https:\/\/noticiasemdestaque.com\/cd\/wp-content\/uploads\/2018\/08\/40026885_647999718933296_895409232772333568_n.jpg 400w, https:\/\/noticiasemdestaque.com\/cd\/wp-content\/uploads\/2018\/08\/40026885_647999718933296_895409232772333568_n-150x150.jpg 150w, https:\/\/noticiasemdestaque.com\/cd\/wp-content\/uploads\/2018\/08\/40026885_647999718933296_895409232772333568_n-300x300.jpg 300w\" sizes=\"(max-width: 400px) 100vw, 400px\" \/><\/a><\/p>\n<p>Na \u00faltima ter\u00e7a-feira (21\/08), aconteceu a realiza\u00e7\u00e3o do Primeiro F\u00f3rum Comunit\u00e1rio de Discuss\u00e3o acerca das Pol\u00edticas P\u00fablicas para as Crian\u00e7as e Adolescentes do munic\u00edpio de Amparo.<\/p>\n<p>De forma descentralizada nas a\u00e7\u00f5es administrativas, o prefeito In\u00e1cio N\u00f3brega juntamente com articuladora municipal do selo Unicef Ver\u00f4nica Rafael, decidiram junto aos demais membros da comiss\u00e3o organizadora, levar o f\u00f3rum de discuss\u00f5es a Comunidade Rural de Lagoa do Meio, o objetivo segundo o prefeito, \u00e9 incluir todo o munic\u00edpio no debate que vise a melhoria da qualidade de vida tanto de quem reside na \u00e1rea urbana quanto na \u00e1rea rural.<\/p>\n<p>Para a articuladora municipal &#8211; &#8221; O Jovem est\u00e1 em tudo, e n\u00e3o pode ficar de fora das discuss\u00f5es pertinentes a eles mesmos. A gest\u00e3o do prefeito In\u00e1cio quer inserir o acolhimento a juventude de forma intersetorial. Estamos discutindo o que temos feito e o que poder\u00e1 ser feito a curto, m\u00e9dio e longo prazo na educa\u00e7\u00e3o, sa\u00fade, esporte, lazer etc. afirmou.<\/p>\n<p><strong><em>Cariri em Destaque<\/em><\/strong><\/p>\n<p>Com Ascom<\/p>\n","protected":false},"excerpt":{"rendered":"<p>Na \u00faltima ter\u00e7a-feira (21\/08), aconteceu a realiza\u00e7\u00e3o do Primeiro F\u00f3rum Comunit\u00e1rio de Discuss\u00e3o acerca das Pol\u00edticas P\u00fablicas para as Crian\u00e7as e Adolescentes do munic\u00edpio de Amparo. De forma descentralizada nas a\u00e7\u00f5es administrativas, o prefeito In\u00e1cio N\u00f3brega juntamente com articuladora municipal do selo Unicef Ver\u00f4nica Rafael, decidiram junto aos demais membros da comiss\u00e3o organizadora, levar o f\u00f3rum de discuss\u00f5es a Comunidade Rural de Lagoa do Meio, o objetivo segundo o prefeito, \u00e9 incluir todo o munic\u00edpio no debate que vise a melhoria da qualidade de vida tanto de quem reside na \u00e1rea urbana quanto na \u00e1rea rural. Para a articuladora municipal &#8211; &#8221; O Jovem est\u00e1 em tudo, e n\u00e3o pode ficar de fora das discuss\u00f5es pertinentes a eles mesmos. A gest\u00e3o do prefeito In\u00e1cio quer inserir o acolhimento a juventude de forma intersetorial. Estamos discutindo o que temos feito e o que poder\u00e1 ser feito a curto, m\u00e9dio e longo prazo na educa\u00e7\u00e3o, sa\u00fade, esporte, lazer etc. afirmou. Cariri em Destaque Com Ascom<\/p>\n","protected":false},"author":2,"featured_media":12400,"comment_status":"closed","ping_status":"open","sticky":false,"template":"","format":"standard","meta":{"_eb_attr":"","_jetpack_memberships_contains_paid_content":false,"footnotes":""},"categories":[6],"tags":[],"class_list":["post-12399","post","type-post","status-publish","format-standard","has-post-thumbnail","hentry","category-educacao"],"yoast_head":"<!-- This site is optimized with the Yoast SEO plugin v26.5 - https:\/\/yoast.com\/wordpress\/plugins\/seo\/ -->\n<title>I F\u00f3rum do Selo Unicef \u00e9 realizado em Amparo - Not&iacute;cias em Destaque<\/title>\n<meta name=\"robots\" content=\"index, follow, max-snippet:-1, max-image-preview:large, max-video-preview:-1\" \/>\n<link rel=\"canonical\" href=\"https:\/\/noticiasemdestaque.com\/cd\/?p=12399\" \/>\n<meta property=\"og:locale\" content=\"pt_BR\" \/>\n<meta property=\"og:type\" content=\"article\" \/>\n<meta property=\"og:title\" content=\"I F\u00f3rum do Selo Unicef \u00e9 realizado em Amparo - Not&iacute;cias em Destaque\" \/>\n<meta property=\"og:description\" content=\"Na \u00faltima ter\u00e7a-feira (21\/08), aconteceu a realiza\u00e7\u00e3o do Primeiro F\u00f3rum Comunit\u00e1rio de Discuss\u00e3o acerca das Pol\u00edticas P\u00fablicas para as Crian\u00e7as e Adolescentes do munic\u00edpio de Amparo. De forma descentralizada nas a\u00e7\u00f5es administrativas, o prefeito In\u00e1cio N\u00f3brega juntamente com articuladora municipal do selo Unicef Ver\u00f4nica Rafael, decidiram junto aos demais membros da comiss\u00e3o organizadora, levar o f\u00f3rum de discuss\u00f5es a Comunidade Rural de Lagoa do Meio, o objetivo segundo o prefeito, \u00e9 incluir todo o munic\u00edpio no debate que vise a melhoria da qualidade de vida tanto de quem reside na \u00e1rea urbana quanto na \u00e1rea rural. Para a articuladora municipal &#8211; &#8221; O Jovem est\u00e1 em tudo, e n\u00e3o pode ficar de fora das discuss\u00f5es pertinentes a eles mesmos. A gest\u00e3o do prefeito In\u00e1cio quer inserir o acolhimento a juventude de forma intersetorial. Estamos discutindo o que temos feito e o que poder\u00e1 ser feito a curto, m\u00e9dio e longo prazo na educa\u00e7\u00e3o, sa\u00fade, esporte, lazer etc. afirmou. Cariri em Destaque Com Ascom\" \/>\n<meta property=\"og:url\" content=\"https:\/\/noticiasemdestaque.com\/cd\/?p=12399\" \/>\n<meta property=\"og:site_name\" content=\"Not&iacute;cias em Destaque\" \/>\n<meta property=\"article:published_time\" content=\"2018-08-26T00:55:20+00:00\" \/>\n<meta property=\"og:image\" content=\"https:\/\/noticiasemdestaque.com\/cd\/wp-content\/uploads\/2018\/08\/40026885_647999718933296_895409232772333568_n.jpg\" \/>\n\t<meta property=\"og:image:width\" content=\"400\" \/>\n\t<meta property=\"og:image:height\" content=\"400\" \/>\n\t<meta property=\"og:image:type\" content=\"image\/jpeg\" \/>\n<meta name=\"author\" content=\"Not\u00edcias em Destaque\" \/>\n<meta name=\"twitter:card\" content=\"summary_large_image\" \/>\n<meta name=\"twitter:label1\" content=\"Escrito por\" \/>\n\t<meta name=\"twitter:data1\" content=\"Not\u00edcias em Destaque\" \/>\n\t<meta name=\"twitter:label2\" content=\"Est. tempo de leitura\" \/>\n\t<meta name=\"twitter:data2\" content=\"1 minuto\" \/>\n<script type=\"application\/ld+json\" class=\"yoast-schema-graph\">{\"@context\":\"https:\/\/schema.org\",\"@graph\":[{\"@type\":\"Article\",\"@id\":\"https:\/\/noticiasemdestaque.com\/cd\/?p=12399#article\",\"isPartOf\":{\"@id\":\"https:\/\/noticiasemdestaque.com\/cd\/?p=12399\"},\"author\":{\"name\":\"Not\u00edcias em Destaque\",\"@id\":\"https:\/\/noticiasemdestaque.com\/cd\/#\/schema\/person\/47f7d4f55eec17c6b2ca036c5500f6ce\"},\"headline\":\"I F\u00f3rum do Selo Unicef \u00e9 realizado em Amparo\",\"datePublished\":\"2018-08-26T00:55:20+00:00\",\"mainEntityOfPage\":{\"@id\":\"https:\/\/noticiasemdestaque.com\/cd\/?p=12399\"},\"wordCount\":193,\"publisher\":{\"@id\":\"https:\/\/noticiasemdestaque.com\/cd\/#organization\"},\"image\":{\"@id\":\"https:\/\/noticiasemdestaque.com\/cd\/?p=12399#primaryimage\"},\"thumbnailUrl\":\"https:\/\/noticiasemdestaque.com\/cd\/wp-content\/uploads\/2018\/08\/40026885_647999718933296_895409232772333568_n.jpg\",\"articleSection\":[\"Educa\u00e7\u00e3o\"],\"inLanguage\":\"pt-BR\"},{\"@type\":\"WebPage\",\"@id\":\"https:\/\/noticiasemdestaque.com\/cd\/?p=12399\",\"url\":\"https:\/\/noticiasemdestaque.com\/cd\/?p=12399\",\"name\":\"I F\u00f3rum do Selo Unicef \u00e9 realizado em Amparo - Not&iacute;cias em Destaque\",\"isPartOf\":{\"@id\":\"https:\/\/noticiasemdestaque.com\/cd\/#website\"},\"primaryImageOfPage\":{\"@id\":\"https:\/\/noticiasemdestaque.com\/cd\/?p=12399#primaryimage\"},\"image\":{\"@id\":\"https:\/\/noticiasemdestaque.com\/cd\/?p=12399#primaryimage\"},\"thumbnailUrl\":\"https:\/\/noticiasemdestaque.com\/cd\/wp-content\/uploads\/2018\/08\/40026885_647999718933296_895409232772333568_n.jpg\",\"datePublished\":\"2018-08-26T00:55:20+00:00\",\"breadcrumb\":{\"@id\":\"https:\/\/noticiasemdestaque.com\/cd\/?p=12399#breadcrumb\"},\"inLanguage\":\"pt-BR\",\"potentialAction\":[{\"@type\":\"ReadAction\",\"target\":[\"https:\/\/noticiasemdestaque.com\/cd\/?p=12399\"]}]},{\"@type\":\"ImageObject\",\"inLanguage\":\"pt-BR\",\"@id\":\"https:\/\/noticiasemdestaque.com\/cd\/?p=12399#primaryimage\",\"url\":\"https:\/\/noticiasemdestaque.com\/cd\/wp-content\/uploads\/2018\/08\/40026885_647999718933296_895409232772333568_n.jpg\",\"contentUrl\":\"https:\/\/noticiasemdestaque.com\/cd\/wp-content\/uploads\/2018\/08\/40026885_647999718933296_895409232772333568_n.jpg\",\"width\":400,\"height\":400},{\"@type\":\"BreadcrumbList\",\"@id\":\"https:\/\/noticiasemdestaque.com\/cd\/?p=12399#breadcrumb\",\"itemListElement\":[{\"@type\":\"ListItem\",\"position\":1,\"name\":\"In\u00edcio\",\"item\":\"https:\/\/noticiasemdestaque.com\/cd\/\"},{\"@type\":\"ListItem\",\"position\":2,\"name\":\"I F\u00f3rum do Selo Unicef \u00e9 realizado em Amparo\"}]},{\"@type\":\"WebSite\",\"@id\":\"https:\/\/noticiasemdestaque.com\/cd\/#website\",\"url\":\"https:\/\/noticiasemdestaque.com\/cd\/\",\"name\":\"Not&iacute;cias em Destaque\",\"description\":\"\",\"publisher\":{\"@id\":\"https:\/\/noticiasemdestaque.com\/cd\/#organization\"},\"potentialAction\":[{\"@type\":\"SearchAction\",\"target\":{\"@type\":\"EntryPoint\",\"urlTemplate\":\"https:\/\/noticiasemdestaque.com\/cd\/?s={search_term_string}\"},\"query-input\":{\"@type\":\"PropertyValueSpecification\",\"valueRequired\":true,\"valueName\":\"search_term_string\"}}],\"inLanguage\":\"pt-BR\"},{\"@type\":\"Organization\",\"@id\":\"https:\/\/noticiasemdestaque.com\/cd\/#organization\",\"name\":\"Not\u00edcias em Destaque\",\"url\":\"https:\/\/noticiasemdestaque.com\/cd\/\",\"logo\":{\"@type\":\"ImageObject\",\"inLanguage\":\"pt-BR\",\"@id\":\"https:\/\/noticiasemdestaque.com\/cd\/#\/schema\/logo\/image\/\",\"url\":\"https:\/\/noticiasemdestaque.com\/cd\/wp-content\/uploads\/2022\/05\/imagem-base-noticiasemdestaque.png\",\"contentUrl\":\"https:\/\/noticiasemdestaque.com\/cd\/wp-content\/uploads\/2022\/05\/imagem-base-noticiasemdestaque.png\",\"width\":1200,\"height\":630,\"caption\":\"Not\u00edcias em Destaque\"},\"image\":{\"@id\":\"https:\/\/noticiasemdestaque.com\/cd\/#\/schema\/logo\/image\/\"}},{\"@type\":\"Person\",\"@id\":\"https:\/\/noticiasemdestaque.com\/cd\/#\/schema\/person\/47f7d4f55eec17c6b2ca036c5500f6ce\",\"name\":\"Not\u00edcias em Destaque\",\"url\":\"https:\/\/noticiasemdestaque.com\/cd\/?author=2\"}]}<\/script>\n<!-- \/ Yoast SEO plugin. -->","yoast_head_json":{"title":"I F\u00f3rum do Selo Unicef \u00e9 realizado em Amparo - Not&iacute;cias em Destaque","robots":{"index":"index","follow":"follow","max-snippet":"max-snippet:-1","max-image-preview":"max-image-preview:large","max-video-preview":"max-video-preview:-1"},"canonical":"https:\/\/noticiasemdestaque.com\/cd\/?p=12399","og_locale":"pt_BR","og_type":"article","og_title":"I F\u00f3rum do Selo Unicef \u00e9 realizado em Amparo - Not&iacute;cias em Destaque","og_description":"Na \u00faltima ter\u00e7a-feira (21\/08), aconteceu a realiza\u00e7\u00e3o do Primeiro F\u00f3rum Comunit\u00e1rio de Discuss\u00e3o acerca das Pol\u00edticas P\u00fablicas para as Crian\u00e7as e Adolescentes do munic\u00edpio de Amparo. De forma descentralizada nas a\u00e7\u00f5es administrativas, o prefeito In\u00e1cio N\u00f3brega juntamente com articuladora municipal do selo Unicef Ver\u00f4nica Rafael, decidiram junto aos demais membros da comiss\u00e3o organizadora, levar o f\u00f3rum de discuss\u00f5es a Comunidade Rural de Lagoa do Meio, o objetivo segundo o prefeito, \u00e9 incluir todo o munic\u00edpio no debate que vise a melhoria da qualidade de vida tanto de quem reside na \u00e1rea urbana quanto na \u00e1rea rural. Para a articuladora municipal &#8211; &#8221; O Jovem est\u00e1 em tudo, e n\u00e3o pode ficar de fora das discuss\u00f5es pertinentes a eles mesmos. A gest\u00e3o do prefeito In\u00e1cio quer inserir o acolhimento a juventude de forma intersetorial. Estamos discutindo o que temos feito e o que poder\u00e1 ser feito a curto, m\u00e9dio e longo prazo na educa\u00e7\u00e3o, sa\u00fade, esporte, lazer etc. afirmou. Cariri em Destaque Com Ascom","og_url":"https:\/\/noticiasemdestaque.com\/cd\/?p=12399","og_site_name":"Not&iacute;cias em Destaque","article_published_time":"2018-08-26T00:55:20+00:00","og_image":[{"width":400,"height":400,"url":"https:\/\/noticiasemdestaque.com\/cd\/wp-content\/uploads\/2018\/08\/40026885_647999718933296_895409232772333568_n.jpg","type":"image\/jpeg"}],"author":"Not\u00edcias em Destaque","twitter_card":"summary_large_image","twitter_misc":{"Escrito por":"Not\u00edcias em Destaque","Est. tempo de leitura":"1 minuto"},"schema":{"@context":"https:\/\/schema.org","@graph":[{"@type":"Article","@id":"https:\/\/noticiasemdestaque.com\/cd\/?p=12399#article","isPartOf":{"@id":"https:\/\/noticiasemdestaque.com\/cd\/?p=12399"},"author":{"name":"Not\u00edcias em Destaque","@id":"https:\/\/noticiasemdestaque.com\/cd\/#\/schema\/person\/47f7d4f55eec17c6b2ca036c5500f6ce"},"headline":"I F\u00f3rum do Selo Unicef \u00e9 realizado em Amparo","datePublished":"2018-08-26T00:55:20+00:00","mainEntityOfPage":{"@id":"https:\/\/noticiasemdestaque.com\/cd\/?p=12399"},"wordCount":193,"publisher":{"@id":"https:\/\/noticiasemdestaque.com\/cd\/#organization"},"image":{"@id":"https:\/\/noticiasemdestaque.com\/cd\/?p=12399#primaryimage"},"thumbnailUrl":"https:\/\/noticiasemdestaque.com\/cd\/wp-content\/uploads\/2018\/08\/40026885_647999718933296_895409232772333568_n.jpg","articleSection":["Educa\u00e7\u00e3o"],"inLanguage":"pt-BR"},{"@type":"WebPage","@id":"https:\/\/noticiasemdestaque.com\/cd\/?p=12399","url":"https:\/\/noticiasemdestaque.com\/cd\/?p=12399","name":"I F\u00f3rum do Selo Unicef \u00e9 realizado em Amparo - Not&iacute;cias em Destaque","isPartOf":{"@id":"https:\/\/noticiasemdestaque.com\/cd\/#website"},"primaryImageOfPage":{"@id":"https:\/\/noticiasemdestaque.com\/cd\/?p=12399#primaryimage"},"image":{"@id":"https:\/\/noticiasemdestaque.com\/cd\/?p=12399#primaryimage"},"thumbnailUrl":"https:\/\/noticiasemdestaque.com\/cd\/wp-content\/uploads\/2018\/08\/40026885_647999718933296_895409232772333568_n.jpg","datePublished":"2018-08-26T00:55:20+00:00","breadcrumb":{"@id":"https:\/\/noticiasemdestaque.com\/cd\/?p=12399#breadcrumb"},"inLanguage":"pt-BR","potentialAction":[{"@type":"ReadAction","target":["https:\/\/noticiasemdestaque.com\/cd\/?p=12399"]}]},{"@type":"ImageObject","inLanguage":"pt-BR","@id":"https:\/\/noticiasemdestaque.com\/cd\/?p=12399#primaryimage","url":"https:\/\/noticiasemdestaque.com\/cd\/wp-content\/uploads\/2018\/08\/40026885_647999718933296_895409232772333568_n.jpg","contentUrl":"https:\/\/noticiasemdestaque.com\/cd\/wp-content\/uploads\/2018\/08\/40026885_647999718933296_895409232772333568_n.jpg","width":400,"height":400},{"@type":"BreadcrumbList","@id":"https:\/\/noticiasemdestaque.com\/cd\/?p=12399#breadcrumb","itemListElement":[{"@type":"ListItem","position":1,"name":"In\u00edcio","item":"https:\/\/noticiasemdestaque.com\/cd\/"},{"@type":"ListItem","position":2,"name":"I F\u00f3rum do Selo Unicef \u00e9 realizado em Amparo"}]},{"@type":"WebSite","@id":"https:\/\/noticiasemdestaque.com\/cd\/#website","url":"https:\/\/noticiasemdestaque.com\/cd\/","name":"Not&iacute;cias em Destaque","description":"","publisher":{"@id":"https:\/\/noticiasemdestaque.com\/cd\/#organization"},"potentialAction":[{"@type":"SearchAction","target":{"@type":"EntryPoint","urlTemplate":"https:\/\/noticiasemdestaque.com\/cd\/?s={search_term_string}"},"query-input":{"@type":"PropertyValueSpecification","valueRequired":true,"valueName":"search_term_string"}}],"inLanguage":"pt-BR"},{"@type":"Organization","@id":"https:\/\/noticiasemdestaque.com\/cd\/#organization","name":"Not\u00edcias em Destaque","url":"https:\/\/noticiasemdestaque.com\/cd\/","logo":{"@type":"ImageObject","inLanguage":"pt-BR","@id":"https:\/\/noticiasemdestaque.com\/cd\/#\/schema\/logo\/image\/","url":"https:\/\/noticiasemdestaque.com\/cd\/wp-content\/uploads\/2022\/05\/imagem-base-noticiasemdestaque.png","contentUrl":"https:\/\/noticiasemdestaque.com\/cd\/wp-content\/uploads\/2022\/05\/imagem-base-noticiasemdestaque.png","width":1200,"height":630,"caption":"Not\u00edcias em Destaque"},"image":{"@id":"https:\/\/noticiasemdestaque.com\/cd\/#\/schema\/logo\/image\/"}},{"@type":"Person","@id":"https:\/\/noticiasemdestaque.com\/cd\/#\/schema\/person\/47f7d4f55eec17c6b2ca036c5500f6ce","name":"Not\u00edcias em Destaque","url":"https:\/\/noticiasemdestaque.com\/cd\/?author=2"}]}},"jetpack_featured_media_url":"https:\/\/noticiasemdestaque.com\/cd\/wp-content\/uploads\/2018\/08\/40026885_647999718933296_895409232772333568_n.jpg","jetpack_sharing_enabled":true,"_links":{"self":[{"href":"https:\/\/noticiasemdestaque.com\/cd\/index.php?rest_route=\/wp\/v2\/posts\/12399","targetHints":{"allow":["GET"]}}],"collection":[{"href":"https:\/\/noticiasemdestaque.com\/cd\/index.php?rest_route=\/wp\/v2\/posts"}],"about":[{"href":"https:\/\/noticiasemdestaque.com\/cd\/index.php?rest_route=\/wp\/v2\/types\/post"}],"author":[{"embeddable":true,"href":"https:\/\/noticiasemdestaque.com\/cd\/index.php?rest_route=\/wp\/v2\/users\/2"}],"replies":[{"embeddable":true,"href":"https:\/\/noticiasemdestaque.com\/cd\/index.php?rest_route=%2Fwp%2Fv2%2Fcomments&post=12399"}],"version-history":[{"count":1,"href":"https:\/\/noticiasemdestaque.com\/cd\/index.php?rest_route=\/wp\/v2\/posts\/12399\/revisions"}],"predecessor-version":[{"id":12401,"href":"https:\/\/noticiasemdestaque.com\/cd\/index.php?rest_route=\/wp\/v2\/posts\/12399\/revisions\/12401"}],"wp:featuredmedia":[{"embeddable":true,"href":"https:\/\/noticiasemdestaque.com\/cd\/index.php?rest_route=\/wp\/v2\/media\/12400"}],"wp:attachment":[{"href":"https:\/\/noticiasemdestaque.com\/cd\/index.php?rest_route=%2Fwp%2Fv2%2Fmedia&parent=12399"}],"wp:term":[{"taxonomy":"category","embeddable":true,"href":"https:\/\/noticiasemdestaque.com\/cd\/index.php?rest_route=%2Fwp%2Fv2%2Fcategories&post=12399"},{"taxonomy":"post_tag","embeddable":true,"href":"https:\/\/noticiasemdestaque.com\/cd\/index.php?rest_route=%2Fwp%2Fv2%2Ftags&post=12399"}],"curies":[{"name":"wp","href":"https:\/\/api.w.org\/{rel}","templated":true}]}}