{"id":12372,"date":"2018-08-24T09:11:43","date_gmt":"2018-08-24T12:11:43","guid":{"rendered":"http:\/\/caririemdestaque.com\/cd\/?p=12372"},"modified":"2018-08-24T09:11:43","modified_gmt":"2018-08-24T12:11:43","slug":"universidades-terao-recurso-para-prevenir-e-controlar-obesidade","status":"publish","type":"post","link":"https:\/\/noticiasemdestaque.com\/cd\/?p=12372","title":{"rendered":"Universidades ter\u00e3o recurso para prevenir e controlar obesidade"},"content":{"rendered":"<figure id=\"attachment_12373\" aria-describedby=\"caption-attachment-12373\" style=\"width: 696px\" class=\"wp-caption aligncenter\"><a href=\"http:\/\/caririemdestaque.com\/cd\/wp-content\/uploads\/2018\/08\/quase-metade-das-criancas-brasileiras-serao-obesas-em-2022-696x365.jpg\"><img fetchpriority=\"high\" decoding=\"async\" class=\"size-full wp-image-12373\" src=\"http:\/\/caririemdestaque.com\/cd\/wp-content\/uploads\/2018\/08\/quase-metade-das-criancas-brasileiras-serao-obesas-em-2022-696x365.jpg\" alt=\"\" width=\"696\" height=\"365\" srcset=\"https:\/\/noticiasemdestaque.com\/cd\/wp-content\/uploads\/2018\/08\/quase-metade-das-criancas-brasileiras-serao-obesas-em-2022-696x365.jpg 696w, https:\/\/noticiasemdestaque.com\/cd\/wp-content\/uploads\/2018\/08\/quase-metade-das-criancas-brasileiras-serao-obesas-em-2022-696x365-300x157.jpg 300w\" sizes=\"(max-width: 696px) 100vw, 696px\" \/><\/a><figcaption id=\"caption-attachment-12373\" class=\"wp-caption-text\">Comida fast food &#8211; foto Cec\u00edlia Bastos<\/figcaption><\/figure>\n<p>As universidades p\u00fablicas e privadas, sem fins lucrativos, da Para\u00edba t\u00eam at\u00e9 o dia 16 de setembro para inscreverem projetos com a\u00e7\u00f5es de preven\u00e7\u00e3o, diagn\u00f3stico e tratamento da obesidade no Sistema \u00danico de Sa\u00fade. Uma chamada p\u00fablica aberta pelo Minist\u00e9rio da Sa\u00fade destinar\u00e1 at\u00e9 R$ 350 mil para o estado desenvolver a\u00e7\u00f5es de pesquisa, extens\u00e3o e forma\u00e7\u00e3o de trabalhadores na aten\u00e7\u00e3o b\u00e1sica, n\u00edvel de aten\u00e7\u00e3o com capacidade para resolver 80% dos problemas de sa\u00fade do brasileiro. Em todo o Brasil, ser\u00e3o disponibilizados R$ 10 milh\u00f5es, para 27 universidades selecionadas. O objetivo do Minist\u00e9rio \u00e9 qualificar a assist\u00eancia e o cuidado para a preven\u00e7\u00e3o e controle da obesidade, que j\u00e1 afeta 18,9% da popula\u00e7\u00e3o adulta nas capitais brasileiras.<\/p>\n<p>Os projetos dever\u00e3o ter a dura\u00e7\u00e3o de dois anos, contados a partir da data de assinatura da proposta, al\u00e9m de obedecer a requisitos t\u00e9cnicos descritos no Edital. A coordenadora de Alimenta\u00e7\u00e3o e Nutri\u00e7\u00e3o, do Minist\u00e9rio da Sa\u00fade, Michele Lessa, considera a a\u00e7\u00e3o indispens\u00e1vel para qualificar o atendimento no SUS. \u201cEsse edital \u00e9 muito importante. Com esse incentivo, podemos levar aos rinc\u00f5es do pa\u00eds estrat\u00e9gias efetivas e inovadoras para o enfrentamento da obesidade\u201d, enfatiza a coordenadora.<\/p>\n<p>Os recursos para as Universidades foram determinados conforme an\u00e1lise de crit\u00e9rios socioecon\u00f4micos e geogr\u00e1ficos, al\u00e9m da cobertura de equipes do N\u00facleo de Aten\u00e7\u00e3o \u00e0 Sa\u00fade da Fam\u00edlia na Aten\u00e7\u00e3o B\u00e1sica (NASF-AB).\u00a0 As institui\u00e7\u00f5es que atuam nos estados do Esp\u00edrito Santo, Acre, Amap\u00e1, Alagoas, Roraima, Rond\u00f4nia, Sergipe e o Distrito Federal, est\u00e3o classificadas na faixa A, e receber\u00e3o at\u00e9 R$ 250 mil.\u00a0As que atuam na Para\u00edba, Mato Grosso, Mato Grosso do Sul, Tocantins, Goi\u00e1s, Par\u00e1, Amazonas, Pernambuco, Rio Grande do Norte e Rio Grande do Sul, est\u00e3o classificadas na faixa \u201cB\u201d e receber\u00e3o at\u00e9 R$ 350 mil.\u00a0 A Bahia est\u00e1 entre os estados da faixa \u201cC\u201d, mesma faixa dos estados do Cear\u00e1, Maranh\u00e3o, Minas Gerais, Piau\u00ed, Santa Catarina, S\u00e3o Paulo, Rio de Janeiro, Bahia e Paran\u00e1, que ter\u00e3o dispon\u00edvel at\u00e9 R$ 500 mil.<\/p>\n<p>A chamada p\u00fablica est\u00e1 aberta no site\u00a0<a href=\"http:\/\/www.cnpq.br\/\" target=\"_blank\" rel=\"noopener\">do Conselho Nacional de Desenvolvimento Cient\u00edfico e Tecnol\u00f3gico<\/a>(CNPq), at\u00e9 o dia 16 de setembro de 2018. \u201cA preven\u00e7\u00e3o \u00e9 uma das prioridades do Minist\u00e9rio da Sa\u00fade, pois \u00e9 um dos principais meios para evitar o desenvolvimento de outras doen\u00e7as\u201d, ressaltou Michele Lessa.<\/p>\n<p><strong>Mudan\u00e7a de h\u00e1bitos contra obesidade<\/strong><\/p>\n<p>O incentivo para uma alimenta\u00e7\u00e3o saud\u00e1vel e balanceada e a pr\u00e1tica de atividades f\u00edsicas \u00e9 prioridade do Governo Federal.\u00a0O Minist\u00e9rio da Sa\u00fade adotou internacionalmente metas para frear o crescimento do excesso de peso e obesidade no pa\u00eds. Durante o Encontro Regional para Enfrentamento da Obesidade Infantil, realizado em mar\u00e7o, em Bras\u00edlia, o pa\u00eds assumiu como compromisso deter o crescimento da obesidade na popula\u00e7\u00e3o adulta at\u00e9 2019, por meio de pol\u00edticas intersetoriais de sa\u00fade e seguran\u00e7a alimentar e nutricional; reduzir o consumo regular de refrigerante e suco artificial em pelo menos 30% na popula\u00e7\u00e3o adulta, at\u00e9 2019; e ampliar em no m\u00ednimo de 17,8% o percentual de adultos que consomem frutas e hortali\u00e7as regularmente at\u00e9 2019.<\/p>\n<p>Outra a\u00e7\u00e3o para a promo\u00e7\u00e3o da alimenta\u00e7\u00e3o saud\u00e1vel foi a publica\u00e7\u00e3o do Guia Alimentar para a Popula\u00e7\u00e3o Brasileira. Reconhecida mundialmente pela abordagem integral da promo\u00e7\u00e3o \u00e0 nutri\u00e7\u00e3o adequada, a publica\u00e7\u00e3o orienta a popula\u00e7\u00e3o com recomenda\u00e7\u00f5es sobre alimenta\u00e7\u00e3o saud\u00e1vel e consumo de alimentos in natura ou minimamente processados. Em parceria com a Associa\u00e7\u00e3o Brasileira das Ind\u00fastrias da Alimenta\u00e7\u00e3o (ABIA), o Minist\u00e9rio tamb\u00e9m conseguiu retirar mais de 17 mil toneladas de s\u00f3dio dos alimentos processados em quatro anos. O pa\u00eds tamb\u00e9m incentiva a pr\u00e1tica de atividades f\u00edsicas por meio do Programa Academia da Sa\u00fade com mais 3.800 polos habilitados.<\/p>\n<p>Fonte: Portal Correio<\/p>\n","protected":false},"excerpt":{"rendered":"<p>As universidades p\u00fablicas e privadas, sem fins lucrativos, da Para\u00edba t\u00eam at\u00e9 o dia 16 de setembro para inscreverem projetos com a\u00e7\u00f5es de preven\u00e7\u00e3o, diagn\u00f3stico e tratamento da obesidade no Sistema \u00danico de Sa\u00fade. Uma chamada p\u00fablica aberta pelo Minist\u00e9rio da Sa\u00fade destinar\u00e1 at\u00e9 R$ 350 mil para o estado desenvolver a\u00e7\u00f5es de pesquisa, extens\u00e3o e forma\u00e7\u00e3o de trabalhadores na aten\u00e7\u00e3o b\u00e1sica, n\u00edvel de aten\u00e7\u00e3o com capacidade para resolver 80% dos problemas de sa\u00fade do brasileiro. Em todo o Brasil, ser\u00e3o disponibilizados R$ 10 milh\u00f5es, para 27 universidades selecionadas. O objetivo do Minist\u00e9rio \u00e9 qualificar a assist\u00eancia e o cuidado para a preven\u00e7\u00e3o e controle da obesidade, que j\u00e1 afeta 18,9% da popula\u00e7\u00e3o adulta nas capitais brasileiras. Os projetos dever\u00e3o ter a dura\u00e7\u00e3o de dois anos, contados a partir da data de assinatura da proposta, al\u00e9m de obedecer a requisitos t\u00e9cnicos descritos no Edital. A coordenadora de Alimenta\u00e7\u00e3o e Nutri\u00e7\u00e3o, do Minist\u00e9rio da Sa\u00fade, Michele Lessa, considera a a\u00e7\u00e3o indispens\u00e1vel para qualificar o atendimento no SUS. \u201cEsse edital \u00e9 muito importante. Com esse incentivo, podemos levar aos rinc\u00f5es do pa\u00eds estrat\u00e9gias efetivas e inovadoras para o enfrentamento da obesidade\u201d, enfatiza a coordenadora. Os recursos para as Universidades foram determinados conforme an\u00e1lise de crit\u00e9rios socioecon\u00f4micos e geogr\u00e1ficos, al\u00e9m da cobertura de equipes do N\u00facleo de Aten\u00e7\u00e3o \u00e0 Sa\u00fade da Fam\u00edlia na Aten\u00e7\u00e3o B\u00e1sica (NASF-AB).\u00a0 As institui\u00e7\u00f5es que atuam nos estados do Esp\u00edrito Santo, Acre, Amap\u00e1, Alagoas, Roraima, Rond\u00f4nia, Sergipe e o Distrito Federal, est\u00e3o classificadas na faixa A, e receber\u00e3o at\u00e9 R$ 250 mil.\u00a0As que atuam na Para\u00edba, Mato Grosso, Mato Grosso do Sul, Tocantins, Goi\u00e1s, Par\u00e1, Amazonas, Pernambuco, Rio Grande do Norte e Rio Grande do Sul, est\u00e3o classificadas na faixa \u201cB\u201d e receber\u00e3o at\u00e9 R$ 350 mil.\u00a0 A Bahia est\u00e1 entre os estados da faixa \u201cC\u201d, mesma faixa dos estados do Cear\u00e1, Maranh\u00e3o, Minas Gerais, Piau\u00ed, Santa Catarina, S\u00e3o Paulo, Rio de Janeiro, Bahia e Paran\u00e1, que ter\u00e3o dispon\u00edvel at\u00e9 R$ 500 mil. A chamada p\u00fablica est\u00e1 aberta no site\u00a0do Conselho Nacional de Desenvolvimento Cient\u00edfico e Tecnol\u00f3gico(CNPq), at\u00e9 o dia 16 de setembro de 2018. \u201cA preven\u00e7\u00e3o \u00e9 uma das prioridades do Minist\u00e9rio da Sa\u00fade, pois \u00e9 um dos principais meios para evitar o desenvolvimento de outras doen\u00e7as\u201d, ressaltou Michele Lessa. Mudan\u00e7a de h\u00e1bitos contra obesidade O incentivo para uma alimenta\u00e7\u00e3o saud\u00e1vel e balanceada e a pr\u00e1tica de atividades f\u00edsicas \u00e9 prioridade do Governo Federal.\u00a0O Minist\u00e9rio da Sa\u00fade adotou internacionalmente metas para frear o crescimento do excesso de peso e obesidade no pa\u00eds. Durante o Encontro Regional para Enfrentamento da Obesidade Infantil, realizado em mar\u00e7o, em Bras\u00edlia, o pa\u00eds assumiu como compromisso deter o crescimento da obesidade na popula\u00e7\u00e3o adulta at\u00e9 2019, por meio de pol\u00edticas intersetoriais de sa\u00fade e seguran\u00e7a alimentar e nutricional; reduzir o consumo regular de refrigerante e suco artificial em pelo menos 30% na popula\u00e7\u00e3o adulta, at\u00e9 2019; e ampliar em no m\u00ednimo de 17,8% o percentual de adultos que consomem frutas e hortali\u00e7as regularmente at\u00e9 2019. Outra a\u00e7\u00e3o para a promo\u00e7\u00e3o da alimenta\u00e7\u00e3o saud\u00e1vel foi a publica\u00e7\u00e3o do Guia Alimentar para a Popula\u00e7\u00e3o Brasileira. Reconhecida mundialmente pela abordagem integral da promo\u00e7\u00e3o \u00e0 nutri\u00e7\u00e3o adequada, a publica\u00e7\u00e3o orienta a popula\u00e7\u00e3o com recomenda\u00e7\u00f5es sobre alimenta\u00e7\u00e3o saud\u00e1vel e consumo de alimentos in natura ou minimamente processados. Em parceria com a Associa\u00e7\u00e3o Brasileira das Ind\u00fastrias da Alimenta\u00e7\u00e3o (ABIA), o Minist\u00e9rio tamb\u00e9m conseguiu retirar mais de 17 mil toneladas de s\u00f3dio dos alimentos processados em quatro anos. O pa\u00eds tamb\u00e9m incentiva a pr\u00e1tica de atividades f\u00edsicas por meio do Programa Academia da Sa\u00fade com mais 3.800 polos habilitados. Fonte: Portal Correio<\/p>\n","protected":false},"author":2,"featured_media":12373,"comment_status":"closed","ping_status":"open","sticky":false,"template":"","format":"standard","meta":{"_eb_attr":"","_jetpack_memberships_contains_paid_content":false,"footnotes":""},"categories":[6],"tags":[],"class_list":["post-12372","post","type-post","status-publish","format-standard","has-post-thumbnail","hentry","category-educacao"],"yoast_head":"<!-- This site is optimized with the Yoast SEO plugin v26.5 - https:\/\/yoast.com\/wordpress\/plugins\/seo\/ -->\n<title>Universidades ter\u00e3o recurso para prevenir e controlar obesidade - Not&iacute;cias em Destaque<\/title>\n<meta name=\"robots\" content=\"index, follow, max-snippet:-1, max-image-preview:large, max-video-preview:-1\" \/>\n<link rel=\"canonical\" href=\"https:\/\/noticiasemdestaque.com\/cd\/?p=12372\" \/>\n<meta property=\"og:locale\" content=\"pt_BR\" \/>\n<meta property=\"og:type\" content=\"article\" \/>\n<meta property=\"og:title\" content=\"Universidades ter\u00e3o recurso para prevenir e controlar obesidade - Not&iacute;cias em Destaque\" \/>\n<meta property=\"og:description\" content=\"As universidades p\u00fablicas e privadas, sem fins lucrativos, da Para\u00edba t\u00eam at\u00e9 o dia 16 de setembro para inscreverem projetos com a\u00e7\u00f5es de preven\u00e7\u00e3o, diagn\u00f3stico e tratamento da obesidade no Sistema \u00danico de Sa\u00fade. Uma chamada p\u00fablica aberta pelo Minist\u00e9rio da Sa\u00fade destinar\u00e1 at\u00e9 R$ 350 mil para o estado desenvolver a\u00e7\u00f5es de pesquisa, extens\u00e3o e forma\u00e7\u00e3o de trabalhadores na aten\u00e7\u00e3o b\u00e1sica, n\u00edvel de aten\u00e7\u00e3o com capacidade para resolver 80% dos problemas de sa\u00fade do brasileiro. Em todo o Brasil, ser\u00e3o disponibilizados R$ 10 milh\u00f5es, para 27 universidades selecionadas. O objetivo do Minist\u00e9rio \u00e9 qualificar a assist\u00eancia e o cuidado para a preven\u00e7\u00e3o e controle da obesidade, que j\u00e1 afeta 18,9% da popula\u00e7\u00e3o adulta nas capitais brasileiras. Os projetos dever\u00e3o ter a dura\u00e7\u00e3o de dois anos, contados a partir da data de assinatura da proposta, al\u00e9m de obedecer a requisitos t\u00e9cnicos descritos no Edital. A coordenadora de Alimenta\u00e7\u00e3o e Nutri\u00e7\u00e3o, do Minist\u00e9rio da Sa\u00fade, Michele Lessa, considera a a\u00e7\u00e3o indispens\u00e1vel para qualificar o atendimento no SUS. \u201cEsse edital \u00e9 muito importante. Com esse incentivo, podemos levar aos rinc\u00f5es do pa\u00eds estrat\u00e9gias efetivas e inovadoras para o enfrentamento da obesidade\u201d, enfatiza a coordenadora. Os recursos para as Universidades foram determinados conforme an\u00e1lise de crit\u00e9rios socioecon\u00f4micos e geogr\u00e1ficos, al\u00e9m da cobertura de equipes do N\u00facleo de Aten\u00e7\u00e3o \u00e0 Sa\u00fade da Fam\u00edlia na Aten\u00e7\u00e3o B\u00e1sica (NASF-AB).\u00a0 As institui\u00e7\u00f5es que atuam nos estados do Esp\u00edrito Santo, Acre, Amap\u00e1, Alagoas, Roraima, Rond\u00f4nia, Sergipe e o Distrito Federal, est\u00e3o classificadas na faixa A, e receber\u00e3o at\u00e9 R$ 250 mil.\u00a0As que atuam na Para\u00edba, Mato Grosso, Mato Grosso do Sul, Tocantins, Goi\u00e1s, Par\u00e1, Amazonas, Pernambuco, Rio Grande do Norte e Rio Grande do Sul, est\u00e3o classificadas na faixa \u201cB\u201d e receber\u00e3o at\u00e9 R$ 350 mil.\u00a0 A Bahia est\u00e1 entre os estados da faixa \u201cC\u201d, mesma faixa dos estados do Cear\u00e1, Maranh\u00e3o, Minas Gerais, Piau\u00ed, Santa Catarina, S\u00e3o Paulo, Rio de Janeiro, Bahia e Paran\u00e1, que ter\u00e3o dispon\u00edvel at\u00e9 R$ 500 mil. A chamada p\u00fablica est\u00e1 aberta no site\u00a0do Conselho Nacional de Desenvolvimento Cient\u00edfico e Tecnol\u00f3gico(CNPq), at\u00e9 o dia 16 de setembro de 2018. \u201cA preven\u00e7\u00e3o \u00e9 uma das prioridades do Minist\u00e9rio da Sa\u00fade, pois \u00e9 um dos principais meios para evitar o desenvolvimento de outras doen\u00e7as\u201d, ressaltou Michele Lessa. Mudan\u00e7a de h\u00e1bitos contra obesidade O incentivo para uma alimenta\u00e7\u00e3o saud\u00e1vel e balanceada e a pr\u00e1tica de atividades f\u00edsicas \u00e9 prioridade do Governo Federal.\u00a0O Minist\u00e9rio da Sa\u00fade adotou internacionalmente metas para frear o crescimento do excesso de peso e obesidade no pa\u00eds. Durante o Encontro Regional para Enfrentamento da Obesidade Infantil, realizado em mar\u00e7o, em Bras\u00edlia, o pa\u00eds assumiu como compromisso deter o crescimento da obesidade na popula\u00e7\u00e3o adulta at\u00e9 2019, por meio de pol\u00edticas intersetoriais de sa\u00fade e seguran\u00e7a alimentar e nutricional; reduzir o consumo regular de refrigerante e suco artificial em pelo menos 30% na popula\u00e7\u00e3o adulta, at\u00e9 2019; e ampliar em no m\u00ednimo de 17,8% o percentual de adultos que consomem frutas e hortali\u00e7as regularmente at\u00e9 2019. Outra a\u00e7\u00e3o para a promo\u00e7\u00e3o da alimenta\u00e7\u00e3o saud\u00e1vel foi a publica\u00e7\u00e3o do Guia Alimentar para a Popula\u00e7\u00e3o Brasileira. Reconhecida mundialmente pela abordagem integral da promo\u00e7\u00e3o \u00e0 nutri\u00e7\u00e3o adequada, a publica\u00e7\u00e3o orienta a popula\u00e7\u00e3o com recomenda\u00e7\u00f5es sobre alimenta\u00e7\u00e3o saud\u00e1vel e consumo de alimentos in natura ou minimamente processados. Em parceria com a Associa\u00e7\u00e3o Brasileira das Ind\u00fastrias da Alimenta\u00e7\u00e3o (ABIA), o Minist\u00e9rio tamb\u00e9m conseguiu retirar mais de 17 mil toneladas de s\u00f3dio dos alimentos processados em quatro anos. O pa\u00eds tamb\u00e9m incentiva a pr\u00e1tica de atividades f\u00edsicas por meio do Programa Academia da Sa\u00fade com mais 3.800 polos habilitados. Fonte: Portal Correio\" \/>\n<meta property=\"og:url\" content=\"https:\/\/noticiasemdestaque.com\/cd\/?p=12372\" \/>\n<meta property=\"og:site_name\" content=\"Not&iacute;cias em Destaque\" \/>\n<meta property=\"article:published_time\" content=\"2018-08-24T12:11:43+00:00\" \/>\n<meta property=\"og:image\" content=\"https:\/\/noticiasemdestaque.com\/cd\/wp-content\/uploads\/2018\/08\/quase-metade-das-criancas-brasileiras-serao-obesas-em-2022-696x365.jpg\" \/>\n\t<meta property=\"og:image:width\" content=\"696\" \/>\n\t<meta property=\"og:image:height\" content=\"365\" \/>\n\t<meta property=\"og:image:type\" content=\"image\/jpeg\" \/>\n<meta name=\"author\" content=\"Not\u00edcias em Destaque\" \/>\n<meta name=\"twitter:card\" content=\"summary_large_image\" \/>\n<meta name=\"twitter:label1\" content=\"Escrito por\" \/>\n\t<meta name=\"twitter:data1\" content=\"Not\u00edcias em Destaque\" \/>\n\t<meta name=\"twitter:label2\" content=\"Est. tempo de leitura\" \/>\n\t<meta name=\"twitter:data2\" content=\"3 minutos\" \/>\n<script type=\"application\/ld+json\" class=\"yoast-schema-graph\">{\"@context\":\"https:\/\/schema.org\",\"@graph\":[{\"@type\":\"Article\",\"@id\":\"https:\/\/noticiasemdestaque.com\/cd\/?p=12372#article\",\"isPartOf\":{\"@id\":\"https:\/\/noticiasemdestaque.com\/cd\/?p=12372\"},\"author\":{\"name\":\"Not\u00edcias em Destaque\",\"@id\":\"https:\/\/noticiasemdestaque.com\/cd\/#\/schema\/person\/47f7d4f55eec17c6b2ca036c5500f6ce\"},\"headline\":\"Universidades ter\u00e3o recurso para prevenir e controlar obesidade\",\"datePublished\":\"2018-08-24T12:11:43+00:00\",\"mainEntityOfPage\":{\"@id\":\"https:\/\/noticiasemdestaque.com\/cd\/?p=12372\"},\"wordCount\":706,\"publisher\":{\"@id\":\"https:\/\/noticiasemdestaque.com\/cd\/#organization\"},\"image\":{\"@id\":\"https:\/\/noticiasemdestaque.com\/cd\/?p=12372#primaryimage\"},\"thumbnailUrl\":\"https:\/\/noticiasemdestaque.com\/cd\/wp-content\/uploads\/2018\/08\/quase-metade-das-criancas-brasileiras-serao-obesas-em-2022-696x365.jpg\",\"articleSection\":[\"Educa\u00e7\u00e3o\"],\"inLanguage\":\"pt-BR\"},{\"@type\":\"WebPage\",\"@id\":\"https:\/\/noticiasemdestaque.com\/cd\/?p=12372\",\"url\":\"https:\/\/noticiasemdestaque.com\/cd\/?p=12372\",\"name\":\"Universidades ter\u00e3o recurso para prevenir e controlar obesidade - Not&iacute;cias em Destaque\",\"isPartOf\":{\"@id\":\"https:\/\/noticiasemdestaque.com\/cd\/#website\"},\"primaryImageOfPage\":{\"@id\":\"https:\/\/noticiasemdestaque.com\/cd\/?p=12372#primaryimage\"},\"image\":{\"@id\":\"https:\/\/noticiasemdestaque.com\/cd\/?p=12372#primaryimage\"},\"thumbnailUrl\":\"https:\/\/noticiasemdestaque.com\/cd\/wp-content\/uploads\/2018\/08\/quase-metade-das-criancas-brasileiras-serao-obesas-em-2022-696x365.jpg\",\"datePublished\":\"2018-08-24T12:11:43+00:00\",\"breadcrumb\":{\"@id\":\"https:\/\/noticiasemdestaque.com\/cd\/?p=12372#breadcrumb\"},\"inLanguage\":\"pt-BR\",\"potentialAction\":[{\"@type\":\"ReadAction\",\"target\":[\"https:\/\/noticiasemdestaque.com\/cd\/?p=12372\"]}]},{\"@type\":\"ImageObject\",\"inLanguage\":\"pt-BR\",\"@id\":\"https:\/\/noticiasemdestaque.com\/cd\/?p=12372#primaryimage\",\"url\":\"https:\/\/noticiasemdestaque.com\/cd\/wp-content\/uploads\/2018\/08\/quase-metade-das-criancas-brasileiras-serao-obesas-em-2022-696x365.jpg\",\"contentUrl\":\"https:\/\/noticiasemdestaque.com\/cd\/wp-content\/uploads\/2018\/08\/quase-metade-das-criancas-brasileiras-serao-obesas-em-2022-696x365.jpg\",\"width\":696,\"height\":365,\"caption\":\"Comida fast food - foto Cec\u00edlia Bastos\"},{\"@type\":\"BreadcrumbList\",\"@id\":\"https:\/\/noticiasemdestaque.com\/cd\/?p=12372#breadcrumb\",\"itemListElement\":[{\"@type\":\"ListItem\",\"position\":1,\"name\":\"In\u00edcio\",\"item\":\"https:\/\/noticiasemdestaque.com\/cd\/\"},{\"@type\":\"ListItem\",\"position\":2,\"name\":\"Universidades ter\u00e3o recurso para prevenir e controlar obesidade\"}]},{\"@type\":\"WebSite\",\"@id\":\"https:\/\/noticiasemdestaque.com\/cd\/#website\",\"url\":\"https:\/\/noticiasemdestaque.com\/cd\/\",\"name\":\"Not&iacute;cias em Destaque\",\"description\":\"\",\"publisher\":{\"@id\":\"https:\/\/noticiasemdestaque.com\/cd\/#organization\"},\"potentialAction\":[{\"@type\":\"SearchAction\",\"target\":{\"@type\":\"EntryPoint\",\"urlTemplate\":\"https:\/\/noticiasemdestaque.com\/cd\/?s={search_term_string}\"},\"query-input\":{\"@type\":\"PropertyValueSpecification\",\"valueRequired\":true,\"valueName\":\"search_term_string\"}}],\"inLanguage\":\"pt-BR\"},{\"@type\":\"Organization\",\"@id\":\"https:\/\/noticiasemdestaque.com\/cd\/#organization\",\"name\":\"Not\u00edcias em Destaque\",\"url\":\"https:\/\/noticiasemdestaque.com\/cd\/\",\"logo\":{\"@type\":\"ImageObject\",\"inLanguage\":\"pt-BR\",\"@id\":\"https:\/\/noticiasemdestaque.com\/cd\/#\/schema\/logo\/image\/\",\"url\":\"https:\/\/noticiasemdestaque.com\/cd\/wp-content\/uploads\/2022\/05\/imagem-base-noticiasemdestaque.png\",\"contentUrl\":\"https:\/\/noticiasemdestaque.com\/cd\/wp-content\/uploads\/2022\/05\/imagem-base-noticiasemdestaque.png\",\"width\":1200,\"height\":630,\"caption\":\"Not\u00edcias em Destaque\"},\"image\":{\"@id\":\"https:\/\/noticiasemdestaque.com\/cd\/#\/schema\/logo\/image\/\"}},{\"@type\":\"Person\",\"@id\":\"https:\/\/noticiasemdestaque.com\/cd\/#\/schema\/person\/47f7d4f55eec17c6b2ca036c5500f6ce\",\"name\":\"Not\u00edcias em Destaque\",\"url\":\"https:\/\/noticiasemdestaque.com\/cd\/?author=2\"}]}<\/script>\n<!-- \/ Yoast SEO plugin. -->","yoast_head_json":{"title":"Universidades ter\u00e3o recurso para prevenir e controlar obesidade - Not&iacute;cias em Destaque","robots":{"index":"index","follow":"follow","max-snippet":"max-snippet:-1","max-image-preview":"max-image-preview:large","max-video-preview":"max-video-preview:-1"},"canonical":"https:\/\/noticiasemdestaque.com\/cd\/?p=12372","og_locale":"pt_BR","og_type":"article","og_title":"Universidades ter\u00e3o recurso para prevenir e controlar obesidade - Not&iacute;cias em Destaque","og_description":"As universidades p\u00fablicas e privadas, sem fins lucrativos, da Para\u00edba t\u00eam at\u00e9 o dia 16 de setembro para inscreverem projetos com a\u00e7\u00f5es de preven\u00e7\u00e3o, diagn\u00f3stico e tratamento da obesidade no Sistema \u00danico de Sa\u00fade. Uma chamada p\u00fablica aberta pelo Minist\u00e9rio da Sa\u00fade destinar\u00e1 at\u00e9 R$ 350 mil para o estado desenvolver a\u00e7\u00f5es de pesquisa, extens\u00e3o e forma\u00e7\u00e3o de trabalhadores na aten\u00e7\u00e3o b\u00e1sica, n\u00edvel de aten\u00e7\u00e3o com capacidade para resolver 80% dos problemas de sa\u00fade do brasileiro. Em todo o Brasil, ser\u00e3o disponibilizados R$ 10 milh\u00f5es, para 27 universidades selecionadas. O objetivo do Minist\u00e9rio \u00e9 qualificar a assist\u00eancia e o cuidado para a preven\u00e7\u00e3o e controle da obesidade, que j\u00e1 afeta 18,9% da popula\u00e7\u00e3o adulta nas capitais brasileiras. Os projetos dever\u00e3o ter a dura\u00e7\u00e3o de dois anos, contados a partir da data de assinatura da proposta, al\u00e9m de obedecer a requisitos t\u00e9cnicos descritos no Edital. A coordenadora de Alimenta\u00e7\u00e3o e Nutri\u00e7\u00e3o, do Minist\u00e9rio da Sa\u00fade, Michele Lessa, considera a a\u00e7\u00e3o indispens\u00e1vel para qualificar o atendimento no SUS. \u201cEsse edital \u00e9 muito importante. Com esse incentivo, podemos levar aos rinc\u00f5es do pa\u00eds estrat\u00e9gias efetivas e inovadoras para o enfrentamento da obesidade\u201d, enfatiza a coordenadora. Os recursos para as Universidades foram determinados conforme an\u00e1lise de crit\u00e9rios socioecon\u00f4micos e geogr\u00e1ficos, al\u00e9m da cobertura de equipes do N\u00facleo de Aten\u00e7\u00e3o \u00e0 Sa\u00fade da Fam\u00edlia na Aten\u00e7\u00e3o B\u00e1sica (NASF-AB).\u00a0 As institui\u00e7\u00f5es que atuam nos estados do Esp\u00edrito Santo, Acre, Amap\u00e1, Alagoas, Roraima, Rond\u00f4nia, Sergipe e o Distrito Federal, est\u00e3o classificadas na faixa A, e receber\u00e3o at\u00e9 R$ 250 mil.\u00a0As que atuam na Para\u00edba, Mato Grosso, Mato Grosso do Sul, Tocantins, Goi\u00e1s, Par\u00e1, Amazonas, Pernambuco, Rio Grande do Norte e Rio Grande do Sul, est\u00e3o classificadas na faixa \u201cB\u201d e receber\u00e3o at\u00e9 R$ 350 mil.\u00a0 A Bahia est\u00e1 entre os estados da faixa \u201cC\u201d, mesma faixa dos estados do Cear\u00e1, Maranh\u00e3o, Minas Gerais, Piau\u00ed, Santa Catarina, S\u00e3o Paulo, Rio de Janeiro, Bahia e Paran\u00e1, que ter\u00e3o dispon\u00edvel at\u00e9 R$ 500 mil. A chamada p\u00fablica est\u00e1 aberta no site\u00a0do Conselho Nacional de Desenvolvimento Cient\u00edfico e Tecnol\u00f3gico(CNPq), at\u00e9 o dia 16 de setembro de 2018. \u201cA preven\u00e7\u00e3o \u00e9 uma das prioridades do Minist\u00e9rio da Sa\u00fade, pois \u00e9 um dos principais meios para evitar o desenvolvimento de outras doen\u00e7as\u201d, ressaltou Michele Lessa. Mudan\u00e7a de h\u00e1bitos contra obesidade O incentivo para uma alimenta\u00e7\u00e3o saud\u00e1vel e balanceada e a pr\u00e1tica de atividades f\u00edsicas \u00e9 prioridade do Governo Federal.\u00a0O Minist\u00e9rio da Sa\u00fade adotou internacionalmente metas para frear o crescimento do excesso de peso e obesidade no pa\u00eds. Durante o Encontro Regional para Enfrentamento da Obesidade Infantil, realizado em mar\u00e7o, em Bras\u00edlia, o pa\u00eds assumiu como compromisso deter o crescimento da obesidade na popula\u00e7\u00e3o adulta at\u00e9 2019, por meio de pol\u00edticas intersetoriais de sa\u00fade e seguran\u00e7a alimentar e nutricional; reduzir o consumo regular de refrigerante e suco artificial em pelo menos 30% na popula\u00e7\u00e3o adulta, at\u00e9 2019; e ampliar em no m\u00ednimo de 17,8% o percentual de adultos que consomem frutas e hortali\u00e7as regularmente at\u00e9 2019. Outra a\u00e7\u00e3o para a promo\u00e7\u00e3o da alimenta\u00e7\u00e3o saud\u00e1vel foi a publica\u00e7\u00e3o do Guia Alimentar para a Popula\u00e7\u00e3o Brasileira. Reconhecida mundialmente pela abordagem integral da promo\u00e7\u00e3o \u00e0 nutri\u00e7\u00e3o adequada, a publica\u00e7\u00e3o orienta a popula\u00e7\u00e3o com recomenda\u00e7\u00f5es sobre alimenta\u00e7\u00e3o saud\u00e1vel e consumo de alimentos in natura ou minimamente processados. Em parceria com a Associa\u00e7\u00e3o Brasileira das Ind\u00fastrias da Alimenta\u00e7\u00e3o (ABIA), o Minist\u00e9rio tamb\u00e9m conseguiu retirar mais de 17 mil toneladas de s\u00f3dio dos alimentos processados em quatro anos. O pa\u00eds tamb\u00e9m incentiva a pr\u00e1tica de atividades f\u00edsicas por meio do Programa Academia da Sa\u00fade com mais 3.800 polos habilitados. Fonte: Portal Correio","og_url":"https:\/\/noticiasemdestaque.com\/cd\/?p=12372","og_site_name":"Not&iacute;cias em Destaque","article_published_time":"2018-08-24T12:11:43+00:00","og_image":[{"width":696,"height":365,"url":"https:\/\/noticiasemdestaque.com\/cd\/wp-content\/uploads\/2018\/08\/quase-metade-das-criancas-brasileiras-serao-obesas-em-2022-696x365.jpg","type":"image\/jpeg"}],"author":"Not\u00edcias em Destaque","twitter_card":"summary_large_image","twitter_misc":{"Escrito por":"Not\u00edcias em Destaque","Est. tempo de leitura":"3 minutos"},"schema":{"@context":"https:\/\/schema.org","@graph":[{"@type":"Article","@id":"https:\/\/noticiasemdestaque.com\/cd\/?p=12372#article","isPartOf":{"@id":"https:\/\/noticiasemdestaque.com\/cd\/?p=12372"},"author":{"name":"Not\u00edcias em Destaque","@id":"https:\/\/noticiasemdestaque.com\/cd\/#\/schema\/person\/47f7d4f55eec17c6b2ca036c5500f6ce"},"headline":"Universidades ter\u00e3o recurso para prevenir e controlar obesidade","datePublished":"2018-08-24T12:11:43+00:00","mainEntityOfPage":{"@id":"https:\/\/noticiasemdestaque.com\/cd\/?p=12372"},"wordCount":706,"publisher":{"@id":"https:\/\/noticiasemdestaque.com\/cd\/#organization"},"image":{"@id":"https:\/\/noticiasemdestaque.com\/cd\/?p=12372#primaryimage"},"thumbnailUrl":"https:\/\/noticiasemdestaque.com\/cd\/wp-content\/uploads\/2018\/08\/quase-metade-das-criancas-brasileiras-serao-obesas-em-2022-696x365.jpg","articleSection":["Educa\u00e7\u00e3o"],"inLanguage":"pt-BR"},{"@type":"WebPage","@id":"https:\/\/noticiasemdestaque.com\/cd\/?p=12372","url":"https:\/\/noticiasemdestaque.com\/cd\/?p=12372","name":"Universidades ter\u00e3o recurso para prevenir e controlar obesidade - Not&iacute;cias em Destaque","isPartOf":{"@id":"https:\/\/noticiasemdestaque.com\/cd\/#website"},"primaryImageOfPage":{"@id":"https:\/\/noticiasemdestaque.com\/cd\/?p=12372#primaryimage"},"image":{"@id":"https:\/\/noticiasemdestaque.com\/cd\/?p=12372#primaryimage"},"thumbnailUrl":"https:\/\/noticiasemdestaque.com\/cd\/wp-content\/uploads\/2018\/08\/quase-metade-das-criancas-brasileiras-serao-obesas-em-2022-696x365.jpg","datePublished":"2018-08-24T12:11:43+00:00","breadcrumb":{"@id":"https:\/\/noticiasemdestaque.com\/cd\/?p=12372#breadcrumb"},"inLanguage":"pt-BR","potentialAction":[{"@type":"ReadAction","target":["https:\/\/noticiasemdestaque.com\/cd\/?p=12372"]}]},{"@type":"ImageObject","inLanguage":"pt-BR","@id":"https:\/\/noticiasemdestaque.com\/cd\/?p=12372#primaryimage","url":"https:\/\/noticiasemdestaque.com\/cd\/wp-content\/uploads\/2018\/08\/quase-metade-das-criancas-brasileiras-serao-obesas-em-2022-696x365.jpg","contentUrl":"https:\/\/noticiasemdestaque.com\/cd\/wp-content\/uploads\/2018\/08\/quase-metade-das-criancas-brasileiras-serao-obesas-em-2022-696x365.jpg","width":696,"height":365,"caption":"Comida fast food - foto Cec\u00edlia Bastos"},{"@type":"BreadcrumbList","@id":"https:\/\/noticiasemdestaque.com\/cd\/?p=12372#breadcrumb","itemListElement":[{"@type":"ListItem","position":1,"name":"In\u00edcio","item":"https:\/\/noticiasemdestaque.com\/cd\/"},{"@type":"ListItem","position":2,"name":"Universidades ter\u00e3o recurso para prevenir e controlar obesidade"}]},{"@type":"WebSite","@id":"https:\/\/noticiasemdestaque.com\/cd\/#website","url":"https:\/\/noticiasemdestaque.com\/cd\/","name":"Not&iacute;cias em Destaque","description":"","publisher":{"@id":"https:\/\/noticiasemdestaque.com\/cd\/#organization"},"potentialAction":[{"@type":"SearchAction","target":{"@type":"EntryPoint","urlTemplate":"https:\/\/noticiasemdestaque.com\/cd\/?s={search_term_string}"},"query-input":{"@type":"PropertyValueSpecification","valueRequired":true,"valueName":"search_term_string"}}],"inLanguage":"pt-BR"},{"@type":"Organization","@id":"https:\/\/noticiasemdestaque.com\/cd\/#organization","name":"Not\u00edcias em Destaque","url":"https:\/\/noticiasemdestaque.com\/cd\/","logo":{"@type":"ImageObject","inLanguage":"pt-BR","@id":"https:\/\/noticiasemdestaque.com\/cd\/#\/schema\/logo\/image\/","url":"https:\/\/noticiasemdestaque.com\/cd\/wp-content\/uploads\/2022\/05\/imagem-base-noticiasemdestaque.png","contentUrl":"https:\/\/noticiasemdestaque.com\/cd\/wp-content\/uploads\/2022\/05\/imagem-base-noticiasemdestaque.png","width":1200,"height":630,"caption":"Not\u00edcias em Destaque"},"image":{"@id":"https:\/\/noticiasemdestaque.com\/cd\/#\/schema\/logo\/image\/"}},{"@type":"Person","@id":"https:\/\/noticiasemdestaque.com\/cd\/#\/schema\/person\/47f7d4f55eec17c6b2ca036c5500f6ce","name":"Not\u00edcias em Destaque","url":"https:\/\/noticiasemdestaque.com\/cd\/?author=2"}]}},"jetpack_featured_media_url":"https:\/\/noticiasemdestaque.com\/cd\/wp-content\/uploads\/2018\/08\/quase-metade-das-criancas-brasileiras-serao-obesas-em-2022-696x365.jpg","jetpack_sharing_enabled":true,"_links":{"self":[{"href":"https:\/\/noticiasemdestaque.com\/cd\/index.php?rest_route=\/wp\/v2\/posts\/12372","targetHints":{"allow":["GET"]}}],"collection":[{"href":"https:\/\/noticiasemdestaque.com\/cd\/index.php?rest_route=\/wp\/v2\/posts"}],"about":[{"href":"https:\/\/noticiasemdestaque.com\/cd\/index.php?rest_route=\/wp\/v2\/types\/post"}],"author":[{"embeddable":true,"href":"https:\/\/noticiasemdestaque.com\/cd\/index.php?rest_route=\/wp\/v2\/users\/2"}],"replies":[{"embeddable":true,"href":"https:\/\/noticiasemdestaque.com\/cd\/index.php?rest_route=%2Fwp%2Fv2%2Fcomments&post=12372"}],"version-history":[{"count":1,"href":"https:\/\/noticiasemdestaque.com\/cd\/index.php?rest_route=\/wp\/v2\/posts\/12372\/revisions"}],"predecessor-version":[{"id":12374,"href":"https:\/\/noticiasemdestaque.com\/cd\/index.php?rest_route=\/wp\/v2\/posts\/12372\/revisions\/12374"}],"wp:featuredmedia":[{"embeddable":true,"href":"https:\/\/noticiasemdestaque.com\/cd\/index.php?rest_route=\/wp\/v2\/media\/12373"}],"wp:attachment":[{"href":"https:\/\/noticiasemdestaque.com\/cd\/index.php?rest_route=%2Fwp%2Fv2%2Fmedia&parent=12372"}],"wp:term":[{"taxonomy":"category","embeddable":true,"href":"https:\/\/noticiasemdestaque.com\/cd\/index.php?rest_route=%2Fwp%2Fv2%2Fcategories&post=12372"},{"taxonomy":"post_tag","embeddable":true,"href":"https:\/\/noticiasemdestaque.com\/cd\/index.php?rest_route=%2Fwp%2Fv2%2Ftags&post=12372"}],"curies":[{"name":"wp","href":"https:\/\/api.w.org\/{rel}","templated":true}]}}