{"id":1216,"date":"2017-07-03T19:13:52","date_gmt":"2017-07-03T22:13:52","guid":{"rendered":"http:\/\/caririemdestaque.com\/cd\/?p=1216"},"modified":"2017-07-03T19:23:51","modified_gmt":"2017-07-03T22:23:51","slug":"ricardo-revela-estudos-para-realizacao-de-concursos-publicos-pelo-estado","status":"publish","type":"post","link":"https:\/\/noticiasemdestaque.com\/cd\/?p=1216","title":{"rendered":"Ricardo revela estudos para realiza\u00e7\u00e3o de concursos p\u00fablicos pelo Estado"},"content":{"rendered":"<p><a href=\"http:\/\/caririemdestaque.com\/cd\/wp-content\/uploads\/2017\/07\/ricardo-no-forum-da-exame-debate-reducao-de-desingualdade-no-nordeste-em-salvador-foto-jose-marques-5.jpg\"><img fetchpriority=\"high\" decoding=\"async\" class=\"size-medium wp-image-1143 alignleft\" src=\"http:\/\/caririemdestaque.com\/cd\/wp-content\/uploads\/2017\/07\/ricardo-no-forum-da-exame-debate-reducao-de-desingualdade-no-nordeste-em-salvador-foto-jose-marques-5-300x188.jpg\" alt=\"\" width=\"300\" height=\"188\" srcset=\"https:\/\/noticiasemdestaque.com\/cd\/wp-content\/uploads\/2017\/07\/ricardo-no-forum-da-exame-debate-reducao-de-desingualdade-no-nordeste-em-salvador-foto-jose-marques-5-300x188.jpg 300w, https:\/\/noticiasemdestaque.com\/cd\/wp-content\/uploads\/2017\/07\/ricardo-no-forum-da-exame-debate-reducao-de-desingualdade-no-nordeste-em-salvador-foto-jose-marques-5-768x480.jpg 768w, https:\/\/noticiasemdestaque.com\/cd\/wp-content\/uploads\/2017\/07\/ricardo-no-forum-da-exame-debate-reducao-de-desingualdade-no-nordeste-em-salvador-foto-jose-marques-5-1024x640.jpg 1024w, https:\/\/noticiasemdestaque.com\/cd\/wp-content\/uploads\/2017\/07\/ricardo-no-forum-da-exame-debate-reducao-de-desingualdade-no-nordeste-em-salvador-foto-jose-marques-5.jpg 1240w\" sizes=\"(max-width: 300px) 100vw, 300px\" \/><\/a>Apesar de confirmar que o Estado estuda a possibilidade de ampliar seus quadros com a contrata\u00e7\u00e3o de profissionais via concurso p\u00fablico, o governador ressaltou que o momento \u00e9 de manter o foco na austeridade e que n\u00e3o pode confirmar de fato quando ser\u00e3o lan\u00e7ados editais com vagas.<\/p>\n<p>\u201cTenho todo o cuidado nas quest\u00f5es relacionadas \u00e0 folha de pessoal. A chave do sucesso na Para\u00edba \u00e9 a austeridade e ousadia. Encomendei alguns estudos, mas nosso foco \u00e9 manter os indicadores sobre controle e melhorar cada vez mais os servi\u00e7os prestados\u201d, disse.<\/p>\n<p><strong>Precau\u00e7\u00e3o<\/strong><\/p>\n<p>Ricardo ressaltou ainda que o momento requer precau\u00e7\u00e3o, j\u00e1 que \u201cmuitos estados n\u00e3o conseguem nem pagar a folha de pessoal pela conjuntura econ\u00f4mica terr\u00edvel\u201d. O socialista relembrou, por\u00e9m, que ele foi o governador que mais contratou concursados.<\/p>\n<p>Com Paraibaj\u00e1<\/p>\n","protected":false},"excerpt":{"rendered":"<p>Apesar de confirmar que o Estado estuda a possibilidade de ampliar seus quadros com a contrata\u00e7\u00e3o de profissionais via concurso p\u00fablico, o governador ressaltou que o momento \u00e9 de manter o foco na austeridade e que n\u00e3o pode confirmar de fato quando ser\u00e3o lan\u00e7ados editais com vagas. \u201cTenho todo o cuidado nas quest\u00f5es relacionadas \u00e0 folha de pessoal. A chave do sucesso na Para\u00edba \u00e9 a austeridade e ousadia. Encomendei alguns estudos, mas nosso foco \u00e9 manter os indicadores sobre controle e melhorar cada vez mais os servi\u00e7os prestados\u201d, disse. Precau\u00e7\u00e3o Ricardo ressaltou ainda que o momento requer precau\u00e7\u00e3o, j\u00e1 que \u201cmuitos estados n\u00e3o conseguem nem pagar a folha de pessoal pela conjuntura econ\u00f4mica terr\u00edvel\u201d. O socialista relembrou, por\u00e9m, que ele foi o governador que mais contratou concursados. Com Paraibaj\u00e1<\/p>\n","protected":false},"author":2,"featured_media":1143,"comment_status":"closed","ping_status":"open","sticky":false,"template":"","format":"standard","meta":{"_eb_attr":"","_jetpack_memberships_contains_paid_content":false,"footnotes":""},"categories":[4],"tags":[],"class_list":["post-1216","post","type-post","status-publish","format-standard","has-post-thumbnail","hentry","category-politica"],"yoast_head":"<!-- This site is optimized with the Yoast SEO plugin v26.5 - https:\/\/yoast.com\/wordpress\/plugins\/seo\/ -->\n<title>Ricardo revela estudos para realiza\u00e7\u00e3o de concursos p\u00fablicos pelo Estado - Not&iacute;cias em Destaque<\/title>\n<meta name=\"robots\" content=\"index, follow, max-snippet:-1, max-image-preview:large, max-video-preview:-1\" \/>\n<link rel=\"canonical\" href=\"https:\/\/noticiasemdestaque.com\/cd\/?p=1216\" \/>\n<meta property=\"og:locale\" content=\"pt_BR\" \/>\n<meta property=\"og:type\" content=\"article\" \/>\n<meta property=\"og:title\" content=\"Ricardo revela estudos para realiza\u00e7\u00e3o de concursos p\u00fablicos pelo Estado - Not&iacute;cias em Destaque\" \/>\n<meta property=\"og:description\" content=\"Apesar de confirmar que o Estado estuda a possibilidade de ampliar seus quadros com a contrata\u00e7\u00e3o de profissionais via concurso p\u00fablico, o governador ressaltou que o momento \u00e9 de manter o foco na austeridade e que n\u00e3o pode confirmar de fato quando ser\u00e3o lan\u00e7ados editais com vagas. \u201cTenho todo o cuidado nas quest\u00f5es relacionadas \u00e0 folha de pessoal. A chave do sucesso na Para\u00edba \u00e9 a austeridade e ousadia. Encomendei alguns estudos, mas nosso foco \u00e9 manter os indicadores sobre controle e melhorar cada vez mais os servi\u00e7os prestados\u201d, disse. Precau\u00e7\u00e3o Ricardo ressaltou ainda que o momento requer precau\u00e7\u00e3o, j\u00e1 que \u201cmuitos estados n\u00e3o conseguem nem pagar a folha de pessoal pela conjuntura econ\u00f4mica terr\u00edvel\u201d. O socialista relembrou, por\u00e9m, que ele foi o governador que mais contratou concursados. Com Paraibaj\u00e1\" \/>\n<meta property=\"og:url\" content=\"https:\/\/noticiasemdestaque.com\/cd\/?p=1216\" \/>\n<meta property=\"og:site_name\" content=\"Not&iacute;cias em Destaque\" \/>\n<meta property=\"article:published_time\" content=\"2017-07-03T22:13:52+00:00\" \/>\n<meta property=\"article:modified_time\" content=\"2017-07-03T22:23:51+00:00\" \/>\n<meta property=\"og:image\" content=\"https:\/\/noticiasemdestaque.com\/cd\/wp-content\/uploads\/2017\/07\/ricardo-no-forum-da-exame-debate-reducao-de-desingualdade-no-nordeste-em-salvador-foto-jose-marques-5.jpg\" \/>\n\t<meta property=\"og:image:width\" content=\"1240\" \/>\n\t<meta property=\"og:image:height\" content=\"775\" \/>\n\t<meta property=\"og:image:type\" content=\"image\/jpeg\" \/>\n<meta name=\"author\" content=\"Not\u00edcias em Destaque\" \/>\n<meta name=\"twitter:card\" content=\"summary_large_image\" \/>\n<meta name=\"twitter:label1\" content=\"Escrito por\" \/>\n\t<meta name=\"twitter:data1\" content=\"Not\u00edcias em Destaque\" \/>\n\t<meta name=\"twitter:label2\" content=\"Est. tempo de leitura\" \/>\n\t<meta name=\"twitter:data2\" content=\"1 minuto\" \/>\n<script type=\"application\/ld+json\" class=\"yoast-schema-graph\">{\"@context\":\"https:\/\/schema.org\",\"@graph\":[{\"@type\":\"Article\",\"@id\":\"https:\/\/noticiasemdestaque.com\/cd\/?p=1216#article\",\"isPartOf\":{\"@id\":\"https:\/\/noticiasemdestaque.com\/cd\/?p=1216\"},\"author\":{\"name\":\"Not\u00edcias em Destaque\",\"@id\":\"https:\/\/noticiasemdestaque.com\/cd\/#\/schema\/person\/47f7d4f55eec17c6b2ca036c5500f6ce\"},\"headline\":\"Ricardo revela estudos para realiza\u00e7\u00e3o de concursos p\u00fablicos pelo Estado\",\"datePublished\":\"2017-07-03T22:13:52+00:00\",\"dateModified\":\"2017-07-03T22:23:51+00:00\",\"mainEntityOfPage\":{\"@id\":\"https:\/\/noticiasemdestaque.com\/cd\/?p=1216\"},\"wordCount\":152,\"publisher\":{\"@id\":\"https:\/\/noticiasemdestaque.com\/cd\/#organization\"},\"image\":{\"@id\":\"https:\/\/noticiasemdestaque.com\/cd\/?p=1216#primaryimage\"},\"thumbnailUrl\":\"https:\/\/noticiasemdestaque.com\/cd\/wp-content\/uploads\/2017\/07\/ricardo-no-forum-da-exame-debate-reducao-de-desingualdade-no-nordeste-em-salvador-foto-jose-marques-5.jpg\",\"articleSection\":[\"Pol\u00edtica\"],\"inLanguage\":\"pt-BR\"},{\"@type\":\"WebPage\",\"@id\":\"https:\/\/noticiasemdestaque.com\/cd\/?p=1216\",\"url\":\"https:\/\/noticiasemdestaque.com\/cd\/?p=1216\",\"name\":\"Ricardo revela estudos para realiza\u00e7\u00e3o de concursos p\u00fablicos pelo Estado - Not&iacute;cias em Destaque\",\"isPartOf\":{\"@id\":\"https:\/\/noticiasemdestaque.com\/cd\/#website\"},\"primaryImageOfPage\":{\"@id\":\"https:\/\/noticiasemdestaque.com\/cd\/?p=1216#primaryimage\"},\"image\":{\"@id\":\"https:\/\/noticiasemdestaque.com\/cd\/?p=1216#primaryimage\"},\"thumbnailUrl\":\"https:\/\/noticiasemdestaque.com\/cd\/wp-content\/uploads\/2017\/07\/ricardo-no-forum-da-exame-debate-reducao-de-desingualdade-no-nordeste-em-salvador-foto-jose-marques-5.jpg\",\"datePublished\":\"2017-07-03T22:13:52+00:00\",\"dateModified\":\"2017-07-03T22:23:51+00:00\",\"breadcrumb\":{\"@id\":\"https:\/\/noticiasemdestaque.com\/cd\/?p=1216#breadcrumb\"},\"inLanguage\":\"pt-BR\",\"potentialAction\":[{\"@type\":\"ReadAction\",\"target\":[\"https:\/\/noticiasemdestaque.com\/cd\/?p=1216\"]}]},{\"@type\":\"ImageObject\",\"inLanguage\":\"pt-BR\",\"@id\":\"https:\/\/noticiasemdestaque.com\/cd\/?p=1216#primaryimage\",\"url\":\"https:\/\/noticiasemdestaque.com\/cd\/wp-content\/uploads\/2017\/07\/ricardo-no-forum-da-exame-debate-reducao-de-desingualdade-no-nordeste-em-salvador-foto-jose-marques-5.jpg\",\"contentUrl\":\"https:\/\/noticiasemdestaque.com\/cd\/wp-content\/uploads\/2017\/07\/ricardo-no-forum-da-exame-debate-reducao-de-desingualdade-no-nordeste-em-salvador-foto-jose-marques-5.jpg\",\"width\":1240,\"height\":775},{\"@type\":\"BreadcrumbList\",\"@id\":\"https:\/\/noticiasemdestaque.com\/cd\/?p=1216#breadcrumb\",\"itemListElement\":[{\"@type\":\"ListItem\",\"position\":1,\"name\":\"In\u00edcio\",\"item\":\"https:\/\/noticiasemdestaque.com\/cd\/\"},{\"@type\":\"ListItem\",\"position\":2,\"name\":\"Ricardo revela estudos para realiza\u00e7\u00e3o de concursos p\u00fablicos pelo Estado\"}]},{\"@type\":\"WebSite\",\"@id\":\"https:\/\/noticiasemdestaque.com\/cd\/#website\",\"url\":\"https:\/\/noticiasemdestaque.com\/cd\/\",\"name\":\"Not&iacute;cias em Destaque\",\"description\":\"\",\"publisher\":{\"@id\":\"https:\/\/noticiasemdestaque.com\/cd\/#organization\"},\"potentialAction\":[{\"@type\":\"SearchAction\",\"target\":{\"@type\":\"EntryPoint\",\"urlTemplate\":\"https:\/\/noticiasemdestaque.com\/cd\/?s={search_term_string}\"},\"query-input\":{\"@type\":\"PropertyValueSpecification\",\"valueRequired\":true,\"valueName\":\"search_term_string\"}}],\"inLanguage\":\"pt-BR\"},{\"@type\":\"Organization\",\"@id\":\"https:\/\/noticiasemdestaque.com\/cd\/#organization\",\"name\":\"Not\u00edcias em Destaque\",\"url\":\"https:\/\/noticiasemdestaque.com\/cd\/\",\"logo\":{\"@type\":\"ImageObject\",\"inLanguage\":\"pt-BR\",\"@id\":\"https:\/\/noticiasemdestaque.com\/cd\/#\/schema\/logo\/image\/\",\"url\":\"https:\/\/noticiasemdestaque.com\/cd\/wp-content\/uploads\/2022\/05\/imagem-base-noticiasemdestaque.png\",\"contentUrl\":\"https:\/\/noticiasemdestaque.com\/cd\/wp-content\/uploads\/2022\/05\/imagem-base-noticiasemdestaque.png\",\"width\":1200,\"height\":630,\"caption\":\"Not\u00edcias em Destaque\"},\"image\":{\"@id\":\"https:\/\/noticiasemdestaque.com\/cd\/#\/schema\/logo\/image\/\"}},{\"@type\":\"Person\",\"@id\":\"https:\/\/noticiasemdestaque.com\/cd\/#\/schema\/person\/47f7d4f55eec17c6b2ca036c5500f6ce\",\"name\":\"Not\u00edcias em Destaque\",\"url\":\"https:\/\/noticiasemdestaque.com\/cd\/?author=2\"}]}<\/script>\n<!-- \/ Yoast SEO plugin. -->","yoast_head_json":{"title":"Ricardo revela estudos para realiza\u00e7\u00e3o de concursos p\u00fablicos pelo Estado - Not&iacute;cias em Destaque","robots":{"index":"index","follow":"follow","max-snippet":"max-snippet:-1","max-image-preview":"max-image-preview:large","max-video-preview":"max-video-preview:-1"},"canonical":"https:\/\/noticiasemdestaque.com\/cd\/?p=1216","og_locale":"pt_BR","og_type":"article","og_title":"Ricardo revela estudos para realiza\u00e7\u00e3o de concursos p\u00fablicos pelo Estado - Not&iacute;cias em Destaque","og_description":"Apesar de confirmar que o Estado estuda a possibilidade de ampliar seus quadros com a contrata\u00e7\u00e3o de profissionais via concurso p\u00fablico, o governador ressaltou que o momento \u00e9 de manter o foco na austeridade e que n\u00e3o pode confirmar de fato quando ser\u00e3o lan\u00e7ados editais com vagas. \u201cTenho todo o cuidado nas quest\u00f5es relacionadas \u00e0 folha de pessoal. A chave do sucesso na Para\u00edba \u00e9 a austeridade e ousadia. Encomendei alguns estudos, mas nosso foco \u00e9 manter os indicadores sobre controle e melhorar cada vez mais os servi\u00e7os prestados\u201d, disse. Precau\u00e7\u00e3o Ricardo ressaltou ainda que o momento requer precau\u00e7\u00e3o, j\u00e1 que \u201cmuitos estados n\u00e3o conseguem nem pagar a folha de pessoal pela conjuntura econ\u00f4mica terr\u00edvel\u201d. O socialista relembrou, por\u00e9m, que ele foi o governador que mais contratou concursados. Com Paraibaj\u00e1","og_url":"https:\/\/noticiasemdestaque.com\/cd\/?p=1216","og_site_name":"Not&iacute;cias em Destaque","article_published_time":"2017-07-03T22:13:52+00:00","article_modified_time":"2017-07-03T22:23:51+00:00","og_image":[{"width":1240,"height":775,"url":"https:\/\/noticiasemdestaque.com\/cd\/wp-content\/uploads\/2017\/07\/ricardo-no-forum-da-exame-debate-reducao-de-desingualdade-no-nordeste-em-salvador-foto-jose-marques-5.jpg","type":"image\/jpeg"}],"author":"Not\u00edcias em Destaque","twitter_card":"summary_large_image","twitter_misc":{"Escrito por":"Not\u00edcias em Destaque","Est. tempo de leitura":"1 minuto"},"schema":{"@context":"https:\/\/schema.org","@graph":[{"@type":"Article","@id":"https:\/\/noticiasemdestaque.com\/cd\/?p=1216#article","isPartOf":{"@id":"https:\/\/noticiasemdestaque.com\/cd\/?p=1216"},"author":{"name":"Not\u00edcias em Destaque","@id":"https:\/\/noticiasemdestaque.com\/cd\/#\/schema\/person\/47f7d4f55eec17c6b2ca036c5500f6ce"},"headline":"Ricardo revela estudos para realiza\u00e7\u00e3o de concursos p\u00fablicos pelo Estado","datePublished":"2017-07-03T22:13:52+00:00","dateModified":"2017-07-03T22:23:51+00:00","mainEntityOfPage":{"@id":"https:\/\/noticiasemdestaque.com\/cd\/?p=1216"},"wordCount":152,"publisher":{"@id":"https:\/\/noticiasemdestaque.com\/cd\/#organization"},"image":{"@id":"https:\/\/noticiasemdestaque.com\/cd\/?p=1216#primaryimage"},"thumbnailUrl":"https:\/\/noticiasemdestaque.com\/cd\/wp-content\/uploads\/2017\/07\/ricardo-no-forum-da-exame-debate-reducao-de-desingualdade-no-nordeste-em-salvador-foto-jose-marques-5.jpg","articleSection":["Pol\u00edtica"],"inLanguage":"pt-BR"},{"@type":"WebPage","@id":"https:\/\/noticiasemdestaque.com\/cd\/?p=1216","url":"https:\/\/noticiasemdestaque.com\/cd\/?p=1216","name":"Ricardo revela estudos para realiza\u00e7\u00e3o de concursos p\u00fablicos pelo Estado - Not&iacute;cias em Destaque","isPartOf":{"@id":"https:\/\/noticiasemdestaque.com\/cd\/#website"},"primaryImageOfPage":{"@id":"https:\/\/noticiasemdestaque.com\/cd\/?p=1216#primaryimage"},"image":{"@id":"https:\/\/noticiasemdestaque.com\/cd\/?p=1216#primaryimage"},"thumbnailUrl":"https:\/\/noticiasemdestaque.com\/cd\/wp-content\/uploads\/2017\/07\/ricardo-no-forum-da-exame-debate-reducao-de-desingualdade-no-nordeste-em-salvador-foto-jose-marques-5.jpg","datePublished":"2017-07-03T22:13:52+00:00","dateModified":"2017-07-03T22:23:51+00:00","breadcrumb":{"@id":"https:\/\/noticiasemdestaque.com\/cd\/?p=1216#breadcrumb"},"inLanguage":"pt-BR","potentialAction":[{"@type":"ReadAction","target":["https:\/\/noticiasemdestaque.com\/cd\/?p=1216"]}]},{"@type":"ImageObject","inLanguage":"pt-BR","@id":"https:\/\/noticiasemdestaque.com\/cd\/?p=1216#primaryimage","url":"https:\/\/noticiasemdestaque.com\/cd\/wp-content\/uploads\/2017\/07\/ricardo-no-forum-da-exame-debate-reducao-de-desingualdade-no-nordeste-em-salvador-foto-jose-marques-5.jpg","contentUrl":"https:\/\/noticiasemdestaque.com\/cd\/wp-content\/uploads\/2017\/07\/ricardo-no-forum-da-exame-debate-reducao-de-desingualdade-no-nordeste-em-salvador-foto-jose-marques-5.jpg","width":1240,"height":775},{"@type":"BreadcrumbList","@id":"https:\/\/noticiasemdestaque.com\/cd\/?p=1216#breadcrumb","itemListElement":[{"@type":"ListItem","position":1,"name":"In\u00edcio","item":"https:\/\/noticiasemdestaque.com\/cd\/"},{"@type":"ListItem","position":2,"name":"Ricardo revela estudos para realiza\u00e7\u00e3o de concursos p\u00fablicos pelo Estado"}]},{"@type":"WebSite","@id":"https:\/\/noticiasemdestaque.com\/cd\/#website","url":"https:\/\/noticiasemdestaque.com\/cd\/","name":"Not&iacute;cias em Destaque","description":"","publisher":{"@id":"https:\/\/noticiasemdestaque.com\/cd\/#organization"},"potentialAction":[{"@type":"SearchAction","target":{"@type":"EntryPoint","urlTemplate":"https:\/\/noticiasemdestaque.com\/cd\/?s={search_term_string}"},"query-input":{"@type":"PropertyValueSpecification","valueRequired":true,"valueName":"search_term_string"}}],"inLanguage":"pt-BR"},{"@type":"Organization","@id":"https:\/\/noticiasemdestaque.com\/cd\/#organization","name":"Not\u00edcias em Destaque","url":"https:\/\/noticiasemdestaque.com\/cd\/","logo":{"@type":"ImageObject","inLanguage":"pt-BR","@id":"https:\/\/noticiasemdestaque.com\/cd\/#\/schema\/logo\/image\/","url":"https:\/\/noticiasemdestaque.com\/cd\/wp-content\/uploads\/2022\/05\/imagem-base-noticiasemdestaque.png","contentUrl":"https:\/\/noticiasemdestaque.com\/cd\/wp-content\/uploads\/2022\/05\/imagem-base-noticiasemdestaque.png","width":1200,"height":630,"caption":"Not\u00edcias em Destaque"},"image":{"@id":"https:\/\/noticiasemdestaque.com\/cd\/#\/schema\/logo\/image\/"}},{"@type":"Person","@id":"https:\/\/noticiasemdestaque.com\/cd\/#\/schema\/person\/47f7d4f55eec17c6b2ca036c5500f6ce","name":"Not\u00edcias em Destaque","url":"https:\/\/noticiasemdestaque.com\/cd\/?author=2"}]}},"jetpack_featured_media_url":"https:\/\/noticiasemdestaque.com\/cd\/wp-content\/uploads\/2017\/07\/ricardo-no-forum-da-exame-debate-reducao-de-desingualdade-no-nordeste-em-salvador-foto-jose-marques-5.jpg","jetpack_sharing_enabled":true,"_links":{"self":[{"href":"https:\/\/noticiasemdestaque.com\/cd\/index.php?rest_route=\/wp\/v2\/posts\/1216","targetHints":{"allow":["GET"]}}],"collection":[{"href":"https:\/\/noticiasemdestaque.com\/cd\/index.php?rest_route=\/wp\/v2\/posts"}],"about":[{"href":"https:\/\/noticiasemdestaque.com\/cd\/index.php?rest_route=\/wp\/v2\/types\/post"}],"author":[{"embeddable":true,"href":"https:\/\/noticiasemdestaque.com\/cd\/index.php?rest_route=\/wp\/v2\/users\/2"}],"replies":[{"embeddable":true,"href":"https:\/\/noticiasemdestaque.com\/cd\/index.php?rest_route=%2Fwp%2Fv2%2Fcomments&post=1216"}],"version-history":[{"count":2,"href":"https:\/\/noticiasemdestaque.com\/cd\/index.php?rest_route=\/wp\/v2\/posts\/1216\/revisions"}],"predecessor-version":[{"id":1223,"href":"https:\/\/noticiasemdestaque.com\/cd\/index.php?rest_route=\/wp\/v2\/posts\/1216\/revisions\/1223"}],"wp:featuredmedia":[{"embeddable":true,"href":"https:\/\/noticiasemdestaque.com\/cd\/index.php?rest_route=\/wp\/v2\/media\/1143"}],"wp:attachment":[{"href":"https:\/\/noticiasemdestaque.com\/cd\/index.php?rest_route=%2Fwp%2Fv2%2Fmedia&parent=1216"}],"wp:term":[{"taxonomy":"category","embeddable":true,"href":"https:\/\/noticiasemdestaque.com\/cd\/index.php?rest_route=%2Fwp%2Fv2%2Fcategories&post=1216"},{"taxonomy":"post_tag","embeddable":true,"href":"https:\/\/noticiasemdestaque.com\/cd\/index.php?rest_route=%2Fwp%2Fv2%2Ftags&post=1216"}],"curies":[{"name":"wp","href":"https:\/\/api.w.org\/{rel}","templated":true}]}}