{"id":1212,"date":"2017-07-03T19:10:37","date_gmt":"2017-07-03T22:10:37","guid":{"rendered":"http:\/\/caririemdestaque.com\/cd\/?p=1212"},"modified":"2017-07-03T19:11:11","modified_gmt":"2017-07-03T22:11:11","slug":"onu-alerta-para-o-aumento-da-fome-no-mundo","status":"publish","type":"post","link":"https:\/\/noticiasemdestaque.com\/cd\/?p=1212","title":{"rendered":"ONU alerta para o aumento da fome no mundo"},"content":{"rendered":"<p><a href=\"http:\/\/caririemdestaque.com\/cd\/wp-content\/uploads\/2017\/07\/fome-300x201.jpg\"><img fetchpriority=\"high\" decoding=\"async\" class=\"size-medium wp-image-1213 alignleft\" src=\"http:\/\/caririemdestaque.com\/cd\/wp-content\/uploads\/2017\/07\/fome-300x201-300x201.jpg\" alt=\"\" width=\"300\" height=\"201\" \/><\/a>A Organiza\u00e7\u00e3o das Na\u00e7\u00f5es Unidas para Agricultura e Alimenta\u00e7\u00e3o (FAO), fez um alerta hoje (3) na abertura de sua 40\u00aa. Confer\u00eancia, em Roma, sobre o preocupante aumento do n\u00famero de pessoas com fome no mundo desde 2015, amea\u00e7ando v\u00e1rios anos de progresso na \u00e1rea. A FAO ainda n\u00e3o pode precisar o n\u00famero exato deste acr\u00e9scimo, mas indica que ter\u00e1 os resultados em setembro. A informa\u00e7\u00e3o \u00e9 da ONU News.<\/p>\n<p>Em seu discurso na abertura da confer\u00eancia, nesta segunda-feira, o diretor-geral da ag\u00eancia das Na\u00e7\u00f5es Unidas, o brasileiro Jos\u00e9 Graziano da Silva, disse que quase 60% das pessoas que passam fome no mundo vivem em \u00e1reas de conflitos e afetadas por mudan\u00e7as clim\u00e1ticas.<\/p>\n<p>Graziano contou que os 19 pa\u00edses em situa\u00e7\u00e3o de crise quase sempre enfrentam tamb\u00e9m problemas com secas e\/ou cheias. A FAO destacou o alto risco de fome no nordeste da Nig\u00e9ria, na Som\u00e1lia, no Sud\u00e3o do Sul e no I\u00eamen, com quase 20 milh\u00f5es de pessoas severamente afetadas no total.<\/p>\n<p>O diretor-geral da ag\u00eancia da ONU informou que os meios de subsist\u00eancia da maioria das pessoas que vive em zonas rurais foram interrompidos e muitos ficaram sem qualquer op\u00e7\u00e3o a n\u00e3o ser migrar por causa da crise.<\/p>\n<p>Segundo Graziano, o compromisso internacional para acabar com a fome \u00e9 fundamental, mas a quest\u00e3o s\u00f3 ser\u00e1 realmente resolvida quando governos transformarem as promessas em a\u00e7\u00f5es concretas em n\u00edveis local, regional e nacional. Ele afirmou que a paz \u00e9 vital para acabar com a crise, mas quem tem fome n\u00e3o pode esperar a chegada da paz.<\/p>\n<p>O primeiro-ministro da It\u00e1lia, Paolo Gentiloni, afirmou no evento que a iniciativa de Fome Zero da ONU \u00e9 uma forma de se atingir a paz, a justi\u00e7a, a igualdade e preservar o mundo para o futuro.<\/p>\n<p>Na abertura do encontro, discursaram tamb\u00e9m o chefe do Programa Mundial de Alimentos (PMA), David Beasley, e o novo administrador do Programa das Na\u00e7\u00f5es Unidas para o Desenvolvimento (Pnud), Achim Steiner.<\/p>\n<p>A 40\u00aa. Confer\u00eancia da Organiza\u00e7\u00e3o das Na\u00e7\u00f5es Unidas para Agricultura e Alimenta\u00e7\u00e3o deve terminar no pr\u00f3ximo s\u00e1bado, 8 de julho. Cerca de 1,1 mil pessoas est\u00e3o em Roma participando do evento, que aprovar\u00e1 tamb\u00e9m o novo or\u00e7amento da ag\u00eancia.<\/p>\n<p>Fonte: Da ONU News<\/p>\n","protected":false},"excerpt":{"rendered":"<p>A Organiza\u00e7\u00e3o das Na\u00e7\u00f5es Unidas para Agricultura e Alimenta\u00e7\u00e3o (FAO), fez um alerta hoje (3) na abertura de sua 40\u00aa. Confer\u00eancia, em Roma, sobre o preocupante aumento do n\u00famero de pessoas com fome no mundo desde 2015, amea\u00e7ando v\u00e1rios anos de progresso na \u00e1rea. A FAO ainda n\u00e3o pode precisar o n\u00famero exato deste acr\u00e9scimo, mas indica que ter\u00e1 os resultados em setembro. A informa\u00e7\u00e3o \u00e9 da ONU News. Em seu discurso na abertura da confer\u00eancia, nesta segunda-feira, o diretor-geral da ag\u00eancia das Na\u00e7\u00f5es Unidas, o brasileiro Jos\u00e9 Graziano da Silva, disse que quase 60% das pessoas que passam fome no mundo vivem em \u00e1reas de conflitos e afetadas por mudan\u00e7as clim\u00e1ticas. Graziano contou que os 19 pa\u00edses em situa\u00e7\u00e3o de crise quase sempre enfrentam tamb\u00e9m problemas com secas e\/ou cheias. A FAO destacou o alto risco de fome no nordeste da Nig\u00e9ria, na Som\u00e1lia, no Sud\u00e3o do Sul e no I\u00eamen, com quase 20 milh\u00f5es de pessoas severamente afetadas no total. O diretor-geral da ag\u00eancia da ONU informou que os meios de subsist\u00eancia da maioria das pessoas que vive em zonas rurais foram interrompidos e muitos ficaram sem qualquer op\u00e7\u00e3o a n\u00e3o ser migrar por causa da crise. Segundo Graziano, o compromisso internacional para acabar com a fome \u00e9 fundamental, mas a quest\u00e3o s\u00f3 ser\u00e1 realmente resolvida quando governos transformarem as promessas em a\u00e7\u00f5es concretas em n\u00edveis local, regional e nacional. Ele afirmou que a paz \u00e9 vital para acabar com a crise, mas quem tem fome n\u00e3o pode esperar a chegada da paz. O primeiro-ministro da It\u00e1lia, Paolo Gentiloni, afirmou no evento que a iniciativa de Fome Zero da ONU \u00e9 uma forma de se atingir a paz, a justi\u00e7a, a igualdade e preservar o mundo para o futuro. Na abertura do encontro, discursaram tamb\u00e9m o chefe do Programa Mundial de Alimentos (PMA), David Beasley, e o novo administrador do Programa das Na\u00e7\u00f5es Unidas para o Desenvolvimento (Pnud), Achim Steiner. A 40\u00aa. Confer\u00eancia da Organiza\u00e7\u00e3o das Na\u00e7\u00f5es Unidas para Agricultura e Alimenta\u00e7\u00e3o deve terminar no pr\u00f3ximo s\u00e1bado, 8 de julho. Cerca de 1,1 mil pessoas est\u00e3o em Roma participando do evento, que aprovar\u00e1 tamb\u00e9m o novo or\u00e7amento da ag\u00eancia. Fonte: Da ONU News<\/p>\n","protected":false},"author":2,"featured_media":1213,"comment_status":"closed","ping_status":"open","sticky":false,"template":"","format":"standard","meta":{"_eb_attr":"","_jetpack_memberships_contains_paid_content":false,"footnotes":""},"categories":[8],"tags":[],"class_list":["post-1212","post","type-post","status-publish","format-standard","has-post-thumbnail","hentry","category-saude"],"yoast_head":"<!-- This site is optimized with the Yoast SEO plugin v26.5 - https:\/\/yoast.com\/wordpress\/plugins\/seo\/ -->\n<title>ONU alerta para o aumento da fome no mundo - Not&iacute;cias em Destaque<\/title>\n<meta name=\"robots\" content=\"index, follow, max-snippet:-1, max-image-preview:large, max-video-preview:-1\" \/>\n<link rel=\"canonical\" href=\"https:\/\/noticiasemdestaque.com\/cd\/?p=1212\" \/>\n<meta property=\"og:locale\" content=\"pt_BR\" \/>\n<meta property=\"og:type\" content=\"article\" \/>\n<meta property=\"og:title\" content=\"ONU alerta para o aumento da fome no mundo - Not&iacute;cias em Destaque\" \/>\n<meta property=\"og:description\" content=\"A Organiza\u00e7\u00e3o das Na\u00e7\u00f5es Unidas para Agricultura e Alimenta\u00e7\u00e3o (FAO), fez um alerta hoje (3) na abertura de sua 40\u00aa. Confer\u00eancia, em Roma, sobre o preocupante aumento do n\u00famero de pessoas com fome no mundo desde 2015, amea\u00e7ando v\u00e1rios anos de progresso na \u00e1rea. A FAO ainda n\u00e3o pode precisar o n\u00famero exato deste acr\u00e9scimo, mas indica que ter\u00e1 os resultados em setembro. A informa\u00e7\u00e3o \u00e9 da ONU News. Em seu discurso na abertura da confer\u00eancia, nesta segunda-feira, o diretor-geral da ag\u00eancia das Na\u00e7\u00f5es Unidas, o brasileiro Jos\u00e9 Graziano da Silva, disse que quase 60% das pessoas que passam fome no mundo vivem em \u00e1reas de conflitos e afetadas por mudan\u00e7as clim\u00e1ticas. Graziano contou que os 19 pa\u00edses em situa\u00e7\u00e3o de crise quase sempre enfrentam tamb\u00e9m problemas com secas e\/ou cheias. A FAO destacou o alto risco de fome no nordeste da Nig\u00e9ria, na Som\u00e1lia, no Sud\u00e3o do Sul e no I\u00eamen, com quase 20 milh\u00f5es de pessoas severamente afetadas no total. O diretor-geral da ag\u00eancia da ONU informou que os meios de subsist\u00eancia da maioria das pessoas que vive em zonas rurais foram interrompidos e muitos ficaram sem qualquer op\u00e7\u00e3o a n\u00e3o ser migrar por causa da crise. Segundo Graziano, o compromisso internacional para acabar com a fome \u00e9 fundamental, mas a quest\u00e3o s\u00f3 ser\u00e1 realmente resolvida quando governos transformarem as promessas em a\u00e7\u00f5es concretas em n\u00edveis local, regional e nacional. Ele afirmou que a paz \u00e9 vital para acabar com a crise, mas quem tem fome n\u00e3o pode esperar a chegada da paz. O primeiro-ministro da It\u00e1lia, Paolo Gentiloni, afirmou no evento que a iniciativa de Fome Zero da ONU \u00e9 uma forma de se atingir a paz, a justi\u00e7a, a igualdade e preservar o mundo para o futuro. Na abertura do encontro, discursaram tamb\u00e9m o chefe do Programa Mundial de Alimentos (PMA), David Beasley, e o novo administrador do Programa das Na\u00e7\u00f5es Unidas para o Desenvolvimento (Pnud), Achim Steiner. A 40\u00aa. Confer\u00eancia da Organiza\u00e7\u00e3o das Na\u00e7\u00f5es Unidas para Agricultura e Alimenta\u00e7\u00e3o deve terminar no pr\u00f3ximo s\u00e1bado, 8 de julho. Cerca de 1,1 mil pessoas est\u00e3o em Roma participando do evento, que aprovar\u00e1 tamb\u00e9m o novo or\u00e7amento da ag\u00eancia. Fonte: Da ONU News\" \/>\n<meta property=\"og:url\" content=\"https:\/\/noticiasemdestaque.com\/cd\/?p=1212\" \/>\n<meta property=\"og:site_name\" content=\"Not&iacute;cias em Destaque\" \/>\n<meta property=\"article:published_time\" content=\"2017-07-03T22:10:37+00:00\" \/>\n<meta property=\"article:modified_time\" content=\"2017-07-03T22:11:11+00:00\" \/>\n<meta property=\"og:image\" content=\"https:\/\/noticiasemdestaque.com\/cd\/wp-content\/uploads\/2017\/07\/fome-300x201.jpg\" \/>\n\t<meta property=\"og:image:width\" content=\"300\" \/>\n\t<meta property=\"og:image:height\" content=\"201\" \/>\n\t<meta property=\"og:image:type\" content=\"image\/jpeg\" \/>\n<meta name=\"author\" content=\"Not\u00edcias em Destaque\" \/>\n<meta name=\"twitter:card\" content=\"summary_large_image\" \/>\n<meta name=\"twitter:label1\" content=\"Escrito por\" \/>\n\t<meta name=\"twitter:data1\" content=\"Not\u00edcias em Destaque\" \/>\n\t<meta name=\"twitter:label2\" content=\"Est. tempo de leitura\" \/>\n\t<meta name=\"twitter:data2\" content=\"2 minutos\" \/>\n<script type=\"application\/ld+json\" class=\"yoast-schema-graph\">{\"@context\":\"https:\/\/schema.org\",\"@graph\":[{\"@type\":\"Article\",\"@id\":\"https:\/\/noticiasemdestaque.com\/cd\/?p=1212#article\",\"isPartOf\":{\"@id\":\"https:\/\/noticiasemdestaque.com\/cd\/?p=1212\"},\"author\":{\"name\":\"Not\u00edcias em Destaque\",\"@id\":\"https:\/\/noticiasemdestaque.com\/cd\/#\/schema\/person\/47f7d4f55eec17c6b2ca036c5500f6ce\"},\"headline\":\"ONU alerta para o aumento da fome no mundo\",\"datePublished\":\"2017-07-03T22:10:37+00:00\",\"dateModified\":\"2017-07-03T22:11:11+00:00\",\"mainEntityOfPage\":{\"@id\":\"https:\/\/noticiasemdestaque.com\/cd\/?p=1212\"},\"wordCount\":408,\"publisher\":{\"@id\":\"https:\/\/noticiasemdestaque.com\/cd\/#organization\"},\"image\":{\"@id\":\"https:\/\/noticiasemdestaque.com\/cd\/?p=1212#primaryimage\"},\"thumbnailUrl\":\"https:\/\/noticiasemdestaque.com\/cd\/wp-content\/uploads\/2017\/07\/fome-300x201.jpg\",\"articleSection\":[\"Sa\u00fade\"],\"inLanguage\":\"pt-BR\"},{\"@type\":\"WebPage\",\"@id\":\"https:\/\/noticiasemdestaque.com\/cd\/?p=1212\",\"url\":\"https:\/\/noticiasemdestaque.com\/cd\/?p=1212\",\"name\":\"ONU alerta para o aumento da fome no mundo - Not&iacute;cias em Destaque\",\"isPartOf\":{\"@id\":\"https:\/\/noticiasemdestaque.com\/cd\/#website\"},\"primaryImageOfPage\":{\"@id\":\"https:\/\/noticiasemdestaque.com\/cd\/?p=1212#primaryimage\"},\"image\":{\"@id\":\"https:\/\/noticiasemdestaque.com\/cd\/?p=1212#primaryimage\"},\"thumbnailUrl\":\"https:\/\/noticiasemdestaque.com\/cd\/wp-content\/uploads\/2017\/07\/fome-300x201.jpg\",\"datePublished\":\"2017-07-03T22:10:37+00:00\",\"dateModified\":\"2017-07-03T22:11:11+00:00\",\"breadcrumb\":{\"@id\":\"https:\/\/noticiasemdestaque.com\/cd\/?p=1212#breadcrumb\"},\"inLanguage\":\"pt-BR\",\"potentialAction\":[{\"@type\":\"ReadAction\",\"target\":[\"https:\/\/noticiasemdestaque.com\/cd\/?p=1212\"]}]},{\"@type\":\"ImageObject\",\"inLanguage\":\"pt-BR\",\"@id\":\"https:\/\/noticiasemdestaque.com\/cd\/?p=1212#primaryimage\",\"url\":\"https:\/\/noticiasemdestaque.com\/cd\/wp-content\/uploads\/2017\/07\/fome-300x201.jpg\",\"contentUrl\":\"https:\/\/noticiasemdestaque.com\/cd\/wp-content\/uploads\/2017\/07\/fome-300x201.jpg\",\"width\":300,\"height\":201},{\"@type\":\"BreadcrumbList\",\"@id\":\"https:\/\/noticiasemdestaque.com\/cd\/?p=1212#breadcrumb\",\"itemListElement\":[{\"@type\":\"ListItem\",\"position\":1,\"name\":\"In\u00edcio\",\"item\":\"https:\/\/noticiasemdestaque.com\/cd\/\"},{\"@type\":\"ListItem\",\"position\":2,\"name\":\"ONU alerta para o aumento da fome no mundo\"}]},{\"@type\":\"WebSite\",\"@id\":\"https:\/\/noticiasemdestaque.com\/cd\/#website\",\"url\":\"https:\/\/noticiasemdestaque.com\/cd\/\",\"name\":\"Not&iacute;cias em Destaque\",\"description\":\"\",\"publisher\":{\"@id\":\"https:\/\/noticiasemdestaque.com\/cd\/#organization\"},\"potentialAction\":[{\"@type\":\"SearchAction\",\"target\":{\"@type\":\"EntryPoint\",\"urlTemplate\":\"https:\/\/noticiasemdestaque.com\/cd\/?s={search_term_string}\"},\"query-input\":{\"@type\":\"PropertyValueSpecification\",\"valueRequired\":true,\"valueName\":\"search_term_string\"}}],\"inLanguage\":\"pt-BR\"},{\"@type\":\"Organization\",\"@id\":\"https:\/\/noticiasemdestaque.com\/cd\/#organization\",\"name\":\"Not\u00edcias em Destaque\",\"url\":\"https:\/\/noticiasemdestaque.com\/cd\/\",\"logo\":{\"@type\":\"ImageObject\",\"inLanguage\":\"pt-BR\",\"@id\":\"https:\/\/noticiasemdestaque.com\/cd\/#\/schema\/logo\/image\/\",\"url\":\"https:\/\/noticiasemdestaque.com\/cd\/wp-content\/uploads\/2022\/05\/imagem-base-noticiasemdestaque.png\",\"contentUrl\":\"https:\/\/noticiasemdestaque.com\/cd\/wp-content\/uploads\/2022\/05\/imagem-base-noticiasemdestaque.png\",\"width\":1200,\"height\":630,\"caption\":\"Not\u00edcias em Destaque\"},\"image\":{\"@id\":\"https:\/\/noticiasemdestaque.com\/cd\/#\/schema\/logo\/image\/\"}},{\"@type\":\"Person\",\"@id\":\"https:\/\/noticiasemdestaque.com\/cd\/#\/schema\/person\/47f7d4f55eec17c6b2ca036c5500f6ce\",\"name\":\"Not\u00edcias em Destaque\",\"url\":\"https:\/\/noticiasemdestaque.com\/cd\/?author=2\"}]}<\/script>\n<!-- \/ Yoast SEO plugin. -->","yoast_head_json":{"title":"ONU alerta para o aumento da fome no mundo - Not&iacute;cias em Destaque","robots":{"index":"index","follow":"follow","max-snippet":"max-snippet:-1","max-image-preview":"max-image-preview:large","max-video-preview":"max-video-preview:-1"},"canonical":"https:\/\/noticiasemdestaque.com\/cd\/?p=1212","og_locale":"pt_BR","og_type":"article","og_title":"ONU alerta para o aumento da fome no mundo - Not&iacute;cias em Destaque","og_description":"A Organiza\u00e7\u00e3o das Na\u00e7\u00f5es Unidas para Agricultura e Alimenta\u00e7\u00e3o (FAO), fez um alerta hoje (3) na abertura de sua 40\u00aa. Confer\u00eancia, em Roma, sobre o preocupante aumento do n\u00famero de pessoas com fome no mundo desde 2015, amea\u00e7ando v\u00e1rios anos de progresso na \u00e1rea. A FAO ainda n\u00e3o pode precisar o n\u00famero exato deste acr\u00e9scimo, mas indica que ter\u00e1 os resultados em setembro. A informa\u00e7\u00e3o \u00e9 da ONU News. Em seu discurso na abertura da confer\u00eancia, nesta segunda-feira, o diretor-geral da ag\u00eancia das Na\u00e7\u00f5es Unidas, o brasileiro Jos\u00e9 Graziano da Silva, disse que quase 60% das pessoas que passam fome no mundo vivem em \u00e1reas de conflitos e afetadas por mudan\u00e7as clim\u00e1ticas. Graziano contou que os 19 pa\u00edses em situa\u00e7\u00e3o de crise quase sempre enfrentam tamb\u00e9m problemas com secas e\/ou cheias. A FAO destacou o alto risco de fome no nordeste da Nig\u00e9ria, na Som\u00e1lia, no Sud\u00e3o do Sul e no I\u00eamen, com quase 20 milh\u00f5es de pessoas severamente afetadas no total. O diretor-geral da ag\u00eancia da ONU informou que os meios de subsist\u00eancia da maioria das pessoas que vive em zonas rurais foram interrompidos e muitos ficaram sem qualquer op\u00e7\u00e3o a n\u00e3o ser migrar por causa da crise. Segundo Graziano, o compromisso internacional para acabar com a fome \u00e9 fundamental, mas a quest\u00e3o s\u00f3 ser\u00e1 realmente resolvida quando governos transformarem as promessas em a\u00e7\u00f5es concretas em n\u00edveis local, regional e nacional. Ele afirmou que a paz \u00e9 vital para acabar com a crise, mas quem tem fome n\u00e3o pode esperar a chegada da paz. O primeiro-ministro da It\u00e1lia, Paolo Gentiloni, afirmou no evento que a iniciativa de Fome Zero da ONU \u00e9 uma forma de se atingir a paz, a justi\u00e7a, a igualdade e preservar o mundo para o futuro. Na abertura do encontro, discursaram tamb\u00e9m o chefe do Programa Mundial de Alimentos (PMA), David Beasley, e o novo administrador do Programa das Na\u00e7\u00f5es Unidas para o Desenvolvimento (Pnud), Achim Steiner. A 40\u00aa. Confer\u00eancia da Organiza\u00e7\u00e3o das Na\u00e7\u00f5es Unidas para Agricultura e Alimenta\u00e7\u00e3o deve terminar no pr\u00f3ximo s\u00e1bado, 8 de julho. Cerca de 1,1 mil pessoas est\u00e3o em Roma participando do evento, que aprovar\u00e1 tamb\u00e9m o novo or\u00e7amento da ag\u00eancia. Fonte: Da ONU News","og_url":"https:\/\/noticiasemdestaque.com\/cd\/?p=1212","og_site_name":"Not&iacute;cias em Destaque","article_published_time":"2017-07-03T22:10:37+00:00","article_modified_time":"2017-07-03T22:11:11+00:00","og_image":[{"width":300,"height":201,"url":"https:\/\/noticiasemdestaque.com\/cd\/wp-content\/uploads\/2017\/07\/fome-300x201.jpg","type":"image\/jpeg"}],"author":"Not\u00edcias em Destaque","twitter_card":"summary_large_image","twitter_misc":{"Escrito por":"Not\u00edcias em Destaque","Est. tempo de leitura":"2 minutos"},"schema":{"@context":"https:\/\/schema.org","@graph":[{"@type":"Article","@id":"https:\/\/noticiasemdestaque.com\/cd\/?p=1212#article","isPartOf":{"@id":"https:\/\/noticiasemdestaque.com\/cd\/?p=1212"},"author":{"name":"Not\u00edcias em Destaque","@id":"https:\/\/noticiasemdestaque.com\/cd\/#\/schema\/person\/47f7d4f55eec17c6b2ca036c5500f6ce"},"headline":"ONU alerta para o aumento da fome no mundo","datePublished":"2017-07-03T22:10:37+00:00","dateModified":"2017-07-03T22:11:11+00:00","mainEntityOfPage":{"@id":"https:\/\/noticiasemdestaque.com\/cd\/?p=1212"},"wordCount":408,"publisher":{"@id":"https:\/\/noticiasemdestaque.com\/cd\/#organization"},"image":{"@id":"https:\/\/noticiasemdestaque.com\/cd\/?p=1212#primaryimage"},"thumbnailUrl":"https:\/\/noticiasemdestaque.com\/cd\/wp-content\/uploads\/2017\/07\/fome-300x201.jpg","articleSection":["Sa\u00fade"],"inLanguage":"pt-BR"},{"@type":"WebPage","@id":"https:\/\/noticiasemdestaque.com\/cd\/?p=1212","url":"https:\/\/noticiasemdestaque.com\/cd\/?p=1212","name":"ONU alerta para o aumento da fome no mundo - Not&iacute;cias em Destaque","isPartOf":{"@id":"https:\/\/noticiasemdestaque.com\/cd\/#website"},"primaryImageOfPage":{"@id":"https:\/\/noticiasemdestaque.com\/cd\/?p=1212#primaryimage"},"image":{"@id":"https:\/\/noticiasemdestaque.com\/cd\/?p=1212#primaryimage"},"thumbnailUrl":"https:\/\/noticiasemdestaque.com\/cd\/wp-content\/uploads\/2017\/07\/fome-300x201.jpg","datePublished":"2017-07-03T22:10:37+00:00","dateModified":"2017-07-03T22:11:11+00:00","breadcrumb":{"@id":"https:\/\/noticiasemdestaque.com\/cd\/?p=1212#breadcrumb"},"inLanguage":"pt-BR","potentialAction":[{"@type":"ReadAction","target":["https:\/\/noticiasemdestaque.com\/cd\/?p=1212"]}]},{"@type":"ImageObject","inLanguage":"pt-BR","@id":"https:\/\/noticiasemdestaque.com\/cd\/?p=1212#primaryimage","url":"https:\/\/noticiasemdestaque.com\/cd\/wp-content\/uploads\/2017\/07\/fome-300x201.jpg","contentUrl":"https:\/\/noticiasemdestaque.com\/cd\/wp-content\/uploads\/2017\/07\/fome-300x201.jpg","width":300,"height":201},{"@type":"BreadcrumbList","@id":"https:\/\/noticiasemdestaque.com\/cd\/?p=1212#breadcrumb","itemListElement":[{"@type":"ListItem","position":1,"name":"In\u00edcio","item":"https:\/\/noticiasemdestaque.com\/cd\/"},{"@type":"ListItem","position":2,"name":"ONU alerta para o aumento da fome no mundo"}]},{"@type":"WebSite","@id":"https:\/\/noticiasemdestaque.com\/cd\/#website","url":"https:\/\/noticiasemdestaque.com\/cd\/","name":"Not&iacute;cias em Destaque","description":"","publisher":{"@id":"https:\/\/noticiasemdestaque.com\/cd\/#organization"},"potentialAction":[{"@type":"SearchAction","target":{"@type":"EntryPoint","urlTemplate":"https:\/\/noticiasemdestaque.com\/cd\/?s={search_term_string}"},"query-input":{"@type":"PropertyValueSpecification","valueRequired":true,"valueName":"search_term_string"}}],"inLanguage":"pt-BR"},{"@type":"Organization","@id":"https:\/\/noticiasemdestaque.com\/cd\/#organization","name":"Not\u00edcias em Destaque","url":"https:\/\/noticiasemdestaque.com\/cd\/","logo":{"@type":"ImageObject","inLanguage":"pt-BR","@id":"https:\/\/noticiasemdestaque.com\/cd\/#\/schema\/logo\/image\/","url":"https:\/\/noticiasemdestaque.com\/cd\/wp-content\/uploads\/2022\/05\/imagem-base-noticiasemdestaque.png","contentUrl":"https:\/\/noticiasemdestaque.com\/cd\/wp-content\/uploads\/2022\/05\/imagem-base-noticiasemdestaque.png","width":1200,"height":630,"caption":"Not\u00edcias em Destaque"},"image":{"@id":"https:\/\/noticiasemdestaque.com\/cd\/#\/schema\/logo\/image\/"}},{"@type":"Person","@id":"https:\/\/noticiasemdestaque.com\/cd\/#\/schema\/person\/47f7d4f55eec17c6b2ca036c5500f6ce","name":"Not\u00edcias em Destaque","url":"https:\/\/noticiasemdestaque.com\/cd\/?author=2"}]}},"jetpack_featured_media_url":"https:\/\/noticiasemdestaque.com\/cd\/wp-content\/uploads\/2017\/07\/fome-300x201.jpg","jetpack_sharing_enabled":true,"_links":{"self":[{"href":"https:\/\/noticiasemdestaque.com\/cd\/index.php?rest_route=\/wp\/v2\/posts\/1212","targetHints":{"allow":["GET"]}}],"collection":[{"href":"https:\/\/noticiasemdestaque.com\/cd\/index.php?rest_route=\/wp\/v2\/posts"}],"about":[{"href":"https:\/\/noticiasemdestaque.com\/cd\/index.php?rest_route=\/wp\/v2\/types\/post"}],"author":[{"embeddable":true,"href":"https:\/\/noticiasemdestaque.com\/cd\/index.php?rest_route=\/wp\/v2\/users\/2"}],"replies":[{"embeddable":true,"href":"https:\/\/noticiasemdestaque.com\/cd\/index.php?rest_route=%2Fwp%2Fv2%2Fcomments&post=1212"}],"version-history":[{"count":2,"href":"https:\/\/noticiasemdestaque.com\/cd\/index.php?rest_route=\/wp\/v2\/posts\/1212\/revisions"}],"predecessor-version":[{"id":1215,"href":"https:\/\/noticiasemdestaque.com\/cd\/index.php?rest_route=\/wp\/v2\/posts\/1212\/revisions\/1215"}],"wp:featuredmedia":[{"embeddable":true,"href":"https:\/\/noticiasemdestaque.com\/cd\/index.php?rest_route=\/wp\/v2\/media\/1213"}],"wp:attachment":[{"href":"https:\/\/noticiasemdestaque.com\/cd\/index.php?rest_route=%2Fwp%2Fv2%2Fmedia&parent=1212"}],"wp:term":[{"taxonomy":"category","embeddable":true,"href":"https:\/\/noticiasemdestaque.com\/cd\/index.php?rest_route=%2Fwp%2Fv2%2Fcategories&post=1212"},{"taxonomy":"post_tag","embeddable":true,"href":"https:\/\/noticiasemdestaque.com\/cd\/index.php?rest_route=%2Fwp%2Fv2%2Ftags&post=1212"}],"curies":[{"name":"wp","href":"https:\/\/api.w.org\/{rel}","templated":true}]}}