{"id":12035,"date":"2018-08-10T20:22:43","date_gmt":"2018-08-10T23:22:43","guid":{"rendered":"http:\/\/caririemdestaque.com\/cd\/?p=12035"},"modified":"2018-08-10T20:23:01","modified_gmt":"2018-08-10T23:23:01","slug":"confirmado-devinho-novaes-sera-atracao-do-festival-do-mel-2018-em-sao-jose-dos-cordeiros","status":"publish","type":"post","link":"https:\/\/noticiasemdestaque.com\/cd\/?p=12035","title":{"rendered":"Confirmado: \u00a0Devinho Novaes ser\u00e1 atra\u00e7\u00e3o do Festival do Mel 2018 em S\u00e3o Jos\u00e9 dos Cordeiros"},"content":{"rendered":"<p><a href=\"http:\/\/caririemdestaque.com\/cd\/wp-content\/uploads\/2018\/08\/38880892_2042498112448867_411335288590172160_n.jpg\"><img fetchpriority=\"high\" decoding=\"async\" class=\"size-full wp-image-12036 aligncenter\" src=\"http:\/\/caririemdestaque.com\/cd\/wp-content\/uploads\/2018\/08\/38880892_2042498112448867_411335288590172160_n.jpg\" alt=\"\" width=\"778\" height=\"960\" srcset=\"https:\/\/noticiasemdestaque.com\/cd\/wp-content\/uploads\/2018\/08\/38880892_2042498112448867_411335288590172160_n.jpg 778w, https:\/\/noticiasemdestaque.com\/cd\/wp-content\/uploads\/2018\/08\/38880892_2042498112448867_411335288590172160_n-243x300.jpg 243w, https:\/\/noticiasemdestaque.com\/cd\/wp-content\/uploads\/2018\/08\/38880892_2042498112448867_411335288590172160_n-768x948.jpg 768w\" sizes=\"(max-width: 778px) 100vw, 778px\" \/><\/a><\/p>\n<p>A Prefeitura de S\u00e3o Jos\u00e9 dos Cordeiros confirmou nesta sexta-feira (10\/08), o show de \u201cDevinho Novaes\u201d na X edi\u00e7\u00e3o da Festa do Mel 2018. O evento ser\u00e1 realizado nos dias 21, 22 e 23 de setembro.<\/p>\n<p><strong>TRAJET\u00d3RIA: <\/strong><\/p>\n<p>O sucesso de Devinho Novaes come\u00e7ou no primeiro semestre do ano com a m\u00fasica \u201cOi\u201d. No Brasil, a fama do cantor cresceu ap\u00f3s participar do programa Hora do Faro, da Rede Record, e de lan\u00e7ar o novo clipe \u201cAl\u00f4 Dono do Bar\u201d ao lado\u00a0de Wesley Safad\u00e3o, que j\u00e1 alcan\u00e7a mais de 16 milh\u00f5es de visualiza\u00e7\u00f5es no Youtube.<\/p>\n<p><strong>M\u00c1RCIA FELIPE: <\/strong><\/p>\n<p>Anteriormente a Prefeitura de S\u00e3o Jos\u00e9 dos Cordeiros j\u00e1 havia anunciado que a fenomenal M\u00e1rcia Fellipe tamb\u00e9m estar\u00e1 na X edi\u00e7\u00e3o do Festival do Mel.<\/p>\n<p><strong><em>Cariri em Destaque<\/em><\/strong><\/p>\n<p>&nbsp;<\/p>\n","protected":false},"excerpt":{"rendered":"<p>A Prefeitura de S\u00e3o Jos\u00e9 dos Cordeiros confirmou nesta sexta-feira (10\/08), o show de \u201cDevinho Novaes\u201d na X edi\u00e7\u00e3o da Festa do Mel 2018. O evento ser\u00e1 realizado nos dias 21, 22 e 23 de setembro. TRAJET\u00d3RIA: O sucesso de Devinho Novaes come\u00e7ou no primeiro semestre do ano com a m\u00fasica \u201cOi\u201d. No Brasil, a fama do cantor cresceu ap\u00f3s participar do programa Hora do Faro, da Rede Record, e de lan\u00e7ar o novo clipe \u201cAl\u00f4 Dono do Bar\u201d ao lado\u00a0de Wesley Safad\u00e3o, que j\u00e1 alcan\u00e7a mais de 16 milh\u00f5es de visualiza\u00e7\u00f5es no Youtube. M\u00c1RCIA FELIPE: Anteriormente a Prefeitura de S\u00e3o Jos\u00e9 dos Cordeiros j\u00e1 havia anunciado que a fenomenal M\u00e1rcia Fellipe tamb\u00e9m estar\u00e1 na X edi\u00e7\u00e3o do Festival do Mel. Cariri em Destaque &nbsp;<\/p>\n","protected":false},"author":2,"featured_media":12036,"comment_status":"closed","ping_status":"open","sticky":false,"template":"","format":"standard","meta":{"_eb_attr":"","_jetpack_memberships_contains_paid_content":false,"footnotes":""},"categories":[4],"tags":[],"class_list":["post-12035","post","type-post","status-publish","format-standard","has-post-thumbnail","hentry","category-politica"],"yoast_head":"<!-- This site is optimized with the Yoast SEO plugin v26.5 - https:\/\/yoast.com\/wordpress\/plugins\/seo\/ -->\n<title>Confirmado: \u00a0Devinho Novaes ser\u00e1 atra\u00e7\u00e3o do Festival do Mel 2018 em S\u00e3o Jos\u00e9 dos Cordeiros - Not&iacute;cias em Destaque<\/title>\n<meta name=\"robots\" content=\"index, follow, max-snippet:-1, max-image-preview:large, max-video-preview:-1\" \/>\n<link rel=\"canonical\" href=\"https:\/\/noticiasemdestaque.com\/cd\/?p=12035\" \/>\n<meta property=\"og:locale\" content=\"pt_BR\" \/>\n<meta property=\"og:type\" content=\"article\" \/>\n<meta property=\"og:title\" content=\"Confirmado: \u00a0Devinho Novaes ser\u00e1 atra\u00e7\u00e3o do Festival do Mel 2018 em S\u00e3o Jos\u00e9 dos Cordeiros - Not&iacute;cias em Destaque\" \/>\n<meta property=\"og:description\" content=\"A Prefeitura de S\u00e3o Jos\u00e9 dos Cordeiros confirmou nesta sexta-feira (10\/08), o show de \u201cDevinho Novaes\u201d na X edi\u00e7\u00e3o da Festa do Mel 2018. O evento ser\u00e1 realizado nos dias 21, 22 e 23 de setembro. TRAJET\u00d3RIA: O sucesso de Devinho Novaes come\u00e7ou no primeiro semestre do ano com a m\u00fasica \u201cOi\u201d. No Brasil, a fama do cantor cresceu ap\u00f3s participar do programa Hora do Faro, da Rede Record, e de lan\u00e7ar o novo clipe \u201cAl\u00f4 Dono do Bar\u201d ao lado\u00a0de Wesley Safad\u00e3o, que j\u00e1 alcan\u00e7a mais de 16 milh\u00f5es de visualiza\u00e7\u00f5es no Youtube. M\u00c1RCIA FELIPE: Anteriormente a Prefeitura de S\u00e3o Jos\u00e9 dos Cordeiros j\u00e1 havia anunciado que a fenomenal M\u00e1rcia Fellipe tamb\u00e9m estar\u00e1 na X edi\u00e7\u00e3o do Festival do Mel. Cariri em Destaque &nbsp;\" \/>\n<meta property=\"og:url\" content=\"https:\/\/noticiasemdestaque.com\/cd\/?p=12035\" \/>\n<meta property=\"og:site_name\" content=\"Not&iacute;cias em Destaque\" \/>\n<meta property=\"article:published_time\" content=\"2018-08-10T23:22:43+00:00\" \/>\n<meta property=\"article:modified_time\" content=\"2018-08-10T23:23:01+00:00\" \/>\n<meta property=\"og:image\" content=\"https:\/\/noticiasemdestaque.com\/cd\/wp-content\/uploads\/2018\/08\/38880892_2042498112448867_411335288590172160_n.jpg\" \/>\n\t<meta property=\"og:image:width\" content=\"778\" \/>\n\t<meta property=\"og:image:height\" content=\"960\" \/>\n\t<meta property=\"og:image:type\" content=\"image\/jpeg\" \/>\n<meta name=\"author\" content=\"Not\u00edcias em Destaque\" \/>\n<meta name=\"twitter:card\" content=\"summary_large_image\" \/>\n<meta name=\"twitter:label1\" content=\"Escrito por\" \/>\n\t<meta name=\"twitter:data1\" content=\"Not\u00edcias em Destaque\" \/>\n\t<meta name=\"twitter:label2\" content=\"Est. tempo de leitura\" \/>\n\t<meta name=\"twitter:data2\" content=\"1 minuto\" \/>\n<script type=\"application\/ld+json\" class=\"yoast-schema-graph\">{\"@context\":\"https:\/\/schema.org\",\"@graph\":[{\"@type\":\"Article\",\"@id\":\"https:\/\/noticiasemdestaque.com\/cd\/?p=12035#article\",\"isPartOf\":{\"@id\":\"https:\/\/noticiasemdestaque.com\/cd\/?p=12035\"},\"author\":{\"name\":\"Not\u00edcias em Destaque\",\"@id\":\"https:\/\/noticiasemdestaque.com\/cd\/#\/schema\/person\/21320b03a7e8bb90128938dafc9b908a\"},\"headline\":\"Confirmado: \u00a0Devinho Novaes ser\u00e1 atra\u00e7\u00e3o do Festival do Mel 2018 em S\u00e3o Jos\u00e9 dos Cordeiros\",\"datePublished\":\"2018-08-10T23:22:43+00:00\",\"dateModified\":\"2018-08-10T23:23:01+00:00\",\"mainEntityOfPage\":{\"@id\":\"https:\/\/noticiasemdestaque.com\/cd\/?p=12035\"},\"wordCount\":152,\"publisher\":{\"@id\":\"https:\/\/noticiasemdestaque.com\/cd\/#organization\"},\"image\":{\"@id\":\"https:\/\/noticiasemdestaque.com\/cd\/?p=12035#primaryimage\"},\"thumbnailUrl\":\"https:\/\/noticiasemdestaque.com\/cd\/wp-content\/uploads\/2018\/08\/38880892_2042498112448867_411335288590172160_n.jpg\",\"articleSection\":[\"Pol\u00edtica\"],\"inLanguage\":\"pt-BR\"},{\"@type\":\"WebPage\",\"@id\":\"https:\/\/noticiasemdestaque.com\/cd\/?p=12035\",\"url\":\"https:\/\/noticiasemdestaque.com\/cd\/?p=12035\",\"name\":\"Confirmado: \u00a0Devinho Novaes ser\u00e1 atra\u00e7\u00e3o do Festival do Mel 2018 em S\u00e3o Jos\u00e9 dos Cordeiros - Not&iacute;cias em Destaque\",\"isPartOf\":{\"@id\":\"https:\/\/noticiasemdestaque.com\/cd\/#website\"},\"primaryImageOfPage\":{\"@id\":\"https:\/\/noticiasemdestaque.com\/cd\/?p=12035#primaryimage\"},\"image\":{\"@id\":\"https:\/\/noticiasemdestaque.com\/cd\/?p=12035#primaryimage\"},\"thumbnailUrl\":\"https:\/\/noticiasemdestaque.com\/cd\/wp-content\/uploads\/2018\/08\/38880892_2042498112448867_411335288590172160_n.jpg\",\"datePublished\":\"2018-08-10T23:22:43+00:00\",\"dateModified\":\"2018-08-10T23:23:01+00:00\",\"breadcrumb\":{\"@id\":\"https:\/\/noticiasemdestaque.com\/cd\/?p=12035#breadcrumb\"},\"inLanguage\":\"pt-BR\",\"potentialAction\":[{\"@type\":\"ReadAction\",\"target\":[\"https:\/\/noticiasemdestaque.com\/cd\/?p=12035\"]}]},{\"@type\":\"ImageObject\",\"inLanguage\":\"pt-BR\",\"@id\":\"https:\/\/noticiasemdestaque.com\/cd\/?p=12035#primaryimage\",\"url\":\"https:\/\/noticiasemdestaque.com\/cd\/wp-content\/uploads\/2018\/08\/38880892_2042498112448867_411335288590172160_n.jpg\",\"contentUrl\":\"https:\/\/noticiasemdestaque.com\/cd\/wp-content\/uploads\/2018\/08\/38880892_2042498112448867_411335288590172160_n.jpg\",\"width\":778,\"height\":960},{\"@type\":\"BreadcrumbList\",\"@id\":\"https:\/\/noticiasemdestaque.com\/cd\/?p=12035#breadcrumb\",\"itemListElement\":[{\"@type\":\"ListItem\",\"position\":1,\"name\":\"In\u00edcio\",\"item\":\"https:\/\/noticiasemdestaque.com\/cd\/\"},{\"@type\":\"ListItem\",\"position\":2,\"name\":\"Confirmado: \u00a0Devinho Novaes ser\u00e1 atra\u00e7\u00e3o do Festival do Mel 2018 em S\u00e3o Jos\u00e9 dos Cordeiros\"}]},{\"@type\":\"WebSite\",\"@id\":\"https:\/\/noticiasemdestaque.com\/cd\/#website\",\"url\":\"https:\/\/noticiasemdestaque.com\/cd\/\",\"name\":\"Not&iacute;cias em Destaque\",\"description\":\"\",\"publisher\":{\"@id\":\"https:\/\/noticiasemdestaque.com\/cd\/#organization\"},\"potentialAction\":[{\"@type\":\"SearchAction\",\"target\":{\"@type\":\"EntryPoint\",\"urlTemplate\":\"https:\/\/noticiasemdestaque.com\/cd\/?s={search_term_string}\"},\"query-input\":{\"@type\":\"PropertyValueSpecification\",\"valueRequired\":true,\"valueName\":\"search_term_string\"}}],\"inLanguage\":\"pt-BR\"},{\"@type\":\"Organization\",\"@id\":\"https:\/\/noticiasemdestaque.com\/cd\/#organization\",\"name\":\"Not\u00edcias em Destaque\",\"url\":\"https:\/\/noticiasemdestaque.com\/cd\/\",\"logo\":{\"@type\":\"ImageObject\",\"inLanguage\":\"pt-BR\",\"@id\":\"https:\/\/noticiasemdestaque.com\/cd\/#\/schema\/logo\/image\/\",\"url\":\"https:\/\/noticiasemdestaque.com\/cd\/wp-content\/uploads\/2022\/05\/imagem-base-noticiasemdestaque.png\",\"contentUrl\":\"https:\/\/noticiasemdestaque.com\/cd\/wp-content\/uploads\/2022\/05\/imagem-base-noticiasemdestaque.png\",\"width\":1200,\"height\":630,\"caption\":\"Not\u00edcias em Destaque\"},\"image\":{\"@id\":\"https:\/\/noticiasemdestaque.com\/cd\/#\/schema\/logo\/image\/\"}},{\"@type\":\"Person\",\"@id\":\"https:\/\/noticiasemdestaque.com\/cd\/#\/schema\/person\/21320b03a7e8bb90128938dafc9b908a\",\"name\":\"Not\u00edcias em Destaque\",\"url\":\"https:\/\/noticiasemdestaque.com\/cd\/?author=2\"}]}<\/script>\n<!-- \/ Yoast SEO plugin. -->","yoast_head_json":{"title":"Confirmado: \u00a0Devinho Novaes ser\u00e1 atra\u00e7\u00e3o do Festival do Mel 2018 em S\u00e3o Jos\u00e9 dos Cordeiros - Not&iacute;cias em Destaque","robots":{"index":"index","follow":"follow","max-snippet":"max-snippet:-1","max-image-preview":"max-image-preview:large","max-video-preview":"max-video-preview:-1"},"canonical":"https:\/\/noticiasemdestaque.com\/cd\/?p=12035","og_locale":"pt_BR","og_type":"article","og_title":"Confirmado: \u00a0Devinho Novaes ser\u00e1 atra\u00e7\u00e3o do Festival do Mel 2018 em S\u00e3o Jos\u00e9 dos Cordeiros - Not&iacute;cias em Destaque","og_description":"A Prefeitura de S\u00e3o Jos\u00e9 dos Cordeiros confirmou nesta sexta-feira (10\/08), o show de \u201cDevinho Novaes\u201d na X edi\u00e7\u00e3o da Festa do Mel 2018. O evento ser\u00e1 realizado nos dias 21, 22 e 23 de setembro. TRAJET\u00d3RIA: O sucesso de Devinho Novaes come\u00e7ou no primeiro semestre do ano com a m\u00fasica \u201cOi\u201d. No Brasil, a fama do cantor cresceu ap\u00f3s participar do programa Hora do Faro, da Rede Record, e de lan\u00e7ar o novo clipe \u201cAl\u00f4 Dono do Bar\u201d ao lado\u00a0de Wesley Safad\u00e3o, que j\u00e1 alcan\u00e7a mais de 16 milh\u00f5es de visualiza\u00e7\u00f5es no Youtube. M\u00c1RCIA FELIPE: Anteriormente a Prefeitura de S\u00e3o Jos\u00e9 dos Cordeiros j\u00e1 havia anunciado que a fenomenal M\u00e1rcia Fellipe tamb\u00e9m estar\u00e1 na X edi\u00e7\u00e3o do Festival do Mel. Cariri em Destaque &nbsp;","og_url":"https:\/\/noticiasemdestaque.com\/cd\/?p=12035","og_site_name":"Not&iacute;cias em Destaque","article_published_time":"2018-08-10T23:22:43+00:00","article_modified_time":"2018-08-10T23:23:01+00:00","og_image":[{"width":778,"height":960,"url":"https:\/\/noticiasemdestaque.com\/cd\/wp-content\/uploads\/2018\/08\/38880892_2042498112448867_411335288590172160_n.jpg","type":"image\/jpeg"}],"author":"Not\u00edcias em Destaque","twitter_card":"summary_large_image","twitter_misc":{"Escrito por":"Not\u00edcias em Destaque","Est. tempo de leitura":"1 minuto"},"schema":{"@context":"https:\/\/schema.org","@graph":[{"@type":"Article","@id":"https:\/\/noticiasemdestaque.com\/cd\/?p=12035#article","isPartOf":{"@id":"https:\/\/noticiasemdestaque.com\/cd\/?p=12035"},"author":{"name":"Not\u00edcias em Destaque","@id":"https:\/\/noticiasemdestaque.com\/cd\/#\/schema\/person\/21320b03a7e8bb90128938dafc9b908a"},"headline":"Confirmado: \u00a0Devinho Novaes ser\u00e1 atra\u00e7\u00e3o do Festival do Mel 2018 em S\u00e3o Jos\u00e9 dos Cordeiros","datePublished":"2018-08-10T23:22:43+00:00","dateModified":"2018-08-10T23:23:01+00:00","mainEntityOfPage":{"@id":"https:\/\/noticiasemdestaque.com\/cd\/?p=12035"},"wordCount":152,"publisher":{"@id":"https:\/\/noticiasemdestaque.com\/cd\/#organization"},"image":{"@id":"https:\/\/noticiasemdestaque.com\/cd\/?p=12035#primaryimage"},"thumbnailUrl":"https:\/\/noticiasemdestaque.com\/cd\/wp-content\/uploads\/2018\/08\/38880892_2042498112448867_411335288590172160_n.jpg","articleSection":["Pol\u00edtica"],"inLanguage":"pt-BR"},{"@type":"WebPage","@id":"https:\/\/noticiasemdestaque.com\/cd\/?p=12035","url":"https:\/\/noticiasemdestaque.com\/cd\/?p=12035","name":"Confirmado: \u00a0Devinho Novaes ser\u00e1 atra\u00e7\u00e3o do Festival do Mel 2018 em S\u00e3o Jos\u00e9 dos Cordeiros - Not&iacute;cias em Destaque","isPartOf":{"@id":"https:\/\/noticiasemdestaque.com\/cd\/#website"},"primaryImageOfPage":{"@id":"https:\/\/noticiasemdestaque.com\/cd\/?p=12035#primaryimage"},"image":{"@id":"https:\/\/noticiasemdestaque.com\/cd\/?p=12035#primaryimage"},"thumbnailUrl":"https:\/\/noticiasemdestaque.com\/cd\/wp-content\/uploads\/2018\/08\/38880892_2042498112448867_411335288590172160_n.jpg","datePublished":"2018-08-10T23:22:43+00:00","dateModified":"2018-08-10T23:23:01+00:00","breadcrumb":{"@id":"https:\/\/noticiasemdestaque.com\/cd\/?p=12035#breadcrumb"},"inLanguage":"pt-BR","potentialAction":[{"@type":"ReadAction","target":["https:\/\/noticiasemdestaque.com\/cd\/?p=12035"]}]},{"@type":"ImageObject","inLanguage":"pt-BR","@id":"https:\/\/noticiasemdestaque.com\/cd\/?p=12035#primaryimage","url":"https:\/\/noticiasemdestaque.com\/cd\/wp-content\/uploads\/2018\/08\/38880892_2042498112448867_411335288590172160_n.jpg","contentUrl":"https:\/\/noticiasemdestaque.com\/cd\/wp-content\/uploads\/2018\/08\/38880892_2042498112448867_411335288590172160_n.jpg","width":778,"height":960},{"@type":"BreadcrumbList","@id":"https:\/\/noticiasemdestaque.com\/cd\/?p=12035#breadcrumb","itemListElement":[{"@type":"ListItem","position":1,"name":"In\u00edcio","item":"https:\/\/noticiasemdestaque.com\/cd\/"},{"@type":"ListItem","position":2,"name":"Confirmado: \u00a0Devinho Novaes ser\u00e1 atra\u00e7\u00e3o do Festival do Mel 2018 em S\u00e3o Jos\u00e9 dos Cordeiros"}]},{"@type":"WebSite","@id":"https:\/\/noticiasemdestaque.com\/cd\/#website","url":"https:\/\/noticiasemdestaque.com\/cd\/","name":"Not&iacute;cias em Destaque","description":"","publisher":{"@id":"https:\/\/noticiasemdestaque.com\/cd\/#organization"},"potentialAction":[{"@type":"SearchAction","target":{"@type":"EntryPoint","urlTemplate":"https:\/\/noticiasemdestaque.com\/cd\/?s={search_term_string}"},"query-input":{"@type":"PropertyValueSpecification","valueRequired":true,"valueName":"search_term_string"}}],"inLanguage":"pt-BR"},{"@type":"Organization","@id":"https:\/\/noticiasemdestaque.com\/cd\/#organization","name":"Not\u00edcias em Destaque","url":"https:\/\/noticiasemdestaque.com\/cd\/","logo":{"@type":"ImageObject","inLanguage":"pt-BR","@id":"https:\/\/noticiasemdestaque.com\/cd\/#\/schema\/logo\/image\/","url":"https:\/\/noticiasemdestaque.com\/cd\/wp-content\/uploads\/2022\/05\/imagem-base-noticiasemdestaque.png","contentUrl":"https:\/\/noticiasemdestaque.com\/cd\/wp-content\/uploads\/2022\/05\/imagem-base-noticiasemdestaque.png","width":1200,"height":630,"caption":"Not\u00edcias em Destaque"},"image":{"@id":"https:\/\/noticiasemdestaque.com\/cd\/#\/schema\/logo\/image\/"}},{"@type":"Person","@id":"https:\/\/noticiasemdestaque.com\/cd\/#\/schema\/person\/21320b03a7e8bb90128938dafc9b908a","name":"Not\u00edcias em Destaque","url":"https:\/\/noticiasemdestaque.com\/cd\/?author=2"}]}},"jetpack_featured_media_url":"https:\/\/noticiasemdestaque.com\/cd\/wp-content\/uploads\/2018\/08\/38880892_2042498112448867_411335288590172160_n.jpg","jetpack_sharing_enabled":true,"_links":{"self":[{"href":"https:\/\/noticiasemdestaque.com\/cd\/index.php?rest_route=\/wp\/v2\/posts\/12035","targetHints":{"allow":["GET"]}}],"collection":[{"href":"https:\/\/noticiasemdestaque.com\/cd\/index.php?rest_route=\/wp\/v2\/posts"}],"about":[{"href":"https:\/\/noticiasemdestaque.com\/cd\/index.php?rest_route=\/wp\/v2\/types\/post"}],"author":[{"embeddable":true,"href":"https:\/\/noticiasemdestaque.com\/cd\/index.php?rest_route=\/wp\/v2\/users\/2"}],"replies":[{"embeddable":true,"href":"https:\/\/noticiasemdestaque.com\/cd\/index.php?rest_route=%2Fwp%2Fv2%2Fcomments&post=12035"}],"version-history":[{"count":1,"href":"https:\/\/noticiasemdestaque.com\/cd\/index.php?rest_route=\/wp\/v2\/posts\/12035\/revisions"}],"predecessor-version":[{"id":12037,"href":"https:\/\/noticiasemdestaque.com\/cd\/index.php?rest_route=\/wp\/v2\/posts\/12035\/revisions\/12037"}],"wp:featuredmedia":[{"embeddable":true,"href":"https:\/\/noticiasemdestaque.com\/cd\/index.php?rest_route=\/wp\/v2\/media\/12036"}],"wp:attachment":[{"href":"https:\/\/noticiasemdestaque.com\/cd\/index.php?rest_route=%2Fwp%2Fv2%2Fmedia&parent=12035"}],"wp:term":[{"taxonomy":"category","embeddable":true,"href":"https:\/\/noticiasemdestaque.com\/cd\/index.php?rest_route=%2Fwp%2Fv2%2Fcategories&post=12035"},{"taxonomy":"post_tag","embeddable":true,"href":"https:\/\/noticiasemdestaque.com\/cd\/index.php?rest_route=%2Fwp%2Fv2%2Ftags&post=12035"}],"curies":[{"name":"wp","href":"https:\/\/api.w.org\/{rel}","templated":true}]}}