{"id":12032,"date":"2018-08-10T20:09:21","date_gmt":"2018-08-10T23:09:21","guid":{"rendered":"http:\/\/caririemdestaque.com\/cd\/?p=12032"},"modified":"2018-08-10T20:09:21","modified_gmt":"2018-08-10T23:09:21","slug":"prefeitura-de-sume-realiza-encontro-de-formacao-para-apresentar-metodologia-do-programa-busca-ativa-escolar","status":"publish","type":"post","link":"https:\/\/noticiasemdestaque.com\/cd\/?p=12032","title":{"rendered":"Prefeitura de Sum\u00e9 realiza encontro de forma\u00e7\u00e3o para apresentar metodologia do Programa Busca Ativa Escolar"},"content":{"rendered":"<p><a href=\"http:\/\/caririemdestaque.com\/cd\/wp-content\/uploads\/2018\/08\/38790783_839326849791138_7473627902634885120_n-768x432.jpg\"><img fetchpriority=\"high\" decoding=\"async\" class=\"size-full wp-image-12033 aligncenter\" src=\"http:\/\/caririemdestaque.com\/cd\/wp-content\/uploads\/2018\/08\/38790783_839326849791138_7473627902634885120_n-768x432.jpg\" alt=\"\" width=\"768\" height=\"432\" srcset=\"https:\/\/noticiasemdestaque.com\/cd\/wp-content\/uploads\/2018\/08\/38790783_839326849791138_7473627902634885120_n-768x432.jpg 768w, https:\/\/noticiasemdestaque.com\/cd\/wp-content\/uploads\/2018\/08\/38790783_839326849791138_7473627902634885120_n-768x432-300x169.jpg 300w\" sizes=\"(max-width: 768px) 100vw, 768px\" \/><\/a><\/p>\n<p>A Secretaria da Educa\u00e7\u00e3o de Sum\u00e9 realizou nesta quarta-feira (08\/08) o 1\u00ba Encontro de Forma\u00e7\u00e3o Intersetorial da Busca Ativa Escolar para a apresenta\u00e7\u00e3o da metodologia social e da ferramenta tecnol\u00f3gica.<\/p>\n<p>A Prefeitura Municipal de Sum\u00e9 fez a ades\u00e3o, e a Secretaria da Educa\u00e7\u00e3o deu in\u00edcio ao trabalho de mobiliza\u00e7\u00e3o junto \u00e0s demais Secretarias Municipais contando com as presen\u00e7as de representantes de v\u00e1rios segmentos da Educa\u00e7\u00e3o, Assist\u00eancia Social, Sa\u00fade, Obras e servi\u00e7os Urbanos.<\/p>\n<p>O UNICEF, em parceria com a Uni\u00e3o Nacional dos Dirigentes Municipais de Educa\u00e7\u00e3o (Undime), o Colegiado Nacional de Gestores Municipais de Assist\u00eancia Social (Congemas) e o Instituto TIM, desenvolveram a Busca Ativa Escolar que \u00e9 uma metodologia social e uma ferramenta tecnol\u00f3gica gratuitas, que permitem ao poder p\u00fablico identificar crian\u00e7as e adolescentes fora da escola e acionar diferentes \u00e1reas para garantir que consigam se matricular e permanecer na escola.<\/p>\n<p>Essa metodologia social contribuir\u00e1 tamb\u00e9m para atender o que determina os Planos Nacional e Municipal de Educa\u00e7\u00e3o quanto ao cumprimento das metas e as suas estrat\u00e9gias.<\/p>\n<p>O pr\u00f3ximo passo ser\u00e1 constituir o Comit\u00ea Gestor que abranger\u00e1 al\u00e9m das Secretarias municipais, outras institui\u00e7\u00f5es e \/ ou organiza\u00e7\u00f5es da sociedade civil ligadas direta ou indiretamente ao campo da inf\u00e2ncia e adolesc\u00eancia no munic\u00edpio.<\/p>\n<p>Ascom\/PMS<\/p>\n<p>&nbsp;<\/p>\n<p>&nbsp;<\/p>\n","protected":false},"excerpt":{"rendered":"<p>A Secretaria da Educa\u00e7\u00e3o de Sum\u00e9 realizou nesta quarta-feira (08\/08) o 1\u00ba Encontro de Forma\u00e7\u00e3o Intersetorial da Busca Ativa Escolar para a apresenta\u00e7\u00e3o da metodologia social e da ferramenta tecnol\u00f3gica. A Prefeitura Municipal de Sum\u00e9 fez a ades\u00e3o, e a Secretaria da Educa\u00e7\u00e3o deu in\u00edcio ao trabalho de mobiliza\u00e7\u00e3o junto \u00e0s demais Secretarias Municipais contando com as presen\u00e7as de representantes de v\u00e1rios segmentos da Educa\u00e7\u00e3o, Assist\u00eancia Social, Sa\u00fade, Obras e servi\u00e7os Urbanos. O UNICEF, em parceria com a Uni\u00e3o Nacional dos Dirigentes Municipais de Educa\u00e7\u00e3o (Undime), o Colegiado Nacional de Gestores Municipais de Assist\u00eancia Social (Congemas) e o Instituto TIM, desenvolveram a Busca Ativa Escolar que \u00e9 uma metodologia social e uma ferramenta tecnol\u00f3gica gratuitas, que permitem ao poder p\u00fablico identificar crian\u00e7as e adolescentes fora da escola e acionar diferentes \u00e1reas para garantir que consigam se matricular e permanecer na escola. Essa metodologia social contribuir\u00e1 tamb\u00e9m para atender o que determina os Planos Nacional e Municipal de Educa\u00e7\u00e3o quanto ao cumprimento das metas e as suas estrat\u00e9gias. O pr\u00f3ximo passo ser\u00e1 constituir o Comit\u00ea Gestor que abranger\u00e1 al\u00e9m das Secretarias municipais, outras institui\u00e7\u00f5es e \/ ou organiza\u00e7\u00f5es da sociedade civil ligadas direta ou indiretamente ao campo da inf\u00e2ncia e adolesc\u00eancia no munic\u00edpio. Ascom\/PMS &nbsp; &nbsp;<\/p>\n","protected":false},"author":2,"featured_media":12033,"comment_status":"closed","ping_status":"open","sticky":false,"template":"","format":"standard","meta":{"_eb_attr":"","_jetpack_memberships_contains_paid_content":false,"footnotes":""},"categories":[6],"tags":[],"class_list":["post-12032","post","type-post","status-publish","format-standard","has-post-thumbnail","hentry","category-educacao"],"yoast_head":"<!-- This site is optimized with the Yoast SEO plugin v26.5 - https:\/\/yoast.com\/wordpress\/plugins\/seo\/ -->\n<title>Prefeitura de Sum\u00e9 realiza encontro de forma\u00e7\u00e3o para apresentar metodologia do Programa Busca Ativa Escolar - Not&iacute;cias em Destaque<\/title>\n<meta name=\"robots\" content=\"index, follow, max-snippet:-1, max-image-preview:large, max-video-preview:-1\" \/>\n<link rel=\"canonical\" href=\"https:\/\/noticiasemdestaque.com\/cd\/?p=12032\" \/>\n<meta property=\"og:locale\" content=\"pt_BR\" \/>\n<meta property=\"og:type\" content=\"article\" \/>\n<meta property=\"og:title\" content=\"Prefeitura de Sum\u00e9 realiza encontro de forma\u00e7\u00e3o para apresentar metodologia do Programa Busca Ativa Escolar - Not&iacute;cias em Destaque\" \/>\n<meta property=\"og:description\" content=\"A Secretaria da Educa\u00e7\u00e3o de Sum\u00e9 realizou nesta quarta-feira (08\/08) o 1\u00ba Encontro de Forma\u00e7\u00e3o Intersetorial da Busca Ativa Escolar para a apresenta\u00e7\u00e3o da metodologia social e da ferramenta tecnol\u00f3gica. A Prefeitura Municipal de Sum\u00e9 fez a ades\u00e3o, e a Secretaria da Educa\u00e7\u00e3o deu in\u00edcio ao trabalho de mobiliza\u00e7\u00e3o junto \u00e0s demais Secretarias Municipais contando com as presen\u00e7as de representantes de v\u00e1rios segmentos da Educa\u00e7\u00e3o, Assist\u00eancia Social, Sa\u00fade, Obras e servi\u00e7os Urbanos. O UNICEF, em parceria com a Uni\u00e3o Nacional dos Dirigentes Municipais de Educa\u00e7\u00e3o (Undime), o Colegiado Nacional de Gestores Municipais de Assist\u00eancia Social (Congemas) e o Instituto TIM, desenvolveram a Busca Ativa Escolar que \u00e9 uma metodologia social e uma ferramenta tecnol\u00f3gica gratuitas, que permitem ao poder p\u00fablico identificar crian\u00e7as e adolescentes fora da escola e acionar diferentes \u00e1reas para garantir que consigam se matricular e permanecer na escola. Essa metodologia social contribuir\u00e1 tamb\u00e9m para atender o que determina os Planos Nacional e Municipal de Educa\u00e7\u00e3o quanto ao cumprimento das metas e as suas estrat\u00e9gias. O pr\u00f3ximo passo ser\u00e1 constituir o Comit\u00ea Gestor que abranger\u00e1 al\u00e9m das Secretarias municipais, outras institui\u00e7\u00f5es e \/ ou organiza\u00e7\u00f5es da sociedade civil ligadas direta ou indiretamente ao campo da inf\u00e2ncia e adolesc\u00eancia no munic\u00edpio. Ascom\/PMS &nbsp; &nbsp;\" \/>\n<meta property=\"og:url\" content=\"https:\/\/noticiasemdestaque.com\/cd\/?p=12032\" \/>\n<meta property=\"og:site_name\" content=\"Not&iacute;cias em Destaque\" \/>\n<meta property=\"article:published_time\" content=\"2018-08-10T23:09:21+00:00\" \/>\n<meta property=\"og:image\" content=\"https:\/\/noticiasemdestaque.com\/cd\/wp-content\/uploads\/2018\/08\/38790783_839326849791138_7473627902634885120_n-768x432.jpg\" \/>\n\t<meta property=\"og:image:width\" content=\"768\" \/>\n\t<meta property=\"og:image:height\" content=\"432\" \/>\n\t<meta property=\"og:image:type\" content=\"image\/jpeg\" \/>\n<meta name=\"author\" content=\"Not\u00edcias em Destaque\" \/>\n<meta name=\"twitter:card\" content=\"summary_large_image\" \/>\n<meta name=\"twitter:label1\" content=\"Escrito por\" \/>\n\t<meta name=\"twitter:data1\" content=\"Not\u00edcias em Destaque\" \/>\n\t<meta name=\"twitter:label2\" content=\"Est. tempo de leitura\" \/>\n\t<meta name=\"twitter:data2\" content=\"1 minuto\" \/>\n<script type=\"application\/ld+json\" class=\"yoast-schema-graph\">{\"@context\":\"https:\/\/schema.org\",\"@graph\":[{\"@type\":\"Article\",\"@id\":\"https:\/\/noticiasemdestaque.com\/cd\/?p=12032#article\",\"isPartOf\":{\"@id\":\"https:\/\/noticiasemdestaque.com\/cd\/?p=12032\"},\"author\":{\"name\":\"Not\u00edcias em Destaque\",\"@id\":\"https:\/\/noticiasemdestaque.com\/cd\/#\/schema\/person\/21320b03a7e8bb90128938dafc9b908a\"},\"headline\":\"Prefeitura de Sum\u00e9 realiza encontro de forma\u00e7\u00e3o para apresentar metodologia do Programa Busca Ativa Escolar\",\"datePublished\":\"2018-08-10T23:09:21+00:00\",\"mainEntityOfPage\":{\"@id\":\"https:\/\/noticiasemdestaque.com\/cd\/?p=12032\"},\"wordCount\":248,\"publisher\":{\"@id\":\"https:\/\/noticiasemdestaque.com\/cd\/#organization\"},\"image\":{\"@id\":\"https:\/\/noticiasemdestaque.com\/cd\/?p=12032#primaryimage\"},\"thumbnailUrl\":\"https:\/\/noticiasemdestaque.com\/cd\/wp-content\/uploads\/2018\/08\/38790783_839326849791138_7473627902634885120_n-768x432.jpg\",\"articleSection\":[\"Educa\u00e7\u00e3o\"],\"inLanguage\":\"pt-BR\"},{\"@type\":\"WebPage\",\"@id\":\"https:\/\/noticiasemdestaque.com\/cd\/?p=12032\",\"url\":\"https:\/\/noticiasemdestaque.com\/cd\/?p=12032\",\"name\":\"Prefeitura de Sum\u00e9 realiza encontro de forma\u00e7\u00e3o para apresentar metodologia do Programa Busca Ativa Escolar - Not&iacute;cias em Destaque\",\"isPartOf\":{\"@id\":\"https:\/\/noticiasemdestaque.com\/cd\/#website\"},\"primaryImageOfPage\":{\"@id\":\"https:\/\/noticiasemdestaque.com\/cd\/?p=12032#primaryimage\"},\"image\":{\"@id\":\"https:\/\/noticiasemdestaque.com\/cd\/?p=12032#primaryimage\"},\"thumbnailUrl\":\"https:\/\/noticiasemdestaque.com\/cd\/wp-content\/uploads\/2018\/08\/38790783_839326849791138_7473627902634885120_n-768x432.jpg\",\"datePublished\":\"2018-08-10T23:09:21+00:00\",\"breadcrumb\":{\"@id\":\"https:\/\/noticiasemdestaque.com\/cd\/?p=12032#breadcrumb\"},\"inLanguage\":\"pt-BR\",\"potentialAction\":[{\"@type\":\"ReadAction\",\"target\":[\"https:\/\/noticiasemdestaque.com\/cd\/?p=12032\"]}]},{\"@type\":\"ImageObject\",\"inLanguage\":\"pt-BR\",\"@id\":\"https:\/\/noticiasemdestaque.com\/cd\/?p=12032#primaryimage\",\"url\":\"https:\/\/noticiasemdestaque.com\/cd\/wp-content\/uploads\/2018\/08\/38790783_839326849791138_7473627902634885120_n-768x432.jpg\",\"contentUrl\":\"https:\/\/noticiasemdestaque.com\/cd\/wp-content\/uploads\/2018\/08\/38790783_839326849791138_7473627902634885120_n-768x432.jpg\",\"width\":768,\"height\":432},{\"@type\":\"BreadcrumbList\",\"@id\":\"https:\/\/noticiasemdestaque.com\/cd\/?p=12032#breadcrumb\",\"itemListElement\":[{\"@type\":\"ListItem\",\"position\":1,\"name\":\"In\u00edcio\",\"item\":\"https:\/\/noticiasemdestaque.com\/cd\/\"},{\"@type\":\"ListItem\",\"position\":2,\"name\":\"Prefeitura de Sum\u00e9 realiza encontro de forma\u00e7\u00e3o para apresentar metodologia do Programa Busca Ativa Escolar\"}]},{\"@type\":\"WebSite\",\"@id\":\"https:\/\/noticiasemdestaque.com\/cd\/#website\",\"url\":\"https:\/\/noticiasemdestaque.com\/cd\/\",\"name\":\"Not&iacute;cias em Destaque\",\"description\":\"\",\"publisher\":{\"@id\":\"https:\/\/noticiasemdestaque.com\/cd\/#organization\"},\"potentialAction\":[{\"@type\":\"SearchAction\",\"target\":{\"@type\":\"EntryPoint\",\"urlTemplate\":\"https:\/\/noticiasemdestaque.com\/cd\/?s={search_term_string}\"},\"query-input\":{\"@type\":\"PropertyValueSpecification\",\"valueRequired\":true,\"valueName\":\"search_term_string\"}}],\"inLanguage\":\"pt-BR\"},{\"@type\":\"Organization\",\"@id\":\"https:\/\/noticiasemdestaque.com\/cd\/#organization\",\"name\":\"Not\u00edcias em Destaque\",\"url\":\"https:\/\/noticiasemdestaque.com\/cd\/\",\"logo\":{\"@type\":\"ImageObject\",\"inLanguage\":\"pt-BR\",\"@id\":\"https:\/\/noticiasemdestaque.com\/cd\/#\/schema\/logo\/image\/\",\"url\":\"https:\/\/noticiasemdestaque.com\/cd\/wp-content\/uploads\/2022\/05\/imagem-base-noticiasemdestaque.png\",\"contentUrl\":\"https:\/\/noticiasemdestaque.com\/cd\/wp-content\/uploads\/2022\/05\/imagem-base-noticiasemdestaque.png\",\"width\":1200,\"height\":630,\"caption\":\"Not\u00edcias em Destaque\"},\"image\":{\"@id\":\"https:\/\/noticiasemdestaque.com\/cd\/#\/schema\/logo\/image\/\"}},{\"@type\":\"Person\",\"@id\":\"https:\/\/noticiasemdestaque.com\/cd\/#\/schema\/person\/21320b03a7e8bb90128938dafc9b908a\",\"name\":\"Not\u00edcias em Destaque\",\"url\":\"https:\/\/noticiasemdestaque.com\/cd\/?author=2\"}]}<\/script>\n<!-- \/ Yoast SEO plugin. -->","yoast_head_json":{"title":"Prefeitura de Sum\u00e9 realiza encontro de forma\u00e7\u00e3o para apresentar metodologia do Programa Busca Ativa Escolar - Not&iacute;cias em Destaque","robots":{"index":"index","follow":"follow","max-snippet":"max-snippet:-1","max-image-preview":"max-image-preview:large","max-video-preview":"max-video-preview:-1"},"canonical":"https:\/\/noticiasemdestaque.com\/cd\/?p=12032","og_locale":"pt_BR","og_type":"article","og_title":"Prefeitura de Sum\u00e9 realiza encontro de forma\u00e7\u00e3o para apresentar metodologia do Programa Busca Ativa Escolar - Not&iacute;cias em Destaque","og_description":"A Secretaria da Educa\u00e7\u00e3o de Sum\u00e9 realizou nesta quarta-feira (08\/08) o 1\u00ba Encontro de Forma\u00e7\u00e3o Intersetorial da Busca Ativa Escolar para a apresenta\u00e7\u00e3o da metodologia social e da ferramenta tecnol\u00f3gica. A Prefeitura Municipal de Sum\u00e9 fez a ades\u00e3o, e a Secretaria da Educa\u00e7\u00e3o deu in\u00edcio ao trabalho de mobiliza\u00e7\u00e3o junto \u00e0s demais Secretarias Municipais contando com as presen\u00e7as de representantes de v\u00e1rios segmentos da Educa\u00e7\u00e3o, Assist\u00eancia Social, Sa\u00fade, Obras e servi\u00e7os Urbanos. O UNICEF, em parceria com a Uni\u00e3o Nacional dos Dirigentes Municipais de Educa\u00e7\u00e3o (Undime), o Colegiado Nacional de Gestores Municipais de Assist\u00eancia Social (Congemas) e o Instituto TIM, desenvolveram a Busca Ativa Escolar que \u00e9 uma metodologia social e uma ferramenta tecnol\u00f3gica gratuitas, que permitem ao poder p\u00fablico identificar crian\u00e7as e adolescentes fora da escola e acionar diferentes \u00e1reas para garantir que consigam se matricular e permanecer na escola. Essa metodologia social contribuir\u00e1 tamb\u00e9m para atender o que determina os Planos Nacional e Municipal de Educa\u00e7\u00e3o quanto ao cumprimento das metas e as suas estrat\u00e9gias. O pr\u00f3ximo passo ser\u00e1 constituir o Comit\u00ea Gestor que abranger\u00e1 al\u00e9m das Secretarias municipais, outras institui\u00e7\u00f5es e \/ ou organiza\u00e7\u00f5es da sociedade civil ligadas direta ou indiretamente ao campo da inf\u00e2ncia e adolesc\u00eancia no munic\u00edpio. Ascom\/PMS &nbsp; &nbsp;","og_url":"https:\/\/noticiasemdestaque.com\/cd\/?p=12032","og_site_name":"Not&iacute;cias em Destaque","article_published_time":"2018-08-10T23:09:21+00:00","og_image":[{"width":768,"height":432,"url":"https:\/\/noticiasemdestaque.com\/cd\/wp-content\/uploads\/2018\/08\/38790783_839326849791138_7473627902634885120_n-768x432.jpg","type":"image\/jpeg"}],"author":"Not\u00edcias em Destaque","twitter_card":"summary_large_image","twitter_misc":{"Escrito por":"Not\u00edcias em Destaque","Est. tempo de leitura":"1 minuto"},"schema":{"@context":"https:\/\/schema.org","@graph":[{"@type":"Article","@id":"https:\/\/noticiasemdestaque.com\/cd\/?p=12032#article","isPartOf":{"@id":"https:\/\/noticiasemdestaque.com\/cd\/?p=12032"},"author":{"name":"Not\u00edcias em Destaque","@id":"https:\/\/noticiasemdestaque.com\/cd\/#\/schema\/person\/21320b03a7e8bb90128938dafc9b908a"},"headline":"Prefeitura de Sum\u00e9 realiza encontro de forma\u00e7\u00e3o para apresentar metodologia do Programa Busca Ativa Escolar","datePublished":"2018-08-10T23:09:21+00:00","mainEntityOfPage":{"@id":"https:\/\/noticiasemdestaque.com\/cd\/?p=12032"},"wordCount":248,"publisher":{"@id":"https:\/\/noticiasemdestaque.com\/cd\/#organization"},"image":{"@id":"https:\/\/noticiasemdestaque.com\/cd\/?p=12032#primaryimage"},"thumbnailUrl":"https:\/\/noticiasemdestaque.com\/cd\/wp-content\/uploads\/2018\/08\/38790783_839326849791138_7473627902634885120_n-768x432.jpg","articleSection":["Educa\u00e7\u00e3o"],"inLanguage":"pt-BR"},{"@type":"WebPage","@id":"https:\/\/noticiasemdestaque.com\/cd\/?p=12032","url":"https:\/\/noticiasemdestaque.com\/cd\/?p=12032","name":"Prefeitura de Sum\u00e9 realiza encontro de forma\u00e7\u00e3o para apresentar metodologia do Programa Busca Ativa Escolar - Not&iacute;cias em Destaque","isPartOf":{"@id":"https:\/\/noticiasemdestaque.com\/cd\/#website"},"primaryImageOfPage":{"@id":"https:\/\/noticiasemdestaque.com\/cd\/?p=12032#primaryimage"},"image":{"@id":"https:\/\/noticiasemdestaque.com\/cd\/?p=12032#primaryimage"},"thumbnailUrl":"https:\/\/noticiasemdestaque.com\/cd\/wp-content\/uploads\/2018\/08\/38790783_839326849791138_7473627902634885120_n-768x432.jpg","datePublished":"2018-08-10T23:09:21+00:00","breadcrumb":{"@id":"https:\/\/noticiasemdestaque.com\/cd\/?p=12032#breadcrumb"},"inLanguage":"pt-BR","potentialAction":[{"@type":"ReadAction","target":["https:\/\/noticiasemdestaque.com\/cd\/?p=12032"]}]},{"@type":"ImageObject","inLanguage":"pt-BR","@id":"https:\/\/noticiasemdestaque.com\/cd\/?p=12032#primaryimage","url":"https:\/\/noticiasemdestaque.com\/cd\/wp-content\/uploads\/2018\/08\/38790783_839326849791138_7473627902634885120_n-768x432.jpg","contentUrl":"https:\/\/noticiasemdestaque.com\/cd\/wp-content\/uploads\/2018\/08\/38790783_839326849791138_7473627902634885120_n-768x432.jpg","width":768,"height":432},{"@type":"BreadcrumbList","@id":"https:\/\/noticiasemdestaque.com\/cd\/?p=12032#breadcrumb","itemListElement":[{"@type":"ListItem","position":1,"name":"In\u00edcio","item":"https:\/\/noticiasemdestaque.com\/cd\/"},{"@type":"ListItem","position":2,"name":"Prefeitura de Sum\u00e9 realiza encontro de forma\u00e7\u00e3o para apresentar metodologia do Programa Busca Ativa Escolar"}]},{"@type":"WebSite","@id":"https:\/\/noticiasemdestaque.com\/cd\/#website","url":"https:\/\/noticiasemdestaque.com\/cd\/","name":"Not&iacute;cias em Destaque","description":"","publisher":{"@id":"https:\/\/noticiasemdestaque.com\/cd\/#organization"},"potentialAction":[{"@type":"SearchAction","target":{"@type":"EntryPoint","urlTemplate":"https:\/\/noticiasemdestaque.com\/cd\/?s={search_term_string}"},"query-input":{"@type":"PropertyValueSpecification","valueRequired":true,"valueName":"search_term_string"}}],"inLanguage":"pt-BR"},{"@type":"Organization","@id":"https:\/\/noticiasemdestaque.com\/cd\/#organization","name":"Not\u00edcias em Destaque","url":"https:\/\/noticiasemdestaque.com\/cd\/","logo":{"@type":"ImageObject","inLanguage":"pt-BR","@id":"https:\/\/noticiasemdestaque.com\/cd\/#\/schema\/logo\/image\/","url":"https:\/\/noticiasemdestaque.com\/cd\/wp-content\/uploads\/2022\/05\/imagem-base-noticiasemdestaque.png","contentUrl":"https:\/\/noticiasemdestaque.com\/cd\/wp-content\/uploads\/2022\/05\/imagem-base-noticiasemdestaque.png","width":1200,"height":630,"caption":"Not\u00edcias em Destaque"},"image":{"@id":"https:\/\/noticiasemdestaque.com\/cd\/#\/schema\/logo\/image\/"}},{"@type":"Person","@id":"https:\/\/noticiasemdestaque.com\/cd\/#\/schema\/person\/21320b03a7e8bb90128938dafc9b908a","name":"Not\u00edcias em Destaque","url":"https:\/\/noticiasemdestaque.com\/cd\/?author=2"}]}},"jetpack_featured_media_url":"https:\/\/noticiasemdestaque.com\/cd\/wp-content\/uploads\/2018\/08\/38790783_839326849791138_7473627902634885120_n-768x432.jpg","jetpack_sharing_enabled":true,"_links":{"self":[{"href":"https:\/\/noticiasemdestaque.com\/cd\/index.php?rest_route=\/wp\/v2\/posts\/12032","targetHints":{"allow":["GET"]}}],"collection":[{"href":"https:\/\/noticiasemdestaque.com\/cd\/index.php?rest_route=\/wp\/v2\/posts"}],"about":[{"href":"https:\/\/noticiasemdestaque.com\/cd\/index.php?rest_route=\/wp\/v2\/types\/post"}],"author":[{"embeddable":true,"href":"https:\/\/noticiasemdestaque.com\/cd\/index.php?rest_route=\/wp\/v2\/users\/2"}],"replies":[{"embeddable":true,"href":"https:\/\/noticiasemdestaque.com\/cd\/index.php?rest_route=%2Fwp%2Fv2%2Fcomments&post=12032"}],"version-history":[{"count":1,"href":"https:\/\/noticiasemdestaque.com\/cd\/index.php?rest_route=\/wp\/v2\/posts\/12032\/revisions"}],"predecessor-version":[{"id":12034,"href":"https:\/\/noticiasemdestaque.com\/cd\/index.php?rest_route=\/wp\/v2\/posts\/12032\/revisions\/12034"}],"wp:featuredmedia":[{"embeddable":true,"href":"https:\/\/noticiasemdestaque.com\/cd\/index.php?rest_route=\/wp\/v2\/media\/12033"}],"wp:attachment":[{"href":"https:\/\/noticiasemdestaque.com\/cd\/index.php?rest_route=%2Fwp%2Fv2%2Fmedia&parent=12032"}],"wp:term":[{"taxonomy":"category","embeddable":true,"href":"https:\/\/noticiasemdestaque.com\/cd\/index.php?rest_route=%2Fwp%2Fv2%2Fcategories&post=12032"},{"taxonomy":"post_tag","embeddable":true,"href":"https:\/\/noticiasemdestaque.com\/cd\/index.php?rest_route=%2Fwp%2Fv2%2Ftags&post=12032"}],"curies":[{"name":"wp","href":"https:\/\/api.w.org\/{rel}","templated":true}]}}