{"id":12025,"date":"2018-08-10T18:25:17","date_gmt":"2018-08-10T21:25:17","guid":{"rendered":"http:\/\/caririemdestaque.com\/cd\/?p=12025"},"modified":"2018-08-10T18:28:34","modified_gmt":"2018-08-10T21:28:34","slug":"inaugurada-agencia-do-sicoob-em-sume","status":"publish","type":"post","link":"https:\/\/noticiasemdestaque.com\/cd\/?p=12025","title":{"rendered":"Inaugurada ag\u00eancia do Sicoob em Sum\u00e9"},"content":{"rendered":"<p><a href=\"http:\/\/caririemdestaque.com\/cd\/wp-content\/uploads\/2018\/08\/DSC_0349.jpg\"><img fetchpriority=\"high\" decoding=\"async\" class=\"size-full wp-image-12027 aligncenter\" src=\"http:\/\/caririemdestaque.com\/cd\/wp-content\/uploads\/2018\/08\/DSC_0349.jpg\" alt=\"\" width=\"800\" height=\"532\" srcset=\"https:\/\/noticiasemdestaque.com\/cd\/wp-content\/uploads\/2018\/08\/DSC_0349.jpg 800w, https:\/\/noticiasemdestaque.com\/cd\/wp-content\/uploads\/2018\/08\/DSC_0349-300x200.jpg 300w, https:\/\/noticiasemdestaque.com\/cd\/wp-content\/uploads\/2018\/08\/DSC_0349-768x511.jpg 768w, https:\/\/noticiasemdestaque.com\/cd\/wp-content\/uploads\/2018\/08\/DSC_0349-480x320.jpg 480w\" sizes=\"(max-width: 800px) 100vw, 800px\" \/><\/a><\/p>\n<p>Aconteceu na manh\u00e3 desta sexta-feira (10\/08) em Sum\u00e9, a inaugura\u00e7\u00e3o da ag\u00eancia do Sicoob. A cooperativa ir\u00e1 funcionar j\u00e1 a partir pr\u00f3xima segunda-feira (13\/08), das 10 \u00e0s 15h, na Avenida Primeiro de Abril, 626- Centro do munic\u00edpio.<\/p>\n<p>O evento de inaugura\u00e7\u00e3o contou com a participa\u00e7\u00e3o de diversas autoridades, a exemplo do diretor presidente Nordeste do Sicoob, Evaldo Campos, do prefeito de Sum\u00e9, \u00c9den Duarte, dos vereadores Z\u00e9 Ant\u00f4nio e de Jefferson Menezes, representando o CDL Sum\u00e9 e a popula\u00e7\u00e3o que prestigiou este importante momento para o munic\u00edpio.<\/p>\n<p><a href=\"http:\/\/caririemdestaque.com\/cd\/wp-content\/uploads\/2018\/08\/DSC_0369.jpg\"><img decoding=\"async\" class=\"size-full wp-image-12028 aligncenter\" src=\"http:\/\/caririemdestaque.com\/cd\/wp-content\/uploads\/2018\/08\/DSC_0369.jpg\" alt=\"\" width=\"800\" height=\"532\" srcset=\"https:\/\/noticiasemdestaque.com\/cd\/wp-content\/uploads\/2018\/08\/DSC_0369.jpg 800w, https:\/\/noticiasemdestaque.com\/cd\/wp-content\/uploads\/2018\/08\/DSC_0369-300x200.jpg 300w, https:\/\/noticiasemdestaque.com\/cd\/wp-content\/uploads\/2018\/08\/DSC_0369-768x511.jpg 768w, https:\/\/noticiasemdestaque.com\/cd\/wp-content\/uploads\/2018\/08\/DSC_0369-480x320.jpg 480w\" sizes=\"(max-width: 800px) 100vw, 800px\" \/><\/a><\/p>\n<p>O SICOOB \u00e9 o maior sistema financeiro cooperativo do pa\u00eds, composto por cooperativas financeiras e empresas de apoio, que em conjunto oferecem aos associados servi\u00e7os de conta corrente, cr\u00e9dito, investimento, cart\u00f5es, previd\u00eancia, cons\u00f3rcio, seguros, cobran\u00e7a banc\u00e1ria, adquir\u00eancia de meios eletr\u00f4nicos de pagamento, dentre outros. Ou seja, tem todos os produtos e servi\u00e7os banc\u00e1rios, mas n\u00e3o \u00e9 banco. \u00c9 uma cooperativa financeira, onde os clientes s\u00e3o os donos e por isso os resultados financeiros s\u00e3o divididos entre os cooperados.<\/p>\n<p><a href=\"http:\/\/caririemdestaque.com\/cd\/wp-content\/uploads\/2018\/08\/DSC_0291.jpg\"><img decoding=\"async\" class=\"size-full wp-image-12026 aligncenter\" src=\"http:\/\/caririemdestaque.com\/cd\/wp-content\/uploads\/2018\/08\/DSC_0291.jpg\" alt=\"\" width=\"800\" height=\"532\" srcset=\"https:\/\/noticiasemdestaque.com\/cd\/wp-content\/uploads\/2018\/08\/DSC_0291.jpg 800w, https:\/\/noticiasemdestaque.com\/cd\/wp-content\/uploads\/2018\/08\/DSC_0291-300x200.jpg 300w, https:\/\/noticiasemdestaque.com\/cd\/wp-content\/uploads\/2018\/08\/DSC_0291-768x511.jpg 768w, https:\/\/noticiasemdestaque.com\/cd\/wp-content\/uploads\/2018\/08\/DSC_0291-480x320.jpg 480w\" sizes=\"(max-width: 800px) 100vw, 800px\" \/><\/a><\/p>\n<p>A vinda do SICOOB para Sum\u00e9 contou com o apoio da C\u00e2mara dos Dirigentes Lojistas (CDL) e do Poder P\u00fablico Municipal. Em abril deste ano, o prefeito \u00c9den Duarte, representantes da CDL, o secret\u00e1rio Isca Viana e os vereadores Jos\u00e9 Ant\u00f4nio Fernandes e Ant\u00f4nio Carlos Sarmento foram na sede do Sicoob, em S\u00e3o Jos\u00e9 do Egito-PE, na oportunidade foi formalizado o pedido de abertura de uma Ag\u00eancia do SICOOB para o munic\u00edpio.<\/p>\n<p><strong>VEJA MAIS FOTOS:\u00a0<\/strong><\/p>\n<p>https:\/\/www.facebook.com\/media\/set\/?set=a.1361945553938971.1073741945.1051584748308388&#038;type=3<\/p>\n<p><strong>Cobertura em parceria: Cariri em Destaque\/ R\u00e1dio 95 FM<\/strong><\/p>\n<div class=\"fb-video\" data-allowfullscreen=\"true\" data-href=\"https:\/\/www.facebook.com\/radiosume\/videos\/2048020285248311\/\" style=\"background-color: #fff; display: inline-block;\"><\/div>\n<p><em><strong>Cariri em Destaque<\/strong><\/em><\/p>\n","protected":false},"excerpt":{"rendered":"<p>Aconteceu na manh\u00e3 desta sexta-feira (10\/08) em Sum\u00e9, a inaugura\u00e7\u00e3o da ag\u00eancia do Sicoob. A cooperativa ir\u00e1 funcionar j\u00e1 a partir pr\u00f3xima segunda-feira (13\/08), das 10 \u00e0s 15h, na Avenida Primeiro de Abril, 626- Centro do munic\u00edpio. O evento de inaugura\u00e7\u00e3o contou com a participa\u00e7\u00e3o de diversas autoridades, a exemplo do diretor presidente Nordeste do Sicoob, Evaldo Campos, do prefeito de Sum\u00e9, \u00c9den Duarte, dos vereadores Z\u00e9 Ant\u00f4nio e de Jefferson Menezes, representando o CDL Sum\u00e9 e a popula\u00e7\u00e3o que prestigiou este importante momento para o munic\u00edpio. O SICOOB \u00e9 o maior sistema financeiro cooperativo do pa\u00eds, composto por cooperativas financeiras e empresas de apoio, que em conjunto oferecem aos associados servi\u00e7os de conta corrente, cr\u00e9dito, investimento, cart\u00f5es, previd\u00eancia, cons\u00f3rcio, seguros, cobran\u00e7a banc\u00e1ria, adquir\u00eancia de meios eletr\u00f4nicos de pagamento, dentre outros. Ou seja, tem todos os produtos e servi\u00e7os banc\u00e1rios, mas n\u00e3o \u00e9 banco. \u00c9 uma cooperativa financeira, onde os clientes s\u00e3o os donos e por isso os resultados financeiros s\u00e3o divididos entre os cooperados. A vinda do SICOOB para Sum\u00e9 contou com o apoio da C\u00e2mara dos Dirigentes Lojistas (CDL) e do Poder P\u00fablico Municipal. Em abril deste ano, o prefeito \u00c9den Duarte, representantes da CDL, o secret\u00e1rio Isca Viana e os vereadores Jos\u00e9 Ant\u00f4nio Fernandes e Ant\u00f4nio Carlos Sarmento foram na sede do Sicoob, em S\u00e3o Jos\u00e9 do Egito-PE, na oportunidade foi formalizado o pedido de abertura de uma Ag\u00eancia do SICOOB para o munic\u00edpio. VEJA MAIS FOTOS:\u00a0 https:\/\/www.facebook.com\/media\/set\/?set=a.1361945553938971.1073741945.1051584748308388&#038;type=3 Cobertura em parceria: Cariri em Destaque\/ R\u00e1dio 95 FM Cariri em Destaque<\/p>\n","protected":false},"author":2,"featured_media":12027,"comment_status":"closed","ping_status":"open","sticky":false,"template":"","format":"standard","meta":{"_eb_attr":"","_jetpack_memberships_contains_paid_content":false,"footnotes":""},"categories":[3],"tags":[],"class_list":["post-12025","post","type-post","status-publish","format-standard","has-post-thumbnail","hentry","category-cidades"],"yoast_head":"<!-- This site is optimized with the Yoast SEO plugin v26.5 - https:\/\/yoast.com\/wordpress\/plugins\/seo\/ -->\n<title>Inaugurada ag\u00eancia do Sicoob em Sum\u00e9 - Not&iacute;cias em Destaque<\/title>\n<meta name=\"robots\" content=\"index, follow, max-snippet:-1, max-image-preview:large, max-video-preview:-1\" \/>\n<link rel=\"canonical\" href=\"https:\/\/noticiasemdestaque.com\/cd\/?p=12025\" \/>\n<meta property=\"og:locale\" content=\"pt_BR\" \/>\n<meta property=\"og:type\" content=\"article\" \/>\n<meta property=\"og:title\" content=\"Inaugurada ag\u00eancia do Sicoob em Sum\u00e9 - Not&iacute;cias em Destaque\" \/>\n<meta property=\"og:description\" content=\"Aconteceu na manh\u00e3 desta sexta-feira (10\/08) em Sum\u00e9, a inaugura\u00e7\u00e3o da ag\u00eancia do Sicoob. A cooperativa ir\u00e1 funcionar j\u00e1 a partir pr\u00f3xima segunda-feira (13\/08), das 10 \u00e0s 15h, na Avenida Primeiro de Abril, 626- Centro do munic\u00edpio. O evento de inaugura\u00e7\u00e3o contou com a participa\u00e7\u00e3o de diversas autoridades, a exemplo do diretor presidente Nordeste do Sicoob, Evaldo Campos, do prefeito de Sum\u00e9, \u00c9den Duarte, dos vereadores Z\u00e9 Ant\u00f4nio e de Jefferson Menezes, representando o CDL Sum\u00e9 e a popula\u00e7\u00e3o que prestigiou este importante momento para o munic\u00edpio. O SICOOB \u00e9 o maior sistema financeiro cooperativo do pa\u00eds, composto por cooperativas financeiras e empresas de apoio, que em conjunto oferecem aos associados servi\u00e7os de conta corrente, cr\u00e9dito, investimento, cart\u00f5es, previd\u00eancia, cons\u00f3rcio, seguros, cobran\u00e7a banc\u00e1ria, adquir\u00eancia de meios eletr\u00f4nicos de pagamento, dentre outros. Ou seja, tem todos os produtos e servi\u00e7os banc\u00e1rios, mas n\u00e3o \u00e9 banco. \u00c9 uma cooperativa financeira, onde os clientes s\u00e3o os donos e por isso os resultados financeiros s\u00e3o divididos entre os cooperados. A vinda do SICOOB para Sum\u00e9 contou com o apoio da C\u00e2mara dos Dirigentes Lojistas (CDL) e do Poder P\u00fablico Municipal. Em abril deste ano, o prefeito \u00c9den Duarte, representantes da CDL, o secret\u00e1rio Isca Viana e os vereadores Jos\u00e9 Ant\u00f4nio Fernandes e Ant\u00f4nio Carlos Sarmento foram na sede do Sicoob, em S\u00e3o Jos\u00e9 do Egito-PE, na oportunidade foi formalizado o pedido de abertura de uma Ag\u00eancia do SICOOB para o munic\u00edpio. VEJA MAIS FOTOS:\u00a0 https:\/\/www.facebook.com\/media\/set\/?set=a.1361945553938971.1073741945.1051584748308388&#038;type=3 Cobertura em parceria: Cariri em Destaque\/ R\u00e1dio 95 FM Cariri em Destaque\" \/>\n<meta property=\"og:url\" content=\"https:\/\/noticiasemdestaque.com\/cd\/?p=12025\" \/>\n<meta property=\"og:site_name\" content=\"Not&iacute;cias em Destaque\" \/>\n<meta property=\"article:published_time\" content=\"2018-08-10T21:25:17+00:00\" \/>\n<meta property=\"article:modified_time\" content=\"2018-08-10T21:28:34+00:00\" \/>\n<meta property=\"og:image\" content=\"https:\/\/noticiasemdestaque.com\/cd\/wp-content\/uploads\/2018\/08\/DSC_0349.jpg\" \/>\n\t<meta property=\"og:image:width\" content=\"800\" \/>\n\t<meta property=\"og:image:height\" content=\"532\" \/>\n\t<meta property=\"og:image:type\" content=\"image\/jpeg\" \/>\n<meta name=\"author\" content=\"Not\u00edcias em Destaque\" \/>\n<meta name=\"twitter:card\" content=\"summary_large_image\" \/>\n<meta name=\"twitter:label1\" content=\"Escrito por\" \/>\n\t<meta name=\"twitter:data1\" content=\"Not\u00edcias em Destaque\" \/>\n\t<meta name=\"twitter:label2\" content=\"Est. tempo de leitura\" \/>\n\t<meta name=\"twitter:data2\" content=\"1 minuto\" \/>\n<script type=\"application\/ld+json\" class=\"yoast-schema-graph\">{\"@context\":\"https:\/\/schema.org\",\"@graph\":[{\"@type\":\"Article\",\"@id\":\"https:\/\/noticiasemdestaque.com\/cd\/?p=12025#article\",\"isPartOf\":{\"@id\":\"https:\/\/noticiasemdestaque.com\/cd\/?p=12025\"},\"author\":{\"name\":\"Not\u00edcias em Destaque\",\"@id\":\"https:\/\/noticiasemdestaque.com\/cd\/#\/schema\/person\/21320b03a7e8bb90128938dafc9b908a\"},\"headline\":\"Inaugurada ag\u00eancia do Sicoob em Sum\u00e9\",\"datePublished\":\"2018-08-10T21:25:17+00:00\",\"dateModified\":\"2018-08-10T21:28:34+00:00\",\"mainEntityOfPage\":{\"@id\":\"https:\/\/noticiasemdestaque.com\/cd\/?p=12025\"},\"wordCount\":301,\"publisher\":{\"@id\":\"https:\/\/noticiasemdestaque.com\/cd\/#organization\"},\"image\":{\"@id\":\"https:\/\/noticiasemdestaque.com\/cd\/?p=12025#primaryimage\"},\"thumbnailUrl\":\"https:\/\/noticiasemdestaque.com\/cd\/wp-content\/uploads\/2018\/08\/DSC_0349.jpg\",\"articleSection\":[\"Cidades\"],\"inLanguage\":\"pt-BR\"},{\"@type\":\"WebPage\",\"@id\":\"https:\/\/noticiasemdestaque.com\/cd\/?p=12025\",\"url\":\"https:\/\/noticiasemdestaque.com\/cd\/?p=12025\",\"name\":\"Inaugurada ag\u00eancia do Sicoob em Sum\u00e9 - Not&iacute;cias em Destaque\",\"isPartOf\":{\"@id\":\"https:\/\/noticiasemdestaque.com\/cd\/#website\"},\"primaryImageOfPage\":{\"@id\":\"https:\/\/noticiasemdestaque.com\/cd\/?p=12025#primaryimage\"},\"image\":{\"@id\":\"https:\/\/noticiasemdestaque.com\/cd\/?p=12025#primaryimage\"},\"thumbnailUrl\":\"https:\/\/noticiasemdestaque.com\/cd\/wp-content\/uploads\/2018\/08\/DSC_0349.jpg\",\"datePublished\":\"2018-08-10T21:25:17+00:00\",\"dateModified\":\"2018-08-10T21:28:34+00:00\",\"breadcrumb\":{\"@id\":\"https:\/\/noticiasemdestaque.com\/cd\/?p=12025#breadcrumb\"},\"inLanguage\":\"pt-BR\",\"potentialAction\":[{\"@type\":\"ReadAction\",\"target\":[\"https:\/\/noticiasemdestaque.com\/cd\/?p=12025\"]}]},{\"@type\":\"ImageObject\",\"inLanguage\":\"pt-BR\",\"@id\":\"https:\/\/noticiasemdestaque.com\/cd\/?p=12025#primaryimage\",\"url\":\"https:\/\/noticiasemdestaque.com\/cd\/wp-content\/uploads\/2018\/08\/DSC_0349.jpg\",\"contentUrl\":\"https:\/\/noticiasemdestaque.com\/cd\/wp-content\/uploads\/2018\/08\/DSC_0349.jpg\",\"width\":800,\"height\":532},{\"@type\":\"BreadcrumbList\",\"@id\":\"https:\/\/noticiasemdestaque.com\/cd\/?p=12025#breadcrumb\",\"itemListElement\":[{\"@type\":\"ListItem\",\"position\":1,\"name\":\"In\u00edcio\",\"item\":\"https:\/\/noticiasemdestaque.com\/cd\/\"},{\"@type\":\"ListItem\",\"position\":2,\"name\":\"Inaugurada ag\u00eancia do Sicoob em Sum\u00e9\"}]},{\"@type\":\"WebSite\",\"@id\":\"https:\/\/noticiasemdestaque.com\/cd\/#website\",\"url\":\"https:\/\/noticiasemdestaque.com\/cd\/\",\"name\":\"Not&iacute;cias em Destaque\",\"description\":\"\",\"publisher\":{\"@id\":\"https:\/\/noticiasemdestaque.com\/cd\/#organization\"},\"potentialAction\":[{\"@type\":\"SearchAction\",\"target\":{\"@type\":\"EntryPoint\",\"urlTemplate\":\"https:\/\/noticiasemdestaque.com\/cd\/?s={search_term_string}\"},\"query-input\":{\"@type\":\"PropertyValueSpecification\",\"valueRequired\":true,\"valueName\":\"search_term_string\"}}],\"inLanguage\":\"pt-BR\"},{\"@type\":\"Organization\",\"@id\":\"https:\/\/noticiasemdestaque.com\/cd\/#organization\",\"name\":\"Not\u00edcias em Destaque\",\"url\":\"https:\/\/noticiasemdestaque.com\/cd\/\",\"logo\":{\"@type\":\"ImageObject\",\"inLanguage\":\"pt-BR\",\"@id\":\"https:\/\/noticiasemdestaque.com\/cd\/#\/schema\/logo\/image\/\",\"url\":\"https:\/\/noticiasemdestaque.com\/cd\/wp-content\/uploads\/2022\/05\/imagem-base-noticiasemdestaque.png\",\"contentUrl\":\"https:\/\/noticiasemdestaque.com\/cd\/wp-content\/uploads\/2022\/05\/imagem-base-noticiasemdestaque.png\",\"width\":1200,\"height\":630,\"caption\":\"Not\u00edcias em Destaque\"},\"image\":{\"@id\":\"https:\/\/noticiasemdestaque.com\/cd\/#\/schema\/logo\/image\/\"}},{\"@type\":\"Person\",\"@id\":\"https:\/\/noticiasemdestaque.com\/cd\/#\/schema\/person\/21320b03a7e8bb90128938dafc9b908a\",\"name\":\"Not\u00edcias em Destaque\",\"url\":\"https:\/\/noticiasemdestaque.com\/cd\/?author=2\"}]}<\/script>\n<!-- \/ Yoast SEO plugin. -->","yoast_head_json":{"title":"Inaugurada ag\u00eancia do Sicoob em Sum\u00e9 - Not&iacute;cias em Destaque","robots":{"index":"index","follow":"follow","max-snippet":"max-snippet:-1","max-image-preview":"max-image-preview:large","max-video-preview":"max-video-preview:-1"},"canonical":"https:\/\/noticiasemdestaque.com\/cd\/?p=12025","og_locale":"pt_BR","og_type":"article","og_title":"Inaugurada ag\u00eancia do Sicoob em Sum\u00e9 - Not&iacute;cias em Destaque","og_description":"Aconteceu na manh\u00e3 desta sexta-feira (10\/08) em Sum\u00e9, a inaugura\u00e7\u00e3o da ag\u00eancia do Sicoob. A cooperativa ir\u00e1 funcionar j\u00e1 a partir pr\u00f3xima segunda-feira (13\/08), das 10 \u00e0s 15h, na Avenida Primeiro de Abril, 626- Centro do munic\u00edpio. O evento de inaugura\u00e7\u00e3o contou com a participa\u00e7\u00e3o de diversas autoridades, a exemplo do diretor presidente Nordeste do Sicoob, Evaldo Campos, do prefeito de Sum\u00e9, \u00c9den Duarte, dos vereadores Z\u00e9 Ant\u00f4nio e de Jefferson Menezes, representando o CDL Sum\u00e9 e a popula\u00e7\u00e3o que prestigiou este importante momento para o munic\u00edpio. O SICOOB \u00e9 o maior sistema financeiro cooperativo do pa\u00eds, composto por cooperativas financeiras e empresas de apoio, que em conjunto oferecem aos associados servi\u00e7os de conta corrente, cr\u00e9dito, investimento, cart\u00f5es, previd\u00eancia, cons\u00f3rcio, seguros, cobran\u00e7a banc\u00e1ria, adquir\u00eancia de meios eletr\u00f4nicos de pagamento, dentre outros. Ou seja, tem todos os produtos e servi\u00e7os banc\u00e1rios, mas n\u00e3o \u00e9 banco. \u00c9 uma cooperativa financeira, onde os clientes s\u00e3o os donos e por isso os resultados financeiros s\u00e3o divididos entre os cooperados. A vinda do SICOOB para Sum\u00e9 contou com o apoio da C\u00e2mara dos Dirigentes Lojistas (CDL) e do Poder P\u00fablico Municipal. Em abril deste ano, o prefeito \u00c9den Duarte, representantes da CDL, o secret\u00e1rio Isca Viana e os vereadores Jos\u00e9 Ant\u00f4nio Fernandes e Ant\u00f4nio Carlos Sarmento foram na sede do Sicoob, em S\u00e3o Jos\u00e9 do Egito-PE, na oportunidade foi formalizado o pedido de abertura de uma Ag\u00eancia do SICOOB para o munic\u00edpio. VEJA MAIS FOTOS:\u00a0 https:\/\/www.facebook.com\/media\/set\/?set=a.1361945553938971.1073741945.1051584748308388&#038;type=3 Cobertura em parceria: Cariri em Destaque\/ R\u00e1dio 95 FM Cariri em Destaque","og_url":"https:\/\/noticiasemdestaque.com\/cd\/?p=12025","og_site_name":"Not&iacute;cias em Destaque","article_published_time":"2018-08-10T21:25:17+00:00","article_modified_time":"2018-08-10T21:28:34+00:00","og_image":[{"width":800,"height":532,"url":"https:\/\/noticiasemdestaque.com\/cd\/wp-content\/uploads\/2018\/08\/DSC_0349.jpg","type":"image\/jpeg"}],"author":"Not\u00edcias em Destaque","twitter_card":"summary_large_image","twitter_misc":{"Escrito por":"Not\u00edcias em Destaque","Est. tempo de leitura":"1 minuto"},"schema":{"@context":"https:\/\/schema.org","@graph":[{"@type":"Article","@id":"https:\/\/noticiasemdestaque.com\/cd\/?p=12025#article","isPartOf":{"@id":"https:\/\/noticiasemdestaque.com\/cd\/?p=12025"},"author":{"name":"Not\u00edcias em Destaque","@id":"https:\/\/noticiasemdestaque.com\/cd\/#\/schema\/person\/21320b03a7e8bb90128938dafc9b908a"},"headline":"Inaugurada ag\u00eancia do Sicoob em Sum\u00e9","datePublished":"2018-08-10T21:25:17+00:00","dateModified":"2018-08-10T21:28:34+00:00","mainEntityOfPage":{"@id":"https:\/\/noticiasemdestaque.com\/cd\/?p=12025"},"wordCount":301,"publisher":{"@id":"https:\/\/noticiasemdestaque.com\/cd\/#organization"},"image":{"@id":"https:\/\/noticiasemdestaque.com\/cd\/?p=12025#primaryimage"},"thumbnailUrl":"https:\/\/noticiasemdestaque.com\/cd\/wp-content\/uploads\/2018\/08\/DSC_0349.jpg","articleSection":["Cidades"],"inLanguage":"pt-BR"},{"@type":"WebPage","@id":"https:\/\/noticiasemdestaque.com\/cd\/?p=12025","url":"https:\/\/noticiasemdestaque.com\/cd\/?p=12025","name":"Inaugurada ag\u00eancia do Sicoob em Sum\u00e9 - Not&iacute;cias em Destaque","isPartOf":{"@id":"https:\/\/noticiasemdestaque.com\/cd\/#website"},"primaryImageOfPage":{"@id":"https:\/\/noticiasemdestaque.com\/cd\/?p=12025#primaryimage"},"image":{"@id":"https:\/\/noticiasemdestaque.com\/cd\/?p=12025#primaryimage"},"thumbnailUrl":"https:\/\/noticiasemdestaque.com\/cd\/wp-content\/uploads\/2018\/08\/DSC_0349.jpg","datePublished":"2018-08-10T21:25:17+00:00","dateModified":"2018-08-10T21:28:34+00:00","breadcrumb":{"@id":"https:\/\/noticiasemdestaque.com\/cd\/?p=12025#breadcrumb"},"inLanguage":"pt-BR","potentialAction":[{"@type":"ReadAction","target":["https:\/\/noticiasemdestaque.com\/cd\/?p=12025"]}]},{"@type":"ImageObject","inLanguage":"pt-BR","@id":"https:\/\/noticiasemdestaque.com\/cd\/?p=12025#primaryimage","url":"https:\/\/noticiasemdestaque.com\/cd\/wp-content\/uploads\/2018\/08\/DSC_0349.jpg","contentUrl":"https:\/\/noticiasemdestaque.com\/cd\/wp-content\/uploads\/2018\/08\/DSC_0349.jpg","width":800,"height":532},{"@type":"BreadcrumbList","@id":"https:\/\/noticiasemdestaque.com\/cd\/?p=12025#breadcrumb","itemListElement":[{"@type":"ListItem","position":1,"name":"In\u00edcio","item":"https:\/\/noticiasemdestaque.com\/cd\/"},{"@type":"ListItem","position":2,"name":"Inaugurada ag\u00eancia do Sicoob em Sum\u00e9"}]},{"@type":"WebSite","@id":"https:\/\/noticiasemdestaque.com\/cd\/#website","url":"https:\/\/noticiasemdestaque.com\/cd\/","name":"Not&iacute;cias em Destaque","description":"","publisher":{"@id":"https:\/\/noticiasemdestaque.com\/cd\/#organization"},"potentialAction":[{"@type":"SearchAction","target":{"@type":"EntryPoint","urlTemplate":"https:\/\/noticiasemdestaque.com\/cd\/?s={search_term_string}"},"query-input":{"@type":"PropertyValueSpecification","valueRequired":true,"valueName":"search_term_string"}}],"inLanguage":"pt-BR"},{"@type":"Organization","@id":"https:\/\/noticiasemdestaque.com\/cd\/#organization","name":"Not\u00edcias em Destaque","url":"https:\/\/noticiasemdestaque.com\/cd\/","logo":{"@type":"ImageObject","inLanguage":"pt-BR","@id":"https:\/\/noticiasemdestaque.com\/cd\/#\/schema\/logo\/image\/","url":"https:\/\/noticiasemdestaque.com\/cd\/wp-content\/uploads\/2022\/05\/imagem-base-noticiasemdestaque.png","contentUrl":"https:\/\/noticiasemdestaque.com\/cd\/wp-content\/uploads\/2022\/05\/imagem-base-noticiasemdestaque.png","width":1200,"height":630,"caption":"Not\u00edcias em Destaque"},"image":{"@id":"https:\/\/noticiasemdestaque.com\/cd\/#\/schema\/logo\/image\/"}},{"@type":"Person","@id":"https:\/\/noticiasemdestaque.com\/cd\/#\/schema\/person\/21320b03a7e8bb90128938dafc9b908a","name":"Not\u00edcias em Destaque","url":"https:\/\/noticiasemdestaque.com\/cd\/?author=2"}]}},"jetpack_featured_media_url":"https:\/\/noticiasemdestaque.com\/cd\/wp-content\/uploads\/2018\/08\/DSC_0349.jpg","jetpack_sharing_enabled":true,"_links":{"self":[{"href":"https:\/\/noticiasemdestaque.com\/cd\/index.php?rest_route=\/wp\/v2\/posts\/12025","targetHints":{"allow":["GET"]}}],"collection":[{"href":"https:\/\/noticiasemdestaque.com\/cd\/index.php?rest_route=\/wp\/v2\/posts"}],"about":[{"href":"https:\/\/noticiasemdestaque.com\/cd\/index.php?rest_route=\/wp\/v2\/types\/post"}],"author":[{"embeddable":true,"href":"https:\/\/noticiasemdestaque.com\/cd\/index.php?rest_route=\/wp\/v2\/users\/2"}],"replies":[{"embeddable":true,"href":"https:\/\/noticiasemdestaque.com\/cd\/index.php?rest_route=%2Fwp%2Fv2%2Fcomments&post=12025"}],"version-history":[{"count":3,"href":"https:\/\/noticiasemdestaque.com\/cd\/index.php?rest_route=\/wp\/v2\/posts\/12025\/revisions"}],"predecessor-version":[{"id":12031,"href":"https:\/\/noticiasemdestaque.com\/cd\/index.php?rest_route=\/wp\/v2\/posts\/12025\/revisions\/12031"}],"wp:featuredmedia":[{"embeddable":true,"href":"https:\/\/noticiasemdestaque.com\/cd\/index.php?rest_route=\/wp\/v2\/media\/12027"}],"wp:attachment":[{"href":"https:\/\/noticiasemdestaque.com\/cd\/index.php?rest_route=%2Fwp%2Fv2%2Fmedia&parent=12025"}],"wp:term":[{"taxonomy":"category","embeddable":true,"href":"https:\/\/noticiasemdestaque.com\/cd\/index.php?rest_route=%2Fwp%2Fv2%2Fcategories&post=12025"},{"taxonomy":"post_tag","embeddable":true,"href":"https:\/\/noticiasemdestaque.com\/cd\/index.php?rest_route=%2Fwp%2Fv2%2Ftags&post=12025"}],"curies":[{"name":"wp","href":"https:\/\/api.w.org\/{rel}","templated":true}]}}