{"id":1196,"date":"2017-07-02T13:46:16","date_gmt":"2017-07-02T16:46:16","guid":{"rendered":"http:\/\/caririemdestaque.com\/cd\/?p=1196"},"modified":"2017-07-02T13:46:16","modified_gmt":"2017-07-02T16:46:16","slug":"cidade-do-cariri-ganha-roteiro-turistico-gastronomico-e-cultural","status":"publish","type":"post","link":"https:\/\/noticiasemdestaque.com\/cd\/?p=1196","title":{"rendered":"Cidade do Cariri ganha roteiro tur\u00edstico, gastron\u00f4mico e cultural"},"content":{"rendered":"<p><a href=\"http:\/\/caririemdestaque.com\/cd\/wp-content\/uploads\/2017\/07\/02072017000120.jpg\"><img fetchpriority=\"high\" decoding=\"async\" class=\"size-medium wp-image-1197 alignleft\" src=\"http:\/\/caririemdestaque.com\/cd\/wp-content\/uploads\/2017\/07\/02072017000120-300x218.jpg\" alt=\"\" width=\"300\" height=\"218\" srcset=\"https:\/\/noticiasemdestaque.com\/cd\/wp-content\/uploads\/2017\/07\/02072017000120-300x218.jpg 300w, https:\/\/noticiasemdestaque.com\/cd\/wp-content\/uploads\/2017\/07\/02072017000120.jpg 547w\" sizes=\"(max-width: 300px) 100vw, 300px\" \/><\/a>O Servi\u00e7o Brasileiro de Apoio \u00e0s Micro e Pequenas Empresas na Para\u00edba (Sebrae-PB) est\u00e1 iniciando mais uma etapa da Rota Cariri Cultural. Desta vez, na cidade da Prata, terra da gastronomia caprina e da cultura popular. Detalhes do projeto podem ser conferido atrav\u00e9s do site http:\/\/rotacariricultural.com.br\/.<\/p>\n<p>De acordo com a programa\u00e7\u00e3o, sete pontos de visita\u00e7\u00e3o est\u00e3o sendo formatados pelo projeto de Turismo do Sebrae. A partir de agosto, os visitantes da cidade poder\u00e3o conhecer o Centro Vida Nordeste, Pedra do Letreiro, Pedra Comprida, Serra da Matarina, Centro Hist\u00f3rico da Prata, Fazenda S\u00e3o Paulo, com uma casa grande e a senzala, e o S\u00edtio Areal.<\/p>\n<p>A cidade possui um casario diferenciado no Centro. Tombadas pelo patrim\u00f4nio hist\u00f3rico, as casas s\u00e3o bem preservadas e coloridas, enfeitando a volta pela pacata cidade. A pra\u00e7a principal \u00e9 bem desenhada, arborizada e preservada at\u00e9 durante esses anos de seca. A zona rural da cidade \u00e9 rica na natureza diversa, com milhares de aves, inclusive a rara \u00e1guia Chilena, que habita algumas partes do Cariri. A flora \u00e9 tamb\u00e9m abundante, com plantas ex\u00f3ticas como a afrodis\u00edaca Cunh\u00e3.<\/p>\n<p>Em um dos pontos do roteiro, na casa do Areal, ocorreu uma verdadeira guerra entre as pol\u00edcias da Para\u00edba e de Pernambuco para prender o bacharel Augusto Santa Cruz, em 1911, acusado de sequestrar, fazer ref\u00e9ns e outros crimes. Conforme os panfletos da cidade, o confronto ocorreu entre 120 capangas do \u201cDoutor Sinhozinho do Areal\u201d e 400 soldados. Esta casa foi incendiada ao final da batalha e queimou por 15 dias. Uma fortaleza, atualmente s\u00edtio hist\u00f3rico bem preservado, s\u00edmbolo do coronelismo, fen\u00f4meno sociol\u00f3gico do Nordeste agr\u00e1rio com alguma predomin\u00e2ncia at\u00e9 os dias atuais.<\/p>\n<p>A gastronomia do munic\u00edpio \u00e9 baseada na caprinocultura, como de toda cidade do Cariri. Na Prata, os cozinheiros mais criativos inventaram h\u00e1 muito tempo o Bode no Buraco. A carne de bode \u00e9 cozida enterrada por carv\u00f5es que a cobrem e ficam em volta da panela. Com cozimento de quase 12 horas, a carne fica no ponto e pode ser provada.<\/p>\n<p>Outro momento interessante do roteiro \u00e9 a visita \u00e0 senzala da Fazenda S\u00e3o Paulo dos Dantas, um \u00edcone de um passado de latif\u00fandio escravo. A casa grande \u00e9 em estilo arquitet\u00f4nico dos Bandeirantes, do per\u00edodo das Entradas e Bandeiras, podendo ter de 300 a 400 anos, conforme o atual propriet\u00e1rio, o major Delmiro Dantas. Ele contou que o seu bisav\u00f4, Manoel Dantas Correia de Gois, comprou a casa de um escravocrata em 1864, mas n\u00e3o deu continuidade \u00e0 escravid\u00e3o, libertando os escravos restantes antes da Lei \u00c1urea.<\/p>\n<p><em><strong>Cariri em Destaque<\/strong><\/em><\/p>\n<p>Com Portal Correio<\/p>\n","protected":false},"excerpt":{"rendered":"<p>O Servi\u00e7o Brasileiro de Apoio \u00e0s Micro e Pequenas Empresas na Para\u00edba (Sebrae-PB) est\u00e1 iniciando mais uma etapa da Rota Cariri Cultural. Desta vez, na cidade da Prata, terra da gastronomia caprina e da cultura popular. Detalhes do projeto podem ser conferido atrav\u00e9s do site http:\/\/rotacariricultural.com.br\/. De acordo com a programa\u00e7\u00e3o, sete pontos de visita\u00e7\u00e3o est\u00e3o sendo formatados pelo projeto de Turismo do Sebrae. A partir de agosto, os visitantes da cidade poder\u00e3o conhecer o Centro Vida Nordeste, Pedra do Letreiro, Pedra Comprida, Serra da Matarina, Centro Hist\u00f3rico da Prata, Fazenda S\u00e3o Paulo, com uma casa grande e a senzala, e o S\u00edtio Areal. A cidade possui um casario diferenciado no Centro. Tombadas pelo patrim\u00f4nio hist\u00f3rico, as casas s\u00e3o bem preservadas e coloridas, enfeitando a volta pela pacata cidade. A pra\u00e7a principal \u00e9 bem desenhada, arborizada e preservada at\u00e9 durante esses anos de seca. A zona rural da cidade \u00e9 rica na natureza diversa, com milhares de aves, inclusive a rara \u00e1guia Chilena, que habita algumas partes do Cariri. A flora \u00e9 tamb\u00e9m abundante, com plantas ex\u00f3ticas como a afrodis\u00edaca Cunh\u00e3. Em um dos pontos do roteiro, na casa do Areal, ocorreu uma verdadeira guerra entre as pol\u00edcias da Para\u00edba e de Pernambuco para prender o bacharel Augusto Santa Cruz, em 1911, acusado de sequestrar, fazer ref\u00e9ns e outros crimes. Conforme os panfletos da cidade, o confronto ocorreu entre 120 capangas do \u201cDoutor Sinhozinho do Areal\u201d e 400 soldados. Esta casa foi incendiada ao final da batalha e queimou por 15 dias. Uma fortaleza, atualmente s\u00edtio hist\u00f3rico bem preservado, s\u00edmbolo do coronelismo, fen\u00f4meno sociol\u00f3gico do Nordeste agr\u00e1rio com alguma predomin\u00e2ncia at\u00e9 os dias atuais. A gastronomia do munic\u00edpio \u00e9 baseada na caprinocultura, como de toda cidade do Cariri. Na Prata, os cozinheiros mais criativos inventaram h\u00e1 muito tempo o Bode no Buraco. A carne de bode \u00e9 cozida enterrada por carv\u00f5es que a cobrem e ficam em volta da panela. Com cozimento de quase 12 horas, a carne fica no ponto e pode ser provada. Outro momento interessante do roteiro \u00e9 a visita \u00e0 senzala da Fazenda S\u00e3o Paulo dos Dantas, um \u00edcone de um passado de latif\u00fandio escravo. A casa grande \u00e9 em estilo arquitet\u00f4nico dos Bandeirantes, do per\u00edodo das Entradas e Bandeiras, podendo ter de 300 a 400 anos, conforme o atual propriet\u00e1rio, o major Delmiro Dantas. Ele contou que o seu bisav\u00f4, Manoel Dantas Correia de Gois, comprou a casa de um escravocrata em 1864, mas n\u00e3o deu continuidade \u00e0 escravid\u00e3o, libertando os escravos restantes antes da Lei \u00c1urea. Cariri em Destaque Com Portal Correio<\/p>\n","protected":false},"author":2,"featured_media":1197,"comment_status":"closed","ping_status":"open","sticky":false,"template":"","format":"standard","meta":{"_eb_attr":"","_jetpack_memberships_contains_paid_content":false,"footnotes":""},"categories":[3],"tags":[],"class_list":["post-1196","post","type-post","status-publish","format-standard","has-post-thumbnail","hentry","category-cidades"],"yoast_head":"<!-- This site is optimized with the Yoast SEO plugin v26.5 - https:\/\/yoast.com\/wordpress\/plugins\/seo\/ -->\n<title>Cidade do Cariri ganha roteiro tur\u00edstico, gastron\u00f4mico e cultural - Not&iacute;cias em Destaque<\/title>\n<meta name=\"robots\" content=\"index, follow, max-snippet:-1, max-image-preview:large, max-video-preview:-1\" \/>\n<link rel=\"canonical\" href=\"https:\/\/noticiasemdestaque.com\/cd\/?p=1196\" \/>\n<meta property=\"og:locale\" content=\"pt_BR\" \/>\n<meta property=\"og:type\" content=\"article\" \/>\n<meta property=\"og:title\" content=\"Cidade do Cariri ganha roteiro tur\u00edstico, gastron\u00f4mico e cultural - Not&iacute;cias em Destaque\" \/>\n<meta property=\"og:description\" content=\"O Servi\u00e7o Brasileiro de Apoio \u00e0s Micro e Pequenas Empresas na Para\u00edba (Sebrae-PB) est\u00e1 iniciando mais uma etapa da Rota Cariri Cultural. Desta vez, na cidade da Prata, terra da gastronomia caprina e da cultura popular. Detalhes do projeto podem ser conferido atrav\u00e9s do site http:\/\/rotacariricultural.com.br\/. De acordo com a programa\u00e7\u00e3o, sete pontos de visita\u00e7\u00e3o est\u00e3o sendo formatados pelo projeto de Turismo do Sebrae. A partir de agosto, os visitantes da cidade poder\u00e3o conhecer o Centro Vida Nordeste, Pedra do Letreiro, Pedra Comprida, Serra da Matarina, Centro Hist\u00f3rico da Prata, Fazenda S\u00e3o Paulo, com uma casa grande e a senzala, e o S\u00edtio Areal. A cidade possui um casario diferenciado no Centro. Tombadas pelo patrim\u00f4nio hist\u00f3rico, as casas s\u00e3o bem preservadas e coloridas, enfeitando a volta pela pacata cidade. A pra\u00e7a principal \u00e9 bem desenhada, arborizada e preservada at\u00e9 durante esses anos de seca. A zona rural da cidade \u00e9 rica na natureza diversa, com milhares de aves, inclusive a rara \u00e1guia Chilena, que habita algumas partes do Cariri. A flora \u00e9 tamb\u00e9m abundante, com plantas ex\u00f3ticas como a afrodis\u00edaca Cunh\u00e3. Em um dos pontos do roteiro, na casa do Areal, ocorreu uma verdadeira guerra entre as pol\u00edcias da Para\u00edba e de Pernambuco para prender o bacharel Augusto Santa Cruz, em 1911, acusado de sequestrar, fazer ref\u00e9ns e outros crimes. Conforme os panfletos da cidade, o confronto ocorreu entre 120 capangas do \u201cDoutor Sinhozinho do Areal\u201d e 400 soldados. Esta casa foi incendiada ao final da batalha e queimou por 15 dias. Uma fortaleza, atualmente s\u00edtio hist\u00f3rico bem preservado, s\u00edmbolo do coronelismo, fen\u00f4meno sociol\u00f3gico do Nordeste agr\u00e1rio com alguma predomin\u00e2ncia at\u00e9 os dias atuais. A gastronomia do munic\u00edpio \u00e9 baseada na caprinocultura, como de toda cidade do Cariri. Na Prata, os cozinheiros mais criativos inventaram h\u00e1 muito tempo o Bode no Buraco. A carne de bode \u00e9 cozida enterrada por carv\u00f5es que a cobrem e ficam em volta da panela. Com cozimento de quase 12 horas, a carne fica no ponto e pode ser provada. Outro momento interessante do roteiro \u00e9 a visita \u00e0 senzala da Fazenda S\u00e3o Paulo dos Dantas, um \u00edcone de um passado de latif\u00fandio escravo. A casa grande \u00e9 em estilo arquitet\u00f4nico dos Bandeirantes, do per\u00edodo das Entradas e Bandeiras, podendo ter de 300 a 400 anos, conforme o atual propriet\u00e1rio, o major Delmiro Dantas. Ele contou que o seu bisav\u00f4, Manoel Dantas Correia de Gois, comprou a casa de um escravocrata em 1864, mas n\u00e3o deu continuidade \u00e0 escravid\u00e3o, libertando os escravos restantes antes da Lei \u00c1urea. Cariri em Destaque Com Portal Correio\" \/>\n<meta property=\"og:url\" content=\"https:\/\/noticiasemdestaque.com\/cd\/?p=1196\" \/>\n<meta property=\"og:site_name\" content=\"Not&iacute;cias em Destaque\" \/>\n<meta property=\"article:published_time\" content=\"2017-07-02T16:46:16+00:00\" \/>\n<meta property=\"og:image\" content=\"https:\/\/noticiasemdestaque.com\/cd\/wp-content\/uploads\/2017\/07\/02072017000120.jpg\" \/>\n\t<meta property=\"og:image:width\" content=\"547\" \/>\n\t<meta property=\"og:image:height\" content=\"398\" \/>\n\t<meta property=\"og:image:type\" content=\"image\/jpeg\" \/>\n<meta name=\"author\" content=\"Not\u00edcias em Destaque\" \/>\n<meta name=\"twitter:card\" content=\"summary_large_image\" \/>\n<meta name=\"twitter:label1\" content=\"Escrito por\" \/>\n\t<meta name=\"twitter:data1\" content=\"Not\u00edcias em Destaque\" \/>\n\t<meta name=\"twitter:label2\" content=\"Est. tempo de leitura\" \/>\n\t<meta name=\"twitter:data2\" content=\"2 minutos\" \/>\n<script type=\"application\/ld+json\" class=\"yoast-schema-graph\">{\"@context\":\"https:\/\/schema.org\",\"@graph\":[{\"@type\":\"Article\",\"@id\":\"https:\/\/noticiasemdestaque.com\/cd\/?p=1196#article\",\"isPartOf\":{\"@id\":\"https:\/\/noticiasemdestaque.com\/cd\/?p=1196\"},\"author\":{\"name\":\"Not\u00edcias em Destaque\",\"@id\":\"https:\/\/noticiasemdestaque.com\/cd\/#\/schema\/person\/47f7d4f55eec17c6b2ca036c5500f6ce\"},\"headline\":\"Cidade do Cariri ganha roteiro tur\u00edstico, gastron\u00f4mico e cultural\",\"datePublished\":\"2017-07-02T16:46:16+00:00\",\"mainEntityOfPage\":{\"@id\":\"https:\/\/noticiasemdestaque.com\/cd\/?p=1196\"},\"wordCount\":461,\"publisher\":{\"@id\":\"https:\/\/noticiasemdestaque.com\/cd\/#organization\"},\"image\":{\"@id\":\"https:\/\/noticiasemdestaque.com\/cd\/?p=1196#primaryimage\"},\"thumbnailUrl\":\"https:\/\/noticiasemdestaque.com\/cd\/wp-content\/uploads\/2017\/07\/02072017000120.jpg\",\"articleSection\":[\"Cidades\"],\"inLanguage\":\"pt-BR\"},{\"@type\":\"WebPage\",\"@id\":\"https:\/\/noticiasemdestaque.com\/cd\/?p=1196\",\"url\":\"https:\/\/noticiasemdestaque.com\/cd\/?p=1196\",\"name\":\"Cidade do Cariri ganha roteiro tur\u00edstico, gastron\u00f4mico e cultural - Not&iacute;cias em Destaque\",\"isPartOf\":{\"@id\":\"https:\/\/noticiasemdestaque.com\/cd\/#website\"},\"primaryImageOfPage\":{\"@id\":\"https:\/\/noticiasemdestaque.com\/cd\/?p=1196#primaryimage\"},\"image\":{\"@id\":\"https:\/\/noticiasemdestaque.com\/cd\/?p=1196#primaryimage\"},\"thumbnailUrl\":\"https:\/\/noticiasemdestaque.com\/cd\/wp-content\/uploads\/2017\/07\/02072017000120.jpg\",\"datePublished\":\"2017-07-02T16:46:16+00:00\",\"breadcrumb\":{\"@id\":\"https:\/\/noticiasemdestaque.com\/cd\/?p=1196#breadcrumb\"},\"inLanguage\":\"pt-BR\",\"potentialAction\":[{\"@type\":\"ReadAction\",\"target\":[\"https:\/\/noticiasemdestaque.com\/cd\/?p=1196\"]}]},{\"@type\":\"ImageObject\",\"inLanguage\":\"pt-BR\",\"@id\":\"https:\/\/noticiasemdestaque.com\/cd\/?p=1196#primaryimage\",\"url\":\"https:\/\/noticiasemdestaque.com\/cd\/wp-content\/uploads\/2017\/07\/02072017000120.jpg\",\"contentUrl\":\"https:\/\/noticiasemdestaque.com\/cd\/wp-content\/uploads\/2017\/07\/02072017000120.jpg\",\"width\":547,\"height\":398},{\"@type\":\"BreadcrumbList\",\"@id\":\"https:\/\/noticiasemdestaque.com\/cd\/?p=1196#breadcrumb\",\"itemListElement\":[{\"@type\":\"ListItem\",\"position\":1,\"name\":\"In\u00edcio\",\"item\":\"https:\/\/noticiasemdestaque.com\/cd\/\"},{\"@type\":\"ListItem\",\"position\":2,\"name\":\"Cidade do Cariri ganha roteiro tur\u00edstico, gastron\u00f4mico e cultural\"}]},{\"@type\":\"WebSite\",\"@id\":\"https:\/\/noticiasemdestaque.com\/cd\/#website\",\"url\":\"https:\/\/noticiasemdestaque.com\/cd\/\",\"name\":\"Not&iacute;cias em Destaque\",\"description\":\"\",\"publisher\":{\"@id\":\"https:\/\/noticiasemdestaque.com\/cd\/#organization\"},\"potentialAction\":[{\"@type\":\"SearchAction\",\"target\":{\"@type\":\"EntryPoint\",\"urlTemplate\":\"https:\/\/noticiasemdestaque.com\/cd\/?s={search_term_string}\"},\"query-input\":{\"@type\":\"PropertyValueSpecification\",\"valueRequired\":true,\"valueName\":\"search_term_string\"}}],\"inLanguage\":\"pt-BR\"},{\"@type\":\"Organization\",\"@id\":\"https:\/\/noticiasemdestaque.com\/cd\/#organization\",\"name\":\"Not\u00edcias em Destaque\",\"url\":\"https:\/\/noticiasemdestaque.com\/cd\/\",\"logo\":{\"@type\":\"ImageObject\",\"inLanguage\":\"pt-BR\",\"@id\":\"https:\/\/noticiasemdestaque.com\/cd\/#\/schema\/logo\/image\/\",\"url\":\"https:\/\/noticiasemdestaque.com\/cd\/wp-content\/uploads\/2022\/05\/imagem-base-noticiasemdestaque.png\",\"contentUrl\":\"https:\/\/noticiasemdestaque.com\/cd\/wp-content\/uploads\/2022\/05\/imagem-base-noticiasemdestaque.png\",\"width\":1200,\"height\":630,\"caption\":\"Not\u00edcias em Destaque\"},\"image\":{\"@id\":\"https:\/\/noticiasemdestaque.com\/cd\/#\/schema\/logo\/image\/\"}},{\"@type\":\"Person\",\"@id\":\"https:\/\/noticiasemdestaque.com\/cd\/#\/schema\/person\/47f7d4f55eec17c6b2ca036c5500f6ce\",\"name\":\"Not\u00edcias em Destaque\",\"url\":\"https:\/\/noticiasemdestaque.com\/cd\/?author=2\"}]}<\/script>\n<!-- \/ Yoast SEO plugin. -->","yoast_head_json":{"title":"Cidade do Cariri ganha roteiro tur\u00edstico, gastron\u00f4mico e cultural - Not&iacute;cias em Destaque","robots":{"index":"index","follow":"follow","max-snippet":"max-snippet:-1","max-image-preview":"max-image-preview:large","max-video-preview":"max-video-preview:-1"},"canonical":"https:\/\/noticiasemdestaque.com\/cd\/?p=1196","og_locale":"pt_BR","og_type":"article","og_title":"Cidade do Cariri ganha roteiro tur\u00edstico, gastron\u00f4mico e cultural - Not&iacute;cias em Destaque","og_description":"O Servi\u00e7o Brasileiro de Apoio \u00e0s Micro e Pequenas Empresas na Para\u00edba (Sebrae-PB) est\u00e1 iniciando mais uma etapa da Rota Cariri Cultural. Desta vez, na cidade da Prata, terra da gastronomia caprina e da cultura popular. Detalhes do projeto podem ser conferido atrav\u00e9s do site http:\/\/rotacariricultural.com.br\/. De acordo com a programa\u00e7\u00e3o, sete pontos de visita\u00e7\u00e3o est\u00e3o sendo formatados pelo projeto de Turismo do Sebrae. A partir de agosto, os visitantes da cidade poder\u00e3o conhecer o Centro Vida Nordeste, Pedra do Letreiro, Pedra Comprida, Serra da Matarina, Centro Hist\u00f3rico da Prata, Fazenda S\u00e3o Paulo, com uma casa grande e a senzala, e o S\u00edtio Areal. A cidade possui um casario diferenciado no Centro. Tombadas pelo patrim\u00f4nio hist\u00f3rico, as casas s\u00e3o bem preservadas e coloridas, enfeitando a volta pela pacata cidade. A pra\u00e7a principal \u00e9 bem desenhada, arborizada e preservada at\u00e9 durante esses anos de seca. A zona rural da cidade \u00e9 rica na natureza diversa, com milhares de aves, inclusive a rara \u00e1guia Chilena, que habita algumas partes do Cariri. A flora \u00e9 tamb\u00e9m abundante, com plantas ex\u00f3ticas como a afrodis\u00edaca Cunh\u00e3. Em um dos pontos do roteiro, na casa do Areal, ocorreu uma verdadeira guerra entre as pol\u00edcias da Para\u00edba e de Pernambuco para prender o bacharel Augusto Santa Cruz, em 1911, acusado de sequestrar, fazer ref\u00e9ns e outros crimes. Conforme os panfletos da cidade, o confronto ocorreu entre 120 capangas do \u201cDoutor Sinhozinho do Areal\u201d e 400 soldados. Esta casa foi incendiada ao final da batalha e queimou por 15 dias. Uma fortaleza, atualmente s\u00edtio hist\u00f3rico bem preservado, s\u00edmbolo do coronelismo, fen\u00f4meno sociol\u00f3gico do Nordeste agr\u00e1rio com alguma predomin\u00e2ncia at\u00e9 os dias atuais. A gastronomia do munic\u00edpio \u00e9 baseada na caprinocultura, como de toda cidade do Cariri. Na Prata, os cozinheiros mais criativos inventaram h\u00e1 muito tempo o Bode no Buraco. A carne de bode \u00e9 cozida enterrada por carv\u00f5es que a cobrem e ficam em volta da panela. Com cozimento de quase 12 horas, a carne fica no ponto e pode ser provada. Outro momento interessante do roteiro \u00e9 a visita \u00e0 senzala da Fazenda S\u00e3o Paulo dos Dantas, um \u00edcone de um passado de latif\u00fandio escravo. A casa grande \u00e9 em estilo arquitet\u00f4nico dos Bandeirantes, do per\u00edodo das Entradas e Bandeiras, podendo ter de 300 a 400 anos, conforme o atual propriet\u00e1rio, o major Delmiro Dantas. Ele contou que o seu bisav\u00f4, Manoel Dantas Correia de Gois, comprou a casa de um escravocrata em 1864, mas n\u00e3o deu continuidade \u00e0 escravid\u00e3o, libertando os escravos restantes antes da Lei \u00c1urea. Cariri em Destaque Com Portal Correio","og_url":"https:\/\/noticiasemdestaque.com\/cd\/?p=1196","og_site_name":"Not&iacute;cias em Destaque","article_published_time":"2017-07-02T16:46:16+00:00","og_image":[{"width":547,"height":398,"url":"https:\/\/noticiasemdestaque.com\/cd\/wp-content\/uploads\/2017\/07\/02072017000120.jpg","type":"image\/jpeg"}],"author":"Not\u00edcias em Destaque","twitter_card":"summary_large_image","twitter_misc":{"Escrito por":"Not\u00edcias em Destaque","Est. tempo de leitura":"2 minutos"},"schema":{"@context":"https:\/\/schema.org","@graph":[{"@type":"Article","@id":"https:\/\/noticiasemdestaque.com\/cd\/?p=1196#article","isPartOf":{"@id":"https:\/\/noticiasemdestaque.com\/cd\/?p=1196"},"author":{"name":"Not\u00edcias em Destaque","@id":"https:\/\/noticiasemdestaque.com\/cd\/#\/schema\/person\/47f7d4f55eec17c6b2ca036c5500f6ce"},"headline":"Cidade do Cariri ganha roteiro tur\u00edstico, gastron\u00f4mico e cultural","datePublished":"2017-07-02T16:46:16+00:00","mainEntityOfPage":{"@id":"https:\/\/noticiasemdestaque.com\/cd\/?p=1196"},"wordCount":461,"publisher":{"@id":"https:\/\/noticiasemdestaque.com\/cd\/#organization"},"image":{"@id":"https:\/\/noticiasemdestaque.com\/cd\/?p=1196#primaryimage"},"thumbnailUrl":"https:\/\/noticiasemdestaque.com\/cd\/wp-content\/uploads\/2017\/07\/02072017000120.jpg","articleSection":["Cidades"],"inLanguage":"pt-BR"},{"@type":"WebPage","@id":"https:\/\/noticiasemdestaque.com\/cd\/?p=1196","url":"https:\/\/noticiasemdestaque.com\/cd\/?p=1196","name":"Cidade do Cariri ganha roteiro tur\u00edstico, gastron\u00f4mico e cultural - Not&iacute;cias em Destaque","isPartOf":{"@id":"https:\/\/noticiasemdestaque.com\/cd\/#website"},"primaryImageOfPage":{"@id":"https:\/\/noticiasemdestaque.com\/cd\/?p=1196#primaryimage"},"image":{"@id":"https:\/\/noticiasemdestaque.com\/cd\/?p=1196#primaryimage"},"thumbnailUrl":"https:\/\/noticiasemdestaque.com\/cd\/wp-content\/uploads\/2017\/07\/02072017000120.jpg","datePublished":"2017-07-02T16:46:16+00:00","breadcrumb":{"@id":"https:\/\/noticiasemdestaque.com\/cd\/?p=1196#breadcrumb"},"inLanguage":"pt-BR","potentialAction":[{"@type":"ReadAction","target":["https:\/\/noticiasemdestaque.com\/cd\/?p=1196"]}]},{"@type":"ImageObject","inLanguage":"pt-BR","@id":"https:\/\/noticiasemdestaque.com\/cd\/?p=1196#primaryimage","url":"https:\/\/noticiasemdestaque.com\/cd\/wp-content\/uploads\/2017\/07\/02072017000120.jpg","contentUrl":"https:\/\/noticiasemdestaque.com\/cd\/wp-content\/uploads\/2017\/07\/02072017000120.jpg","width":547,"height":398},{"@type":"BreadcrumbList","@id":"https:\/\/noticiasemdestaque.com\/cd\/?p=1196#breadcrumb","itemListElement":[{"@type":"ListItem","position":1,"name":"In\u00edcio","item":"https:\/\/noticiasemdestaque.com\/cd\/"},{"@type":"ListItem","position":2,"name":"Cidade do Cariri ganha roteiro tur\u00edstico, gastron\u00f4mico e cultural"}]},{"@type":"WebSite","@id":"https:\/\/noticiasemdestaque.com\/cd\/#website","url":"https:\/\/noticiasemdestaque.com\/cd\/","name":"Not&iacute;cias em Destaque","description":"","publisher":{"@id":"https:\/\/noticiasemdestaque.com\/cd\/#organization"},"potentialAction":[{"@type":"SearchAction","target":{"@type":"EntryPoint","urlTemplate":"https:\/\/noticiasemdestaque.com\/cd\/?s={search_term_string}"},"query-input":{"@type":"PropertyValueSpecification","valueRequired":true,"valueName":"search_term_string"}}],"inLanguage":"pt-BR"},{"@type":"Organization","@id":"https:\/\/noticiasemdestaque.com\/cd\/#organization","name":"Not\u00edcias em Destaque","url":"https:\/\/noticiasemdestaque.com\/cd\/","logo":{"@type":"ImageObject","inLanguage":"pt-BR","@id":"https:\/\/noticiasemdestaque.com\/cd\/#\/schema\/logo\/image\/","url":"https:\/\/noticiasemdestaque.com\/cd\/wp-content\/uploads\/2022\/05\/imagem-base-noticiasemdestaque.png","contentUrl":"https:\/\/noticiasemdestaque.com\/cd\/wp-content\/uploads\/2022\/05\/imagem-base-noticiasemdestaque.png","width":1200,"height":630,"caption":"Not\u00edcias em Destaque"},"image":{"@id":"https:\/\/noticiasemdestaque.com\/cd\/#\/schema\/logo\/image\/"}},{"@type":"Person","@id":"https:\/\/noticiasemdestaque.com\/cd\/#\/schema\/person\/47f7d4f55eec17c6b2ca036c5500f6ce","name":"Not\u00edcias em Destaque","url":"https:\/\/noticiasemdestaque.com\/cd\/?author=2"}]}},"jetpack_featured_media_url":"https:\/\/noticiasemdestaque.com\/cd\/wp-content\/uploads\/2017\/07\/02072017000120.jpg","jetpack_sharing_enabled":true,"_links":{"self":[{"href":"https:\/\/noticiasemdestaque.com\/cd\/index.php?rest_route=\/wp\/v2\/posts\/1196","targetHints":{"allow":["GET"]}}],"collection":[{"href":"https:\/\/noticiasemdestaque.com\/cd\/index.php?rest_route=\/wp\/v2\/posts"}],"about":[{"href":"https:\/\/noticiasemdestaque.com\/cd\/index.php?rest_route=\/wp\/v2\/types\/post"}],"author":[{"embeddable":true,"href":"https:\/\/noticiasemdestaque.com\/cd\/index.php?rest_route=\/wp\/v2\/users\/2"}],"replies":[{"embeddable":true,"href":"https:\/\/noticiasemdestaque.com\/cd\/index.php?rest_route=%2Fwp%2Fv2%2Fcomments&post=1196"}],"version-history":[{"count":1,"href":"https:\/\/noticiasemdestaque.com\/cd\/index.php?rest_route=\/wp\/v2\/posts\/1196\/revisions"}],"predecessor-version":[{"id":1198,"href":"https:\/\/noticiasemdestaque.com\/cd\/index.php?rest_route=\/wp\/v2\/posts\/1196\/revisions\/1198"}],"wp:featuredmedia":[{"embeddable":true,"href":"https:\/\/noticiasemdestaque.com\/cd\/index.php?rest_route=\/wp\/v2\/media\/1197"}],"wp:attachment":[{"href":"https:\/\/noticiasemdestaque.com\/cd\/index.php?rest_route=%2Fwp%2Fv2%2Fmedia&parent=1196"}],"wp:term":[{"taxonomy":"category","embeddable":true,"href":"https:\/\/noticiasemdestaque.com\/cd\/index.php?rest_route=%2Fwp%2Fv2%2Fcategories&post=1196"},{"taxonomy":"post_tag","embeddable":true,"href":"https:\/\/noticiasemdestaque.com\/cd\/index.php?rest_route=%2Fwp%2Fv2%2Ftags&post=1196"}],"curies":[{"name":"wp","href":"https:\/\/api.w.org\/{rel}","templated":true}]}}