{"id":1191,"date":"2017-07-02T13:38:15","date_gmt":"2017-07-02T16:38:15","guid":{"rendered":"http:\/\/caririemdestaque.com\/cd\/?p=1191"},"modified":"2017-07-02T13:38:42","modified_gmt":"2017-07-02T16:38:42","slug":"sao-pedro-foi-sucesso-e-prefeito-ja-prepara-festival-do-mel","status":"publish","type":"post","link":"https:\/\/noticiasemdestaque.com\/cd\/?p=1191","title":{"rendered":"S\u00e3o Pedro de S\u00e3o Jos\u00e9 dos Cordeiros foi sucesso e prefeito j\u00e1 prepara Festival do Mel"},"content":{"rendered":"<p><a href=\"http:\/\/caririemdestaque.com\/cd\/wp-content\/uploads\/2017\/07\/01072017204302.jpg\"><img fetchpriority=\"high\" decoding=\"async\" class=\"size-medium wp-image-1192 alignleft\" src=\"http:\/\/caririemdestaque.com\/cd\/wp-content\/uploads\/2017\/07\/01072017204302-300x225.jpg\" alt=\"\" width=\"300\" height=\"225\" srcset=\"https:\/\/noticiasemdestaque.com\/cd\/wp-content\/uploads\/2017\/07\/01072017204302-300x225.jpg 300w, https:\/\/noticiasemdestaque.com\/cd\/wp-content\/uploads\/2017\/07\/01072017204302-640x480.jpg 640w, https:\/\/noticiasemdestaque.com\/cd\/wp-content\/uploads\/2017\/07\/01072017204302.jpg 720w\" sizes=\"(max-width: 300px) 100vw, 300px\" \/><\/a>A cidade de S\u00e3o Jos\u00e9 dos Cordeiros realizou seu tradicional S\u00e3o Pedro nestes dias 28 e 29 de junho. Com realiza\u00e7\u00e3o da Prefeitura Municipal, a festa contou com programa\u00e7\u00e3o religiosa, arrasta p\u00e9 e muita alegria.<\/p>\n<p>Na primeira noite, dia 28, os evang\u00e9licos se reuniram em uma noite que j\u00e1 virou tradi\u00e7\u00e3o na Festa de S\u00e3o Pedro na cidade. J\u00e1 no dia 29, foi a vez da cantora Walkiria Santos, Nascimento Filho e o Forr\u00f3 na Hora fazerem a festa em um grande show.<\/p>\n<p>Um grande p\u00fablico tanto de S\u00e3o Jos\u00e9 dos Cordeiros como das cidades vizinhas vieram ao evento e se divertiram at\u00e9 o outro dia pela manh\u00e3. Uma boa infraestrutura de palco, banheiros qu\u00edmicos e seguran\u00e7a foi colocada \u00e0 disposi\u00e7\u00e3o da popula\u00e7\u00e3o.<\/p>\n<p>O prefeito Jefferson Roberto agradeceu a presen\u00e7a dos visitantes e especialmente o engajamento da popula\u00e7\u00e3o no sucesso do evento. O gestor agradeceu tamb\u00e9m o empenho de todos os funcion\u00e1rios na organiza\u00e7\u00e3o de mais um S\u00e3o Pedro. O deputado estadual Adriano Galdino participou do S\u00e3o Pedro e foi recebido pelo prefeito Jefferson Roberto e o ex-prefeito Fernando Queiroz.<\/p>\n<p><strong>Festival do Mel<\/strong><\/p>\n<p>O prefeito Jefferson Roberto e sua equipe de governo mal conclu\u00edram o S\u00e3o Pedro e j\u00e1 est\u00e3o com aten\u00e7\u00e3o voltada para o Festival do Mel, evento de maior tradi\u00e7\u00e3o no munic\u00edpio. Na \u00faltima quinta-feira (29), o secret\u00e1rio de agricultura Daivyson Romeryto, o t\u00e9cnico da Emater local, Ismar Vilar e Leon Denis (T\u00e9cnico da Emepa) estiveram reunidos na Emepa em Lagoa Seca para discutir a programa\u00e7\u00e3o t\u00e9cnica do festival.<\/p>\n<p>Segundo o secret\u00e1rio Daivyson, quase toda a programa\u00e7\u00e3o t\u00e9cnica foi definida e j\u00e1 ser\u00e3o iniciados os convites para palestrantes e oficineiros. A inten\u00e7\u00e3o \u00e9 fazer uma programa\u00e7\u00e3o t\u00e9cnica forte, que se somar\u00e1 aos eventos paralelos e shows, o que garantir\u00e1 mais uma grande edi\u00e7\u00e3o do Festival do Mel.<\/p>\n<p><strong><em>Cariri em Destaque<\/em><\/strong><\/p>\n<p>Com De Olho no Cariri<\/p>\n","protected":false},"excerpt":{"rendered":"<p>A cidade de S\u00e3o Jos\u00e9 dos Cordeiros realizou seu tradicional S\u00e3o Pedro nestes dias 28 e 29 de junho. Com realiza\u00e7\u00e3o da Prefeitura Municipal, a festa contou com programa\u00e7\u00e3o religiosa, arrasta p\u00e9 e muita alegria. Na primeira noite, dia 28, os evang\u00e9licos se reuniram em uma noite que j\u00e1 virou tradi\u00e7\u00e3o na Festa de S\u00e3o Pedro na cidade. J\u00e1 no dia 29, foi a vez da cantora Walkiria Santos, Nascimento Filho e o Forr\u00f3 na Hora fazerem a festa em um grande show. Um grande p\u00fablico tanto de S\u00e3o Jos\u00e9 dos Cordeiros como das cidades vizinhas vieram ao evento e se divertiram at\u00e9 o outro dia pela manh\u00e3. Uma boa infraestrutura de palco, banheiros qu\u00edmicos e seguran\u00e7a foi colocada \u00e0 disposi\u00e7\u00e3o da popula\u00e7\u00e3o. O prefeito Jefferson Roberto agradeceu a presen\u00e7a dos visitantes e especialmente o engajamento da popula\u00e7\u00e3o no sucesso do evento. O gestor agradeceu tamb\u00e9m o empenho de todos os funcion\u00e1rios na organiza\u00e7\u00e3o de mais um S\u00e3o Pedro. O deputado estadual Adriano Galdino participou do S\u00e3o Pedro e foi recebido pelo prefeito Jefferson Roberto e o ex-prefeito Fernando Queiroz. Festival do Mel O prefeito Jefferson Roberto e sua equipe de governo mal conclu\u00edram o S\u00e3o Pedro e j\u00e1 est\u00e3o com aten\u00e7\u00e3o voltada para o Festival do Mel, evento de maior tradi\u00e7\u00e3o no munic\u00edpio. Na \u00faltima quinta-feira (29), o secret\u00e1rio de agricultura Daivyson Romeryto, o t\u00e9cnico da Emater local, Ismar Vilar e Leon Denis (T\u00e9cnico da Emepa) estiveram reunidos na Emepa em Lagoa Seca para discutir a programa\u00e7\u00e3o t\u00e9cnica do festival. Segundo o secret\u00e1rio Daivyson, quase toda a programa\u00e7\u00e3o t\u00e9cnica foi definida e j\u00e1 ser\u00e3o iniciados os convites para palestrantes e oficineiros. A inten\u00e7\u00e3o \u00e9 fazer uma programa\u00e7\u00e3o t\u00e9cnica forte, que se somar\u00e1 aos eventos paralelos e shows, o que garantir\u00e1 mais uma grande edi\u00e7\u00e3o do Festival do Mel. Cariri em Destaque Com De Olho no Cariri<\/p>\n","protected":false},"author":2,"featured_media":1192,"comment_status":"closed","ping_status":"open","sticky":false,"template":"","format":"standard","meta":{"_eb_attr":"","_jetpack_memberships_contains_paid_content":false,"footnotes":""},"categories":[3],"tags":[],"class_list":["post-1191","post","type-post","status-publish","format-standard","has-post-thumbnail","hentry","category-cidades"],"yoast_head":"<!-- This site is optimized with the Yoast SEO plugin v26.5 - https:\/\/yoast.com\/wordpress\/plugins\/seo\/ -->\n<title>S\u00e3o Pedro de S\u00e3o Jos\u00e9 dos Cordeiros foi sucesso e prefeito j\u00e1 prepara Festival do Mel - Not&iacute;cias em Destaque<\/title>\n<meta name=\"robots\" content=\"index, follow, max-snippet:-1, max-image-preview:large, max-video-preview:-1\" \/>\n<link rel=\"canonical\" href=\"https:\/\/noticiasemdestaque.com\/cd\/?p=1191\" \/>\n<meta property=\"og:locale\" content=\"pt_BR\" \/>\n<meta property=\"og:type\" content=\"article\" \/>\n<meta property=\"og:title\" content=\"S\u00e3o Pedro de S\u00e3o Jos\u00e9 dos Cordeiros foi sucesso e prefeito j\u00e1 prepara Festival do Mel - Not&iacute;cias em Destaque\" \/>\n<meta property=\"og:description\" content=\"A cidade de S\u00e3o Jos\u00e9 dos Cordeiros realizou seu tradicional S\u00e3o Pedro nestes dias 28 e 29 de junho. Com realiza\u00e7\u00e3o da Prefeitura Municipal, a festa contou com programa\u00e7\u00e3o religiosa, arrasta p\u00e9 e muita alegria. Na primeira noite, dia 28, os evang\u00e9licos se reuniram em uma noite que j\u00e1 virou tradi\u00e7\u00e3o na Festa de S\u00e3o Pedro na cidade. J\u00e1 no dia 29, foi a vez da cantora Walkiria Santos, Nascimento Filho e o Forr\u00f3 na Hora fazerem a festa em um grande show. Um grande p\u00fablico tanto de S\u00e3o Jos\u00e9 dos Cordeiros como das cidades vizinhas vieram ao evento e se divertiram at\u00e9 o outro dia pela manh\u00e3. Uma boa infraestrutura de palco, banheiros qu\u00edmicos e seguran\u00e7a foi colocada \u00e0 disposi\u00e7\u00e3o da popula\u00e7\u00e3o. O prefeito Jefferson Roberto agradeceu a presen\u00e7a dos visitantes e especialmente o engajamento da popula\u00e7\u00e3o no sucesso do evento. O gestor agradeceu tamb\u00e9m o empenho de todos os funcion\u00e1rios na organiza\u00e7\u00e3o de mais um S\u00e3o Pedro. O deputado estadual Adriano Galdino participou do S\u00e3o Pedro e foi recebido pelo prefeito Jefferson Roberto e o ex-prefeito Fernando Queiroz. Festival do Mel O prefeito Jefferson Roberto e sua equipe de governo mal conclu\u00edram o S\u00e3o Pedro e j\u00e1 est\u00e3o com aten\u00e7\u00e3o voltada para o Festival do Mel, evento de maior tradi\u00e7\u00e3o no munic\u00edpio. Na \u00faltima quinta-feira (29), o secret\u00e1rio de agricultura Daivyson Romeryto, o t\u00e9cnico da Emater local, Ismar Vilar e Leon Denis (T\u00e9cnico da Emepa) estiveram reunidos na Emepa em Lagoa Seca para discutir a programa\u00e7\u00e3o t\u00e9cnica do festival. Segundo o secret\u00e1rio Daivyson, quase toda a programa\u00e7\u00e3o t\u00e9cnica foi definida e j\u00e1 ser\u00e3o iniciados os convites para palestrantes e oficineiros. A inten\u00e7\u00e3o \u00e9 fazer uma programa\u00e7\u00e3o t\u00e9cnica forte, que se somar\u00e1 aos eventos paralelos e shows, o que garantir\u00e1 mais uma grande edi\u00e7\u00e3o do Festival do Mel. Cariri em Destaque Com De Olho no Cariri\" \/>\n<meta property=\"og:url\" content=\"https:\/\/noticiasemdestaque.com\/cd\/?p=1191\" \/>\n<meta property=\"og:site_name\" content=\"Not&iacute;cias em Destaque\" \/>\n<meta property=\"article:published_time\" content=\"2017-07-02T16:38:15+00:00\" \/>\n<meta property=\"article:modified_time\" content=\"2017-07-02T16:38:42+00:00\" \/>\n<meta property=\"og:image\" content=\"https:\/\/noticiasemdestaque.com\/cd\/wp-content\/uploads\/2017\/07\/01072017204302.jpg\" \/>\n\t<meta property=\"og:image:width\" content=\"720\" \/>\n\t<meta property=\"og:image:height\" content=\"540\" \/>\n\t<meta property=\"og:image:type\" content=\"image\/jpeg\" \/>\n<meta name=\"author\" content=\"Not\u00edcias em Destaque\" \/>\n<meta name=\"twitter:card\" content=\"summary_large_image\" \/>\n<meta name=\"twitter:label1\" content=\"Escrito por\" \/>\n\t<meta name=\"twitter:data1\" content=\"Not\u00edcias em Destaque\" \/>\n\t<meta name=\"twitter:label2\" content=\"Est. tempo de leitura\" \/>\n\t<meta name=\"twitter:data2\" content=\"2 minutos\" \/>\n<script type=\"application\/ld+json\" class=\"yoast-schema-graph\">{\"@context\":\"https:\/\/schema.org\",\"@graph\":[{\"@type\":\"Article\",\"@id\":\"https:\/\/noticiasemdestaque.com\/cd\/?p=1191#article\",\"isPartOf\":{\"@id\":\"https:\/\/noticiasemdestaque.com\/cd\/?p=1191\"},\"author\":{\"name\":\"Not\u00edcias em Destaque\",\"@id\":\"https:\/\/noticiasemdestaque.com\/cd\/#\/schema\/person\/47f7d4f55eec17c6b2ca036c5500f6ce\"},\"headline\":\"S\u00e3o Pedro de S\u00e3o Jos\u00e9 dos Cordeiros foi sucesso e prefeito j\u00e1 prepara Festival do Mel\",\"datePublished\":\"2017-07-02T16:38:15+00:00\",\"dateModified\":\"2017-07-02T16:38:42+00:00\",\"mainEntityOfPage\":{\"@id\":\"https:\/\/noticiasemdestaque.com\/cd\/?p=1191\"},\"wordCount\":357,\"publisher\":{\"@id\":\"https:\/\/noticiasemdestaque.com\/cd\/#organization\"},\"image\":{\"@id\":\"https:\/\/noticiasemdestaque.com\/cd\/?p=1191#primaryimage\"},\"thumbnailUrl\":\"https:\/\/noticiasemdestaque.com\/cd\/wp-content\/uploads\/2017\/07\/01072017204302.jpg\",\"articleSection\":[\"Cidades\"],\"inLanguage\":\"pt-BR\"},{\"@type\":\"WebPage\",\"@id\":\"https:\/\/noticiasemdestaque.com\/cd\/?p=1191\",\"url\":\"https:\/\/noticiasemdestaque.com\/cd\/?p=1191\",\"name\":\"S\u00e3o Pedro de S\u00e3o Jos\u00e9 dos Cordeiros foi sucesso e prefeito j\u00e1 prepara Festival do Mel - Not&iacute;cias em Destaque\",\"isPartOf\":{\"@id\":\"https:\/\/noticiasemdestaque.com\/cd\/#website\"},\"primaryImageOfPage\":{\"@id\":\"https:\/\/noticiasemdestaque.com\/cd\/?p=1191#primaryimage\"},\"image\":{\"@id\":\"https:\/\/noticiasemdestaque.com\/cd\/?p=1191#primaryimage\"},\"thumbnailUrl\":\"https:\/\/noticiasemdestaque.com\/cd\/wp-content\/uploads\/2017\/07\/01072017204302.jpg\",\"datePublished\":\"2017-07-02T16:38:15+00:00\",\"dateModified\":\"2017-07-02T16:38:42+00:00\",\"breadcrumb\":{\"@id\":\"https:\/\/noticiasemdestaque.com\/cd\/?p=1191#breadcrumb\"},\"inLanguage\":\"pt-BR\",\"potentialAction\":[{\"@type\":\"ReadAction\",\"target\":[\"https:\/\/noticiasemdestaque.com\/cd\/?p=1191\"]}]},{\"@type\":\"ImageObject\",\"inLanguage\":\"pt-BR\",\"@id\":\"https:\/\/noticiasemdestaque.com\/cd\/?p=1191#primaryimage\",\"url\":\"https:\/\/noticiasemdestaque.com\/cd\/wp-content\/uploads\/2017\/07\/01072017204302.jpg\",\"contentUrl\":\"https:\/\/noticiasemdestaque.com\/cd\/wp-content\/uploads\/2017\/07\/01072017204302.jpg\",\"width\":720,\"height\":540},{\"@type\":\"BreadcrumbList\",\"@id\":\"https:\/\/noticiasemdestaque.com\/cd\/?p=1191#breadcrumb\",\"itemListElement\":[{\"@type\":\"ListItem\",\"position\":1,\"name\":\"In\u00edcio\",\"item\":\"https:\/\/noticiasemdestaque.com\/cd\/\"},{\"@type\":\"ListItem\",\"position\":2,\"name\":\"S\u00e3o Pedro de S\u00e3o Jos\u00e9 dos Cordeiros foi sucesso e prefeito j\u00e1 prepara Festival do Mel\"}]},{\"@type\":\"WebSite\",\"@id\":\"https:\/\/noticiasemdestaque.com\/cd\/#website\",\"url\":\"https:\/\/noticiasemdestaque.com\/cd\/\",\"name\":\"Not&iacute;cias em Destaque\",\"description\":\"\",\"publisher\":{\"@id\":\"https:\/\/noticiasemdestaque.com\/cd\/#organization\"},\"potentialAction\":[{\"@type\":\"SearchAction\",\"target\":{\"@type\":\"EntryPoint\",\"urlTemplate\":\"https:\/\/noticiasemdestaque.com\/cd\/?s={search_term_string}\"},\"query-input\":{\"@type\":\"PropertyValueSpecification\",\"valueRequired\":true,\"valueName\":\"search_term_string\"}}],\"inLanguage\":\"pt-BR\"},{\"@type\":\"Organization\",\"@id\":\"https:\/\/noticiasemdestaque.com\/cd\/#organization\",\"name\":\"Not\u00edcias em Destaque\",\"url\":\"https:\/\/noticiasemdestaque.com\/cd\/\",\"logo\":{\"@type\":\"ImageObject\",\"inLanguage\":\"pt-BR\",\"@id\":\"https:\/\/noticiasemdestaque.com\/cd\/#\/schema\/logo\/image\/\",\"url\":\"https:\/\/noticiasemdestaque.com\/cd\/wp-content\/uploads\/2022\/05\/imagem-base-noticiasemdestaque.png\",\"contentUrl\":\"https:\/\/noticiasemdestaque.com\/cd\/wp-content\/uploads\/2022\/05\/imagem-base-noticiasemdestaque.png\",\"width\":1200,\"height\":630,\"caption\":\"Not\u00edcias em Destaque\"},\"image\":{\"@id\":\"https:\/\/noticiasemdestaque.com\/cd\/#\/schema\/logo\/image\/\"}},{\"@type\":\"Person\",\"@id\":\"https:\/\/noticiasemdestaque.com\/cd\/#\/schema\/person\/47f7d4f55eec17c6b2ca036c5500f6ce\",\"name\":\"Not\u00edcias em Destaque\",\"url\":\"https:\/\/noticiasemdestaque.com\/cd\/?author=2\"}]}<\/script>\n<!-- \/ Yoast SEO plugin. -->","yoast_head_json":{"title":"S\u00e3o Pedro de S\u00e3o Jos\u00e9 dos Cordeiros foi sucesso e prefeito j\u00e1 prepara Festival do Mel - Not&iacute;cias em Destaque","robots":{"index":"index","follow":"follow","max-snippet":"max-snippet:-1","max-image-preview":"max-image-preview:large","max-video-preview":"max-video-preview:-1"},"canonical":"https:\/\/noticiasemdestaque.com\/cd\/?p=1191","og_locale":"pt_BR","og_type":"article","og_title":"S\u00e3o Pedro de S\u00e3o Jos\u00e9 dos Cordeiros foi sucesso e prefeito j\u00e1 prepara Festival do Mel - Not&iacute;cias em Destaque","og_description":"A cidade de S\u00e3o Jos\u00e9 dos Cordeiros realizou seu tradicional S\u00e3o Pedro nestes dias 28 e 29 de junho. Com realiza\u00e7\u00e3o da Prefeitura Municipal, a festa contou com programa\u00e7\u00e3o religiosa, arrasta p\u00e9 e muita alegria. Na primeira noite, dia 28, os evang\u00e9licos se reuniram em uma noite que j\u00e1 virou tradi\u00e7\u00e3o na Festa de S\u00e3o Pedro na cidade. J\u00e1 no dia 29, foi a vez da cantora Walkiria Santos, Nascimento Filho e o Forr\u00f3 na Hora fazerem a festa em um grande show. Um grande p\u00fablico tanto de S\u00e3o Jos\u00e9 dos Cordeiros como das cidades vizinhas vieram ao evento e se divertiram at\u00e9 o outro dia pela manh\u00e3. Uma boa infraestrutura de palco, banheiros qu\u00edmicos e seguran\u00e7a foi colocada \u00e0 disposi\u00e7\u00e3o da popula\u00e7\u00e3o. O prefeito Jefferson Roberto agradeceu a presen\u00e7a dos visitantes e especialmente o engajamento da popula\u00e7\u00e3o no sucesso do evento. O gestor agradeceu tamb\u00e9m o empenho de todos os funcion\u00e1rios na organiza\u00e7\u00e3o de mais um S\u00e3o Pedro. O deputado estadual Adriano Galdino participou do S\u00e3o Pedro e foi recebido pelo prefeito Jefferson Roberto e o ex-prefeito Fernando Queiroz. Festival do Mel O prefeito Jefferson Roberto e sua equipe de governo mal conclu\u00edram o S\u00e3o Pedro e j\u00e1 est\u00e3o com aten\u00e7\u00e3o voltada para o Festival do Mel, evento de maior tradi\u00e7\u00e3o no munic\u00edpio. Na \u00faltima quinta-feira (29), o secret\u00e1rio de agricultura Daivyson Romeryto, o t\u00e9cnico da Emater local, Ismar Vilar e Leon Denis (T\u00e9cnico da Emepa) estiveram reunidos na Emepa em Lagoa Seca para discutir a programa\u00e7\u00e3o t\u00e9cnica do festival. Segundo o secret\u00e1rio Daivyson, quase toda a programa\u00e7\u00e3o t\u00e9cnica foi definida e j\u00e1 ser\u00e3o iniciados os convites para palestrantes e oficineiros. A inten\u00e7\u00e3o \u00e9 fazer uma programa\u00e7\u00e3o t\u00e9cnica forte, que se somar\u00e1 aos eventos paralelos e shows, o que garantir\u00e1 mais uma grande edi\u00e7\u00e3o do Festival do Mel. Cariri em Destaque Com De Olho no Cariri","og_url":"https:\/\/noticiasemdestaque.com\/cd\/?p=1191","og_site_name":"Not&iacute;cias em Destaque","article_published_time":"2017-07-02T16:38:15+00:00","article_modified_time":"2017-07-02T16:38:42+00:00","og_image":[{"width":720,"height":540,"url":"https:\/\/noticiasemdestaque.com\/cd\/wp-content\/uploads\/2017\/07\/01072017204302.jpg","type":"image\/jpeg"}],"author":"Not\u00edcias em Destaque","twitter_card":"summary_large_image","twitter_misc":{"Escrito por":"Not\u00edcias em Destaque","Est. tempo de leitura":"2 minutos"},"schema":{"@context":"https:\/\/schema.org","@graph":[{"@type":"Article","@id":"https:\/\/noticiasemdestaque.com\/cd\/?p=1191#article","isPartOf":{"@id":"https:\/\/noticiasemdestaque.com\/cd\/?p=1191"},"author":{"name":"Not\u00edcias em Destaque","@id":"https:\/\/noticiasemdestaque.com\/cd\/#\/schema\/person\/47f7d4f55eec17c6b2ca036c5500f6ce"},"headline":"S\u00e3o Pedro de S\u00e3o Jos\u00e9 dos Cordeiros foi sucesso e prefeito j\u00e1 prepara Festival do Mel","datePublished":"2017-07-02T16:38:15+00:00","dateModified":"2017-07-02T16:38:42+00:00","mainEntityOfPage":{"@id":"https:\/\/noticiasemdestaque.com\/cd\/?p=1191"},"wordCount":357,"publisher":{"@id":"https:\/\/noticiasemdestaque.com\/cd\/#organization"},"image":{"@id":"https:\/\/noticiasemdestaque.com\/cd\/?p=1191#primaryimage"},"thumbnailUrl":"https:\/\/noticiasemdestaque.com\/cd\/wp-content\/uploads\/2017\/07\/01072017204302.jpg","articleSection":["Cidades"],"inLanguage":"pt-BR"},{"@type":"WebPage","@id":"https:\/\/noticiasemdestaque.com\/cd\/?p=1191","url":"https:\/\/noticiasemdestaque.com\/cd\/?p=1191","name":"S\u00e3o Pedro de S\u00e3o Jos\u00e9 dos Cordeiros foi sucesso e prefeito j\u00e1 prepara Festival do Mel - Not&iacute;cias em Destaque","isPartOf":{"@id":"https:\/\/noticiasemdestaque.com\/cd\/#website"},"primaryImageOfPage":{"@id":"https:\/\/noticiasemdestaque.com\/cd\/?p=1191#primaryimage"},"image":{"@id":"https:\/\/noticiasemdestaque.com\/cd\/?p=1191#primaryimage"},"thumbnailUrl":"https:\/\/noticiasemdestaque.com\/cd\/wp-content\/uploads\/2017\/07\/01072017204302.jpg","datePublished":"2017-07-02T16:38:15+00:00","dateModified":"2017-07-02T16:38:42+00:00","breadcrumb":{"@id":"https:\/\/noticiasemdestaque.com\/cd\/?p=1191#breadcrumb"},"inLanguage":"pt-BR","potentialAction":[{"@type":"ReadAction","target":["https:\/\/noticiasemdestaque.com\/cd\/?p=1191"]}]},{"@type":"ImageObject","inLanguage":"pt-BR","@id":"https:\/\/noticiasemdestaque.com\/cd\/?p=1191#primaryimage","url":"https:\/\/noticiasemdestaque.com\/cd\/wp-content\/uploads\/2017\/07\/01072017204302.jpg","contentUrl":"https:\/\/noticiasemdestaque.com\/cd\/wp-content\/uploads\/2017\/07\/01072017204302.jpg","width":720,"height":540},{"@type":"BreadcrumbList","@id":"https:\/\/noticiasemdestaque.com\/cd\/?p=1191#breadcrumb","itemListElement":[{"@type":"ListItem","position":1,"name":"In\u00edcio","item":"https:\/\/noticiasemdestaque.com\/cd\/"},{"@type":"ListItem","position":2,"name":"S\u00e3o Pedro de S\u00e3o Jos\u00e9 dos Cordeiros foi sucesso e prefeito j\u00e1 prepara Festival do Mel"}]},{"@type":"WebSite","@id":"https:\/\/noticiasemdestaque.com\/cd\/#website","url":"https:\/\/noticiasemdestaque.com\/cd\/","name":"Not&iacute;cias em Destaque","description":"","publisher":{"@id":"https:\/\/noticiasemdestaque.com\/cd\/#organization"},"potentialAction":[{"@type":"SearchAction","target":{"@type":"EntryPoint","urlTemplate":"https:\/\/noticiasemdestaque.com\/cd\/?s={search_term_string}"},"query-input":{"@type":"PropertyValueSpecification","valueRequired":true,"valueName":"search_term_string"}}],"inLanguage":"pt-BR"},{"@type":"Organization","@id":"https:\/\/noticiasemdestaque.com\/cd\/#organization","name":"Not\u00edcias em Destaque","url":"https:\/\/noticiasemdestaque.com\/cd\/","logo":{"@type":"ImageObject","inLanguage":"pt-BR","@id":"https:\/\/noticiasemdestaque.com\/cd\/#\/schema\/logo\/image\/","url":"https:\/\/noticiasemdestaque.com\/cd\/wp-content\/uploads\/2022\/05\/imagem-base-noticiasemdestaque.png","contentUrl":"https:\/\/noticiasemdestaque.com\/cd\/wp-content\/uploads\/2022\/05\/imagem-base-noticiasemdestaque.png","width":1200,"height":630,"caption":"Not\u00edcias em Destaque"},"image":{"@id":"https:\/\/noticiasemdestaque.com\/cd\/#\/schema\/logo\/image\/"}},{"@type":"Person","@id":"https:\/\/noticiasemdestaque.com\/cd\/#\/schema\/person\/47f7d4f55eec17c6b2ca036c5500f6ce","name":"Not\u00edcias em Destaque","url":"https:\/\/noticiasemdestaque.com\/cd\/?author=2"}]}},"jetpack_featured_media_url":"https:\/\/noticiasemdestaque.com\/cd\/wp-content\/uploads\/2017\/07\/01072017204302.jpg","jetpack_sharing_enabled":true,"_links":{"self":[{"href":"https:\/\/noticiasemdestaque.com\/cd\/index.php?rest_route=\/wp\/v2\/posts\/1191","targetHints":{"allow":["GET"]}}],"collection":[{"href":"https:\/\/noticiasemdestaque.com\/cd\/index.php?rest_route=\/wp\/v2\/posts"}],"about":[{"href":"https:\/\/noticiasemdestaque.com\/cd\/index.php?rest_route=\/wp\/v2\/types\/post"}],"author":[{"embeddable":true,"href":"https:\/\/noticiasemdestaque.com\/cd\/index.php?rest_route=\/wp\/v2\/users\/2"}],"replies":[{"embeddable":true,"href":"https:\/\/noticiasemdestaque.com\/cd\/index.php?rest_route=%2Fwp%2Fv2%2Fcomments&post=1191"}],"version-history":[{"count":2,"href":"https:\/\/noticiasemdestaque.com\/cd\/index.php?rest_route=\/wp\/v2\/posts\/1191\/revisions"}],"predecessor-version":[{"id":1194,"href":"https:\/\/noticiasemdestaque.com\/cd\/index.php?rest_route=\/wp\/v2\/posts\/1191\/revisions\/1194"}],"wp:featuredmedia":[{"embeddable":true,"href":"https:\/\/noticiasemdestaque.com\/cd\/index.php?rest_route=\/wp\/v2\/media\/1192"}],"wp:attachment":[{"href":"https:\/\/noticiasemdestaque.com\/cd\/index.php?rest_route=%2Fwp%2Fv2%2Fmedia&parent=1191"}],"wp:term":[{"taxonomy":"category","embeddable":true,"href":"https:\/\/noticiasemdestaque.com\/cd\/index.php?rest_route=%2Fwp%2Fv2%2Fcategories&post=1191"},{"taxonomy":"post_tag","embeddable":true,"href":"https:\/\/noticiasemdestaque.com\/cd\/index.php?rest_route=%2Fwp%2Fv2%2Ftags&post=1191"}],"curies":[{"name":"wp","href":"https:\/\/api.w.org\/{rel}","templated":true}]}}