{"id":1184,"date":"2017-07-02T12:43:12","date_gmt":"2017-07-02T15:43:12","guid":{"rendered":"http:\/\/caririemdestaque.com\/cd\/?p=1184"},"modified":"2017-07-02T12:43:12","modified_gmt":"2017-07-02T15:43:12","slug":"bebe-fica-20-minutos-sem-sinais-vitais-e-volta-a-vida-apos-batizado","status":"publish","type":"post","link":"https:\/\/noticiasemdestaque.com\/cd\/?p=1184","title":{"rendered":"Beb\u00ea fica 20 minutos sem sinais vitais e volta \u00e0 vida ap\u00f3s batizado"},"content":{"rendered":"<p><a href=\"http:\/\/caririemdestaque.com\/cd\/wp-content\/uploads\/2017\/07\/naom_5958be169a02e-768x329.jpg\"><img decoding=\"async\" class=\"size-medium wp-image-1186 alignleft\" src=\"http:\/\/caririemdestaque.com\/cd\/wp-content\/uploads\/2017\/07\/naom_5958be169a02e-768x329-300x129.jpg\" alt=\"\" width=\"300\" height=\"129\" srcset=\"https:\/\/noticiasemdestaque.com\/cd\/wp-content\/uploads\/2017\/07\/naom_5958be169a02e-768x329-300x129.jpg 300w, https:\/\/noticiasemdestaque.com\/cd\/wp-content\/uploads\/2017\/07\/naom_5958be169a02e-768x329.jpg 768w\" sizes=\"(max-width: 300px) 100vw, 300px\" \/><\/a>Uma beb\u00ea internada na Unidade de Terapia Intensiva (UTI) Neonatal do S\u00edrio Liban\u00eas, em S\u00e3o Paulo, ficou vinte minutos sem qualquer sinal vital, mas voltou \u00e0 vida ap\u00f3s um batizado.<\/p>\n<p>Alice, de apenas 44 dias, \u00e9 v\u00edtima de uma s\u00edndrome rara heredit\u00e1ria chamada ASA (Argininosuccinic aciduria). De acordo com o \u2018Mer\u00f3poles\u2019, o pai pegou a rec\u00e9m nascida no colo e suplicou a Deus no corredor do hospital. Em seguida, um padre que estava no local pediu para batizar a beb\u00ea. Ap\u00f3s o sacramento, a menina voltou \u00e0 vida.<\/p>\n<p>Ainda segundo a reportagem, os custos de interna\u00e7\u00e3o da rec\u00e9m-nascida j\u00e1 ultrapassaram R$ 700 mil. \u201cJ\u00e1 vendemos carro e tudo que pod\u00edamos. Largamos tudo em Bras\u00edlia para nos agarrar a qualquer fio de esperan\u00e7a para salv\u00e1-la e n\u00e3o desistiremos. Vamos batalhar at\u00e9 o fim\u201d, disse o pai, Afonso Vallad\u00e3o.<\/p>\n<p><strong><em>Cariri em Destaque <\/em><\/strong><\/p>\n<p>Fonte: Not\u00edcias ao Minuto<\/p>\n","protected":false},"excerpt":{"rendered":"<p>Uma beb\u00ea internada na Unidade de Terapia Intensiva (UTI) Neonatal do S\u00edrio Liban\u00eas, em S\u00e3o Paulo, ficou vinte minutos sem qualquer sinal vital, mas voltou \u00e0 vida ap\u00f3s um batizado. Alice, de apenas 44 dias, \u00e9 v\u00edtima de uma s\u00edndrome rara heredit\u00e1ria chamada ASA (Argininosuccinic aciduria). De acordo com o \u2018Mer\u00f3poles\u2019, o pai pegou a rec\u00e9m nascida no colo e suplicou a Deus no corredor do hospital. Em seguida, um padre que estava no local pediu para batizar a beb\u00ea. Ap\u00f3s o sacramento, a menina voltou \u00e0 vida. Ainda segundo a reportagem, os custos de interna\u00e7\u00e3o da rec\u00e9m-nascida j\u00e1 ultrapassaram R$ 700 mil. \u201cJ\u00e1 vendemos carro e tudo que pod\u00edamos. Largamos tudo em Bras\u00edlia para nos agarrar a qualquer fio de esperan\u00e7a para salv\u00e1-la e n\u00e3o desistiremos. Vamos batalhar at\u00e9 o fim\u201d, disse o pai, Afonso Vallad\u00e3o. Cariri em Destaque Fonte: Not\u00edcias ao Minuto<\/p>\n","protected":false},"author":2,"featured_media":1186,"comment_status":"closed","ping_status":"open","sticky":false,"template":"","format":"standard","meta":{"_eb_attr":"","_jetpack_memberships_contains_paid_content":false,"footnotes":""},"categories":[8],"tags":[],"class_list":["post-1184","post","type-post","status-publish","format-standard","has-post-thumbnail","hentry","category-saude"],"yoast_head":"<!-- This site is optimized with the Yoast SEO plugin v26.5 - https:\/\/yoast.com\/wordpress\/plugins\/seo\/ -->\n<title>Beb\u00ea fica 20 minutos sem sinais vitais e volta \u00e0 vida ap\u00f3s batizado - Not&iacute;cias em Destaque<\/title>\n<meta name=\"robots\" content=\"index, follow, max-snippet:-1, max-image-preview:large, max-video-preview:-1\" \/>\n<link rel=\"canonical\" href=\"https:\/\/noticiasemdestaque.com\/cd\/?p=1184\" \/>\n<meta property=\"og:locale\" content=\"pt_BR\" \/>\n<meta property=\"og:type\" content=\"article\" \/>\n<meta property=\"og:title\" content=\"Beb\u00ea fica 20 minutos sem sinais vitais e volta \u00e0 vida ap\u00f3s batizado - Not&iacute;cias em Destaque\" \/>\n<meta property=\"og:description\" content=\"Uma beb\u00ea internada na Unidade de Terapia Intensiva (UTI) Neonatal do S\u00edrio Liban\u00eas, em S\u00e3o Paulo, ficou vinte minutos sem qualquer sinal vital, mas voltou \u00e0 vida ap\u00f3s um batizado. Alice, de apenas 44 dias, \u00e9 v\u00edtima de uma s\u00edndrome rara heredit\u00e1ria chamada ASA (Argininosuccinic aciduria). De acordo com o \u2018Mer\u00f3poles\u2019, o pai pegou a rec\u00e9m nascida no colo e suplicou a Deus no corredor do hospital. Em seguida, um padre que estava no local pediu para batizar a beb\u00ea. Ap\u00f3s o sacramento, a menina voltou \u00e0 vida. Ainda segundo a reportagem, os custos de interna\u00e7\u00e3o da rec\u00e9m-nascida j\u00e1 ultrapassaram R$ 700 mil. \u201cJ\u00e1 vendemos carro e tudo que pod\u00edamos. Largamos tudo em Bras\u00edlia para nos agarrar a qualquer fio de esperan\u00e7a para salv\u00e1-la e n\u00e3o desistiremos. Vamos batalhar at\u00e9 o fim\u201d, disse o pai, Afonso Vallad\u00e3o. Cariri em Destaque Fonte: Not\u00edcias ao Minuto\" \/>\n<meta property=\"og:url\" content=\"https:\/\/noticiasemdestaque.com\/cd\/?p=1184\" \/>\n<meta property=\"og:site_name\" content=\"Not&iacute;cias em Destaque\" \/>\n<meta property=\"article:published_time\" content=\"2017-07-02T15:43:12+00:00\" \/>\n<meta property=\"og:image\" content=\"https:\/\/noticiasemdestaque.com\/cd\/wp-content\/uploads\/2017\/07\/naom_5958be169a02e-768x329.jpg\" \/>\n\t<meta property=\"og:image:width\" content=\"768\" \/>\n\t<meta property=\"og:image:height\" content=\"329\" \/>\n\t<meta property=\"og:image:type\" content=\"image\/jpeg\" \/>\n<meta name=\"author\" content=\"Not\u00edcias em Destaque\" \/>\n<meta name=\"twitter:card\" content=\"summary_large_image\" \/>\n<meta name=\"twitter:label1\" content=\"Escrito por\" \/>\n\t<meta name=\"twitter:data1\" content=\"Not\u00edcias em Destaque\" \/>\n\t<meta name=\"twitter:label2\" content=\"Est. tempo de leitura\" \/>\n\t<meta name=\"twitter:data2\" content=\"1 minuto\" \/>\n<script type=\"application\/ld+json\" class=\"yoast-schema-graph\">{\"@context\":\"https:\/\/schema.org\",\"@graph\":[{\"@type\":\"Article\",\"@id\":\"https:\/\/noticiasemdestaque.com\/cd\/?p=1184#article\",\"isPartOf\":{\"@id\":\"https:\/\/noticiasemdestaque.com\/cd\/?p=1184\"},\"author\":{\"name\":\"Not\u00edcias em Destaque\",\"@id\":\"https:\/\/noticiasemdestaque.com\/cd\/#\/schema\/person\/47f7d4f55eec17c6b2ca036c5500f6ce\"},\"headline\":\"Beb\u00ea fica 20 minutos sem sinais vitais e volta \u00e0 vida ap\u00f3s batizado\",\"datePublished\":\"2017-07-02T15:43:12+00:00\",\"mainEntityOfPage\":{\"@id\":\"https:\/\/noticiasemdestaque.com\/cd\/?p=1184\"},\"wordCount\":170,\"publisher\":{\"@id\":\"https:\/\/noticiasemdestaque.com\/cd\/#organization\"},\"image\":{\"@id\":\"https:\/\/noticiasemdestaque.com\/cd\/?p=1184#primaryimage\"},\"thumbnailUrl\":\"https:\/\/noticiasemdestaque.com\/cd\/wp-content\/uploads\/2017\/07\/naom_5958be169a02e-768x329.jpg\",\"articleSection\":[\"Sa\u00fade\"],\"inLanguage\":\"pt-BR\"},{\"@type\":\"WebPage\",\"@id\":\"https:\/\/noticiasemdestaque.com\/cd\/?p=1184\",\"url\":\"https:\/\/noticiasemdestaque.com\/cd\/?p=1184\",\"name\":\"Beb\u00ea fica 20 minutos sem sinais vitais e volta \u00e0 vida ap\u00f3s batizado - Not&iacute;cias em Destaque\",\"isPartOf\":{\"@id\":\"https:\/\/noticiasemdestaque.com\/cd\/#website\"},\"primaryImageOfPage\":{\"@id\":\"https:\/\/noticiasemdestaque.com\/cd\/?p=1184#primaryimage\"},\"image\":{\"@id\":\"https:\/\/noticiasemdestaque.com\/cd\/?p=1184#primaryimage\"},\"thumbnailUrl\":\"https:\/\/noticiasemdestaque.com\/cd\/wp-content\/uploads\/2017\/07\/naom_5958be169a02e-768x329.jpg\",\"datePublished\":\"2017-07-02T15:43:12+00:00\",\"breadcrumb\":{\"@id\":\"https:\/\/noticiasemdestaque.com\/cd\/?p=1184#breadcrumb\"},\"inLanguage\":\"pt-BR\",\"potentialAction\":[{\"@type\":\"ReadAction\",\"target\":[\"https:\/\/noticiasemdestaque.com\/cd\/?p=1184\"]}]},{\"@type\":\"ImageObject\",\"inLanguage\":\"pt-BR\",\"@id\":\"https:\/\/noticiasemdestaque.com\/cd\/?p=1184#primaryimage\",\"url\":\"https:\/\/noticiasemdestaque.com\/cd\/wp-content\/uploads\/2017\/07\/naom_5958be169a02e-768x329.jpg\",\"contentUrl\":\"https:\/\/noticiasemdestaque.com\/cd\/wp-content\/uploads\/2017\/07\/naom_5958be169a02e-768x329.jpg\",\"width\":768,\"height\":329},{\"@type\":\"BreadcrumbList\",\"@id\":\"https:\/\/noticiasemdestaque.com\/cd\/?p=1184#breadcrumb\",\"itemListElement\":[{\"@type\":\"ListItem\",\"position\":1,\"name\":\"In\u00edcio\",\"item\":\"https:\/\/noticiasemdestaque.com\/cd\/\"},{\"@type\":\"ListItem\",\"position\":2,\"name\":\"Beb\u00ea fica 20 minutos sem sinais vitais e volta \u00e0 vida ap\u00f3s batizado\"}]},{\"@type\":\"WebSite\",\"@id\":\"https:\/\/noticiasemdestaque.com\/cd\/#website\",\"url\":\"https:\/\/noticiasemdestaque.com\/cd\/\",\"name\":\"Not&iacute;cias em Destaque\",\"description\":\"\",\"publisher\":{\"@id\":\"https:\/\/noticiasemdestaque.com\/cd\/#organization\"},\"potentialAction\":[{\"@type\":\"SearchAction\",\"target\":{\"@type\":\"EntryPoint\",\"urlTemplate\":\"https:\/\/noticiasemdestaque.com\/cd\/?s={search_term_string}\"},\"query-input\":{\"@type\":\"PropertyValueSpecification\",\"valueRequired\":true,\"valueName\":\"search_term_string\"}}],\"inLanguage\":\"pt-BR\"},{\"@type\":\"Organization\",\"@id\":\"https:\/\/noticiasemdestaque.com\/cd\/#organization\",\"name\":\"Not\u00edcias em Destaque\",\"url\":\"https:\/\/noticiasemdestaque.com\/cd\/\",\"logo\":{\"@type\":\"ImageObject\",\"inLanguage\":\"pt-BR\",\"@id\":\"https:\/\/noticiasemdestaque.com\/cd\/#\/schema\/logo\/image\/\",\"url\":\"https:\/\/noticiasemdestaque.com\/cd\/wp-content\/uploads\/2022\/05\/imagem-base-noticiasemdestaque.png\",\"contentUrl\":\"https:\/\/noticiasemdestaque.com\/cd\/wp-content\/uploads\/2022\/05\/imagem-base-noticiasemdestaque.png\",\"width\":1200,\"height\":630,\"caption\":\"Not\u00edcias em Destaque\"},\"image\":{\"@id\":\"https:\/\/noticiasemdestaque.com\/cd\/#\/schema\/logo\/image\/\"}},{\"@type\":\"Person\",\"@id\":\"https:\/\/noticiasemdestaque.com\/cd\/#\/schema\/person\/47f7d4f55eec17c6b2ca036c5500f6ce\",\"name\":\"Not\u00edcias em Destaque\",\"url\":\"https:\/\/noticiasemdestaque.com\/cd\/?author=2\"}]}<\/script>\n<!-- \/ Yoast SEO plugin. -->","yoast_head_json":{"title":"Beb\u00ea fica 20 minutos sem sinais vitais e volta \u00e0 vida ap\u00f3s batizado - Not&iacute;cias em Destaque","robots":{"index":"index","follow":"follow","max-snippet":"max-snippet:-1","max-image-preview":"max-image-preview:large","max-video-preview":"max-video-preview:-1"},"canonical":"https:\/\/noticiasemdestaque.com\/cd\/?p=1184","og_locale":"pt_BR","og_type":"article","og_title":"Beb\u00ea fica 20 minutos sem sinais vitais e volta \u00e0 vida ap\u00f3s batizado - Not&iacute;cias em Destaque","og_description":"Uma beb\u00ea internada na Unidade de Terapia Intensiva (UTI) Neonatal do S\u00edrio Liban\u00eas, em S\u00e3o Paulo, ficou vinte minutos sem qualquer sinal vital, mas voltou \u00e0 vida ap\u00f3s um batizado. Alice, de apenas 44 dias, \u00e9 v\u00edtima de uma s\u00edndrome rara heredit\u00e1ria chamada ASA (Argininosuccinic aciduria). De acordo com o \u2018Mer\u00f3poles\u2019, o pai pegou a rec\u00e9m nascida no colo e suplicou a Deus no corredor do hospital. Em seguida, um padre que estava no local pediu para batizar a beb\u00ea. Ap\u00f3s o sacramento, a menina voltou \u00e0 vida. Ainda segundo a reportagem, os custos de interna\u00e7\u00e3o da rec\u00e9m-nascida j\u00e1 ultrapassaram R$ 700 mil. \u201cJ\u00e1 vendemos carro e tudo que pod\u00edamos. Largamos tudo em Bras\u00edlia para nos agarrar a qualquer fio de esperan\u00e7a para salv\u00e1-la e n\u00e3o desistiremos. Vamos batalhar at\u00e9 o fim\u201d, disse o pai, Afonso Vallad\u00e3o. Cariri em Destaque Fonte: Not\u00edcias ao Minuto","og_url":"https:\/\/noticiasemdestaque.com\/cd\/?p=1184","og_site_name":"Not&iacute;cias em Destaque","article_published_time":"2017-07-02T15:43:12+00:00","og_image":[{"width":768,"height":329,"url":"https:\/\/noticiasemdestaque.com\/cd\/wp-content\/uploads\/2017\/07\/naom_5958be169a02e-768x329.jpg","type":"image\/jpeg"}],"author":"Not\u00edcias em Destaque","twitter_card":"summary_large_image","twitter_misc":{"Escrito por":"Not\u00edcias em Destaque","Est. tempo de leitura":"1 minuto"},"schema":{"@context":"https:\/\/schema.org","@graph":[{"@type":"Article","@id":"https:\/\/noticiasemdestaque.com\/cd\/?p=1184#article","isPartOf":{"@id":"https:\/\/noticiasemdestaque.com\/cd\/?p=1184"},"author":{"name":"Not\u00edcias em Destaque","@id":"https:\/\/noticiasemdestaque.com\/cd\/#\/schema\/person\/47f7d4f55eec17c6b2ca036c5500f6ce"},"headline":"Beb\u00ea fica 20 minutos sem sinais vitais e volta \u00e0 vida ap\u00f3s batizado","datePublished":"2017-07-02T15:43:12+00:00","mainEntityOfPage":{"@id":"https:\/\/noticiasemdestaque.com\/cd\/?p=1184"},"wordCount":170,"publisher":{"@id":"https:\/\/noticiasemdestaque.com\/cd\/#organization"},"image":{"@id":"https:\/\/noticiasemdestaque.com\/cd\/?p=1184#primaryimage"},"thumbnailUrl":"https:\/\/noticiasemdestaque.com\/cd\/wp-content\/uploads\/2017\/07\/naom_5958be169a02e-768x329.jpg","articleSection":["Sa\u00fade"],"inLanguage":"pt-BR"},{"@type":"WebPage","@id":"https:\/\/noticiasemdestaque.com\/cd\/?p=1184","url":"https:\/\/noticiasemdestaque.com\/cd\/?p=1184","name":"Beb\u00ea fica 20 minutos sem sinais vitais e volta \u00e0 vida ap\u00f3s batizado - Not&iacute;cias em Destaque","isPartOf":{"@id":"https:\/\/noticiasemdestaque.com\/cd\/#website"},"primaryImageOfPage":{"@id":"https:\/\/noticiasemdestaque.com\/cd\/?p=1184#primaryimage"},"image":{"@id":"https:\/\/noticiasemdestaque.com\/cd\/?p=1184#primaryimage"},"thumbnailUrl":"https:\/\/noticiasemdestaque.com\/cd\/wp-content\/uploads\/2017\/07\/naom_5958be169a02e-768x329.jpg","datePublished":"2017-07-02T15:43:12+00:00","breadcrumb":{"@id":"https:\/\/noticiasemdestaque.com\/cd\/?p=1184#breadcrumb"},"inLanguage":"pt-BR","potentialAction":[{"@type":"ReadAction","target":["https:\/\/noticiasemdestaque.com\/cd\/?p=1184"]}]},{"@type":"ImageObject","inLanguage":"pt-BR","@id":"https:\/\/noticiasemdestaque.com\/cd\/?p=1184#primaryimage","url":"https:\/\/noticiasemdestaque.com\/cd\/wp-content\/uploads\/2017\/07\/naom_5958be169a02e-768x329.jpg","contentUrl":"https:\/\/noticiasemdestaque.com\/cd\/wp-content\/uploads\/2017\/07\/naom_5958be169a02e-768x329.jpg","width":768,"height":329},{"@type":"BreadcrumbList","@id":"https:\/\/noticiasemdestaque.com\/cd\/?p=1184#breadcrumb","itemListElement":[{"@type":"ListItem","position":1,"name":"In\u00edcio","item":"https:\/\/noticiasemdestaque.com\/cd\/"},{"@type":"ListItem","position":2,"name":"Beb\u00ea fica 20 minutos sem sinais vitais e volta \u00e0 vida ap\u00f3s batizado"}]},{"@type":"WebSite","@id":"https:\/\/noticiasemdestaque.com\/cd\/#website","url":"https:\/\/noticiasemdestaque.com\/cd\/","name":"Not&iacute;cias em Destaque","description":"","publisher":{"@id":"https:\/\/noticiasemdestaque.com\/cd\/#organization"},"potentialAction":[{"@type":"SearchAction","target":{"@type":"EntryPoint","urlTemplate":"https:\/\/noticiasemdestaque.com\/cd\/?s={search_term_string}"},"query-input":{"@type":"PropertyValueSpecification","valueRequired":true,"valueName":"search_term_string"}}],"inLanguage":"pt-BR"},{"@type":"Organization","@id":"https:\/\/noticiasemdestaque.com\/cd\/#organization","name":"Not\u00edcias em Destaque","url":"https:\/\/noticiasemdestaque.com\/cd\/","logo":{"@type":"ImageObject","inLanguage":"pt-BR","@id":"https:\/\/noticiasemdestaque.com\/cd\/#\/schema\/logo\/image\/","url":"https:\/\/noticiasemdestaque.com\/cd\/wp-content\/uploads\/2022\/05\/imagem-base-noticiasemdestaque.png","contentUrl":"https:\/\/noticiasemdestaque.com\/cd\/wp-content\/uploads\/2022\/05\/imagem-base-noticiasemdestaque.png","width":1200,"height":630,"caption":"Not\u00edcias em Destaque"},"image":{"@id":"https:\/\/noticiasemdestaque.com\/cd\/#\/schema\/logo\/image\/"}},{"@type":"Person","@id":"https:\/\/noticiasemdestaque.com\/cd\/#\/schema\/person\/47f7d4f55eec17c6b2ca036c5500f6ce","name":"Not\u00edcias em Destaque","url":"https:\/\/noticiasemdestaque.com\/cd\/?author=2"}]}},"jetpack_featured_media_url":"https:\/\/noticiasemdestaque.com\/cd\/wp-content\/uploads\/2017\/07\/naom_5958be169a02e-768x329.jpg","jetpack_sharing_enabled":true,"_links":{"self":[{"href":"https:\/\/noticiasemdestaque.com\/cd\/index.php?rest_route=\/wp\/v2\/posts\/1184","targetHints":{"allow":["GET"]}}],"collection":[{"href":"https:\/\/noticiasemdestaque.com\/cd\/index.php?rest_route=\/wp\/v2\/posts"}],"about":[{"href":"https:\/\/noticiasemdestaque.com\/cd\/index.php?rest_route=\/wp\/v2\/types\/post"}],"author":[{"embeddable":true,"href":"https:\/\/noticiasemdestaque.com\/cd\/index.php?rest_route=\/wp\/v2\/users\/2"}],"replies":[{"embeddable":true,"href":"https:\/\/noticiasemdestaque.com\/cd\/index.php?rest_route=%2Fwp%2Fv2%2Fcomments&post=1184"}],"version-history":[{"count":1,"href":"https:\/\/noticiasemdestaque.com\/cd\/index.php?rest_route=\/wp\/v2\/posts\/1184\/revisions"}],"predecessor-version":[{"id":1187,"href":"https:\/\/noticiasemdestaque.com\/cd\/index.php?rest_route=\/wp\/v2\/posts\/1184\/revisions\/1187"}],"wp:featuredmedia":[{"embeddable":true,"href":"https:\/\/noticiasemdestaque.com\/cd\/index.php?rest_route=\/wp\/v2\/media\/1186"}],"wp:attachment":[{"href":"https:\/\/noticiasemdestaque.com\/cd\/index.php?rest_route=%2Fwp%2Fv2%2Fmedia&parent=1184"}],"wp:term":[{"taxonomy":"category","embeddable":true,"href":"https:\/\/noticiasemdestaque.com\/cd\/index.php?rest_route=%2Fwp%2Fv2%2Fcategories&post=1184"},{"taxonomy":"post_tag","embeddable":true,"href":"https:\/\/noticiasemdestaque.com\/cd\/index.php?rest_route=%2Fwp%2Fv2%2Ftags&post=1184"}],"curies":[{"name":"wp","href":"https:\/\/api.w.org\/{rel}","templated":true}]}}