{"id":1178,"date":"2017-07-02T12:10:23","date_gmt":"2017-07-02T15:10:23","guid":{"rendered":"http:\/\/caririemdestaque.com\/cd\/?p=1178"},"modified":"2017-07-02T12:15:29","modified_gmt":"2017-07-02T15:15:29","slug":"exclusivo-camara-de-sume-realiza-reuniao-nesta-segunda-feira-para-votar-criacao-de-cargos-para-concurso-publico","status":"publish","type":"post","link":"https:\/\/noticiasemdestaque.com\/cd\/?p=1178","title":{"rendered":"EXCLUSIVO: C\u00e2mara de Sum\u00e9 realiza reuni\u00e3o nesta segunda-feira para votar cria\u00e7\u00e3o de cargos para concurso p\u00fablico"},"content":{"rendered":"<p><a href=\"http:\/\/caririemdestaque.com\/cd\/wp-content\/uploads\/2017\/07\/18920125_951583618316512_504667956053387657_n.jpg\"><img decoding=\"async\" class=\" wp-image-1180 alignleft\" src=\"http:\/\/caririemdestaque.com\/cd\/wp-content\/uploads\/2017\/07\/18920125_951583618316512_504667956053387657_n-300x199.jpg\" alt=\"\" width=\"197\" height=\"131\" srcset=\"https:\/\/noticiasemdestaque.com\/cd\/wp-content\/uploads\/2017\/07\/18920125_951583618316512_504667956053387657_n-300x199.jpg 300w, https:\/\/noticiasemdestaque.com\/cd\/wp-content\/uploads\/2017\/07\/18920125_951583618316512_504667956053387657_n-768x510.jpg 768w, https:\/\/noticiasemdestaque.com\/cd\/wp-content\/uploads\/2017\/07\/18920125_951583618316512_504667956053387657_n-480x320.jpg 480w, https:\/\/noticiasemdestaque.com\/cd\/wp-content\/uploads\/2017\/07\/18920125_951583618316512_504667956053387657_n.jpg 960w\" sizes=\"(max-width: 197px) 100vw, 197px\" \/><\/a>O presidente do Legislativo sumeense, Jos\u00e9 Ant\u00f4nio, convocou para esta segunda-feira (03\/07) uma reuni\u00e3o extraordin\u00e1ria.<\/p>\n<p>Na oportunidade os vereadores ir\u00e3o apreciar projetos de autoria do Executivo que cria vagas para a realiza\u00e7\u00e3o do concurso p\u00fablico da Prefeitura.<\/p>\n<p>A reuni\u00e3o acontece \u00e0s 8h<\/p>\n<p><em><strong>Cariri em Destaque\u00a0<\/strong><\/em><\/p>\n<p>&nbsp;<\/p>\n<p>&nbsp;<\/p>\n","protected":false},"excerpt":{"rendered":"<p>O presidente do Legislativo sumeense, Jos\u00e9 Ant\u00f4nio, convocou para esta segunda-feira (03\/07) uma reuni\u00e3o extraordin\u00e1ria. Na oportunidade os vereadores ir\u00e3o apreciar projetos de autoria do Executivo que cria vagas para a realiza\u00e7\u00e3o do concurso p\u00fablico da Prefeitura. A reuni\u00e3o acontece \u00e0s 8h Cariri em Destaque\u00a0 &nbsp; &nbsp;<\/p>\n","protected":false},"author":2,"featured_media":1179,"comment_status":"closed","ping_status":"open","sticky":false,"template":"","format":"standard","meta":{"_eb_attr":"","_jetpack_memberships_contains_paid_content":false,"footnotes":""},"categories":[4],"tags":[],"class_list":["post-1178","post","type-post","status-publish","format-standard","has-post-thumbnail","hentry","category-politica"],"yoast_head":"<!-- This site is optimized with the Yoast SEO plugin v26.5 - https:\/\/yoast.com\/wordpress\/plugins\/seo\/ -->\n<title>EXCLUSIVO: C\u00e2mara de Sum\u00e9 realiza reuni\u00e3o nesta segunda-feira para votar cria\u00e7\u00e3o de cargos para concurso p\u00fablico - Not&iacute;cias em Destaque<\/title>\n<meta name=\"robots\" content=\"index, follow, max-snippet:-1, max-image-preview:large, max-video-preview:-1\" \/>\n<link rel=\"canonical\" href=\"https:\/\/noticiasemdestaque.com\/cd\/?p=1178\" \/>\n<meta property=\"og:locale\" content=\"pt_BR\" \/>\n<meta property=\"og:type\" content=\"article\" \/>\n<meta property=\"og:title\" content=\"EXCLUSIVO: C\u00e2mara de Sum\u00e9 realiza reuni\u00e3o nesta segunda-feira para votar cria\u00e7\u00e3o de cargos para concurso p\u00fablico - Not&iacute;cias em Destaque\" \/>\n<meta property=\"og:description\" content=\"O presidente do Legislativo sumeense, Jos\u00e9 Ant\u00f4nio, convocou para esta segunda-feira (03\/07) uma reuni\u00e3o extraordin\u00e1ria. Na oportunidade os vereadores ir\u00e3o apreciar projetos de autoria do Executivo que cria vagas para a realiza\u00e7\u00e3o do concurso p\u00fablico da Prefeitura. A reuni\u00e3o acontece \u00e0s 8h Cariri em Destaque\u00a0 &nbsp; &nbsp;\" \/>\n<meta property=\"og:url\" content=\"https:\/\/noticiasemdestaque.com\/cd\/?p=1178\" \/>\n<meta property=\"og:site_name\" content=\"Not&iacute;cias em Destaque\" \/>\n<meta property=\"article:published_time\" content=\"2017-07-02T15:10:23+00:00\" \/>\n<meta property=\"article:modified_time\" content=\"2017-07-02T15:15:29+00:00\" \/>\n<meta property=\"og:image\" content=\"https:\/\/noticiasemdestaque.com\/cd\/wp-content\/uploads\/2017\/07\/18813479_951294928345381_8626887077580926991_n.jpg\" \/>\n\t<meta property=\"og:image:width\" content=\"960\" \/>\n\t<meta property=\"og:image:height\" content=\"720\" \/>\n\t<meta property=\"og:image:type\" content=\"image\/jpeg\" \/>\n<meta name=\"author\" content=\"Not\u00edcias em Destaque\" \/>\n<meta name=\"twitter:card\" content=\"summary_large_image\" \/>\n<meta name=\"twitter:label1\" content=\"Escrito por\" \/>\n\t<meta name=\"twitter:data1\" content=\"Not\u00edcias em Destaque\" \/>\n<script type=\"application\/ld+json\" class=\"yoast-schema-graph\">{\"@context\":\"https:\/\/schema.org\",\"@graph\":[{\"@type\":\"Article\",\"@id\":\"https:\/\/noticiasemdestaque.com\/cd\/?p=1178#article\",\"isPartOf\":{\"@id\":\"https:\/\/noticiasemdestaque.com\/cd\/?p=1178\"},\"author\":{\"name\":\"Not\u00edcias em Destaque\",\"@id\":\"https:\/\/noticiasemdestaque.com\/cd\/#\/schema\/person\/47f7d4f55eec17c6b2ca036c5500f6ce\"},\"headline\":\"EXCLUSIVO: C\u00e2mara de Sum\u00e9 realiza reuni\u00e3o nesta segunda-feira para votar cria\u00e7\u00e3o de cargos para concurso p\u00fablico\",\"datePublished\":\"2017-07-02T15:10:23+00:00\",\"dateModified\":\"2017-07-02T15:15:29+00:00\",\"mainEntityOfPage\":{\"@id\":\"https:\/\/noticiasemdestaque.com\/cd\/?p=1178\"},\"wordCount\":73,\"publisher\":{\"@id\":\"https:\/\/noticiasemdestaque.com\/cd\/#organization\"},\"image\":{\"@id\":\"https:\/\/noticiasemdestaque.com\/cd\/?p=1178#primaryimage\"},\"thumbnailUrl\":\"https:\/\/noticiasemdestaque.com\/cd\/wp-content\/uploads\/2017\/07\/18813479_951294928345381_8626887077580926991_n.jpg\",\"articleSection\":[\"Pol\u00edtica\"],\"inLanguage\":\"pt-BR\"},{\"@type\":\"WebPage\",\"@id\":\"https:\/\/noticiasemdestaque.com\/cd\/?p=1178\",\"url\":\"https:\/\/noticiasemdestaque.com\/cd\/?p=1178\",\"name\":\"EXCLUSIVO: C\u00e2mara de Sum\u00e9 realiza reuni\u00e3o nesta segunda-feira para votar cria\u00e7\u00e3o de cargos para concurso p\u00fablico - Not&iacute;cias em Destaque\",\"isPartOf\":{\"@id\":\"https:\/\/noticiasemdestaque.com\/cd\/#website\"},\"primaryImageOfPage\":{\"@id\":\"https:\/\/noticiasemdestaque.com\/cd\/?p=1178#primaryimage\"},\"image\":{\"@id\":\"https:\/\/noticiasemdestaque.com\/cd\/?p=1178#primaryimage\"},\"thumbnailUrl\":\"https:\/\/noticiasemdestaque.com\/cd\/wp-content\/uploads\/2017\/07\/18813479_951294928345381_8626887077580926991_n.jpg\",\"datePublished\":\"2017-07-02T15:10:23+00:00\",\"dateModified\":\"2017-07-02T15:15:29+00:00\",\"breadcrumb\":{\"@id\":\"https:\/\/noticiasemdestaque.com\/cd\/?p=1178#breadcrumb\"},\"inLanguage\":\"pt-BR\",\"potentialAction\":[{\"@type\":\"ReadAction\",\"target\":[\"https:\/\/noticiasemdestaque.com\/cd\/?p=1178\"]}]},{\"@type\":\"ImageObject\",\"inLanguage\":\"pt-BR\",\"@id\":\"https:\/\/noticiasemdestaque.com\/cd\/?p=1178#primaryimage\",\"url\":\"https:\/\/noticiasemdestaque.com\/cd\/wp-content\/uploads\/2017\/07\/18813479_951294928345381_8626887077580926991_n.jpg\",\"contentUrl\":\"https:\/\/noticiasemdestaque.com\/cd\/wp-content\/uploads\/2017\/07\/18813479_951294928345381_8626887077580926991_n.jpg\",\"width\":960,\"height\":720},{\"@type\":\"BreadcrumbList\",\"@id\":\"https:\/\/noticiasemdestaque.com\/cd\/?p=1178#breadcrumb\",\"itemListElement\":[{\"@type\":\"ListItem\",\"position\":1,\"name\":\"In\u00edcio\",\"item\":\"https:\/\/noticiasemdestaque.com\/cd\/\"},{\"@type\":\"ListItem\",\"position\":2,\"name\":\"EXCLUSIVO: C\u00e2mara de Sum\u00e9 realiza reuni\u00e3o nesta segunda-feira para votar cria\u00e7\u00e3o de cargos para concurso p\u00fablico\"}]},{\"@type\":\"WebSite\",\"@id\":\"https:\/\/noticiasemdestaque.com\/cd\/#website\",\"url\":\"https:\/\/noticiasemdestaque.com\/cd\/\",\"name\":\"Not&iacute;cias em Destaque\",\"description\":\"\",\"publisher\":{\"@id\":\"https:\/\/noticiasemdestaque.com\/cd\/#organization\"},\"potentialAction\":[{\"@type\":\"SearchAction\",\"target\":{\"@type\":\"EntryPoint\",\"urlTemplate\":\"https:\/\/noticiasemdestaque.com\/cd\/?s={search_term_string}\"},\"query-input\":{\"@type\":\"PropertyValueSpecification\",\"valueRequired\":true,\"valueName\":\"search_term_string\"}}],\"inLanguage\":\"pt-BR\"},{\"@type\":\"Organization\",\"@id\":\"https:\/\/noticiasemdestaque.com\/cd\/#organization\",\"name\":\"Not\u00edcias em Destaque\",\"url\":\"https:\/\/noticiasemdestaque.com\/cd\/\",\"logo\":{\"@type\":\"ImageObject\",\"inLanguage\":\"pt-BR\",\"@id\":\"https:\/\/noticiasemdestaque.com\/cd\/#\/schema\/logo\/image\/\",\"url\":\"https:\/\/noticiasemdestaque.com\/cd\/wp-content\/uploads\/2022\/05\/imagem-base-noticiasemdestaque.png\",\"contentUrl\":\"https:\/\/noticiasemdestaque.com\/cd\/wp-content\/uploads\/2022\/05\/imagem-base-noticiasemdestaque.png\",\"width\":1200,\"height\":630,\"caption\":\"Not\u00edcias em Destaque\"},\"image\":{\"@id\":\"https:\/\/noticiasemdestaque.com\/cd\/#\/schema\/logo\/image\/\"}},{\"@type\":\"Person\",\"@id\":\"https:\/\/noticiasemdestaque.com\/cd\/#\/schema\/person\/47f7d4f55eec17c6b2ca036c5500f6ce\",\"name\":\"Not\u00edcias em Destaque\",\"url\":\"https:\/\/noticiasemdestaque.com\/cd\/?author=2\"}]}<\/script>\n<!-- \/ Yoast SEO plugin. -->","yoast_head_json":{"title":"EXCLUSIVO: C\u00e2mara de Sum\u00e9 realiza reuni\u00e3o nesta segunda-feira para votar cria\u00e7\u00e3o de cargos para concurso p\u00fablico - Not&iacute;cias em Destaque","robots":{"index":"index","follow":"follow","max-snippet":"max-snippet:-1","max-image-preview":"max-image-preview:large","max-video-preview":"max-video-preview:-1"},"canonical":"https:\/\/noticiasemdestaque.com\/cd\/?p=1178","og_locale":"pt_BR","og_type":"article","og_title":"EXCLUSIVO: C\u00e2mara de Sum\u00e9 realiza reuni\u00e3o nesta segunda-feira para votar cria\u00e7\u00e3o de cargos para concurso p\u00fablico - Not&iacute;cias em Destaque","og_description":"O presidente do Legislativo sumeense, Jos\u00e9 Ant\u00f4nio, convocou para esta segunda-feira (03\/07) uma reuni\u00e3o extraordin\u00e1ria. Na oportunidade os vereadores ir\u00e3o apreciar projetos de autoria do Executivo que cria vagas para a realiza\u00e7\u00e3o do concurso p\u00fablico da Prefeitura. A reuni\u00e3o acontece \u00e0s 8h Cariri em Destaque\u00a0 &nbsp; &nbsp;","og_url":"https:\/\/noticiasemdestaque.com\/cd\/?p=1178","og_site_name":"Not&iacute;cias em Destaque","article_published_time":"2017-07-02T15:10:23+00:00","article_modified_time":"2017-07-02T15:15:29+00:00","og_image":[{"width":960,"height":720,"url":"https:\/\/noticiasemdestaque.com\/cd\/wp-content\/uploads\/2017\/07\/18813479_951294928345381_8626887077580926991_n.jpg","type":"image\/jpeg"}],"author":"Not\u00edcias em Destaque","twitter_card":"summary_large_image","twitter_misc":{"Escrito por":"Not\u00edcias em Destaque"},"schema":{"@context":"https:\/\/schema.org","@graph":[{"@type":"Article","@id":"https:\/\/noticiasemdestaque.com\/cd\/?p=1178#article","isPartOf":{"@id":"https:\/\/noticiasemdestaque.com\/cd\/?p=1178"},"author":{"name":"Not\u00edcias em Destaque","@id":"https:\/\/noticiasemdestaque.com\/cd\/#\/schema\/person\/47f7d4f55eec17c6b2ca036c5500f6ce"},"headline":"EXCLUSIVO: C\u00e2mara de Sum\u00e9 realiza reuni\u00e3o nesta segunda-feira para votar cria\u00e7\u00e3o de cargos para concurso p\u00fablico","datePublished":"2017-07-02T15:10:23+00:00","dateModified":"2017-07-02T15:15:29+00:00","mainEntityOfPage":{"@id":"https:\/\/noticiasemdestaque.com\/cd\/?p=1178"},"wordCount":73,"publisher":{"@id":"https:\/\/noticiasemdestaque.com\/cd\/#organization"},"image":{"@id":"https:\/\/noticiasemdestaque.com\/cd\/?p=1178#primaryimage"},"thumbnailUrl":"https:\/\/noticiasemdestaque.com\/cd\/wp-content\/uploads\/2017\/07\/18813479_951294928345381_8626887077580926991_n.jpg","articleSection":["Pol\u00edtica"],"inLanguage":"pt-BR"},{"@type":"WebPage","@id":"https:\/\/noticiasemdestaque.com\/cd\/?p=1178","url":"https:\/\/noticiasemdestaque.com\/cd\/?p=1178","name":"EXCLUSIVO: C\u00e2mara de Sum\u00e9 realiza reuni\u00e3o nesta segunda-feira para votar cria\u00e7\u00e3o de cargos para concurso p\u00fablico - Not&iacute;cias em Destaque","isPartOf":{"@id":"https:\/\/noticiasemdestaque.com\/cd\/#website"},"primaryImageOfPage":{"@id":"https:\/\/noticiasemdestaque.com\/cd\/?p=1178#primaryimage"},"image":{"@id":"https:\/\/noticiasemdestaque.com\/cd\/?p=1178#primaryimage"},"thumbnailUrl":"https:\/\/noticiasemdestaque.com\/cd\/wp-content\/uploads\/2017\/07\/18813479_951294928345381_8626887077580926991_n.jpg","datePublished":"2017-07-02T15:10:23+00:00","dateModified":"2017-07-02T15:15:29+00:00","breadcrumb":{"@id":"https:\/\/noticiasemdestaque.com\/cd\/?p=1178#breadcrumb"},"inLanguage":"pt-BR","potentialAction":[{"@type":"ReadAction","target":["https:\/\/noticiasemdestaque.com\/cd\/?p=1178"]}]},{"@type":"ImageObject","inLanguage":"pt-BR","@id":"https:\/\/noticiasemdestaque.com\/cd\/?p=1178#primaryimage","url":"https:\/\/noticiasemdestaque.com\/cd\/wp-content\/uploads\/2017\/07\/18813479_951294928345381_8626887077580926991_n.jpg","contentUrl":"https:\/\/noticiasemdestaque.com\/cd\/wp-content\/uploads\/2017\/07\/18813479_951294928345381_8626887077580926991_n.jpg","width":960,"height":720},{"@type":"BreadcrumbList","@id":"https:\/\/noticiasemdestaque.com\/cd\/?p=1178#breadcrumb","itemListElement":[{"@type":"ListItem","position":1,"name":"In\u00edcio","item":"https:\/\/noticiasemdestaque.com\/cd\/"},{"@type":"ListItem","position":2,"name":"EXCLUSIVO: C\u00e2mara de Sum\u00e9 realiza reuni\u00e3o nesta segunda-feira para votar cria\u00e7\u00e3o de cargos para concurso p\u00fablico"}]},{"@type":"WebSite","@id":"https:\/\/noticiasemdestaque.com\/cd\/#website","url":"https:\/\/noticiasemdestaque.com\/cd\/","name":"Not&iacute;cias em Destaque","description":"","publisher":{"@id":"https:\/\/noticiasemdestaque.com\/cd\/#organization"},"potentialAction":[{"@type":"SearchAction","target":{"@type":"EntryPoint","urlTemplate":"https:\/\/noticiasemdestaque.com\/cd\/?s={search_term_string}"},"query-input":{"@type":"PropertyValueSpecification","valueRequired":true,"valueName":"search_term_string"}}],"inLanguage":"pt-BR"},{"@type":"Organization","@id":"https:\/\/noticiasemdestaque.com\/cd\/#organization","name":"Not\u00edcias em Destaque","url":"https:\/\/noticiasemdestaque.com\/cd\/","logo":{"@type":"ImageObject","inLanguage":"pt-BR","@id":"https:\/\/noticiasemdestaque.com\/cd\/#\/schema\/logo\/image\/","url":"https:\/\/noticiasemdestaque.com\/cd\/wp-content\/uploads\/2022\/05\/imagem-base-noticiasemdestaque.png","contentUrl":"https:\/\/noticiasemdestaque.com\/cd\/wp-content\/uploads\/2022\/05\/imagem-base-noticiasemdestaque.png","width":1200,"height":630,"caption":"Not\u00edcias em Destaque"},"image":{"@id":"https:\/\/noticiasemdestaque.com\/cd\/#\/schema\/logo\/image\/"}},{"@type":"Person","@id":"https:\/\/noticiasemdestaque.com\/cd\/#\/schema\/person\/47f7d4f55eec17c6b2ca036c5500f6ce","name":"Not\u00edcias em Destaque","url":"https:\/\/noticiasemdestaque.com\/cd\/?author=2"}]}},"jetpack_featured_media_url":"https:\/\/noticiasemdestaque.com\/cd\/wp-content\/uploads\/2017\/07\/18813479_951294928345381_8626887077580926991_n.jpg","jetpack_sharing_enabled":true,"_links":{"self":[{"href":"https:\/\/noticiasemdestaque.com\/cd\/index.php?rest_route=\/wp\/v2\/posts\/1178","targetHints":{"allow":["GET"]}}],"collection":[{"href":"https:\/\/noticiasemdestaque.com\/cd\/index.php?rest_route=\/wp\/v2\/posts"}],"about":[{"href":"https:\/\/noticiasemdestaque.com\/cd\/index.php?rest_route=\/wp\/v2\/types\/post"}],"author":[{"embeddable":true,"href":"https:\/\/noticiasemdestaque.com\/cd\/index.php?rest_route=\/wp\/v2\/users\/2"}],"replies":[{"embeddable":true,"href":"https:\/\/noticiasemdestaque.com\/cd\/index.php?rest_route=%2Fwp%2Fv2%2Fcomments&post=1178"}],"version-history":[{"count":3,"href":"https:\/\/noticiasemdestaque.com\/cd\/index.php?rest_route=\/wp\/v2\/posts\/1178\/revisions"}],"predecessor-version":[{"id":1183,"href":"https:\/\/noticiasemdestaque.com\/cd\/index.php?rest_route=\/wp\/v2\/posts\/1178\/revisions\/1183"}],"wp:featuredmedia":[{"embeddable":true,"href":"https:\/\/noticiasemdestaque.com\/cd\/index.php?rest_route=\/wp\/v2\/media\/1179"}],"wp:attachment":[{"href":"https:\/\/noticiasemdestaque.com\/cd\/index.php?rest_route=%2Fwp%2Fv2%2Fmedia&parent=1178"}],"wp:term":[{"taxonomy":"category","embeddable":true,"href":"https:\/\/noticiasemdestaque.com\/cd\/index.php?rest_route=%2Fwp%2Fv2%2Fcategories&post=1178"},{"taxonomy":"post_tag","embeddable":true,"href":"https:\/\/noticiasemdestaque.com\/cd\/index.php?rest_route=%2Fwp%2Fv2%2Ftags&post=1178"}],"curies":[{"name":"wp","href":"https:\/\/api.w.org\/{rel}","templated":true}]}}