{"id":11764,"date":"2018-07-30T14:24:08","date_gmt":"2018-07-30T17:24:08","guid":{"rendered":"http:\/\/caririemdestaque.com\/cd\/?p=11764"},"modified":"2018-07-30T16:10:25","modified_gmt":"2018-07-30T19:10:25","slug":"veneziano-assegura-recursos-para-sume","status":"publish","type":"post","link":"https:\/\/noticiasemdestaque.com\/cd\/?p=11764","title":{"rendered":"Veneziano assegura recursos para Sum\u00e9"},"content":{"rendered":"<p>&nbsp;<\/p>\n<p><a href=\"http:\/\/caririemdestaque.com\/cd\/wp-content\/uploads\/2018\/07\/IMG-20180730-WA0039.jpg\"><img fetchpriority=\"high\" decoding=\"async\" class=\"alignnone size-large wp-image-11769\" src=\"http:\/\/caririemdestaque.com\/cd\/wp-content\/uploads\/2018\/07\/IMG-20180730-WA0039-1024x827.jpg\" alt=\"\" width=\"1024\" height=\"827\" srcset=\"https:\/\/noticiasemdestaque.com\/cd\/wp-content\/uploads\/2018\/07\/IMG-20180730-WA0039.jpg 1024w, https:\/\/noticiasemdestaque.com\/cd\/wp-content\/uploads\/2018\/07\/IMG-20180730-WA0039-300x242.jpg 300w, https:\/\/noticiasemdestaque.com\/cd\/wp-content\/uploads\/2018\/07\/IMG-20180730-WA0039-768x620.jpg 768w\" sizes=\"(max-width: 1024px) 100vw, 1024px\" \/><\/a><\/p>\n<p>Em sua passagem pelo Cariri no \u00faltimo final de semana, o deputado federal e pr\u00e9-candidato ao senado, Veneziano Vital, confirmou a destina\u00e7\u00e3o de recursos para o Munic\u00edpio de Sum\u00e9 na ordem de mais de 700 mil reais.<\/p>\n<p>Inicialmente, atendendo solicita\u00e7\u00e3o do prefeito \u00c9den Duarte, Veneziano destinou atrav\u00e9s de emenda individual dele ao Or\u00e7amento Geral da Uni\u00e3o, recursos da ordem de 200 mil reais, a serem investidos na sa\u00fade do munic\u00edpio.<\/p>\n<p>O deputado conseguiu tamb\u00e9m mais de 500 mil reais para aplica\u00e7\u00e3o na renova\u00e7\u00e3o da rede de \u00e1gua do munic\u00edpio, que ser\u00e3o investidos na cidade via Cagepa.<\/p>\n<p>\u201cFirmamos parceria com os parlamentares desta forma: com o compromisso por parte deles de carrearem recursos, apresentarem proposituras em benef\u00edcio do Munic\u00edpio de Sum\u00e9\u201d, destacou o prefeito \u00c9den Duarte.<\/p>\n<p>\u201cDe grande valia os recursos alocados pelo deputado Veneziano Vital para Sum\u00e9! Destaco que nossas reivindica\u00e7\u00f5es para com o deputado n\u00e3o param por aqui. Outros pleitos ir\u00e3o surgir, os quais n\u00e3o ser\u00e3o reivindica\u00e7\u00f5es pessoas de \u00c9den Duarte, mas sim, reivindica\u00e7\u00f5es da coletividade, em prol de toda sociedade sumeense\u201d, ressaltou o prefeito \u00c9den Duarte.<\/p>\n<p>\u201cTenho certeza que esta parceria com o deputado Veneziano Vital s\u00f3 gerar\u00e1 bons frutos para o munic\u00edpio de Sum\u00e9. Afinal, temos compromisso com a coisa p\u00fablica! Aplicamos com zelo e responsabilidade os recursos que conseguimos atrav\u00e9s dos senhores parlamentares, fazendo quest\u00e3o de destacar as a\u00e7\u00f5es dos mesmos em benef\u00edcio da nossa cidade\u201d, finalizou o prefeito \u00c9den Duarte.<\/p>\n","protected":false},"excerpt":{"rendered":"<p>&nbsp; Em sua passagem pelo Cariri no \u00faltimo final de semana, o deputado federal e pr\u00e9-candidato ao senado, Veneziano Vital, confirmou a destina\u00e7\u00e3o de recursos para o Munic\u00edpio de Sum\u00e9 na ordem de mais de 700 mil reais. Inicialmente, atendendo solicita\u00e7\u00e3o do prefeito \u00c9den Duarte, Veneziano destinou atrav\u00e9s de emenda individual dele ao Or\u00e7amento Geral da Uni\u00e3o, recursos da ordem de 200 mil reais, a serem investidos na sa\u00fade do munic\u00edpio. O deputado conseguiu tamb\u00e9m mais de 500 mil reais para aplica\u00e7\u00e3o na renova\u00e7\u00e3o da rede de \u00e1gua do munic\u00edpio, que ser\u00e3o investidos na cidade via Cagepa. \u201cFirmamos parceria com os parlamentares desta forma: com o compromisso por parte deles de carrearem recursos, apresentarem proposituras em benef\u00edcio do Munic\u00edpio de Sum\u00e9\u201d, destacou o prefeito \u00c9den Duarte. \u201cDe grande valia os recursos alocados pelo deputado Veneziano Vital para Sum\u00e9! Destaco que nossas reivindica\u00e7\u00f5es para com o deputado n\u00e3o param por aqui. Outros pleitos ir\u00e3o surgir, os quais n\u00e3o ser\u00e3o reivindica\u00e7\u00f5es pessoas de \u00c9den Duarte, mas sim, reivindica\u00e7\u00f5es da coletividade, em prol de toda sociedade sumeense\u201d, ressaltou o prefeito \u00c9den Duarte. \u201cTenho certeza que esta parceria com o deputado Veneziano Vital s\u00f3 gerar\u00e1 bons frutos para o munic\u00edpio de Sum\u00e9. Afinal, temos compromisso com a coisa p\u00fablica! Aplicamos com zelo e responsabilidade os recursos que conseguimos atrav\u00e9s dos senhores parlamentares, fazendo quest\u00e3o de destacar as a\u00e7\u00f5es dos mesmos em benef\u00edcio da nossa cidade\u201d, finalizou o prefeito \u00c9den Duarte.<\/p>\n","protected":false},"author":2,"featured_media":11769,"comment_status":"closed","ping_status":"open","sticky":false,"template":"","format":"standard","meta":{"_eb_attr":"","_jetpack_memberships_contains_paid_content":false,"footnotes":""},"categories":[4],"tags":[],"class_list":["post-11764","post","type-post","status-publish","format-standard","has-post-thumbnail","hentry","category-politica"],"yoast_head":"<!-- This site is optimized with the Yoast SEO plugin v26.5 - https:\/\/yoast.com\/wordpress\/plugins\/seo\/ -->\n<title>Veneziano assegura recursos para Sum\u00e9 - Not&iacute;cias em Destaque<\/title>\n<meta name=\"robots\" content=\"index, follow, max-snippet:-1, max-image-preview:large, max-video-preview:-1\" \/>\n<link rel=\"canonical\" href=\"https:\/\/noticiasemdestaque.com\/cd\/?p=11764\" \/>\n<meta property=\"og:locale\" content=\"pt_BR\" \/>\n<meta property=\"og:type\" content=\"article\" \/>\n<meta property=\"og:title\" content=\"Veneziano assegura recursos para Sum\u00e9 - Not&iacute;cias em Destaque\" \/>\n<meta property=\"og:description\" content=\"&nbsp; Em sua passagem pelo Cariri no \u00faltimo final de semana, o deputado federal e pr\u00e9-candidato ao senado, Veneziano Vital, confirmou a destina\u00e7\u00e3o de recursos para o Munic\u00edpio de Sum\u00e9 na ordem de mais de 700 mil reais. Inicialmente, atendendo solicita\u00e7\u00e3o do prefeito \u00c9den Duarte, Veneziano destinou atrav\u00e9s de emenda individual dele ao Or\u00e7amento Geral da Uni\u00e3o, recursos da ordem de 200 mil reais, a serem investidos na sa\u00fade do munic\u00edpio. O deputado conseguiu tamb\u00e9m mais de 500 mil reais para aplica\u00e7\u00e3o na renova\u00e7\u00e3o da rede de \u00e1gua do munic\u00edpio, que ser\u00e3o investidos na cidade via Cagepa. \u201cFirmamos parceria com os parlamentares desta forma: com o compromisso por parte deles de carrearem recursos, apresentarem proposituras em benef\u00edcio do Munic\u00edpio de Sum\u00e9\u201d, destacou o prefeito \u00c9den Duarte. \u201cDe grande valia os recursos alocados pelo deputado Veneziano Vital para Sum\u00e9! Destaco que nossas reivindica\u00e7\u00f5es para com o deputado n\u00e3o param por aqui. Outros pleitos ir\u00e3o surgir, os quais n\u00e3o ser\u00e3o reivindica\u00e7\u00f5es pessoas de \u00c9den Duarte, mas sim, reivindica\u00e7\u00f5es da coletividade, em prol de toda sociedade sumeense\u201d, ressaltou o prefeito \u00c9den Duarte. \u201cTenho certeza que esta parceria com o deputado Veneziano Vital s\u00f3 gerar\u00e1 bons frutos para o munic\u00edpio de Sum\u00e9. Afinal, temos compromisso com a coisa p\u00fablica! Aplicamos com zelo e responsabilidade os recursos que conseguimos atrav\u00e9s dos senhores parlamentares, fazendo quest\u00e3o de destacar as a\u00e7\u00f5es dos mesmos em benef\u00edcio da nossa cidade\u201d, finalizou o prefeito \u00c9den Duarte.\" \/>\n<meta property=\"og:url\" content=\"https:\/\/noticiasemdestaque.com\/cd\/?p=11764\" \/>\n<meta property=\"og:site_name\" content=\"Not&iacute;cias em Destaque\" \/>\n<meta property=\"article:published_time\" content=\"2018-07-30T17:24:08+00:00\" \/>\n<meta property=\"article:modified_time\" content=\"2018-07-30T19:10:25+00:00\" \/>\n<meta property=\"og:image\" content=\"https:\/\/noticiasemdestaque.com\/cd\/wp-content\/uploads\/2018\/07\/IMG-20180730-WA0039.jpg\" \/>\n\t<meta property=\"og:image:width\" content=\"1024\" \/>\n\t<meta property=\"og:image:height\" content=\"827\" \/>\n\t<meta property=\"og:image:type\" content=\"image\/jpeg\" \/>\n<meta name=\"author\" content=\"Not\u00edcias em Destaque\" \/>\n<meta name=\"twitter:card\" content=\"summary_large_image\" \/>\n<meta name=\"twitter:label1\" content=\"Escrito por\" \/>\n\t<meta name=\"twitter:data1\" content=\"Not\u00edcias em Destaque\" \/>\n\t<meta name=\"twitter:label2\" content=\"Est. tempo de leitura\" \/>\n\t<meta name=\"twitter:data2\" content=\"1 minuto\" \/>\n<script type=\"application\/ld+json\" class=\"yoast-schema-graph\">{\"@context\":\"https:\/\/schema.org\",\"@graph\":[{\"@type\":\"Article\",\"@id\":\"https:\/\/noticiasemdestaque.com\/cd\/?p=11764#article\",\"isPartOf\":{\"@id\":\"https:\/\/noticiasemdestaque.com\/cd\/?p=11764\"},\"author\":{\"name\":\"Not\u00edcias em Destaque\",\"@id\":\"https:\/\/noticiasemdestaque.com\/cd\/#\/schema\/person\/21320b03a7e8bb90128938dafc9b908a\"},\"headline\":\"Veneziano assegura recursos para Sum\u00e9\",\"datePublished\":\"2018-07-30T17:24:08+00:00\",\"dateModified\":\"2018-07-30T19:10:25+00:00\",\"mainEntityOfPage\":{\"@id\":\"https:\/\/noticiasemdestaque.com\/cd\/?p=11764\"},\"wordCount\":267,\"publisher\":{\"@id\":\"https:\/\/noticiasemdestaque.com\/cd\/#organization\"},\"image\":{\"@id\":\"https:\/\/noticiasemdestaque.com\/cd\/?p=11764#primaryimage\"},\"thumbnailUrl\":\"https:\/\/noticiasemdestaque.com\/cd\/wp-content\/uploads\/2018\/07\/IMG-20180730-WA0039.jpg\",\"articleSection\":[\"Pol\u00edtica\"],\"inLanguage\":\"pt-BR\"},{\"@type\":\"WebPage\",\"@id\":\"https:\/\/noticiasemdestaque.com\/cd\/?p=11764\",\"url\":\"https:\/\/noticiasemdestaque.com\/cd\/?p=11764\",\"name\":\"Veneziano assegura recursos para Sum\u00e9 - Not&iacute;cias em Destaque\",\"isPartOf\":{\"@id\":\"https:\/\/noticiasemdestaque.com\/cd\/#website\"},\"primaryImageOfPage\":{\"@id\":\"https:\/\/noticiasemdestaque.com\/cd\/?p=11764#primaryimage\"},\"image\":{\"@id\":\"https:\/\/noticiasemdestaque.com\/cd\/?p=11764#primaryimage\"},\"thumbnailUrl\":\"https:\/\/noticiasemdestaque.com\/cd\/wp-content\/uploads\/2018\/07\/IMG-20180730-WA0039.jpg\",\"datePublished\":\"2018-07-30T17:24:08+00:00\",\"dateModified\":\"2018-07-30T19:10:25+00:00\",\"breadcrumb\":{\"@id\":\"https:\/\/noticiasemdestaque.com\/cd\/?p=11764#breadcrumb\"},\"inLanguage\":\"pt-BR\",\"potentialAction\":[{\"@type\":\"ReadAction\",\"target\":[\"https:\/\/noticiasemdestaque.com\/cd\/?p=11764\"]}]},{\"@type\":\"ImageObject\",\"inLanguage\":\"pt-BR\",\"@id\":\"https:\/\/noticiasemdestaque.com\/cd\/?p=11764#primaryimage\",\"url\":\"https:\/\/noticiasemdestaque.com\/cd\/wp-content\/uploads\/2018\/07\/IMG-20180730-WA0039.jpg\",\"contentUrl\":\"https:\/\/noticiasemdestaque.com\/cd\/wp-content\/uploads\/2018\/07\/IMG-20180730-WA0039.jpg\",\"width\":1024,\"height\":827},{\"@type\":\"BreadcrumbList\",\"@id\":\"https:\/\/noticiasemdestaque.com\/cd\/?p=11764#breadcrumb\",\"itemListElement\":[{\"@type\":\"ListItem\",\"position\":1,\"name\":\"In\u00edcio\",\"item\":\"https:\/\/noticiasemdestaque.com\/cd\/\"},{\"@type\":\"ListItem\",\"position\":2,\"name\":\"Veneziano assegura recursos para Sum\u00e9\"}]},{\"@type\":\"WebSite\",\"@id\":\"https:\/\/noticiasemdestaque.com\/cd\/#website\",\"url\":\"https:\/\/noticiasemdestaque.com\/cd\/\",\"name\":\"Not&iacute;cias em Destaque\",\"description\":\"\",\"publisher\":{\"@id\":\"https:\/\/noticiasemdestaque.com\/cd\/#organization\"},\"potentialAction\":[{\"@type\":\"SearchAction\",\"target\":{\"@type\":\"EntryPoint\",\"urlTemplate\":\"https:\/\/noticiasemdestaque.com\/cd\/?s={search_term_string}\"},\"query-input\":{\"@type\":\"PropertyValueSpecification\",\"valueRequired\":true,\"valueName\":\"search_term_string\"}}],\"inLanguage\":\"pt-BR\"},{\"@type\":\"Organization\",\"@id\":\"https:\/\/noticiasemdestaque.com\/cd\/#organization\",\"name\":\"Not\u00edcias em Destaque\",\"url\":\"https:\/\/noticiasemdestaque.com\/cd\/\",\"logo\":{\"@type\":\"ImageObject\",\"inLanguage\":\"pt-BR\",\"@id\":\"https:\/\/noticiasemdestaque.com\/cd\/#\/schema\/logo\/image\/\",\"url\":\"https:\/\/noticiasemdestaque.com\/cd\/wp-content\/uploads\/2022\/05\/imagem-base-noticiasemdestaque.png\",\"contentUrl\":\"https:\/\/noticiasemdestaque.com\/cd\/wp-content\/uploads\/2022\/05\/imagem-base-noticiasemdestaque.png\",\"width\":1200,\"height\":630,\"caption\":\"Not\u00edcias em Destaque\"},\"image\":{\"@id\":\"https:\/\/noticiasemdestaque.com\/cd\/#\/schema\/logo\/image\/\"}},{\"@type\":\"Person\",\"@id\":\"https:\/\/noticiasemdestaque.com\/cd\/#\/schema\/person\/21320b03a7e8bb90128938dafc9b908a\",\"name\":\"Not\u00edcias em Destaque\",\"url\":\"https:\/\/noticiasemdestaque.com\/cd\/?author=2\"}]}<\/script>\n<!-- \/ Yoast SEO plugin. -->","yoast_head_json":{"title":"Veneziano assegura recursos para Sum\u00e9 - Not&iacute;cias em Destaque","robots":{"index":"index","follow":"follow","max-snippet":"max-snippet:-1","max-image-preview":"max-image-preview:large","max-video-preview":"max-video-preview:-1"},"canonical":"https:\/\/noticiasemdestaque.com\/cd\/?p=11764","og_locale":"pt_BR","og_type":"article","og_title":"Veneziano assegura recursos para Sum\u00e9 - Not&iacute;cias em Destaque","og_description":"&nbsp; Em sua passagem pelo Cariri no \u00faltimo final de semana, o deputado federal e pr\u00e9-candidato ao senado, Veneziano Vital, confirmou a destina\u00e7\u00e3o de recursos para o Munic\u00edpio de Sum\u00e9 na ordem de mais de 700 mil reais. Inicialmente, atendendo solicita\u00e7\u00e3o do prefeito \u00c9den Duarte, Veneziano destinou atrav\u00e9s de emenda individual dele ao Or\u00e7amento Geral da Uni\u00e3o, recursos da ordem de 200 mil reais, a serem investidos na sa\u00fade do munic\u00edpio. O deputado conseguiu tamb\u00e9m mais de 500 mil reais para aplica\u00e7\u00e3o na renova\u00e7\u00e3o da rede de \u00e1gua do munic\u00edpio, que ser\u00e3o investidos na cidade via Cagepa. \u201cFirmamos parceria com os parlamentares desta forma: com o compromisso por parte deles de carrearem recursos, apresentarem proposituras em benef\u00edcio do Munic\u00edpio de Sum\u00e9\u201d, destacou o prefeito \u00c9den Duarte. \u201cDe grande valia os recursos alocados pelo deputado Veneziano Vital para Sum\u00e9! Destaco que nossas reivindica\u00e7\u00f5es para com o deputado n\u00e3o param por aqui. Outros pleitos ir\u00e3o surgir, os quais n\u00e3o ser\u00e3o reivindica\u00e7\u00f5es pessoas de \u00c9den Duarte, mas sim, reivindica\u00e7\u00f5es da coletividade, em prol de toda sociedade sumeense\u201d, ressaltou o prefeito \u00c9den Duarte. \u201cTenho certeza que esta parceria com o deputado Veneziano Vital s\u00f3 gerar\u00e1 bons frutos para o munic\u00edpio de Sum\u00e9. Afinal, temos compromisso com a coisa p\u00fablica! Aplicamos com zelo e responsabilidade os recursos que conseguimos atrav\u00e9s dos senhores parlamentares, fazendo quest\u00e3o de destacar as a\u00e7\u00f5es dos mesmos em benef\u00edcio da nossa cidade\u201d, finalizou o prefeito \u00c9den Duarte.","og_url":"https:\/\/noticiasemdestaque.com\/cd\/?p=11764","og_site_name":"Not&iacute;cias em Destaque","article_published_time":"2018-07-30T17:24:08+00:00","article_modified_time":"2018-07-30T19:10:25+00:00","og_image":[{"width":1024,"height":827,"url":"https:\/\/noticiasemdestaque.com\/cd\/wp-content\/uploads\/2018\/07\/IMG-20180730-WA0039.jpg","type":"image\/jpeg"}],"author":"Not\u00edcias em Destaque","twitter_card":"summary_large_image","twitter_misc":{"Escrito por":"Not\u00edcias em Destaque","Est. tempo de leitura":"1 minuto"},"schema":{"@context":"https:\/\/schema.org","@graph":[{"@type":"Article","@id":"https:\/\/noticiasemdestaque.com\/cd\/?p=11764#article","isPartOf":{"@id":"https:\/\/noticiasemdestaque.com\/cd\/?p=11764"},"author":{"name":"Not\u00edcias em Destaque","@id":"https:\/\/noticiasemdestaque.com\/cd\/#\/schema\/person\/21320b03a7e8bb90128938dafc9b908a"},"headline":"Veneziano assegura recursos para Sum\u00e9","datePublished":"2018-07-30T17:24:08+00:00","dateModified":"2018-07-30T19:10:25+00:00","mainEntityOfPage":{"@id":"https:\/\/noticiasemdestaque.com\/cd\/?p=11764"},"wordCount":267,"publisher":{"@id":"https:\/\/noticiasemdestaque.com\/cd\/#organization"},"image":{"@id":"https:\/\/noticiasemdestaque.com\/cd\/?p=11764#primaryimage"},"thumbnailUrl":"https:\/\/noticiasemdestaque.com\/cd\/wp-content\/uploads\/2018\/07\/IMG-20180730-WA0039.jpg","articleSection":["Pol\u00edtica"],"inLanguage":"pt-BR"},{"@type":"WebPage","@id":"https:\/\/noticiasemdestaque.com\/cd\/?p=11764","url":"https:\/\/noticiasemdestaque.com\/cd\/?p=11764","name":"Veneziano assegura recursos para Sum\u00e9 - Not&iacute;cias em Destaque","isPartOf":{"@id":"https:\/\/noticiasemdestaque.com\/cd\/#website"},"primaryImageOfPage":{"@id":"https:\/\/noticiasemdestaque.com\/cd\/?p=11764#primaryimage"},"image":{"@id":"https:\/\/noticiasemdestaque.com\/cd\/?p=11764#primaryimage"},"thumbnailUrl":"https:\/\/noticiasemdestaque.com\/cd\/wp-content\/uploads\/2018\/07\/IMG-20180730-WA0039.jpg","datePublished":"2018-07-30T17:24:08+00:00","dateModified":"2018-07-30T19:10:25+00:00","breadcrumb":{"@id":"https:\/\/noticiasemdestaque.com\/cd\/?p=11764#breadcrumb"},"inLanguage":"pt-BR","potentialAction":[{"@type":"ReadAction","target":["https:\/\/noticiasemdestaque.com\/cd\/?p=11764"]}]},{"@type":"ImageObject","inLanguage":"pt-BR","@id":"https:\/\/noticiasemdestaque.com\/cd\/?p=11764#primaryimage","url":"https:\/\/noticiasemdestaque.com\/cd\/wp-content\/uploads\/2018\/07\/IMG-20180730-WA0039.jpg","contentUrl":"https:\/\/noticiasemdestaque.com\/cd\/wp-content\/uploads\/2018\/07\/IMG-20180730-WA0039.jpg","width":1024,"height":827},{"@type":"BreadcrumbList","@id":"https:\/\/noticiasemdestaque.com\/cd\/?p=11764#breadcrumb","itemListElement":[{"@type":"ListItem","position":1,"name":"In\u00edcio","item":"https:\/\/noticiasemdestaque.com\/cd\/"},{"@type":"ListItem","position":2,"name":"Veneziano assegura recursos para Sum\u00e9"}]},{"@type":"WebSite","@id":"https:\/\/noticiasemdestaque.com\/cd\/#website","url":"https:\/\/noticiasemdestaque.com\/cd\/","name":"Not&iacute;cias em Destaque","description":"","publisher":{"@id":"https:\/\/noticiasemdestaque.com\/cd\/#organization"},"potentialAction":[{"@type":"SearchAction","target":{"@type":"EntryPoint","urlTemplate":"https:\/\/noticiasemdestaque.com\/cd\/?s={search_term_string}"},"query-input":{"@type":"PropertyValueSpecification","valueRequired":true,"valueName":"search_term_string"}}],"inLanguage":"pt-BR"},{"@type":"Organization","@id":"https:\/\/noticiasemdestaque.com\/cd\/#organization","name":"Not\u00edcias em Destaque","url":"https:\/\/noticiasemdestaque.com\/cd\/","logo":{"@type":"ImageObject","inLanguage":"pt-BR","@id":"https:\/\/noticiasemdestaque.com\/cd\/#\/schema\/logo\/image\/","url":"https:\/\/noticiasemdestaque.com\/cd\/wp-content\/uploads\/2022\/05\/imagem-base-noticiasemdestaque.png","contentUrl":"https:\/\/noticiasemdestaque.com\/cd\/wp-content\/uploads\/2022\/05\/imagem-base-noticiasemdestaque.png","width":1200,"height":630,"caption":"Not\u00edcias em Destaque"},"image":{"@id":"https:\/\/noticiasemdestaque.com\/cd\/#\/schema\/logo\/image\/"}},{"@type":"Person","@id":"https:\/\/noticiasemdestaque.com\/cd\/#\/schema\/person\/21320b03a7e8bb90128938dafc9b908a","name":"Not\u00edcias em Destaque","url":"https:\/\/noticiasemdestaque.com\/cd\/?author=2"}]}},"jetpack_featured_media_url":"https:\/\/noticiasemdestaque.com\/cd\/wp-content\/uploads\/2018\/07\/IMG-20180730-WA0039.jpg","jetpack_sharing_enabled":true,"_links":{"self":[{"href":"https:\/\/noticiasemdestaque.com\/cd\/index.php?rest_route=\/wp\/v2\/posts\/11764","targetHints":{"allow":["GET"]}}],"collection":[{"href":"https:\/\/noticiasemdestaque.com\/cd\/index.php?rest_route=\/wp\/v2\/posts"}],"about":[{"href":"https:\/\/noticiasemdestaque.com\/cd\/index.php?rest_route=\/wp\/v2\/types\/post"}],"author":[{"embeddable":true,"href":"https:\/\/noticiasemdestaque.com\/cd\/index.php?rest_route=\/wp\/v2\/users\/2"}],"replies":[{"embeddable":true,"href":"https:\/\/noticiasemdestaque.com\/cd\/index.php?rest_route=%2Fwp%2Fv2%2Fcomments&post=11764"}],"version-history":[{"count":3,"href":"https:\/\/noticiasemdestaque.com\/cd\/index.php?rest_route=\/wp\/v2\/posts\/11764\/revisions"}],"predecessor-version":[{"id":11771,"href":"https:\/\/noticiasemdestaque.com\/cd\/index.php?rest_route=\/wp\/v2\/posts\/11764\/revisions\/11771"}],"wp:featuredmedia":[{"embeddable":true,"href":"https:\/\/noticiasemdestaque.com\/cd\/index.php?rest_route=\/wp\/v2\/media\/11769"}],"wp:attachment":[{"href":"https:\/\/noticiasemdestaque.com\/cd\/index.php?rest_route=%2Fwp%2Fv2%2Fmedia&parent=11764"}],"wp:term":[{"taxonomy":"category","embeddable":true,"href":"https:\/\/noticiasemdestaque.com\/cd\/index.php?rest_route=%2Fwp%2Fv2%2Fcategories&post=11764"},{"taxonomy":"post_tag","embeddable":true,"href":"https:\/\/noticiasemdestaque.com\/cd\/index.php?rest_route=%2Fwp%2Fv2%2Ftags&post=11764"}],"curies":[{"name":"wp","href":"https:\/\/api.w.org\/{rel}","templated":true}]}}