{"id":11761,"date":"2018-07-30T12:28:17","date_gmt":"2018-07-30T15:28:17","guid":{"rendered":"http:\/\/caririemdestaque.com\/cd\/?p=11761"},"modified":"2018-07-30T12:28:17","modified_gmt":"2018-07-30T15:28:17","slug":"programa-tempo-de-trabalho-estreia-e-tem-audiencia-recorde-em-monteiro","status":"publish","type":"post","link":"https:\/\/noticiasemdestaque.com\/cd\/?p=11761","title":{"rendered":"Programa \u201cTempo de Trabalho\u201d estreia e tem audi\u00eancia recorde em Monteiro"},"content":{"rendered":"<p><a href=\"http:\/\/caririemdestaque.com\/cd\/wp-content\/uploads\/2018\/07\/tempo-de-trabalho.jpg\"><img fetchpriority=\"high\" decoding=\"async\" class=\"alignnone size-full wp-image-11762\" src=\"http:\/\/caririemdestaque.com\/cd\/wp-content\/uploads\/2018\/07\/tempo-de-trabalho.jpg\" alt=\"\" width=\"881\" height=\"587\" srcset=\"https:\/\/noticiasemdestaque.com\/cd\/wp-content\/uploads\/2018\/07\/tempo-de-trabalho.jpg 881w, https:\/\/noticiasemdestaque.com\/cd\/wp-content\/uploads\/2018\/07\/tempo-de-trabalho-300x200.jpg 300w, https:\/\/noticiasemdestaque.com\/cd\/wp-content\/uploads\/2018\/07\/tempo-de-trabalho-768x512.jpg 768w, https:\/\/noticiasemdestaque.com\/cd\/wp-content\/uploads\/2018\/07\/tempo-de-trabalho-480x320.jpg 480w\" sizes=\"(max-width: 881px) 100vw, 881px\" \/><\/a><\/p>\n<p>O programa institucional da Prefeitura de Monteiro pela Monteiro FM (97,5), \u201cTempo de Trabalho\u201d, estreou nesta sexta-feira, 27, e atraiu a aten\u00e7\u00e3o de milhares de ouvintes, que puderam interagir durante a apresenta\u00e7\u00e3o.<\/p>\n<p>O programa semanal Tempo de Trabalho vai ao ar todas as sextas-feiras, das 13 \u00e0s\u00a0 14 horas, oportunidade que o munic\u00edpio,\u00a0 atrav\u00e9s da Secretaria de Comunica\u00e7\u00e3o apresentar\u00e1 todas as a\u00e7\u00f5es realizadas ao longo da semana e apresentar\u00e1 a programa\u00e7\u00e3o dos dias seguintes.<\/p>\n<p>Na estreia do programa, apresentado pelo radialista Edglay Bezerra, a prefeita Anna Lorena fez um balan\u00e7o da gest\u00e3o nestes primeiros 19 meses e mostrou os avan\u00e7os que o munic\u00edpio obteve nas mais diversas \u00e1reas,\u00a0 principalmente na sa\u00fade, educa\u00e7\u00e3o, esportes, agricultura, cultura e infraestrutura.<\/p>\n<p>\u201cNestes primeiros meses de gest\u00e3o entregamos unidades de sa\u00fade e escolas na \u00e1rea urbana e rural do munic\u00edpio, cal\u00e7amos dezenas de ruas, ampliamos os eventos do munic\u00edpio, a exemplo do S\u00e3o Jo\u00e3o,\u00a0 estamos patrolando mais de 100 estradas na zona rural, al\u00e9m de muitas outras a\u00e7\u00f5es que beneficiam diretamente a popula\u00e7\u00e3o\u201d, disse Anna Lorena.<\/p>\n<p>Durante o programa v\u00e1rios ouvintes puderam participar pelas redes sociais e telefone, parabenizando a prefeita pela gest\u00e3o e apresentando sugest\u00f5es que possam contribuir pela melhoria da administra\u00e7\u00e3o.<\/p>\n<p>A prefeita Anna Lorena fez quest\u00e3o de renovar o seu compromisso de manter o di\u00e1logo com a popula\u00e7\u00e3o, ouvindo sugest\u00f5es e cr\u00edticas construtivas que possam fazer de Monteiro uma cidade cada vez melhor.<\/p>\n<p>Ao final do programa a prefeita Anna Lorena falou sobre as cr\u00edticas que vem recebendo do grupo liderado pelo seu ex-aliado, o deputado estadual Jo\u00e3o Henrique e disse que tentou por diversas\u00a0 vezes evitar o rompimento pol\u00edtico,\u00a0 mas, n\u00e3o encontrou receptividade nem da parte dele nem da ex-prefeita Edna Henrique.<\/p>\n<p>\u201cBusquei de todas as formas evitar esta divis\u00e3o do grupo, mas, n\u00e3o obtive \u00eaxito. Vamos pra frente, fui eleita pelo povo de Monteiro e n\u00e3o por uma fam\u00edlia,\u00a0 sou prefeita para cuidar de Monteiro e n\u00e3o de um projeto familiar\u201d finalizou Anna Lorena.<\/p>\n<p><em><strong>Cariri em Destaque<\/strong><\/em><\/p>\n<p>Com Ascom<\/p>\n","protected":false},"excerpt":{"rendered":"<p>O programa institucional da Prefeitura de Monteiro pela Monteiro FM (97,5), \u201cTempo de Trabalho\u201d, estreou nesta sexta-feira, 27, e atraiu a aten\u00e7\u00e3o de milhares de ouvintes, que puderam interagir durante a apresenta\u00e7\u00e3o. O programa semanal Tempo de Trabalho vai ao ar todas as sextas-feiras, das 13 \u00e0s\u00a0 14 horas, oportunidade que o munic\u00edpio,\u00a0 atrav\u00e9s da Secretaria de Comunica\u00e7\u00e3o apresentar\u00e1 todas as a\u00e7\u00f5es realizadas ao longo da semana e apresentar\u00e1 a programa\u00e7\u00e3o dos dias seguintes. Na estreia do programa, apresentado pelo radialista Edglay Bezerra, a prefeita Anna Lorena fez um balan\u00e7o da gest\u00e3o nestes primeiros 19 meses e mostrou os avan\u00e7os que o munic\u00edpio obteve nas mais diversas \u00e1reas,\u00a0 principalmente na sa\u00fade, educa\u00e7\u00e3o, esportes, agricultura, cultura e infraestrutura. \u201cNestes primeiros meses de gest\u00e3o entregamos unidades de sa\u00fade e escolas na \u00e1rea urbana e rural do munic\u00edpio, cal\u00e7amos dezenas de ruas, ampliamos os eventos do munic\u00edpio, a exemplo do S\u00e3o Jo\u00e3o,\u00a0 estamos patrolando mais de 100 estradas na zona rural, al\u00e9m de muitas outras a\u00e7\u00f5es que beneficiam diretamente a popula\u00e7\u00e3o\u201d, disse Anna Lorena. Durante o programa v\u00e1rios ouvintes puderam participar pelas redes sociais e telefone, parabenizando a prefeita pela gest\u00e3o e apresentando sugest\u00f5es que possam contribuir pela melhoria da administra\u00e7\u00e3o. A prefeita Anna Lorena fez quest\u00e3o de renovar o seu compromisso de manter o di\u00e1logo com a popula\u00e7\u00e3o, ouvindo sugest\u00f5es e cr\u00edticas construtivas que possam fazer de Monteiro uma cidade cada vez melhor. Ao final do programa a prefeita Anna Lorena falou sobre as cr\u00edticas que vem recebendo do grupo liderado pelo seu ex-aliado, o deputado estadual Jo\u00e3o Henrique e disse que tentou por diversas\u00a0 vezes evitar o rompimento pol\u00edtico,\u00a0 mas, n\u00e3o encontrou receptividade nem da parte dele nem da ex-prefeita Edna Henrique. \u201cBusquei de todas as formas evitar esta divis\u00e3o do grupo, mas, n\u00e3o obtive \u00eaxito. Vamos pra frente, fui eleita pelo povo de Monteiro e n\u00e3o por uma fam\u00edlia,\u00a0 sou prefeita para cuidar de Monteiro e n\u00e3o de um projeto familiar\u201d finalizou Anna Lorena. Cariri em Destaque Com Ascom<\/p>\n","protected":false},"author":2,"featured_media":11762,"comment_status":"closed","ping_status":"open","sticky":false,"template":"","format":"standard","meta":{"_eb_attr":"","_jetpack_memberships_contains_paid_content":false,"footnotes":""},"categories":[3],"tags":[],"class_list":["post-11761","post","type-post","status-publish","format-standard","has-post-thumbnail","hentry","category-cidades"],"yoast_head":"<!-- This site is optimized with the Yoast SEO plugin v26.5 - https:\/\/yoast.com\/wordpress\/plugins\/seo\/ -->\n<title>Programa \u201cTempo de Trabalho\u201d estreia e tem audi\u00eancia recorde em Monteiro - Not&iacute;cias em Destaque<\/title>\n<meta name=\"robots\" content=\"index, follow, max-snippet:-1, max-image-preview:large, max-video-preview:-1\" \/>\n<link rel=\"canonical\" href=\"https:\/\/noticiasemdestaque.com\/cd\/?p=11761\" \/>\n<meta property=\"og:locale\" content=\"pt_BR\" \/>\n<meta property=\"og:type\" content=\"article\" \/>\n<meta property=\"og:title\" content=\"Programa \u201cTempo de Trabalho\u201d estreia e tem audi\u00eancia recorde em Monteiro - Not&iacute;cias em Destaque\" \/>\n<meta property=\"og:description\" content=\"O programa institucional da Prefeitura de Monteiro pela Monteiro FM (97,5), \u201cTempo de Trabalho\u201d, estreou nesta sexta-feira, 27, e atraiu a aten\u00e7\u00e3o de milhares de ouvintes, que puderam interagir durante a apresenta\u00e7\u00e3o. O programa semanal Tempo de Trabalho vai ao ar todas as sextas-feiras, das 13 \u00e0s\u00a0 14 horas, oportunidade que o munic\u00edpio,\u00a0 atrav\u00e9s da Secretaria de Comunica\u00e7\u00e3o apresentar\u00e1 todas as a\u00e7\u00f5es realizadas ao longo da semana e apresentar\u00e1 a programa\u00e7\u00e3o dos dias seguintes. Na estreia do programa, apresentado pelo radialista Edglay Bezerra, a prefeita Anna Lorena fez um balan\u00e7o da gest\u00e3o nestes primeiros 19 meses e mostrou os avan\u00e7os que o munic\u00edpio obteve nas mais diversas \u00e1reas,\u00a0 principalmente na sa\u00fade, educa\u00e7\u00e3o, esportes, agricultura, cultura e infraestrutura. \u201cNestes primeiros meses de gest\u00e3o entregamos unidades de sa\u00fade e escolas na \u00e1rea urbana e rural do munic\u00edpio, cal\u00e7amos dezenas de ruas, ampliamos os eventos do munic\u00edpio, a exemplo do S\u00e3o Jo\u00e3o,\u00a0 estamos patrolando mais de 100 estradas na zona rural, al\u00e9m de muitas outras a\u00e7\u00f5es que beneficiam diretamente a popula\u00e7\u00e3o\u201d, disse Anna Lorena. Durante o programa v\u00e1rios ouvintes puderam participar pelas redes sociais e telefone, parabenizando a prefeita pela gest\u00e3o e apresentando sugest\u00f5es que possam contribuir pela melhoria da administra\u00e7\u00e3o. A prefeita Anna Lorena fez quest\u00e3o de renovar o seu compromisso de manter o di\u00e1logo com a popula\u00e7\u00e3o, ouvindo sugest\u00f5es e cr\u00edticas construtivas que possam fazer de Monteiro uma cidade cada vez melhor. Ao final do programa a prefeita Anna Lorena falou sobre as cr\u00edticas que vem recebendo do grupo liderado pelo seu ex-aliado, o deputado estadual Jo\u00e3o Henrique e disse que tentou por diversas\u00a0 vezes evitar o rompimento pol\u00edtico,\u00a0 mas, n\u00e3o encontrou receptividade nem da parte dele nem da ex-prefeita Edna Henrique. \u201cBusquei de todas as formas evitar esta divis\u00e3o do grupo, mas, n\u00e3o obtive \u00eaxito. Vamos pra frente, fui eleita pelo povo de Monteiro e n\u00e3o por uma fam\u00edlia,\u00a0 sou prefeita para cuidar de Monteiro e n\u00e3o de um projeto familiar\u201d finalizou Anna Lorena. Cariri em Destaque Com Ascom\" \/>\n<meta property=\"og:url\" content=\"https:\/\/noticiasemdestaque.com\/cd\/?p=11761\" \/>\n<meta property=\"og:site_name\" content=\"Not&iacute;cias em Destaque\" \/>\n<meta property=\"article:published_time\" content=\"2018-07-30T15:28:17+00:00\" \/>\n<meta property=\"og:image\" content=\"https:\/\/noticiasemdestaque.com\/cd\/wp-content\/uploads\/2018\/07\/tempo-de-trabalho.jpg\" \/>\n\t<meta property=\"og:image:width\" content=\"881\" \/>\n\t<meta property=\"og:image:height\" content=\"587\" \/>\n\t<meta property=\"og:image:type\" content=\"image\/jpeg\" \/>\n<meta name=\"author\" content=\"Not\u00edcias em Destaque\" \/>\n<meta name=\"twitter:card\" content=\"summary_large_image\" \/>\n<meta name=\"twitter:label1\" content=\"Escrito por\" \/>\n\t<meta name=\"twitter:data1\" content=\"Not\u00edcias em Destaque\" \/>\n\t<meta name=\"twitter:label2\" content=\"Est. tempo de leitura\" \/>\n\t<meta name=\"twitter:data2\" content=\"2 minutos\" \/>\n<script type=\"application\/ld+json\" class=\"yoast-schema-graph\">{\"@context\":\"https:\/\/schema.org\",\"@graph\":[{\"@type\":\"Article\",\"@id\":\"https:\/\/noticiasemdestaque.com\/cd\/?p=11761#article\",\"isPartOf\":{\"@id\":\"https:\/\/noticiasemdestaque.com\/cd\/?p=11761\"},\"author\":{\"name\":\"Not\u00edcias em Destaque\",\"@id\":\"https:\/\/noticiasemdestaque.com\/cd\/#\/schema\/person\/21320b03a7e8bb90128938dafc9b908a\"},\"headline\":\"Programa \u201cTempo de Trabalho\u201d estreia e tem audi\u00eancia recorde em Monteiro\",\"datePublished\":\"2018-07-30T15:28:17+00:00\",\"mainEntityOfPage\":{\"@id\":\"https:\/\/noticiasemdestaque.com\/cd\/?p=11761\"},\"wordCount\":376,\"publisher\":{\"@id\":\"https:\/\/noticiasemdestaque.com\/cd\/#organization\"},\"image\":{\"@id\":\"https:\/\/noticiasemdestaque.com\/cd\/?p=11761#primaryimage\"},\"thumbnailUrl\":\"https:\/\/noticiasemdestaque.com\/cd\/wp-content\/uploads\/2018\/07\/tempo-de-trabalho.jpg\",\"articleSection\":[\"Cidades\"],\"inLanguage\":\"pt-BR\"},{\"@type\":\"WebPage\",\"@id\":\"https:\/\/noticiasemdestaque.com\/cd\/?p=11761\",\"url\":\"https:\/\/noticiasemdestaque.com\/cd\/?p=11761\",\"name\":\"Programa \u201cTempo de Trabalho\u201d estreia e tem audi\u00eancia recorde em Monteiro - Not&iacute;cias em Destaque\",\"isPartOf\":{\"@id\":\"https:\/\/noticiasemdestaque.com\/cd\/#website\"},\"primaryImageOfPage\":{\"@id\":\"https:\/\/noticiasemdestaque.com\/cd\/?p=11761#primaryimage\"},\"image\":{\"@id\":\"https:\/\/noticiasemdestaque.com\/cd\/?p=11761#primaryimage\"},\"thumbnailUrl\":\"https:\/\/noticiasemdestaque.com\/cd\/wp-content\/uploads\/2018\/07\/tempo-de-trabalho.jpg\",\"datePublished\":\"2018-07-30T15:28:17+00:00\",\"breadcrumb\":{\"@id\":\"https:\/\/noticiasemdestaque.com\/cd\/?p=11761#breadcrumb\"},\"inLanguage\":\"pt-BR\",\"potentialAction\":[{\"@type\":\"ReadAction\",\"target\":[\"https:\/\/noticiasemdestaque.com\/cd\/?p=11761\"]}]},{\"@type\":\"ImageObject\",\"inLanguage\":\"pt-BR\",\"@id\":\"https:\/\/noticiasemdestaque.com\/cd\/?p=11761#primaryimage\",\"url\":\"https:\/\/noticiasemdestaque.com\/cd\/wp-content\/uploads\/2018\/07\/tempo-de-trabalho.jpg\",\"contentUrl\":\"https:\/\/noticiasemdestaque.com\/cd\/wp-content\/uploads\/2018\/07\/tempo-de-trabalho.jpg\",\"width\":881,\"height\":587},{\"@type\":\"BreadcrumbList\",\"@id\":\"https:\/\/noticiasemdestaque.com\/cd\/?p=11761#breadcrumb\",\"itemListElement\":[{\"@type\":\"ListItem\",\"position\":1,\"name\":\"In\u00edcio\",\"item\":\"https:\/\/noticiasemdestaque.com\/cd\/\"},{\"@type\":\"ListItem\",\"position\":2,\"name\":\"Programa \u201cTempo de Trabalho\u201d estreia e tem audi\u00eancia recorde em Monteiro\"}]},{\"@type\":\"WebSite\",\"@id\":\"https:\/\/noticiasemdestaque.com\/cd\/#website\",\"url\":\"https:\/\/noticiasemdestaque.com\/cd\/\",\"name\":\"Not&iacute;cias em Destaque\",\"description\":\"\",\"publisher\":{\"@id\":\"https:\/\/noticiasemdestaque.com\/cd\/#organization\"},\"potentialAction\":[{\"@type\":\"SearchAction\",\"target\":{\"@type\":\"EntryPoint\",\"urlTemplate\":\"https:\/\/noticiasemdestaque.com\/cd\/?s={search_term_string}\"},\"query-input\":{\"@type\":\"PropertyValueSpecification\",\"valueRequired\":true,\"valueName\":\"search_term_string\"}}],\"inLanguage\":\"pt-BR\"},{\"@type\":\"Organization\",\"@id\":\"https:\/\/noticiasemdestaque.com\/cd\/#organization\",\"name\":\"Not\u00edcias em Destaque\",\"url\":\"https:\/\/noticiasemdestaque.com\/cd\/\",\"logo\":{\"@type\":\"ImageObject\",\"inLanguage\":\"pt-BR\",\"@id\":\"https:\/\/noticiasemdestaque.com\/cd\/#\/schema\/logo\/image\/\",\"url\":\"https:\/\/noticiasemdestaque.com\/cd\/wp-content\/uploads\/2022\/05\/imagem-base-noticiasemdestaque.png\",\"contentUrl\":\"https:\/\/noticiasemdestaque.com\/cd\/wp-content\/uploads\/2022\/05\/imagem-base-noticiasemdestaque.png\",\"width\":1200,\"height\":630,\"caption\":\"Not\u00edcias em Destaque\"},\"image\":{\"@id\":\"https:\/\/noticiasemdestaque.com\/cd\/#\/schema\/logo\/image\/\"}},{\"@type\":\"Person\",\"@id\":\"https:\/\/noticiasemdestaque.com\/cd\/#\/schema\/person\/21320b03a7e8bb90128938dafc9b908a\",\"name\":\"Not\u00edcias em Destaque\",\"url\":\"https:\/\/noticiasemdestaque.com\/cd\/?author=2\"}]}<\/script>\n<!-- \/ Yoast SEO plugin. -->","yoast_head_json":{"title":"Programa \u201cTempo de Trabalho\u201d estreia e tem audi\u00eancia recorde em Monteiro - Not&iacute;cias em Destaque","robots":{"index":"index","follow":"follow","max-snippet":"max-snippet:-1","max-image-preview":"max-image-preview:large","max-video-preview":"max-video-preview:-1"},"canonical":"https:\/\/noticiasemdestaque.com\/cd\/?p=11761","og_locale":"pt_BR","og_type":"article","og_title":"Programa \u201cTempo de Trabalho\u201d estreia e tem audi\u00eancia recorde em Monteiro - Not&iacute;cias em Destaque","og_description":"O programa institucional da Prefeitura de Monteiro pela Monteiro FM (97,5), \u201cTempo de Trabalho\u201d, estreou nesta sexta-feira, 27, e atraiu a aten\u00e7\u00e3o de milhares de ouvintes, que puderam interagir durante a apresenta\u00e7\u00e3o. O programa semanal Tempo de Trabalho vai ao ar todas as sextas-feiras, das 13 \u00e0s\u00a0 14 horas, oportunidade que o munic\u00edpio,\u00a0 atrav\u00e9s da Secretaria de Comunica\u00e7\u00e3o apresentar\u00e1 todas as a\u00e7\u00f5es realizadas ao longo da semana e apresentar\u00e1 a programa\u00e7\u00e3o dos dias seguintes. Na estreia do programa, apresentado pelo radialista Edglay Bezerra, a prefeita Anna Lorena fez um balan\u00e7o da gest\u00e3o nestes primeiros 19 meses e mostrou os avan\u00e7os que o munic\u00edpio obteve nas mais diversas \u00e1reas,\u00a0 principalmente na sa\u00fade, educa\u00e7\u00e3o, esportes, agricultura, cultura e infraestrutura. \u201cNestes primeiros meses de gest\u00e3o entregamos unidades de sa\u00fade e escolas na \u00e1rea urbana e rural do munic\u00edpio, cal\u00e7amos dezenas de ruas, ampliamos os eventos do munic\u00edpio, a exemplo do S\u00e3o Jo\u00e3o,\u00a0 estamos patrolando mais de 100 estradas na zona rural, al\u00e9m de muitas outras a\u00e7\u00f5es que beneficiam diretamente a popula\u00e7\u00e3o\u201d, disse Anna Lorena. Durante o programa v\u00e1rios ouvintes puderam participar pelas redes sociais e telefone, parabenizando a prefeita pela gest\u00e3o e apresentando sugest\u00f5es que possam contribuir pela melhoria da administra\u00e7\u00e3o. A prefeita Anna Lorena fez quest\u00e3o de renovar o seu compromisso de manter o di\u00e1logo com a popula\u00e7\u00e3o, ouvindo sugest\u00f5es e cr\u00edticas construtivas que possam fazer de Monteiro uma cidade cada vez melhor. Ao final do programa a prefeita Anna Lorena falou sobre as cr\u00edticas que vem recebendo do grupo liderado pelo seu ex-aliado, o deputado estadual Jo\u00e3o Henrique e disse que tentou por diversas\u00a0 vezes evitar o rompimento pol\u00edtico,\u00a0 mas, n\u00e3o encontrou receptividade nem da parte dele nem da ex-prefeita Edna Henrique. \u201cBusquei de todas as formas evitar esta divis\u00e3o do grupo, mas, n\u00e3o obtive \u00eaxito. Vamos pra frente, fui eleita pelo povo de Monteiro e n\u00e3o por uma fam\u00edlia,\u00a0 sou prefeita para cuidar de Monteiro e n\u00e3o de um projeto familiar\u201d finalizou Anna Lorena. Cariri em Destaque Com Ascom","og_url":"https:\/\/noticiasemdestaque.com\/cd\/?p=11761","og_site_name":"Not&iacute;cias em Destaque","article_published_time":"2018-07-30T15:28:17+00:00","og_image":[{"width":881,"height":587,"url":"https:\/\/noticiasemdestaque.com\/cd\/wp-content\/uploads\/2018\/07\/tempo-de-trabalho.jpg","type":"image\/jpeg"}],"author":"Not\u00edcias em Destaque","twitter_card":"summary_large_image","twitter_misc":{"Escrito por":"Not\u00edcias em Destaque","Est. tempo de leitura":"2 minutos"},"schema":{"@context":"https:\/\/schema.org","@graph":[{"@type":"Article","@id":"https:\/\/noticiasemdestaque.com\/cd\/?p=11761#article","isPartOf":{"@id":"https:\/\/noticiasemdestaque.com\/cd\/?p=11761"},"author":{"name":"Not\u00edcias em Destaque","@id":"https:\/\/noticiasemdestaque.com\/cd\/#\/schema\/person\/21320b03a7e8bb90128938dafc9b908a"},"headline":"Programa \u201cTempo de Trabalho\u201d estreia e tem audi\u00eancia recorde em Monteiro","datePublished":"2018-07-30T15:28:17+00:00","mainEntityOfPage":{"@id":"https:\/\/noticiasemdestaque.com\/cd\/?p=11761"},"wordCount":376,"publisher":{"@id":"https:\/\/noticiasemdestaque.com\/cd\/#organization"},"image":{"@id":"https:\/\/noticiasemdestaque.com\/cd\/?p=11761#primaryimage"},"thumbnailUrl":"https:\/\/noticiasemdestaque.com\/cd\/wp-content\/uploads\/2018\/07\/tempo-de-trabalho.jpg","articleSection":["Cidades"],"inLanguage":"pt-BR"},{"@type":"WebPage","@id":"https:\/\/noticiasemdestaque.com\/cd\/?p=11761","url":"https:\/\/noticiasemdestaque.com\/cd\/?p=11761","name":"Programa \u201cTempo de Trabalho\u201d estreia e tem audi\u00eancia recorde em Monteiro - Not&iacute;cias em Destaque","isPartOf":{"@id":"https:\/\/noticiasemdestaque.com\/cd\/#website"},"primaryImageOfPage":{"@id":"https:\/\/noticiasemdestaque.com\/cd\/?p=11761#primaryimage"},"image":{"@id":"https:\/\/noticiasemdestaque.com\/cd\/?p=11761#primaryimage"},"thumbnailUrl":"https:\/\/noticiasemdestaque.com\/cd\/wp-content\/uploads\/2018\/07\/tempo-de-trabalho.jpg","datePublished":"2018-07-30T15:28:17+00:00","breadcrumb":{"@id":"https:\/\/noticiasemdestaque.com\/cd\/?p=11761#breadcrumb"},"inLanguage":"pt-BR","potentialAction":[{"@type":"ReadAction","target":["https:\/\/noticiasemdestaque.com\/cd\/?p=11761"]}]},{"@type":"ImageObject","inLanguage":"pt-BR","@id":"https:\/\/noticiasemdestaque.com\/cd\/?p=11761#primaryimage","url":"https:\/\/noticiasemdestaque.com\/cd\/wp-content\/uploads\/2018\/07\/tempo-de-trabalho.jpg","contentUrl":"https:\/\/noticiasemdestaque.com\/cd\/wp-content\/uploads\/2018\/07\/tempo-de-trabalho.jpg","width":881,"height":587},{"@type":"BreadcrumbList","@id":"https:\/\/noticiasemdestaque.com\/cd\/?p=11761#breadcrumb","itemListElement":[{"@type":"ListItem","position":1,"name":"In\u00edcio","item":"https:\/\/noticiasemdestaque.com\/cd\/"},{"@type":"ListItem","position":2,"name":"Programa \u201cTempo de Trabalho\u201d estreia e tem audi\u00eancia recorde em Monteiro"}]},{"@type":"WebSite","@id":"https:\/\/noticiasemdestaque.com\/cd\/#website","url":"https:\/\/noticiasemdestaque.com\/cd\/","name":"Not&iacute;cias em Destaque","description":"","publisher":{"@id":"https:\/\/noticiasemdestaque.com\/cd\/#organization"},"potentialAction":[{"@type":"SearchAction","target":{"@type":"EntryPoint","urlTemplate":"https:\/\/noticiasemdestaque.com\/cd\/?s={search_term_string}"},"query-input":{"@type":"PropertyValueSpecification","valueRequired":true,"valueName":"search_term_string"}}],"inLanguage":"pt-BR"},{"@type":"Organization","@id":"https:\/\/noticiasemdestaque.com\/cd\/#organization","name":"Not\u00edcias em Destaque","url":"https:\/\/noticiasemdestaque.com\/cd\/","logo":{"@type":"ImageObject","inLanguage":"pt-BR","@id":"https:\/\/noticiasemdestaque.com\/cd\/#\/schema\/logo\/image\/","url":"https:\/\/noticiasemdestaque.com\/cd\/wp-content\/uploads\/2022\/05\/imagem-base-noticiasemdestaque.png","contentUrl":"https:\/\/noticiasemdestaque.com\/cd\/wp-content\/uploads\/2022\/05\/imagem-base-noticiasemdestaque.png","width":1200,"height":630,"caption":"Not\u00edcias em Destaque"},"image":{"@id":"https:\/\/noticiasemdestaque.com\/cd\/#\/schema\/logo\/image\/"}},{"@type":"Person","@id":"https:\/\/noticiasemdestaque.com\/cd\/#\/schema\/person\/21320b03a7e8bb90128938dafc9b908a","name":"Not\u00edcias em Destaque","url":"https:\/\/noticiasemdestaque.com\/cd\/?author=2"}]}},"jetpack_featured_media_url":"https:\/\/noticiasemdestaque.com\/cd\/wp-content\/uploads\/2018\/07\/tempo-de-trabalho.jpg","jetpack_sharing_enabled":true,"_links":{"self":[{"href":"https:\/\/noticiasemdestaque.com\/cd\/index.php?rest_route=\/wp\/v2\/posts\/11761","targetHints":{"allow":["GET"]}}],"collection":[{"href":"https:\/\/noticiasemdestaque.com\/cd\/index.php?rest_route=\/wp\/v2\/posts"}],"about":[{"href":"https:\/\/noticiasemdestaque.com\/cd\/index.php?rest_route=\/wp\/v2\/types\/post"}],"author":[{"embeddable":true,"href":"https:\/\/noticiasemdestaque.com\/cd\/index.php?rest_route=\/wp\/v2\/users\/2"}],"replies":[{"embeddable":true,"href":"https:\/\/noticiasemdestaque.com\/cd\/index.php?rest_route=%2Fwp%2Fv2%2Fcomments&post=11761"}],"version-history":[{"count":1,"href":"https:\/\/noticiasemdestaque.com\/cd\/index.php?rest_route=\/wp\/v2\/posts\/11761\/revisions"}],"predecessor-version":[{"id":11763,"href":"https:\/\/noticiasemdestaque.com\/cd\/index.php?rest_route=\/wp\/v2\/posts\/11761\/revisions\/11763"}],"wp:featuredmedia":[{"embeddable":true,"href":"https:\/\/noticiasemdestaque.com\/cd\/index.php?rest_route=\/wp\/v2\/media\/11762"}],"wp:attachment":[{"href":"https:\/\/noticiasemdestaque.com\/cd\/index.php?rest_route=%2Fwp%2Fv2%2Fmedia&parent=11761"}],"wp:term":[{"taxonomy":"category","embeddable":true,"href":"https:\/\/noticiasemdestaque.com\/cd\/index.php?rest_route=%2Fwp%2Fv2%2Fcategories&post=11761"},{"taxonomy":"post_tag","embeddable":true,"href":"https:\/\/noticiasemdestaque.com\/cd\/index.php?rest_route=%2Fwp%2Fv2%2Ftags&post=11761"}],"curies":[{"name":"wp","href":"https:\/\/api.w.org\/{rel}","templated":true}]}}